{"id":159375,"date":"2022-01-03T12:21:33","date_gmt":"2022-01-03T15:21:33","guid":{"rendered":"https:\/\/experienciadevida.com.ar\/portalurbano\/?p=159375"},"modified":"2022-01-03T12:29:19","modified_gmt":"2022-01-03T15:29:19","slug":"arrancamos-el-ano-entregando-lotes-para-sonar-con-la-casa-propia","status":"publish","type":"post","link":"https:\/\/experienciadevida.com.ar\/portalurbano\/arrancamos-el-ano-entregando-lotes-para-sonar-con-la-casa-propia\/","title":{"rendered":"\u201cArrancamos el a\u00f1o entregando lotes para so\u00f1ar con la casa propia\u201d"},"content":{"rendered":"<p>\u201cArrancamos el a\u00f1o entregando lotes para so\u00f1ar con la casa propia\u201d, en la ma\u00f1ana de este lunes, el intendente Ezequiel <a href=\"https:\/\/www.facebook.com\/galliezequiel\">Galli<\/a> encabez\u00f3 la entrega de lotes para familias de la comunidad de Loma Negra, que comenzar\u00e1n a construir all\u00ed los cimientos de sus sue\u00f1os.<\/p>\n<p><a href=\"https:\/\/experienciadevida.com.ar\/portalurbano\/arrancamos-el-ano-entregando-lotes-para-sonar-con-la-casa-propia\/arrancamos-el\/\" rel=\"attachment wp-att-159379\"><img decoding=\"async\" class=\"alignnone size-large wp-image-159379\" src=\"https:\/\/experienciadevida.com.ar\/portalurbano\/wp-content\/uploads\/2022\/01\/Arrancamos-el-1024x683.jpg\" alt=\"Arrancamos el \" width=\"900\" height=\"600\" srcset=\"https:\/\/experienciadevida.com.ar\/portalurbano\/wp-content\/uploads\/2022\/01\/Arrancamos-el-1024x683.jpg 1024w, https:\/\/experienciadevida.com.ar\/portalurbano\/wp-content\/uploads\/2022\/01\/Arrancamos-el-300x200.jpg 300w, https:\/\/experienciadevida.com.ar\/portalurbano\/wp-content\/uploads\/2022\/01\/Arrancamos-el-768x512.jpg 768w, https:\/\/experienciadevida.com.ar\/portalurbano\/wp-content\/uploads\/2022\/01\/Arrancamos-el-1536x1024.jpg 1536w, https:\/\/experienciadevida.com.ar\/portalurbano\/wp-content\/uploads\/2022\/01\/Arrancamos-el-2048x1366.jpg 2048w\" sizes=\"(max-width: 900px) 100vw, 900px\" \/><\/a><\/p>\n<p>El acto tuvo lugar en la Plaza de la Eficiencia y el Trabajo y en la oportunidad estuvieron presentes \u2013adem\u00e1s- la presidenta del Honorable Concejo Deliberante Cecilia Krivochen, el subsecretario de Legal y T\u00e9cnica Marcelo Fabbi, la directora de Regularizaci\u00f3n Dominial y Casa de Tierras Mar\u00eda Jos\u00e9 Gonz\u00e1lez y el director de Delegaciones C\u00e9sar Bournot, junto a vecinos de la localidad.<\/p>\n<p>\u201cEstoy muy contento de arrancar el a\u00f1o entregando lotes para so\u00f1ar con la casa propia\u201d, afirm\u00f3 el intendente Galli.<\/p>\n<p>\u201cLes deseamos un gran a\u00f1o y que puedan empezar cuanto antes con la construcci\u00f3n del futuro hogar. Cuenten con nosotros para lo que necesiten. Hay un gran equipo para acompa\u00f1arlos en este proceso\u201d, manifest\u00f3.<\/p>\n<p>\u201cEstamos trabajando en este sentido en las localidades. Hemos hecho un gran trabajo de regularizaci\u00f3n para poder llegar a este momento, que es de enorme felicidad\u201d, concluy\u00f3.<\/p>\n<p>En esta entrega fueron beneficiados: Celeste Alejandra Citati, D\u00e9bora Mancini y Emmanuel Terezano, Andrea Fabiola Pedemonte y Ariel Grierson, Vanesa Soledad Tebes y Carlos Mart\u00ednez Cajal, Mar\u00eda Antonella Bustos y Mat\u00edas Stalldecker y Macarena Bernaola y Pablo Alejandro Britos.<\/p>\n<p>En dicha ocasi\u00f3n se hizo entrega de las actas de tenencia en tr\u00e1mite que les permite solicitar la conexi\u00f3n de los servicios. Cabe recordar que estas actas se firman cada seis meses, tras una inspecci\u00f3n que acredite el avance de obra.<\/p>\n<p>La entrega de lotes es posible gracias al Registro de Demanda Habitacional, que brinda un acceso equitativo, con par\u00e1metros objetivos y transparentes, que garantizan la igualdad de oportunidades<\/p>\n<p><a href=\"https:\/\/experienciadevida.com.ar\/portalurbano\/arrancamos-el-ano-entregando-lotes-para-sonar-con-la-casa-propia\/el-ano\/\" rel=\"attachment wp-att-159380\"><img decoding=\"async\" class=\"alignnone size-large wp-image-159380\" src=\"https:\/\/experienciadevida.com.ar\/portalurbano\/wp-content\/uploads\/2022\/01\/el-ano-1024x683.jpg\" alt=\"el a\u00f1o \" width=\"900\" height=\"600\" srcset=\"https:\/\/experienciadevida.com.ar\/portalurbano\/wp-content\/uploads\/2022\/01\/el-ano-1024x683.jpg 1024w, https:\/\/experienciadevida.com.ar\/portalurbano\/wp-content\/uploads\/2022\/01\/el-ano-300x200.jpg 300w, https:\/\/experienciadevida.com.ar\/portalurbano\/wp-content\/uploads\/2022\/01\/el-ano-768x512.jpg 768w, https:\/\/experienciadevida.com.ar\/portalurbano\/wp-content\/uploads\/2022\/01\/el-ano-1536x1024.jpg 1536w, https:\/\/experienciadevida.com.ar\/portalurbano\/wp-content\/uploads\/2022\/01\/el-ano-2048x1366.jpg 2048w\" sizes=\"(max-width: 900px) 100vw, 900px\" \/><\/a><\/p>\n","protected":false},"excerpt":{"rendered":"<p>\u201cArrancamos el a\u00f1o entregando lotes para so\u00f1ar con la casa propia\u201d, en la ma\u00f1ana de&#8230;<\/p>\n","protected":false},"author":1,"featured_media":159376,"comment_status":"closed","ping_status":"closed","sticky":false,"template":"","format":"standard","meta":{"content-type":""},"categories":[27,51],"tags":[],"nelio_content":{"isAutoShareEnabled":false,"autoShareEndMode":"default","automationSources":{"useContentSentences":true,"useSocialTemplates":true,"useCustomSentences":false,"customSentences":[]},"followers":[1],"suggestedReferences":[],"includedReferences":[],"efiUrl":"","efiAlt":"","highlights":[]},"yoast_head":"<!-- This site is optimized with the Yoast SEO plugin v20.7 - https:\/\/yoast.com\/wordpress\/plugins\/seo\/ -->\n<title>&quot;Arrancamos el a\u00f1o entregando lotes para so\u00f1ar con la casa propia&quot;<\/title>\n<meta name=\"description\" content=\"\u201cArrancamos el a\u00f1o entregando lotes para so\u00f1ar con la casa propia\u201d, Galli encabez\u00f3 la entrega de lotes para familias de Loma Negra\" \/>\n<meta name=\"robots\" content=\"index, follow, max-snippet:-1, max-image-preview:large, max-video-preview:-1\" \/>\n<link rel=\"canonical\" href=\"https:\/\/experienciadevida.com.ar\/portalurbano\/arrancamos-el-ano-entregando-lotes-para-sonar-con-la-casa-propia\/\" \/>\n<meta property=\"og:locale\" content=\"es_ES\" \/>\n<meta property=\"og:type\" content=\"article\" \/>\n<meta property=\"og:title\" content=\"&quot;Arrancamos el a\u00f1o entregando lotes para so\u00f1ar con la casa propia&quot;\" \/>\n<meta property=\"og:description\" content=\"\u201cArrancamos el a\u00f1o entregando lotes para so\u00f1ar con la casa propia\u201d, Galli encabez\u00f3 la entrega de lotes para familias de Loma Negra\" \/>\n<meta property=\"og:url\" content=\"https:\/\/experienciadevida.com.ar\/portalurbano\/arrancamos-el-ano-entregando-lotes-para-sonar-con-la-casa-propia\/\" \/>\n<meta property=\"article:publisher\" content=\"https:\/\/www.facebook.com\/Portal-Urbano-171542830093757\/\" \/>\n<meta property=\"article:published_time\" content=\"2022-01-03T15:21:33+00:00\" \/>\n<meta property=\"article:modified_time\" content=\"2022-01-03T15:29:19+00:00\" \/>\n<meta property=\"og:image\" content=\"https:\/\/experienciadevida.com.ar\/portalurbano\/wp-content\/uploads\/2022\/01\/Arrancamos-el-ano-entregando.jpg\" \/>\n\t<meta property=\"og:image:width\" content=\"2560\" \/>\n\t<meta property=\"og:image:height\" content=\"1707\" \/>\n\t<meta property=\"og:image:type\" content=\"image\/jpeg\" \/>\n<meta name=\"author\" content=\"admpu17wp\" \/>\n<meta name=\"twitter:card\" content=\"summary_large_image\" \/>\n<meta name=\"twitter:creator\" content=\"@portalurbanook\" \/>\n<meta name=\"twitter:site\" content=\"@portalurbanook\" \/>\n<meta name=\"twitter:label1\" content=\"Escrito por\" \/>\n\t<meta name=\"twitter:data1\" content=\"admpu17wp\" \/>\n\t<meta name=\"twitter:label2\" content=\"Tiempo de lectura\" \/>\n\t<meta name=\"twitter:data2\" content=\"2 minutos\" \/>\n<script type=\"application\/ld+json\" class=\"yoast-schema-graph\">{\"@context\":\"https:\/\/schema.org\",\"@graph\":[{\"@type\":\"Article\",\"@id\":\"https:\/\/experienciadevida.com.ar\/portalurbano\/arrancamos-el-ano-entregando-lotes-para-sonar-con-la-casa-propia\/#article\",\"isPartOf\":{\"@id\":\"https:\/\/experienciadevida.com.ar\/portalurbano\/arrancamos-el-ano-entregando-lotes-para-sonar-con-la-casa-propia\/\"},\"author\":{\"name\":\"admpu17wp\",\"@id\":\"https:\/\/experienciadevida.com.ar\/portalurbano\/#\/schema\/person\/02dd326b1c4b056e9cc972486934a3a7\"},\"headline\":\"\u201cArrancamos el a\u00f1o entregando lotes para so\u00f1ar con la casa propia\u201d\",\"datePublished\":\"2022-01-03T15:21:33+00:00\",\"dateModified\":\"2022-01-03T15:29:19+00:00\",\"mainEntityOfPage\":{\"@id\":\"https:\/\/experienciadevida.com.ar\/portalurbano\/arrancamos-el-ano-entregando-lotes-para-sonar-con-la-casa-propia\/\"},\"wordCount\":332,\"publisher\":{\"@id\":\"https:\/\/experienciadevida.com.ar\/portalurbano\/#organization\"},\"articleSection\":[\"Ciudad\",\"Destacadas\"],\"inLanguage\":\"es\"},{\"@type\":\"WebPage\",\"@id\":\"https:\/\/experienciadevida.com.ar\/portalurbano\/arrancamos-el-ano-entregando-lotes-para-sonar-con-la-casa-propia\/\",\"url\":\"https:\/\/experienciadevida.com.ar\/portalurbano\/arrancamos-el-ano-entregando-lotes-para-sonar-con-la-casa-propia\/\",\"name\":\"\\\"Arrancamos el a\u00f1o entregando lotes para so\u00f1ar con la casa propia\\\"\",\"isPartOf\":{\"@id\":\"https:\/\/experienciadevida.com.ar\/portalurbano\/#website\"},\"datePublished\":\"2022-01-03T15:21:33+00:00\",\"dateModified\":\"2022-01-03T15:29:19+00:00\",\"description\":\"\u201cArrancamos el a\u00f1o entregando lotes para so\u00f1ar con la casa propia\u201d, Galli encabez\u00f3 la entrega de lotes para familias de Loma Negra\",\"breadcrumb\":{\"@id\":\"https:\/\/experienciadevida.com.ar\/portalurbano\/arrancamos-el-ano-entregando-lotes-para-sonar-con-la-casa-propia\/#breadcrumb\"},\"inLanguage\":\"es\",\"potentialAction\":[{\"@type\":\"ReadAction\",\"target\":[\"https:\/\/experienciadevida.com.ar\/portalurbano\/arrancamos-el-ano-entregando-lotes-para-sonar-con-la-casa-propia\/\"]}]},{\"@type\":\"BreadcrumbList\",\"@id\":\"https:\/\/experienciadevida.com.ar\/portalurbano\/arrancamos-el-ano-entregando-lotes-para-sonar-con-la-casa-propia\/#breadcrumb\",\"itemListElement\":[{\"@type\":\"ListItem\",\"position\":1,\"name\":\"Portada\",\"item\":\"https:\/\/experienciadevida.com.ar\/portalurbano\/\"},{\"@type\":\"ListItem\",\"position\":2,\"name\":\"\u201cArrancamos el a\u00f1o entregando lotes para so\u00f1ar con la casa propia\u201d\"}]},{\"@type\":\"WebSite\",\"@id\":\"https:\/\/experienciadevida.com.ar\/portalurbano\/#website\",\"url\":\"https:\/\/experienciadevida.com.ar\/portalurbano\/\",\"name\":\"\",\"description\":\"\",\"publisher\":{\"@id\":\"https:\/\/experienciadevida.com.ar\/portalurbano\/#organization\"},\"potentialAction\":[{\"@type\":\"SearchAction\",\"target\":{\"@type\":\"EntryPoint\",\"urlTemplate\":\"https:\/\/experienciadevida.com.ar\/portalurbano\/?s={search_term_string}\"},\"query-input\":\"required name=search_term_string\"}],\"inLanguage\":\"es\"},{\"@type\":\"Organization\",\"@id\":\"https:\/\/experienciadevida.com.ar\/portalurbano\/#organization\",\"name\":\"Portal Urbano\",\"url\":\"https:\/\/experienciadevida.com.ar\/portalurbano\/\",\"logo\":{\"@type\":\"ImageObject\",\"inLanguage\":\"es\",\"@id\":\"https:\/\/experienciadevida.com.ar\/portalurbano\/#\/schema\/logo\/image\/\",\"url\":\"https:\/\/experienciadevida.com.ar\/portalurbano\/wp-content\/uploads\/2019\/09\/Logo-Original.png\",\"contentUrl\":\"https:\/\/experienciadevida.com.ar\/portalurbano\/wp-content\/uploads\/2019\/09\/Logo-Original.png\",\"width\":2236,\"height\":1216,\"caption\":\"Portal Urbano\"},\"image\":{\"@id\":\"https:\/\/experienciadevida.com.ar\/portalurbano\/#\/schema\/logo\/image\/\"},\"sameAs\":[\"https:\/\/www.facebook.com\/Portal-Urbano-171542830093757\/\",\"https:\/\/twitter.com\/portalurbanook\",\"https:\/\/www.instagram.com\/_portalurbano\/\",\"https:\/\/www.youtube.com\/channel\/UCXhagIfszH8KxFiOok79zbA?view_as=subscriber\"]},{\"@type\":\"Person\",\"@id\":\"https:\/\/experienciadevida.com.ar\/portalurbano\/#\/schema\/person\/02dd326b1c4b056e9cc972486934a3a7\",\"name\":\"admpu17wp\",\"image\":{\"@type\":\"ImageObject\",\"inLanguage\":\"es\",\"@id\":\"https:\/\/experienciadevida.com.ar\/portalurbano\/#\/schema\/person\/image\/\",\"url\":\"https:\/\/secure.gravatar.com\/avatar\/830d4c57adaae6630765e449a6908047?s=96&d=mm&r=g\",\"contentUrl\":\"https:\/\/secure.gravatar.com\/avatar\/830d4c57adaae6630765e449a6908047?s=96&d=mm&r=g\",\"caption\":\"admpu17wp\"}}]}<\/script>\n<!-- \/ Yoast SEO plugin. -->","yoast_head_json":{"title":"\"Arrancamos el a\u00f1o entregando lotes para so\u00f1ar con la casa propia\"","description":"\u201cArrancamos el a\u00f1o entregando lotes para so\u00f1ar con la casa propia\u201d, Galli encabez\u00f3 la entrega de lotes para familias de Loma Negra","robots":{"index":"index","follow":"follow","max-snippet":"max-snippet:-1","max-image-preview":"max-image-preview:large","max-video-preview":"max-video-preview:-1"},"canonical":"https:\/\/experienciadevida.com.ar\/portalurbano\/arrancamos-el-ano-entregando-lotes-para-sonar-con-la-casa-propia\/","og_locale":"es_ES","og_type":"article","og_title":"\"Arrancamos el a\u00f1o entregando lotes para so\u00f1ar con la casa propia\"","og_description":"\u201cArrancamos el a\u00f1o entregando lotes para so\u00f1ar con la casa propia\u201d, Galli encabez\u00f3 la entrega de lotes para familias de Loma Negra","og_url":"https:\/\/experienciadevida.com.ar\/portalurbano\/arrancamos-el-ano-entregando-lotes-para-sonar-con-la-casa-propia\/","article_publisher":"https:\/\/www.facebook.com\/Portal-Urbano-171542830093757\/","article_published_time":"2022-01-03T15:21:33+00:00","article_modified_time":"2022-01-03T15:29:19+00:00","og_image":[{"width":2560,"height":1707,"url":"https:\/\/experienciadevida.com.ar\/portalurbano\/wp-content\/uploads\/2022\/01\/Arrancamos-el-ano-entregando.jpg","type":"image\/jpeg"}],"author":"admpu17wp","twitter_card":"summary_large_image","twitter_creator":"@portalurbanook","twitter_site":"@portalurbanook","twitter_misc":{"Escrito por":"admpu17wp","Tiempo de lectura":"2 minutos"},"schema":{"@context":"https:\/\/schema.org","@graph":[{"@type":"Article","@id":"https:\/\/experienciadevida.com.ar\/portalurbano\/arrancamos-el-ano-entregando-lotes-para-sonar-con-la-casa-propia\/#article","isPartOf":{"@id":"https:\/\/experienciadevida.com.ar\/portalurbano\/arrancamos-el-ano-entregando-lotes-para-sonar-con-la-casa-propia\/"},"author":{"name":"admpu17wp","@id":"https:\/\/experienciadevida.com.ar\/portalurbano\/#\/schema\/person\/02dd326b1c4b056e9cc972486934a3a7"},"headline":"\u201cArrancamos el a\u00f1o entregando lotes para so\u00f1ar con la casa propia\u201d","datePublished":"2022-01-03T15:21:33+00:00","dateModified":"2022-01-03T15:29:19+00:00","mainEntityOfPage":{"@id":"https:\/\/experienciadevida.com.ar\/portalurbano\/arrancamos-el-ano-entregando-lotes-para-sonar-con-la-casa-propia\/"},"wordCount":332,"publisher":{"@id":"https:\/\/experienciadevida.com.ar\/portalurbano\/#organization"},"articleSection":["Ciudad","Destacadas"],"inLanguage":"es"},{"@type":"WebPage","@id":"https:\/\/experienciadevida.com.ar\/portalurbano\/arrancamos-el-ano-entregando-lotes-para-sonar-con-la-casa-propia\/","url":"https:\/\/experienciadevida.com.ar\/portalurbano\/arrancamos-el-ano-entregando-lotes-para-sonar-con-la-casa-propia\/","name":"\"Arrancamos el a\u00f1o entregando lotes para so\u00f1ar con la casa propia\"","isPartOf":{"@id":"https:\/\/experienciadevida.com.ar\/portalurbano\/#website"},"datePublished":"2022-01-03T15:21:33+00:00","dateModified":"2022-01-03T15:29:19+00:00","description":"\u201cArrancamos el a\u00f1o entregando lotes para so\u00f1ar con la casa propia\u201d, Galli encabez\u00f3 la entrega de lotes para familias de Loma Negra","breadcrumb":{"@id":"https:\/\/experienciadevida.com.ar\/portalurbano\/arrancamos-el-ano-entregando-lotes-para-sonar-con-la-casa-propia\/#breadcrumb"},"inLanguage":"es","potentialAction":[{"@type":"ReadAction","target":["https:\/\/experienciadevida.com.ar\/portalurbano\/arrancamos-el-ano-entregando-lotes-para-sonar-con-la-casa-propia\/"]}]},{"@type":"BreadcrumbList","@id":"https:\/\/experienciadevida.com.ar\/portalurbano\/arrancamos-el-ano-entregando-lotes-para-sonar-con-la-casa-propia\/#breadcrumb","itemListElement":[{"@type":"ListItem","position":1,"name":"Portada","item":"https:\/\/experienciadevida.com.ar\/portalurbano\/"},{"@type":"ListItem","position":2,"name":"\u201cArrancamos el a\u00f1o entregando lotes para so\u00f1ar con la casa propia\u201d"}]},{"@type":"WebSite","@id":"https:\/\/experienciadevida.com.ar\/portalurbano\/#website","url":"https:\/\/experienciadevida.com.ar\/portalurbano\/","name":"","description":"","publisher":{"@id":"https:\/\/experienciadevida.com.ar\/portalurbano\/#organization"},"potentialAction":[{"@type":"SearchAction","target":{"@type":"EntryPoint","urlTemplate":"https:\/\/experienciadevida.com.ar\/portalurbano\/?s={search_term_string}"},"query-input":"required name=search_term_string"}],"inLanguage":"es"},{"@type":"Organization","@id":"https:\/\/experienciadevida.com.ar\/portalurbano\/#organization","name":"Portal Urbano","url":"https:\/\/experienciadevida.com.ar\/portalurbano\/","logo":{"@type":"ImageObject","inLanguage":"es","@id":"https:\/\/experienciadevida.com.ar\/portalurbano\/#\/schema\/logo\/image\/","url":"https:\/\/experienciadevida.com.ar\/portalurbano\/wp-content\/uploads\/2019\/09\/Logo-Original.png","contentUrl":"https:\/\/experienciadevida.com.ar\/portalurbano\/wp-content\/uploads\/2019\/09\/Logo-Original.png","width":2236,"height":1216,"caption":"Portal Urbano"},"image":{"@id":"https:\/\/experienciadevida.com.ar\/portalurbano\/#\/schema\/logo\/image\/"},"sameAs":["https:\/\/www.facebook.com\/Portal-Urbano-171542830093757\/","https:\/\/twitter.com\/portalurbanook","https:\/\/www.instagram.com\/_portalurbano\/","https:\/\/www.youtube.com\/channel\/UCXhagIfszH8KxFiOok79zbA?view_as=subscriber"]},{"@type":"Person","@id":"https:\/\/experienciadevida.com.ar\/portalurbano\/#\/schema\/person\/02dd326b1c4b056e9cc972486934a3a7","name":"admpu17wp","image":{"@type":"ImageObject","inLanguage":"es","@id":"https:\/\/experienciadevida.com.ar\/portalurbano\/#\/schema\/person\/image\/","url":"https:\/\/secure.gravatar.com\/avatar\/830d4c57adaae6630765e449a6908047?s=96&d=mm&r=g","contentUrl":"https:\/\/secure.gravatar.com\/avatar\/830d4c57adaae6630765e449a6908047?s=96&d=mm&r=g","caption":"admpu17wp"}}]}},"featured_image_urls":{"full":["https:\/\/experienciadevida.com.ar\/portalurbano\/wp-content\/uploads\/2022\/01\/Arrancamos-el-ano-entregando.jpg",2560,1707,false],"thumbnail":["https:\/\/experienciadevida.com.ar\/portalurbano\/wp-content\/uploads\/2022\/01\/Arrancamos-el-ano-entregando-150x150.jpg",150,150,true],"medium":["https:\/\/experienciadevida.com.ar\/portalurbano\/wp-content\/uploads\/2022\/01\/Arrancamos-el-ano-entregando-300x200.jpg",300,200,true],"medium_large":["https:\/\/experienciadevida.com.ar\/portalurbano\/wp-content\/uploads\/2022\/01\/Arrancamos-el-ano-entregando-768x512.jpg",640,427,true],"large":["https:\/\/experienciadevida.com.ar\/portalurbano\/wp-content\/uploads\/2022\/01\/Arrancamos-el-ano-entregando-1024x683.jpg",640,427,true],"ug_big":["https:\/\/experienciadevida.com.ar\/portalurbano\/wp-content\/uploads\/2022\/01\/Arrancamos-el-ano-entregando-768x512.jpg",768,512,true],"1536x1536":["https:\/\/experienciadevida.com.ar\/portalurbano\/wp-content\/uploads\/2022\/01\/Arrancamos-el-ano-entregando-1536x1024.jpg",1536,1024,true],"2048x2048":["https:\/\/experienciadevida.com.ar\/portalurbano\/wp-content\/uploads\/2022\/01\/Arrancamos-el-ano-entregando-2048x1366.jpg",2048,1366,true],"newsever-slider-full":["https:\/\/experienciadevida.com.ar\/portalurbano\/wp-content\/uploads\/2022\/01\/Arrancamos-el-ano-entregando.jpg",1267,845,false],"newsever-featured":["https:\/\/experienciadevida.com.ar\/portalurbano\/wp-content\/uploads\/2022\/01\/Arrancamos-el-ano-entregando.jpg",1024,683,false],"newsever-medium":["https:\/\/experienciadevida.com.ar\/portalurbano\/wp-content\/uploads\/2022\/01\/Arrancamos-el-ano-entregando.jpg",712,475,false],"web-stories-poster-portrait":["https:\/\/experienciadevida.com.ar\/portalurbano\/wp-content\/uploads\/2022\/01\/Arrancamos-el-ano-entregando.jpg",640,427,false],"web-stories-publisher-logo":["https:\/\/experienciadevida.com.ar\/portalurbano\/wp-content\/uploads\/2022\/01\/Arrancamos-el-ano-entregando.jpg",96,64,false],"web-stories-thumbnail":["https:\/\/experienciadevida.com.ar\/portalurbano\/wp-content\/uploads\/2022\/01\/Arrancamos-el-ano-entregando.jpg",150,100,false]},"author_info":{"display_name":"admpu17wp","author_link":"https:\/\/experienciadevida.com.ar\/portalurbano\/author\/admpu17wp\/"},"category_info":"<a href=\"https:\/\/experienciadevida.com.ar\/portalurbano\/category\/ciudad\/\" rel=\"category tag\">Ciudad<\/a> <a href=\"https:\/\/experienciadevida.com.ar\/portalurbano\/category\/destacadas\/\" rel=\"category tag\">Destacadas<\/a>","tag_info":"Destacadas","comment_count":"0","amp_enabled":true,"_links":{"self":[{"href":"https:\/\/experienciadevida.com.ar\/portalurbano\/wp-json\/wp\/v2\/posts\/159375"}],"collection":[{"href":"https:\/\/experienciadevida.com.ar\/portalurbano\/wp-json\/wp\/v2\/posts"}],"about":[{"href":"https:\/\/experienciadevida.com.ar\/portalurbano\/wp-json\/wp\/v2\/types\/post"}],"author":[{"embeddable":true,"href":"https:\/\/experienciadevida.com.ar\/portalurbano\/wp-json\/wp\/v2\/users\/1"}],"replies":[{"embeddable":true,"href":"https:\/\/experienciadevida.com.ar\/portalurbano\/wp-json\/wp\/v2\/comments?post=159375"}],"version-history":[{"count":3,"href":"https:\/\/experienciadevida.com.ar\/portalurbano\/wp-json\/wp\/v2\/posts\/159375\/revisions"}],"predecessor-version":[{"id":159381,"href":"https:\/\/experienciadevida.com.ar\/portalurbano\/wp-json\/wp\/v2\/posts\/159375\/revisions\/159381"}],"wp:featuredmedia":[{"embeddable":true,"href":"https:\/\/experienciadevida.com.ar\/portalurbano\/wp-json\/wp\/v2\/media\/159376"}],"wp:attachment":[{"href":"https:\/\/experienciadevida.com.ar\/portalurbano\/wp-json\/wp\/v2\/media?parent=159375"}],"wp:term":[{"taxonomy":"category","embeddable":true,"href":"https:\/\/experienciadevida.com.ar\/portalurbano\/wp-json\/wp\/v2\/categories?post=159375"},{"taxonomy":"post_tag","embeddable":true,"href":"https:\/\/experienciadevida.com.ar\/portalurbano\/wp-json\/wp\/v2\/tags?post=159375"}],"curies":[{"name":"wp","href":"https:\/\/api.w.org\/{rel}","templated":true}]}}