{"id":159281,"date":"2021-12-31T10:23:21","date_gmt":"2021-12-31T13:23:21","guid":{"rendered":"https:\/\/experienciadevida.com.ar\/portalurbano\/?p=159281"},"modified":"2021-12-31T10:23:58","modified_gmt":"2021-12-31T13:23:58","slug":"se-realizaron-actividades-a-un-ano-de-la-aprobacion-de-la-ley-ive","status":"publish","type":"post","link":"https:\/\/experienciadevida.com.ar\/portalurbano\/se-realizaron-actividades-a-un-ano-de-la-aprobacion-de-la-ley-ive\/","title":{"rendered":"Se realizaron actividades a un a\u00f1o de la aprobaci\u00f3n de la ley IVE"},"content":{"rendered":"<p>Se realizaron actividades a un a\u00f1o de la aprobaci\u00f3n de la ley IVE, las actividades fueron en todo el pa\u00eds, en nuestra ciudad se desarrollaron durante todo el d\u00eda para culminar con un pa\u00f1uelazo en el Paseo Jes\u00fas Mend\u00eda a las 20hs.<\/p>\n<p><a href=\"https:\/\/experienciadevida.com.ar\/portalurbano\/se-realizaron-actividades-a-un-ano-de-la-aprobacion-de-la-ley-ive\/se-realizaron-6\/\" rel=\"attachment wp-att-159283\"><img decoding=\"async\" class=\"alignnone size-full wp-image-159283\" src=\"https:\/\/experienciadevida.com.ar\/portalurbano\/wp-content\/uploads\/2021\/12\/Se-realizaron-1.jpg\" alt=\"Se realizaron \" width=\"765\" height=\"510\" srcset=\"https:\/\/experienciadevida.com.ar\/portalurbano\/wp-content\/uploads\/2021\/12\/Se-realizaron-1.jpg 765w, https:\/\/experienciadevida.com.ar\/portalurbano\/wp-content\/uploads\/2021\/12\/Se-realizaron-1-300x200.jpg 300w\" sizes=\"(max-width: 765px) 100vw, 765px\" \/><\/a><\/p>\n<p>Se concentraron ayer en el Paseo Jes\u00fas Mend\u00eda a un a\u00f1o de cumplirse la aprobaci\u00f3n de la ley IVE, aborto legal, seguro y gratuito, insisten en la importancia de profundizar la campa\u00f1a de difusi\u00f3n y monitoreo.<\/p>\n<p>Por otro lado, el Gobierno Nacional inform\u00f3 que se hicieron 32.000 abortos seguros mediante el sistema de salud p\u00fablica en todo el pa\u00eds en los primeros 12 meses desde su sanci\u00f3n, pero las organizaciones que monitorean la situaci\u00f3n contin\u00faan insistiendo en la importancia de la difusi\u00f3n.<\/p>\n<p>La sanci\u00f3n de la ley legitim\u00f3 pr\u00e1cticas preexistentes y brinda contenci\u00f3n y seguridad a las mujeres y personas gestantes. La disponibilidad de insumos fue clave para garantizar el derecho y se espera que el pr\u00f3ximo a\u00f1o se puede avanzar en la incorporaci\u00f3n de otros f\u00e1rmacos.<\/p>\n<p><a href=\"https:\/\/experienciadevida.com.ar\/portalurbano\/se-realizaron-actividades-a-un-ano-de-la-aprobacion-de-la-ley-ive\/actividades\/\" rel=\"attachment wp-att-159284\"><img decoding=\"async\" class=\"alignnone size-full wp-image-159284\" src=\"https:\/\/experienciadevida.com.ar\/portalurbano\/wp-content\/uploads\/2021\/12\/actividades.jpg\" alt=\"actividades \" width=\"765\" height=\"510\" srcset=\"https:\/\/experienciadevida.com.ar\/portalurbano\/wp-content\/uploads\/2021\/12\/actividades.jpg 765w, https:\/\/experienciadevida.com.ar\/portalurbano\/wp-content\/uploads\/2021\/12\/actividades-300x200.jpg 300w\" sizes=\"(max-width: 765px) 100vw, 765px\" \/><\/a><\/p>\n","protected":false},"excerpt":{"rendered":"<p>Se realizaron actividades a un a\u00f1o de la aprobaci\u00f3n de la ley IVE, las actividades&#8230;<\/p>\n","protected":false},"author":1,"featured_media":159282,"comment_status":"closed","ping_status":"closed","sticky":false,"template":"","format":"standard","meta":{"content-type":""},"categories":[27],"tags":[],"nelio_content":{"isAutoShareEnabled":false,"autoShareEndMode":"default","automationSources":{"useContentSentences":true,"useSocialTemplates":true,"useCustomSentences":false,"customSentences":[]},"followers":[1],"suggestedReferences":[],"includedReferences":[],"efiUrl":"","efiAlt":"","highlights":[]},"yoast_head":"<!-- This site is optimized with the Yoast SEO plugin v20.7 - https:\/\/yoast.com\/wordpress\/plugins\/seo\/ -->\n<title>Se realizaron actividades a un a\u00f1o de la aprobaci\u00f3n de la ley IVE<\/title>\n<meta name=\"description\" content=\"Se realizaron actividades a un a\u00f1o de la aprobaci\u00f3n de la ley IVE, las actividades fueron en todo el pa\u00eds, en nuestra ciudad\" \/>\n<meta name=\"robots\" content=\"index, follow, max-snippet:-1, max-image-preview:large, max-video-preview:-1\" \/>\n<link rel=\"canonical\" href=\"https:\/\/experienciadevida.com.ar\/portalurbano\/se-realizaron-actividades-a-un-ano-de-la-aprobacion-de-la-ley-ive\/\" \/>\n<meta property=\"og:locale\" content=\"es_ES\" \/>\n<meta property=\"og:type\" content=\"article\" \/>\n<meta property=\"og:title\" content=\"Se realizaron actividades a un a\u00f1o de la aprobaci\u00f3n de la ley IVE\" \/>\n<meta property=\"og:description\" content=\"Se realizaron actividades a un a\u00f1o de la aprobaci\u00f3n de la ley IVE, las actividades fueron en todo el pa\u00eds, en nuestra ciudad\" \/>\n<meta property=\"og:url\" content=\"https:\/\/experienciadevida.com.ar\/portalurbano\/se-realizaron-actividades-a-un-ano-de-la-aprobacion-de-la-ley-ive\/\" \/>\n<meta property=\"article:publisher\" content=\"https:\/\/www.facebook.com\/Portal-Urbano-171542830093757\/\" \/>\n<meta property=\"article:published_time\" content=\"2021-12-31T13:23:21+00:00\" \/>\n<meta property=\"article:modified_time\" content=\"2021-12-31T13:23:58+00:00\" \/>\n<meta property=\"og:image\" content=\"https:\/\/experienciadevida.com.ar\/portalurbano\/wp-content\/uploads\/2021\/12\/Se-realizaron-actividades-a.jpg\" \/>\n\t<meta property=\"og:image:width\" content=\"765\" \/>\n\t<meta property=\"og:image:height\" content=\"510\" \/>\n\t<meta property=\"og:image:type\" content=\"image\/jpeg\" \/>\n<meta name=\"author\" content=\"admpu17wp\" \/>\n<meta name=\"twitter:card\" content=\"summary_large_image\" \/>\n<meta name=\"twitter:creator\" content=\"@portalurbanook\" \/>\n<meta name=\"twitter:site\" content=\"@portalurbanook\" \/>\n<meta name=\"twitter:label1\" content=\"Escrito por\" \/>\n\t<meta name=\"twitter:data1\" content=\"admpu17wp\" \/>\n\t<meta name=\"twitter:label2\" content=\"Tiempo de lectura\" \/>\n\t<meta name=\"twitter:data2\" content=\"2 minutos\" \/>\n<script type=\"application\/ld+json\" class=\"yoast-schema-graph\">{\"@context\":\"https:\/\/schema.org\",\"@graph\":[{\"@type\":\"Article\",\"@id\":\"https:\/\/experienciadevida.com.ar\/portalurbano\/se-realizaron-actividades-a-un-ano-de-la-aprobacion-de-la-ley-ive\/#article\",\"isPartOf\":{\"@id\":\"https:\/\/experienciadevida.com.ar\/portalurbano\/se-realizaron-actividades-a-un-ano-de-la-aprobacion-de-la-ley-ive\/\"},\"author\":{\"name\":\"admpu17wp\",\"@id\":\"https:\/\/experienciadevida.com.ar\/portalurbano\/#\/schema\/person\/02dd326b1c4b056e9cc972486934a3a7\"},\"headline\":\"Se realizaron actividades a un a\u00f1o de la aprobaci\u00f3n de la ley IVE\",\"datePublished\":\"2021-12-31T13:23:21+00:00\",\"dateModified\":\"2021-12-31T13:23:58+00:00\",\"mainEntityOfPage\":{\"@id\":\"https:\/\/experienciadevida.com.ar\/portalurbano\/se-realizaron-actividades-a-un-ano-de-la-aprobacion-de-la-ley-ive\/\"},\"wordCount\":208,\"publisher\":{\"@id\":\"https:\/\/experienciadevida.com.ar\/portalurbano\/#organization\"},\"articleSection\":[\"Ciudad\"],\"inLanguage\":\"es\"},{\"@type\":\"WebPage\",\"@id\":\"https:\/\/experienciadevida.com.ar\/portalurbano\/se-realizaron-actividades-a-un-ano-de-la-aprobacion-de-la-ley-ive\/\",\"url\":\"https:\/\/experienciadevida.com.ar\/portalurbano\/se-realizaron-actividades-a-un-ano-de-la-aprobacion-de-la-ley-ive\/\",\"name\":\"Se realizaron actividades a un a\u00f1o de la aprobaci\u00f3n de la ley IVE\",\"isPartOf\":{\"@id\":\"https:\/\/experienciadevida.com.ar\/portalurbano\/#website\"},\"datePublished\":\"2021-12-31T13:23:21+00:00\",\"dateModified\":\"2021-12-31T13:23:58+00:00\",\"description\":\"Se realizaron actividades a un a\u00f1o de la aprobaci\u00f3n de la ley IVE, las actividades fueron en todo el pa\u00eds, en nuestra ciudad\",\"breadcrumb\":{\"@id\":\"https:\/\/experienciadevida.com.ar\/portalurbano\/se-realizaron-actividades-a-un-ano-de-la-aprobacion-de-la-ley-ive\/#breadcrumb\"},\"inLanguage\":\"es\",\"potentialAction\":[{\"@type\":\"ReadAction\",\"target\":[\"https:\/\/experienciadevida.com.ar\/portalurbano\/se-realizaron-actividades-a-un-ano-de-la-aprobacion-de-la-ley-ive\/\"]}]},{\"@type\":\"BreadcrumbList\",\"@id\":\"https:\/\/experienciadevida.com.ar\/portalurbano\/se-realizaron-actividades-a-un-ano-de-la-aprobacion-de-la-ley-ive\/#breadcrumb\",\"itemListElement\":[{\"@type\":\"ListItem\",\"position\":1,\"name\":\"Portada\",\"item\":\"https:\/\/experienciadevida.com.ar\/portalurbano\/\"},{\"@type\":\"ListItem\",\"position\":2,\"name\":\"Se realizaron actividades a un a\u00f1o de la aprobaci\u00f3n de la ley IVE\"}]},{\"@type\":\"WebSite\",\"@id\":\"https:\/\/experienciadevida.com.ar\/portalurbano\/#website\",\"url\":\"https:\/\/experienciadevida.com.ar\/portalurbano\/\",\"name\":\"\",\"description\":\"\",\"publisher\":{\"@id\":\"https:\/\/experienciadevida.com.ar\/portalurbano\/#organization\"},\"potentialAction\":[{\"@type\":\"SearchAction\",\"target\":{\"@type\":\"EntryPoint\",\"urlTemplate\":\"https:\/\/experienciadevida.com.ar\/portalurbano\/?s={search_term_string}\"},\"query-input\":\"required name=search_term_string\"}],\"inLanguage\":\"es\"},{\"@type\":\"Organization\",\"@id\":\"https:\/\/experienciadevida.com.ar\/portalurbano\/#organization\",\"name\":\"Portal Urbano\",\"url\":\"https:\/\/experienciadevida.com.ar\/portalurbano\/\",\"logo\":{\"@type\":\"ImageObject\",\"inLanguage\":\"es\",\"@id\":\"https:\/\/experienciadevida.com.ar\/portalurbano\/#\/schema\/logo\/image\/\",\"url\":\"https:\/\/experienciadevida.com.ar\/portalurbano\/wp-content\/uploads\/2019\/09\/Logo-Original.png\",\"contentUrl\":\"https:\/\/experienciadevida.com.ar\/portalurbano\/wp-content\/uploads\/2019\/09\/Logo-Original.png\",\"width\":2236,\"height\":1216,\"caption\":\"Portal Urbano\"},\"image\":{\"@id\":\"https:\/\/experienciadevida.com.ar\/portalurbano\/#\/schema\/logo\/image\/\"},\"sameAs\":[\"https:\/\/www.facebook.com\/Portal-Urbano-171542830093757\/\",\"https:\/\/twitter.com\/portalurbanook\",\"https:\/\/www.instagram.com\/_portalurbano\/\",\"https:\/\/www.youtube.com\/channel\/UCXhagIfszH8KxFiOok79zbA?view_as=subscriber\"]},{\"@type\":\"Person\",\"@id\":\"https:\/\/experienciadevida.com.ar\/portalurbano\/#\/schema\/person\/02dd326b1c4b056e9cc972486934a3a7\",\"name\":\"admpu17wp\",\"image\":{\"@type\":\"ImageObject\",\"inLanguage\":\"es\",\"@id\":\"https:\/\/experienciadevida.com.ar\/portalurbano\/#\/schema\/person\/image\/\",\"url\":\"https:\/\/secure.gravatar.com\/avatar\/830d4c57adaae6630765e449a6908047?s=96&d=mm&r=g\",\"contentUrl\":\"https:\/\/secure.gravatar.com\/avatar\/830d4c57adaae6630765e449a6908047?s=96&d=mm&r=g\",\"caption\":\"admpu17wp\"}}]}<\/script>\n<!-- \/ Yoast SEO plugin. -->","yoast_head_json":{"title":"Se realizaron actividades a un a\u00f1o de la aprobaci\u00f3n de la ley IVE","description":"Se realizaron actividades a un a\u00f1o de la aprobaci\u00f3n de la ley IVE, las actividades fueron en todo el pa\u00eds, en nuestra ciudad","robots":{"index":"index","follow":"follow","max-snippet":"max-snippet:-1","max-image-preview":"max-image-preview:large","max-video-preview":"max-video-preview:-1"},"canonical":"https:\/\/experienciadevida.com.ar\/portalurbano\/se-realizaron-actividades-a-un-ano-de-la-aprobacion-de-la-ley-ive\/","og_locale":"es_ES","og_type":"article","og_title":"Se realizaron actividades a un a\u00f1o de la aprobaci\u00f3n de la ley IVE","og_description":"Se realizaron actividades a un a\u00f1o de la aprobaci\u00f3n de la ley IVE, las actividades fueron en todo el pa\u00eds, en nuestra ciudad","og_url":"https:\/\/experienciadevida.com.ar\/portalurbano\/se-realizaron-actividades-a-un-ano-de-la-aprobacion-de-la-ley-ive\/","article_publisher":"https:\/\/www.facebook.com\/Portal-Urbano-171542830093757\/","article_published_time":"2021-12-31T13:23:21+00:00","article_modified_time":"2021-12-31T13:23:58+00:00","og_image":[{"width":765,"height":510,"url":"https:\/\/experienciadevida.com.ar\/portalurbano\/wp-content\/uploads\/2021\/12\/Se-realizaron-actividades-a.jpg","type":"image\/jpeg"}],"author":"admpu17wp","twitter_card":"summary_large_image","twitter_creator":"@portalurbanook","twitter_site":"@portalurbanook","twitter_misc":{"Escrito por":"admpu17wp","Tiempo de lectura":"2 minutos"},"schema":{"@context":"https:\/\/schema.org","@graph":[{"@type":"Article","@id":"https:\/\/experienciadevida.com.ar\/portalurbano\/se-realizaron-actividades-a-un-ano-de-la-aprobacion-de-la-ley-ive\/#article","isPartOf":{"@id":"https:\/\/experienciadevida.com.ar\/portalurbano\/se-realizaron-actividades-a-un-ano-de-la-aprobacion-de-la-ley-ive\/"},"author":{"name":"admpu17wp","@id":"https:\/\/experienciadevida.com.ar\/portalurbano\/#\/schema\/person\/02dd326b1c4b056e9cc972486934a3a7"},"headline":"Se realizaron actividades a un a\u00f1o de la aprobaci\u00f3n de la ley IVE","datePublished":"2021-12-31T13:23:21+00:00","dateModified":"2021-12-31T13:23:58+00:00","mainEntityOfPage":{"@id":"https:\/\/experienciadevida.com.ar\/portalurbano\/se-realizaron-actividades-a-un-ano-de-la-aprobacion-de-la-ley-ive\/"},"wordCount":208,"publisher":{"@id":"https:\/\/experienciadevida.com.ar\/portalurbano\/#organization"},"articleSection":["Ciudad"],"inLanguage":"es"},{"@type":"WebPage","@id":"https:\/\/experienciadevida.com.ar\/portalurbano\/se-realizaron-actividades-a-un-ano-de-la-aprobacion-de-la-ley-ive\/","url":"https:\/\/experienciadevida.com.ar\/portalurbano\/se-realizaron-actividades-a-un-ano-de-la-aprobacion-de-la-ley-ive\/","name":"Se realizaron actividades a un a\u00f1o de la aprobaci\u00f3n de la ley IVE","isPartOf":{"@id":"https:\/\/experienciadevida.com.ar\/portalurbano\/#website"},"datePublished":"2021-12-31T13:23:21+00:00","dateModified":"2021-12-31T13:23:58+00:00","description":"Se realizaron actividades a un a\u00f1o de la aprobaci\u00f3n de la ley IVE, las actividades fueron en todo el pa\u00eds, en nuestra ciudad","breadcrumb":{"@id":"https:\/\/experienciadevida.com.ar\/portalurbano\/se-realizaron-actividades-a-un-ano-de-la-aprobacion-de-la-ley-ive\/#breadcrumb"},"inLanguage":"es","potentialAction":[{"@type":"ReadAction","target":["https:\/\/experienciadevida.com.ar\/portalurbano\/se-realizaron-actividades-a-un-ano-de-la-aprobacion-de-la-ley-ive\/"]}]},{"@type":"BreadcrumbList","@id":"https:\/\/experienciadevida.com.ar\/portalurbano\/se-realizaron-actividades-a-un-ano-de-la-aprobacion-de-la-ley-ive\/#breadcrumb","itemListElement":[{"@type":"ListItem","position":1,"name":"Portada","item":"https:\/\/experienciadevida.com.ar\/portalurbano\/"},{"@type":"ListItem","position":2,"name":"Se realizaron actividades a un a\u00f1o de la aprobaci\u00f3n de la ley IVE"}]},{"@type":"WebSite","@id":"https:\/\/experienciadevida.com.ar\/portalurbano\/#website","url":"https:\/\/experienciadevida.com.ar\/portalurbano\/","name":"","description":"","publisher":{"@id":"https:\/\/experienciadevida.com.ar\/portalurbano\/#organization"},"potentialAction":[{"@type":"SearchAction","target":{"@type":"EntryPoint","urlTemplate":"https:\/\/experienciadevida.com.ar\/portalurbano\/?s={search_term_string}"},"query-input":"required name=search_term_string"}],"inLanguage":"es"},{"@type":"Organization","@id":"https:\/\/experienciadevida.com.ar\/portalurbano\/#organization","name":"Portal Urbano","url":"https:\/\/experienciadevida.com.ar\/portalurbano\/","logo":{"@type":"ImageObject","inLanguage":"es","@id":"https:\/\/experienciadevida.com.ar\/portalurbano\/#\/schema\/logo\/image\/","url":"https:\/\/experienciadevida.com.ar\/portalurbano\/wp-content\/uploads\/2019\/09\/Logo-Original.png","contentUrl":"https:\/\/experienciadevida.com.ar\/portalurbano\/wp-content\/uploads\/2019\/09\/Logo-Original.png","width":2236,"height":1216,"caption":"Portal Urbano"},"image":{"@id":"https:\/\/experienciadevida.com.ar\/portalurbano\/#\/schema\/logo\/image\/"},"sameAs":["https:\/\/www.facebook.com\/Portal-Urbano-171542830093757\/","https:\/\/twitter.com\/portalurbanook","https:\/\/www.instagram.com\/_portalurbano\/","https:\/\/www.youtube.com\/channel\/UCXhagIfszH8KxFiOok79zbA?view_as=subscriber"]},{"@type":"Person","@id":"https:\/\/experienciadevida.com.ar\/portalurbano\/#\/schema\/person\/02dd326b1c4b056e9cc972486934a3a7","name":"admpu17wp","image":{"@type":"ImageObject","inLanguage":"es","@id":"https:\/\/experienciadevida.com.ar\/portalurbano\/#\/schema\/person\/image\/","url":"https:\/\/secure.gravatar.com\/avatar\/830d4c57adaae6630765e449a6908047?s=96&d=mm&r=g","contentUrl":"https:\/\/secure.gravatar.com\/avatar\/830d4c57adaae6630765e449a6908047?s=96&d=mm&r=g","caption":"admpu17wp"}}]}},"featured_image_urls":{"full":["https:\/\/experienciadevida.com.ar\/portalurbano\/wp-content\/uploads\/2021\/12\/Se-realizaron-actividades-a.jpg",765,510,false],"thumbnail":["https:\/\/experienciadevida.com.ar\/portalurbano\/wp-content\/uploads\/2021\/12\/Se-realizaron-actividades-a-150x150.jpg",150,150,true],"medium":["https:\/\/experienciadevida.com.ar\/portalurbano\/wp-content\/uploads\/2021\/12\/Se-realizaron-actividades-a-300x200.jpg",300,200,true],"medium_large":["https:\/\/experienciadevida.com.ar\/portalurbano\/wp-content\/uploads\/2021\/12\/Se-realizaron-actividades-a.jpg",640,427,false],"large":["https:\/\/experienciadevida.com.ar\/portalurbano\/wp-content\/uploads\/2021\/12\/Se-realizaron-actividades-a.jpg",640,427,false],"ug_big":["https:\/\/experienciadevida.com.ar\/portalurbano\/wp-content\/uploads\/2021\/12\/Se-realizaron-actividades-a.jpg",765,510,false],"1536x1536":["https:\/\/experienciadevida.com.ar\/portalurbano\/wp-content\/uploads\/2021\/12\/Se-realizaron-actividades-a.jpg",765,510,false],"2048x2048":["https:\/\/experienciadevida.com.ar\/portalurbano\/wp-content\/uploads\/2021\/12\/Se-realizaron-actividades-a.jpg",765,510,false],"newsever-slider-full":["https:\/\/experienciadevida.com.ar\/portalurbano\/wp-content\/uploads\/2021\/12\/Se-realizaron-actividades-a.jpg",765,510,false],"newsever-featured":["https:\/\/experienciadevida.com.ar\/portalurbano\/wp-content\/uploads\/2021\/12\/Se-realizaron-actividades-a.jpg",765,510,false],"newsever-medium":["https:\/\/experienciadevida.com.ar\/portalurbano\/wp-content\/uploads\/2021\/12\/Se-realizaron-actividades-a.jpg",713,475,false],"web-stories-poster-portrait":["https:\/\/experienciadevida.com.ar\/portalurbano\/wp-content\/uploads\/2021\/12\/Se-realizaron-actividades-a.jpg",640,427,false],"web-stories-publisher-logo":["https:\/\/experienciadevida.com.ar\/portalurbano\/wp-content\/uploads\/2021\/12\/Se-realizaron-actividades-a.jpg",96,64,false],"web-stories-thumbnail":["https:\/\/experienciadevida.com.ar\/portalurbano\/wp-content\/uploads\/2021\/12\/Se-realizaron-actividades-a.jpg",150,100,false]},"author_info":{"display_name":"admpu17wp","author_link":"https:\/\/experienciadevida.com.ar\/portalurbano\/author\/admpu17wp\/"},"category_info":"<a href=\"https:\/\/experienciadevida.com.ar\/portalurbano\/category\/ciudad\/\" rel=\"category tag\">Ciudad<\/a>","tag_info":"Ciudad","comment_count":"0","amp_enabled":true,"_links":{"self":[{"href":"https:\/\/experienciadevida.com.ar\/portalurbano\/wp-json\/wp\/v2\/posts\/159281"}],"collection":[{"href":"https:\/\/experienciadevida.com.ar\/portalurbano\/wp-json\/wp\/v2\/posts"}],"about":[{"href":"https:\/\/experienciadevida.com.ar\/portalurbano\/wp-json\/wp\/v2\/types\/post"}],"author":[{"embeddable":true,"href":"https:\/\/experienciadevida.com.ar\/portalurbano\/wp-json\/wp\/v2\/users\/1"}],"replies":[{"embeddable":true,"href":"https:\/\/experienciadevida.com.ar\/portalurbano\/wp-json\/wp\/v2\/comments?post=159281"}],"version-history":[{"count":3,"href":"https:\/\/experienciadevida.com.ar\/portalurbano\/wp-json\/wp\/v2\/posts\/159281\/revisions"}],"predecessor-version":[{"id":159287,"href":"https:\/\/experienciadevida.com.ar\/portalurbano\/wp-json\/wp\/v2\/posts\/159281\/revisions\/159287"}],"wp:featuredmedia":[{"embeddable":true,"href":"https:\/\/experienciadevida.com.ar\/portalurbano\/wp-json\/wp\/v2\/media\/159282"}],"wp:attachment":[{"href":"https:\/\/experienciadevida.com.ar\/portalurbano\/wp-json\/wp\/v2\/media?parent=159281"}],"wp:term":[{"taxonomy":"category","embeddable":true,"href":"https:\/\/experienciadevida.com.ar\/portalurbano\/wp-json\/wp\/v2\/categories?post=159281"},{"taxonomy":"post_tag","embeddable":true,"href":"https:\/\/experienciadevida.com.ar\/portalurbano\/wp-json\/wp\/v2\/tags?post=159281"}],"curies":[{"name":"wp","href":"https:\/\/api.w.org\/{rel}","templated":true}]}}