{"id":159240,"date":"2021-12-30T17:22:54","date_gmt":"2021-12-30T20:22:54","guid":{"rendered":"https:\/\/experienciadevida.com.ar\/portalurbano\/?p=159240"},"modified":"2021-12-30T17:23:30","modified_gmt":"2021-12-30T20:23:30","slug":"el-intendente-galli-encabezo-el-brindis-de-fin-de-ano","status":"publish","type":"post","link":"https:\/\/experienciadevida.com.ar\/portalurbano\/el-intendente-galli-encabezo-el-brindis-de-fin-de-ano\/","title":{"rendered":"El intendente Galli encabez\u00f3 el brindis de fin de a\u00f1o"},"content":{"rendered":"<p>El intendente <a href=\"https:\/\/www.facebook.com\/galliezequiel\">Galli<\/a> encabez\u00f3 el brindis de fin de a\u00f1o, fue en la ma\u00f1ana de este jueves y se realiz\u00f3 en el patio del Palacio San Mart\u00edn.<\/p>\n<p><a href=\"https:\/\/experienciadevida.com.ar\/portalurbano\/el-intendente-galli-encabezo-el-brindis-de-fin-de-ano\/el-intendente-20\/\" rel=\"attachment wp-att-159242\"><img decoding=\"async\" class=\"alignnone size-large wp-image-159242\" src=\"https:\/\/experienciadevida.com.ar\/portalurbano\/wp-content\/uploads\/2021\/12\/El-Intendente-2-1024x684.jpg\" alt=\"El Intendente \" width=\"900\" height=\"601\" srcset=\"https:\/\/experienciadevida.com.ar\/portalurbano\/wp-content\/uploads\/2021\/12\/El-Intendente-2-1024x684.jpg 1024w, https:\/\/experienciadevida.com.ar\/portalurbano\/wp-content\/uploads\/2021\/12\/El-Intendente-2-300x201.jpg 300w, https:\/\/experienciadevida.com.ar\/portalurbano\/wp-content\/uploads\/2021\/12\/El-Intendente-2-768x513.jpg 768w, https:\/\/experienciadevida.com.ar\/portalurbano\/wp-content\/uploads\/2021\/12\/El-Intendente-2-1536x1027.jpg 1536w, https:\/\/experienciadevida.com.ar\/portalurbano\/wp-content\/uploads\/2021\/12\/El-Intendente-2-2048x1369.jpg 2048w\" sizes=\"(max-width: 900px) 100vw, 900px\" \/><\/a><\/p>\n<p>Estuvo acompa\u00f1ado de funcionarios, concejales y agentes municipales.<\/p>\n<p>\u201cUstedes son parte de este gran equipo de trabajo. Este brindis tradicional merec\u00eda la ocasi\u00f3n de hacerlo, para decirles gracias a todos por el compromiso de estos dos a\u00f1os de pandemia y lo que viene sucediendo hace seis a\u00f1os\u201d, sostuvo el intendente Galli.<\/p>\n<p>Asimismo agreg\u00f3 que \u201cyo estoy de paso, ustedes seguir\u00e1n ac\u00e1. Es un orgullo para m\u00ed poder trabajar con este gran equipo para llevar adelante la gesti\u00f3n de la ciudad. Quiero desearles un gran a\u00f1o, el 2022 ser\u00e1 un a\u00f1o interesante para transitar, para llevar adelante muchas tareas de gesti\u00f3n\u201d.<\/p>\n<p>\u201cDeseo que sigamos trabajando de la misma manera, pensando en progresar y crecer, no s\u00f3lo en lo personal sino a nivel profesional. Muchas gracias a todos, felicidades y el lunes nos volvemos a ver\u201d, concluy\u00f3.<\/p>\n","protected":false},"excerpt":{"rendered":"<p>El intendente Galli encabez\u00f3 el brindis de fin de a\u00f1o, fue en la ma\u00f1ana de&#8230;<\/p>\n","protected":false},"author":1,"featured_media":159241,"comment_status":"closed","ping_status":"closed","sticky":false,"template":"","format":"standard","meta":{"content-type":""},"categories":[27],"tags":[],"nelio_content":{"isAutoShareEnabled":false,"autoShareEndMode":"default","automationSources":{"useContentSentences":true,"useSocialTemplates":true,"useCustomSentences":false,"customSentences":[]},"followers":[1],"suggestedReferences":[],"includedReferences":[],"efiUrl":"","efiAlt":"","highlights":[]},"yoast_head":"<!-- This site is optimized with the Yoast SEO plugin v20.7 - https:\/\/yoast.com\/wordpress\/plugins\/seo\/ -->\n<title>El Intendente Galli encabez\u00f3 el brindis de fin de a\u00f1o<\/title>\n<meta name=\"description\" content=\"El intendente Galli encabez\u00f3 el brindis de fin de a\u00f1o, fue en la ma\u00f1ana de este jueves y se realiz\u00f3 en el patio del Palacio San Mart\u00edn\" \/>\n<meta name=\"robots\" content=\"index, follow, max-snippet:-1, max-image-preview:large, max-video-preview:-1\" \/>\n<link rel=\"canonical\" href=\"https:\/\/experienciadevida.com.ar\/portalurbano\/el-intendente-galli-encabezo-el-brindis-de-fin-de-ano\/\" \/>\n<meta property=\"og:locale\" content=\"es_ES\" \/>\n<meta property=\"og:type\" content=\"article\" \/>\n<meta property=\"og:title\" content=\"El Intendente Galli encabez\u00f3 el brindis de fin de a\u00f1o\" \/>\n<meta property=\"og:description\" content=\"El intendente Galli encabez\u00f3 el brindis de fin de a\u00f1o, fue en la ma\u00f1ana de este jueves y se realiz\u00f3 en el patio del Palacio San Mart\u00edn\" \/>\n<meta property=\"og:url\" content=\"https:\/\/experienciadevida.com.ar\/portalurbano\/el-intendente-galli-encabezo-el-brindis-de-fin-de-ano\/\" \/>\n<meta property=\"article:publisher\" content=\"https:\/\/www.facebook.com\/Portal-Urbano-171542830093757\/\" \/>\n<meta property=\"article:published_time\" content=\"2021-12-30T20:22:54+00:00\" \/>\n<meta property=\"article:modified_time\" content=\"2021-12-30T20:23:30+00:00\" \/>\n<meta property=\"og:image\" content=\"https:\/\/experienciadevida.com.ar\/portalurbano\/wp-content\/uploads\/2021\/12\/El-intendente-Galli-encabezo.jpg\" \/>\n\t<meta property=\"og:image:width\" content=\"2560\" \/>\n\t<meta property=\"og:image:height\" content=\"1711\" \/>\n\t<meta property=\"og:image:type\" content=\"image\/jpeg\" \/>\n<meta name=\"author\" content=\"admpu17wp\" \/>\n<meta name=\"twitter:card\" content=\"summary_large_image\" \/>\n<meta name=\"twitter:creator\" content=\"@portalurbanook\" \/>\n<meta name=\"twitter:site\" content=\"@portalurbanook\" \/>\n<meta name=\"twitter:label1\" content=\"Escrito por\" \/>\n\t<meta name=\"twitter:data1\" content=\"admpu17wp\" \/>\n\t<meta name=\"twitter:label2\" content=\"Tiempo de lectura\" \/>\n\t<meta name=\"twitter:data2\" content=\"1 minuto\" \/>\n<script type=\"application\/ld+json\" class=\"yoast-schema-graph\">{\"@context\":\"https:\/\/schema.org\",\"@graph\":[{\"@type\":\"Article\",\"@id\":\"https:\/\/experienciadevida.com.ar\/portalurbano\/el-intendente-galli-encabezo-el-brindis-de-fin-de-ano\/#article\",\"isPartOf\":{\"@id\":\"https:\/\/experienciadevida.com.ar\/portalurbano\/el-intendente-galli-encabezo-el-brindis-de-fin-de-ano\/\"},\"author\":{\"name\":\"admpu17wp\",\"@id\":\"https:\/\/experienciadevida.com.ar\/portalurbano\/#\/schema\/person\/02dd326b1c4b056e9cc972486934a3a7\"},\"headline\":\"El intendente Galli encabez\u00f3 el brindis de fin de a\u00f1o\",\"datePublished\":\"2021-12-30T20:22:54+00:00\",\"dateModified\":\"2021-12-30T20:23:30+00:00\",\"mainEntityOfPage\":{\"@id\":\"https:\/\/experienciadevida.com.ar\/portalurbano\/el-intendente-galli-encabezo-el-brindis-de-fin-de-ano\/\"},\"wordCount\":186,\"publisher\":{\"@id\":\"https:\/\/experienciadevida.com.ar\/portalurbano\/#organization\"},\"articleSection\":[\"Ciudad\"],\"inLanguage\":\"es\"},{\"@type\":\"WebPage\",\"@id\":\"https:\/\/experienciadevida.com.ar\/portalurbano\/el-intendente-galli-encabezo-el-brindis-de-fin-de-ano\/\",\"url\":\"https:\/\/experienciadevida.com.ar\/portalurbano\/el-intendente-galli-encabezo-el-brindis-de-fin-de-ano\/\",\"name\":\"El Intendente Galli encabez\u00f3 el brindis de fin de a\u00f1o\",\"isPartOf\":{\"@id\":\"https:\/\/experienciadevida.com.ar\/portalurbano\/#website\"},\"datePublished\":\"2021-12-30T20:22:54+00:00\",\"dateModified\":\"2021-12-30T20:23:30+00:00\",\"description\":\"El intendente Galli encabez\u00f3 el brindis de fin de a\u00f1o, fue en la ma\u00f1ana de este jueves y se realiz\u00f3 en el patio del Palacio San Mart\u00edn\",\"breadcrumb\":{\"@id\":\"https:\/\/experienciadevida.com.ar\/portalurbano\/el-intendente-galli-encabezo-el-brindis-de-fin-de-ano\/#breadcrumb\"},\"inLanguage\":\"es\",\"potentialAction\":[{\"@type\":\"ReadAction\",\"target\":[\"https:\/\/experienciadevida.com.ar\/portalurbano\/el-intendente-galli-encabezo-el-brindis-de-fin-de-ano\/\"]}]},{\"@type\":\"BreadcrumbList\",\"@id\":\"https:\/\/experienciadevida.com.ar\/portalurbano\/el-intendente-galli-encabezo-el-brindis-de-fin-de-ano\/#breadcrumb\",\"itemListElement\":[{\"@type\":\"ListItem\",\"position\":1,\"name\":\"Portada\",\"item\":\"https:\/\/experienciadevida.com.ar\/portalurbano\/\"},{\"@type\":\"ListItem\",\"position\":2,\"name\":\"El intendente Galli encabez\u00f3 el brindis de fin de a\u00f1o\"}]},{\"@type\":\"WebSite\",\"@id\":\"https:\/\/experienciadevida.com.ar\/portalurbano\/#website\",\"url\":\"https:\/\/experienciadevida.com.ar\/portalurbano\/\",\"name\":\"\",\"description\":\"\",\"publisher\":{\"@id\":\"https:\/\/experienciadevida.com.ar\/portalurbano\/#organization\"},\"potentialAction\":[{\"@type\":\"SearchAction\",\"target\":{\"@type\":\"EntryPoint\",\"urlTemplate\":\"https:\/\/experienciadevida.com.ar\/portalurbano\/?s={search_term_string}\"},\"query-input\":\"required name=search_term_string\"}],\"inLanguage\":\"es\"},{\"@type\":\"Organization\",\"@id\":\"https:\/\/experienciadevida.com.ar\/portalurbano\/#organization\",\"name\":\"Portal Urbano\",\"url\":\"https:\/\/experienciadevida.com.ar\/portalurbano\/\",\"logo\":{\"@type\":\"ImageObject\",\"inLanguage\":\"es\",\"@id\":\"https:\/\/experienciadevida.com.ar\/portalurbano\/#\/schema\/logo\/image\/\",\"url\":\"https:\/\/experienciadevida.com.ar\/portalurbano\/wp-content\/uploads\/2019\/09\/Logo-Original.png\",\"contentUrl\":\"https:\/\/experienciadevida.com.ar\/portalurbano\/wp-content\/uploads\/2019\/09\/Logo-Original.png\",\"width\":2236,\"height\":1216,\"caption\":\"Portal Urbano\"},\"image\":{\"@id\":\"https:\/\/experienciadevida.com.ar\/portalurbano\/#\/schema\/logo\/image\/\"},\"sameAs\":[\"https:\/\/www.facebook.com\/Portal-Urbano-171542830093757\/\",\"https:\/\/twitter.com\/portalurbanook\",\"https:\/\/www.instagram.com\/_portalurbano\/\",\"https:\/\/www.youtube.com\/channel\/UCXhagIfszH8KxFiOok79zbA?view_as=subscriber\"]},{\"@type\":\"Person\",\"@id\":\"https:\/\/experienciadevida.com.ar\/portalurbano\/#\/schema\/person\/02dd326b1c4b056e9cc972486934a3a7\",\"name\":\"admpu17wp\",\"image\":{\"@type\":\"ImageObject\",\"inLanguage\":\"es\",\"@id\":\"https:\/\/experienciadevida.com.ar\/portalurbano\/#\/schema\/person\/image\/\",\"url\":\"https:\/\/secure.gravatar.com\/avatar\/830d4c57adaae6630765e449a6908047?s=96&d=mm&r=g\",\"contentUrl\":\"https:\/\/secure.gravatar.com\/avatar\/830d4c57adaae6630765e449a6908047?s=96&d=mm&r=g\",\"caption\":\"admpu17wp\"}}]}<\/script>\n<!-- \/ Yoast SEO plugin. -->","yoast_head_json":{"title":"El Intendente Galli encabez\u00f3 el brindis de fin de a\u00f1o","description":"El intendente Galli encabez\u00f3 el brindis de fin de a\u00f1o, fue en la ma\u00f1ana de este jueves y se realiz\u00f3 en el patio del Palacio San Mart\u00edn","robots":{"index":"index","follow":"follow","max-snippet":"max-snippet:-1","max-image-preview":"max-image-preview:large","max-video-preview":"max-video-preview:-1"},"canonical":"https:\/\/experienciadevida.com.ar\/portalurbano\/el-intendente-galli-encabezo-el-brindis-de-fin-de-ano\/","og_locale":"es_ES","og_type":"article","og_title":"El Intendente Galli encabez\u00f3 el brindis de fin de a\u00f1o","og_description":"El intendente Galli encabez\u00f3 el brindis de fin de a\u00f1o, fue en la ma\u00f1ana de este jueves y se realiz\u00f3 en el patio del Palacio San Mart\u00edn","og_url":"https:\/\/experienciadevida.com.ar\/portalurbano\/el-intendente-galli-encabezo-el-brindis-de-fin-de-ano\/","article_publisher":"https:\/\/www.facebook.com\/Portal-Urbano-171542830093757\/","article_published_time":"2021-12-30T20:22:54+00:00","article_modified_time":"2021-12-30T20:23:30+00:00","og_image":[{"width":2560,"height":1711,"url":"https:\/\/experienciadevida.com.ar\/portalurbano\/wp-content\/uploads\/2021\/12\/El-intendente-Galli-encabezo.jpg","type":"image\/jpeg"}],"author":"admpu17wp","twitter_card":"summary_large_image","twitter_creator":"@portalurbanook","twitter_site":"@portalurbanook","twitter_misc":{"Escrito por":"admpu17wp","Tiempo de lectura":"1 minuto"},"schema":{"@context":"https:\/\/schema.org","@graph":[{"@type":"Article","@id":"https:\/\/experienciadevida.com.ar\/portalurbano\/el-intendente-galli-encabezo-el-brindis-de-fin-de-ano\/#article","isPartOf":{"@id":"https:\/\/experienciadevida.com.ar\/portalurbano\/el-intendente-galli-encabezo-el-brindis-de-fin-de-ano\/"},"author":{"name":"admpu17wp","@id":"https:\/\/experienciadevida.com.ar\/portalurbano\/#\/schema\/person\/02dd326b1c4b056e9cc972486934a3a7"},"headline":"El intendente Galli encabez\u00f3 el brindis de fin de a\u00f1o","datePublished":"2021-12-30T20:22:54+00:00","dateModified":"2021-12-30T20:23:30+00:00","mainEntityOfPage":{"@id":"https:\/\/experienciadevida.com.ar\/portalurbano\/el-intendente-galli-encabezo-el-brindis-de-fin-de-ano\/"},"wordCount":186,"publisher":{"@id":"https:\/\/experienciadevida.com.ar\/portalurbano\/#organization"},"articleSection":["Ciudad"],"inLanguage":"es"},{"@type":"WebPage","@id":"https:\/\/experienciadevida.com.ar\/portalurbano\/el-intendente-galli-encabezo-el-brindis-de-fin-de-ano\/","url":"https:\/\/experienciadevida.com.ar\/portalurbano\/el-intendente-galli-encabezo-el-brindis-de-fin-de-ano\/","name":"El Intendente Galli encabez\u00f3 el brindis de fin de a\u00f1o","isPartOf":{"@id":"https:\/\/experienciadevida.com.ar\/portalurbano\/#website"},"datePublished":"2021-12-30T20:22:54+00:00","dateModified":"2021-12-30T20:23:30+00:00","description":"El intendente Galli encabez\u00f3 el brindis de fin de a\u00f1o, fue en la ma\u00f1ana de este jueves y se realiz\u00f3 en el patio del Palacio San Mart\u00edn","breadcrumb":{"@id":"https:\/\/experienciadevida.com.ar\/portalurbano\/el-intendente-galli-encabezo-el-brindis-de-fin-de-ano\/#breadcrumb"},"inLanguage":"es","potentialAction":[{"@type":"ReadAction","target":["https:\/\/experienciadevida.com.ar\/portalurbano\/el-intendente-galli-encabezo-el-brindis-de-fin-de-ano\/"]}]},{"@type":"BreadcrumbList","@id":"https:\/\/experienciadevida.com.ar\/portalurbano\/el-intendente-galli-encabezo-el-brindis-de-fin-de-ano\/#breadcrumb","itemListElement":[{"@type":"ListItem","position":1,"name":"Portada","item":"https:\/\/experienciadevida.com.ar\/portalurbano\/"},{"@type":"ListItem","position":2,"name":"El intendente Galli encabez\u00f3 el brindis de fin de a\u00f1o"}]},{"@type":"WebSite","@id":"https:\/\/experienciadevida.com.ar\/portalurbano\/#website","url":"https:\/\/experienciadevida.com.ar\/portalurbano\/","name":"","description":"","publisher":{"@id":"https:\/\/experienciadevida.com.ar\/portalurbano\/#organization"},"potentialAction":[{"@type":"SearchAction","target":{"@type":"EntryPoint","urlTemplate":"https:\/\/experienciadevida.com.ar\/portalurbano\/?s={search_term_string}"},"query-input":"required name=search_term_string"}],"inLanguage":"es"},{"@type":"Organization","@id":"https:\/\/experienciadevida.com.ar\/portalurbano\/#organization","name":"Portal Urbano","url":"https:\/\/experienciadevida.com.ar\/portalurbano\/","logo":{"@type":"ImageObject","inLanguage":"es","@id":"https:\/\/experienciadevida.com.ar\/portalurbano\/#\/schema\/logo\/image\/","url":"https:\/\/experienciadevida.com.ar\/portalurbano\/wp-content\/uploads\/2019\/09\/Logo-Original.png","contentUrl":"https:\/\/experienciadevida.com.ar\/portalurbano\/wp-content\/uploads\/2019\/09\/Logo-Original.png","width":2236,"height":1216,"caption":"Portal Urbano"},"image":{"@id":"https:\/\/experienciadevida.com.ar\/portalurbano\/#\/schema\/logo\/image\/"},"sameAs":["https:\/\/www.facebook.com\/Portal-Urbano-171542830093757\/","https:\/\/twitter.com\/portalurbanook","https:\/\/www.instagram.com\/_portalurbano\/","https:\/\/www.youtube.com\/channel\/UCXhagIfszH8KxFiOok79zbA?view_as=subscriber"]},{"@type":"Person","@id":"https:\/\/experienciadevida.com.ar\/portalurbano\/#\/schema\/person\/02dd326b1c4b056e9cc972486934a3a7","name":"admpu17wp","image":{"@type":"ImageObject","inLanguage":"es","@id":"https:\/\/experienciadevida.com.ar\/portalurbano\/#\/schema\/person\/image\/","url":"https:\/\/secure.gravatar.com\/avatar\/830d4c57adaae6630765e449a6908047?s=96&d=mm&r=g","contentUrl":"https:\/\/secure.gravatar.com\/avatar\/830d4c57adaae6630765e449a6908047?s=96&d=mm&r=g","caption":"admpu17wp"}}]}},"featured_image_urls":{"full":["https:\/\/experienciadevida.com.ar\/portalurbano\/wp-content\/uploads\/2021\/12\/El-intendente-Galli-encabezo.jpg",2560,1711,false],"thumbnail":["https:\/\/experienciadevida.com.ar\/portalurbano\/wp-content\/uploads\/2021\/12\/El-intendente-Galli-encabezo-150x150.jpg",150,150,true],"medium":["https:\/\/experienciadevida.com.ar\/portalurbano\/wp-content\/uploads\/2021\/12\/El-intendente-Galli-encabezo-300x201.jpg",300,201,true],"medium_large":["https:\/\/experienciadevida.com.ar\/portalurbano\/wp-content\/uploads\/2021\/12\/El-intendente-Galli-encabezo-768x513.jpg",640,428,true],"large":["https:\/\/experienciadevida.com.ar\/portalurbano\/wp-content\/uploads\/2021\/12\/El-intendente-Galli-encabezo-1024x684.jpg",640,428,true],"ug_big":["https:\/\/experienciadevida.com.ar\/portalurbano\/wp-content\/uploads\/2021\/12\/El-intendente-Galli-encabezo-768x513.jpg",768,513,true],"1536x1536":["https:\/\/experienciadevida.com.ar\/portalurbano\/wp-content\/uploads\/2021\/12\/El-intendente-Galli-encabezo-1536x1027.jpg",1536,1027,true],"2048x2048":["https:\/\/experienciadevida.com.ar\/portalurbano\/wp-content\/uploads\/2021\/12\/El-intendente-Galli-encabezo-2048x1369.jpg",2048,1369,true],"newsever-slider-full":["https:\/\/experienciadevida.com.ar\/portalurbano\/wp-content\/uploads\/2021\/12\/El-intendente-Galli-encabezo.jpg",1264,845,false],"newsever-featured":["https:\/\/experienciadevida.com.ar\/portalurbano\/wp-content\/uploads\/2021\/12\/El-intendente-Galli-encabezo.jpg",1024,684,false],"newsever-medium":["https:\/\/experienciadevida.com.ar\/portalurbano\/wp-content\/uploads\/2021\/12\/El-intendente-Galli-encabezo.jpg",711,475,false],"web-stories-poster-portrait":["https:\/\/experienciadevida.com.ar\/portalurbano\/wp-content\/uploads\/2021\/12\/El-intendente-Galli-encabezo.jpg",640,428,false],"web-stories-publisher-logo":["https:\/\/experienciadevida.com.ar\/portalurbano\/wp-content\/uploads\/2021\/12\/El-intendente-Galli-encabezo.jpg",96,64,false],"web-stories-thumbnail":["https:\/\/experienciadevida.com.ar\/portalurbano\/wp-content\/uploads\/2021\/12\/El-intendente-Galli-encabezo.jpg",150,100,false]},"author_info":{"display_name":"admpu17wp","author_link":"https:\/\/experienciadevida.com.ar\/portalurbano\/author\/admpu17wp\/"},"category_info":"<a href=\"https:\/\/experienciadevida.com.ar\/portalurbano\/category\/ciudad\/\" rel=\"category tag\">Ciudad<\/a>","tag_info":"Ciudad","comment_count":"0","amp_enabled":true,"_links":{"self":[{"href":"https:\/\/experienciadevida.com.ar\/portalurbano\/wp-json\/wp\/v2\/posts\/159240"}],"collection":[{"href":"https:\/\/experienciadevida.com.ar\/portalurbano\/wp-json\/wp\/v2\/posts"}],"about":[{"href":"https:\/\/experienciadevida.com.ar\/portalurbano\/wp-json\/wp\/v2\/types\/post"}],"author":[{"embeddable":true,"href":"https:\/\/experienciadevida.com.ar\/portalurbano\/wp-json\/wp\/v2\/users\/1"}],"replies":[{"embeddable":true,"href":"https:\/\/experienciadevida.com.ar\/portalurbano\/wp-json\/wp\/v2\/comments?post=159240"}],"version-history":[{"count":2,"href":"https:\/\/experienciadevida.com.ar\/portalurbano\/wp-json\/wp\/v2\/posts\/159240\/revisions"}],"predecessor-version":[{"id":159244,"href":"https:\/\/experienciadevida.com.ar\/portalurbano\/wp-json\/wp\/v2\/posts\/159240\/revisions\/159244"}],"wp:featuredmedia":[{"embeddable":true,"href":"https:\/\/experienciadevida.com.ar\/portalurbano\/wp-json\/wp\/v2\/media\/159241"}],"wp:attachment":[{"href":"https:\/\/experienciadevida.com.ar\/portalurbano\/wp-json\/wp\/v2\/media?parent=159240"}],"wp:term":[{"taxonomy":"category","embeddable":true,"href":"https:\/\/experienciadevida.com.ar\/portalurbano\/wp-json\/wp\/v2\/categories?post=159240"},{"taxonomy":"post_tag","embeddable":true,"href":"https:\/\/experienciadevida.com.ar\/portalurbano\/wp-json\/wp\/v2\/tags?post=159240"}],"curies":[{"name":"wp","href":"https:\/\/api.w.org\/{rel}","templated":true}]}}