{"id":159138,"date":"2021-12-29T13:25:40","date_gmt":"2021-12-29T16:25:40","guid":{"rendered":"https:\/\/experienciadevida.com.ar\/portalurbano\/?p=159138"},"modified":"2021-12-29T13:26:10","modified_gmt":"2021-12-29T16:26:10","slug":"la-fio-cierra-el-ano-con-indicadores-en-alza","status":"publish","type":"post","link":"https:\/\/experienciadevida.com.ar\/portalurbano\/la-fio-cierra-el-ano-con-indicadores-en-alza\/","title":{"rendered":"La FIO cierra el a\u00f1o con indicadores en alza"},"content":{"rendered":"<p>La <a href=\"https:\/\/www.facebook.com\/FIO.UNICEN\">FIO<\/a> cierra el a\u00f1o con indicadores en alza, ha dado a conocer los datos recientes sobre ingresantes para el ciclo 2022, as\u00ed como de quienes han completado sus estudios y acceden as\u00ed al t\u00edtulo profesional. En ambos casos los indicadores permiten alentar miradas optimistas, en especial cuando la pandemia puso en jaque todo el sistema educativo.<\/p>\n<p>Para el ingreso 2022 hay un total de 393 pre-inscripciones, un n\u00famero que vuelve a establecer un nuevo record para la Facultad de Ingenier\u00eda de UNICEN. Un caso singular lo marca la carrera de Ingenier\u00eda civil que duplic\u00f3 el n\u00famero de pre-inscripciones en relaci\u00f3n al a\u00f1o anterior.<\/p>\n<p>La Secretaria acad\u00e9mica de la casa de estudios, ingeniera Isabel Riccobene, afirma que \u201cel conocimiento cient\u00edfico aplicado se gesta en la Universidad, se completa para el egreso con las pr\u00e1cticas correspondientes, y se actualiza y preserva con el ejercicio profesional responsable en el seno de organizaciones p\u00fablicas o privadas, en empresas, en emprendimientos, etc.; en la FIO cumplimos con todas estas premisas y trabajamos mucho para sostener la calidad en la formaci\u00f3n de los egresados\u201d. Tambi\u00e9n es notorio que sigue creciendo la cantidad de estudiantes que provienen de la misma ciudad de Olavarr\u00eda versus quienes provienen de otras localidades, \u201c esto nos permitir\u00eda inferir que, tal como pas\u00f3 en 2002 cuando tambi\u00e9n se increment\u00f3 la inscripci\u00f3n, la situaci\u00f3n econ\u00f3mica (el no poder irse) puede ser un indicador\u201d, completa Riccobene.<\/p>\n<p><a href=\"https:\/\/experienciadevida.com.ar\/portalurbano\/la-fio-cierra-el-ano-con-indicadores-en-alza\/la-fio-2\/\" rel=\"attachment wp-att-159140\"><img decoding=\"async\" class=\"alignnone size-full wp-image-159140\" src=\"https:\/\/experienciadevida.com.ar\/portalurbano\/wp-content\/uploads\/2021\/12\/La-FIO-1.jpg\" alt=\"La FIO\" width=\"900\" height=\"506\" srcset=\"https:\/\/experienciadevida.com.ar\/portalurbano\/wp-content\/uploads\/2021\/12\/La-FIO-1.jpg 900w, https:\/\/experienciadevida.com.ar\/portalurbano\/wp-content\/uploads\/2021\/12\/La-FIO-1-300x169.jpg 300w, https:\/\/experienciadevida.com.ar\/portalurbano\/wp-content\/uploads\/2021\/12\/La-FIO-1-768x432.jpg 768w\" sizes=\"(max-width: 900px) 100vw, 900px\" \/><\/a><\/p>\n<p>La FIO cierra el a\u00f1o con indicadores en alza, en cuanto a los egresados de todas las carreras que se desarrollan en la FIO, se ha conseguido mantener el promedio hist\u00f3rico reciente de 70 egresados por a\u00f1o. El dato cobra especial importancia en contexto de pandemia. La Secretaria acad\u00e9mica sostiene que \u201cese n\u00famero refleja el esfuerzo por dar continuidad a todas las tareas acad\u00e9micas, adem\u00e1s, del compromiso asumido por los propios estudiantes, los docentes y nodocentes de la Facultad para no resentir o demorar la finalizaci\u00f3n de las carreras. Cada carrera tiene sus propias particularidades y en algunos casos fue menos complicado que en otros, pero en l\u00edneas generales las acciones realizadas dieron sus frutos\u201d.<\/p>\n<h3>El desaf\u00edo de estudiar carreras cient\u00edfico \u2013 tecnol\u00f3gicas<\/h3>\n<p>Seg\u00fan informes del Ministerio de Trabajo y de consultoras privadas, actualmente se necesita duplicar la cantidad de egresados de carreras t\u00e9cnicas y cient\u00edficas en Argentina. Faltan profesionales para desarrollar el necesario resurgimiento de la industria para motorizar el pa\u00eds, fusionando el mundo real con el mundo virtual, potenciando la revoluci\u00f3n digital marcada por la tecnolog\u00eda que aprovecha el Big Data y la Inteligencia Artificial para nutrir sistemas de aprendizaje autom\u00e1tico; hoy se busca lograr la inteligencia empresarial a trav\u00e9s de la recopilaci\u00f3n, el an\u00e1lisis y el intercambio de datos en todos los dominios funcionales clave para poder lograr la excelencia productiva.<\/p>\n<p>\u201cEl d\u00e9ficit se\u00f1alado podr\u00eda explicarse por el nivel de exigencia o dificultad que se le atribuye a estas carreras, a la extensi\u00f3n del plan de estudios o a la necesidad temprana de insertarse en el mercado laboral, muchos j\u00f3venes no se animan a hacer frente a este tipo de carreras o no llegan a terminarlas\u201d, se\u00f1ala la ingeniera Riccobene. \u201cActualmente estamos frente a un cambio de paradigma en la formaci\u00f3n de los futuros profesionales, no solo en la estructura en s\u00ed de los planes de estudio sino tambi\u00e9n en el desarrollo de competencias profesionales y en consecuencia, en el necesario cambio en las metodolog\u00edas de ense\u00f1anza\u201d, afirma.<\/p>\n<p>&nbsp;<\/p>\n","protected":false},"excerpt":{"rendered":"<p>La FIO cierra el a\u00f1o con indicadores en alza, ha dado a conocer los datos&#8230;<\/p>\n","protected":false},"author":1,"featured_media":159139,"comment_status":"closed","ping_status":"closed","sticky":false,"template":"","format":"standard","meta":{"content-type":""},"categories":[31],"tags":[],"nelio_content":{"isAutoShareEnabled":false,"autoShareEndMode":"default","automationSources":{"useContentSentences":true,"useSocialTemplates":true,"useCustomSentences":false,"customSentences":[]},"followers":[1],"suggestedReferences":[],"includedReferences":[],"efiUrl":"","efiAlt":"","highlights":[]},"yoast_head":"<!-- This site is optimized with the Yoast SEO plugin v20.7 - https:\/\/yoast.com\/wordpress\/plugins\/seo\/ -->\n<title>La FIO cierra el a\u00f1o con indicadores en alza<\/title>\n<meta name=\"description\" content=\"La FIO cierra el a\u00f1o con indicadores en alza, ha dado a conocer los datos recientes sobre ingresantes para el ciclo 2022,\" \/>\n<meta name=\"robots\" content=\"index, follow, max-snippet:-1, max-image-preview:large, max-video-preview:-1\" \/>\n<link rel=\"canonical\" href=\"https:\/\/experienciadevida.com.ar\/portalurbano\/la-fio-cierra-el-ano-con-indicadores-en-alza\/\" \/>\n<meta property=\"og:locale\" content=\"es_ES\" \/>\n<meta property=\"og:type\" content=\"article\" \/>\n<meta property=\"og:title\" content=\"La FIO cierra el a\u00f1o con indicadores en alza\" \/>\n<meta property=\"og:description\" content=\"La FIO cierra el a\u00f1o con indicadores en alza, ha dado a conocer los datos recientes sobre ingresantes para el ciclo 2022,\" \/>\n<meta property=\"og:url\" content=\"https:\/\/experienciadevida.com.ar\/portalurbano\/la-fio-cierra-el-ano-con-indicadores-en-alza\/\" \/>\n<meta property=\"article:publisher\" content=\"https:\/\/www.facebook.com\/Portal-Urbano-171542830093757\/\" \/>\n<meta property=\"article:published_time\" content=\"2021-12-29T16:25:40+00:00\" \/>\n<meta property=\"article:modified_time\" content=\"2021-12-29T16:26:10+00:00\" \/>\n<meta property=\"og:image\" content=\"https:\/\/experienciadevida.com.ar\/portalurbano\/wp-content\/uploads\/2021\/12\/La-FIO-cierra-el.jpg\" \/>\n\t<meta property=\"og:image:width\" content=\"1300\" \/>\n\t<meta property=\"og:image:height\" content=\"731\" \/>\n\t<meta property=\"og:image:type\" content=\"image\/jpeg\" \/>\n<meta name=\"author\" content=\"admpu17wp\" \/>\n<meta name=\"twitter:card\" content=\"summary_large_image\" \/>\n<meta name=\"twitter:creator\" content=\"@portalurbanook\" \/>\n<meta name=\"twitter:site\" content=\"@portalurbanook\" \/>\n<meta name=\"twitter:label1\" content=\"Escrito por\" \/>\n\t<meta name=\"twitter:data1\" content=\"admpu17wp\" \/>\n\t<meta name=\"twitter:label2\" content=\"Tiempo de lectura\" \/>\n\t<meta name=\"twitter:data2\" content=\"3 minutos\" \/>\n<script type=\"application\/ld+json\" class=\"yoast-schema-graph\">{\"@context\":\"https:\/\/schema.org\",\"@graph\":[{\"@type\":\"Article\",\"@id\":\"https:\/\/experienciadevida.com.ar\/portalurbano\/la-fio-cierra-el-ano-con-indicadores-en-alza\/#article\",\"isPartOf\":{\"@id\":\"https:\/\/experienciadevida.com.ar\/portalurbano\/la-fio-cierra-el-ano-con-indicadores-en-alza\/\"},\"author\":{\"name\":\"admpu17wp\",\"@id\":\"https:\/\/experienciadevida.com.ar\/portalurbano\/#\/schema\/person\/02dd326b1c4b056e9cc972486934a3a7\"},\"headline\":\"La FIO cierra el a\u00f1o con indicadores en alza\",\"datePublished\":\"2021-12-29T16:25:40+00:00\",\"dateModified\":\"2021-12-29T16:26:10+00:00\",\"mainEntityOfPage\":{\"@id\":\"https:\/\/experienciadevida.com.ar\/portalurbano\/la-fio-cierra-el-ano-con-indicadores-en-alza\/\"},\"wordCount\":620,\"publisher\":{\"@id\":\"https:\/\/experienciadevida.com.ar\/portalurbano\/#organization\"},\"articleSection\":[\"Educaci\u00f3n\"],\"inLanguage\":\"es\"},{\"@type\":\"WebPage\",\"@id\":\"https:\/\/experienciadevida.com.ar\/portalurbano\/la-fio-cierra-el-ano-con-indicadores-en-alza\/\",\"url\":\"https:\/\/experienciadevida.com.ar\/portalurbano\/la-fio-cierra-el-ano-con-indicadores-en-alza\/\",\"name\":\"La FIO cierra el a\u00f1o con indicadores en alza\",\"isPartOf\":{\"@id\":\"https:\/\/experienciadevida.com.ar\/portalurbano\/#website\"},\"datePublished\":\"2021-12-29T16:25:40+00:00\",\"dateModified\":\"2021-12-29T16:26:10+00:00\",\"description\":\"La FIO cierra el a\u00f1o con indicadores en alza, ha dado a conocer los datos recientes sobre ingresantes para el ciclo 2022,\",\"breadcrumb\":{\"@id\":\"https:\/\/experienciadevida.com.ar\/portalurbano\/la-fio-cierra-el-ano-con-indicadores-en-alza\/#breadcrumb\"},\"inLanguage\":\"es\",\"potentialAction\":[{\"@type\":\"ReadAction\",\"target\":[\"https:\/\/experienciadevida.com.ar\/portalurbano\/la-fio-cierra-el-ano-con-indicadores-en-alza\/\"]}]},{\"@type\":\"BreadcrumbList\",\"@id\":\"https:\/\/experienciadevida.com.ar\/portalurbano\/la-fio-cierra-el-ano-con-indicadores-en-alza\/#breadcrumb\",\"itemListElement\":[{\"@type\":\"ListItem\",\"position\":1,\"name\":\"Portada\",\"item\":\"https:\/\/experienciadevida.com.ar\/portalurbano\/\"},{\"@type\":\"ListItem\",\"position\":2,\"name\":\"La FIO cierra el a\u00f1o con indicadores en alza\"}]},{\"@type\":\"WebSite\",\"@id\":\"https:\/\/experienciadevida.com.ar\/portalurbano\/#website\",\"url\":\"https:\/\/experienciadevida.com.ar\/portalurbano\/\",\"name\":\"\",\"description\":\"\",\"publisher\":{\"@id\":\"https:\/\/experienciadevida.com.ar\/portalurbano\/#organization\"},\"potentialAction\":[{\"@type\":\"SearchAction\",\"target\":{\"@type\":\"EntryPoint\",\"urlTemplate\":\"https:\/\/experienciadevida.com.ar\/portalurbano\/?s={search_term_string}\"},\"query-input\":\"required name=search_term_string\"}],\"inLanguage\":\"es\"},{\"@type\":\"Organization\",\"@id\":\"https:\/\/experienciadevida.com.ar\/portalurbano\/#organization\",\"name\":\"Portal Urbano\",\"url\":\"https:\/\/experienciadevida.com.ar\/portalurbano\/\",\"logo\":{\"@type\":\"ImageObject\",\"inLanguage\":\"es\",\"@id\":\"https:\/\/experienciadevida.com.ar\/portalurbano\/#\/schema\/logo\/image\/\",\"url\":\"https:\/\/experienciadevida.com.ar\/portalurbano\/wp-content\/uploads\/2019\/09\/Logo-Original.png\",\"contentUrl\":\"https:\/\/experienciadevida.com.ar\/portalurbano\/wp-content\/uploads\/2019\/09\/Logo-Original.png\",\"width\":2236,\"height\":1216,\"caption\":\"Portal Urbano\"},\"image\":{\"@id\":\"https:\/\/experienciadevida.com.ar\/portalurbano\/#\/schema\/logo\/image\/\"},\"sameAs\":[\"https:\/\/www.facebook.com\/Portal-Urbano-171542830093757\/\",\"https:\/\/twitter.com\/portalurbanook\",\"https:\/\/www.instagram.com\/_portalurbano\/\",\"https:\/\/www.youtube.com\/channel\/UCXhagIfszH8KxFiOok79zbA?view_as=subscriber\"]},{\"@type\":\"Person\",\"@id\":\"https:\/\/experienciadevida.com.ar\/portalurbano\/#\/schema\/person\/02dd326b1c4b056e9cc972486934a3a7\",\"name\":\"admpu17wp\",\"image\":{\"@type\":\"ImageObject\",\"inLanguage\":\"es\",\"@id\":\"https:\/\/experienciadevida.com.ar\/portalurbano\/#\/schema\/person\/image\/\",\"url\":\"https:\/\/secure.gravatar.com\/avatar\/830d4c57adaae6630765e449a6908047?s=96&d=mm&r=g\",\"contentUrl\":\"https:\/\/secure.gravatar.com\/avatar\/830d4c57adaae6630765e449a6908047?s=96&d=mm&r=g\",\"caption\":\"admpu17wp\"}}]}<\/script>\n<!-- \/ Yoast SEO plugin. -->","yoast_head_json":{"title":"La FIO cierra el a\u00f1o con indicadores en alza","description":"La FIO cierra el a\u00f1o con indicadores en alza, ha dado a conocer los datos recientes sobre ingresantes para el ciclo 2022,","robots":{"index":"index","follow":"follow","max-snippet":"max-snippet:-1","max-image-preview":"max-image-preview:large","max-video-preview":"max-video-preview:-1"},"canonical":"https:\/\/experienciadevida.com.ar\/portalurbano\/la-fio-cierra-el-ano-con-indicadores-en-alza\/","og_locale":"es_ES","og_type":"article","og_title":"La FIO cierra el a\u00f1o con indicadores en alza","og_description":"La FIO cierra el a\u00f1o con indicadores en alza, ha dado a conocer los datos recientes sobre ingresantes para el ciclo 2022,","og_url":"https:\/\/experienciadevida.com.ar\/portalurbano\/la-fio-cierra-el-ano-con-indicadores-en-alza\/","article_publisher":"https:\/\/www.facebook.com\/Portal-Urbano-171542830093757\/","article_published_time":"2021-12-29T16:25:40+00:00","article_modified_time":"2021-12-29T16:26:10+00:00","og_image":[{"width":1300,"height":731,"url":"https:\/\/experienciadevida.com.ar\/portalurbano\/wp-content\/uploads\/2021\/12\/La-FIO-cierra-el.jpg","type":"image\/jpeg"}],"author":"admpu17wp","twitter_card":"summary_large_image","twitter_creator":"@portalurbanook","twitter_site":"@portalurbanook","twitter_misc":{"Escrito por":"admpu17wp","Tiempo de lectura":"3 minutos"},"schema":{"@context":"https:\/\/schema.org","@graph":[{"@type":"Article","@id":"https:\/\/experienciadevida.com.ar\/portalurbano\/la-fio-cierra-el-ano-con-indicadores-en-alza\/#article","isPartOf":{"@id":"https:\/\/experienciadevida.com.ar\/portalurbano\/la-fio-cierra-el-ano-con-indicadores-en-alza\/"},"author":{"name":"admpu17wp","@id":"https:\/\/experienciadevida.com.ar\/portalurbano\/#\/schema\/person\/02dd326b1c4b056e9cc972486934a3a7"},"headline":"La FIO cierra el a\u00f1o con indicadores en alza","datePublished":"2021-12-29T16:25:40+00:00","dateModified":"2021-12-29T16:26:10+00:00","mainEntityOfPage":{"@id":"https:\/\/experienciadevida.com.ar\/portalurbano\/la-fio-cierra-el-ano-con-indicadores-en-alza\/"},"wordCount":620,"publisher":{"@id":"https:\/\/experienciadevida.com.ar\/portalurbano\/#organization"},"articleSection":["Educaci\u00f3n"],"inLanguage":"es"},{"@type":"WebPage","@id":"https:\/\/experienciadevida.com.ar\/portalurbano\/la-fio-cierra-el-ano-con-indicadores-en-alza\/","url":"https:\/\/experienciadevida.com.ar\/portalurbano\/la-fio-cierra-el-ano-con-indicadores-en-alza\/","name":"La FIO cierra el a\u00f1o con indicadores en alza","isPartOf":{"@id":"https:\/\/experienciadevida.com.ar\/portalurbano\/#website"},"datePublished":"2021-12-29T16:25:40+00:00","dateModified":"2021-12-29T16:26:10+00:00","description":"La FIO cierra el a\u00f1o con indicadores en alza, ha dado a conocer los datos recientes sobre ingresantes para el ciclo 2022,","breadcrumb":{"@id":"https:\/\/experienciadevida.com.ar\/portalurbano\/la-fio-cierra-el-ano-con-indicadores-en-alza\/#breadcrumb"},"inLanguage":"es","potentialAction":[{"@type":"ReadAction","target":["https:\/\/experienciadevida.com.ar\/portalurbano\/la-fio-cierra-el-ano-con-indicadores-en-alza\/"]}]},{"@type":"BreadcrumbList","@id":"https:\/\/experienciadevida.com.ar\/portalurbano\/la-fio-cierra-el-ano-con-indicadores-en-alza\/#breadcrumb","itemListElement":[{"@type":"ListItem","position":1,"name":"Portada","item":"https:\/\/experienciadevida.com.ar\/portalurbano\/"},{"@type":"ListItem","position":2,"name":"La FIO cierra el a\u00f1o con indicadores en alza"}]},{"@type":"WebSite","@id":"https:\/\/experienciadevida.com.ar\/portalurbano\/#website","url":"https:\/\/experienciadevida.com.ar\/portalurbano\/","name":"","description":"","publisher":{"@id":"https:\/\/experienciadevida.com.ar\/portalurbano\/#organization"},"potentialAction":[{"@type":"SearchAction","target":{"@type":"EntryPoint","urlTemplate":"https:\/\/experienciadevida.com.ar\/portalurbano\/?s={search_term_string}"},"query-input":"required name=search_term_string"}],"inLanguage":"es"},{"@type":"Organization","@id":"https:\/\/experienciadevida.com.ar\/portalurbano\/#organization","name":"Portal Urbano","url":"https:\/\/experienciadevida.com.ar\/portalurbano\/","logo":{"@type":"ImageObject","inLanguage":"es","@id":"https:\/\/experienciadevida.com.ar\/portalurbano\/#\/schema\/logo\/image\/","url":"https:\/\/experienciadevida.com.ar\/portalurbano\/wp-content\/uploads\/2019\/09\/Logo-Original.png","contentUrl":"https:\/\/experienciadevida.com.ar\/portalurbano\/wp-content\/uploads\/2019\/09\/Logo-Original.png","width":2236,"height":1216,"caption":"Portal Urbano"},"image":{"@id":"https:\/\/experienciadevida.com.ar\/portalurbano\/#\/schema\/logo\/image\/"},"sameAs":["https:\/\/www.facebook.com\/Portal-Urbano-171542830093757\/","https:\/\/twitter.com\/portalurbanook","https:\/\/www.instagram.com\/_portalurbano\/","https:\/\/www.youtube.com\/channel\/UCXhagIfszH8KxFiOok79zbA?view_as=subscriber"]},{"@type":"Person","@id":"https:\/\/experienciadevida.com.ar\/portalurbano\/#\/schema\/person\/02dd326b1c4b056e9cc972486934a3a7","name":"admpu17wp","image":{"@type":"ImageObject","inLanguage":"es","@id":"https:\/\/experienciadevida.com.ar\/portalurbano\/#\/schema\/person\/image\/","url":"https:\/\/secure.gravatar.com\/avatar\/830d4c57adaae6630765e449a6908047?s=96&d=mm&r=g","contentUrl":"https:\/\/secure.gravatar.com\/avatar\/830d4c57adaae6630765e449a6908047?s=96&d=mm&r=g","caption":"admpu17wp"}}]}},"featured_image_urls":{"full":["https:\/\/experienciadevida.com.ar\/portalurbano\/wp-content\/uploads\/2021\/12\/La-FIO-cierra-el.jpg",1300,731,false],"thumbnail":["https:\/\/experienciadevida.com.ar\/portalurbano\/wp-content\/uploads\/2021\/12\/La-FIO-cierra-el-150x150.jpg",150,150,true],"medium":["https:\/\/experienciadevida.com.ar\/portalurbano\/wp-content\/uploads\/2021\/12\/La-FIO-cierra-el-300x169.jpg",300,169,true],"medium_large":["https:\/\/experienciadevida.com.ar\/portalurbano\/wp-content\/uploads\/2021\/12\/La-FIO-cierra-el-768x432.jpg",640,360,true],"large":["https:\/\/experienciadevida.com.ar\/portalurbano\/wp-content\/uploads\/2021\/12\/La-FIO-cierra-el-1024x576.jpg",640,360,true],"ug_big":["https:\/\/experienciadevida.com.ar\/portalurbano\/wp-content\/uploads\/2021\/12\/La-FIO-cierra-el-768x432.jpg",768,432,true],"1536x1536":["https:\/\/experienciadevida.com.ar\/portalurbano\/wp-content\/uploads\/2021\/12\/La-FIO-cierra-el.jpg",1300,731,false],"2048x2048":["https:\/\/experienciadevida.com.ar\/portalurbano\/wp-content\/uploads\/2021\/12\/La-FIO-cierra-el.jpg",1300,731,false],"newsever-slider-full":["https:\/\/experienciadevida.com.ar\/portalurbano\/wp-content\/uploads\/2021\/12\/La-FIO-cierra-el.jpg",1280,720,false],"newsever-featured":["https:\/\/experienciadevida.com.ar\/portalurbano\/wp-content\/uploads\/2021\/12\/La-FIO-cierra-el.jpg",1024,576,false],"newsever-medium":["https:\/\/experienciadevida.com.ar\/portalurbano\/wp-content\/uploads\/2021\/12\/La-FIO-cierra-el.jpg",720,405,false],"web-stories-poster-portrait":["https:\/\/experienciadevida.com.ar\/portalurbano\/wp-content\/uploads\/2021\/12\/La-FIO-cierra-el.jpg",640,360,false],"web-stories-publisher-logo":["https:\/\/experienciadevida.com.ar\/portalurbano\/wp-content\/uploads\/2021\/12\/La-FIO-cierra-el.jpg",96,54,false],"web-stories-thumbnail":["https:\/\/experienciadevida.com.ar\/portalurbano\/wp-content\/uploads\/2021\/12\/La-FIO-cierra-el.jpg",150,84,false]},"author_info":{"display_name":"admpu17wp","author_link":"https:\/\/experienciadevida.com.ar\/portalurbano\/author\/admpu17wp\/"},"category_info":"<a href=\"https:\/\/experienciadevida.com.ar\/portalurbano\/category\/ciudad\/educacion\/\" rel=\"category tag\">Educaci\u00f3n<\/a>","tag_info":"Educaci\u00f3n","comment_count":"0","amp_enabled":true,"_links":{"self":[{"href":"https:\/\/experienciadevida.com.ar\/portalurbano\/wp-json\/wp\/v2\/posts\/159138"}],"collection":[{"href":"https:\/\/experienciadevida.com.ar\/portalurbano\/wp-json\/wp\/v2\/posts"}],"about":[{"href":"https:\/\/experienciadevida.com.ar\/portalurbano\/wp-json\/wp\/v2\/types\/post"}],"author":[{"embeddable":true,"href":"https:\/\/experienciadevida.com.ar\/portalurbano\/wp-json\/wp\/v2\/users\/1"}],"replies":[{"embeddable":true,"href":"https:\/\/experienciadevida.com.ar\/portalurbano\/wp-json\/wp\/v2\/comments?post=159138"}],"version-history":[{"count":3,"href":"https:\/\/experienciadevida.com.ar\/portalurbano\/wp-json\/wp\/v2\/posts\/159138\/revisions"}],"predecessor-version":[{"id":159143,"href":"https:\/\/experienciadevida.com.ar\/portalurbano\/wp-json\/wp\/v2\/posts\/159138\/revisions\/159143"}],"wp:featuredmedia":[{"embeddable":true,"href":"https:\/\/experienciadevida.com.ar\/portalurbano\/wp-json\/wp\/v2\/media\/159139"}],"wp:attachment":[{"href":"https:\/\/experienciadevida.com.ar\/portalurbano\/wp-json\/wp\/v2\/media?parent=159138"}],"wp:term":[{"taxonomy":"category","embeddable":true,"href":"https:\/\/experienciadevida.com.ar\/portalurbano\/wp-json\/wp\/v2\/categories?post=159138"},{"taxonomy":"post_tag","embeddable":true,"href":"https:\/\/experienciadevida.com.ar\/portalurbano\/wp-json\/wp\/v2\/tags?post=159138"}],"curies":[{"name":"wp","href":"https:\/\/api.w.org\/{rel}","templated":true}]}}