{"id":153359,"date":"2021-09-24T10:40:04","date_gmt":"2021-09-24T13:40:04","guid":{"rendered":"https:\/\/experienciadevida.com.ar\/portalurbano\/?p=153359"},"modified":"2021-09-24T10:43:58","modified_gmt":"2021-09-24T13:43:58","slug":"la-sesion-del-jueves-conto-con-tres-proyectos-de-renovacion-peronista","status":"publish","type":"post","link":"https:\/\/experienciadevida.com.ar\/portalurbano\/la-sesion-del-jueves-conto-con-tres-proyectos-de-renovacion-peronista\/","title":{"rendered":"La sesi\u00f3n del jueves  cont\u00f3 con tres proyectos de Renovaci\u00f3n Peronista"},"content":{"rendered":"<p>La sesi\u00f3n del jueves cont\u00f3 con tres proyectos de Renovaci\u00f3n Peronista, &#8220;nuestra provincia tiene m\u00e1s de 13 mil instituciones estatales y 5 mil en<br \/>\nel \u00e1mbito privado. Los equipos de orientaci\u00f3n escolar fueron los verdaderos conocedores de las trayectorias educativas&#8221;.<\/p>\n<p>Alicia Almada, recuper\u00f3 las pol\u00edticas implementadas durante el gobierno de Cristina Fern\u00e1ndez: AUH y Creaci\u00f3n de Equipos Distritales de Inclusi\u00f3n, las cuales permitieron avanzar en el monitoreo de acci\u00f3n socioecon\u00f3mica de aquellos estudiantes que estaban en condiciones precarias.<\/p>\n<p>Desde el 2009 en adelante se efectivizaron paulatinamente los nombramientos, hasta que en el 2015 bajo la gobernaci\u00f3n de Mar\u00eda Eugenia Vidal se re-adecuan y se afecta directamente la planta org\u00e1nica funcional de las escuelas.<\/p>\n<p>Tal como explic\u00f3 brevemente la concejala, Axel Kicillof asumi\u00f3 como Gobernador de la Pcia. De Buenos Aires, y promulga la Disposici\u00f3n 31\/2020<br \/>\nbuscando retomar aquella idea que hab\u00eda quedado inconclusa, y que hoy se inscribe en el nombramiento de m\u00e1s de 3400 cargos que trabajaran en los<br \/>\nterritorios.<\/p>\n<p>\u201cEn los colegios y en un momento en donde la pobreza sigue creciendo, necesitamos fortalecer la permanencia educativa. Por ello los equipos van a<br \/>\ncobrar un nuevo desaf\u00edo\u201d, *finaliz\u00f3 Almada logrando la aprobaci\u00f3n por unanimidad del proyecto.<\/p>\n<p>La sesi\u00f3n del jueves cont\u00f3 con tres proyectos de Renovaci\u00f3n Peronista, otro de los proyectos es que solicitan equipo interdisciplinario para la prevenci\u00f3n y erradicaci\u00f3n de la violencia familiar,\u00a0 \u00a0y de g\u00e9nero en las localidades.<\/p>\n<p>Se trata de un Proyecto de Resoluci\u00f3n que fue aprobado por mayor\u00eda, y se solicita al Departamento Ejecutivo Municipal a trav\u00e9s de la Direcci\u00f3n de<br \/>\nPol\u00edticas de G\u00e9nero, la intervenci\u00f3n sistem\u00e1tica de un Equipo interdisciplinario destinado a las localidades de Espigas, Blanca grande y Recalde.<\/p>\n<p>\u201cHay determinadas situaciones que han provocado mucha angustia, la sociedad de Blanca Grande siente cierta soledad, y no le podemos delegar a<br \/>\nla escuela el \u00fanico lugar donde se hable de Educaci\u00f3n Sexual Integral\u201d, explic\u00f3 la concejala Alicia <a href=\"https:\/\/www.facebook.com\/alicia.almada.581\">Almada<\/a>.<\/p>\n<p><a href=\"https:\/\/experienciadevida.com.ar\/portalurbano\/la-sesion-del-jueves-conto-con-tres-proyectos-de-renovacion-peronista\/la-sesion\/\" rel=\"attachment wp-att-153363\"><img decoding=\"async\" class=\"alignnone size-full wp-image-153363\" src=\"https:\/\/experienciadevida.com.ar\/portalurbano\/wp-content\/uploads\/2021\/09\/La-sesion.jpg\" alt=\"La sesi\u00f3n \" width=\"800\" height=\"445\" srcset=\"https:\/\/experienciadevida.com.ar\/portalurbano\/wp-content\/uploads\/2021\/09\/La-sesion.jpg 800w, https:\/\/experienciadevida.com.ar\/portalurbano\/wp-content\/uploads\/2021\/09\/La-sesion-300x167.jpg 300w, https:\/\/experienciadevida.com.ar\/portalurbano\/wp-content\/uploads\/2021\/09\/La-sesion-768x427.jpg 768w\" sizes=\"(max-width: 800px) 100vw, 800px\" \/><\/a><\/p>\n<p>Y al mismo tiempo agreg\u00f3 \u201ceste proyecto busca sumar una idea, volver a repensar las estrategias de acercamiento, para una mayor calidad de vida y<br \/>\nuna mayor protecci\u00f3n para mujeres, ni\u00f1os, ni\u00f1as y tambi\u00e9n hombres de esta comunidad\u201d.<\/p>\n<p>La sesi\u00f3n del jueves cont\u00f3 con tres proyectos de Renovaci\u00f3n Peronista, en los fundamentos del proyecto se enuncian los reiterados casos de<br \/>\ndenuncia sobre violencia familiar y de g\u00e9nero presentados ante la Justicia o abordados en el \u00e1mbito escolar de las comunidades rurales de Recalde,<br \/>\nBlanca grande y Espigas.<\/p>\n<p>Pa\u00f1uelos por la memoria: se colocar\u00e1 un mosaico en el Honorable Concejo Deliberante:<\/p>\n<p>En nuestra ciudad durante el per\u00edodo de la dictadura militar el HCD fue impedido de cumplir su mandato constitucional durante 2810 d\u00edas.<\/p>\n<p>En el marco de la Semana de las Artes, el Honorable Concejo Deliberante colocar\u00e1 un mosaico Pa\u00f1uelo Por la Memoria, elaborado por docentes y<br \/>\nestudiantes de la Escuela Nacional Adolfo P\u00e9rez Esquivel (ENAPE).<\/p>\n<p>El proyecto \u201c30 mil Pa\u00f1uelos por la Memoria\u201d coordinado por la instituci\u00f3n fue declarado de Inter\u00e9s Legislativo bajo Resoluci\u00f3n n\u00b0012\/21; reconociendo en este trabajo al arte como expresi\u00f3n del compromiso social, y pol\u00edtico.<\/p>\n<p>\u201cEste Honorable Concejo Deliberante como cuerpo deliberativo es un recinto que vela permanentemente por las garant\u00edas democr\u00e1ticas y que, sin duda, es un lugar donde la historia debe estar presente, y quienes representamos al pueblo debemos continuar trabajando por pol\u00edticas de Memoria, Verdad y Justicia en pos de las nuevas generaciones; mencion\u00f3 el concejal Germ\u00e1n <a href=\"https:\/\/www.facebook.com\/german.aramburu.1\">Aramburu<\/a>.<\/p>\n","protected":false},"excerpt":{"rendered":"<p>La sesi\u00f3n del jueves cont\u00f3 con tres proyectos de Renovaci\u00f3n Peronista, &#8220;nuestra provincia tiene m\u00e1s&#8230;<\/p>\n","protected":false},"author":1,"featured_media":153360,"comment_status":"closed","ping_status":"closed","sticky":false,"template":"","format":"standard","meta":{"content-type":""},"categories":[64,43],"tags":[],"nelio_content":{"isAutoShareEnabled":false,"autoShareEndMode":"default","automationSources":{"useContentSentences":true,"useSocialTemplates":true,"useCustomSentences":false,"customSentences":[]},"followers":[1],"suggestedReferences":[],"includedReferences":[],"efiUrl":"","efiAlt":"","highlights":[]},"yoast_head":"<!-- This site is optimized with the Yoast SEO plugin v20.7 - https:\/\/yoast.com\/wordpress\/plugins\/seo\/ -->\n<title>La sesi\u00f3n del jueves cont\u00f3 con tres proyectos de renovaci\u00f3n peronista<\/title>\n<meta name=\"description\" content=\"La sesi\u00f3n del jueves cont\u00f3 con tres proyectos de Renovaci\u00f3n Peronista, provincia tiene m\u00e1s de 13 mil instituciones estatales y 5 mil privado\" \/>\n<meta name=\"robots\" content=\"index, follow, max-snippet:-1, max-image-preview:large, max-video-preview:-1\" \/>\n<link rel=\"canonical\" href=\"https:\/\/experienciadevida.com.ar\/portalurbano\/la-sesion-del-jueves-conto-con-tres-proyectos-de-renovacion-peronista\/\" \/>\n<meta property=\"og:locale\" content=\"es_ES\" \/>\n<meta property=\"og:type\" content=\"article\" \/>\n<meta property=\"og:title\" content=\"La sesi\u00f3n del jueves cont\u00f3 con tres proyectos de renovaci\u00f3n peronista\" \/>\n<meta property=\"og:description\" content=\"La sesi\u00f3n del jueves cont\u00f3 con tres proyectos de Renovaci\u00f3n Peronista, provincia tiene m\u00e1s de 13 mil instituciones estatales y 5 mil privado\" \/>\n<meta property=\"og:url\" content=\"https:\/\/experienciadevida.com.ar\/portalurbano\/la-sesion-del-jueves-conto-con-tres-proyectos-de-renovacion-peronista\/\" \/>\n<meta property=\"article:publisher\" content=\"https:\/\/www.facebook.com\/Portal-Urbano-171542830093757\/\" \/>\n<meta property=\"article:published_time\" content=\"2021-09-24T13:40:04+00:00\" \/>\n<meta property=\"article:modified_time\" content=\"2021-09-24T13:43:58+00:00\" \/>\n<meta property=\"og:image\" content=\"https:\/\/experienciadevida.com.ar\/portalurbano\/wp-content\/uploads\/2021\/09\/La-sesion-del-jueves-conto.jpeg\" \/>\n\t<meta property=\"og:image:width\" content=\"800\" \/>\n\t<meta property=\"og:image:height\" content=\"445\" \/>\n\t<meta property=\"og:image:type\" content=\"image\/jpeg\" \/>\n<meta name=\"author\" content=\"admpu17wp\" \/>\n<meta name=\"twitter:card\" content=\"summary_large_image\" \/>\n<meta name=\"twitter:creator\" content=\"@portalurbanook\" \/>\n<meta name=\"twitter:site\" content=\"@portalurbanook\" \/>\n<meta name=\"twitter:label1\" content=\"Escrito por\" \/>\n\t<meta name=\"twitter:data1\" content=\"admpu17wp\" \/>\n\t<meta name=\"twitter:label2\" content=\"Tiempo de lectura\" \/>\n\t<meta name=\"twitter:data2\" content=\"3 minutos\" \/>\n<script type=\"application\/ld+json\" class=\"yoast-schema-graph\">{\"@context\":\"https:\/\/schema.org\",\"@graph\":[{\"@type\":\"Article\",\"@id\":\"https:\/\/experienciadevida.com.ar\/portalurbano\/la-sesion-del-jueves-conto-con-tres-proyectos-de-renovacion-peronista\/#article\",\"isPartOf\":{\"@id\":\"https:\/\/experienciadevida.com.ar\/portalurbano\/la-sesion-del-jueves-conto-con-tres-proyectos-de-renovacion-peronista\/\"},\"author\":{\"name\":\"admpu17wp\",\"@id\":\"https:\/\/experienciadevida.com.ar\/portalurbano\/#\/schema\/person\/02dd326b1c4b056e9cc972486934a3a7\"},\"headline\":\"La sesi\u00f3n del jueves cont\u00f3 con tres proyectos de Renovaci\u00f3n Peronista\",\"datePublished\":\"2021-09-24T13:40:04+00:00\",\"dateModified\":\"2021-09-24T13:43:58+00:00\",\"mainEntityOfPage\":{\"@id\":\"https:\/\/experienciadevida.com.ar\/portalurbano\/la-sesion-del-jueves-conto-con-tres-proyectos-de-renovacion-peronista\/\"},\"wordCount\":620,\"publisher\":{\"@id\":\"https:\/\/experienciadevida.com.ar\/portalurbano\/#organization\"},\"articleSection\":[\"Destacadas 2\",\"Pol\u00edtica\"],\"inLanguage\":\"es\"},{\"@type\":\"WebPage\",\"@id\":\"https:\/\/experienciadevida.com.ar\/portalurbano\/la-sesion-del-jueves-conto-con-tres-proyectos-de-renovacion-peronista\/\",\"url\":\"https:\/\/experienciadevida.com.ar\/portalurbano\/la-sesion-del-jueves-conto-con-tres-proyectos-de-renovacion-peronista\/\",\"name\":\"La sesi\u00f3n del jueves cont\u00f3 con tres proyectos de renovaci\u00f3n peronista\",\"isPartOf\":{\"@id\":\"https:\/\/experienciadevida.com.ar\/portalurbano\/#website\"},\"datePublished\":\"2021-09-24T13:40:04+00:00\",\"dateModified\":\"2021-09-24T13:43:58+00:00\",\"description\":\"La sesi\u00f3n del jueves cont\u00f3 con tres proyectos de Renovaci\u00f3n Peronista, provincia tiene m\u00e1s de 13 mil instituciones estatales y 5 mil privado\",\"breadcrumb\":{\"@id\":\"https:\/\/experienciadevida.com.ar\/portalurbano\/la-sesion-del-jueves-conto-con-tres-proyectos-de-renovacion-peronista\/#breadcrumb\"},\"inLanguage\":\"es\",\"potentialAction\":[{\"@type\":\"ReadAction\",\"target\":[\"https:\/\/experienciadevida.com.ar\/portalurbano\/la-sesion-del-jueves-conto-con-tres-proyectos-de-renovacion-peronista\/\"]}]},{\"@type\":\"BreadcrumbList\",\"@id\":\"https:\/\/experienciadevida.com.ar\/portalurbano\/la-sesion-del-jueves-conto-con-tres-proyectos-de-renovacion-peronista\/#breadcrumb\",\"itemListElement\":[{\"@type\":\"ListItem\",\"position\":1,\"name\":\"Portada\",\"item\":\"https:\/\/experienciadevida.com.ar\/portalurbano\/\"},{\"@type\":\"ListItem\",\"position\":2,\"name\":\"La sesi\u00f3n del jueves cont\u00f3 con tres proyectos de Renovaci\u00f3n Peronista\"}]},{\"@type\":\"WebSite\",\"@id\":\"https:\/\/experienciadevida.com.ar\/portalurbano\/#website\",\"url\":\"https:\/\/experienciadevida.com.ar\/portalurbano\/\",\"name\":\"\",\"description\":\"\",\"publisher\":{\"@id\":\"https:\/\/experienciadevida.com.ar\/portalurbano\/#organization\"},\"potentialAction\":[{\"@type\":\"SearchAction\",\"target\":{\"@type\":\"EntryPoint\",\"urlTemplate\":\"https:\/\/experienciadevida.com.ar\/portalurbano\/?s={search_term_string}\"},\"query-input\":\"required name=search_term_string\"}],\"inLanguage\":\"es\"},{\"@type\":\"Organization\",\"@id\":\"https:\/\/experienciadevida.com.ar\/portalurbano\/#organization\",\"name\":\"Portal Urbano\",\"url\":\"https:\/\/experienciadevida.com.ar\/portalurbano\/\",\"logo\":{\"@type\":\"ImageObject\",\"inLanguage\":\"es\",\"@id\":\"https:\/\/experienciadevida.com.ar\/portalurbano\/#\/schema\/logo\/image\/\",\"url\":\"https:\/\/experienciadevida.com.ar\/portalurbano\/wp-content\/uploads\/2019\/09\/Logo-Original.png\",\"contentUrl\":\"https:\/\/experienciadevida.com.ar\/portalurbano\/wp-content\/uploads\/2019\/09\/Logo-Original.png\",\"width\":2236,\"height\":1216,\"caption\":\"Portal Urbano\"},\"image\":{\"@id\":\"https:\/\/experienciadevida.com.ar\/portalurbano\/#\/schema\/logo\/image\/\"},\"sameAs\":[\"https:\/\/www.facebook.com\/Portal-Urbano-171542830093757\/\",\"https:\/\/twitter.com\/portalurbanook\",\"https:\/\/www.instagram.com\/_portalurbano\/\",\"https:\/\/www.youtube.com\/channel\/UCXhagIfszH8KxFiOok79zbA?view_as=subscriber\"]},{\"@type\":\"Person\",\"@id\":\"https:\/\/experienciadevida.com.ar\/portalurbano\/#\/schema\/person\/02dd326b1c4b056e9cc972486934a3a7\",\"name\":\"admpu17wp\",\"image\":{\"@type\":\"ImageObject\",\"inLanguage\":\"es\",\"@id\":\"https:\/\/experienciadevida.com.ar\/portalurbano\/#\/schema\/person\/image\/\",\"url\":\"https:\/\/secure.gravatar.com\/avatar\/830d4c57adaae6630765e449a6908047?s=96&d=mm&r=g\",\"contentUrl\":\"https:\/\/secure.gravatar.com\/avatar\/830d4c57adaae6630765e449a6908047?s=96&d=mm&r=g\",\"caption\":\"admpu17wp\"}}]}<\/script>\n<!-- \/ Yoast SEO plugin. -->","yoast_head_json":{"title":"La sesi\u00f3n del jueves cont\u00f3 con tres proyectos de renovaci\u00f3n peronista","description":"La sesi\u00f3n del jueves cont\u00f3 con tres proyectos de Renovaci\u00f3n Peronista, provincia tiene m\u00e1s de 13 mil instituciones estatales y 5 mil privado","robots":{"index":"index","follow":"follow","max-snippet":"max-snippet:-1","max-image-preview":"max-image-preview:large","max-video-preview":"max-video-preview:-1"},"canonical":"https:\/\/experienciadevida.com.ar\/portalurbano\/la-sesion-del-jueves-conto-con-tres-proyectos-de-renovacion-peronista\/","og_locale":"es_ES","og_type":"article","og_title":"La sesi\u00f3n del jueves cont\u00f3 con tres proyectos de renovaci\u00f3n peronista","og_description":"La sesi\u00f3n del jueves cont\u00f3 con tres proyectos de Renovaci\u00f3n Peronista, provincia tiene m\u00e1s de 13 mil instituciones estatales y 5 mil privado","og_url":"https:\/\/experienciadevida.com.ar\/portalurbano\/la-sesion-del-jueves-conto-con-tres-proyectos-de-renovacion-peronista\/","article_publisher":"https:\/\/www.facebook.com\/Portal-Urbano-171542830093757\/","article_published_time":"2021-09-24T13:40:04+00:00","article_modified_time":"2021-09-24T13:43:58+00:00","og_image":[{"width":800,"height":445,"url":"https:\/\/experienciadevida.com.ar\/portalurbano\/wp-content\/uploads\/2021\/09\/La-sesion-del-jueves-conto.jpeg","type":"image\/jpeg"}],"author":"admpu17wp","twitter_card":"summary_large_image","twitter_creator":"@portalurbanook","twitter_site":"@portalurbanook","twitter_misc":{"Escrito por":"admpu17wp","Tiempo de lectura":"3 minutos"},"schema":{"@context":"https:\/\/schema.org","@graph":[{"@type":"Article","@id":"https:\/\/experienciadevida.com.ar\/portalurbano\/la-sesion-del-jueves-conto-con-tres-proyectos-de-renovacion-peronista\/#article","isPartOf":{"@id":"https:\/\/experienciadevida.com.ar\/portalurbano\/la-sesion-del-jueves-conto-con-tres-proyectos-de-renovacion-peronista\/"},"author":{"name":"admpu17wp","@id":"https:\/\/experienciadevida.com.ar\/portalurbano\/#\/schema\/person\/02dd326b1c4b056e9cc972486934a3a7"},"headline":"La sesi\u00f3n del jueves cont\u00f3 con tres proyectos de Renovaci\u00f3n Peronista","datePublished":"2021-09-24T13:40:04+00:00","dateModified":"2021-09-24T13:43:58+00:00","mainEntityOfPage":{"@id":"https:\/\/experienciadevida.com.ar\/portalurbano\/la-sesion-del-jueves-conto-con-tres-proyectos-de-renovacion-peronista\/"},"wordCount":620,"publisher":{"@id":"https:\/\/experienciadevida.com.ar\/portalurbano\/#organization"},"articleSection":["Destacadas 2","Pol\u00edtica"],"inLanguage":"es"},{"@type":"WebPage","@id":"https:\/\/experienciadevida.com.ar\/portalurbano\/la-sesion-del-jueves-conto-con-tres-proyectos-de-renovacion-peronista\/","url":"https:\/\/experienciadevida.com.ar\/portalurbano\/la-sesion-del-jueves-conto-con-tres-proyectos-de-renovacion-peronista\/","name":"La sesi\u00f3n del jueves cont\u00f3 con tres proyectos de renovaci\u00f3n peronista","isPartOf":{"@id":"https:\/\/experienciadevida.com.ar\/portalurbano\/#website"},"datePublished":"2021-09-24T13:40:04+00:00","dateModified":"2021-09-24T13:43:58+00:00","description":"La sesi\u00f3n del jueves cont\u00f3 con tres proyectos de Renovaci\u00f3n Peronista, provincia tiene m\u00e1s de 13 mil instituciones estatales y 5 mil privado","breadcrumb":{"@id":"https:\/\/experienciadevida.com.ar\/portalurbano\/la-sesion-del-jueves-conto-con-tres-proyectos-de-renovacion-peronista\/#breadcrumb"},"inLanguage":"es","potentialAction":[{"@type":"ReadAction","target":["https:\/\/experienciadevida.com.ar\/portalurbano\/la-sesion-del-jueves-conto-con-tres-proyectos-de-renovacion-peronista\/"]}]},{"@type":"BreadcrumbList","@id":"https:\/\/experienciadevida.com.ar\/portalurbano\/la-sesion-del-jueves-conto-con-tres-proyectos-de-renovacion-peronista\/#breadcrumb","itemListElement":[{"@type":"ListItem","position":1,"name":"Portada","item":"https:\/\/experienciadevida.com.ar\/portalurbano\/"},{"@type":"ListItem","position":2,"name":"La sesi\u00f3n del jueves cont\u00f3 con tres proyectos de Renovaci\u00f3n Peronista"}]},{"@type":"WebSite","@id":"https:\/\/experienciadevida.com.ar\/portalurbano\/#website","url":"https:\/\/experienciadevida.com.ar\/portalurbano\/","name":"","description":"","publisher":{"@id":"https:\/\/experienciadevida.com.ar\/portalurbano\/#organization"},"potentialAction":[{"@type":"SearchAction","target":{"@type":"EntryPoint","urlTemplate":"https:\/\/experienciadevida.com.ar\/portalurbano\/?s={search_term_string}"},"query-input":"required name=search_term_string"}],"inLanguage":"es"},{"@type":"Organization","@id":"https:\/\/experienciadevida.com.ar\/portalurbano\/#organization","name":"Portal Urbano","url":"https:\/\/experienciadevida.com.ar\/portalurbano\/","logo":{"@type":"ImageObject","inLanguage":"es","@id":"https:\/\/experienciadevida.com.ar\/portalurbano\/#\/schema\/logo\/image\/","url":"https:\/\/experienciadevida.com.ar\/portalurbano\/wp-content\/uploads\/2019\/09\/Logo-Original.png","contentUrl":"https:\/\/experienciadevida.com.ar\/portalurbano\/wp-content\/uploads\/2019\/09\/Logo-Original.png","width":2236,"height":1216,"caption":"Portal Urbano"},"image":{"@id":"https:\/\/experienciadevida.com.ar\/portalurbano\/#\/schema\/logo\/image\/"},"sameAs":["https:\/\/www.facebook.com\/Portal-Urbano-171542830093757\/","https:\/\/twitter.com\/portalurbanook","https:\/\/www.instagram.com\/_portalurbano\/","https:\/\/www.youtube.com\/channel\/UCXhagIfszH8KxFiOok79zbA?view_as=subscriber"]},{"@type":"Person","@id":"https:\/\/experienciadevida.com.ar\/portalurbano\/#\/schema\/person\/02dd326b1c4b056e9cc972486934a3a7","name":"admpu17wp","image":{"@type":"ImageObject","inLanguage":"es","@id":"https:\/\/experienciadevida.com.ar\/portalurbano\/#\/schema\/person\/image\/","url":"https:\/\/secure.gravatar.com\/avatar\/830d4c57adaae6630765e449a6908047?s=96&d=mm&r=g","contentUrl":"https:\/\/secure.gravatar.com\/avatar\/830d4c57adaae6630765e449a6908047?s=96&d=mm&r=g","caption":"admpu17wp"}}]}},"featured_image_urls":{"full":["https:\/\/experienciadevida.com.ar\/portalurbano\/wp-content\/uploads\/2021\/09\/La-sesion-del-jueves-conto.jpeg",800,445,false],"thumbnail":["https:\/\/experienciadevida.com.ar\/portalurbano\/wp-content\/uploads\/2021\/09\/La-sesion-del-jueves-conto-150x150.jpeg",150,150,true],"medium":["https:\/\/experienciadevida.com.ar\/portalurbano\/wp-content\/uploads\/2021\/09\/La-sesion-del-jueves-conto-300x167.jpeg",300,167,true],"medium_large":["https:\/\/experienciadevida.com.ar\/portalurbano\/wp-content\/uploads\/2021\/09\/La-sesion-del-jueves-conto-768x427.jpeg",640,356,true],"large":["https:\/\/experienciadevida.com.ar\/portalurbano\/wp-content\/uploads\/2021\/09\/La-sesion-del-jueves-conto.jpeg",640,356,false],"ug_big":["https:\/\/experienciadevida.com.ar\/portalurbano\/wp-content\/uploads\/2021\/09\/La-sesion-del-jueves-conto-768x427.jpeg",768,427,true],"1536x1536":["https:\/\/experienciadevida.com.ar\/portalurbano\/wp-content\/uploads\/2021\/09\/La-sesion-del-jueves-conto.jpeg",800,445,false],"2048x2048":["https:\/\/experienciadevida.com.ar\/portalurbano\/wp-content\/uploads\/2021\/09\/La-sesion-del-jueves-conto.jpeg",800,445,false],"newsever-slider-full":["https:\/\/experienciadevida.com.ar\/portalurbano\/wp-content\/uploads\/2021\/09\/La-sesion-del-jueves-conto.jpeg",800,445,false],"newsever-featured":["https:\/\/experienciadevida.com.ar\/portalurbano\/wp-content\/uploads\/2021\/09\/La-sesion-del-jueves-conto.jpeg",800,445,false],"newsever-medium":["https:\/\/experienciadevida.com.ar\/portalurbano\/wp-content\/uploads\/2021\/09\/La-sesion-del-jueves-conto.jpeg",720,401,false],"web-stories-poster-portrait":["https:\/\/experienciadevida.com.ar\/portalurbano\/wp-content\/uploads\/2021\/09\/La-sesion-del-jueves-conto.jpeg",640,356,false],"web-stories-publisher-logo":["https:\/\/experienciadevida.com.ar\/portalurbano\/wp-content\/uploads\/2021\/09\/La-sesion-del-jueves-conto.jpeg",96,53,false],"web-stories-thumbnail":["https:\/\/experienciadevida.com.ar\/portalurbano\/wp-content\/uploads\/2021\/09\/La-sesion-del-jueves-conto.jpeg",150,83,false]},"author_info":{"display_name":"admpu17wp","author_link":"https:\/\/experienciadevida.com.ar\/portalurbano\/author\/admpu17wp\/"},"category_info":"<a href=\"https:\/\/experienciadevida.com.ar\/portalurbano\/category\/destacadas-2\/\" rel=\"category tag\">Destacadas 2<\/a> <a href=\"https:\/\/experienciadevida.com.ar\/portalurbano\/category\/politica\/\" rel=\"category tag\">Pol\u00edtica<\/a>","tag_info":"Pol\u00edtica","comment_count":"0","amp_enabled":true,"_links":{"self":[{"href":"https:\/\/experienciadevida.com.ar\/portalurbano\/wp-json\/wp\/v2\/posts\/153359"}],"collection":[{"href":"https:\/\/experienciadevida.com.ar\/portalurbano\/wp-json\/wp\/v2\/posts"}],"about":[{"href":"https:\/\/experienciadevida.com.ar\/portalurbano\/wp-json\/wp\/v2\/types\/post"}],"author":[{"embeddable":true,"href":"https:\/\/experienciadevida.com.ar\/portalurbano\/wp-json\/wp\/v2\/users\/1"}],"replies":[{"embeddable":true,"href":"https:\/\/experienciadevida.com.ar\/portalurbano\/wp-json\/wp\/v2\/comments?post=153359"}],"version-history":[{"count":3,"href":"https:\/\/experienciadevida.com.ar\/portalurbano\/wp-json\/wp\/v2\/posts\/153359\/revisions"}],"predecessor-version":[{"id":153364,"href":"https:\/\/experienciadevida.com.ar\/portalurbano\/wp-json\/wp\/v2\/posts\/153359\/revisions\/153364"}],"wp:featuredmedia":[{"embeddable":true,"href":"https:\/\/experienciadevida.com.ar\/portalurbano\/wp-json\/wp\/v2\/media\/153360"}],"wp:attachment":[{"href":"https:\/\/experienciadevida.com.ar\/portalurbano\/wp-json\/wp\/v2\/media?parent=153359"}],"wp:term":[{"taxonomy":"category","embeddable":true,"href":"https:\/\/experienciadevida.com.ar\/portalurbano\/wp-json\/wp\/v2\/categories?post=153359"},{"taxonomy":"post_tag","embeddable":true,"href":"https:\/\/experienciadevida.com.ar\/portalurbano\/wp-json\/wp\/v2\/tags?post=153359"}],"curies":[{"name":"wp","href":"https:\/\/api.w.org\/{rel}","templated":true}]}}