{"id":153331,"date":"2021-09-23T19:47:59","date_gmt":"2021-09-23T22:47:59","guid":{"rendered":"https:\/\/experienciadevida.com.ar\/portalurbano\/?p=153331"},"modified":"2021-09-23T19:50:19","modified_gmt":"2021-09-23T22:50:19","slug":"eduardo-rodriguez-rindio-homenaje-a-helios-eseverri-en-el-concejo-deliberante","status":"publish","type":"post","link":"https:\/\/experienciadevida.com.ar\/portalurbano\/eduardo-rodriguez-rindio-homenaje-a-helios-eseverri-en-el-concejo-deliberante\/","title":{"rendered":"Eduardo Rodr\u00edguez rindi\u00f3 homenaje a Helios Eseverri en el Concejo Deliberante"},"content":{"rendered":"<p>Eduardo <a href=\"https:\/\/www.facebook.com\/rodriguezolav\">Rodr\u00edguez<\/a> rindi\u00f3 homenaje a Helios Eseverri en el Concejo Deliberante.<\/p>\n<p>En la sesi\u00f3n del Honorable Concejo Deliberante, realizada en la ma\u00f1ana de este jueves, el concejal brind\u00f3 homenaje al ex intendente.<\/p>\n<p>En el regreso de las sesiones presenciales del Honorable Concejo Deliberante, en la ma\u00f1ana de este jueves, se realiz\u00f3 un homenaje al ex intendente Helios Eseverri, de quien se cumplieron 14 de su fallecimiento el pasado 21 de septiembre.<\/p>\n<p>Dicho homenaje fue iniciativa del concejal Eduardo Rodr\u00edguez del bloque Foro Olavarr\u00eda en el interbloque Frente de Todos, quien manifest\u00f3 como \u201coportuno recordar a uno de los intendentes m\u00e1s importantes que tuvo la ciudad de Olavarr\u00eda\u201d. \u201cA 14 a\u00f1os de su fallecimiento, Eseverri nos deja un importante legado\u201d, afirm\u00f3 Rodr\u00edguez.<\/p>\n<p>Eduardo Rodr\u00edguez rindi\u00f3 homenaje a Helios Eseverri en el Concejo Deliberante, el concejal destac\u00f3 la gesti\u00f3n que el ex jefe comunal tuvo durante sus per\u00edodos al frente del Municipio. \u201cLas distintas gestiones de Don Helios representan lo que \u00e9l dec\u00eda: \u2018Mejor que decir es hacer\u2019\u201d, se\u00f1al\u00f3 Eduardo Rodr\u00edguez. A modo de ejemplo, el concejal resalt\u00f3 la Pol\u00edtica de hidr\u00e1ulica y defensa de la ciudad contra las inundaciones; la Pol\u00edtica de Salud P\u00fablica, a trav\u00e9s del Hospital Municipal, las Unidades de Atenci\u00f3n Primaria, Hospital de Sierras Bayas y el Hospital de Pediatr\u00eda; las obras<br \/>\nde pavimento, de agua y gas en Olavarr\u00eda y las localidades; obras de vivienda; las obras acordadas con el ex Presidente N\u00e9stor Kirchner, como el enlace de Ruta Nacional 3 y Ruta Nacional 226, entre otras.<\/p>\n<p>A su vez, el concejal valor\u00f3 \u201cla austeridad republicana y la honestidad que caracteriz\u00f3 al Jefe Comunal\u201d. \u201cTambi\u00e9n su dedicaci\u00f3n completa al cargo. Esa dedicaci\u00f3n fue fundamental para el conocimiento de la ciudad\u201d dijo Rodr\u00edguez. Adem\u00e1s, puso en valor \u201cel trato directo que ten\u00eda con los vecinos\u201d.<\/p>\n<p>Por \u00faltimo, el concejal Eduardo Rodr\u00edguez se\u00f1al\u00f3 como otro legado de Helios Eseverri \u201cesa pasi\u00f3n por Olavarr\u00eda, su futuro y enamorarse del proyecto de ciudad. Ese legado hoy nos pertenece a todos\u201d.<\/p>\n","protected":false},"excerpt":{"rendered":"<p>Eduardo Rodr\u00edguez rindi\u00f3 homenaje a Helios Eseverri en el Concejo Deliberante. En la sesi\u00f3n del&#8230;<\/p>\n","protected":false},"author":1,"featured_media":153332,"comment_status":"closed","ping_status":"closed","sticky":false,"template":"","format":"standard","meta":{"content-type":""},"categories":[64,43],"tags":[],"nelio_content":{"isAutoShareEnabled":false,"autoShareEndMode":"default","automationSources":{"useContentSentences":true,"useSocialTemplates":true,"useCustomSentences":false,"customSentences":[]},"followers":[1],"suggestedReferences":[],"includedReferences":[],"efiUrl":"","efiAlt":"","highlights":[]},"yoast_head":"<!-- This site is optimized with the Yoast SEO plugin v20.7 - https:\/\/yoast.com\/wordpress\/plugins\/seo\/ -->\n<title>Eduardo Rodr\u00edguez rindi\u00f3 homenaje a Helios Eseverri en el Concejo<\/title>\n<meta name=\"description\" content=\"Eduardo Rodr\u00edguez rindi\u00f3 homenaje a Helios Eseverri en el Concejo Deliberante, en la sesi\u00f3n que se desarroll\u00f3 en la ma\u00f1ana de este jueves\" \/>\n<meta name=\"robots\" content=\"index, follow, max-snippet:-1, max-image-preview:large, max-video-preview:-1\" \/>\n<link rel=\"canonical\" href=\"https:\/\/experienciadevida.com.ar\/portalurbano\/eduardo-rodriguez-rindio-homenaje-a-helios-eseverri-en-el-concejo-deliberante\/\" \/>\n<meta property=\"og:locale\" content=\"es_ES\" \/>\n<meta property=\"og:type\" content=\"article\" \/>\n<meta property=\"og:title\" content=\"Eduardo Rodr\u00edguez rindi\u00f3 homenaje a Helios Eseverri en el Concejo\" \/>\n<meta property=\"og:description\" content=\"Eduardo Rodr\u00edguez rindi\u00f3 homenaje a Helios Eseverri en el Concejo Deliberante, en la sesi\u00f3n que se desarroll\u00f3 en la ma\u00f1ana de este jueves\" \/>\n<meta property=\"og:url\" content=\"https:\/\/experienciadevida.com.ar\/portalurbano\/eduardo-rodriguez-rindio-homenaje-a-helios-eseverri-en-el-concejo-deliberante\/\" \/>\n<meta property=\"article:publisher\" content=\"https:\/\/www.facebook.com\/Portal-Urbano-171542830093757\/\" \/>\n<meta property=\"article:published_time\" content=\"2021-09-23T22:47:59+00:00\" \/>\n<meta property=\"article:modified_time\" content=\"2021-09-23T22:50:19+00:00\" \/>\n<meta property=\"og:image\" content=\"https:\/\/experienciadevida.com.ar\/portalurbano\/wp-content\/uploads\/2021\/09\/Eduardo-Rodriguez-rindio-homenaje-a.jpeg\" \/>\n\t<meta property=\"og:image:width\" content=\"1600\" \/>\n\t<meta property=\"og:image:height\" content=\"1144\" \/>\n\t<meta property=\"og:image:type\" content=\"image\/jpeg\" \/>\n<meta name=\"author\" content=\"admpu17wp\" \/>\n<meta name=\"twitter:card\" content=\"summary_large_image\" \/>\n<meta name=\"twitter:creator\" content=\"@portalurbanook\" \/>\n<meta name=\"twitter:site\" content=\"@portalurbanook\" \/>\n<meta name=\"twitter:label1\" content=\"Escrito por\" \/>\n\t<meta name=\"twitter:data1\" content=\"admpu17wp\" \/>\n\t<meta name=\"twitter:label2\" content=\"Tiempo de lectura\" \/>\n\t<meta name=\"twitter:data2\" content=\"2 minutos\" \/>\n<script type=\"application\/ld+json\" class=\"yoast-schema-graph\">{\"@context\":\"https:\/\/schema.org\",\"@graph\":[{\"@type\":\"Article\",\"@id\":\"https:\/\/experienciadevida.com.ar\/portalurbano\/eduardo-rodriguez-rindio-homenaje-a-helios-eseverri-en-el-concejo-deliberante\/#article\",\"isPartOf\":{\"@id\":\"https:\/\/experienciadevida.com.ar\/portalurbano\/eduardo-rodriguez-rindio-homenaje-a-helios-eseverri-en-el-concejo-deliberante\/\"},\"author\":{\"name\":\"admpu17wp\",\"@id\":\"https:\/\/experienciadevida.com.ar\/portalurbano\/#\/schema\/person\/02dd326b1c4b056e9cc972486934a3a7\"},\"headline\":\"Eduardo Rodr\u00edguez rindi\u00f3 homenaje a Helios Eseverri en el Concejo Deliberante\",\"datePublished\":\"2021-09-23T22:47:59+00:00\",\"dateModified\":\"2021-09-23T22:50:19+00:00\",\"mainEntityOfPage\":{\"@id\":\"https:\/\/experienciadevida.com.ar\/portalurbano\/eduardo-rodriguez-rindio-homenaje-a-helios-eseverri-en-el-concejo-deliberante\/\"},\"wordCount\":371,\"publisher\":{\"@id\":\"https:\/\/experienciadevida.com.ar\/portalurbano\/#organization\"},\"articleSection\":[\"Destacadas 2\",\"Pol\u00edtica\"],\"inLanguage\":\"es\"},{\"@type\":\"WebPage\",\"@id\":\"https:\/\/experienciadevida.com.ar\/portalurbano\/eduardo-rodriguez-rindio-homenaje-a-helios-eseverri-en-el-concejo-deliberante\/\",\"url\":\"https:\/\/experienciadevida.com.ar\/portalurbano\/eduardo-rodriguez-rindio-homenaje-a-helios-eseverri-en-el-concejo-deliberante\/\",\"name\":\"Eduardo Rodr\u00edguez rindi\u00f3 homenaje a Helios Eseverri en el Concejo\",\"isPartOf\":{\"@id\":\"https:\/\/experienciadevida.com.ar\/portalurbano\/#website\"},\"datePublished\":\"2021-09-23T22:47:59+00:00\",\"dateModified\":\"2021-09-23T22:50:19+00:00\",\"description\":\"Eduardo Rodr\u00edguez rindi\u00f3 homenaje a Helios Eseverri en el Concejo Deliberante, en la sesi\u00f3n que se desarroll\u00f3 en la ma\u00f1ana de este jueves\",\"breadcrumb\":{\"@id\":\"https:\/\/experienciadevida.com.ar\/portalurbano\/eduardo-rodriguez-rindio-homenaje-a-helios-eseverri-en-el-concejo-deliberante\/#breadcrumb\"},\"inLanguage\":\"es\",\"potentialAction\":[{\"@type\":\"ReadAction\",\"target\":[\"https:\/\/experienciadevida.com.ar\/portalurbano\/eduardo-rodriguez-rindio-homenaje-a-helios-eseverri-en-el-concejo-deliberante\/\"]}]},{\"@type\":\"BreadcrumbList\",\"@id\":\"https:\/\/experienciadevida.com.ar\/portalurbano\/eduardo-rodriguez-rindio-homenaje-a-helios-eseverri-en-el-concejo-deliberante\/#breadcrumb\",\"itemListElement\":[{\"@type\":\"ListItem\",\"position\":1,\"name\":\"Portada\",\"item\":\"https:\/\/experienciadevida.com.ar\/portalurbano\/\"},{\"@type\":\"ListItem\",\"position\":2,\"name\":\"Eduardo Rodr\u00edguez rindi\u00f3 homenaje a Helios Eseverri en el Concejo Deliberante\"}]},{\"@type\":\"WebSite\",\"@id\":\"https:\/\/experienciadevida.com.ar\/portalurbano\/#website\",\"url\":\"https:\/\/experienciadevida.com.ar\/portalurbano\/\",\"name\":\"\",\"description\":\"\",\"publisher\":{\"@id\":\"https:\/\/experienciadevida.com.ar\/portalurbano\/#organization\"},\"potentialAction\":[{\"@type\":\"SearchAction\",\"target\":{\"@type\":\"EntryPoint\",\"urlTemplate\":\"https:\/\/experienciadevida.com.ar\/portalurbano\/?s={search_term_string}\"},\"query-input\":\"required name=search_term_string\"}],\"inLanguage\":\"es\"},{\"@type\":\"Organization\",\"@id\":\"https:\/\/experienciadevida.com.ar\/portalurbano\/#organization\",\"name\":\"Portal Urbano\",\"url\":\"https:\/\/experienciadevida.com.ar\/portalurbano\/\",\"logo\":{\"@type\":\"ImageObject\",\"inLanguage\":\"es\",\"@id\":\"https:\/\/experienciadevida.com.ar\/portalurbano\/#\/schema\/logo\/image\/\",\"url\":\"https:\/\/experienciadevida.com.ar\/portalurbano\/wp-content\/uploads\/2019\/09\/Logo-Original.png\",\"contentUrl\":\"https:\/\/experienciadevida.com.ar\/portalurbano\/wp-content\/uploads\/2019\/09\/Logo-Original.png\",\"width\":2236,\"height\":1216,\"caption\":\"Portal Urbano\"},\"image\":{\"@id\":\"https:\/\/experienciadevida.com.ar\/portalurbano\/#\/schema\/logo\/image\/\"},\"sameAs\":[\"https:\/\/www.facebook.com\/Portal-Urbano-171542830093757\/\",\"https:\/\/twitter.com\/portalurbanook\",\"https:\/\/www.instagram.com\/_portalurbano\/\",\"https:\/\/www.youtube.com\/channel\/UCXhagIfszH8KxFiOok79zbA?view_as=subscriber\"]},{\"@type\":\"Person\",\"@id\":\"https:\/\/experienciadevida.com.ar\/portalurbano\/#\/schema\/person\/02dd326b1c4b056e9cc972486934a3a7\",\"name\":\"admpu17wp\",\"image\":{\"@type\":\"ImageObject\",\"inLanguage\":\"es\",\"@id\":\"https:\/\/experienciadevida.com.ar\/portalurbano\/#\/schema\/person\/image\/\",\"url\":\"https:\/\/secure.gravatar.com\/avatar\/830d4c57adaae6630765e449a6908047?s=96&d=mm&r=g\",\"contentUrl\":\"https:\/\/secure.gravatar.com\/avatar\/830d4c57adaae6630765e449a6908047?s=96&d=mm&r=g\",\"caption\":\"admpu17wp\"}}]}<\/script>\n<!-- \/ Yoast SEO plugin. -->","yoast_head_json":{"title":"Eduardo Rodr\u00edguez rindi\u00f3 homenaje a Helios Eseverri en el Concejo","description":"Eduardo Rodr\u00edguez rindi\u00f3 homenaje a Helios Eseverri en el Concejo Deliberante, en la sesi\u00f3n que se desarroll\u00f3 en la ma\u00f1ana de este jueves","robots":{"index":"index","follow":"follow","max-snippet":"max-snippet:-1","max-image-preview":"max-image-preview:large","max-video-preview":"max-video-preview:-1"},"canonical":"https:\/\/experienciadevida.com.ar\/portalurbano\/eduardo-rodriguez-rindio-homenaje-a-helios-eseverri-en-el-concejo-deliberante\/","og_locale":"es_ES","og_type":"article","og_title":"Eduardo Rodr\u00edguez rindi\u00f3 homenaje a Helios Eseverri en el Concejo","og_description":"Eduardo Rodr\u00edguez rindi\u00f3 homenaje a Helios Eseverri en el Concejo Deliberante, en la sesi\u00f3n que se desarroll\u00f3 en la ma\u00f1ana de este jueves","og_url":"https:\/\/experienciadevida.com.ar\/portalurbano\/eduardo-rodriguez-rindio-homenaje-a-helios-eseverri-en-el-concejo-deliberante\/","article_publisher":"https:\/\/www.facebook.com\/Portal-Urbano-171542830093757\/","article_published_time":"2021-09-23T22:47:59+00:00","article_modified_time":"2021-09-23T22:50:19+00:00","og_image":[{"width":1600,"height":1144,"url":"https:\/\/experienciadevida.com.ar\/portalurbano\/wp-content\/uploads\/2021\/09\/Eduardo-Rodriguez-rindio-homenaje-a.jpeg","type":"image\/jpeg"}],"author":"admpu17wp","twitter_card":"summary_large_image","twitter_creator":"@portalurbanook","twitter_site":"@portalurbanook","twitter_misc":{"Escrito por":"admpu17wp","Tiempo de lectura":"2 minutos"},"schema":{"@context":"https:\/\/schema.org","@graph":[{"@type":"Article","@id":"https:\/\/experienciadevida.com.ar\/portalurbano\/eduardo-rodriguez-rindio-homenaje-a-helios-eseverri-en-el-concejo-deliberante\/#article","isPartOf":{"@id":"https:\/\/experienciadevida.com.ar\/portalurbano\/eduardo-rodriguez-rindio-homenaje-a-helios-eseverri-en-el-concejo-deliberante\/"},"author":{"name":"admpu17wp","@id":"https:\/\/experienciadevida.com.ar\/portalurbano\/#\/schema\/person\/02dd326b1c4b056e9cc972486934a3a7"},"headline":"Eduardo Rodr\u00edguez rindi\u00f3 homenaje a Helios Eseverri en el Concejo Deliberante","datePublished":"2021-09-23T22:47:59+00:00","dateModified":"2021-09-23T22:50:19+00:00","mainEntityOfPage":{"@id":"https:\/\/experienciadevida.com.ar\/portalurbano\/eduardo-rodriguez-rindio-homenaje-a-helios-eseverri-en-el-concejo-deliberante\/"},"wordCount":371,"publisher":{"@id":"https:\/\/experienciadevida.com.ar\/portalurbano\/#organization"},"articleSection":["Destacadas 2","Pol\u00edtica"],"inLanguage":"es"},{"@type":"WebPage","@id":"https:\/\/experienciadevida.com.ar\/portalurbano\/eduardo-rodriguez-rindio-homenaje-a-helios-eseverri-en-el-concejo-deliberante\/","url":"https:\/\/experienciadevida.com.ar\/portalurbano\/eduardo-rodriguez-rindio-homenaje-a-helios-eseverri-en-el-concejo-deliberante\/","name":"Eduardo Rodr\u00edguez rindi\u00f3 homenaje a Helios Eseverri en el Concejo","isPartOf":{"@id":"https:\/\/experienciadevida.com.ar\/portalurbano\/#website"},"datePublished":"2021-09-23T22:47:59+00:00","dateModified":"2021-09-23T22:50:19+00:00","description":"Eduardo Rodr\u00edguez rindi\u00f3 homenaje a Helios Eseverri en el Concejo Deliberante, en la sesi\u00f3n que se desarroll\u00f3 en la ma\u00f1ana de este jueves","breadcrumb":{"@id":"https:\/\/experienciadevida.com.ar\/portalurbano\/eduardo-rodriguez-rindio-homenaje-a-helios-eseverri-en-el-concejo-deliberante\/#breadcrumb"},"inLanguage":"es","potentialAction":[{"@type":"ReadAction","target":["https:\/\/experienciadevida.com.ar\/portalurbano\/eduardo-rodriguez-rindio-homenaje-a-helios-eseverri-en-el-concejo-deliberante\/"]}]},{"@type":"BreadcrumbList","@id":"https:\/\/experienciadevida.com.ar\/portalurbano\/eduardo-rodriguez-rindio-homenaje-a-helios-eseverri-en-el-concejo-deliberante\/#breadcrumb","itemListElement":[{"@type":"ListItem","position":1,"name":"Portada","item":"https:\/\/experienciadevida.com.ar\/portalurbano\/"},{"@type":"ListItem","position":2,"name":"Eduardo Rodr\u00edguez rindi\u00f3 homenaje a Helios Eseverri en el Concejo Deliberante"}]},{"@type":"WebSite","@id":"https:\/\/experienciadevida.com.ar\/portalurbano\/#website","url":"https:\/\/experienciadevida.com.ar\/portalurbano\/","name":"","description":"","publisher":{"@id":"https:\/\/experienciadevida.com.ar\/portalurbano\/#organization"},"potentialAction":[{"@type":"SearchAction","target":{"@type":"EntryPoint","urlTemplate":"https:\/\/experienciadevida.com.ar\/portalurbano\/?s={search_term_string}"},"query-input":"required name=search_term_string"}],"inLanguage":"es"},{"@type":"Organization","@id":"https:\/\/experienciadevida.com.ar\/portalurbano\/#organization","name":"Portal Urbano","url":"https:\/\/experienciadevida.com.ar\/portalurbano\/","logo":{"@type":"ImageObject","inLanguage":"es","@id":"https:\/\/experienciadevida.com.ar\/portalurbano\/#\/schema\/logo\/image\/","url":"https:\/\/experienciadevida.com.ar\/portalurbano\/wp-content\/uploads\/2019\/09\/Logo-Original.png","contentUrl":"https:\/\/experienciadevida.com.ar\/portalurbano\/wp-content\/uploads\/2019\/09\/Logo-Original.png","width":2236,"height":1216,"caption":"Portal Urbano"},"image":{"@id":"https:\/\/experienciadevida.com.ar\/portalurbano\/#\/schema\/logo\/image\/"},"sameAs":["https:\/\/www.facebook.com\/Portal-Urbano-171542830093757\/","https:\/\/twitter.com\/portalurbanook","https:\/\/www.instagram.com\/_portalurbano\/","https:\/\/www.youtube.com\/channel\/UCXhagIfszH8KxFiOok79zbA?view_as=subscriber"]},{"@type":"Person","@id":"https:\/\/experienciadevida.com.ar\/portalurbano\/#\/schema\/person\/02dd326b1c4b056e9cc972486934a3a7","name":"admpu17wp","image":{"@type":"ImageObject","inLanguage":"es","@id":"https:\/\/experienciadevida.com.ar\/portalurbano\/#\/schema\/person\/image\/","url":"https:\/\/secure.gravatar.com\/avatar\/830d4c57adaae6630765e449a6908047?s=96&d=mm&r=g","contentUrl":"https:\/\/secure.gravatar.com\/avatar\/830d4c57adaae6630765e449a6908047?s=96&d=mm&r=g","caption":"admpu17wp"}}]}},"featured_image_urls":{"full":["https:\/\/experienciadevida.com.ar\/portalurbano\/wp-content\/uploads\/2021\/09\/Eduardo-Rodriguez-rindio-homenaje-a.jpeg",1600,1144,false],"thumbnail":["https:\/\/experienciadevida.com.ar\/portalurbano\/wp-content\/uploads\/2021\/09\/Eduardo-Rodriguez-rindio-homenaje-a-150x150.jpeg",150,150,true],"medium":["https:\/\/experienciadevida.com.ar\/portalurbano\/wp-content\/uploads\/2021\/09\/Eduardo-Rodriguez-rindio-homenaje-a-300x215.jpeg",300,215,true],"medium_large":["https:\/\/experienciadevida.com.ar\/portalurbano\/wp-content\/uploads\/2021\/09\/Eduardo-Rodriguez-rindio-homenaje-a-768x549.jpeg",640,458,true],"large":["https:\/\/experienciadevida.com.ar\/portalurbano\/wp-content\/uploads\/2021\/09\/Eduardo-Rodriguez-rindio-homenaje-a-1024x732.jpeg",640,458,true],"ug_big":["https:\/\/experienciadevida.com.ar\/portalurbano\/wp-content\/uploads\/2021\/09\/Eduardo-Rodriguez-rindio-homenaje-a-768x549.jpeg",768,549,true],"1536x1536":["https:\/\/experienciadevida.com.ar\/portalurbano\/wp-content\/uploads\/2021\/09\/Eduardo-Rodriguez-rindio-homenaje-a-1536x1098.jpeg",1536,1098,true],"2048x2048":["https:\/\/experienciadevida.com.ar\/portalurbano\/wp-content\/uploads\/2021\/09\/Eduardo-Rodriguez-rindio-homenaje-a.jpeg",1600,1144,false],"newsever-slider-full":["https:\/\/experienciadevida.com.ar\/portalurbano\/wp-content\/uploads\/2021\/09\/Eduardo-Rodriguez-rindio-homenaje-a.jpeg",1182,845,false],"newsever-featured":["https:\/\/experienciadevida.com.ar\/portalurbano\/wp-content\/uploads\/2021\/09\/Eduardo-Rodriguez-rindio-homenaje-a.jpeg",1024,732,false],"newsever-medium":["https:\/\/experienciadevida.com.ar\/portalurbano\/wp-content\/uploads\/2021\/09\/Eduardo-Rodriguez-rindio-homenaje-a.jpeg",664,475,false],"web-stories-poster-portrait":["https:\/\/experienciadevida.com.ar\/portalurbano\/wp-content\/uploads\/2021\/09\/Eduardo-Rodriguez-rindio-homenaje-a.jpeg",640,458,false],"web-stories-publisher-logo":["https:\/\/experienciadevida.com.ar\/portalurbano\/wp-content\/uploads\/2021\/09\/Eduardo-Rodriguez-rindio-homenaje-a.jpeg",96,69,false],"web-stories-thumbnail":["https:\/\/experienciadevida.com.ar\/portalurbano\/wp-content\/uploads\/2021\/09\/Eduardo-Rodriguez-rindio-homenaje-a.jpeg",150,107,false]},"author_info":{"display_name":"admpu17wp","author_link":"https:\/\/experienciadevida.com.ar\/portalurbano\/author\/admpu17wp\/"},"category_info":"<a href=\"https:\/\/experienciadevida.com.ar\/portalurbano\/category\/destacadas-2\/\" rel=\"category tag\">Destacadas 2<\/a> <a href=\"https:\/\/experienciadevida.com.ar\/portalurbano\/category\/politica\/\" rel=\"category tag\">Pol\u00edtica<\/a>","tag_info":"Pol\u00edtica","comment_count":"0","amp_enabled":true,"_links":{"self":[{"href":"https:\/\/experienciadevida.com.ar\/portalurbano\/wp-json\/wp\/v2\/posts\/153331"}],"collection":[{"href":"https:\/\/experienciadevida.com.ar\/portalurbano\/wp-json\/wp\/v2\/posts"}],"about":[{"href":"https:\/\/experienciadevida.com.ar\/portalurbano\/wp-json\/wp\/v2\/types\/post"}],"author":[{"embeddable":true,"href":"https:\/\/experienciadevida.com.ar\/portalurbano\/wp-json\/wp\/v2\/users\/1"}],"replies":[{"embeddable":true,"href":"https:\/\/experienciadevida.com.ar\/portalurbano\/wp-json\/wp\/v2\/comments?post=153331"}],"version-history":[{"count":3,"href":"https:\/\/experienciadevida.com.ar\/portalurbano\/wp-json\/wp\/v2\/posts\/153331\/revisions"}],"predecessor-version":[{"id":153335,"href":"https:\/\/experienciadevida.com.ar\/portalurbano\/wp-json\/wp\/v2\/posts\/153331\/revisions\/153335"}],"wp:featuredmedia":[{"embeddable":true,"href":"https:\/\/experienciadevida.com.ar\/portalurbano\/wp-json\/wp\/v2\/media\/153332"}],"wp:attachment":[{"href":"https:\/\/experienciadevida.com.ar\/portalurbano\/wp-json\/wp\/v2\/media?parent=153331"}],"wp:term":[{"taxonomy":"category","embeddable":true,"href":"https:\/\/experienciadevida.com.ar\/portalurbano\/wp-json\/wp\/v2\/categories?post=153331"},{"taxonomy":"post_tag","embeddable":true,"href":"https:\/\/experienciadevida.com.ar\/portalurbano\/wp-json\/wp\/v2\/tags?post=153331"}],"curies":[{"name":"wp","href":"https:\/\/api.w.org\/{rel}","templated":true}]}}