{"id":153291,"date":"2021-09-23T10:06:17","date_gmt":"2021-09-23T13:06:17","guid":{"rendered":"https:\/\/experienciadevida.com.ar\/portalurbano\/?p=153291"},"modified":"2021-09-23T10:10:28","modified_gmt":"2021-09-23T13:10:28","slug":"de-manera-presencial-este-jueves-se-desarrolla-la-sesion-del-hcd","status":"publish","type":"post","link":"https:\/\/experienciadevida.com.ar\/portalurbano\/de-manera-presencial-este-jueves-se-desarrolla-la-sesion-del-hcd\/","title":{"rendered":"De manera presencial este jueves se desarrolla la sesi\u00f3n del HCD"},"content":{"rendered":"<p>De manera presencial este jueves se desarrolla la sesi\u00f3n del HCD, con la totalidad de los concejales en el recinto de la Sociedad Espa\u00f1ola, la misma puede verse a trav\u00e9s de su canal de <a href=\"https:\/\/www.youtube.com\/watch?v=DbP9-iUfyAE\">youtube<\/a>.<\/p>\n<p>La primera en tomar la palabra fue la edil Alicia Almada para decir unas palabras tras el <a href=\"https:\/\/experienciadevida.com.ar\/portalurbano\/pesar-por-el-fallecimiento-del-prof-hugo-ratier\/\">fallecimiento del Profesor Hugo Ratie<\/a>r, &#8220;en el d\u00eda de ayer la facultad de ciencias sociales y ya de ante mano algunos egresados de la carrera Antropolog\u00eda social y arqueol\u00f3gica conocimos la noticia\u00a0 lamentable de la muerte del profesor podr\u00eda haber elegido leer un poco su biograf\u00eda pero consider\u00e9 m\u00e1s oportuno dirigir unas muy breves palabras acerca de quien fue el profesor. Corr\u00eda ya el a\u00f1o 64 y este profesor fue uno de los primeros graduados de la carrera de antropolog\u00eda social de la universidad de Buenos Aires se focaliz\u00f3 fundamentalmente en la d\u00e9cada del 60\u00a0 y del 70 en los trabajos en las villas miserias que por entonces crec\u00edan aceleradamente al ritmo de la industrializaci\u00f3n del pa\u00eds&#8221;.<\/p>\n<p>De manera presencial este jueves se desarrolla la sesi\u00f3n del HCD, &#8220;Un profesor muy comprometido con la tarea de lo que llamamos trabajo de campo, m\u00e1s all\u00e1 de ser investigador fue un profesor que desde el comienzo de la carrera inst\u00f3 a sus alumnos\u00a0 y compa\u00f1eros a ir al campo como llamamos los antrop\u00f3logos es decir, ir al lugar a estudiar, observar, estar con la gente y poder acercarnos para ver c\u00f3mo piensan, act\u00faan, dicen y vivencian sus situaciones comunitarias y personales\u00a0 en cada lugar. El profesor en el a\u00f1o 72 funda el colegio de graduados de la carrera de antropolog\u00eda social, luego con la dictadura militar se vio obligado a exiliarse en el pa\u00eds hermano de Brasil\u00a0 y trabaja durante 8 a\u00f1os dirigiendo un museo pero paralelamente tambi\u00e9n descubre su amor por lo que es la antropolog\u00eda rural y trabaja en el norte de la campi\u00f1a Brasile\u00f1a\u00a0 con migrantes y con trabajadores rurales cuando regresa al pa\u00eds en el a\u00f1o 85 con el regreso de la democracia vuelve a ser profesor de la facultad de filosof\u00eda y letras de la UBA, volvi\u00f3 a dirigir la carrera de antropolog\u00eda que hab\u00eda sido cerrada en la ciudad de Mar del Plata una carrera que por supuesto se caracteriza por ense\u00f1ar\u00a0 a pensar y ver la realidad de una manera diferente de distintas aristas&#8221;.<\/p>\n<p>Por otro lado, &#8220;iba pasando el tiempo y llega a la ciudad de Olavarr\u00eda y es por eso que el homenaje es sentido porque llega organiza el primer congreso sudamericano de antropolog\u00eda rural en el 85 acompa\u00f1ado de la gesti\u00f3n en ese momento municipal que le dio todo su apoyo y a partir de la relevancia que adquiere ese congreso comienzan a gestionar la apertura de las carreras de antropolog\u00eda social y arqueol\u00f3gica de all\u00ed en mas el profesor se jubil\u00f3 siendo profesor, nos honr\u00f3 con su presencia en m\u00e1s de una oportunidad y ayer ha sido un d\u00eda de duelo. En el plano personal cuando eleg\u00ed el tema para mi tesis intent\u00e9 retomar un trabajo\u00a0 de campo que \u00e9l hab\u00eda hecho 10 a\u00f1os antes en la zona de Santa Luisa sobre el despoblamiento rural de los pueblos bonaerenses &#8220;.<\/p>\n<p>Posteriormente se hizo un minuto de silencio y comenzaron con los temas de la sesi\u00f3n.<\/p>\n","protected":false},"excerpt":{"rendered":"<p>De manera presencial este jueves se desarrolla la sesi\u00f3n del HCD, con la totalidad de&#8230;<\/p>\n","protected":false},"author":1,"featured_media":153292,"comment_status":"closed","ping_status":"closed","sticky":false,"template":"","format":"standard","meta":{"content-type":""},"categories":[27,64],"tags":[],"nelio_content":{"isAutoShareEnabled":false,"autoShareEndMode":"default","automationSources":{"useContentSentences":true,"useSocialTemplates":true,"useCustomSentences":false,"customSentences":[]},"followers":[1],"suggestedReferences":[],"includedReferences":["https:\/\/www.youtube.com\/watch?v=DbP9-iUfyAE"],"efiUrl":"","efiAlt":"","highlights":[]},"yoast_head":"<!-- This site is optimized with the Yoast SEO plugin v20.7 - https:\/\/yoast.com\/wordpress\/plugins\/seo\/ -->\n<title>De manera presencial este jueves se desarrolla la sesi\u00f3n del HCD<\/title>\n<meta name=\"description\" content=\"De manera presencial este jueves se desarrolla la sesi\u00f3n del HCD, con la totalidad de los concejales en el recinto de la Sociedad Espa\u00f1ola.\" \/>\n<meta name=\"robots\" content=\"index, follow, max-snippet:-1, max-image-preview:large, max-video-preview:-1\" \/>\n<link rel=\"canonical\" href=\"https:\/\/experienciadevida.com.ar\/portalurbano\/de-manera-presencial-este-jueves-se-desarrolla-la-sesion-del-hcd\/\" \/>\n<meta property=\"og:locale\" content=\"es_ES\" \/>\n<meta property=\"og:type\" content=\"article\" \/>\n<meta property=\"og:title\" content=\"De manera presencial este jueves se desarrolla la sesi\u00f3n del HCD\" \/>\n<meta property=\"og:description\" content=\"De manera presencial este jueves se desarrolla la sesi\u00f3n del HCD, con la totalidad de los concejales en el recinto de la Sociedad Espa\u00f1ola.\" \/>\n<meta property=\"og:url\" content=\"https:\/\/experienciadevida.com.ar\/portalurbano\/de-manera-presencial-este-jueves-se-desarrolla-la-sesion-del-hcd\/\" \/>\n<meta property=\"article:publisher\" content=\"https:\/\/www.facebook.com\/Portal-Urbano-171542830093757\/\" \/>\n<meta property=\"article:published_time\" content=\"2021-09-23T13:06:17+00:00\" \/>\n<meta property=\"article:modified_time\" content=\"2021-09-23T13:10:28+00:00\" \/>\n<meta property=\"og:image\" content=\"https:\/\/experienciadevida.com.ar\/portalurbano\/wp-content\/uploads\/2021\/09\/De-manera-presencial-se-desarrolla-.png\" \/>\n\t<meta property=\"og:image:width\" content=\"1011\" \/>\n\t<meta property=\"og:image:height\" content=\"551\" \/>\n\t<meta property=\"og:image:type\" content=\"image\/png\" \/>\n<meta name=\"author\" content=\"admpu17wp\" \/>\n<meta name=\"twitter:card\" content=\"summary_large_image\" \/>\n<meta name=\"twitter:creator\" content=\"@portalurbanook\" \/>\n<meta name=\"twitter:site\" content=\"@portalurbanook\" \/>\n<meta name=\"twitter:label1\" content=\"Escrito por\" \/>\n\t<meta name=\"twitter:data1\" content=\"admpu17wp\" \/>\n\t<meta name=\"twitter:label2\" content=\"Tiempo de lectura\" \/>\n\t<meta name=\"twitter:data2\" content=\"3 minutos\" \/>\n<script type=\"application\/ld+json\" class=\"yoast-schema-graph\">{\"@context\":\"https:\/\/schema.org\",\"@graph\":[{\"@type\":\"Article\",\"@id\":\"https:\/\/experienciadevida.com.ar\/portalurbano\/de-manera-presencial-este-jueves-se-desarrolla-la-sesion-del-hcd\/#article\",\"isPartOf\":{\"@id\":\"https:\/\/experienciadevida.com.ar\/portalurbano\/de-manera-presencial-este-jueves-se-desarrolla-la-sesion-del-hcd\/\"},\"author\":{\"name\":\"admpu17wp\",\"@id\":\"https:\/\/experienciadevida.com.ar\/portalurbano\/#\/schema\/person\/02dd326b1c4b056e9cc972486934a3a7\"},\"headline\":\"De manera presencial este jueves se desarrolla la sesi\u00f3n del HCD\",\"datePublished\":\"2021-09-23T13:06:17+00:00\",\"dateModified\":\"2021-09-23T13:10:28+00:00\",\"mainEntityOfPage\":{\"@id\":\"https:\/\/experienciadevida.com.ar\/portalurbano\/de-manera-presencial-este-jueves-se-desarrolla-la-sesion-del-hcd\/\"},\"wordCount\":596,\"publisher\":{\"@id\":\"https:\/\/experienciadevida.com.ar\/portalurbano\/#organization\"},\"articleSection\":[\"Ciudad\",\"Destacadas 2\"],\"inLanguage\":\"es\"},{\"@type\":\"WebPage\",\"@id\":\"https:\/\/experienciadevida.com.ar\/portalurbano\/de-manera-presencial-este-jueves-se-desarrolla-la-sesion-del-hcd\/\",\"url\":\"https:\/\/experienciadevida.com.ar\/portalurbano\/de-manera-presencial-este-jueves-se-desarrolla-la-sesion-del-hcd\/\",\"name\":\"De manera presencial este jueves se desarrolla la sesi\u00f3n del HCD\",\"isPartOf\":{\"@id\":\"https:\/\/experienciadevida.com.ar\/portalurbano\/#website\"},\"datePublished\":\"2021-09-23T13:06:17+00:00\",\"dateModified\":\"2021-09-23T13:10:28+00:00\",\"description\":\"De manera presencial este jueves se desarrolla la sesi\u00f3n del HCD, con la totalidad de los concejales en el recinto de la Sociedad Espa\u00f1ola.\",\"breadcrumb\":{\"@id\":\"https:\/\/experienciadevida.com.ar\/portalurbano\/de-manera-presencial-este-jueves-se-desarrolla-la-sesion-del-hcd\/#breadcrumb\"},\"inLanguage\":\"es\",\"potentialAction\":[{\"@type\":\"ReadAction\",\"target\":[\"https:\/\/experienciadevida.com.ar\/portalurbano\/de-manera-presencial-este-jueves-se-desarrolla-la-sesion-del-hcd\/\"]}]},{\"@type\":\"BreadcrumbList\",\"@id\":\"https:\/\/experienciadevida.com.ar\/portalurbano\/de-manera-presencial-este-jueves-se-desarrolla-la-sesion-del-hcd\/#breadcrumb\",\"itemListElement\":[{\"@type\":\"ListItem\",\"position\":1,\"name\":\"Portada\",\"item\":\"https:\/\/experienciadevida.com.ar\/portalurbano\/\"},{\"@type\":\"ListItem\",\"position\":2,\"name\":\"De manera presencial este jueves se desarrolla la sesi\u00f3n del HCD\"}]},{\"@type\":\"WebSite\",\"@id\":\"https:\/\/experienciadevida.com.ar\/portalurbano\/#website\",\"url\":\"https:\/\/experienciadevida.com.ar\/portalurbano\/\",\"name\":\"\",\"description\":\"\",\"publisher\":{\"@id\":\"https:\/\/experienciadevida.com.ar\/portalurbano\/#organization\"},\"potentialAction\":[{\"@type\":\"SearchAction\",\"target\":{\"@type\":\"EntryPoint\",\"urlTemplate\":\"https:\/\/experienciadevida.com.ar\/portalurbano\/?s={search_term_string}\"},\"query-input\":\"required name=search_term_string\"}],\"inLanguage\":\"es\"},{\"@type\":\"Organization\",\"@id\":\"https:\/\/experienciadevida.com.ar\/portalurbano\/#organization\",\"name\":\"Portal Urbano\",\"url\":\"https:\/\/experienciadevida.com.ar\/portalurbano\/\",\"logo\":{\"@type\":\"ImageObject\",\"inLanguage\":\"es\",\"@id\":\"https:\/\/experienciadevida.com.ar\/portalurbano\/#\/schema\/logo\/image\/\",\"url\":\"https:\/\/experienciadevida.com.ar\/portalurbano\/wp-content\/uploads\/2019\/09\/Logo-Original.png\",\"contentUrl\":\"https:\/\/experienciadevida.com.ar\/portalurbano\/wp-content\/uploads\/2019\/09\/Logo-Original.png\",\"width\":2236,\"height\":1216,\"caption\":\"Portal Urbano\"},\"image\":{\"@id\":\"https:\/\/experienciadevida.com.ar\/portalurbano\/#\/schema\/logo\/image\/\"},\"sameAs\":[\"https:\/\/www.facebook.com\/Portal-Urbano-171542830093757\/\",\"https:\/\/twitter.com\/portalurbanook\",\"https:\/\/www.instagram.com\/_portalurbano\/\",\"https:\/\/www.youtube.com\/channel\/UCXhagIfszH8KxFiOok79zbA?view_as=subscriber\"]},{\"@type\":\"Person\",\"@id\":\"https:\/\/experienciadevida.com.ar\/portalurbano\/#\/schema\/person\/02dd326b1c4b056e9cc972486934a3a7\",\"name\":\"admpu17wp\",\"image\":{\"@type\":\"ImageObject\",\"inLanguage\":\"es\",\"@id\":\"https:\/\/experienciadevida.com.ar\/portalurbano\/#\/schema\/person\/image\/\",\"url\":\"https:\/\/secure.gravatar.com\/avatar\/830d4c57adaae6630765e449a6908047?s=96&d=mm&r=g\",\"contentUrl\":\"https:\/\/secure.gravatar.com\/avatar\/830d4c57adaae6630765e449a6908047?s=96&d=mm&r=g\",\"caption\":\"admpu17wp\"}}]}<\/script>\n<!-- \/ Yoast SEO plugin. -->","yoast_head_json":{"title":"De manera presencial este jueves se desarrolla la sesi\u00f3n del HCD","description":"De manera presencial este jueves se desarrolla la sesi\u00f3n del HCD, con la totalidad de los concejales en el recinto de la Sociedad Espa\u00f1ola.","robots":{"index":"index","follow":"follow","max-snippet":"max-snippet:-1","max-image-preview":"max-image-preview:large","max-video-preview":"max-video-preview:-1"},"canonical":"https:\/\/experienciadevida.com.ar\/portalurbano\/de-manera-presencial-este-jueves-se-desarrolla-la-sesion-del-hcd\/","og_locale":"es_ES","og_type":"article","og_title":"De manera presencial este jueves se desarrolla la sesi\u00f3n del HCD","og_description":"De manera presencial este jueves se desarrolla la sesi\u00f3n del HCD, con la totalidad de los concejales en el recinto de la Sociedad Espa\u00f1ola.","og_url":"https:\/\/experienciadevida.com.ar\/portalurbano\/de-manera-presencial-este-jueves-se-desarrolla-la-sesion-del-hcd\/","article_publisher":"https:\/\/www.facebook.com\/Portal-Urbano-171542830093757\/","article_published_time":"2021-09-23T13:06:17+00:00","article_modified_time":"2021-09-23T13:10:28+00:00","og_image":[{"width":1011,"height":551,"url":"https:\/\/experienciadevida.com.ar\/portalurbano\/wp-content\/uploads\/2021\/09\/De-manera-presencial-se-desarrolla-.png","type":"image\/png"}],"author":"admpu17wp","twitter_card":"summary_large_image","twitter_creator":"@portalurbanook","twitter_site":"@portalurbanook","twitter_misc":{"Escrito por":"admpu17wp","Tiempo de lectura":"3 minutos"},"schema":{"@context":"https:\/\/schema.org","@graph":[{"@type":"Article","@id":"https:\/\/experienciadevida.com.ar\/portalurbano\/de-manera-presencial-este-jueves-se-desarrolla-la-sesion-del-hcd\/#article","isPartOf":{"@id":"https:\/\/experienciadevida.com.ar\/portalurbano\/de-manera-presencial-este-jueves-se-desarrolla-la-sesion-del-hcd\/"},"author":{"name":"admpu17wp","@id":"https:\/\/experienciadevida.com.ar\/portalurbano\/#\/schema\/person\/02dd326b1c4b056e9cc972486934a3a7"},"headline":"De manera presencial este jueves se desarrolla la sesi\u00f3n del HCD","datePublished":"2021-09-23T13:06:17+00:00","dateModified":"2021-09-23T13:10:28+00:00","mainEntityOfPage":{"@id":"https:\/\/experienciadevida.com.ar\/portalurbano\/de-manera-presencial-este-jueves-se-desarrolla-la-sesion-del-hcd\/"},"wordCount":596,"publisher":{"@id":"https:\/\/experienciadevida.com.ar\/portalurbano\/#organization"},"articleSection":["Ciudad","Destacadas 2"],"inLanguage":"es"},{"@type":"WebPage","@id":"https:\/\/experienciadevida.com.ar\/portalurbano\/de-manera-presencial-este-jueves-se-desarrolla-la-sesion-del-hcd\/","url":"https:\/\/experienciadevida.com.ar\/portalurbano\/de-manera-presencial-este-jueves-se-desarrolla-la-sesion-del-hcd\/","name":"De manera presencial este jueves se desarrolla la sesi\u00f3n del HCD","isPartOf":{"@id":"https:\/\/experienciadevida.com.ar\/portalurbano\/#website"},"datePublished":"2021-09-23T13:06:17+00:00","dateModified":"2021-09-23T13:10:28+00:00","description":"De manera presencial este jueves se desarrolla la sesi\u00f3n del HCD, con la totalidad de los concejales en el recinto de la Sociedad Espa\u00f1ola.","breadcrumb":{"@id":"https:\/\/experienciadevida.com.ar\/portalurbano\/de-manera-presencial-este-jueves-se-desarrolla-la-sesion-del-hcd\/#breadcrumb"},"inLanguage":"es","potentialAction":[{"@type":"ReadAction","target":["https:\/\/experienciadevida.com.ar\/portalurbano\/de-manera-presencial-este-jueves-se-desarrolla-la-sesion-del-hcd\/"]}]},{"@type":"BreadcrumbList","@id":"https:\/\/experienciadevida.com.ar\/portalurbano\/de-manera-presencial-este-jueves-se-desarrolla-la-sesion-del-hcd\/#breadcrumb","itemListElement":[{"@type":"ListItem","position":1,"name":"Portada","item":"https:\/\/experienciadevida.com.ar\/portalurbano\/"},{"@type":"ListItem","position":2,"name":"De manera presencial este jueves se desarrolla la sesi\u00f3n del HCD"}]},{"@type":"WebSite","@id":"https:\/\/experienciadevida.com.ar\/portalurbano\/#website","url":"https:\/\/experienciadevida.com.ar\/portalurbano\/","name":"","description":"","publisher":{"@id":"https:\/\/experienciadevida.com.ar\/portalurbano\/#organization"},"potentialAction":[{"@type":"SearchAction","target":{"@type":"EntryPoint","urlTemplate":"https:\/\/experienciadevida.com.ar\/portalurbano\/?s={search_term_string}"},"query-input":"required name=search_term_string"}],"inLanguage":"es"},{"@type":"Organization","@id":"https:\/\/experienciadevida.com.ar\/portalurbano\/#organization","name":"Portal Urbano","url":"https:\/\/experienciadevida.com.ar\/portalurbano\/","logo":{"@type":"ImageObject","inLanguage":"es","@id":"https:\/\/experienciadevida.com.ar\/portalurbano\/#\/schema\/logo\/image\/","url":"https:\/\/experienciadevida.com.ar\/portalurbano\/wp-content\/uploads\/2019\/09\/Logo-Original.png","contentUrl":"https:\/\/experienciadevida.com.ar\/portalurbano\/wp-content\/uploads\/2019\/09\/Logo-Original.png","width":2236,"height":1216,"caption":"Portal Urbano"},"image":{"@id":"https:\/\/experienciadevida.com.ar\/portalurbano\/#\/schema\/logo\/image\/"},"sameAs":["https:\/\/www.facebook.com\/Portal-Urbano-171542830093757\/","https:\/\/twitter.com\/portalurbanook","https:\/\/www.instagram.com\/_portalurbano\/","https:\/\/www.youtube.com\/channel\/UCXhagIfszH8KxFiOok79zbA?view_as=subscriber"]},{"@type":"Person","@id":"https:\/\/experienciadevida.com.ar\/portalurbano\/#\/schema\/person\/02dd326b1c4b056e9cc972486934a3a7","name":"admpu17wp","image":{"@type":"ImageObject","inLanguage":"es","@id":"https:\/\/experienciadevida.com.ar\/portalurbano\/#\/schema\/person\/image\/","url":"https:\/\/secure.gravatar.com\/avatar\/830d4c57adaae6630765e449a6908047?s=96&d=mm&r=g","contentUrl":"https:\/\/secure.gravatar.com\/avatar\/830d4c57adaae6630765e449a6908047?s=96&d=mm&r=g","caption":"admpu17wp"}}]}},"featured_image_urls":{"full":["https:\/\/experienciadevida.com.ar\/portalurbano\/wp-content\/uploads\/2021\/09\/De-manera-presencial-se-desarrolla-.png",1011,551,false],"thumbnail":["https:\/\/experienciadevida.com.ar\/portalurbano\/wp-content\/uploads\/2021\/09\/De-manera-presencial-se-desarrolla--150x150.png",150,150,true],"medium":["https:\/\/experienciadevida.com.ar\/portalurbano\/wp-content\/uploads\/2021\/09\/De-manera-presencial-se-desarrolla--300x164.png",300,164,true],"medium_large":["https:\/\/experienciadevida.com.ar\/portalurbano\/wp-content\/uploads\/2021\/09\/De-manera-presencial-se-desarrolla--768x419.png",640,349,true],"large":["https:\/\/experienciadevida.com.ar\/portalurbano\/wp-content\/uploads\/2021\/09\/De-manera-presencial-se-desarrolla-.png",640,349,false],"ug_big":["https:\/\/experienciadevida.com.ar\/portalurbano\/wp-content\/uploads\/2021\/09\/De-manera-presencial-se-desarrolla--768x419.png",768,419,true],"1536x1536":["https:\/\/experienciadevida.com.ar\/portalurbano\/wp-content\/uploads\/2021\/09\/De-manera-presencial-se-desarrolla-.png",1011,551,false],"2048x2048":["https:\/\/experienciadevida.com.ar\/portalurbano\/wp-content\/uploads\/2021\/09\/De-manera-presencial-se-desarrolla-.png",1011,551,false],"newsever-slider-full":["https:\/\/experienciadevida.com.ar\/portalurbano\/wp-content\/uploads\/2021\/09\/De-manera-presencial-se-desarrolla-.png",1011,551,false],"newsever-featured":["https:\/\/experienciadevida.com.ar\/portalurbano\/wp-content\/uploads\/2021\/09\/De-manera-presencial-se-desarrolla-.png",1011,551,false],"newsever-medium":["https:\/\/experienciadevida.com.ar\/portalurbano\/wp-content\/uploads\/2021\/09\/De-manera-presencial-se-desarrolla-.png",720,392,false],"web-stories-poster-portrait":["https:\/\/experienciadevida.com.ar\/portalurbano\/wp-content\/uploads\/2021\/09\/De-manera-presencial-se-desarrolla-.png",640,349,false],"web-stories-publisher-logo":["https:\/\/experienciadevida.com.ar\/portalurbano\/wp-content\/uploads\/2021\/09\/De-manera-presencial-se-desarrolla-.png",96,52,false],"web-stories-thumbnail":["https:\/\/experienciadevida.com.ar\/portalurbano\/wp-content\/uploads\/2021\/09\/De-manera-presencial-se-desarrolla-.png",150,82,false]},"author_info":{"display_name":"admpu17wp","author_link":"https:\/\/experienciadevida.com.ar\/portalurbano\/author\/admpu17wp\/"},"category_info":"<a href=\"https:\/\/experienciadevida.com.ar\/portalurbano\/category\/ciudad\/\" rel=\"category tag\">Ciudad<\/a> <a href=\"https:\/\/experienciadevida.com.ar\/portalurbano\/category\/destacadas-2\/\" rel=\"category tag\">Destacadas 2<\/a>","tag_info":"Destacadas 2","comment_count":"0","amp_enabled":true,"_links":{"self":[{"href":"https:\/\/experienciadevida.com.ar\/portalurbano\/wp-json\/wp\/v2\/posts\/153291"}],"collection":[{"href":"https:\/\/experienciadevida.com.ar\/portalurbano\/wp-json\/wp\/v2\/posts"}],"about":[{"href":"https:\/\/experienciadevida.com.ar\/portalurbano\/wp-json\/wp\/v2\/types\/post"}],"author":[{"embeddable":true,"href":"https:\/\/experienciadevida.com.ar\/portalurbano\/wp-json\/wp\/v2\/users\/1"}],"replies":[{"embeddable":true,"href":"https:\/\/experienciadevida.com.ar\/portalurbano\/wp-json\/wp\/v2\/comments?post=153291"}],"version-history":[{"count":5,"href":"https:\/\/experienciadevida.com.ar\/portalurbano\/wp-json\/wp\/v2\/posts\/153291\/revisions"}],"predecessor-version":[{"id":153297,"href":"https:\/\/experienciadevida.com.ar\/portalurbano\/wp-json\/wp\/v2\/posts\/153291\/revisions\/153297"}],"wp:featuredmedia":[{"embeddable":true,"href":"https:\/\/experienciadevida.com.ar\/portalurbano\/wp-json\/wp\/v2\/media\/153292"}],"wp:attachment":[{"href":"https:\/\/experienciadevida.com.ar\/portalurbano\/wp-json\/wp\/v2\/media?parent=153291"}],"wp:term":[{"taxonomy":"category","embeddable":true,"href":"https:\/\/experienciadevida.com.ar\/portalurbano\/wp-json\/wp\/v2\/categories?post=153291"},{"taxonomy":"post_tag","embeddable":true,"href":"https:\/\/experienciadevida.com.ar\/portalurbano\/wp-json\/wp\/v2\/tags?post=153291"}],"curies":[{"name":"wp","href":"https:\/\/api.w.org\/{rel}","templated":true}]}}