{"id":152871,"date":"2021-09-17T14:12:51","date_gmt":"2021-09-17T17:12:51","guid":{"rendered":"https:\/\/experienciadevida.com.ar\/portalurbano\/?p=152871"},"modified":"2021-09-17T14:14:56","modified_gmt":"2021-09-17T17:14:56","slug":"el-municipio-licito-la-obra-de-ampliacion-de-la-escuela-secundaria-no-20","status":"publish","type":"post","link":"https:\/\/experienciadevida.com.ar\/portalurbano\/el-municipio-licito-la-obra-de-ampliacion-de-la-escuela-secundaria-no-20\/","title":{"rendered":"El Municipio licit\u00f3 la obra de ampliaci\u00f3n de la Escuela Secundaria N\u00ba 20"},"content":{"rendered":"<p>El <a href=\"https:\/\/www.facebook.com\/municipiodeolavarria\">Municipio <\/a>licit\u00f3 la obra de ampliaci\u00f3n de la Escuela Secundaria N\u00ba 20, la gesti\u00f3n municipal llevar\u00e1 adelante la obra de ampliaci\u00f3n y reforma de la Escuela Secundaria N\u00ba 20 \u201cFray R. Musaragno\u201d, que se encuentra ubicada en calle San Mart\u00edn 2053, en el barrio Pueblo Nuevo.<\/p>\n<p>La obra buscar\u00e1 solucionar los problemas edilicios y generar mejores condiciones de infraestructura para estudiantes, docentes, personal auxiliar y toda la comunidad educativa.<\/p>\n<p>En la ma\u00f1ana de este viernes, con sede en el Palacio San Mart\u00edn, se llev\u00f3 a cabo la apertura de sobres, que fue encabezada por la directora de Licitaciones Pilar Ciardelli y cont\u00f3 con la participaci\u00f3n de los representantes de las empresas oferentes.<\/p>\n<p>El Municipio licit\u00f3 la obra de ampliaci\u00f3n de la Escuela Secundaria N\u00ba 20, Se presentaron dos ofertas de empresas locales: en primer lugar Visan Ingenier\u00eda cotiz\u00f3 la suma de $44.928.764,19, mientras que Pecma calcul\u00f3 una suma de $44.160.000 para la ejecuci\u00f3n de la obra, siendo el presupuesto oficial de $36.800.000.<\/p>\n<p>La reforma surgi\u00f3 principalmente como necesidad independizar los servicios y los ambientes compartidos entre la Escuela Primaria N\u00ba 4 y la Escuela Secundaria N\u00ba 20.<\/p>\n<p>Consistir\u00e1 en la construcci\u00f3n de dos superficies (planta baja y planta alta), cada una de ellas con una extensi\u00f3n de 213 m2. En planta baja, se ubicar\u00e1 el hall de acceso, secretar\u00eda, direcci\u00f3n, sala de profesores, dos cocinas (una para cada escuela), biblioteca, preceptor\u00eda y dep\u00f3sito. En planta alta se disponen tres aulas.<\/p>\n<p>Cabe agregar que una de las aulas existentes ser\u00e1 destinada para el laboratorio, para lo cual se deber\u00e1n llevar adelante todas las tareas necesarias para su reacondicionamiento.<\/p>\n<p>Los trabajos preliminares se iniciar\u00e1n con las tareas de demolici\u00f3n, exceptuando la fachada, que ser\u00e1 conservada tal cual como se encuentra en la actualidad. En el lugar, se montar\u00e1 un vallado provisorio de seguridad de madera, para que la Escuela Primaria N\u00ba 4, pueda continuar con sus actividades con normalidad, durante la ejecuci\u00f3n de la obra, por parte de la empresa.<\/p>\n<p>Luego de llevar a cabo la demolici\u00f3n de las superficies, se proceder\u00e1 al desmonte y excavaci\u00f3n del suelo para luego construir las bases, cimientos y la estructura de ampliaci\u00f3n concretamente, compuesta por columnas, vigas, losas encadenado perimetral superior y dinteles, colocaci\u00f3n del techo de chapa y canaletas.<\/p>\n<p>Entre los puntos m\u00e1s importantes del proyecto de obra, se realizar\u00e1 la instalaci\u00f3n el\u00e9ctrica completamente, con nuevos circuitos de tomacorrientes y de iluminaci\u00f3n. De este modo, se independiza el servicio el\u00e9ctrico entre ambas escuelas, de la misma manera, se desarrollar\u00e1n nuevas conexiones de gas y agua, con esta misma finalidad.<\/p>\n<p>En lo que refiere a equipamiento, se proveer\u00e1 de una cocina industrial, diecisiete calefactores de distinta capacidad, aberturas de aluminio color blanco, mesadas de granito para cocina y ba\u00f1os, bachas, dos mesas de trabajo de acero inoxidable, bajo mesadas y alacenas, dos heladeras, dos termotanques el\u00e9ctricos.<\/p>\n<p>Como parte de la obra, se desarrollar\u00e1n los trabajos de construcci\u00f3n de cielorrasos, pintura interior y exterior, y colocaci\u00f3n de rejas y barandas de seguridad.<\/p>\n<p>&nbsp;<\/p>\n","protected":false},"excerpt":{"rendered":"<p>El Municipio licit\u00f3 la obra de ampliaci\u00f3n de la Escuela Secundaria N\u00ba 20, la gesti\u00f3n&#8230;<\/p>\n","protected":false},"author":1,"featured_media":152872,"comment_status":"closed","ping_status":"closed","sticky":false,"template":"","format":"standard","meta":{"content-type":""},"categories":[27,64],"tags":[],"nelio_content":{"isAutoShareEnabled":false,"autoShareEndMode":"default","automationSources":{"useContentSentences":true,"useSocialTemplates":true,"useCustomSentences":false,"customSentences":[]},"followers":[1],"suggestedReferences":[],"includedReferences":[],"efiUrl":"","efiAlt":"","highlights":[]},"yoast_head":"<!-- This site is optimized with the Yoast SEO plugin v20.7 - https:\/\/yoast.com\/wordpress\/plugins\/seo\/ -->\n<title>El Municipio licit\u00f3 la obra de ampliaci\u00f3n de la escuela n\u00b020<\/title>\n<meta name=\"description\" content=\"El Municipio licit\u00f3 la obra de ampliaci\u00f3n de la Escuela Secundaria N\u00ba 20, la gesti\u00f3n municipal llevar\u00e1 adelante la obra de ampliaci\u00f3n\" \/>\n<meta name=\"robots\" content=\"index, follow, max-snippet:-1, max-image-preview:large, max-video-preview:-1\" \/>\n<link rel=\"canonical\" href=\"https:\/\/experienciadevida.com.ar\/portalurbano\/el-municipio-licito-la-obra-de-ampliacion-de-la-escuela-secundaria-no-20\/\" \/>\n<meta property=\"og:locale\" content=\"es_ES\" \/>\n<meta property=\"og:type\" content=\"article\" \/>\n<meta property=\"og:title\" content=\"El Municipio licit\u00f3 la obra de ampliaci\u00f3n de la escuela n\u00b020\" \/>\n<meta property=\"og:description\" content=\"El Municipio licit\u00f3 la obra de ampliaci\u00f3n de la Escuela Secundaria N\u00ba 20, la gesti\u00f3n municipal llevar\u00e1 adelante la obra de ampliaci\u00f3n\" \/>\n<meta property=\"og:url\" content=\"https:\/\/experienciadevida.com.ar\/portalurbano\/el-municipio-licito-la-obra-de-ampliacion-de-la-escuela-secundaria-no-20\/\" \/>\n<meta property=\"article:publisher\" content=\"https:\/\/www.facebook.com\/Portal-Urbano-171542830093757\/\" \/>\n<meta property=\"article:published_time\" content=\"2021-09-17T17:12:51+00:00\" \/>\n<meta property=\"article:modified_time\" content=\"2021-09-17T17:14:56+00:00\" \/>\n<meta property=\"og:image\" content=\"https:\/\/experienciadevida.com.ar\/portalurbano\/wp-content\/uploads\/2021\/09\/El-Municipio-licito-la-obra.jpg\" \/>\n\t<meta property=\"og:image:width\" content=\"1024\" \/>\n\t<meta property=\"og:image:height\" content=\"685\" \/>\n\t<meta property=\"og:image:type\" content=\"image\/jpeg\" \/>\n<meta name=\"author\" content=\"admpu17wp\" \/>\n<meta name=\"twitter:card\" content=\"summary_large_image\" \/>\n<meta name=\"twitter:creator\" content=\"@portalurbanook\" \/>\n<meta name=\"twitter:site\" content=\"@portalurbanook\" \/>\n<meta name=\"twitter:label1\" content=\"Escrito por\" \/>\n\t<meta name=\"twitter:data1\" content=\"admpu17wp\" \/>\n\t<meta name=\"twitter:label2\" content=\"Tiempo de lectura\" \/>\n\t<meta name=\"twitter:data2\" content=\"3 minutos\" \/>\n<script type=\"application\/ld+json\" class=\"yoast-schema-graph\">{\"@context\":\"https:\/\/schema.org\",\"@graph\":[{\"@type\":\"Article\",\"@id\":\"https:\/\/experienciadevida.com.ar\/portalurbano\/el-municipio-licito-la-obra-de-ampliacion-de-la-escuela-secundaria-no-20\/#article\",\"isPartOf\":{\"@id\":\"https:\/\/experienciadevida.com.ar\/portalurbano\/el-municipio-licito-la-obra-de-ampliacion-de-la-escuela-secundaria-no-20\/\"},\"author\":{\"name\":\"admpu17wp\",\"@id\":\"https:\/\/experienciadevida.com.ar\/portalurbano\/#\/schema\/person\/02dd326b1c4b056e9cc972486934a3a7\"},\"headline\":\"El Municipio licit\u00f3 la obra de ampliaci\u00f3n de la Escuela Secundaria N\u00ba 20\",\"datePublished\":\"2021-09-17T17:12:51+00:00\",\"dateModified\":\"2021-09-17T17:14:56+00:00\",\"mainEntityOfPage\":{\"@id\":\"https:\/\/experienciadevida.com.ar\/portalurbano\/el-municipio-licito-la-obra-de-ampliacion-de-la-escuela-secundaria-no-20\/\"},\"wordCount\":535,\"publisher\":{\"@id\":\"https:\/\/experienciadevida.com.ar\/portalurbano\/#organization\"},\"articleSection\":[\"Ciudad\",\"Destacadas 2\"],\"inLanguage\":\"es\"},{\"@type\":\"WebPage\",\"@id\":\"https:\/\/experienciadevida.com.ar\/portalurbano\/el-municipio-licito-la-obra-de-ampliacion-de-la-escuela-secundaria-no-20\/\",\"url\":\"https:\/\/experienciadevida.com.ar\/portalurbano\/el-municipio-licito-la-obra-de-ampliacion-de-la-escuela-secundaria-no-20\/\",\"name\":\"El Municipio licit\u00f3 la obra de ampliaci\u00f3n de la escuela n\u00b020\",\"isPartOf\":{\"@id\":\"https:\/\/experienciadevida.com.ar\/portalurbano\/#website\"},\"datePublished\":\"2021-09-17T17:12:51+00:00\",\"dateModified\":\"2021-09-17T17:14:56+00:00\",\"description\":\"El Municipio licit\u00f3 la obra de ampliaci\u00f3n de la Escuela Secundaria N\u00ba 20, la gesti\u00f3n municipal llevar\u00e1 adelante la obra de ampliaci\u00f3n\",\"breadcrumb\":{\"@id\":\"https:\/\/experienciadevida.com.ar\/portalurbano\/el-municipio-licito-la-obra-de-ampliacion-de-la-escuela-secundaria-no-20\/#breadcrumb\"},\"inLanguage\":\"es\",\"potentialAction\":[{\"@type\":\"ReadAction\",\"target\":[\"https:\/\/experienciadevida.com.ar\/portalurbano\/el-municipio-licito-la-obra-de-ampliacion-de-la-escuela-secundaria-no-20\/\"]}]},{\"@type\":\"BreadcrumbList\",\"@id\":\"https:\/\/experienciadevida.com.ar\/portalurbano\/el-municipio-licito-la-obra-de-ampliacion-de-la-escuela-secundaria-no-20\/#breadcrumb\",\"itemListElement\":[{\"@type\":\"ListItem\",\"position\":1,\"name\":\"Portada\",\"item\":\"https:\/\/experienciadevida.com.ar\/portalurbano\/\"},{\"@type\":\"ListItem\",\"position\":2,\"name\":\"El Municipio licit\u00f3 la obra de ampliaci\u00f3n de la Escuela Secundaria N\u00ba 20\"}]},{\"@type\":\"WebSite\",\"@id\":\"https:\/\/experienciadevida.com.ar\/portalurbano\/#website\",\"url\":\"https:\/\/experienciadevida.com.ar\/portalurbano\/\",\"name\":\"\",\"description\":\"\",\"publisher\":{\"@id\":\"https:\/\/experienciadevida.com.ar\/portalurbano\/#organization\"},\"potentialAction\":[{\"@type\":\"SearchAction\",\"target\":{\"@type\":\"EntryPoint\",\"urlTemplate\":\"https:\/\/experienciadevida.com.ar\/portalurbano\/?s={search_term_string}\"},\"query-input\":\"required name=search_term_string\"}],\"inLanguage\":\"es\"},{\"@type\":\"Organization\",\"@id\":\"https:\/\/experienciadevida.com.ar\/portalurbano\/#organization\",\"name\":\"Portal Urbano\",\"url\":\"https:\/\/experienciadevida.com.ar\/portalurbano\/\",\"logo\":{\"@type\":\"ImageObject\",\"inLanguage\":\"es\",\"@id\":\"https:\/\/experienciadevida.com.ar\/portalurbano\/#\/schema\/logo\/image\/\",\"url\":\"https:\/\/experienciadevida.com.ar\/portalurbano\/wp-content\/uploads\/2019\/09\/Logo-Original.png\",\"contentUrl\":\"https:\/\/experienciadevida.com.ar\/portalurbano\/wp-content\/uploads\/2019\/09\/Logo-Original.png\",\"width\":2236,\"height\":1216,\"caption\":\"Portal Urbano\"},\"image\":{\"@id\":\"https:\/\/experienciadevida.com.ar\/portalurbano\/#\/schema\/logo\/image\/\"},\"sameAs\":[\"https:\/\/www.facebook.com\/Portal-Urbano-171542830093757\/\",\"https:\/\/twitter.com\/portalurbanook\",\"https:\/\/www.instagram.com\/_portalurbano\/\",\"https:\/\/www.youtube.com\/channel\/UCXhagIfszH8KxFiOok79zbA?view_as=subscriber\"]},{\"@type\":\"Person\",\"@id\":\"https:\/\/experienciadevida.com.ar\/portalurbano\/#\/schema\/person\/02dd326b1c4b056e9cc972486934a3a7\",\"name\":\"admpu17wp\",\"image\":{\"@type\":\"ImageObject\",\"inLanguage\":\"es\",\"@id\":\"https:\/\/experienciadevida.com.ar\/portalurbano\/#\/schema\/person\/image\/\",\"url\":\"https:\/\/secure.gravatar.com\/avatar\/830d4c57adaae6630765e449a6908047?s=96&d=mm&r=g\",\"contentUrl\":\"https:\/\/secure.gravatar.com\/avatar\/830d4c57adaae6630765e449a6908047?s=96&d=mm&r=g\",\"caption\":\"admpu17wp\"}}]}<\/script>\n<!-- \/ Yoast SEO plugin. -->","yoast_head_json":{"title":"El Municipio licit\u00f3 la obra de ampliaci\u00f3n de la escuela n\u00b020","description":"El Municipio licit\u00f3 la obra de ampliaci\u00f3n de la Escuela Secundaria N\u00ba 20, la gesti\u00f3n municipal llevar\u00e1 adelante la obra de ampliaci\u00f3n","robots":{"index":"index","follow":"follow","max-snippet":"max-snippet:-1","max-image-preview":"max-image-preview:large","max-video-preview":"max-video-preview:-1"},"canonical":"https:\/\/experienciadevida.com.ar\/portalurbano\/el-municipio-licito-la-obra-de-ampliacion-de-la-escuela-secundaria-no-20\/","og_locale":"es_ES","og_type":"article","og_title":"El Municipio licit\u00f3 la obra de ampliaci\u00f3n de la escuela n\u00b020","og_description":"El Municipio licit\u00f3 la obra de ampliaci\u00f3n de la Escuela Secundaria N\u00ba 20, la gesti\u00f3n municipal llevar\u00e1 adelante la obra de ampliaci\u00f3n","og_url":"https:\/\/experienciadevida.com.ar\/portalurbano\/el-municipio-licito-la-obra-de-ampliacion-de-la-escuela-secundaria-no-20\/","article_publisher":"https:\/\/www.facebook.com\/Portal-Urbano-171542830093757\/","article_published_time":"2021-09-17T17:12:51+00:00","article_modified_time":"2021-09-17T17:14:56+00:00","og_image":[{"width":1024,"height":685,"url":"https:\/\/experienciadevida.com.ar\/portalurbano\/wp-content\/uploads\/2021\/09\/El-Municipio-licito-la-obra.jpg","type":"image\/jpeg"}],"author":"admpu17wp","twitter_card":"summary_large_image","twitter_creator":"@portalurbanook","twitter_site":"@portalurbanook","twitter_misc":{"Escrito por":"admpu17wp","Tiempo de lectura":"3 minutos"},"schema":{"@context":"https:\/\/schema.org","@graph":[{"@type":"Article","@id":"https:\/\/experienciadevida.com.ar\/portalurbano\/el-municipio-licito-la-obra-de-ampliacion-de-la-escuela-secundaria-no-20\/#article","isPartOf":{"@id":"https:\/\/experienciadevida.com.ar\/portalurbano\/el-municipio-licito-la-obra-de-ampliacion-de-la-escuela-secundaria-no-20\/"},"author":{"name":"admpu17wp","@id":"https:\/\/experienciadevida.com.ar\/portalurbano\/#\/schema\/person\/02dd326b1c4b056e9cc972486934a3a7"},"headline":"El Municipio licit\u00f3 la obra de ampliaci\u00f3n de la Escuela Secundaria N\u00ba 20","datePublished":"2021-09-17T17:12:51+00:00","dateModified":"2021-09-17T17:14:56+00:00","mainEntityOfPage":{"@id":"https:\/\/experienciadevida.com.ar\/portalurbano\/el-municipio-licito-la-obra-de-ampliacion-de-la-escuela-secundaria-no-20\/"},"wordCount":535,"publisher":{"@id":"https:\/\/experienciadevida.com.ar\/portalurbano\/#organization"},"articleSection":["Ciudad","Destacadas 2"],"inLanguage":"es"},{"@type":"WebPage","@id":"https:\/\/experienciadevida.com.ar\/portalurbano\/el-municipio-licito-la-obra-de-ampliacion-de-la-escuela-secundaria-no-20\/","url":"https:\/\/experienciadevida.com.ar\/portalurbano\/el-municipio-licito-la-obra-de-ampliacion-de-la-escuela-secundaria-no-20\/","name":"El Municipio licit\u00f3 la obra de ampliaci\u00f3n de la escuela n\u00b020","isPartOf":{"@id":"https:\/\/experienciadevida.com.ar\/portalurbano\/#website"},"datePublished":"2021-09-17T17:12:51+00:00","dateModified":"2021-09-17T17:14:56+00:00","description":"El Municipio licit\u00f3 la obra de ampliaci\u00f3n de la Escuela Secundaria N\u00ba 20, la gesti\u00f3n municipal llevar\u00e1 adelante la obra de ampliaci\u00f3n","breadcrumb":{"@id":"https:\/\/experienciadevida.com.ar\/portalurbano\/el-municipio-licito-la-obra-de-ampliacion-de-la-escuela-secundaria-no-20\/#breadcrumb"},"inLanguage":"es","potentialAction":[{"@type":"ReadAction","target":["https:\/\/experienciadevida.com.ar\/portalurbano\/el-municipio-licito-la-obra-de-ampliacion-de-la-escuela-secundaria-no-20\/"]}]},{"@type":"BreadcrumbList","@id":"https:\/\/experienciadevida.com.ar\/portalurbano\/el-municipio-licito-la-obra-de-ampliacion-de-la-escuela-secundaria-no-20\/#breadcrumb","itemListElement":[{"@type":"ListItem","position":1,"name":"Portada","item":"https:\/\/experienciadevida.com.ar\/portalurbano\/"},{"@type":"ListItem","position":2,"name":"El Municipio licit\u00f3 la obra de ampliaci\u00f3n de la Escuela Secundaria N\u00ba 20"}]},{"@type":"WebSite","@id":"https:\/\/experienciadevida.com.ar\/portalurbano\/#website","url":"https:\/\/experienciadevida.com.ar\/portalurbano\/","name":"","description":"","publisher":{"@id":"https:\/\/experienciadevida.com.ar\/portalurbano\/#organization"},"potentialAction":[{"@type":"SearchAction","target":{"@type":"EntryPoint","urlTemplate":"https:\/\/experienciadevida.com.ar\/portalurbano\/?s={search_term_string}"},"query-input":"required name=search_term_string"}],"inLanguage":"es"},{"@type":"Organization","@id":"https:\/\/experienciadevida.com.ar\/portalurbano\/#organization","name":"Portal Urbano","url":"https:\/\/experienciadevida.com.ar\/portalurbano\/","logo":{"@type":"ImageObject","inLanguage":"es","@id":"https:\/\/experienciadevida.com.ar\/portalurbano\/#\/schema\/logo\/image\/","url":"https:\/\/experienciadevida.com.ar\/portalurbano\/wp-content\/uploads\/2019\/09\/Logo-Original.png","contentUrl":"https:\/\/experienciadevida.com.ar\/portalurbano\/wp-content\/uploads\/2019\/09\/Logo-Original.png","width":2236,"height":1216,"caption":"Portal Urbano"},"image":{"@id":"https:\/\/experienciadevida.com.ar\/portalurbano\/#\/schema\/logo\/image\/"},"sameAs":["https:\/\/www.facebook.com\/Portal-Urbano-171542830093757\/","https:\/\/twitter.com\/portalurbanook","https:\/\/www.instagram.com\/_portalurbano\/","https:\/\/www.youtube.com\/channel\/UCXhagIfszH8KxFiOok79zbA?view_as=subscriber"]},{"@type":"Person","@id":"https:\/\/experienciadevida.com.ar\/portalurbano\/#\/schema\/person\/02dd326b1c4b056e9cc972486934a3a7","name":"admpu17wp","image":{"@type":"ImageObject","inLanguage":"es","@id":"https:\/\/experienciadevida.com.ar\/portalurbano\/#\/schema\/person\/image\/","url":"https:\/\/secure.gravatar.com\/avatar\/830d4c57adaae6630765e449a6908047?s=96&d=mm&r=g","contentUrl":"https:\/\/secure.gravatar.com\/avatar\/830d4c57adaae6630765e449a6908047?s=96&d=mm&r=g","caption":"admpu17wp"}}]}},"featured_image_urls":{"full":["https:\/\/experienciadevida.com.ar\/portalurbano\/wp-content\/uploads\/2021\/09\/El-Municipio-licito-la-obra.jpg",1024,685,false],"thumbnail":["https:\/\/experienciadevida.com.ar\/portalurbano\/wp-content\/uploads\/2021\/09\/El-Municipio-licito-la-obra-150x150.jpg",150,150,true],"medium":["https:\/\/experienciadevida.com.ar\/portalurbano\/wp-content\/uploads\/2021\/09\/El-Municipio-licito-la-obra-300x201.jpg",300,201,true],"medium_large":["https:\/\/experienciadevida.com.ar\/portalurbano\/wp-content\/uploads\/2021\/09\/El-Municipio-licito-la-obra-768x514.jpg",640,428,true],"large":["https:\/\/experienciadevida.com.ar\/portalurbano\/wp-content\/uploads\/2021\/09\/El-Municipio-licito-la-obra.jpg",640,428,false],"ug_big":["https:\/\/experienciadevida.com.ar\/portalurbano\/wp-content\/uploads\/2021\/09\/El-Municipio-licito-la-obra-768x514.jpg",768,514,true],"1536x1536":["https:\/\/experienciadevida.com.ar\/portalurbano\/wp-content\/uploads\/2021\/09\/El-Municipio-licito-la-obra.jpg",1024,685,false],"2048x2048":["https:\/\/experienciadevida.com.ar\/portalurbano\/wp-content\/uploads\/2021\/09\/El-Municipio-licito-la-obra.jpg",1024,685,false],"newsever-slider-full":["https:\/\/experienciadevida.com.ar\/portalurbano\/wp-content\/uploads\/2021\/09\/El-Municipio-licito-la-obra.jpg",1024,685,false],"newsever-featured":["https:\/\/experienciadevida.com.ar\/portalurbano\/wp-content\/uploads\/2021\/09\/El-Municipio-licito-la-obra.jpg",1024,685,false],"newsever-medium":["https:\/\/experienciadevida.com.ar\/portalurbano\/wp-content\/uploads\/2021\/09\/El-Municipio-licito-la-obra.jpg",710,475,false],"web-stories-poster-portrait":["https:\/\/experienciadevida.com.ar\/portalurbano\/wp-content\/uploads\/2021\/09\/El-Municipio-licito-la-obra.jpg",640,428,false],"web-stories-publisher-logo":["https:\/\/experienciadevida.com.ar\/portalurbano\/wp-content\/uploads\/2021\/09\/El-Municipio-licito-la-obra.jpg",96,64,false],"web-stories-thumbnail":["https:\/\/experienciadevida.com.ar\/portalurbano\/wp-content\/uploads\/2021\/09\/El-Municipio-licito-la-obra.jpg",150,100,false]},"author_info":{"display_name":"admpu17wp","author_link":"https:\/\/experienciadevida.com.ar\/portalurbano\/author\/admpu17wp\/"},"category_info":"<a href=\"https:\/\/experienciadevida.com.ar\/portalurbano\/category\/ciudad\/\" rel=\"category tag\">Ciudad<\/a> <a href=\"https:\/\/experienciadevida.com.ar\/portalurbano\/category\/destacadas-2\/\" rel=\"category tag\">Destacadas 2<\/a>","tag_info":"Destacadas 2","comment_count":"0","amp_enabled":true,"_links":{"self":[{"href":"https:\/\/experienciadevida.com.ar\/portalurbano\/wp-json\/wp\/v2\/posts\/152871"}],"collection":[{"href":"https:\/\/experienciadevida.com.ar\/portalurbano\/wp-json\/wp\/v2\/posts"}],"about":[{"href":"https:\/\/experienciadevida.com.ar\/portalurbano\/wp-json\/wp\/v2\/types\/post"}],"author":[{"embeddable":true,"href":"https:\/\/experienciadevida.com.ar\/portalurbano\/wp-json\/wp\/v2\/users\/1"}],"replies":[{"embeddable":true,"href":"https:\/\/experienciadevida.com.ar\/portalurbano\/wp-json\/wp\/v2\/comments?post=152871"}],"version-history":[{"count":2,"href":"https:\/\/experienciadevida.com.ar\/portalurbano\/wp-json\/wp\/v2\/posts\/152871\/revisions"}],"predecessor-version":[{"id":152874,"href":"https:\/\/experienciadevida.com.ar\/portalurbano\/wp-json\/wp\/v2\/posts\/152871\/revisions\/152874"}],"wp:featuredmedia":[{"embeddable":true,"href":"https:\/\/experienciadevida.com.ar\/portalurbano\/wp-json\/wp\/v2\/media\/152872"}],"wp:attachment":[{"href":"https:\/\/experienciadevida.com.ar\/portalurbano\/wp-json\/wp\/v2\/media?parent=152871"}],"wp:term":[{"taxonomy":"category","embeddable":true,"href":"https:\/\/experienciadevida.com.ar\/portalurbano\/wp-json\/wp\/v2\/categories?post=152871"},{"taxonomy":"post_tag","embeddable":true,"href":"https:\/\/experienciadevida.com.ar\/portalurbano\/wp-json\/wp\/v2\/tags?post=152871"}],"curies":[{"name":"wp","href":"https:\/\/api.w.org\/{rel}","templated":true}]}}