{"id":152768,"date":"2021-09-15T19:55:20","date_gmt":"2021-09-15T22:55:20","guid":{"rendered":"https:\/\/experienciadevida.com.ar\/portalurbano\/?p=152768"},"modified":"2021-09-15T19:56:28","modified_gmt":"2021-09-15T22:56:28","slug":"manana-jueves-el-renaper-hara-entrega-de-dnis-frente-al-servicio-territorial-1","status":"publish","type":"post","link":"https:\/\/experienciadevida.com.ar\/portalurbano\/manana-jueves-el-renaper-hara-entrega-de-dnis-frente-al-servicio-territorial-1\/","title":{"rendered":"Ma\u00f1ana jueves el RENAPER har\u00e1 entrega de DNIs frente al Servicio Territorial 1"},"content":{"rendered":"<p>El Registro Nacional de las Personas estar\u00e1 haciendo entrega de los DNIs tramitados durante el operativo de documentaci\u00f3n que se realiz\u00f3 hace unos d\u00edas en la plaza frente al Servicio Territorial 1. Los pasaportes ser\u00e1n enviados a domicilio.<\/p>\n<p>El organismo llevar\u00e1 adelante la entrega ma\u00f1ana 16 de septiembre de 9 a 13 horas en Av Alberdi y Fassina.<\/p>\n<p>Es importante que los vecinos y vecinas puedan acercarse a retirar los DNIs as\u00ed no tienen que trasladarse a la sede del organismo.<\/p>\n","protected":false},"excerpt":{"rendered":"<p>El Registro Nacional de las Personas estar\u00e1 haciendo entrega de los DNIs tramitados durante el&#8230;<\/p>\n","protected":false},"author":1,"featured_media":152769,"comment_status":"closed","ping_status":"closed","sticky":false,"template":"","format":"standard","meta":{"content-type":""},"categories":[27,64],"tags":[],"nelio_content":{"isAutoShareEnabled":false,"autoShareEndMode":"default","automationSources":{"useContentSentences":true,"useSocialTemplates":true,"useCustomSentences":false,"customSentences":[]},"followers":[1],"suggestedReferences":[],"includedReferences":[],"efiUrl":"","efiAlt":"","highlights":[]},"yoast_head":"<!-- This site is optimized with the Yoast SEO plugin v20.7 - https:\/\/yoast.com\/wordpress\/plugins\/seo\/ -->\n<title>Ma\u00f1ana jueves el RENAPER har\u00e1 entrega de DNIs frente al Servicio Territorial 1 -<\/title>\n<meta name=\"robots\" content=\"index, follow, max-snippet:-1, max-image-preview:large, max-video-preview:-1\" \/>\n<link rel=\"canonical\" href=\"https:\/\/experienciadevida.com.ar\/portalurbano\/manana-jueves-el-renaper-hara-entrega-de-dnis-frente-al-servicio-territorial-1\/\" \/>\n<meta property=\"og:locale\" content=\"es_ES\" \/>\n<meta property=\"og:type\" content=\"article\" \/>\n<meta property=\"og:title\" content=\"Ma\u00f1ana jueves el RENAPER har\u00e1 entrega de DNIs frente al Servicio Territorial 1 -\" \/>\n<meta property=\"og:description\" content=\"El Registro Nacional de las Personas estar\u00e1 haciendo entrega de los DNIs tramitados durante el...\" \/>\n<meta property=\"og:url\" content=\"https:\/\/experienciadevida.com.ar\/portalurbano\/manana-jueves-el-renaper-hara-entrega-de-dnis-frente-al-servicio-territorial-1\/\" \/>\n<meta property=\"article:publisher\" content=\"https:\/\/www.facebook.com\/Portal-Urbano-171542830093757\/\" \/>\n<meta property=\"article:published_time\" content=\"2021-09-15T22:55:20+00:00\" \/>\n<meta property=\"article:modified_time\" content=\"2021-09-15T22:56:28+00:00\" \/>\n<meta property=\"og:image\" content=\"https:\/\/experienciadevida.com.ar\/portalurbano\/wp-content\/uploads\/2021\/09\/Manana-jueves-el-RENAPER.jpg\" \/>\n\t<meta property=\"og:image:width\" content=\"765\" \/>\n\t<meta property=\"og:image:height\" content=\"495\" \/>\n\t<meta property=\"og:image:type\" content=\"image\/jpeg\" \/>\n<meta name=\"author\" content=\"admpu17wp\" \/>\n<meta name=\"twitter:card\" content=\"summary_large_image\" \/>\n<meta name=\"twitter:creator\" content=\"@portalurbanook\" \/>\n<meta name=\"twitter:site\" content=\"@portalurbanook\" \/>\n<meta name=\"twitter:label1\" content=\"Escrito por\" \/>\n\t<meta name=\"twitter:data1\" content=\"admpu17wp\" \/>\n<script type=\"application\/ld+json\" class=\"yoast-schema-graph\">{\"@context\":\"https:\/\/schema.org\",\"@graph\":[{\"@type\":\"Article\",\"@id\":\"https:\/\/experienciadevida.com.ar\/portalurbano\/manana-jueves-el-renaper-hara-entrega-de-dnis-frente-al-servicio-territorial-1\/#article\",\"isPartOf\":{\"@id\":\"https:\/\/experienciadevida.com.ar\/portalurbano\/manana-jueves-el-renaper-hara-entrega-de-dnis-frente-al-servicio-territorial-1\/\"},\"author\":{\"name\":\"admpu17wp\",\"@id\":\"https:\/\/experienciadevida.com.ar\/portalurbano\/#\/schema\/person\/02dd326b1c4b056e9cc972486934a3a7\"},\"headline\":\"Ma\u00f1ana jueves el RENAPER har\u00e1 entrega de DNIs frente al Servicio Territorial 1\",\"datePublished\":\"2021-09-15T22:55:20+00:00\",\"dateModified\":\"2021-09-15T22:56:28+00:00\",\"mainEntityOfPage\":{\"@id\":\"https:\/\/experienciadevida.com.ar\/portalurbano\/manana-jueves-el-renaper-hara-entrega-de-dnis-frente-al-servicio-territorial-1\/\"},\"wordCount\":94,\"publisher\":{\"@id\":\"https:\/\/experienciadevida.com.ar\/portalurbano\/#organization\"},\"articleSection\":[\"Ciudad\",\"Destacadas 2\"],\"inLanguage\":\"es\"},{\"@type\":\"WebPage\",\"@id\":\"https:\/\/experienciadevida.com.ar\/portalurbano\/manana-jueves-el-renaper-hara-entrega-de-dnis-frente-al-servicio-territorial-1\/\",\"url\":\"https:\/\/experienciadevida.com.ar\/portalurbano\/manana-jueves-el-renaper-hara-entrega-de-dnis-frente-al-servicio-territorial-1\/\",\"name\":\"Ma\u00f1ana jueves el RENAPER har\u00e1 entrega de DNIs frente al Servicio Territorial 1 -\",\"isPartOf\":{\"@id\":\"https:\/\/experienciadevida.com.ar\/portalurbano\/#website\"},\"datePublished\":\"2021-09-15T22:55:20+00:00\",\"dateModified\":\"2021-09-15T22:56:28+00:00\",\"breadcrumb\":{\"@id\":\"https:\/\/experienciadevida.com.ar\/portalurbano\/manana-jueves-el-renaper-hara-entrega-de-dnis-frente-al-servicio-territorial-1\/#breadcrumb\"},\"inLanguage\":\"es\",\"potentialAction\":[{\"@type\":\"ReadAction\",\"target\":[\"https:\/\/experienciadevida.com.ar\/portalurbano\/manana-jueves-el-renaper-hara-entrega-de-dnis-frente-al-servicio-territorial-1\/\"]}]},{\"@type\":\"BreadcrumbList\",\"@id\":\"https:\/\/experienciadevida.com.ar\/portalurbano\/manana-jueves-el-renaper-hara-entrega-de-dnis-frente-al-servicio-territorial-1\/#breadcrumb\",\"itemListElement\":[{\"@type\":\"ListItem\",\"position\":1,\"name\":\"Portada\",\"item\":\"https:\/\/experienciadevida.com.ar\/portalurbano\/\"},{\"@type\":\"ListItem\",\"position\":2,\"name\":\"Ma\u00f1ana jueves el RENAPER har\u00e1 entrega de DNIs frente al Servicio Territorial 1\"}]},{\"@type\":\"WebSite\",\"@id\":\"https:\/\/experienciadevida.com.ar\/portalurbano\/#website\",\"url\":\"https:\/\/experienciadevida.com.ar\/portalurbano\/\",\"name\":\"\",\"description\":\"\",\"publisher\":{\"@id\":\"https:\/\/experienciadevida.com.ar\/portalurbano\/#organization\"},\"potentialAction\":[{\"@type\":\"SearchAction\",\"target\":{\"@type\":\"EntryPoint\",\"urlTemplate\":\"https:\/\/experienciadevida.com.ar\/portalurbano\/?s={search_term_string}\"},\"query-input\":\"required name=search_term_string\"}],\"inLanguage\":\"es\"},{\"@type\":\"Organization\",\"@id\":\"https:\/\/experienciadevida.com.ar\/portalurbano\/#organization\",\"name\":\"Portal Urbano\",\"url\":\"https:\/\/experienciadevida.com.ar\/portalurbano\/\",\"logo\":{\"@type\":\"ImageObject\",\"inLanguage\":\"es\",\"@id\":\"https:\/\/experienciadevida.com.ar\/portalurbano\/#\/schema\/logo\/image\/\",\"url\":\"https:\/\/experienciadevida.com.ar\/portalurbano\/wp-content\/uploads\/2019\/09\/Logo-Original.png\",\"contentUrl\":\"https:\/\/experienciadevida.com.ar\/portalurbano\/wp-content\/uploads\/2019\/09\/Logo-Original.png\",\"width\":2236,\"height\":1216,\"caption\":\"Portal Urbano\"},\"image\":{\"@id\":\"https:\/\/experienciadevida.com.ar\/portalurbano\/#\/schema\/logo\/image\/\"},\"sameAs\":[\"https:\/\/www.facebook.com\/Portal-Urbano-171542830093757\/\",\"https:\/\/twitter.com\/portalurbanook\",\"https:\/\/www.instagram.com\/_portalurbano\/\",\"https:\/\/www.youtube.com\/channel\/UCXhagIfszH8KxFiOok79zbA?view_as=subscriber\"]},{\"@type\":\"Person\",\"@id\":\"https:\/\/experienciadevida.com.ar\/portalurbano\/#\/schema\/person\/02dd326b1c4b056e9cc972486934a3a7\",\"name\":\"admpu17wp\",\"image\":{\"@type\":\"ImageObject\",\"inLanguage\":\"es\",\"@id\":\"https:\/\/experienciadevida.com.ar\/portalurbano\/#\/schema\/person\/image\/\",\"url\":\"https:\/\/secure.gravatar.com\/avatar\/830d4c57adaae6630765e449a6908047?s=96&d=mm&r=g\",\"contentUrl\":\"https:\/\/secure.gravatar.com\/avatar\/830d4c57adaae6630765e449a6908047?s=96&d=mm&r=g\",\"caption\":\"admpu17wp\"}}]}<\/script>\n<!-- \/ Yoast SEO plugin. -->","yoast_head_json":{"title":"Ma\u00f1ana jueves el RENAPER har\u00e1 entrega de DNIs frente al Servicio Territorial 1 -","robots":{"index":"index","follow":"follow","max-snippet":"max-snippet:-1","max-image-preview":"max-image-preview:large","max-video-preview":"max-video-preview:-1"},"canonical":"https:\/\/experienciadevida.com.ar\/portalurbano\/manana-jueves-el-renaper-hara-entrega-de-dnis-frente-al-servicio-territorial-1\/","og_locale":"es_ES","og_type":"article","og_title":"Ma\u00f1ana jueves el RENAPER har\u00e1 entrega de DNIs frente al Servicio Territorial 1 -","og_description":"El Registro Nacional de las Personas estar\u00e1 haciendo entrega de los DNIs tramitados durante el...","og_url":"https:\/\/experienciadevida.com.ar\/portalurbano\/manana-jueves-el-renaper-hara-entrega-de-dnis-frente-al-servicio-territorial-1\/","article_publisher":"https:\/\/www.facebook.com\/Portal-Urbano-171542830093757\/","article_published_time":"2021-09-15T22:55:20+00:00","article_modified_time":"2021-09-15T22:56:28+00:00","og_image":[{"width":765,"height":495,"url":"https:\/\/experienciadevida.com.ar\/portalurbano\/wp-content\/uploads\/2021\/09\/Manana-jueves-el-RENAPER.jpg","type":"image\/jpeg"}],"author":"admpu17wp","twitter_card":"summary_large_image","twitter_creator":"@portalurbanook","twitter_site":"@portalurbanook","twitter_misc":{"Escrito por":"admpu17wp"},"schema":{"@context":"https:\/\/schema.org","@graph":[{"@type":"Article","@id":"https:\/\/experienciadevida.com.ar\/portalurbano\/manana-jueves-el-renaper-hara-entrega-de-dnis-frente-al-servicio-territorial-1\/#article","isPartOf":{"@id":"https:\/\/experienciadevida.com.ar\/portalurbano\/manana-jueves-el-renaper-hara-entrega-de-dnis-frente-al-servicio-territorial-1\/"},"author":{"name":"admpu17wp","@id":"https:\/\/experienciadevida.com.ar\/portalurbano\/#\/schema\/person\/02dd326b1c4b056e9cc972486934a3a7"},"headline":"Ma\u00f1ana jueves el RENAPER har\u00e1 entrega de DNIs frente al Servicio Territorial 1","datePublished":"2021-09-15T22:55:20+00:00","dateModified":"2021-09-15T22:56:28+00:00","mainEntityOfPage":{"@id":"https:\/\/experienciadevida.com.ar\/portalurbano\/manana-jueves-el-renaper-hara-entrega-de-dnis-frente-al-servicio-territorial-1\/"},"wordCount":94,"publisher":{"@id":"https:\/\/experienciadevida.com.ar\/portalurbano\/#organization"},"articleSection":["Ciudad","Destacadas 2"],"inLanguage":"es"},{"@type":"WebPage","@id":"https:\/\/experienciadevida.com.ar\/portalurbano\/manana-jueves-el-renaper-hara-entrega-de-dnis-frente-al-servicio-territorial-1\/","url":"https:\/\/experienciadevida.com.ar\/portalurbano\/manana-jueves-el-renaper-hara-entrega-de-dnis-frente-al-servicio-territorial-1\/","name":"Ma\u00f1ana jueves el RENAPER har\u00e1 entrega de DNIs frente al Servicio Territorial 1 -","isPartOf":{"@id":"https:\/\/experienciadevida.com.ar\/portalurbano\/#website"},"datePublished":"2021-09-15T22:55:20+00:00","dateModified":"2021-09-15T22:56:28+00:00","breadcrumb":{"@id":"https:\/\/experienciadevida.com.ar\/portalurbano\/manana-jueves-el-renaper-hara-entrega-de-dnis-frente-al-servicio-territorial-1\/#breadcrumb"},"inLanguage":"es","potentialAction":[{"@type":"ReadAction","target":["https:\/\/experienciadevida.com.ar\/portalurbano\/manana-jueves-el-renaper-hara-entrega-de-dnis-frente-al-servicio-territorial-1\/"]}]},{"@type":"BreadcrumbList","@id":"https:\/\/experienciadevida.com.ar\/portalurbano\/manana-jueves-el-renaper-hara-entrega-de-dnis-frente-al-servicio-territorial-1\/#breadcrumb","itemListElement":[{"@type":"ListItem","position":1,"name":"Portada","item":"https:\/\/experienciadevida.com.ar\/portalurbano\/"},{"@type":"ListItem","position":2,"name":"Ma\u00f1ana jueves el RENAPER har\u00e1 entrega de DNIs frente al Servicio Territorial 1"}]},{"@type":"WebSite","@id":"https:\/\/experienciadevida.com.ar\/portalurbano\/#website","url":"https:\/\/experienciadevida.com.ar\/portalurbano\/","name":"","description":"","publisher":{"@id":"https:\/\/experienciadevida.com.ar\/portalurbano\/#organization"},"potentialAction":[{"@type":"SearchAction","target":{"@type":"EntryPoint","urlTemplate":"https:\/\/experienciadevida.com.ar\/portalurbano\/?s={search_term_string}"},"query-input":"required name=search_term_string"}],"inLanguage":"es"},{"@type":"Organization","@id":"https:\/\/experienciadevida.com.ar\/portalurbano\/#organization","name":"Portal Urbano","url":"https:\/\/experienciadevida.com.ar\/portalurbano\/","logo":{"@type":"ImageObject","inLanguage":"es","@id":"https:\/\/experienciadevida.com.ar\/portalurbano\/#\/schema\/logo\/image\/","url":"https:\/\/experienciadevida.com.ar\/portalurbano\/wp-content\/uploads\/2019\/09\/Logo-Original.png","contentUrl":"https:\/\/experienciadevida.com.ar\/portalurbano\/wp-content\/uploads\/2019\/09\/Logo-Original.png","width":2236,"height":1216,"caption":"Portal Urbano"},"image":{"@id":"https:\/\/experienciadevida.com.ar\/portalurbano\/#\/schema\/logo\/image\/"},"sameAs":["https:\/\/www.facebook.com\/Portal-Urbano-171542830093757\/","https:\/\/twitter.com\/portalurbanook","https:\/\/www.instagram.com\/_portalurbano\/","https:\/\/www.youtube.com\/channel\/UCXhagIfszH8KxFiOok79zbA?view_as=subscriber"]},{"@type":"Person","@id":"https:\/\/experienciadevida.com.ar\/portalurbano\/#\/schema\/person\/02dd326b1c4b056e9cc972486934a3a7","name":"admpu17wp","image":{"@type":"ImageObject","inLanguage":"es","@id":"https:\/\/experienciadevida.com.ar\/portalurbano\/#\/schema\/person\/image\/","url":"https:\/\/secure.gravatar.com\/avatar\/830d4c57adaae6630765e449a6908047?s=96&d=mm&r=g","contentUrl":"https:\/\/secure.gravatar.com\/avatar\/830d4c57adaae6630765e449a6908047?s=96&d=mm&r=g","caption":"admpu17wp"}}]}},"featured_image_urls":{"full":["https:\/\/experienciadevida.com.ar\/portalurbano\/wp-content\/uploads\/2021\/09\/Manana-jueves-el-RENAPER.jpg",765,495,false],"thumbnail":["https:\/\/experienciadevida.com.ar\/portalurbano\/wp-content\/uploads\/2021\/09\/Manana-jueves-el-RENAPER-150x150.jpg",150,150,true],"medium":["https:\/\/experienciadevida.com.ar\/portalurbano\/wp-content\/uploads\/2021\/09\/Manana-jueves-el-RENAPER-300x194.jpg",300,194,true],"medium_large":["https:\/\/experienciadevida.com.ar\/portalurbano\/wp-content\/uploads\/2021\/09\/Manana-jueves-el-RENAPER.jpg",640,414,false],"large":["https:\/\/experienciadevida.com.ar\/portalurbano\/wp-content\/uploads\/2021\/09\/Manana-jueves-el-RENAPER.jpg",640,414,false],"ug_big":["https:\/\/experienciadevida.com.ar\/portalurbano\/wp-content\/uploads\/2021\/09\/Manana-jueves-el-RENAPER.jpg",765,495,false],"1536x1536":["https:\/\/experienciadevida.com.ar\/portalurbano\/wp-content\/uploads\/2021\/09\/Manana-jueves-el-RENAPER.jpg",765,495,false],"2048x2048":["https:\/\/experienciadevida.com.ar\/portalurbano\/wp-content\/uploads\/2021\/09\/Manana-jueves-el-RENAPER.jpg",765,495,false],"newsever-slider-full":["https:\/\/experienciadevida.com.ar\/portalurbano\/wp-content\/uploads\/2021\/09\/Manana-jueves-el-RENAPER.jpg",765,495,false],"newsever-featured":["https:\/\/experienciadevida.com.ar\/portalurbano\/wp-content\/uploads\/2021\/09\/Manana-jueves-el-RENAPER.jpg",765,495,false],"newsever-medium":["https:\/\/experienciadevida.com.ar\/portalurbano\/wp-content\/uploads\/2021\/09\/Manana-jueves-el-RENAPER.jpg",720,466,false],"web-stories-poster-portrait":["https:\/\/experienciadevida.com.ar\/portalurbano\/wp-content\/uploads\/2021\/09\/Manana-jueves-el-RENAPER.jpg",640,414,false],"web-stories-publisher-logo":["https:\/\/experienciadevida.com.ar\/portalurbano\/wp-content\/uploads\/2021\/09\/Manana-jueves-el-RENAPER.jpg",96,62,false],"web-stories-thumbnail":["https:\/\/experienciadevida.com.ar\/portalurbano\/wp-content\/uploads\/2021\/09\/Manana-jueves-el-RENAPER.jpg",150,97,false]},"author_info":{"display_name":"admpu17wp","author_link":"https:\/\/experienciadevida.com.ar\/portalurbano\/author\/admpu17wp\/"},"category_info":"<a href=\"https:\/\/experienciadevida.com.ar\/portalurbano\/category\/ciudad\/\" rel=\"category tag\">Ciudad<\/a> <a href=\"https:\/\/experienciadevida.com.ar\/portalurbano\/category\/destacadas-2\/\" rel=\"category tag\">Destacadas 2<\/a>","tag_info":"Destacadas 2","comment_count":"0","amp_enabled":true,"_links":{"self":[{"href":"https:\/\/experienciadevida.com.ar\/portalurbano\/wp-json\/wp\/v2\/posts\/152768"}],"collection":[{"href":"https:\/\/experienciadevida.com.ar\/portalurbano\/wp-json\/wp\/v2\/posts"}],"about":[{"href":"https:\/\/experienciadevida.com.ar\/portalurbano\/wp-json\/wp\/v2\/types\/post"}],"author":[{"embeddable":true,"href":"https:\/\/experienciadevida.com.ar\/portalurbano\/wp-json\/wp\/v2\/users\/1"}],"replies":[{"embeddable":true,"href":"https:\/\/experienciadevida.com.ar\/portalurbano\/wp-json\/wp\/v2\/comments?post=152768"}],"version-history":[{"count":1,"href":"https:\/\/experienciadevida.com.ar\/portalurbano\/wp-json\/wp\/v2\/posts\/152768\/revisions"}],"predecessor-version":[{"id":152770,"href":"https:\/\/experienciadevida.com.ar\/portalurbano\/wp-json\/wp\/v2\/posts\/152768\/revisions\/152770"}],"wp:featuredmedia":[{"embeddable":true,"href":"https:\/\/experienciadevida.com.ar\/portalurbano\/wp-json\/wp\/v2\/media\/152769"}],"wp:attachment":[{"href":"https:\/\/experienciadevida.com.ar\/portalurbano\/wp-json\/wp\/v2\/media?parent=152768"}],"wp:term":[{"taxonomy":"category","embeddable":true,"href":"https:\/\/experienciadevida.com.ar\/portalurbano\/wp-json\/wp\/v2\/categories?post=152768"},{"taxonomy":"post_tag","embeddable":true,"href":"https:\/\/experienciadevida.com.ar\/portalurbano\/wp-json\/wp\/v2\/tags?post=152768"}],"curies":[{"name":"wp","href":"https:\/\/api.w.org\/{rel}","templated":true}]}}