{"id":152759,"date":"2021-09-15T17:42:46","date_gmt":"2021-09-15T20:42:46","guid":{"rendered":"https:\/\/experienciadevida.com.ar\/portalurbano\/?p=152759"},"modified":"2021-09-15T17:44:31","modified_gmt":"2021-09-15T20:44:31","slug":"creatividad-empezando-por-casa-vuelven-las-24-horas-de-innovacion-fio","status":"publish","type":"post","link":"https:\/\/experienciadevida.com.ar\/portalurbano\/creatividad-empezando-por-casa-vuelven-las-24-horas-de-innovacion-fio\/","title":{"rendered":"Creatividad empezando por casa: vuelven las \u201c24 horas de Innovaci\u00f3n FIO\u201d"},"content":{"rendered":"<p>Creatividad empezando por casa: vuelven las \u201c24 horas de Innovaci\u00f3n <a href=\"https:\/\/www.facebook.com\/FIO.UNICEN\">FIO<\/a>\u201d, formato extendido y trabajo remoto.<\/p>\n<p>Pasillos de la Facultad de Ingenier\u00eda repletos de adolescentes, capacitaciones a las 3 de la ma\u00f1ana, entrega de propuestas contra reloj. Esas im\u00e1genes, que conformaron el inolvidable paisaje de las \u201c24 horas de Innovaci\u00f3n\u201d durante cinco a\u00f1os y diez ediciones, se volvieron impensables en 2020.<\/p>\n<p>La situaci\u00f3n sanitaria ha remitido en el corriente a\u00f1o, pero no lo suficiente como para pensar en el retorno de ese hist\u00f3rico formato.<\/p>\n<p>La gente del Centro de Desarrollo Emprendedor e Innovaci\u00f3n (CDEI) como parte de la FIO, la Secretar\u00eda de Desarrollo por la Municipalidad de Olavarr\u00eda, y la Fundaci\u00f3n Loma Negra, impulsores y protagonistas del \u00e9xito que signific\u00f3 el evento, pusieron su poder de innovaci\u00f3n para reflotarlo en 2021.<\/p>\n<p>Creatividad empezando por casa, Despu\u00e9s de arduo trabajo, ha surgido un formato reconvertido, que busca sostener los logros alcanzados en su historia reciente: contribuir significativamente a la b\u00fasqueda y desarrollo de soluciones eficaces a las problem\u00e1ticas de nuestra sociedad local.<\/p>\n<p>Cambio de formato:<\/p>\n<p>En su formato cl\u00e1sico, las \u201c24 horas de innovaci\u00f3n FIO\u201d reun\u00edan en las instalaciones de la FIO a un conjunto de estudiantes del \u00faltimo tramo de la escuela secundaria; all\u00ed, se les planteaban problemas ofrecidos por instituciones y organizaciones olavarrienses, disponiendo de un d\u00eda completo para hallar, en equipo, soluciones creativas y posibles a esos desaf\u00edos.<\/p>\n<p>En el formato 2021 se apostar\u00e1 al trabajo remoto, extendiendo esas 24 horas a catorce d\u00edas (del 12 al 25 de octubre). Se sostendr\u00e1 la estructura de equipos para el hallazgo de propuestas, as\u00ed como las actividades de capacitaci\u00f3n y formaci\u00f3n en habilidades blandas y conocimientos t\u00e9cnicos.<\/p>\n<p>La organizaci\u00f3n del evento buscar\u00e1 as\u00ed preservar la obtenci\u00f3n de los resultados que dieron origen al evento:<br \/>\n&#8211; Fomentar la cultura emprendedora y la innovaci\u00f3n en estudiantes secundarios.<br \/>\n&#8211; Estimular la interrelaci\u00f3n entre estudiantes secundarios con la Facultad de Ingenier\u00eda y los distintos protagonistas del tejido socioproductivo local.<br \/>\n&#8211; Desarrollar competencias emprendedoras e innovadoras, aplicables en el \u00e1mbito personal, acad\u00e9mico o laboral.<\/p>\n<p>En los pr\u00f3ximos d\u00edas se establecer\u00e1 contacto con los colegios secundarios, y se brindar\u00e1n m\u00e1s precisiones acerca de los detalles organizativos.<\/p>\n<p><a href=\"https:\/\/experienciadevida.com.ar\/portalurbano\/creatividad-empezando-por-casa-vuelven-las-24-horas-de-innovacion-fio\/creatividad-empezando-por-casa\/\" rel=\"attachment wp-att-152760\"><img decoding=\"async\" class=\"alignnone size-full wp-image-152760\" src=\"https:\/\/experienciadevida.com.ar\/portalurbano\/wp-content\/uploads\/2021\/09\/Creatividad-empezando-por-casa.png\" alt=\"Creatividad \" width=\"770\" height=\"440\" srcset=\"https:\/\/experienciadevida.com.ar\/portalurbano\/wp-content\/uploads\/2021\/09\/Creatividad-empezando-por-casa.png 770w, https:\/\/experienciadevida.com.ar\/portalurbano\/wp-content\/uploads\/2021\/09\/Creatividad-empezando-por-casa-300x171.png 300w, https:\/\/experienciadevida.com.ar\/portalurbano\/wp-content\/uploads\/2021\/09\/Creatividad-empezando-por-casa-768x439.png 768w\" sizes=\"(max-width: 770px) 100vw, 770px\" \/><\/a><\/p>\n","protected":false},"excerpt":{"rendered":"<p>Creatividad empezando por casa: vuelven las \u201c24 horas de Innovaci\u00f3n FIO\u201d, formato extendido y trabajo&#8230;<\/p>\n","protected":false},"author":1,"featured_media":-152759,"comment_status":"closed","ping_status":"closed","sticky":false,"template":"","format":"standard","meta":{"content-type":""},"categories":[64,31],"tags":[],"nelio_content":{"isAutoShareEnabled":false,"autoShareEndMode":"default","automationSources":{"useContentSentences":true,"useSocialTemplates":true,"useCustomSentences":false,"customSentences":[]},"followers":[1],"suggestedReferences":[],"includedReferences":[],"efiUrl":"","efiAlt":"","highlights":[]},"yoast_head":"<!-- This site is optimized with the Yoast SEO plugin v20.7 - https:\/\/yoast.com\/wordpress\/plugins\/seo\/ -->\n<title>Creatividad empezando por casa: Vuelven las 24 horas de Innovaci\u00f3n FIO<\/title>\n<meta name=\"description\" content=\"Creatividad empezando por casa: vuelven las \u201c24 horas de Innovaci\u00f3n FIO\u201d, formato extendido y trabajo remoto, a las 3 de la ma\u00f1ana.\" \/>\n<meta name=\"robots\" content=\"index, follow, max-snippet:-1, max-image-preview:large, max-video-preview:-1\" \/>\n<link rel=\"canonical\" href=\"https:\/\/experienciadevida.com.ar\/portalurbano\/creatividad-empezando-por-casa-vuelven-las-24-horas-de-innovacion-fio\/\" \/>\n<meta property=\"og:locale\" content=\"es_ES\" \/>\n<meta property=\"og:type\" content=\"article\" \/>\n<meta property=\"og:title\" content=\"Creatividad empezando por casa: Vuelven las 24 horas de Innovaci\u00f3n FIO\" \/>\n<meta property=\"og:description\" content=\"Creatividad empezando por casa: vuelven las \u201c24 horas de Innovaci\u00f3n FIO\u201d, formato extendido y trabajo remoto, a las 3 de la ma\u00f1ana.\" \/>\n<meta property=\"og:url\" content=\"https:\/\/experienciadevida.com.ar\/portalurbano\/creatividad-empezando-por-casa-vuelven-las-24-horas-de-innovacion-fio\/\" \/>\n<meta property=\"article:publisher\" content=\"https:\/\/www.facebook.com\/Portal-Urbano-171542830093757\/\" \/>\n<meta property=\"article:published_time\" content=\"2021-09-15T20:42:46+00:00\" \/>\n<meta property=\"article:modified_time\" content=\"2021-09-15T20:44:31+00:00\" \/>\n<meta property=\"og:image\" content=\"https:\/\/experienciadevida.com.ar\/portalurbano\/wp-content\/uploads\/2018\/05\/fio-1.jpg\" \/>\n\t<meta property=\"og:image:width\" content=\"770\" \/>\n\t<meta property=\"og:image:height\" content=\"433\" \/>\n\t<meta property=\"og:image:type\" content=\"image\/jpeg\" \/>\n<meta name=\"author\" content=\"admpu17wp\" \/>\n<meta name=\"twitter:card\" content=\"summary_large_image\" \/>\n<meta name=\"twitter:creator\" content=\"@portalurbanook\" \/>\n<meta name=\"twitter:site\" content=\"@portalurbanook\" \/>\n<meta name=\"twitter:label1\" content=\"Escrito por\" \/>\n\t<meta name=\"twitter:data1\" content=\"admpu17wp\" \/>\n\t<meta name=\"twitter:label2\" content=\"Tiempo de lectura\" \/>\n\t<meta name=\"twitter:data2\" content=\"2 minutos\" \/>\n<script type=\"application\/ld+json\" class=\"yoast-schema-graph\">{\"@context\":\"https:\/\/schema.org\",\"@graph\":[{\"@type\":\"Article\",\"@id\":\"https:\/\/experienciadevida.com.ar\/portalurbano\/creatividad-empezando-por-casa-vuelven-las-24-horas-de-innovacion-fio\/#article\",\"isPartOf\":{\"@id\":\"https:\/\/experienciadevida.com.ar\/portalurbano\/creatividad-empezando-por-casa-vuelven-las-24-horas-de-innovacion-fio\/\"},\"author\":{\"name\":\"admpu17wp\",\"@id\":\"https:\/\/experienciadevida.com.ar\/portalurbano\/#\/schema\/person\/02dd326b1c4b056e9cc972486934a3a7\"},\"headline\":\"Creatividad empezando por casa: vuelven las \u201c24 horas de Innovaci\u00f3n FIO\u201d\",\"datePublished\":\"2021-09-15T20:42:46+00:00\",\"dateModified\":\"2021-09-15T20:44:31+00:00\",\"mainEntityOfPage\":{\"@id\":\"https:\/\/experienciadevida.com.ar\/portalurbano\/creatividad-empezando-por-casa-vuelven-las-24-horas-de-innovacion-fio\/\"},\"wordCount\":397,\"publisher\":{\"@id\":\"https:\/\/experienciadevida.com.ar\/portalurbano\/#organization\"},\"articleSection\":[\"Destacadas 2\",\"Educaci\u00f3n\"],\"inLanguage\":\"es\"},{\"@type\":\"WebPage\",\"@id\":\"https:\/\/experienciadevida.com.ar\/portalurbano\/creatividad-empezando-por-casa-vuelven-las-24-horas-de-innovacion-fio\/\",\"url\":\"https:\/\/experienciadevida.com.ar\/portalurbano\/creatividad-empezando-por-casa-vuelven-las-24-horas-de-innovacion-fio\/\",\"name\":\"Creatividad empezando por casa: Vuelven las 24 horas de Innovaci\u00f3n FIO\",\"isPartOf\":{\"@id\":\"https:\/\/experienciadevida.com.ar\/portalurbano\/#website\"},\"datePublished\":\"2021-09-15T20:42:46+00:00\",\"dateModified\":\"2021-09-15T20:44:31+00:00\",\"description\":\"Creatividad empezando por casa: vuelven las \u201c24 horas de Innovaci\u00f3n FIO\u201d, formato extendido y trabajo remoto, a las 3 de la ma\u00f1ana.\",\"breadcrumb\":{\"@id\":\"https:\/\/experienciadevida.com.ar\/portalurbano\/creatividad-empezando-por-casa-vuelven-las-24-horas-de-innovacion-fio\/#breadcrumb\"},\"inLanguage\":\"es\",\"potentialAction\":[{\"@type\":\"ReadAction\",\"target\":[\"https:\/\/experienciadevida.com.ar\/portalurbano\/creatividad-empezando-por-casa-vuelven-las-24-horas-de-innovacion-fio\/\"]}]},{\"@type\":\"BreadcrumbList\",\"@id\":\"https:\/\/experienciadevida.com.ar\/portalurbano\/creatividad-empezando-por-casa-vuelven-las-24-horas-de-innovacion-fio\/#breadcrumb\",\"itemListElement\":[{\"@type\":\"ListItem\",\"position\":1,\"name\":\"Portada\",\"item\":\"https:\/\/experienciadevida.com.ar\/portalurbano\/\"},{\"@type\":\"ListItem\",\"position\":2,\"name\":\"Creatividad empezando por casa: vuelven las \u201c24 horas de Innovaci\u00f3n FIO\u201d\"}]},{\"@type\":\"WebSite\",\"@id\":\"https:\/\/experienciadevida.com.ar\/portalurbano\/#website\",\"url\":\"https:\/\/experienciadevida.com.ar\/portalurbano\/\",\"name\":\"\",\"description\":\"\",\"publisher\":{\"@id\":\"https:\/\/experienciadevida.com.ar\/portalurbano\/#organization\"},\"potentialAction\":[{\"@type\":\"SearchAction\",\"target\":{\"@type\":\"EntryPoint\",\"urlTemplate\":\"https:\/\/experienciadevida.com.ar\/portalurbano\/?s={search_term_string}\"},\"query-input\":\"required name=search_term_string\"}],\"inLanguage\":\"es\"},{\"@type\":\"Organization\",\"@id\":\"https:\/\/experienciadevida.com.ar\/portalurbano\/#organization\",\"name\":\"Portal Urbano\",\"url\":\"https:\/\/experienciadevida.com.ar\/portalurbano\/\",\"logo\":{\"@type\":\"ImageObject\",\"inLanguage\":\"es\",\"@id\":\"https:\/\/experienciadevida.com.ar\/portalurbano\/#\/schema\/logo\/image\/\",\"url\":\"https:\/\/experienciadevida.com.ar\/portalurbano\/wp-content\/uploads\/2019\/09\/Logo-Original.png\",\"contentUrl\":\"https:\/\/experienciadevida.com.ar\/portalurbano\/wp-content\/uploads\/2019\/09\/Logo-Original.png\",\"width\":2236,\"height\":1216,\"caption\":\"Portal Urbano\"},\"image\":{\"@id\":\"https:\/\/experienciadevida.com.ar\/portalurbano\/#\/schema\/logo\/image\/\"},\"sameAs\":[\"https:\/\/www.facebook.com\/Portal-Urbano-171542830093757\/\",\"https:\/\/twitter.com\/portalurbanook\",\"https:\/\/www.instagram.com\/_portalurbano\/\",\"https:\/\/www.youtube.com\/channel\/UCXhagIfszH8KxFiOok79zbA?view_as=subscriber\"]},{\"@type\":\"Person\",\"@id\":\"https:\/\/experienciadevida.com.ar\/portalurbano\/#\/schema\/person\/02dd326b1c4b056e9cc972486934a3a7\",\"name\":\"admpu17wp\",\"image\":{\"@type\":\"ImageObject\",\"inLanguage\":\"es\",\"@id\":\"https:\/\/experienciadevida.com.ar\/portalurbano\/#\/schema\/person\/image\/\",\"url\":\"https:\/\/secure.gravatar.com\/avatar\/830d4c57adaae6630765e449a6908047?s=96&d=mm&r=g\",\"contentUrl\":\"https:\/\/secure.gravatar.com\/avatar\/830d4c57adaae6630765e449a6908047?s=96&d=mm&r=g\",\"caption\":\"admpu17wp\"}}]}<\/script>\n<!-- \/ Yoast SEO plugin. -->","yoast_head_json":{"title":"Creatividad empezando por casa: Vuelven las 24 horas de Innovaci\u00f3n FIO","description":"Creatividad empezando por casa: vuelven las \u201c24 horas de Innovaci\u00f3n FIO\u201d, formato extendido y trabajo remoto, a las 3 de la ma\u00f1ana.","robots":{"index":"index","follow":"follow","max-snippet":"max-snippet:-1","max-image-preview":"max-image-preview:large","max-video-preview":"max-video-preview:-1"},"canonical":"https:\/\/experienciadevida.com.ar\/portalurbano\/creatividad-empezando-por-casa-vuelven-las-24-horas-de-innovacion-fio\/","og_locale":"es_ES","og_type":"article","og_title":"Creatividad empezando por casa: Vuelven las 24 horas de Innovaci\u00f3n FIO","og_description":"Creatividad empezando por casa: vuelven las \u201c24 horas de Innovaci\u00f3n FIO\u201d, formato extendido y trabajo remoto, a las 3 de la ma\u00f1ana.","og_url":"https:\/\/experienciadevida.com.ar\/portalurbano\/creatividad-empezando-por-casa-vuelven-las-24-horas-de-innovacion-fio\/","article_publisher":"https:\/\/www.facebook.com\/Portal-Urbano-171542830093757\/","article_published_time":"2021-09-15T20:42:46+00:00","article_modified_time":"2021-09-15T20:44:31+00:00","og_image":[{"width":770,"height":433,"url":"https:\/\/experienciadevida.com.ar\/portalurbano\/wp-content\/uploads\/2018\/05\/fio-1.jpg","type":"image\/jpeg"}],"author":"admpu17wp","twitter_card":"summary_large_image","twitter_creator":"@portalurbanook","twitter_site":"@portalurbanook","twitter_misc":{"Escrito por":"admpu17wp","Tiempo de lectura":"2 minutos"},"schema":{"@context":"https:\/\/schema.org","@graph":[{"@type":"Article","@id":"https:\/\/experienciadevida.com.ar\/portalurbano\/creatividad-empezando-por-casa-vuelven-las-24-horas-de-innovacion-fio\/#article","isPartOf":{"@id":"https:\/\/experienciadevida.com.ar\/portalurbano\/creatividad-empezando-por-casa-vuelven-las-24-horas-de-innovacion-fio\/"},"author":{"name":"admpu17wp","@id":"https:\/\/experienciadevida.com.ar\/portalurbano\/#\/schema\/person\/02dd326b1c4b056e9cc972486934a3a7"},"headline":"Creatividad empezando por casa: vuelven las \u201c24 horas de Innovaci\u00f3n FIO\u201d","datePublished":"2021-09-15T20:42:46+00:00","dateModified":"2021-09-15T20:44:31+00:00","mainEntityOfPage":{"@id":"https:\/\/experienciadevida.com.ar\/portalurbano\/creatividad-empezando-por-casa-vuelven-las-24-horas-de-innovacion-fio\/"},"wordCount":397,"publisher":{"@id":"https:\/\/experienciadevida.com.ar\/portalurbano\/#organization"},"articleSection":["Destacadas 2","Educaci\u00f3n"],"inLanguage":"es"},{"@type":"WebPage","@id":"https:\/\/experienciadevida.com.ar\/portalurbano\/creatividad-empezando-por-casa-vuelven-las-24-horas-de-innovacion-fio\/","url":"https:\/\/experienciadevida.com.ar\/portalurbano\/creatividad-empezando-por-casa-vuelven-las-24-horas-de-innovacion-fio\/","name":"Creatividad empezando por casa: Vuelven las 24 horas de Innovaci\u00f3n FIO","isPartOf":{"@id":"https:\/\/experienciadevida.com.ar\/portalurbano\/#website"},"datePublished":"2021-09-15T20:42:46+00:00","dateModified":"2021-09-15T20:44:31+00:00","description":"Creatividad empezando por casa: vuelven las \u201c24 horas de Innovaci\u00f3n FIO\u201d, formato extendido y trabajo remoto, a las 3 de la ma\u00f1ana.","breadcrumb":{"@id":"https:\/\/experienciadevida.com.ar\/portalurbano\/creatividad-empezando-por-casa-vuelven-las-24-horas-de-innovacion-fio\/#breadcrumb"},"inLanguage":"es","potentialAction":[{"@type":"ReadAction","target":["https:\/\/experienciadevida.com.ar\/portalurbano\/creatividad-empezando-por-casa-vuelven-las-24-horas-de-innovacion-fio\/"]}]},{"@type":"BreadcrumbList","@id":"https:\/\/experienciadevida.com.ar\/portalurbano\/creatividad-empezando-por-casa-vuelven-las-24-horas-de-innovacion-fio\/#breadcrumb","itemListElement":[{"@type":"ListItem","position":1,"name":"Portada","item":"https:\/\/experienciadevida.com.ar\/portalurbano\/"},{"@type":"ListItem","position":2,"name":"Creatividad empezando por casa: vuelven las \u201c24 horas de Innovaci\u00f3n FIO\u201d"}]},{"@type":"WebSite","@id":"https:\/\/experienciadevida.com.ar\/portalurbano\/#website","url":"https:\/\/experienciadevida.com.ar\/portalurbano\/","name":"","description":"","publisher":{"@id":"https:\/\/experienciadevida.com.ar\/portalurbano\/#organization"},"potentialAction":[{"@type":"SearchAction","target":{"@type":"EntryPoint","urlTemplate":"https:\/\/experienciadevida.com.ar\/portalurbano\/?s={search_term_string}"},"query-input":"required name=search_term_string"}],"inLanguage":"es"},{"@type":"Organization","@id":"https:\/\/experienciadevida.com.ar\/portalurbano\/#organization","name":"Portal Urbano","url":"https:\/\/experienciadevida.com.ar\/portalurbano\/","logo":{"@type":"ImageObject","inLanguage":"es","@id":"https:\/\/experienciadevida.com.ar\/portalurbano\/#\/schema\/logo\/image\/","url":"https:\/\/experienciadevida.com.ar\/portalurbano\/wp-content\/uploads\/2019\/09\/Logo-Original.png","contentUrl":"https:\/\/experienciadevida.com.ar\/portalurbano\/wp-content\/uploads\/2019\/09\/Logo-Original.png","width":2236,"height":1216,"caption":"Portal Urbano"},"image":{"@id":"https:\/\/experienciadevida.com.ar\/portalurbano\/#\/schema\/logo\/image\/"},"sameAs":["https:\/\/www.facebook.com\/Portal-Urbano-171542830093757\/","https:\/\/twitter.com\/portalurbanook","https:\/\/www.instagram.com\/_portalurbano\/","https:\/\/www.youtube.com\/channel\/UCXhagIfszH8KxFiOok79zbA?view_as=subscriber"]},{"@type":"Person","@id":"https:\/\/experienciadevida.com.ar\/portalurbano\/#\/schema\/person\/02dd326b1c4b056e9cc972486934a3a7","name":"admpu17wp","image":{"@type":"ImageObject","inLanguage":"es","@id":"https:\/\/experienciadevida.com.ar\/portalurbano\/#\/schema\/person\/image\/","url":"https:\/\/secure.gravatar.com\/avatar\/830d4c57adaae6630765e449a6908047?s=96&d=mm&r=g","contentUrl":"https:\/\/secure.gravatar.com\/avatar\/830d4c57adaae6630765e449a6908047?s=96&d=mm&r=g","caption":"admpu17wp"}}]}},"featured_image_urls":{"full":["https:\/\/experienciadevida.com.ar\/portalurbano\/wp-content\/uploads\/2021\/09\/Creatividad-empezando-por-casa.png",1920,1080,false],"thumbnail":["https:\/\/experienciadevida.com.ar\/portalurbano\/wp-content\/uploads\/2021\/09\/Creatividad-empezando-por-casa.png",150,150,true],"medium":["https:\/\/experienciadevida.com.ar\/portalurbano\/wp-content\/uploads\/2021\/09\/Creatividad-empezando-por-casa.png",300,169,true],"medium_large":["https:\/\/experienciadevida.com.ar\/portalurbano\/wp-content\/uploads\/2021\/09\/Creatividad-empezando-por-casa.png",640,360,true],"large":["https:\/\/experienciadevida.com.ar\/portalurbano\/wp-content\/uploads\/2021\/09\/Creatividad-empezando-por-casa.png",640,360,true],"ug_big":["https:\/\/experienciadevida.com.ar\/portalurbano\/wp-content\/uploads\/2021\/09\/Creatividad-empezando-por-casa.png",768,432,true],"1536x1536":["https:\/\/experienciadevida.com.ar\/portalurbano\/wp-content\/uploads\/2021\/09\/Creatividad-empezando-por-casa.png",1536,864,true],"2048x2048":["https:\/\/experienciadevida.com.ar\/portalurbano\/wp-content\/uploads\/2021\/09\/Creatividad-empezando-por-casa.png",1920,1080,false],"newsever-slider-full":["https:\/\/experienciadevida.com.ar\/portalurbano\/wp-content\/uploads\/2021\/09\/Creatividad-empezando-por-casa.png",1280,845,true],"newsever-featured":["https:\/\/experienciadevida.com.ar\/portalurbano\/wp-content\/uploads\/2021\/09\/Creatividad-empezando-por-casa.png",1024,576,true],"newsever-medium":["https:\/\/experienciadevida.com.ar\/portalurbano\/wp-content\/uploads\/2021\/09\/Creatividad-empezando-por-casa.png",720,475,true],"web-stories-poster-portrait":["https:\/\/experienciadevida.com.ar\/portalurbano\/wp-content\/uploads\/2021\/09\/Creatividad-empezando-por-casa.png",640,853,true],"web-stories-publisher-logo":["https:\/\/experienciadevida.com.ar\/portalurbano\/wp-content\/uploads\/2021\/09\/Creatividad-empezando-por-casa.png",96,96,true],"web-stories-thumbnail":["https:\/\/experienciadevida.com.ar\/portalurbano\/wp-content\/uploads\/2021\/09\/Creatividad-empezando-por-casa.png",150,84,true]},"author_info":{"display_name":"admpu17wp","author_link":"https:\/\/experienciadevida.com.ar\/portalurbano\/author\/admpu17wp\/"},"category_info":"<a href=\"https:\/\/experienciadevida.com.ar\/portalurbano\/category\/destacadas-2\/\" rel=\"category tag\">Destacadas 2<\/a> <a href=\"https:\/\/experienciadevida.com.ar\/portalurbano\/category\/ciudad\/educacion\/\" rel=\"category tag\">Educaci\u00f3n<\/a>","tag_info":"Educaci\u00f3n","comment_count":"0","amp_enabled":true,"_links":{"self":[{"href":"https:\/\/experienciadevida.com.ar\/portalurbano\/wp-json\/wp\/v2\/posts\/152759"}],"collection":[{"href":"https:\/\/experienciadevida.com.ar\/portalurbano\/wp-json\/wp\/v2\/posts"}],"about":[{"href":"https:\/\/experienciadevida.com.ar\/portalurbano\/wp-json\/wp\/v2\/types\/post"}],"author":[{"embeddable":true,"href":"https:\/\/experienciadevida.com.ar\/portalurbano\/wp-json\/wp\/v2\/users\/1"}],"replies":[{"embeddable":true,"href":"https:\/\/experienciadevida.com.ar\/portalurbano\/wp-json\/wp\/v2\/comments?post=152759"}],"version-history":[{"count":3,"href":"https:\/\/experienciadevida.com.ar\/portalurbano\/wp-json\/wp\/v2\/posts\/152759\/revisions"}],"predecessor-version":[{"id":152763,"href":"https:\/\/experienciadevida.com.ar\/portalurbano\/wp-json\/wp\/v2\/posts\/152759\/revisions\/152763"}],"wp:featuredmedia":[{"embeddable":true,"href":"https:\/\/experienciadevida.com.ar\/portalurbano\/wp-json\/"}],"wp:attachment":[{"href":"https:\/\/experienciadevida.com.ar\/portalurbano\/wp-json\/wp\/v2\/media?parent=152759"}],"wp:term":[{"taxonomy":"category","embeddable":true,"href":"https:\/\/experienciadevida.com.ar\/portalurbano\/wp-json\/wp\/v2\/categories?post=152759"},{"taxonomy":"post_tag","embeddable":true,"href":"https:\/\/experienciadevida.com.ar\/portalurbano\/wp-json\/wp\/v2\/tags?post=152759"}],"curies":[{"name":"wp","href":"https:\/\/api.w.org\/{rel}","templated":true}]}}