{"id":152743,"date":"2021-09-15T10:43:09","date_gmt":"2021-09-15T13:43:09","guid":{"rendered":"https:\/\/experienciadevida.com.ar\/portalurbano\/?p=152743"},"modified":"2021-09-15T10:43:38","modified_gmt":"2021-09-15T13:43:38","slug":"plan-fines-deudores-de-materia-se-encuentra-abierta-la-inscripcion-hasta-el-30-de-septiembre","status":"publish","type":"post","link":"https:\/\/experienciadevida.com.ar\/portalurbano\/plan-fines-deudores-de-materia-se-encuentra-abierta-la-inscripcion-hasta-el-30-de-septiembre\/","title":{"rendered":"Plan Fines deudores de materia: se encuentra abierta la inscripci\u00f3n hasta el 30 de septiembre"},"content":{"rendered":"<p>Destinado a egresados\/as de Escuelas Secundarias hasta 2015 y egresados\/as o que deban materias de Escuelas Medias, Polimodal, CENS, FINES.<\/p>\n<p>Hasta el jueves 30 de septiembre se encuentra abierta la inscripci\u00f3n al Plan Fines deudores de materias. La coordinadora Regional Fines, Prof. Mariana Martinez, inform\u00f3 que todos los interesados en anotarse podr\u00e1n dirigirse a la E.E.S. N\u00b0 8 (Brown y Roque S. Pe\u00f1a), lunes y mi\u00e9rcoles de 18 a<\/p>\n<p>21 hs (Ingreso por Brown) y deber\u00e1n presentar:<br \/>\n-Fotocopia de DNI<br \/>\n-Fotocopia acta de Nacimiento<br \/>\n-Fotocopia libro matriz (solicitada en la escuela o modalidad donde adeuda las materias)<br \/>\n-Folio A4.<\/p>\n","protected":false},"excerpt":{"rendered":"<p>Destinado a egresados\/as de Escuelas Secundarias hasta 2015 y egresados\/as o que deban materias de&#8230;<\/p>\n","protected":false},"author":1,"featured_media":152744,"comment_status":"closed","ping_status":"closed","sticky":false,"template":"","format":"standard","meta":{"content-type":""},"categories":[64,31],"tags":[],"nelio_content":{"isAutoShareEnabled":false,"autoShareEndMode":"default","automationSources":{"useContentSentences":true,"useSocialTemplates":true,"useCustomSentences":false,"customSentences":[]},"followers":[1],"suggestedReferences":[],"includedReferences":[],"efiUrl":"","efiAlt":"","highlights":[]},"yoast_head":"<!-- This site is optimized with the Yoast SEO plugin v20.7 - https:\/\/yoast.com\/wordpress\/plugins\/seo\/ -->\n<title>Plan Fines deudores de materia: se encuentra abierta la inscripci\u00f3n hasta el 30 de septiembre -<\/title>\n<meta name=\"robots\" content=\"index, follow, max-snippet:-1, max-image-preview:large, max-video-preview:-1\" \/>\n<link rel=\"canonical\" href=\"https:\/\/experienciadevida.com.ar\/portalurbano\/plan-fines-deudores-de-materia-se-encuentra-abierta-la-inscripcion-hasta-el-30-de-septiembre\/\" \/>\n<meta property=\"og:locale\" content=\"es_ES\" \/>\n<meta property=\"og:type\" content=\"article\" \/>\n<meta property=\"og:title\" content=\"Plan Fines deudores de materia: se encuentra abierta la inscripci\u00f3n hasta el 30 de septiembre -\" \/>\n<meta property=\"og:description\" content=\"Destinado a egresados\/as de Escuelas Secundarias hasta 2015 y egresados\/as o que deban materias de...\" \/>\n<meta property=\"og:url\" content=\"https:\/\/experienciadevida.com.ar\/portalurbano\/plan-fines-deudores-de-materia-se-encuentra-abierta-la-inscripcion-hasta-el-30-de-septiembre\/\" \/>\n<meta property=\"article:publisher\" content=\"https:\/\/www.facebook.com\/Portal-Urbano-171542830093757\/\" \/>\n<meta property=\"article:published_time\" content=\"2021-09-15T13:43:09+00:00\" \/>\n<meta property=\"article:modified_time\" content=\"2021-09-15T13:43:38+00:00\" \/>\n<meta property=\"og:image\" content=\"https:\/\/experienciadevida.com.ar\/portalurbano\/wp-content\/uploads\/2021\/09\/Plan-fines-deudores-de-materias.jpg\" \/>\n\t<meta property=\"og:image:width\" content=\"765\" \/>\n\t<meta property=\"og:image:height\" content=\"498\" \/>\n\t<meta property=\"og:image:type\" content=\"image\/jpeg\" \/>\n<meta name=\"author\" content=\"admpu17wp\" \/>\n<meta name=\"twitter:card\" content=\"summary_large_image\" \/>\n<meta name=\"twitter:creator\" content=\"@portalurbanook\" \/>\n<meta name=\"twitter:site\" content=\"@portalurbanook\" \/>\n<meta name=\"twitter:label1\" content=\"Escrito por\" \/>\n\t<meta name=\"twitter:data1\" content=\"admpu17wp\" \/>\n\t<meta name=\"twitter:label2\" content=\"Tiempo de lectura\" \/>\n\t<meta name=\"twitter:data2\" content=\"1 minuto\" \/>\n<script type=\"application\/ld+json\" class=\"yoast-schema-graph\">{\"@context\":\"https:\/\/schema.org\",\"@graph\":[{\"@type\":\"Article\",\"@id\":\"https:\/\/experienciadevida.com.ar\/portalurbano\/plan-fines-deudores-de-materia-se-encuentra-abierta-la-inscripcion-hasta-el-30-de-septiembre\/#article\",\"isPartOf\":{\"@id\":\"https:\/\/experienciadevida.com.ar\/portalurbano\/plan-fines-deudores-de-materia-se-encuentra-abierta-la-inscripcion-hasta-el-30-de-septiembre\/\"},\"author\":{\"name\":\"admpu17wp\",\"@id\":\"https:\/\/experienciadevida.com.ar\/portalurbano\/#\/schema\/person\/02dd326b1c4b056e9cc972486934a3a7\"},\"headline\":\"Plan Fines deudores de materia: se encuentra abierta la inscripci\u00f3n hasta el 30 de septiembre\",\"datePublished\":\"2021-09-15T13:43:09+00:00\",\"dateModified\":\"2021-09-15T13:43:38+00:00\",\"mainEntityOfPage\":{\"@id\":\"https:\/\/experienciadevida.com.ar\/portalurbano\/plan-fines-deudores-de-materia-se-encuentra-abierta-la-inscripcion-hasta-el-30-de-septiembre\/\"},\"wordCount\":118,\"publisher\":{\"@id\":\"https:\/\/experienciadevida.com.ar\/portalurbano\/#organization\"},\"articleSection\":[\"Destacadas 2\",\"Educaci\u00f3n\"],\"inLanguage\":\"es\"},{\"@type\":\"WebPage\",\"@id\":\"https:\/\/experienciadevida.com.ar\/portalurbano\/plan-fines-deudores-de-materia-se-encuentra-abierta-la-inscripcion-hasta-el-30-de-septiembre\/\",\"url\":\"https:\/\/experienciadevida.com.ar\/portalurbano\/plan-fines-deudores-de-materia-se-encuentra-abierta-la-inscripcion-hasta-el-30-de-septiembre\/\",\"name\":\"Plan Fines deudores de materia: se encuentra abierta la inscripci\u00f3n hasta el 30 de septiembre -\",\"isPartOf\":{\"@id\":\"https:\/\/experienciadevida.com.ar\/portalurbano\/#website\"},\"datePublished\":\"2021-09-15T13:43:09+00:00\",\"dateModified\":\"2021-09-15T13:43:38+00:00\",\"breadcrumb\":{\"@id\":\"https:\/\/experienciadevida.com.ar\/portalurbano\/plan-fines-deudores-de-materia-se-encuentra-abierta-la-inscripcion-hasta-el-30-de-septiembre\/#breadcrumb\"},\"inLanguage\":\"es\",\"potentialAction\":[{\"@type\":\"ReadAction\",\"target\":[\"https:\/\/experienciadevida.com.ar\/portalurbano\/plan-fines-deudores-de-materia-se-encuentra-abierta-la-inscripcion-hasta-el-30-de-septiembre\/\"]}]},{\"@type\":\"BreadcrumbList\",\"@id\":\"https:\/\/experienciadevida.com.ar\/portalurbano\/plan-fines-deudores-de-materia-se-encuentra-abierta-la-inscripcion-hasta-el-30-de-septiembre\/#breadcrumb\",\"itemListElement\":[{\"@type\":\"ListItem\",\"position\":1,\"name\":\"Portada\",\"item\":\"https:\/\/experienciadevida.com.ar\/portalurbano\/\"},{\"@type\":\"ListItem\",\"position\":2,\"name\":\"Plan Fines deudores de materia: se encuentra abierta la inscripci\u00f3n hasta el 30 de septiembre\"}]},{\"@type\":\"WebSite\",\"@id\":\"https:\/\/experienciadevida.com.ar\/portalurbano\/#website\",\"url\":\"https:\/\/experienciadevida.com.ar\/portalurbano\/\",\"name\":\"\",\"description\":\"\",\"publisher\":{\"@id\":\"https:\/\/experienciadevida.com.ar\/portalurbano\/#organization\"},\"potentialAction\":[{\"@type\":\"SearchAction\",\"target\":{\"@type\":\"EntryPoint\",\"urlTemplate\":\"https:\/\/experienciadevida.com.ar\/portalurbano\/?s={search_term_string}\"},\"query-input\":\"required name=search_term_string\"}],\"inLanguage\":\"es\"},{\"@type\":\"Organization\",\"@id\":\"https:\/\/experienciadevida.com.ar\/portalurbano\/#organization\",\"name\":\"Portal Urbano\",\"url\":\"https:\/\/experienciadevida.com.ar\/portalurbano\/\",\"logo\":{\"@type\":\"ImageObject\",\"inLanguage\":\"es\",\"@id\":\"https:\/\/experienciadevida.com.ar\/portalurbano\/#\/schema\/logo\/image\/\",\"url\":\"https:\/\/experienciadevida.com.ar\/portalurbano\/wp-content\/uploads\/2019\/09\/Logo-Original.png\",\"contentUrl\":\"https:\/\/experienciadevida.com.ar\/portalurbano\/wp-content\/uploads\/2019\/09\/Logo-Original.png\",\"width\":2236,\"height\":1216,\"caption\":\"Portal Urbano\"},\"image\":{\"@id\":\"https:\/\/experienciadevida.com.ar\/portalurbano\/#\/schema\/logo\/image\/\"},\"sameAs\":[\"https:\/\/www.facebook.com\/Portal-Urbano-171542830093757\/\",\"https:\/\/twitter.com\/portalurbanook\",\"https:\/\/www.instagram.com\/_portalurbano\/\",\"https:\/\/www.youtube.com\/channel\/UCXhagIfszH8KxFiOok79zbA?view_as=subscriber\"]},{\"@type\":\"Person\",\"@id\":\"https:\/\/experienciadevida.com.ar\/portalurbano\/#\/schema\/person\/02dd326b1c4b056e9cc972486934a3a7\",\"name\":\"admpu17wp\",\"image\":{\"@type\":\"ImageObject\",\"inLanguage\":\"es\",\"@id\":\"https:\/\/experienciadevida.com.ar\/portalurbano\/#\/schema\/person\/image\/\",\"url\":\"https:\/\/secure.gravatar.com\/avatar\/830d4c57adaae6630765e449a6908047?s=96&d=mm&r=g\",\"contentUrl\":\"https:\/\/secure.gravatar.com\/avatar\/830d4c57adaae6630765e449a6908047?s=96&d=mm&r=g\",\"caption\":\"admpu17wp\"}}]}<\/script>\n<!-- \/ Yoast SEO plugin. -->","yoast_head_json":{"title":"Plan Fines deudores de materia: se encuentra abierta la inscripci\u00f3n hasta el 30 de septiembre -","robots":{"index":"index","follow":"follow","max-snippet":"max-snippet:-1","max-image-preview":"max-image-preview:large","max-video-preview":"max-video-preview:-1"},"canonical":"https:\/\/experienciadevida.com.ar\/portalurbano\/plan-fines-deudores-de-materia-se-encuentra-abierta-la-inscripcion-hasta-el-30-de-septiembre\/","og_locale":"es_ES","og_type":"article","og_title":"Plan Fines deudores de materia: se encuentra abierta la inscripci\u00f3n hasta el 30 de septiembre -","og_description":"Destinado a egresados\/as de Escuelas Secundarias hasta 2015 y egresados\/as o que deban materias de...","og_url":"https:\/\/experienciadevida.com.ar\/portalurbano\/plan-fines-deudores-de-materia-se-encuentra-abierta-la-inscripcion-hasta-el-30-de-septiembre\/","article_publisher":"https:\/\/www.facebook.com\/Portal-Urbano-171542830093757\/","article_published_time":"2021-09-15T13:43:09+00:00","article_modified_time":"2021-09-15T13:43:38+00:00","og_image":[{"width":765,"height":498,"url":"https:\/\/experienciadevida.com.ar\/portalurbano\/wp-content\/uploads\/2021\/09\/Plan-fines-deudores-de-materias.jpg","type":"image\/jpeg"}],"author":"admpu17wp","twitter_card":"summary_large_image","twitter_creator":"@portalurbanook","twitter_site":"@portalurbanook","twitter_misc":{"Escrito por":"admpu17wp","Tiempo de lectura":"1 minuto"},"schema":{"@context":"https:\/\/schema.org","@graph":[{"@type":"Article","@id":"https:\/\/experienciadevida.com.ar\/portalurbano\/plan-fines-deudores-de-materia-se-encuentra-abierta-la-inscripcion-hasta-el-30-de-septiembre\/#article","isPartOf":{"@id":"https:\/\/experienciadevida.com.ar\/portalurbano\/plan-fines-deudores-de-materia-se-encuentra-abierta-la-inscripcion-hasta-el-30-de-septiembre\/"},"author":{"name":"admpu17wp","@id":"https:\/\/experienciadevida.com.ar\/portalurbano\/#\/schema\/person\/02dd326b1c4b056e9cc972486934a3a7"},"headline":"Plan Fines deudores de materia: se encuentra abierta la inscripci\u00f3n hasta el 30 de septiembre","datePublished":"2021-09-15T13:43:09+00:00","dateModified":"2021-09-15T13:43:38+00:00","mainEntityOfPage":{"@id":"https:\/\/experienciadevida.com.ar\/portalurbano\/plan-fines-deudores-de-materia-se-encuentra-abierta-la-inscripcion-hasta-el-30-de-septiembre\/"},"wordCount":118,"publisher":{"@id":"https:\/\/experienciadevida.com.ar\/portalurbano\/#organization"},"articleSection":["Destacadas 2","Educaci\u00f3n"],"inLanguage":"es"},{"@type":"WebPage","@id":"https:\/\/experienciadevida.com.ar\/portalurbano\/plan-fines-deudores-de-materia-se-encuentra-abierta-la-inscripcion-hasta-el-30-de-septiembre\/","url":"https:\/\/experienciadevida.com.ar\/portalurbano\/plan-fines-deudores-de-materia-se-encuentra-abierta-la-inscripcion-hasta-el-30-de-septiembre\/","name":"Plan Fines deudores de materia: se encuentra abierta la inscripci\u00f3n hasta el 30 de septiembre -","isPartOf":{"@id":"https:\/\/experienciadevida.com.ar\/portalurbano\/#website"},"datePublished":"2021-09-15T13:43:09+00:00","dateModified":"2021-09-15T13:43:38+00:00","breadcrumb":{"@id":"https:\/\/experienciadevida.com.ar\/portalurbano\/plan-fines-deudores-de-materia-se-encuentra-abierta-la-inscripcion-hasta-el-30-de-septiembre\/#breadcrumb"},"inLanguage":"es","potentialAction":[{"@type":"ReadAction","target":["https:\/\/experienciadevida.com.ar\/portalurbano\/plan-fines-deudores-de-materia-se-encuentra-abierta-la-inscripcion-hasta-el-30-de-septiembre\/"]}]},{"@type":"BreadcrumbList","@id":"https:\/\/experienciadevida.com.ar\/portalurbano\/plan-fines-deudores-de-materia-se-encuentra-abierta-la-inscripcion-hasta-el-30-de-septiembre\/#breadcrumb","itemListElement":[{"@type":"ListItem","position":1,"name":"Portada","item":"https:\/\/experienciadevida.com.ar\/portalurbano\/"},{"@type":"ListItem","position":2,"name":"Plan Fines deudores de materia: se encuentra abierta la inscripci\u00f3n hasta el 30 de septiembre"}]},{"@type":"WebSite","@id":"https:\/\/experienciadevida.com.ar\/portalurbano\/#website","url":"https:\/\/experienciadevida.com.ar\/portalurbano\/","name":"","description":"","publisher":{"@id":"https:\/\/experienciadevida.com.ar\/portalurbano\/#organization"},"potentialAction":[{"@type":"SearchAction","target":{"@type":"EntryPoint","urlTemplate":"https:\/\/experienciadevida.com.ar\/portalurbano\/?s={search_term_string}"},"query-input":"required name=search_term_string"}],"inLanguage":"es"},{"@type":"Organization","@id":"https:\/\/experienciadevida.com.ar\/portalurbano\/#organization","name":"Portal Urbano","url":"https:\/\/experienciadevida.com.ar\/portalurbano\/","logo":{"@type":"ImageObject","inLanguage":"es","@id":"https:\/\/experienciadevida.com.ar\/portalurbano\/#\/schema\/logo\/image\/","url":"https:\/\/experienciadevida.com.ar\/portalurbano\/wp-content\/uploads\/2019\/09\/Logo-Original.png","contentUrl":"https:\/\/experienciadevida.com.ar\/portalurbano\/wp-content\/uploads\/2019\/09\/Logo-Original.png","width":2236,"height":1216,"caption":"Portal Urbano"},"image":{"@id":"https:\/\/experienciadevida.com.ar\/portalurbano\/#\/schema\/logo\/image\/"},"sameAs":["https:\/\/www.facebook.com\/Portal-Urbano-171542830093757\/","https:\/\/twitter.com\/portalurbanook","https:\/\/www.instagram.com\/_portalurbano\/","https:\/\/www.youtube.com\/channel\/UCXhagIfszH8KxFiOok79zbA?view_as=subscriber"]},{"@type":"Person","@id":"https:\/\/experienciadevida.com.ar\/portalurbano\/#\/schema\/person\/02dd326b1c4b056e9cc972486934a3a7","name":"admpu17wp","image":{"@type":"ImageObject","inLanguage":"es","@id":"https:\/\/experienciadevida.com.ar\/portalurbano\/#\/schema\/person\/image\/","url":"https:\/\/secure.gravatar.com\/avatar\/830d4c57adaae6630765e449a6908047?s=96&d=mm&r=g","contentUrl":"https:\/\/secure.gravatar.com\/avatar\/830d4c57adaae6630765e449a6908047?s=96&d=mm&r=g","caption":"admpu17wp"}}]}},"featured_image_urls":{"full":["https:\/\/experienciadevida.com.ar\/portalurbano\/wp-content\/uploads\/2021\/09\/Plan-fines-deudores-de-materias.jpg",765,498,false],"thumbnail":["https:\/\/experienciadevida.com.ar\/portalurbano\/wp-content\/uploads\/2021\/09\/Plan-fines-deudores-de-materias-150x150.jpg",150,150,true],"medium":["https:\/\/experienciadevida.com.ar\/portalurbano\/wp-content\/uploads\/2021\/09\/Plan-fines-deudores-de-materias-300x195.jpg",300,195,true],"medium_large":["https:\/\/experienciadevida.com.ar\/portalurbano\/wp-content\/uploads\/2021\/09\/Plan-fines-deudores-de-materias.jpg",640,417,false],"large":["https:\/\/experienciadevida.com.ar\/portalurbano\/wp-content\/uploads\/2021\/09\/Plan-fines-deudores-de-materias.jpg",640,417,false],"ug_big":["https:\/\/experienciadevida.com.ar\/portalurbano\/wp-content\/uploads\/2021\/09\/Plan-fines-deudores-de-materias.jpg",765,498,false],"1536x1536":["https:\/\/experienciadevida.com.ar\/portalurbano\/wp-content\/uploads\/2021\/09\/Plan-fines-deudores-de-materias.jpg",765,498,false],"2048x2048":["https:\/\/experienciadevida.com.ar\/portalurbano\/wp-content\/uploads\/2021\/09\/Plan-fines-deudores-de-materias.jpg",765,498,false],"newsever-slider-full":["https:\/\/experienciadevida.com.ar\/portalurbano\/wp-content\/uploads\/2021\/09\/Plan-fines-deudores-de-materias.jpg",765,498,false],"newsever-featured":["https:\/\/experienciadevida.com.ar\/portalurbano\/wp-content\/uploads\/2021\/09\/Plan-fines-deudores-de-materias.jpg",765,498,false],"newsever-medium":["https:\/\/experienciadevida.com.ar\/portalurbano\/wp-content\/uploads\/2021\/09\/Plan-fines-deudores-de-materias.jpg",720,469,false],"web-stories-poster-portrait":["https:\/\/experienciadevida.com.ar\/portalurbano\/wp-content\/uploads\/2021\/09\/Plan-fines-deudores-de-materias.jpg",640,417,false],"web-stories-publisher-logo":["https:\/\/experienciadevida.com.ar\/portalurbano\/wp-content\/uploads\/2021\/09\/Plan-fines-deudores-de-materias.jpg",96,62,false],"web-stories-thumbnail":["https:\/\/experienciadevida.com.ar\/portalurbano\/wp-content\/uploads\/2021\/09\/Plan-fines-deudores-de-materias.jpg",150,98,false]},"author_info":{"display_name":"admpu17wp","author_link":"https:\/\/experienciadevida.com.ar\/portalurbano\/author\/admpu17wp\/"},"category_info":"<a href=\"https:\/\/experienciadevida.com.ar\/portalurbano\/category\/destacadas-2\/\" rel=\"category tag\">Destacadas 2<\/a> <a href=\"https:\/\/experienciadevida.com.ar\/portalurbano\/category\/ciudad\/educacion\/\" rel=\"category tag\">Educaci\u00f3n<\/a>","tag_info":"Educaci\u00f3n","comment_count":"0","amp_enabled":true,"_links":{"self":[{"href":"https:\/\/experienciadevida.com.ar\/portalurbano\/wp-json\/wp\/v2\/posts\/152743"}],"collection":[{"href":"https:\/\/experienciadevida.com.ar\/portalurbano\/wp-json\/wp\/v2\/posts"}],"about":[{"href":"https:\/\/experienciadevida.com.ar\/portalurbano\/wp-json\/wp\/v2\/types\/post"}],"author":[{"embeddable":true,"href":"https:\/\/experienciadevida.com.ar\/portalurbano\/wp-json\/wp\/v2\/users\/1"}],"replies":[{"embeddable":true,"href":"https:\/\/experienciadevida.com.ar\/portalurbano\/wp-json\/wp\/v2\/comments?post=152743"}],"version-history":[{"count":2,"href":"https:\/\/experienciadevida.com.ar\/portalurbano\/wp-json\/wp\/v2\/posts\/152743\/revisions"}],"predecessor-version":[{"id":152746,"href":"https:\/\/experienciadevida.com.ar\/portalurbano\/wp-json\/wp\/v2\/posts\/152743\/revisions\/152746"}],"wp:featuredmedia":[{"embeddable":true,"href":"https:\/\/experienciadevida.com.ar\/portalurbano\/wp-json\/wp\/v2\/media\/152744"}],"wp:attachment":[{"href":"https:\/\/experienciadevida.com.ar\/portalurbano\/wp-json\/wp\/v2\/media?parent=152743"}],"wp:term":[{"taxonomy":"category","embeddable":true,"href":"https:\/\/experienciadevida.com.ar\/portalurbano\/wp-json\/wp\/v2\/categories?post=152743"},{"taxonomy":"post_tag","embeddable":true,"href":"https:\/\/experienciadevida.com.ar\/portalurbano\/wp-json\/wp\/v2\/tags?post=152743"}],"curies":[{"name":"wp","href":"https:\/\/api.w.org\/{rel}","templated":true}]}}