{"id":152735,"date":"2021-09-15T10:02:26","date_gmt":"2021-09-15T13:02:26","guid":{"rendered":"https:\/\/experienciadevida.com.ar\/portalurbano\/?p=152735"},"modified":"2021-09-15T10:04:18","modified_gmt":"2021-09-15T13:04:18","slug":"tanto-el-gobierno-nacional-y-provincial-deben-dedicarse-en-este-momento-a-la-reconstruccion","status":"publish","type":"post","link":"https:\/\/experienciadevida.com.ar\/portalurbano\/tanto-el-gobierno-nacional-y-provincial-deben-dedicarse-en-este-momento-a-la-reconstruccion\/","title":{"rendered":"\u201cTanto el gobierno nacional y provincial deben dedicarse en este momento a la reconstrucci\u00f3n\u201d"},"content":{"rendered":"<p>\u201cTanto el gobierno nacional y provincial deben dedicarse en este momento a la reconstrucci\u00f3n\u201d, el Gobernador habl\u00f3 tras el resultado de las PASO y adem\u00e1s no descart\u00f3 realizar cambios en el Gabinete provincial.<\/p>\n<p>El gobernador bonaerense Axel Kicillof realiz\u00f3 un diagn\u00f3stico tras la derrota oficialista en las PASO, as\u00ed como tambi\u00e9n las medidas que, seg\u00fan su mirada, deben tomarse para revertir ese resultado en las elecciones de noviembre, y asegur\u00f3 que, en conjunto con Naci\u00f3n, tienen que concentrarse en una \u201creconstrucci\u00f3n\u201d, principalmente desde el punto de vista econ\u00f3mico.<\/p>\n<p>\u201cPara alcanzar la recuperaci\u00f3n y compensar las p\u00e9rdidas de la pandemia, hay que relajar la mirada fiscalista. Tanto el gobierno nacional y provincial deben dedicarse en este momento a la reconstrucci\u00f3n de manera excluyente; eso implica que el salario le gane a la inflaci\u00f3n y que se cree trabajo\u201d, recomend\u00f3 Kicillof.<\/p>\n<p>\u201cAl salir de la pandemia, la situaci\u00f3n de buena parte de la sociedad es complicada en lo econ\u00f3mico\u201d. Por ese motivo, consider\u00f3 que \u201cla respuesta a eso tiene que ser abocarse al crecimiento de los ingresos y a la reparaci\u00f3n del da\u00f1o que hizo el coronavirus, sobre todo en los sectores m\u00e1s golpeados\u201d.<\/p>\n<p>\u201cTanto el gobierno nacional y provincial deben dedicarse en este momento a la reconstrucci\u00f3n\u201d, \u201cHace tiempo vengo diciendo que gobernar es crear trabajo y mejorar ingresos. Hay que hacer todo lo posible con instrumentos nacionales y provinciales, el cr\u00e9dito, los diferentes tipos de acompa\u00f1amiento y asistencia\u201d, detall\u00f3.<\/p>\n<p>Kicillof confi\u00f3 tambi\u00e9n en que \u201cla econom\u00eda va a reaccionar porque la pandemia gener\u00f3 graves problemas en todo el mundo, pero la mejora de condiciones sanitarias exhibe una situaci\u00f3n de mucha complejidad y hay que dar una respuesta\u201d.<\/p>\n<p>\u201cSe deben poner todos los esfuerzos y mostrar que este es un gobierno que, as\u00ed como se preocup\u00f3 por evitar mayores da\u00f1os y vacunar, ahora se tiene que abocar a la recuperaci\u00f3n econ\u00f3mica de todos y cada uno, teniendo una sensibilidad especial en la cuesti\u00f3n distributiva\u201d, expres\u00f3.<\/p>\n<p>Para Kicillof, en el resultado de las PASO celebradas el domingo pasado para definir los candidatos que competir\u00e1n por la renovaci\u00f3n parlamentaria \u201chubo un mensaje claro, el tema es c\u00f3mo se decodifica\u201d.<\/p>\n<p>Kicillof respondi\u00f3, adem\u00e1s, a la consulta sobre si analiza impulsar cambios en su gabinete despu\u00e9s de los resultados adversos de las PASO. En ese sentido, dijo que en la provincia de Buenos Aires tiene \u201ca disposici\u00f3n esa posibilidad para reforzar todas las \u00e1reas que necesitan impulsarse m\u00e1s\u201d.<\/p>\n<p>&nbsp;<\/p>\n","protected":false},"excerpt":{"rendered":"<p>\u201cTanto el gobierno nacional y provincial deben dedicarse en este momento a la reconstrucci\u00f3n\u201d, el&#8230;<\/p>\n","protected":false},"author":1,"featured_media":152736,"comment_status":"closed","ping_status":"closed","sticky":false,"template":"","format":"standard","meta":{"content-type":""},"categories":[64,44],"tags":[],"nelio_content":{"isAutoShareEnabled":false,"autoShareEndMode":"default","automationSources":{"useContentSentences":true,"useSocialTemplates":true,"useCustomSentences":false,"customSentences":[]},"followers":[1],"suggestedReferences":[],"includedReferences":[],"efiUrl":"","efiAlt":"","highlights":[]},"yoast_head":"<!-- This site is optimized with the Yoast SEO plugin v20.7 - https:\/\/yoast.com\/wordpress\/plugins\/seo\/ -->\n<title>&quot;Tanto el gobierno nacional y provincial deben dedicarse a reconstruir&quot;<\/title>\n<meta name=\"description\" content=\"\u201cTanto el gobierno nacional y provincial deben dedicarse en este momento a la reconstrucci\u00f3n\u201d, el Gobernador habl\u00f3 tras el resultado\" \/>\n<meta name=\"robots\" content=\"index, follow, max-snippet:-1, max-image-preview:large, max-video-preview:-1\" \/>\n<link rel=\"canonical\" href=\"https:\/\/experienciadevida.com.ar\/portalurbano\/tanto-el-gobierno-nacional-y-provincial-deben-dedicarse-en-este-momento-a-la-reconstruccion\/\" \/>\n<meta property=\"og:locale\" content=\"es_ES\" \/>\n<meta property=\"og:type\" content=\"article\" \/>\n<meta property=\"og:title\" content=\"&quot;Tanto el gobierno nacional y provincial deben dedicarse a reconstruir&quot;\" \/>\n<meta property=\"og:description\" content=\"\u201cTanto el gobierno nacional y provincial deben dedicarse en este momento a la reconstrucci\u00f3n\u201d, el Gobernador habl\u00f3 tras el resultado\" \/>\n<meta property=\"og:url\" content=\"https:\/\/experienciadevida.com.ar\/portalurbano\/tanto-el-gobierno-nacional-y-provincial-deben-dedicarse-en-este-momento-a-la-reconstruccion\/\" \/>\n<meta property=\"article:publisher\" content=\"https:\/\/www.facebook.com\/Portal-Urbano-171542830093757\/\" \/>\n<meta property=\"article:published_time\" content=\"2021-09-15T13:02:26+00:00\" \/>\n<meta property=\"article:modified_time\" content=\"2021-09-15T13:04:18+00:00\" \/>\n<meta property=\"og:image\" content=\"https:\/\/experienciadevida.com.ar\/portalurbano\/wp-content\/uploads\/2021\/09\/Tanto-el-gobierno-nacional-y.jpg\" \/>\n\t<meta property=\"og:image:width\" content=\"696\" \/>\n\t<meta property=\"og:image:height\" content=\"392\" \/>\n\t<meta property=\"og:image:type\" content=\"image\/jpeg\" \/>\n<meta name=\"author\" content=\"admpu17wp\" \/>\n<meta name=\"twitter:card\" content=\"summary_large_image\" \/>\n<meta name=\"twitter:creator\" content=\"@portalurbanook\" \/>\n<meta name=\"twitter:site\" content=\"@portalurbanook\" \/>\n<meta name=\"twitter:label1\" content=\"Escrito por\" \/>\n\t<meta name=\"twitter:data1\" content=\"admpu17wp\" \/>\n\t<meta name=\"twitter:label2\" content=\"Tiempo de lectura\" \/>\n\t<meta name=\"twitter:data2\" content=\"2 minutos\" \/>\n<script type=\"application\/ld+json\" class=\"yoast-schema-graph\">{\"@context\":\"https:\/\/schema.org\",\"@graph\":[{\"@type\":\"Article\",\"@id\":\"https:\/\/experienciadevida.com.ar\/portalurbano\/tanto-el-gobierno-nacional-y-provincial-deben-dedicarse-en-este-momento-a-la-reconstruccion\/#article\",\"isPartOf\":{\"@id\":\"https:\/\/experienciadevida.com.ar\/portalurbano\/tanto-el-gobierno-nacional-y-provincial-deben-dedicarse-en-este-momento-a-la-reconstruccion\/\"},\"author\":{\"name\":\"admpu17wp\",\"@id\":\"https:\/\/experienciadevida.com.ar\/portalurbano\/#\/schema\/person\/02dd326b1c4b056e9cc972486934a3a7\"},\"headline\":\"\u201cTanto el gobierno nacional y provincial deben dedicarse en este momento a la reconstrucci\u00f3n\u201d\",\"datePublished\":\"2021-09-15T13:02:26+00:00\",\"dateModified\":\"2021-09-15T13:04:18+00:00\",\"mainEntityOfPage\":{\"@id\":\"https:\/\/experienciadevida.com.ar\/portalurbano\/tanto-el-gobierno-nacional-y-provincial-deben-dedicarse-en-este-momento-a-la-reconstruccion\/\"},\"wordCount\":453,\"publisher\":{\"@id\":\"https:\/\/experienciadevida.com.ar\/portalurbano\/#organization\"},\"articleSection\":[\"Destacadas 2\",\"Provincia\"],\"inLanguage\":\"es\"},{\"@type\":\"WebPage\",\"@id\":\"https:\/\/experienciadevida.com.ar\/portalurbano\/tanto-el-gobierno-nacional-y-provincial-deben-dedicarse-en-este-momento-a-la-reconstruccion\/\",\"url\":\"https:\/\/experienciadevida.com.ar\/portalurbano\/tanto-el-gobierno-nacional-y-provincial-deben-dedicarse-en-este-momento-a-la-reconstruccion\/\",\"name\":\"\\\"Tanto el gobierno nacional y provincial deben dedicarse a reconstruir\\\"\",\"isPartOf\":{\"@id\":\"https:\/\/experienciadevida.com.ar\/portalurbano\/#website\"},\"datePublished\":\"2021-09-15T13:02:26+00:00\",\"dateModified\":\"2021-09-15T13:04:18+00:00\",\"description\":\"\u201cTanto el gobierno nacional y provincial deben dedicarse en este momento a la reconstrucci\u00f3n\u201d, el Gobernador habl\u00f3 tras el resultado\",\"breadcrumb\":{\"@id\":\"https:\/\/experienciadevida.com.ar\/portalurbano\/tanto-el-gobierno-nacional-y-provincial-deben-dedicarse-en-este-momento-a-la-reconstruccion\/#breadcrumb\"},\"inLanguage\":\"es\",\"potentialAction\":[{\"@type\":\"ReadAction\",\"target\":[\"https:\/\/experienciadevida.com.ar\/portalurbano\/tanto-el-gobierno-nacional-y-provincial-deben-dedicarse-en-este-momento-a-la-reconstruccion\/\"]}]},{\"@type\":\"BreadcrumbList\",\"@id\":\"https:\/\/experienciadevida.com.ar\/portalurbano\/tanto-el-gobierno-nacional-y-provincial-deben-dedicarse-en-este-momento-a-la-reconstruccion\/#breadcrumb\",\"itemListElement\":[{\"@type\":\"ListItem\",\"position\":1,\"name\":\"Portada\",\"item\":\"https:\/\/experienciadevida.com.ar\/portalurbano\/\"},{\"@type\":\"ListItem\",\"position\":2,\"name\":\"\u201cTanto el gobierno nacional y provincial deben dedicarse en este momento a la reconstrucci\u00f3n\u201d\"}]},{\"@type\":\"WebSite\",\"@id\":\"https:\/\/experienciadevida.com.ar\/portalurbano\/#website\",\"url\":\"https:\/\/experienciadevida.com.ar\/portalurbano\/\",\"name\":\"\",\"description\":\"\",\"publisher\":{\"@id\":\"https:\/\/experienciadevida.com.ar\/portalurbano\/#organization\"},\"potentialAction\":[{\"@type\":\"SearchAction\",\"target\":{\"@type\":\"EntryPoint\",\"urlTemplate\":\"https:\/\/experienciadevida.com.ar\/portalurbano\/?s={search_term_string}\"},\"query-input\":\"required name=search_term_string\"}],\"inLanguage\":\"es\"},{\"@type\":\"Organization\",\"@id\":\"https:\/\/experienciadevida.com.ar\/portalurbano\/#organization\",\"name\":\"Portal Urbano\",\"url\":\"https:\/\/experienciadevida.com.ar\/portalurbano\/\",\"logo\":{\"@type\":\"ImageObject\",\"inLanguage\":\"es\",\"@id\":\"https:\/\/experienciadevida.com.ar\/portalurbano\/#\/schema\/logo\/image\/\",\"url\":\"https:\/\/experienciadevida.com.ar\/portalurbano\/wp-content\/uploads\/2019\/09\/Logo-Original.png\",\"contentUrl\":\"https:\/\/experienciadevida.com.ar\/portalurbano\/wp-content\/uploads\/2019\/09\/Logo-Original.png\",\"width\":2236,\"height\":1216,\"caption\":\"Portal Urbano\"},\"image\":{\"@id\":\"https:\/\/experienciadevida.com.ar\/portalurbano\/#\/schema\/logo\/image\/\"},\"sameAs\":[\"https:\/\/www.facebook.com\/Portal-Urbano-171542830093757\/\",\"https:\/\/twitter.com\/portalurbanook\",\"https:\/\/www.instagram.com\/_portalurbano\/\",\"https:\/\/www.youtube.com\/channel\/UCXhagIfszH8KxFiOok79zbA?view_as=subscriber\"]},{\"@type\":\"Person\",\"@id\":\"https:\/\/experienciadevida.com.ar\/portalurbano\/#\/schema\/person\/02dd326b1c4b056e9cc972486934a3a7\",\"name\":\"admpu17wp\",\"image\":{\"@type\":\"ImageObject\",\"inLanguage\":\"es\",\"@id\":\"https:\/\/experienciadevida.com.ar\/portalurbano\/#\/schema\/person\/image\/\",\"url\":\"https:\/\/secure.gravatar.com\/avatar\/830d4c57adaae6630765e449a6908047?s=96&d=mm&r=g\",\"contentUrl\":\"https:\/\/secure.gravatar.com\/avatar\/830d4c57adaae6630765e449a6908047?s=96&d=mm&r=g\",\"caption\":\"admpu17wp\"}}]}<\/script>\n<!-- \/ Yoast SEO plugin. -->","yoast_head_json":{"title":"\"Tanto el gobierno nacional y provincial deben dedicarse a reconstruir\"","description":"\u201cTanto el gobierno nacional y provincial deben dedicarse en este momento a la reconstrucci\u00f3n\u201d, el Gobernador habl\u00f3 tras el resultado","robots":{"index":"index","follow":"follow","max-snippet":"max-snippet:-1","max-image-preview":"max-image-preview:large","max-video-preview":"max-video-preview:-1"},"canonical":"https:\/\/experienciadevida.com.ar\/portalurbano\/tanto-el-gobierno-nacional-y-provincial-deben-dedicarse-en-este-momento-a-la-reconstruccion\/","og_locale":"es_ES","og_type":"article","og_title":"\"Tanto el gobierno nacional y provincial deben dedicarse a reconstruir\"","og_description":"\u201cTanto el gobierno nacional y provincial deben dedicarse en este momento a la reconstrucci\u00f3n\u201d, el Gobernador habl\u00f3 tras el resultado","og_url":"https:\/\/experienciadevida.com.ar\/portalurbano\/tanto-el-gobierno-nacional-y-provincial-deben-dedicarse-en-este-momento-a-la-reconstruccion\/","article_publisher":"https:\/\/www.facebook.com\/Portal-Urbano-171542830093757\/","article_published_time":"2021-09-15T13:02:26+00:00","article_modified_time":"2021-09-15T13:04:18+00:00","og_image":[{"width":696,"height":392,"url":"https:\/\/experienciadevida.com.ar\/portalurbano\/wp-content\/uploads\/2021\/09\/Tanto-el-gobierno-nacional-y.jpg","type":"image\/jpeg"}],"author":"admpu17wp","twitter_card":"summary_large_image","twitter_creator":"@portalurbanook","twitter_site":"@portalurbanook","twitter_misc":{"Escrito por":"admpu17wp","Tiempo de lectura":"2 minutos"},"schema":{"@context":"https:\/\/schema.org","@graph":[{"@type":"Article","@id":"https:\/\/experienciadevida.com.ar\/portalurbano\/tanto-el-gobierno-nacional-y-provincial-deben-dedicarse-en-este-momento-a-la-reconstruccion\/#article","isPartOf":{"@id":"https:\/\/experienciadevida.com.ar\/portalurbano\/tanto-el-gobierno-nacional-y-provincial-deben-dedicarse-en-este-momento-a-la-reconstruccion\/"},"author":{"name":"admpu17wp","@id":"https:\/\/experienciadevida.com.ar\/portalurbano\/#\/schema\/person\/02dd326b1c4b056e9cc972486934a3a7"},"headline":"\u201cTanto el gobierno nacional y provincial deben dedicarse en este momento a la reconstrucci\u00f3n\u201d","datePublished":"2021-09-15T13:02:26+00:00","dateModified":"2021-09-15T13:04:18+00:00","mainEntityOfPage":{"@id":"https:\/\/experienciadevida.com.ar\/portalurbano\/tanto-el-gobierno-nacional-y-provincial-deben-dedicarse-en-este-momento-a-la-reconstruccion\/"},"wordCount":453,"publisher":{"@id":"https:\/\/experienciadevida.com.ar\/portalurbano\/#organization"},"articleSection":["Destacadas 2","Provincia"],"inLanguage":"es"},{"@type":"WebPage","@id":"https:\/\/experienciadevida.com.ar\/portalurbano\/tanto-el-gobierno-nacional-y-provincial-deben-dedicarse-en-este-momento-a-la-reconstruccion\/","url":"https:\/\/experienciadevida.com.ar\/portalurbano\/tanto-el-gobierno-nacional-y-provincial-deben-dedicarse-en-este-momento-a-la-reconstruccion\/","name":"\"Tanto el gobierno nacional y provincial deben dedicarse a reconstruir\"","isPartOf":{"@id":"https:\/\/experienciadevida.com.ar\/portalurbano\/#website"},"datePublished":"2021-09-15T13:02:26+00:00","dateModified":"2021-09-15T13:04:18+00:00","description":"\u201cTanto el gobierno nacional y provincial deben dedicarse en este momento a la reconstrucci\u00f3n\u201d, el Gobernador habl\u00f3 tras el resultado","breadcrumb":{"@id":"https:\/\/experienciadevida.com.ar\/portalurbano\/tanto-el-gobierno-nacional-y-provincial-deben-dedicarse-en-este-momento-a-la-reconstruccion\/#breadcrumb"},"inLanguage":"es","potentialAction":[{"@type":"ReadAction","target":["https:\/\/experienciadevida.com.ar\/portalurbano\/tanto-el-gobierno-nacional-y-provincial-deben-dedicarse-en-este-momento-a-la-reconstruccion\/"]}]},{"@type":"BreadcrumbList","@id":"https:\/\/experienciadevida.com.ar\/portalurbano\/tanto-el-gobierno-nacional-y-provincial-deben-dedicarse-en-este-momento-a-la-reconstruccion\/#breadcrumb","itemListElement":[{"@type":"ListItem","position":1,"name":"Portada","item":"https:\/\/experienciadevida.com.ar\/portalurbano\/"},{"@type":"ListItem","position":2,"name":"\u201cTanto el gobierno nacional y provincial deben dedicarse en este momento a la reconstrucci\u00f3n\u201d"}]},{"@type":"WebSite","@id":"https:\/\/experienciadevida.com.ar\/portalurbano\/#website","url":"https:\/\/experienciadevida.com.ar\/portalurbano\/","name":"","description":"","publisher":{"@id":"https:\/\/experienciadevida.com.ar\/portalurbano\/#organization"},"potentialAction":[{"@type":"SearchAction","target":{"@type":"EntryPoint","urlTemplate":"https:\/\/experienciadevida.com.ar\/portalurbano\/?s={search_term_string}"},"query-input":"required name=search_term_string"}],"inLanguage":"es"},{"@type":"Organization","@id":"https:\/\/experienciadevida.com.ar\/portalurbano\/#organization","name":"Portal Urbano","url":"https:\/\/experienciadevida.com.ar\/portalurbano\/","logo":{"@type":"ImageObject","inLanguage":"es","@id":"https:\/\/experienciadevida.com.ar\/portalurbano\/#\/schema\/logo\/image\/","url":"https:\/\/experienciadevida.com.ar\/portalurbano\/wp-content\/uploads\/2019\/09\/Logo-Original.png","contentUrl":"https:\/\/experienciadevida.com.ar\/portalurbano\/wp-content\/uploads\/2019\/09\/Logo-Original.png","width":2236,"height":1216,"caption":"Portal Urbano"},"image":{"@id":"https:\/\/experienciadevida.com.ar\/portalurbano\/#\/schema\/logo\/image\/"},"sameAs":["https:\/\/www.facebook.com\/Portal-Urbano-171542830093757\/","https:\/\/twitter.com\/portalurbanook","https:\/\/www.instagram.com\/_portalurbano\/","https:\/\/www.youtube.com\/channel\/UCXhagIfszH8KxFiOok79zbA?view_as=subscriber"]},{"@type":"Person","@id":"https:\/\/experienciadevida.com.ar\/portalurbano\/#\/schema\/person\/02dd326b1c4b056e9cc972486934a3a7","name":"admpu17wp","image":{"@type":"ImageObject","inLanguage":"es","@id":"https:\/\/experienciadevida.com.ar\/portalurbano\/#\/schema\/person\/image\/","url":"https:\/\/secure.gravatar.com\/avatar\/830d4c57adaae6630765e449a6908047?s=96&d=mm&r=g","contentUrl":"https:\/\/secure.gravatar.com\/avatar\/830d4c57adaae6630765e449a6908047?s=96&d=mm&r=g","caption":"admpu17wp"}}]}},"featured_image_urls":{"full":["https:\/\/experienciadevida.com.ar\/portalurbano\/wp-content\/uploads\/2021\/09\/Tanto-el-gobierno-nacional-y.jpg",696,392,false],"thumbnail":["https:\/\/experienciadevida.com.ar\/portalurbano\/wp-content\/uploads\/2021\/09\/Tanto-el-gobierno-nacional-y-150x150.jpg",150,150,true],"medium":["https:\/\/experienciadevida.com.ar\/portalurbano\/wp-content\/uploads\/2021\/09\/Tanto-el-gobierno-nacional-y-300x169.jpg",300,169,true],"medium_large":["https:\/\/experienciadevida.com.ar\/portalurbano\/wp-content\/uploads\/2021\/09\/Tanto-el-gobierno-nacional-y.jpg",640,360,false],"large":["https:\/\/experienciadevida.com.ar\/portalurbano\/wp-content\/uploads\/2021\/09\/Tanto-el-gobierno-nacional-y.jpg",640,360,false],"ug_big":["https:\/\/experienciadevida.com.ar\/portalurbano\/wp-content\/uploads\/2021\/09\/Tanto-el-gobierno-nacional-y.jpg",696,392,false],"1536x1536":["https:\/\/experienciadevida.com.ar\/portalurbano\/wp-content\/uploads\/2021\/09\/Tanto-el-gobierno-nacional-y.jpg",696,392,false],"2048x2048":["https:\/\/experienciadevida.com.ar\/portalurbano\/wp-content\/uploads\/2021\/09\/Tanto-el-gobierno-nacional-y.jpg",696,392,false],"newsever-slider-full":["https:\/\/experienciadevida.com.ar\/portalurbano\/wp-content\/uploads\/2021\/09\/Tanto-el-gobierno-nacional-y.jpg",696,392,false],"newsever-featured":["https:\/\/experienciadevida.com.ar\/portalurbano\/wp-content\/uploads\/2021\/09\/Tanto-el-gobierno-nacional-y.jpg",696,392,false],"newsever-medium":["https:\/\/experienciadevida.com.ar\/portalurbano\/wp-content\/uploads\/2021\/09\/Tanto-el-gobierno-nacional-y.jpg",696,392,false],"web-stories-poster-portrait":["https:\/\/experienciadevida.com.ar\/portalurbano\/wp-content\/uploads\/2021\/09\/Tanto-el-gobierno-nacional-y.jpg",640,360,false],"web-stories-publisher-logo":["https:\/\/experienciadevida.com.ar\/portalurbano\/wp-content\/uploads\/2021\/09\/Tanto-el-gobierno-nacional-y.jpg",96,54,false],"web-stories-thumbnail":["https:\/\/experienciadevida.com.ar\/portalurbano\/wp-content\/uploads\/2021\/09\/Tanto-el-gobierno-nacional-y.jpg",150,84,false]},"author_info":{"display_name":"admpu17wp","author_link":"https:\/\/experienciadevida.com.ar\/portalurbano\/author\/admpu17wp\/"},"category_info":"<a href=\"https:\/\/experienciadevida.com.ar\/portalurbano\/category\/destacadas-2\/\" rel=\"category tag\">Destacadas 2<\/a> <a href=\"https:\/\/experienciadevida.com.ar\/portalurbano\/category\/provincia\/\" rel=\"category tag\">Provincia<\/a>","tag_info":"Provincia","comment_count":"0","amp_enabled":true,"_links":{"self":[{"href":"https:\/\/experienciadevida.com.ar\/portalurbano\/wp-json\/wp\/v2\/posts\/152735"}],"collection":[{"href":"https:\/\/experienciadevida.com.ar\/portalurbano\/wp-json\/wp\/v2\/posts"}],"about":[{"href":"https:\/\/experienciadevida.com.ar\/portalurbano\/wp-json\/wp\/v2\/types\/post"}],"author":[{"embeddable":true,"href":"https:\/\/experienciadevida.com.ar\/portalurbano\/wp-json\/wp\/v2\/users\/1"}],"replies":[{"embeddable":true,"href":"https:\/\/experienciadevida.com.ar\/portalurbano\/wp-json\/wp\/v2\/comments?post=152735"}],"version-history":[{"count":1,"href":"https:\/\/experienciadevida.com.ar\/portalurbano\/wp-json\/wp\/v2\/posts\/152735\/revisions"}],"predecessor-version":[{"id":152737,"href":"https:\/\/experienciadevida.com.ar\/portalurbano\/wp-json\/wp\/v2\/posts\/152735\/revisions\/152737"}],"wp:featuredmedia":[{"embeddable":true,"href":"https:\/\/experienciadevida.com.ar\/portalurbano\/wp-json\/wp\/v2\/media\/152736"}],"wp:attachment":[{"href":"https:\/\/experienciadevida.com.ar\/portalurbano\/wp-json\/wp\/v2\/media?parent=152735"}],"wp:term":[{"taxonomy":"category","embeddable":true,"href":"https:\/\/experienciadevida.com.ar\/portalurbano\/wp-json\/wp\/v2\/categories?post=152735"},{"taxonomy":"post_tag","embeddable":true,"href":"https:\/\/experienciadevida.com.ar\/portalurbano\/wp-json\/wp\/v2\/tags?post=152735"}],"curies":[{"name":"wp","href":"https:\/\/api.w.org\/{rel}","templated":true}]}}