{"id":152684,"date":"2021-09-13T21:05:25","date_gmt":"2021-09-14T00:05:25","guid":{"rendered":"https:\/\/experienciadevida.com.ar\/portalurbano\/?p=152684"},"modified":"2021-09-13T21:11:53","modified_gmt":"2021-09-14T00:11:53","slug":"que-pasara-en-noviembre-entre-la-derecha-que-no-paso-el-corte-y-los-que-no-fueron-a-votar","status":"publish","type":"post","link":"https:\/\/experienciadevida.com.ar\/portalurbano\/que-pasara-en-noviembre-entre-la-derecha-que-no-paso-el-corte-y-los-que-no-fueron-a-votar\/","title":{"rendered":"Qu\u00e9 pasar\u00e1 en noviembre: entre la derecha que no pas\u00f3 el corte y los que no fueron a votar"},"content":{"rendered":"<p>Qu\u00e9 pasar\u00e1 en noviembre: entre la derecha que no pas\u00f3 el corte y los que no fueron a votar, un total de 20 agrupaciones no pasaron el piso de 1,5%. Son unos 800 mil votos que jugar\u00e1n en otras fuerzas en noviembre. A eso hay que sumar la gente que no sufrag\u00f3 en las PASO.<\/p>\n<p>De las 25 agrupaciones que se presentaron el domingo en las primarias en la provincia, s\u00f3lo cinco ser\u00e1n de la partida en noviembre. Los votos \u201cque quedaron en el camino\u201d, sumado como m\u00ednimo un 5% m\u00e1s de gente que vaya a sufragar, trazar\u00e1 un nuevo escenario, aunque muchos analistas estiman que no favorecer\u00e1 al Frente de Todos.<\/p>\n<p>Con casi el 97% de las mesas escrutadas, solo las boletas del Frente de Todos, Juntos, el Frente de Izquierda, Avanza Libertad y Vamos con Vos estar\u00e1n en los cuartos oscuros del 14 de noviembre. En el camino quedar\u00e1n cerca de 800 mil votos, que en dos meses tendr\u00e1 la oportunidad de elegir entre las cinco opciones que estar\u00e1n.<\/p>\n<p>Si se tiene en cuenta que hubo m\u00e1s de 8,3 millones de votos v\u00e1lidos en la provincia de Buenos Aires, los 800 mil se transforman en un 10% que entrar\u00e1 en juego en las legislativas que definir\u00e1n el nuevo escenario del Congreso.<\/p>\n<p>Qu\u00e9 pasar\u00e1 en noviembre, adem\u00e1s, hist\u00f3ricamente, entre las PASO y las elecciones existen como m\u00ednimo 5 puntos de diferencia, ya que en el segundo de los procesos mucha m\u00e1s gente se vuelca a votar. El 67% vot\u00f3 el domingo, el n\u00famero m\u00e1s bajo de la historia, por lo que se espera que en dos meses ese n\u00famero trepe al menos a 72%, aunque se espera que sea mayor. Pueden ser otros 800 mil nuevos votos, pero a d\u00f3nde ir\u00e1n.<\/p>\n<p>La mayor\u00eda de las agrupaciones que no pasaron el 1,5% del piso provienen desde un sector de la derecha conservadora, anti- legalizaci\u00f3n del aborto o libertaria. Si se suma cada espacio, unos 9 precandidatos afines a esas ideas dejar\u00e1n cerca de 450 mil votos disponibles, que el oficialismo cree que de ninguna manera lo favorecer\u00e1.<\/p>\n<p>Quienes quedaron m\u00e1s cerca de ese umbral pero no estar\u00e1n en noviembre son la dirigente evangelista y ex macrista Cynthia Hotton (1,45%, 120.690 votos) por +Valores; la bailarina y medi\u00e1tica Cinthia Fern\u00e1ndez (1,10%, 91.985) por el conservador Unite; y el ex combatiente de Malvinas Jos\u00e9 G\u00f3mez Centuri\u00f3n (0,95%, 79.423) por el Frente Uni\u00f3n por el Futuro.<\/p>\n<p>En este grupo adem\u00e1s figuran el precandidato acusado de neonazi Alejandro Biondini (0,60%, 50.395) por el Frente Patriota, Ayel\u00e9n Alancai (0.53%, 43.993) por el espacio Celeste ProVida, y el libertario Jos\u00e9 Ignacio Raffo (0,54%, 45.306) por Todos por Buenos Aires, el precandidato anti aborto V\u00edctor Manuel Albarrac\u00edn (0,27%, 22.723) por la lista Conservador Popular; Jorge Alberto Paz (0,03, 2.877) de Moral y Progreso y Walter Arias (0,09%, 8.123) por Unidad Social.<\/p>\n<p>Todas estas fuerzas no tienen sinton\u00eda con el kirchnerismo o con la izquierda, por lo que los analistas vinculan estos votos m\u00e1s con Juntos. Los bonaerenses que s\u00ed podr\u00edan inclinarse m\u00e1s por el oficialismo son los que optaron por Guillermo Moreno (0,96%, 80.006) por Republicano Federal; el ex diputado nacional Miguel Saredi (0.59%, 49.213) por Federal y el presentador televisivo Santiago C\u00faneo (0,41%, 34.422).<\/p>\n<p>Adem\u00e1s de un 1% que suman otras seis fuerzas, hay unos 100 mil votos, un 1,1%, que se inclin\u00f3 por fuerzas de izquierda que no pasaron el corte, como Manuela Casta\u00f1eira del Movimiento al Socialismo (MAS) y Jorge Altamira de Pol\u00edtica Obrera. Estos \u00faltimos votos los tendr\u00eda asegurado, en teor\u00eda, el Frente de Izquierda de Nicol\u00e1s del Ca\u00f1o.<\/p>\n<p>Fuente: DIB<\/p>\n","protected":false},"excerpt":{"rendered":"<p>Qu\u00e9 pasar\u00e1 en noviembre: entre la derecha que no pas\u00f3 el corte y los que&#8230;<\/p>\n","protected":false},"author":1,"featured_media":152685,"comment_status":"closed","ping_status":"closed","sticky":false,"template":"","format":"standard","meta":{"content-type":""},"categories":[64,43],"tags":[],"nelio_content":{"isAutoShareEnabled":false,"autoShareEndMode":"default","automationSources":{"useContentSentences":true,"useSocialTemplates":true,"useCustomSentences":false,"customSentences":[]},"followers":[1],"suggestedReferences":[],"includedReferences":[],"efiUrl":"","efiAlt":"","highlights":[]},"yoast_head":"<!-- This site is optimized with the Yoast SEO plugin v20.7 - https:\/\/yoast.com\/wordpress\/plugins\/seo\/ -->\n<title>Qu\u00e9 pasar\u00e1 en noviembre: entre la derecha y los que no fueron a votar<\/title>\n<meta name=\"description\" content=\"Qu\u00e9 pasar\u00e1 en noviembre: entre la derecha que no pas\u00f3 el corte y los que no fueron a votar, 20 agrupaciones no pasaron el piso.\" \/>\n<meta name=\"robots\" content=\"index, follow, max-snippet:-1, max-image-preview:large, max-video-preview:-1\" \/>\n<link rel=\"canonical\" href=\"https:\/\/experienciadevida.com.ar\/portalurbano\/que-pasara-en-noviembre-entre-la-derecha-que-no-paso-el-corte-y-los-que-no-fueron-a-votar\/\" \/>\n<meta property=\"og:locale\" content=\"es_ES\" \/>\n<meta property=\"og:type\" content=\"article\" \/>\n<meta property=\"og:title\" content=\"Qu\u00e9 pasar\u00e1 en noviembre: entre la derecha y los que no fueron a votar\" \/>\n<meta property=\"og:description\" content=\"Qu\u00e9 pasar\u00e1 en noviembre: entre la derecha que no pas\u00f3 el corte y los que no fueron a votar, 20 agrupaciones no pasaron el piso.\" \/>\n<meta property=\"og:url\" content=\"https:\/\/experienciadevida.com.ar\/portalurbano\/que-pasara-en-noviembre-entre-la-derecha-que-no-paso-el-corte-y-los-que-no-fueron-a-votar\/\" \/>\n<meta property=\"article:publisher\" content=\"https:\/\/www.facebook.com\/Portal-Urbano-171542830093757\/\" \/>\n<meta property=\"article:published_time\" content=\"2021-09-14T00:05:25+00:00\" \/>\n<meta property=\"article:modified_time\" content=\"2021-09-14T00:11:53+00:00\" \/>\n<meta property=\"og:image\" content=\"https:\/\/experienciadevida.com.ar\/portalurbano\/wp-content\/uploads\/2021\/09\/Que-pasara-en-noviembre.jpg\" \/>\n\t<meta property=\"og:image:width\" content=\"696\" \/>\n\t<meta property=\"og:image:height\" content=\"464\" \/>\n\t<meta property=\"og:image:type\" content=\"image\/jpeg\" \/>\n<meta name=\"author\" content=\"admpu17wp\" \/>\n<meta name=\"twitter:card\" content=\"summary_large_image\" \/>\n<meta name=\"twitter:creator\" content=\"@portalurbanook\" \/>\n<meta name=\"twitter:site\" content=\"@portalurbanook\" \/>\n<meta name=\"twitter:label1\" content=\"Escrito por\" \/>\n\t<meta name=\"twitter:data1\" content=\"admpu17wp\" \/>\n\t<meta name=\"twitter:label2\" content=\"Tiempo de lectura\" \/>\n\t<meta name=\"twitter:data2\" content=\"3 minutos\" \/>\n<script type=\"application\/ld+json\" class=\"yoast-schema-graph\">{\"@context\":\"https:\/\/schema.org\",\"@graph\":[{\"@type\":\"Article\",\"@id\":\"https:\/\/experienciadevida.com.ar\/portalurbano\/que-pasara-en-noviembre-entre-la-derecha-que-no-paso-el-corte-y-los-que-no-fueron-a-votar\/#article\",\"isPartOf\":{\"@id\":\"https:\/\/experienciadevida.com.ar\/portalurbano\/que-pasara-en-noviembre-entre-la-derecha-que-no-paso-el-corte-y-los-que-no-fueron-a-votar\/\"},\"author\":{\"name\":\"admpu17wp\",\"@id\":\"https:\/\/experienciadevida.com.ar\/portalurbano\/#\/schema\/person\/02dd326b1c4b056e9cc972486934a3a7\"},\"headline\":\"Qu\u00e9 pasar\u00e1 en noviembre: entre la derecha que no pas\u00f3 el corte y los que no fueron a votar\",\"datePublished\":\"2021-09-14T00:05:25+00:00\",\"dateModified\":\"2021-09-14T00:11:53+00:00\",\"mainEntityOfPage\":{\"@id\":\"https:\/\/experienciadevida.com.ar\/portalurbano\/que-pasara-en-noviembre-entre-la-derecha-que-no-paso-el-corte-y-los-que-no-fueron-a-votar\/\"},\"wordCount\":618,\"publisher\":{\"@id\":\"https:\/\/experienciadevida.com.ar\/portalurbano\/#organization\"},\"articleSection\":[\"Destacadas 2\",\"Pol\u00edtica\"],\"inLanguage\":\"es\"},{\"@type\":\"WebPage\",\"@id\":\"https:\/\/experienciadevida.com.ar\/portalurbano\/que-pasara-en-noviembre-entre-la-derecha-que-no-paso-el-corte-y-los-que-no-fueron-a-votar\/\",\"url\":\"https:\/\/experienciadevida.com.ar\/portalurbano\/que-pasara-en-noviembre-entre-la-derecha-que-no-paso-el-corte-y-los-que-no-fueron-a-votar\/\",\"name\":\"Qu\u00e9 pasar\u00e1 en noviembre: entre la derecha y los que no fueron a votar\",\"isPartOf\":{\"@id\":\"https:\/\/experienciadevida.com.ar\/portalurbano\/#website\"},\"datePublished\":\"2021-09-14T00:05:25+00:00\",\"dateModified\":\"2021-09-14T00:11:53+00:00\",\"description\":\"Qu\u00e9 pasar\u00e1 en noviembre: entre la derecha que no pas\u00f3 el corte y los que no fueron a votar, 20 agrupaciones no pasaron el piso.\",\"breadcrumb\":{\"@id\":\"https:\/\/experienciadevida.com.ar\/portalurbano\/que-pasara-en-noviembre-entre-la-derecha-que-no-paso-el-corte-y-los-que-no-fueron-a-votar\/#breadcrumb\"},\"inLanguage\":\"es\",\"potentialAction\":[{\"@type\":\"ReadAction\",\"target\":[\"https:\/\/experienciadevida.com.ar\/portalurbano\/que-pasara-en-noviembre-entre-la-derecha-que-no-paso-el-corte-y-los-que-no-fueron-a-votar\/\"]}]},{\"@type\":\"BreadcrumbList\",\"@id\":\"https:\/\/experienciadevida.com.ar\/portalurbano\/que-pasara-en-noviembre-entre-la-derecha-que-no-paso-el-corte-y-los-que-no-fueron-a-votar\/#breadcrumb\",\"itemListElement\":[{\"@type\":\"ListItem\",\"position\":1,\"name\":\"Portada\",\"item\":\"https:\/\/experienciadevida.com.ar\/portalurbano\/\"},{\"@type\":\"ListItem\",\"position\":2,\"name\":\"Qu\u00e9 pasar\u00e1 en noviembre: entre la derecha que no pas\u00f3 el corte y los que no fueron a votar\"}]},{\"@type\":\"WebSite\",\"@id\":\"https:\/\/experienciadevida.com.ar\/portalurbano\/#website\",\"url\":\"https:\/\/experienciadevida.com.ar\/portalurbano\/\",\"name\":\"\",\"description\":\"\",\"publisher\":{\"@id\":\"https:\/\/experienciadevida.com.ar\/portalurbano\/#organization\"},\"potentialAction\":[{\"@type\":\"SearchAction\",\"target\":{\"@type\":\"EntryPoint\",\"urlTemplate\":\"https:\/\/experienciadevida.com.ar\/portalurbano\/?s={search_term_string}\"},\"query-input\":\"required name=search_term_string\"}],\"inLanguage\":\"es\"},{\"@type\":\"Organization\",\"@id\":\"https:\/\/experienciadevida.com.ar\/portalurbano\/#organization\",\"name\":\"Portal Urbano\",\"url\":\"https:\/\/experienciadevida.com.ar\/portalurbano\/\",\"logo\":{\"@type\":\"ImageObject\",\"inLanguage\":\"es\",\"@id\":\"https:\/\/experienciadevida.com.ar\/portalurbano\/#\/schema\/logo\/image\/\",\"url\":\"https:\/\/experienciadevida.com.ar\/portalurbano\/wp-content\/uploads\/2019\/09\/Logo-Original.png\",\"contentUrl\":\"https:\/\/experienciadevida.com.ar\/portalurbano\/wp-content\/uploads\/2019\/09\/Logo-Original.png\",\"width\":2236,\"height\":1216,\"caption\":\"Portal Urbano\"},\"image\":{\"@id\":\"https:\/\/experienciadevida.com.ar\/portalurbano\/#\/schema\/logo\/image\/\"},\"sameAs\":[\"https:\/\/www.facebook.com\/Portal-Urbano-171542830093757\/\",\"https:\/\/twitter.com\/portalurbanook\",\"https:\/\/www.instagram.com\/_portalurbano\/\",\"https:\/\/www.youtube.com\/channel\/UCXhagIfszH8KxFiOok79zbA?view_as=subscriber\"]},{\"@type\":\"Person\",\"@id\":\"https:\/\/experienciadevida.com.ar\/portalurbano\/#\/schema\/person\/02dd326b1c4b056e9cc972486934a3a7\",\"name\":\"admpu17wp\",\"image\":{\"@type\":\"ImageObject\",\"inLanguage\":\"es\",\"@id\":\"https:\/\/experienciadevida.com.ar\/portalurbano\/#\/schema\/person\/image\/\",\"url\":\"https:\/\/secure.gravatar.com\/avatar\/830d4c57adaae6630765e449a6908047?s=96&d=mm&r=g\",\"contentUrl\":\"https:\/\/secure.gravatar.com\/avatar\/830d4c57adaae6630765e449a6908047?s=96&d=mm&r=g\",\"caption\":\"admpu17wp\"}}]}<\/script>\n<!-- \/ Yoast SEO plugin. -->","yoast_head_json":{"title":"Qu\u00e9 pasar\u00e1 en noviembre: entre la derecha y los que no fueron a votar","description":"Qu\u00e9 pasar\u00e1 en noviembre: entre la derecha que no pas\u00f3 el corte y los que no fueron a votar, 20 agrupaciones no pasaron el piso.","robots":{"index":"index","follow":"follow","max-snippet":"max-snippet:-1","max-image-preview":"max-image-preview:large","max-video-preview":"max-video-preview:-1"},"canonical":"https:\/\/experienciadevida.com.ar\/portalurbano\/que-pasara-en-noviembre-entre-la-derecha-que-no-paso-el-corte-y-los-que-no-fueron-a-votar\/","og_locale":"es_ES","og_type":"article","og_title":"Qu\u00e9 pasar\u00e1 en noviembre: entre la derecha y los que no fueron a votar","og_description":"Qu\u00e9 pasar\u00e1 en noviembre: entre la derecha que no pas\u00f3 el corte y los que no fueron a votar, 20 agrupaciones no pasaron el piso.","og_url":"https:\/\/experienciadevida.com.ar\/portalurbano\/que-pasara-en-noviembre-entre-la-derecha-que-no-paso-el-corte-y-los-que-no-fueron-a-votar\/","article_publisher":"https:\/\/www.facebook.com\/Portal-Urbano-171542830093757\/","article_published_time":"2021-09-14T00:05:25+00:00","article_modified_time":"2021-09-14T00:11:53+00:00","og_image":[{"width":696,"height":464,"url":"https:\/\/experienciadevida.com.ar\/portalurbano\/wp-content\/uploads\/2021\/09\/Que-pasara-en-noviembre.jpg","type":"image\/jpeg"}],"author":"admpu17wp","twitter_card":"summary_large_image","twitter_creator":"@portalurbanook","twitter_site":"@portalurbanook","twitter_misc":{"Escrito por":"admpu17wp","Tiempo de lectura":"3 minutos"},"schema":{"@context":"https:\/\/schema.org","@graph":[{"@type":"Article","@id":"https:\/\/experienciadevida.com.ar\/portalurbano\/que-pasara-en-noviembre-entre-la-derecha-que-no-paso-el-corte-y-los-que-no-fueron-a-votar\/#article","isPartOf":{"@id":"https:\/\/experienciadevida.com.ar\/portalurbano\/que-pasara-en-noviembre-entre-la-derecha-que-no-paso-el-corte-y-los-que-no-fueron-a-votar\/"},"author":{"name":"admpu17wp","@id":"https:\/\/experienciadevida.com.ar\/portalurbano\/#\/schema\/person\/02dd326b1c4b056e9cc972486934a3a7"},"headline":"Qu\u00e9 pasar\u00e1 en noviembre: entre la derecha que no pas\u00f3 el corte y los que no fueron a votar","datePublished":"2021-09-14T00:05:25+00:00","dateModified":"2021-09-14T00:11:53+00:00","mainEntityOfPage":{"@id":"https:\/\/experienciadevida.com.ar\/portalurbano\/que-pasara-en-noviembre-entre-la-derecha-que-no-paso-el-corte-y-los-que-no-fueron-a-votar\/"},"wordCount":618,"publisher":{"@id":"https:\/\/experienciadevida.com.ar\/portalurbano\/#organization"},"articleSection":["Destacadas 2","Pol\u00edtica"],"inLanguage":"es"},{"@type":"WebPage","@id":"https:\/\/experienciadevida.com.ar\/portalurbano\/que-pasara-en-noviembre-entre-la-derecha-que-no-paso-el-corte-y-los-que-no-fueron-a-votar\/","url":"https:\/\/experienciadevida.com.ar\/portalurbano\/que-pasara-en-noviembre-entre-la-derecha-que-no-paso-el-corte-y-los-que-no-fueron-a-votar\/","name":"Qu\u00e9 pasar\u00e1 en noviembre: entre la derecha y los que no fueron a votar","isPartOf":{"@id":"https:\/\/experienciadevida.com.ar\/portalurbano\/#website"},"datePublished":"2021-09-14T00:05:25+00:00","dateModified":"2021-09-14T00:11:53+00:00","description":"Qu\u00e9 pasar\u00e1 en noviembre: entre la derecha que no pas\u00f3 el corte y los que no fueron a votar, 20 agrupaciones no pasaron el piso.","breadcrumb":{"@id":"https:\/\/experienciadevida.com.ar\/portalurbano\/que-pasara-en-noviembre-entre-la-derecha-que-no-paso-el-corte-y-los-que-no-fueron-a-votar\/#breadcrumb"},"inLanguage":"es","potentialAction":[{"@type":"ReadAction","target":["https:\/\/experienciadevida.com.ar\/portalurbano\/que-pasara-en-noviembre-entre-la-derecha-que-no-paso-el-corte-y-los-que-no-fueron-a-votar\/"]}]},{"@type":"BreadcrumbList","@id":"https:\/\/experienciadevida.com.ar\/portalurbano\/que-pasara-en-noviembre-entre-la-derecha-que-no-paso-el-corte-y-los-que-no-fueron-a-votar\/#breadcrumb","itemListElement":[{"@type":"ListItem","position":1,"name":"Portada","item":"https:\/\/experienciadevida.com.ar\/portalurbano\/"},{"@type":"ListItem","position":2,"name":"Qu\u00e9 pasar\u00e1 en noviembre: entre la derecha que no pas\u00f3 el corte y los que no fueron a votar"}]},{"@type":"WebSite","@id":"https:\/\/experienciadevida.com.ar\/portalurbano\/#website","url":"https:\/\/experienciadevida.com.ar\/portalurbano\/","name":"","description":"","publisher":{"@id":"https:\/\/experienciadevida.com.ar\/portalurbano\/#organization"},"potentialAction":[{"@type":"SearchAction","target":{"@type":"EntryPoint","urlTemplate":"https:\/\/experienciadevida.com.ar\/portalurbano\/?s={search_term_string}"},"query-input":"required name=search_term_string"}],"inLanguage":"es"},{"@type":"Organization","@id":"https:\/\/experienciadevida.com.ar\/portalurbano\/#organization","name":"Portal Urbano","url":"https:\/\/experienciadevida.com.ar\/portalurbano\/","logo":{"@type":"ImageObject","inLanguage":"es","@id":"https:\/\/experienciadevida.com.ar\/portalurbano\/#\/schema\/logo\/image\/","url":"https:\/\/experienciadevida.com.ar\/portalurbano\/wp-content\/uploads\/2019\/09\/Logo-Original.png","contentUrl":"https:\/\/experienciadevida.com.ar\/portalurbano\/wp-content\/uploads\/2019\/09\/Logo-Original.png","width":2236,"height":1216,"caption":"Portal Urbano"},"image":{"@id":"https:\/\/experienciadevida.com.ar\/portalurbano\/#\/schema\/logo\/image\/"},"sameAs":["https:\/\/www.facebook.com\/Portal-Urbano-171542830093757\/","https:\/\/twitter.com\/portalurbanook","https:\/\/www.instagram.com\/_portalurbano\/","https:\/\/www.youtube.com\/channel\/UCXhagIfszH8KxFiOok79zbA?view_as=subscriber"]},{"@type":"Person","@id":"https:\/\/experienciadevida.com.ar\/portalurbano\/#\/schema\/person\/02dd326b1c4b056e9cc972486934a3a7","name":"admpu17wp","image":{"@type":"ImageObject","inLanguage":"es","@id":"https:\/\/experienciadevida.com.ar\/portalurbano\/#\/schema\/person\/image\/","url":"https:\/\/secure.gravatar.com\/avatar\/830d4c57adaae6630765e449a6908047?s=96&d=mm&r=g","contentUrl":"https:\/\/secure.gravatar.com\/avatar\/830d4c57adaae6630765e449a6908047?s=96&d=mm&r=g","caption":"admpu17wp"}}]}},"featured_image_urls":{"full":["https:\/\/experienciadevida.com.ar\/portalurbano\/wp-content\/uploads\/2021\/09\/Que-pasara-en-noviembre.jpg",696,464,false],"thumbnail":["https:\/\/experienciadevida.com.ar\/portalurbano\/wp-content\/uploads\/2021\/09\/Que-pasara-en-noviembre-150x150.jpg",150,150,true],"medium":["https:\/\/experienciadevida.com.ar\/portalurbano\/wp-content\/uploads\/2021\/09\/Que-pasara-en-noviembre-300x200.jpg",300,200,true],"medium_large":["https:\/\/experienciadevida.com.ar\/portalurbano\/wp-content\/uploads\/2021\/09\/Que-pasara-en-noviembre.jpg",640,427,false],"large":["https:\/\/experienciadevida.com.ar\/portalurbano\/wp-content\/uploads\/2021\/09\/Que-pasara-en-noviembre.jpg",640,427,false],"ug_big":["https:\/\/experienciadevida.com.ar\/portalurbano\/wp-content\/uploads\/2021\/09\/Que-pasara-en-noviembre.jpg",696,464,false],"1536x1536":["https:\/\/experienciadevida.com.ar\/portalurbano\/wp-content\/uploads\/2021\/09\/Que-pasara-en-noviembre.jpg",696,464,false],"2048x2048":["https:\/\/experienciadevida.com.ar\/portalurbano\/wp-content\/uploads\/2021\/09\/Que-pasara-en-noviembre.jpg",696,464,false],"newsever-slider-full":["https:\/\/experienciadevida.com.ar\/portalurbano\/wp-content\/uploads\/2021\/09\/Que-pasara-en-noviembre.jpg",696,464,false],"newsever-featured":["https:\/\/experienciadevida.com.ar\/portalurbano\/wp-content\/uploads\/2021\/09\/Que-pasara-en-noviembre.jpg",696,464,false],"newsever-medium":["https:\/\/experienciadevida.com.ar\/portalurbano\/wp-content\/uploads\/2021\/09\/Que-pasara-en-noviembre.jpg",696,464,false],"web-stories-poster-portrait":["https:\/\/experienciadevida.com.ar\/portalurbano\/wp-content\/uploads\/2021\/09\/Que-pasara-en-noviembre.jpg",640,427,false],"web-stories-publisher-logo":["https:\/\/experienciadevida.com.ar\/portalurbano\/wp-content\/uploads\/2021\/09\/Que-pasara-en-noviembre.jpg",96,64,false],"web-stories-thumbnail":["https:\/\/experienciadevida.com.ar\/portalurbano\/wp-content\/uploads\/2021\/09\/Que-pasara-en-noviembre.jpg",150,100,false]},"author_info":{"display_name":"admpu17wp","author_link":"https:\/\/experienciadevida.com.ar\/portalurbano\/author\/admpu17wp\/"},"category_info":"<a href=\"https:\/\/experienciadevida.com.ar\/portalurbano\/category\/destacadas-2\/\" rel=\"category tag\">Destacadas 2<\/a> <a href=\"https:\/\/experienciadevida.com.ar\/portalurbano\/category\/politica\/\" rel=\"category tag\">Pol\u00edtica<\/a>","tag_info":"Pol\u00edtica","comment_count":"0","amp_enabled":true,"_links":{"self":[{"href":"https:\/\/experienciadevida.com.ar\/portalurbano\/wp-json\/wp\/v2\/posts\/152684"}],"collection":[{"href":"https:\/\/experienciadevida.com.ar\/portalurbano\/wp-json\/wp\/v2\/posts"}],"about":[{"href":"https:\/\/experienciadevida.com.ar\/portalurbano\/wp-json\/wp\/v2\/types\/post"}],"author":[{"embeddable":true,"href":"https:\/\/experienciadevida.com.ar\/portalurbano\/wp-json\/wp\/v2\/users\/1"}],"replies":[{"embeddable":true,"href":"https:\/\/experienciadevida.com.ar\/portalurbano\/wp-json\/wp\/v2\/comments?post=152684"}],"version-history":[{"count":1,"href":"https:\/\/experienciadevida.com.ar\/portalurbano\/wp-json\/wp\/v2\/posts\/152684\/revisions"}],"predecessor-version":[{"id":152686,"href":"https:\/\/experienciadevida.com.ar\/portalurbano\/wp-json\/wp\/v2\/posts\/152684\/revisions\/152686"}],"wp:featuredmedia":[{"embeddable":true,"href":"https:\/\/experienciadevida.com.ar\/portalurbano\/wp-json\/wp\/v2\/media\/152685"}],"wp:attachment":[{"href":"https:\/\/experienciadevida.com.ar\/portalurbano\/wp-json\/wp\/v2\/media?parent=152684"}],"wp:term":[{"taxonomy":"category","embeddable":true,"href":"https:\/\/experienciadevida.com.ar\/portalurbano\/wp-json\/wp\/v2\/categories?post=152684"},{"taxonomy":"post_tag","embeddable":true,"href":"https:\/\/experienciadevida.com.ar\/portalurbano\/wp-json\/wp\/v2\/tags?post=152684"}],"curies":[{"name":"wp","href":"https:\/\/api.w.org\/{rel}","templated":true}]}}