{"id":152647,"date":"2021-09-13T10:09:50","date_gmt":"2021-09-13T13:09:50","guid":{"rendered":"https:\/\/experienciadevida.com.ar\/portalurbano\/?p=152647"},"modified":"2021-09-13T10:14:12","modified_gmt":"2021-09-13T13:14:12","slug":"fernandez-prometio-escuchar-y-corregir-y-llamo-a-militar-para-ganar-en-noviembre","status":"publish","type":"post","link":"https:\/\/experienciadevida.com.ar\/portalurbano\/fernandez-prometio-escuchar-y-corregir-y-llamo-a-militar-para-ganar-en-noviembre\/","title":{"rendered":"Fern\u00e1ndez prometi\u00f3 \u201cescuchar y corregir\u201d y llam\u00f3 a militar para ganar en noviembre"},"content":{"rendered":"<p>Fern\u00e1ndez prometi\u00f3 \u201cescuchar y corregir\u201d y llam\u00f3 a militar para ganar en noviembre, el Presidente se mostr\u00f3 con los candidatos, Cristina, Massa y Kiricllof. Prometi\u00f3 respetar el mensaje de las urnas y convoc\u00f3 a ganar en noviembre.<\/p>\n<p>El presidente Alberto <a href=\"https:\/\/twitter.com\/alferdez\">Fern\u00e1ndez<\/a> dijo hoy, tras conocerse la derrota del oficialismo en las elecciones, que \u201cnada es m\u00e1s importante que escuchar al pueblo\u201d, asegur\u00f3 que \u201cde los errores aprendemos\u201d, pero a la vez llam\u00f3 a la militancia del oficialismo a trabajar para \u201cganar\u201d las elecciones generales de noviembre.<\/p>\n<p>Pasadas las 11:20, cuando qued\u00f3 clara la derrota del Frente de Todos en la provincia de Buenos Aires \u2013antes se hab\u00eda conocido una larga seguidilla de victorias opositoras en provincias opositoras. Fern\u00e1ndez subi\u00f3 al escenario junto a Cristina Fern\u00e1ndez, M\u00e1ximo Kirchner, Sergio Massa y Axel Kicillof, adem\u00e1s de los candidatos bonaerenses Victoria Tolosa Paz y Daniel Gollan, junto a Leandro Santoro y Gisella Marziotta, los postulantes porte\u00f1os, que tambi\u00e9n perdieron.<\/p>\n<p>\u201cNada es m\u00e1s importante que escuchar al pueblo. Es un dato que tomamos en serio y en cuenta y que acatamos\u201d, dijo Fern\u00e1ndez. \u201cDe los errores aprendemos. Hay una demanda y a partir de ma\u00f1ana vamos a prestarle atenci\u00f3n y resolver el problema que la gente nos plantea\u201d, dijo el mandatario al hablar en el bunker del Frente de Todos en el barrio de Chacarita.<\/p>\n<p>Fern\u00e1ndez prometi\u00f3 \u201cescuchar y corregir\u201d y llam\u00f3 a militar para ganar en noviembre, &#8220;hay una demanda que seguramente no habremos atendido debidamente\u201d, reconoci\u00f3 el Presidente. Fern\u00e1ndez fu, a la vez, enf\u00e1tico en el planteo para salir adelante tras la crisis: \u201cPong\u00e1monos un solo objetivo en la cabeza, de cumplir esta palabra que es hoy cumplir esta palabra que estoy comprometido a cumplir, de que vamos a escuchar y a corregir\u201d.<\/p>\n<p>Fern\u00e1ndez areng\u00f3 al mismo tiempo a la militancia para intentar revertir el resultado. \u201cEn noviembre tenemos que ganar porque tenemos un compromiso con el pa\u00eds, porque el pa\u00eds necesita no volver atr\u00e1s. Lo que m\u00e1s necesitamos es avanzar con m\u00e1s justicia social, con m\u00e1s desarrollo\u201d, dijo.<\/p>\n<p>Agreg\u00f3 que \u201cesta enorme encuesta que son las PASO, para nosotros son un dato que vamos a considerar y a partir de ma\u00f1ana vamos a trabajar para que en noviembre, los argentinos y argentinas nos acompa\u00f1en porque seguimos convencidos de que estamos frente a dos modelos de pa\u00eds: un modelo que a todos incluye y otro que deja a millones a un costado\u201d.<\/p>\n<p>Por \u00faltimo, asegur\u00f3 que \u201cno voy a bajar los brazos y necesito de la colaboraci\u00f3n de cada argentino. Humildemente quiero que me ayuden, quiero terminar este mandato sin pobres y con un pa\u00eds de pie, no quiero otra cosa\u201d.<\/p>\n<p>Fuente: DIB<\/p>\n","protected":false},"excerpt":{"rendered":"<p>Fern\u00e1ndez prometi\u00f3 \u201cescuchar y corregir\u201d y llam\u00f3 a militar para ganar en noviembre, el Presidente&#8230;<\/p>\n","protected":false},"author":1,"featured_media":152648,"comment_status":"closed","ping_status":"closed","sticky":false,"template":"","format":"standard","meta":{"content-type":""},"categories":[64,43],"tags":[],"nelio_content":{"isAutoShareEnabled":false,"autoShareEndMode":"default","automationSources":{"useContentSentences":true,"useSocialTemplates":true,"useCustomSentences":false,"customSentences":[]},"followers":[1],"suggestedReferences":[],"includedReferences":[],"efiUrl":"","efiAlt":"","highlights":[]},"yoast_head":"<!-- This site is optimized with the Yoast SEO plugin v20.7 - https:\/\/yoast.com\/wordpress\/plugins\/seo\/ -->\n<title>Fern\u00e1ndez prometi\u00f3 &quot;escuchar y corregir&quot; y llam\u00f3 a militar para ganar<\/title>\n<meta name=\"description\" content=\"Fern\u00e1ndez prometi\u00f3 \u201cescuchar y corregir\u201d y llam\u00f3 a militar para ganar en noviembre, el Presidente se mostr\u00f3 con los candidatos, Cristina,\" \/>\n<meta name=\"robots\" content=\"index, follow, max-snippet:-1, max-image-preview:large, max-video-preview:-1\" \/>\n<link rel=\"canonical\" href=\"https:\/\/experienciadevida.com.ar\/portalurbano\/fernandez-prometio-escuchar-y-corregir-y-llamo-a-militar-para-ganar-en-noviembre\/\" \/>\n<meta property=\"og:locale\" content=\"es_ES\" \/>\n<meta property=\"og:type\" content=\"article\" \/>\n<meta property=\"og:title\" content=\"Fern\u00e1ndez prometi\u00f3 &quot;escuchar y corregir&quot; y llam\u00f3 a militar para ganar\" \/>\n<meta property=\"og:description\" content=\"Fern\u00e1ndez prometi\u00f3 \u201cescuchar y corregir\u201d y llam\u00f3 a militar para ganar en noviembre, el Presidente se mostr\u00f3 con los candidatos, Cristina,\" \/>\n<meta property=\"og:url\" content=\"https:\/\/experienciadevida.com.ar\/portalurbano\/fernandez-prometio-escuchar-y-corregir-y-llamo-a-militar-para-ganar-en-noviembre\/\" \/>\n<meta property=\"article:publisher\" content=\"https:\/\/www.facebook.com\/Portal-Urbano-171542830093757\/\" \/>\n<meta property=\"article:published_time\" content=\"2021-09-13T13:09:50+00:00\" \/>\n<meta property=\"article:modified_time\" content=\"2021-09-13T13:14:12+00:00\" \/>\n<meta property=\"og:image\" content=\"https:\/\/experienciadevida.com.ar\/portalurbano\/wp-content\/uploads\/2021\/09\/Fernandez-prometio.jpg\" \/>\n\t<meta property=\"og:image:width\" content=\"696\" \/>\n\t<meta property=\"og:image:height\" content=\"458\" \/>\n\t<meta property=\"og:image:type\" content=\"image\/jpeg\" \/>\n<meta name=\"author\" content=\"admpu17wp\" \/>\n<meta name=\"twitter:card\" content=\"summary_large_image\" \/>\n<meta name=\"twitter:creator\" content=\"@portalurbanook\" \/>\n<meta name=\"twitter:site\" content=\"@portalurbanook\" \/>\n<meta name=\"twitter:label1\" content=\"Escrito por\" \/>\n\t<meta name=\"twitter:data1\" content=\"admpu17wp\" \/>\n\t<meta name=\"twitter:label2\" content=\"Tiempo de lectura\" \/>\n\t<meta name=\"twitter:data2\" content=\"2 minutos\" \/>\n<script type=\"application\/ld+json\" class=\"yoast-schema-graph\">{\"@context\":\"https:\/\/schema.org\",\"@graph\":[{\"@type\":\"Article\",\"@id\":\"https:\/\/experienciadevida.com.ar\/portalurbano\/fernandez-prometio-escuchar-y-corregir-y-llamo-a-militar-para-ganar-en-noviembre\/#article\",\"isPartOf\":{\"@id\":\"https:\/\/experienciadevida.com.ar\/portalurbano\/fernandez-prometio-escuchar-y-corregir-y-llamo-a-militar-para-ganar-en-noviembre\/\"},\"author\":{\"name\":\"admpu17wp\",\"@id\":\"https:\/\/experienciadevida.com.ar\/portalurbano\/#\/schema\/person\/02dd326b1c4b056e9cc972486934a3a7\"},\"headline\":\"Fern\u00e1ndez prometi\u00f3 \u201cescuchar y corregir\u201d y llam\u00f3 a militar para ganar en noviembre\",\"datePublished\":\"2021-09-13T13:09:50+00:00\",\"dateModified\":\"2021-09-13T13:14:12+00:00\",\"mainEntityOfPage\":{\"@id\":\"https:\/\/experienciadevida.com.ar\/portalurbano\/fernandez-prometio-escuchar-y-corregir-y-llamo-a-militar-para-ganar-en-noviembre\/\"},\"wordCount\":484,\"publisher\":{\"@id\":\"https:\/\/experienciadevida.com.ar\/portalurbano\/#organization\"},\"articleSection\":[\"Destacadas 2\",\"Pol\u00edtica\"],\"inLanguage\":\"es\"},{\"@type\":\"WebPage\",\"@id\":\"https:\/\/experienciadevida.com.ar\/portalurbano\/fernandez-prometio-escuchar-y-corregir-y-llamo-a-militar-para-ganar-en-noviembre\/\",\"url\":\"https:\/\/experienciadevida.com.ar\/portalurbano\/fernandez-prometio-escuchar-y-corregir-y-llamo-a-militar-para-ganar-en-noviembre\/\",\"name\":\"Fern\u00e1ndez prometi\u00f3 \\\"escuchar y corregir\\\" y llam\u00f3 a militar para ganar\",\"isPartOf\":{\"@id\":\"https:\/\/experienciadevida.com.ar\/portalurbano\/#website\"},\"datePublished\":\"2021-09-13T13:09:50+00:00\",\"dateModified\":\"2021-09-13T13:14:12+00:00\",\"description\":\"Fern\u00e1ndez prometi\u00f3 \u201cescuchar y corregir\u201d y llam\u00f3 a militar para ganar en noviembre, el Presidente se mostr\u00f3 con los candidatos, Cristina,\",\"breadcrumb\":{\"@id\":\"https:\/\/experienciadevida.com.ar\/portalurbano\/fernandez-prometio-escuchar-y-corregir-y-llamo-a-militar-para-ganar-en-noviembre\/#breadcrumb\"},\"inLanguage\":\"es\",\"potentialAction\":[{\"@type\":\"ReadAction\",\"target\":[\"https:\/\/experienciadevida.com.ar\/portalurbano\/fernandez-prometio-escuchar-y-corregir-y-llamo-a-militar-para-ganar-en-noviembre\/\"]}]},{\"@type\":\"BreadcrumbList\",\"@id\":\"https:\/\/experienciadevida.com.ar\/portalurbano\/fernandez-prometio-escuchar-y-corregir-y-llamo-a-militar-para-ganar-en-noviembre\/#breadcrumb\",\"itemListElement\":[{\"@type\":\"ListItem\",\"position\":1,\"name\":\"Portada\",\"item\":\"https:\/\/experienciadevida.com.ar\/portalurbano\/\"},{\"@type\":\"ListItem\",\"position\":2,\"name\":\"Fern\u00e1ndez prometi\u00f3 \u201cescuchar y corregir\u201d y llam\u00f3 a militar para ganar en noviembre\"}]},{\"@type\":\"WebSite\",\"@id\":\"https:\/\/experienciadevida.com.ar\/portalurbano\/#website\",\"url\":\"https:\/\/experienciadevida.com.ar\/portalurbano\/\",\"name\":\"\",\"description\":\"\",\"publisher\":{\"@id\":\"https:\/\/experienciadevida.com.ar\/portalurbano\/#organization\"},\"potentialAction\":[{\"@type\":\"SearchAction\",\"target\":{\"@type\":\"EntryPoint\",\"urlTemplate\":\"https:\/\/experienciadevida.com.ar\/portalurbano\/?s={search_term_string}\"},\"query-input\":\"required name=search_term_string\"}],\"inLanguage\":\"es\"},{\"@type\":\"Organization\",\"@id\":\"https:\/\/experienciadevida.com.ar\/portalurbano\/#organization\",\"name\":\"Portal Urbano\",\"url\":\"https:\/\/experienciadevida.com.ar\/portalurbano\/\",\"logo\":{\"@type\":\"ImageObject\",\"inLanguage\":\"es\",\"@id\":\"https:\/\/experienciadevida.com.ar\/portalurbano\/#\/schema\/logo\/image\/\",\"url\":\"https:\/\/experienciadevida.com.ar\/portalurbano\/wp-content\/uploads\/2019\/09\/Logo-Original.png\",\"contentUrl\":\"https:\/\/experienciadevida.com.ar\/portalurbano\/wp-content\/uploads\/2019\/09\/Logo-Original.png\",\"width\":2236,\"height\":1216,\"caption\":\"Portal Urbano\"},\"image\":{\"@id\":\"https:\/\/experienciadevida.com.ar\/portalurbano\/#\/schema\/logo\/image\/\"},\"sameAs\":[\"https:\/\/www.facebook.com\/Portal-Urbano-171542830093757\/\",\"https:\/\/twitter.com\/portalurbanook\",\"https:\/\/www.instagram.com\/_portalurbano\/\",\"https:\/\/www.youtube.com\/channel\/UCXhagIfszH8KxFiOok79zbA?view_as=subscriber\"]},{\"@type\":\"Person\",\"@id\":\"https:\/\/experienciadevida.com.ar\/portalurbano\/#\/schema\/person\/02dd326b1c4b056e9cc972486934a3a7\",\"name\":\"admpu17wp\",\"image\":{\"@type\":\"ImageObject\",\"inLanguage\":\"es\",\"@id\":\"https:\/\/experienciadevida.com.ar\/portalurbano\/#\/schema\/person\/image\/\",\"url\":\"https:\/\/secure.gravatar.com\/avatar\/830d4c57adaae6630765e449a6908047?s=96&d=mm&r=g\",\"contentUrl\":\"https:\/\/secure.gravatar.com\/avatar\/830d4c57adaae6630765e449a6908047?s=96&d=mm&r=g\",\"caption\":\"admpu17wp\"}}]}<\/script>\n<!-- \/ Yoast SEO plugin. -->","yoast_head_json":{"title":"Fern\u00e1ndez prometi\u00f3 \"escuchar y corregir\" y llam\u00f3 a militar para ganar","description":"Fern\u00e1ndez prometi\u00f3 \u201cescuchar y corregir\u201d y llam\u00f3 a militar para ganar en noviembre, el Presidente se mostr\u00f3 con los candidatos, Cristina,","robots":{"index":"index","follow":"follow","max-snippet":"max-snippet:-1","max-image-preview":"max-image-preview:large","max-video-preview":"max-video-preview:-1"},"canonical":"https:\/\/experienciadevida.com.ar\/portalurbano\/fernandez-prometio-escuchar-y-corregir-y-llamo-a-militar-para-ganar-en-noviembre\/","og_locale":"es_ES","og_type":"article","og_title":"Fern\u00e1ndez prometi\u00f3 \"escuchar y corregir\" y llam\u00f3 a militar para ganar","og_description":"Fern\u00e1ndez prometi\u00f3 \u201cescuchar y corregir\u201d y llam\u00f3 a militar para ganar en noviembre, el Presidente se mostr\u00f3 con los candidatos, Cristina,","og_url":"https:\/\/experienciadevida.com.ar\/portalurbano\/fernandez-prometio-escuchar-y-corregir-y-llamo-a-militar-para-ganar-en-noviembre\/","article_publisher":"https:\/\/www.facebook.com\/Portal-Urbano-171542830093757\/","article_published_time":"2021-09-13T13:09:50+00:00","article_modified_time":"2021-09-13T13:14:12+00:00","og_image":[{"width":696,"height":458,"url":"https:\/\/experienciadevida.com.ar\/portalurbano\/wp-content\/uploads\/2021\/09\/Fernandez-prometio.jpg","type":"image\/jpeg"}],"author":"admpu17wp","twitter_card":"summary_large_image","twitter_creator":"@portalurbanook","twitter_site":"@portalurbanook","twitter_misc":{"Escrito por":"admpu17wp","Tiempo de lectura":"2 minutos"},"schema":{"@context":"https:\/\/schema.org","@graph":[{"@type":"Article","@id":"https:\/\/experienciadevida.com.ar\/portalurbano\/fernandez-prometio-escuchar-y-corregir-y-llamo-a-militar-para-ganar-en-noviembre\/#article","isPartOf":{"@id":"https:\/\/experienciadevida.com.ar\/portalurbano\/fernandez-prometio-escuchar-y-corregir-y-llamo-a-militar-para-ganar-en-noviembre\/"},"author":{"name":"admpu17wp","@id":"https:\/\/experienciadevida.com.ar\/portalurbano\/#\/schema\/person\/02dd326b1c4b056e9cc972486934a3a7"},"headline":"Fern\u00e1ndez prometi\u00f3 \u201cescuchar y corregir\u201d y llam\u00f3 a militar para ganar en noviembre","datePublished":"2021-09-13T13:09:50+00:00","dateModified":"2021-09-13T13:14:12+00:00","mainEntityOfPage":{"@id":"https:\/\/experienciadevida.com.ar\/portalurbano\/fernandez-prometio-escuchar-y-corregir-y-llamo-a-militar-para-ganar-en-noviembre\/"},"wordCount":484,"publisher":{"@id":"https:\/\/experienciadevida.com.ar\/portalurbano\/#organization"},"articleSection":["Destacadas 2","Pol\u00edtica"],"inLanguage":"es"},{"@type":"WebPage","@id":"https:\/\/experienciadevida.com.ar\/portalurbano\/fernandez-prometio-escuchar-y-corregir-y-llamo-a-militar-para-ganar-en-noviembre\/","url":"https:\/\/experienciadevida.com.ar\/portalurbano\/fernandez-prometio-escuchar-y-corregir-y-llamo-a-militar-para-ganar-en-noviembre\/","name":"Fern\u00e1ndez prometi\u00f3 \"escuchar y corregir\" y llam\u00f3 a militar para ganar","isPartOf":{"@id":"https:\/\/experienciadevida.com.ar\/portalurbano\/#website"},"datePublished":"2021-09-13T13:09:50+00:00","dateModified":"2021-09-13T13:14:12+00:00","description":"Fern\u00e1ndez prometi\u00f3 \u201cescuchar y corregir\u201d y llam\u00f3 a militar para ganar en noviembre, el Presidente se mostr\u00f3 con los candidatos, Cristina,","breadcrumb":{"@id":"https:\/\/experienciadevida.com.ar\/portalurbano\/fernandez-prometio-escuchar-y-corregir-y-llamo-a-militar-para-ganar-en-noviembre\/#breadcrumb"},"inLanguage":"es","potentialAction":[{"@type":"ReadAction","target":["https:\/\/experienciadevida.com.ar\/portalurbano\/fernandez-prometio-escuchar-y-corregir-y-llamo-a-militar-para-ganar-en-noviembre\/"]}]},{"@type":"BreadcrumbList","@id":"https:\/\/experienciadevida.com.ar\/portalurbano\/fernandez-prometio-escuchar-y-corregir-y-llamo-a-militar-para-ganar-en-noviembre\/#breadcrumb","itemListElement":[{"@type":"ListItem","position":1,"name":"Portada","item":"https:\/\/experienciadevida.com.ar\/portalurbano\/"},{"@type":"ListItem","position":2,"name":"Fern\u00e1ndez prometi\u00f3 \u201cescuchar y corregir\u201d y llam\u00f3 a militar para ganar en noviembre"}]},{"@type":"WebSite","@id":"https:\/\/experienciadevida.com.ar\/portalurbano\/#website","url":"https:\/\/experienciadevida.com.ar\/portalurbano\/","name":"","description":"","publisher":{"@id":"https:\/\/experienciadevida.com.ar\/portalurbano\/#organization"},"potentialAction":[{"@type":"SearchAction","target":{"@type":"EntryPoint","urlTemplate":"https:\/\/experienciadevida.com.ar\/portalurbano\/?s={search_term_string}"},"query-input":"required name=search_term_string"}],"inLanguage":"es"},{"@type":"Organization","@id":"https:\/\/experienciadevida.com.ar\/portalurbano\/#organization","name":"Portal Urbano","url":"https:\/\/experienciadevida.com.ar\/portalurbano\/","logo":{"@type":"ImageObject","inLanguage":"es","@id":"https:\/\/experienciadevida.com.ar\/portalurbano\/#\/schema\/logo\/image\/","url":"https:\/\/experienciadevida.com.ar\/portalurbano\/wp-content\/uploads\/2019\/09\/Logo-Original.png","contentUrl":"https:\/\/experienciadevida.com.ar\/portalurbano\/wp-content\/uploads\/2019\/09\/Logo-Original.png","width":2236,"height":1216,"caption":"Portal Urbano"},"image":{"@id":"https:\/\/experienciadevida.com.ar\/portalurbano\/#\/schema\/logo\/image\/"},"sameAs":["https:\/\/www.facebook.com\/Portal-Urbano-171542830093757\/","https:\/\/twitter.com\/portalurbanook","https:\/\/www.instagram.com\/_portalurbano\/","https:\/\/www.youtube.com\/channel\/UCXhagIfszH8KxFiOok79zbA?view_as=subscriber"]},{"@type":"Person","@id":"https:\/\/experienciadevida.com.ar\/portalurbano\/#\/schema\/person\/02dd326b1c4b056e9cc972486934a3a7","name":"admpu17wp","image":{"@type":"ImageObject","inLanguage":"es","@id":"https:\/\/experienciadevida.com.ar\/portalurbano\/#\/schema\/person\/image\/","url":"https:\/\/secure.gravatar.com\/avatar\/830d4c57adaae6630765e449a6908047?s=96&d=mm&r=g","contentUrl":"https:\/\/secure.gravatar.com\/avatar\/830d4c57adaae6630765e449a6908047?s=96&d=mm&r=g","caption":"admpu17wp"}}]}},"featured_image_urls":{"full":["https:\/\/experienciadevida.com.ar\/portalurbano\/wp-content\/uploads\/2021\/09\/Fernandez-prometio.jpg",696,458,false],"thumbnail":["https:\/\/experienciadevida.com.ar\/portalurbano\/wp-content\/uploads\/2021\/09\/Fernandez-prometio-150x150.jpg",150,150,true],"medium":["https:\/\/experienciadevida.com.ar\/portalurbano\/wp-content\/uploads\/2021\/09\/Fernandez-prometio-300x197.jpg",300,197,true],"medium_large":["https:\/\/experienciadevida.com.ar\/portalurbano\/wp-content\/uploads\/2021\/09\/Fernandez-prometio.jpg",640,421,false],"large":["https:\/\/experienciadevida.com.ar\/portalurbano\/wp-content\/uploads\/2021\/09\/Fernandez-prometio.jpg",640,421,false],"ug_big":["https:\/\/experienciadevida.com.ar\/portalurbano\/wp-content\/uploads\/2021\/09\/Fernandez-prometio.jpg",696,458,false],"1536x1536":["https:\/\/experienciadevida.com.ar\/portalurbano\/wp-content\/uploads\/2021\/09\/Fernandez-prometio.jpg",696,458,false],"2048x2048":["https:\/\/experienciadevida.com.ar\/portalurbano\/wp-content\/uploads\/2021\/09\/Fernandez-prometio.jpg",696,458,false],"newsever-slider-full":["https:\/\/experienciadevida.com.ar\/portalurbano\/wp-content\/uploads\/2021\/09\/Fernandez-prometio.jpg",696,458,false],"newsever-featured":["https:\/\/experienciadevida.com.ar\/portalurbano\/wp-content\/uploads\/2021\/09\/Fernandez-prometio.jpg",696,458,false],"newsever-medium":["https:\/\/experienciadevida.com.ar\/portalurbano\/wp-content\/uploads\/2021\/09\/Fernandez-prometio.jpg",696,458,false],"web-stories-poster-portrait":["https:\/\/experienciadevida.com.ar\/portalurbano\/wp-content\/uploads\/2021\/09\/Fernandez-prometio.jpg",640,421,false],"web-stories-publisher-logo":["https:\/\/experienciadevida.com.ar\/portalurbano\/wp-content\/uploads\/2021\/09\/Fernandez-prometio.jpg",96,63,false],"web-stories-thumbnail":["https:\/\/experienciadevida.com.ar\/portalurbano\/wp-content\/uploads\/2021\/09\/Fernandez-prometio.jpg",150,99,false]},"author_info":{"display_name":"admpu17wp","author_link":"https:\/\/experienciadevida.com.ar\/portalurbano\/author\/admpu17wp\/"},"category_info":"<a href=\"https:\/\/experienciadevida.com.ar\/portalurbano\/category\/destacadas-2\/\" rel=\"category tag\">Destacadas 2<\/a> <a href=\"https:\/\/experienciadevida.com.ar\/portalurbano\/category\/politica\/\" rel=\"category tag\">Pol\u00edtica<\/a>","tag_info":"Pol\u00edtica","comment_count":"0","amp_enabled":true,"_links":{"self":[{"href":"https:\/\/experienciadevida.com.ar\/portalurbano\/wp-json\/wp\/v2\/posts\/152647"}],"collection":[{"href":"https:\/\/experienciadevida.com.ar\/portalurbano\/wp-json\/wp\/v2\/posts"}],"about":[{"href":"https:\/\/experienciadevida.com.ar\/portalurbano\/wp-json\/wp\/v2\/types\/post"}],"author":[{"embeddable":true,"href":"https:\/\/experienciadevida.com.ar\/portalurbano\/wp-json\/wp\/v2\/users\/1"}],"replies":[{"embeddable":true,"href":"https:\/\/experienciadevida.com.ar\/portalurbano\/wp-json\/wp\/v2\/comments?post=152647"}],"version-history":[{"count":3,"href":"https:\/\/experienciadevida.com.ar\/portalurbano\/wp-json\/wp\/v2\/posts\/152647\/revisions"}],"predecessor-version":[{"id":152651,"href":"https:\/\/experienciadevida.com.ar\/portalurbano\/wp-json\/wp\/v2\/posts\/152647\/revisions\/152651"}],"wp:featuredmedia":[{"embeddable":true,"href":"https:\/\/experienciadevida.com.ar\/portalurbano\/wp-json\/wp\/v2\/media\/152648"}],"wp:attachment":[{"href":"https:\/\/experienciadevida.com.ar\/portalurbano\/wp-json\/wp\/v2\/media?parent=152647"}],"wp:term":[{"taxonomy":"category","embeddable":true,"href":"https:\/\/experienciadevida.com.ar\/portalurbano\/wp-json\/wp\/v2\/categories?post=152647"},{"taxonomy":"post_tag","embeddable":true,"href":"https:\/\/experienciadevida.com.ar\/portalurbano\/wp-json\/wp\/v2\/tags?post=152647"}],"curies":[{"name":"wp","href":"https:\/\/api.w.org\/{rel}","templated":true}]}}