{"id":152344,"date":"2021-09-10T11:44:09","date_gmt":"2021-09-10T14:44:09","guid":{"rendered":"https:\/\/experienciadevida.com.ar\/portalurbano\/?p=152344"},"modified":"2021-09-10T11:49:30","modified_gmt":"2021-09-10T14:49:30","slug":"jose-luis-rodriguez-los-violentos-tienen-que-estar-en-la-carcel","status":"publish","type":"post","link":"https:\/\/experienciadevida.com.ar\/portalurbano\/jose-luis-rodriguez-los-violentos-tienen-que-estar-en-la-carcel\/","title":{"rendered":"Jos\u00e9 Luis Rodr\u00edguez: &#8220;Los violentos tienen que estar en la c\u00e1rcel&#8221;"},"content":{"rendered":"<p>Jos\u00e9 Luis Rodr\u00edguez: &#8220;Los violentos tienen que estar en la c\u00e1rcel&#8221;, el periodista local integrante del equipo de Cadena 103, fue atropellado en el d\u00eda de ayer, en Sarmiento y 9 de Julio, el conductor del veh\u00edculo huy\u00f3 pero pudo ser identificado, el sospechoso tenia denuncias por violencia de g\u00e9nero.<\/p>\n<p>El periodista expres\u00f3 &#8220;la causa esta caratulada como intento de homicidio, ahora tendr\u00e1 su curso legal, su curso judicial, espero, porque es una cuesti\u00f3n me parece muy grave, mas all\u00e1 de lo personal desde lo social, que personas con estas caracter\u00edsticas, que adem\u00e1s tienen denuncia por violencia de g\u00e9nero, est\u00e1n andando por la calle. Esta gente tiene que estar en la c\u00e1rcel, donde corresponde y no conviviendo con las personas de bien como somos muchos de nosotros y mucho menos exponiendo a peligros de vida a tantas personas&#8221;.<\/p>\n<p>&#8220;Yo ven\u00eda de ver una obra en el teatro una noche complicada con tormenta, viento, cortes de luz me hice trasladar hasta donde iba a ir a cenar y al\u00a0 llegar a Sarmiento a metro de 9 de julio cuando me bajo del auto que me transportaba aparece un auto por detr\u00e1s estaba estacionado y no hab\u00eda alcanzado a ver porque hab\u00eda poca luz, estaba lloviendo en el auto que me traslad\u00e9 hab\u00eda vidrios polarizados\u00a0 no se ve\u00eda mucho para afuera y cuando bajo para intentar cruzar veo que el auto se me aproxima entonces trato de frenar pero el auto aceler\u00f3 hacia m\u00ed, de una manera irresponsable, negligente porque estaba estacionado el auto no es que ven\u00eda circulando. La justicia va a determinar porque el auto estaba ah\u00ed&#8221;.<\/p>\n<p>Adem\u00e1s &#8220;la persona no tendr\u00eda que haber estado ah\u00ed porque ten\u00eda una restricci\u00f3n de no acercarse al lugar, estaba en falta con la ley&#8221;.<\/p>\n<p>&#8220;Yo voy a que la persona fue denunciada porque cuando me atropella se dio a la fuga r\u00e1pidamente sale por Avenida Sarmiento, hice denuncia correspondiente. La persona est\u00e1 pr\u00f3fuga no la pueden encontrar todav\u00eda&#8221;.<\/p>\n<p>Para finalizar dijo &#8220;quiero agradecer al personal de salud y policial, a la fiscal que r\u00e1pidamente\u00a0 se pusieron en contacto conmigo, la causa est\u00e1 caratulada como intento de homicidio y ahora tendr\u00e1 su curso legal, judicial porque es una cuesti\u00f3n muy grave m\u00e1s all\u00e1 de lo personal de lo social porque personas con estas caracter\u00edsticas que adem\u00e1s tienen denuncia por violencia de g\u00e9nero no puede estar caminando por la calle esta gente, tiene que estar en la c\u00e1rcel como corresponde y no conviviendo con personas de bien como somos mucho de nosotros y mucho menos exponer a las personas&#8221;.<\/p>\n<p>Fuente: Cadena 103<\/p>\n","protected":false},"excerpt":{"rendered":"<p>Jos\u00e9 Luis Rodr\u00edguez: &#8220;Los violentos tienen que estar en la c\u00e1rcel&#8221;, el periodista local integrante&#8230;<\/p>\n","protected":false},"author":1,"featured_media":152347,"comment_status":"closed","ping_status":"closed","sticky":false,"template":"","format":"standard","meta":{"content-type":""},"categories":[64,40],"tags":[],"nelio_content":{"isAutoShareEnabled":false,"autoShareEndMode":"default","automationSources":{"useContentSentences":true,"useSocialTemplates":true,"useCustomSentences":false,"customSentences":[]},"followers":[1],"suggestedReferences":[],"includedReferences":[],"efiUrl":"","efiAlt":"","highlights":[]},"yoast_head":"<!-- This site is optimized with the Yoast SEO plugin v20.7 - https:\/\/yoast.com\/wordpress\/plugins\/seo\/ -->\n<title>Jos\u00e9 Luis Rodr\u00edguez: &quot;Los violentos tienen que estar en la c\u00e1rcel&quot; -<\/title>\n<meta name=\"robots\" content=\"index, follow, max-snippet:-1, max-image-preview:large, max-video-preview:-1\" \/>\n<link rel=\"canonical\" href=\"https:\/\/experienciadevida.com.ar\/portalurbano\/jose-luis-rodriguez-los-violentos-tienen-que-estar-en-la-carcel\/\" \/>\n<meta property=\"og:locale\" content=\"es_ES\" \/>\n<meta property=\"og:type\" content=\"article\" \/>\n<meta property=\"og:title\" content=\"Jos\u00e9 Luis Rodr\u00edguez: &quot;Los violentos tienen que estar en la c\u00e1rcel&quot; -\" \/>\n<meta property=\"og:description\" content=\"Jos\u00e9 Luis Rodr\u00edguez: &#8220;Los violentos tienen que estar en la c\u00e1rcel&#8221;, el periodista local integrante...\" \/>\n<meta property=\"og:url\" content=\"https:\/\/experienciadevida.com.ar\/portalurbano\/jose-luis-rodriguez-los-violentos-tienen-que-estar-en-la-carcel\/\" \/>\n<meta property=\"article:publisher\" content=\"https:\/\/www.facebook.com\/Portal-Urbano-171542830093757\/\" \/>\n<meta property=\"article:published_time\" content=\"2021-09-10T14:44:09+00:00\" \/>\n<meta property=\"article:modified_time\" content=\"2021-09-10T14:49:30+00:00\" \/>\n<meta property=\"og:image\" content=\"https:\/\/experienciadevida.com.ar\/portalurbano\/wp-content\/uploads\/2021\/09\/Jose-Luis-Rodriguez.jpg\" \/>\n\t<meta property=\"og:image:width\" content=\"765\" \/>\n\t<meta property=\"og:image:height\" content=\"458\" \/>\n\t<meta property=\"og:image:type\" content=\"image\/jpeg\" \/>\n<meta name=\"author\" content=\"admpu17wp\" \/>\n<meta name=\"twitter:card\" content=\"summary_large_image\" \/>\n<meta name=\"twitter:creator\" content=\"@portalurbanook\" \/>\n<meta name=\"twitter:site\" content=\"@portalurbanook\" \/>\n<meta name=\"twitter:label1\" content=\"Escrito por\" \/>\n\t<meta name=\"twitter:data1\" content=\"admpu17wp\" \/>\n\t<meta name=\"twitter:label2\" content=\"Tiempo de lectura\" \/>\n\t<meta name=\"twitter:data2\" content=\"2 minutos\" \/>\n<script type=\"application\/ld+json\" class=\"yoast-schema-graph\">{\"@context\":\"https:\/\/schema.org\",\"@graph\":[{\"@type\":\"Article\",\"@id\":\"https:\/\/experienciadevida.com.ar\/portalurbano\/jose-luis-rodriguez-los-violentos-tienen-que-estar-en-la-carcel\/#article\",\"isPartOf\":{\"@id\":\"https:\/\/experienciadevida.com.ar\/portalurbano\/jose-luis-rodriguez-los-violentos-tienen-que-estar-en-la-carcel\/\"},\"author\":{\"name\":\"admpu17wp\",\"@id\":\"https:\/\/experienciadevida.com.ar\/portalurbano\/#\/schema\/person\/02dd326b1c4b056e9cc972486934a3a7\"},\"headline\":\"Jos\u00e9 Luis Rodr\u00edguez: &#8220;Los violentos tienen que estar en la c\u00e1rcel&#8221;\",\"datePublished\":\"2021-09-10T14:44:09+00:00\",\"dateModified\":\"2021-09-10T14:49:30+00:00\",\"mainEntityOfPage\":{\"@id\":\"https:\/\/experienciadevida.com.ar\/portalurbano\/jose-luis-rodriguez-los-violentos-tienen-que-estar-en-la-carcel\/\"},\"wordCount\":468,\"publisher\":{\"@id\":\"https:\/\/experienciadevida.com.ar\/portalurbano\/#organization\"},\"articleSection\":[\"Destacadas 2\",\"Policiales\"],\"inLanguage\":\"es\"},{\"@type\":\"WebPage\",\"@id\":\"https:\/\/experienciadevida.com.ar\/portalurbano\/jose-luis-rodriguez-los-violentos-tienen-que-estar-en-la-carcel\/\",\"url\":\"https:\/\/experienciadevida.com.ar\/portalurbano\/jose-luis-rodriguez-los-violentos-tienen-que-estar-en-la-carcel\/\",\"name\":\"Jos\u00e9 Luis Rodr\u00edguez: \\\"Los violentos tienen que estar en la c\u00e1rcel\\\" -\",\"isPartOf\":{\"@id\":\"https:\/\/experienciadevida.com.ar\/portalurbano\/#website\"},\"datePublished\":\"2021-09-10T14:44:09+00:00\",\"dateModified\":\"2021-09-10T14:49:30+00:00\",\"breadcrumb\":{\"@id\":\"https:\/\/experienciadevida.com.ar\/portalurbano\/jose-luis-rodriguez-los-violentos-tienen-que-estar-en-la-carcel\/#breadcrumb\"},\"inLanguage\":\"es\",\"potentialAction\":[{\"@type\":\"ReadAction\",\"target\":[\"https:\/\/experienciadevida.com.ar\/portalurbano\/jose-luis-rodriguez-los-violentos-tienen-que-estar-en-la-carcel\/\"]}]},{\"@type\":\"BreadcrumbList\",\"@id\":\"https:\/\/experienciadevida.com.ar\/portalurbano\/jose-luis-rodriguez-los-violentos-tienen-que-estar-en-la-carcel\/#breadcrumb\",\"itemListElement\":[{\"@type\":\"ListItem\",\"position\":1,\"name\":\"Portada\",\"item\":\"https:\/\/experienciadevida.com.ar\/portalurbano\/\"},{\"@type\":\"ListItem\",\"position\":2,\"name\":\"Jos\u00e9 Luis Rodr\u00edguez: \u00abLos violentos tienen que estar en la c\u00e1rcel\u00bb\"}]},{\"@type\":\"WebSite\",\"@id\":\"https:\/\/experienciadevida.com.ar\/portalurbano\/#website\",\"url\":\"https:\/\/experienciadevida.com.ar\/portalurbano\/\",\"name\":\"\",\"description\":\"\",\"publisher\":{\"@id\":\"https:\/\/experienciadevida.com.ar\/portalurbano\/#organization\"},\"potentialAction\":[{\"@type\":\"SearchAction\",\"target\":{\"@type\":\"EntryPoint\",\"urlTemplate\":\"https:\/\/experienciadevida.com.ar\/portalurbano\/?s={search_term_string}\"},\"query-input\":\"required name=search_term_string\"}],\"inLanguage\":\"es\"},{\"@type\":\"Organization\",\"@id\":\"https:\/\/experienciadevida.com.ar\/portalurbano\/#organization\",\"name\":\"Portal Urbano\",\"url\":\"https:\/\/experienciadevida.com.ar\/portalurbano\/\",\"logo\":{\"@type\":\"ImageObject\",\"inLanguage\":\"es\",\"@id\":\"https:\/\/experienciadevida.com.ar\/portalurbano\/#\/schema\/logo\/image\/\",\"url\":\"https:\/\/experienciadevida.com.ar\/portalurbano\/wp-content\/uploads\/2019\/09\/Logo-Original.png\",\"contentUrl\":\"https:\/\/experienciadevida.com.ar\/portalurbano\/wp-content\/uploads\/2019\/09\/Logo-Original.png\",\"width\":2236,\"height\":1216,\"caption\":\"Portal Urbano\"},\"image\":{\"@id\":\"https:\/\/experienciadevida.com.ar\/portalurbano\/#\/schema\/logo\/image\/\"},\"sameAs\":[\"https:\/\/www.facebook.com\/Portal-Urbano-171542830093757\/\",\"https:\/\/twitter.com\/portalurbanook\",\"https:\/\/www.instagram.com\/_portalurbano\/\",\"https:\/\/www.youtube.com\/channel\/UCXhagIfszH8KxFiOok79zbA?view_as=subscriber\"]},{\"@type\":\"Person\",\"@id\":\"https:\/\/experienciadevida.com.ar\/portalurbano\/#\/schema\/person\/02dd326b1c4b056e9cc972486934a3a7\",\"name\":\"admpu17wp\",\"image\":{\"@type\":\"ImageObject\",\"inLanguage\":\"es\",\"@id\":\"https:\/\/experienciadevida.com.ar\/portalurbano\/#\/schema\/person\/image\/\",\"url\":\"https:\/\/secure.gravatar.com\/avatar\/830d4c57adaae6630765e449a6908047?s=96&d=mm&r=g\",\"contentUrl\":\"https:\/\/secure.gravatar.com\/avatar\/830d4c57adaae6630765e449a6908047?s=96&d=mm&r=g\",\"caption\":\"admpu17wp\"}}]}<\/script>\n<!-- \/ Yoast SEO plugin. -->","yoast_head_json":{"title":"Jos\u00e9 Luis Rodr\u00edguez: \"Los violentos tienen que estar en la c\u00e1rcel\" -","robots":{"index":"index","follow":"follow","max-snippet":"max-snippet:-1","max-image-preview":"max-image-preview:large","max-video-preview":"max-video-preview:-1"},"canonical":"https:\/\/experienciadevida.com.ar\/portalurbano\/jose-luis-rodriguez-los-violentos-tienen-que-estar-en-la-carcel\/","og_locale":"es_ES","og_type":"article","og_title":"Jos\u00e9 Luis Rodr\u00edguez: \"Los violentos tienen que estar en la c\u00e1rcel\" -","og_description":"Jos\u00e9 Luis Rodr\u00edguez: &#8220;Los violentos tienen que estar en la c\u00e1rcel&#8221;, el periodista local integrante...","og_url":"https:\/\/experienciadevida.com.ar\/portalurbano\/jose-luis-rodriguez-los-violentos-tienen-que-estar-en-la-carcel\/","article_publisher":"https:\/\/www.facebook.com\/Portal-Urbano-171542830093757\/","article_published_time":"2021-09-10T14:44:09+00:00","article_modified_time":"2021-09-10T14:49:30+00:00","og_image":[{"width":765,"height":458,"url":"https:\/\/experienciadevida.com.ar\/portalurbano\/wp-content\/uploads\/2021\/09\/Jose-Luis-Rodriguez.jpg","type":"image\/jpeg"}],"author":"admpu17wp","twitter_card":"summary_large_image","twitter_creator":"@portalurbanook","twitter_site":"@portalurbanook","twitter_misc":{"Escrito por":"admpu17wp","Tiempo de lectura":"2 minutos"},"schema":{"@context":"https:\/\/schema.org","@graph":[{"@type":"Article","@id":"https:\/\/experienciadevida.com.ar\/portalurbano\/jose-luis-rodriguez-los-violentos-tienen-que-estar-en-la-carcel\/#article","isPartOf":{"@id":"https:\/\/experienciadevida.com.ar\/portalurbano\/jose-luis-rodriguez-los-violentos-tienen-que-estar-en-la-carcel\/"},"author":{"name":"admpu17wp","@id":"https:\/\/experienciadevida.com.ar\/portalurbano\/#\/schema\/person\/02dd326b1c4b056e9cc972486934a3a7"},"headline":"Jos\u00e9 Luis Rodr\u00edguez: &#8220;Los violentos tienen que estar en la c\u00e1rcel&#8221;","datePublished":"2021-09-10T14:44:09+00:00","dateModified":"2021-09-10T14:49:30+00:00","mainEntityOfPage":{"@id":"https:\/\/experienciadevida.com.ar\/portalurbano\/jose-luis-rodriguez-los-violentos-tienen-que-estar-en-la-carcel\/"},"wordCount":468,"publisher":{"@id":"https:\/\/experienciadevida.com.ar\/portalurbano\/#organization"},"articleSection":["Destacadas 2","Policiales"],"inLanguage":"es"},{"@type":"WebPage","@id":"https:\/\/experienciadevida.com.ar\/portalurbano\/jose-luis-rodriguez-los-violentos-tienen-que-estar-en-la-carcel\/","url":"https:\/\/experienciadevida.com.ar\/portalurbano\/jose-luis-rodriguez-los-violentos-tienen-que-estar-en-la-carcel\/","name":"Jos\u00e9 Luis Rodr\u00edguez: \"Los violentos tienen que estar en la c\u00e1rcel\" -","isPartOf":{"@id":"https:\/\/experienciadevida.com.ar\/portalurbano\/#website"},"datePublished":"2021-09-10T14:44:09+00:00","dateModified":"2021-09-10T14:49:30+00:00","breadcrumb":{"@id":"https:\/\/experienciadevida.com.ar\/portalurbano\/jose-luis-rodriguez-los-violentos-tienen-que-estar-en-la-carcel\/#breadcrumb"},"inLanguage":"es","potentialAction":[{"@type":"ReadAction","target":["https:\/\/experienciadevida.com.ar\/portalurbano\/jose-luis-rodriguez-los-violentos-tienen-que-estar-en-la-carcel\/"]}]},{"@type":"BreadcrumbList","@id":"https:\/\/experienciadevida.com.ar\/portalurbano\/jose-luis-rodriguez-los-violentos-tienen-que-estar-en-la-carcel\/#breadcrumb","itemListElement":[{"@type":"ListItem","position":1,"name":"Portada","item":"https:\/\/experienciadevida.com.ar\/portalurbano\/"},{"@type":"ListItem","position":2,"name":"Jos\u00e9 Luis Rodr\u00edguez: \u00abLos violentos tienen que estar en la c\u00e1rcel\u00bb"}]},{"@type":"WebSite","@id":"https:\/\/experienciadevida.com.ar\/portalurbano\/#website","url":"https:\/\/experienciadevida.com.ar\/portalurbano\/","name":"","description":"","publisher":{"@id":"https:\/\/experienciadevida.com.ar\/portalurbano\/#organization"},"potentialAction":[{"@type":"SearchAction","target":{"@type":"EntryPoint","urlTemplate":"https:\/\/experienciadevida.com.ar\/portalurbano\/?s={search_term_string}"},"query-input":"required name=search_term_string"}],"inLanguage":"es"},{"@type":"Organization","@id":"https:\/\/experienciadevida.com.ar\/portalurbano\/#organization","name":"Portal Urbano","url":"https:\/\/experienciadevida.com.ar\/portalurbano\/","logo":{"@type":"ImageObject","inLanguage":"es","@id":"https:\/\/experienciadevida.com.ar\/portalurbano\/#\/schema\/logo\/image\/","url":"https:\/\/experienciadevida.com.ar\/portalurbano\/wp-content\/uploads\/2019\/09\/Logo-Original.png","contentUrl":"https:\/\/experienciadevida.com.ar\/portalurbano\/wp-content\/uploads\/2019\/09\/Logo-Original.png","width":2236,"height":1216,"caption":"Portal Urbano"},"image":{"@id":"https:\/\/experienciadevida.com.ar\/portalurbano\/#\/schema\/logo\/image\/"},"sameAs":["https:\/\/www.facebook.com\/Portal-Urbano-171542830093757\/","https:\/\/twitter.com\/portalurbanook","https:\/\/www.instagram.com\/_portalurbano\/","https:\/\/www.youtube.com\/channel\/UCXhagIfszH8KxFiOok79zbA?view_as=subscriber"]},{"@type":"Person","@id":"https:\/\/experienciadevida.com.ar\/portalurbano\/#\/schema\/person\/02dd326b1c4b056e9cc972486934a3a7","name":"admpu17wp","image":{"@type":"ImageObject","inLanguage":"es","@id":"https:\/\/experienciadevida.com.ar\/portalurbano\/#\/schema\/person\/image\/","url":"https:\/\/secure.gravatar.com\/avatar\/830d4c57adaae6630765e449a6908047?s=96&d=mm&r=g","contentUrl":"https:\/\/secure.gravatar.com\/avatar\/830d4c57adaae6630765e449a6908047?s=96&d=mm&r=g","caption":"admpu17wp"}}]}},"featured_image_urls":{"full":["https:\/\/experienciadevida.com.ar\/portalurbano\/wp-content\/uploads\/2021\/09\/Jose-Luis-Rodriguez.jpg",765,458,false],"thumbnail":["https:\/\/experienciadevida.com.ar\/portalurbano\/wp-content\/uploads\/2021\/09\/Jose-Luis-Rodriguez-150x150.jpg",150,150,true],"medium":["https:\/\/experienciadevida.com.ar\/portalurbano\/wp-content\/uploads\/2021\/09\/Jose-Luis-Rodriguez-300x180.jpg",300,180,true],"medium_large":["https:\/\/experienciadevida.com.ar\/portalurbano\/wp-content\/uploads\/2021\/09\/Jose-Luis-Rodriguez.jpg",640,383,false],"large":["https:\/\/experienciadevida.com.ar\/portalurbano\/wp-content\/uploads\/2021\/09\/Jose-Luis-Rodriguez.jpg",640,383,false],"ug_big":["https:\/\/experienciadevida.com.ar\/portalurbano\/wp-content\/uploads\/2021\/09\/Jose-Luis-Rodriguez.jpg",765,458,false],"1536x1536":["https:\/\/experienciadevida.com.ar\/portalurbano\/wp-content\/uploads\/2021\/09\/Jose-Luis-Rodriguez.jpg",765,458,false],"2048x2048":["https:\/\/experienciadevida.com.ar\/portalurbano\/wp-content\/uploads\/2021\/09\/Jose-Luis-Rodriguez.jpg",765,458,false],"newsever-slider-full":["https:\/\/experienciadevida.com.ar\/portalurbano\/wp-content\/uploads\/2021\/09\/Jose-Luis-Rodriguez.jpg",765,458,false],"newsever-featured":["https:\/\/experienciadevida.com.ar\/portalurbano\/wp-content\/uploads\/2021\/09\/Jose-Luis-Rodriguez.jpg",765,458,false],"newsever-medium":["https:\/\/experienciadevida.com.ar\/portalurbano\/wp-content\/uploads\/2021\/09\/Jose-Luis-Rodriguez.jpg",720,431,false],"web-stories-poster-portrait":["https:\/\/experienciadevida.com.ar\/portalurbano\/wp-content\/uploads\/2021\/09\/Jose-Luis-Rodriguez.jpg",640,383,false],"web-stories-publisher-logo":["https:\/\/experienciadevida.com.ar\/portalurbano\/wp-content\/uploads\/2021\/09\/Jose-Luis-Rodriguez.jpg",96,57,false],"web-stories-thumbnail":["https:\/\/experienciadevida.com.ar\/portalurbano\/wp-content\/uploads\/2021\/09\/Jose-Luis-Rodriguez.jpg",150,90,false]},"author_info":{"display_name":"admpu17wp","author_link":"https:\/\/experienciadevida.com.ar\/portalurbano\/author\/admpu17wp\/"},"category_info":"<a href=\"https:\/\/experienciadevida.com.ar\/portalurbano\/category\/destacadas-2\/\" rel=\"category tag\">Destacadas 2<\/a> <a href=\"https:\/\/experienciadevida.com.ar\/portalurbano\/category\/policiales\/\" rel=\"category tag\">Policiales<\/a>","tag_info":"Policiales","comment_count":"0","amp_enabled":true,"_links":{"self":[{"href":"https:\/\/experienciadevida.com.ar\/portalurbano\/wp-json\/wp\/v2\/posts\/152344"}],"collection":[{"href":"https:\/\/experienciadevida.com.ar\/portalurbano\/wp-json\/wp\/v2\/posts"}],"about":[{"href":"https:\/\/experienciadevida.com.ar\/portalurbano\/wp-json\/wp\/v2\/types\/post"}],"author":[{"embeddable":true,"href":"https:\/\/experienciadevida.com.ar\/portalurbano\/wp-json\/wp\/v2\/users\/1"}],"replies":[{"embeddable":true,"href":"https:\/\/experienciadevida.com.ar\/portalurbano\/wp-json\/wp\/v2\/comments?post=152344"}],"version-history":[{"count":6,"href":"https:\/\/experienciadevida.com.ar\/portalurbano\/wp-json\/wp\/v2\/posts\/152344\/revisions"}],"predecessor-version":[{"id":152360,"href":"https:\/\/experienciadevida.com.ar\/portalurbano\/wp-json\/wp\/v2\/posts\/152344\/revisions\/152360"}],"wp:featuredmedia":[{"embeddable":true,"href":"https:\/\/experienciadevida.com.ar\/portalurbano\/wp-json\/wp\/v2\/media\/152347"}],"wp:attachment":[{"href":"https:\/\/experienciadevida.com.ar\/portalurbano\/wp-json\/wp\/v2\/media?parent=152344"}],"wp:term":[{"taxonomy":"category","embeddable":true,"href":"https:\/\/experienciadevida.com.ar\/portalurbano\/wp-json\/wp\/v2\/categories?post=152344"},{"taxonomy":"post_tag","embeddable":true,"href":"https:\/\/experienciadevida.com.ar\/portalurbano\/wp-json\/wp\/v2\/tags?post=152344"}],"curies":[{"name":"wp","href":"https:\/\/api.w.org\/{rel}","templated":true}]}}