{"id":152287,"date":"2021-09-09T16:01:16","date_gmt":"2021-09-09T19:01:16","guid":{"rendered":"https:\/\/experienciadevida.com.ar\/portalurbano\/?p=152287"},"modified":"2021-09-09T16:03:39","modified_gmt":"2021-09-09T19:03:39","slug":"coopelectric-continua-trabajando-para-restablecer-el-servicio-electrico","status":"publish","type":"post","link":"https:\/\/experienciadevida.com.ar\/portalurbano\/coopelectric-continua-trabajando-para-restablecer-el-servicio-electrico\/","title":{"rendered":"Coopelectric contin\u00faa trabajando para restablecer el servicio el\u00e9ctrico"},"content":{"rendered":"<p><a href=\"https:\/\/www.facebook.com\/pages\/Coopelectric\/597424130297320\/\">Coopelectric<\/a> contin\u00faa trabajando para restablecer el servicio el\u00e9ctrico, tanto en la zona urbana como rural. Fue normalizado el suministro en el barrio Pikelado y en el sector de Loma Negra comprendido por Entre R\u00edos &#8211; 25 de Mayo &#8211; R\u00edo Negro &#8211; Ruta N\u00b0 51.<\/p>\n<p>En tanto, en la planta urbana se siguen atendiendo reclamos de usuarios puntuales y a\u00fan se registran demoras en la atenci\u00f3n, por lo que rogamos<br \/>\npaciencia y comprensi\u00f3n por parte de los usuarios afectados.<\/p>\n<p>En horas de la tarde sali\u00f3 de servicio una de las Subestaciones que alimenta al barrio AOMA ocasionando la interrupci\u00f3n del suministro en una parte de dicho barrio. Dentro del sector afectado se encuentra ubicado un pozo de extracci\u00f3n de agua del Servicio Sanitario, por lo que podr\u00eda experimentarse baja presi\u00f3n hasta tanto se completen las tareas de reparaci\u00f3n que se est\u00e1n desarrollando en este momento. Por tal motivo, solicitamos a los vecinos que tomen los recaudos necesarios para administrar su consumo, de forma tal, que puedan abastecerse con la reserva de su tanque domiciliario.<\/p>\n<p>En la zona rural, las cuadrillas de Asistencia T\u00e9cnica restituyeron en Servicio en el sistema de Ruta 60 y Cerro Sotuyo, mientras que en Blanca<br \/>\nGrande y Crotto se est\u00e1n llevando a cabo tareas operativas para poder normalizarlo.<\/p>\n<p>Coopelectric contin\u00faa trabajando para restablecer el servicio el\u00e9ctrico, En Colonia Nievas sufrieron da\u00f1os las l\u00edneas de Media Tensi\u00f3n y la reposici\u00f3n se ver\u00e1 demorada debido a que no es posible acceder al lugar donde se deben realizar las reparaciones.<\/p>\n<p>Recordamos a los usuarios que para efectuar reclamos se pueden comunicar a trav\u00e9s del Tel. 412305\/6, v\u00eda WhatsApp al 2284-230707 o enviando SMS al 15-680000.<\/p>\n<p><a href=\"https:\/\/experienciadevida.com.ar\/portalurbano\/coopelectric-continua-trabajando-para-restablecer-el-servicio-electrico\/coopelectric-continua\/\" rel=\"attachment wp-att-152290\"><img decoding=\"async\" class=\"alignnone size-full wp-image-152290\" src=\"https:\/\/experienciadevida.com.ar\/portalurbano\/wp-content\/uploads\/2021\/09\/Coopelectric-continua.jpg\" alt=\"Coopelectric contin\u00faa\" width=\"765\" height=\"510\" srcset=\"https:\/\/experienciadevida.com.ar\/portalurbano\/wp-content\/uploads\/2021\/09\/Coopelectric-continua.jpg 765w, https:\/\/experienciadevida.com.ar\/portalurbano\/wp-content\/uploads\/2021\/09\/Coopelectric-continua-300x200.jpg 300w\" sizes=\"(max-width: 765px) 100vw, 765px\" \/><\/a><\/p>\n","protected":false},"excerpt":{"rendered":"<p>Coopelectric contin\u00faa trabajando para restablecer el servicio el\u00e9ctrico, tanto en la zona urbana como rural&#8230;.<\/p>\n","protected":false},"author":1,"featured_media":152288,"comment_status":"closed","ping_status":"closed","sticky":false,"template":"","format":"standard","meta":{"content-type":""},"categories":[27,64],"tags":[],"nelio_content":{"isAutoShareEnabled":false,"autoShareEndMode":"default","automationSources":{"useContentSentences":true,"useSocialTemplates":true,"useCustomSentences":false,"customSentences":[]},"followers":[1],"suggestedReferences":[],"includedReferences":[],"efiUrl":"","efiAlt":"","highlights":[]},"yoast_head":"<!-- This site is optimized with the Yoast SEO plugin v20.7 - https:\/\/yoast.com\/wordpress\/plugins\/seo\/ -->\n<title>Coopelectric contin\u00faa trabajando para restablecer el servicio el\u00e9ctrico<\/title>\n<meta name=\"description\" content=\"Coopelectric contin\u00faa trabajando para restablecer el servicio el\u00e9ctrico, tanto en la zona urbana como rural, normalizado en algunos\" \/>\n<meta name=\"robots\" content=\"index, follow, max-snippet:-1, max-image-preview:large, max-video-preview:-1\" \/>\n<link rel=\"canonical\" href=\"https:\/\/experienciadevida.com.ar\/portalurbano\/coopelectric-continua-trabajando-para-restablecer-el-servicio-electrico\/\" \/>\n<meta property=\"og:locale\" content=\"es_ES\" \/>\n<meta property=\"og:type\" content=\"article\" \/>\n<meta property=\"og:title\" content=\"Coopelectric contin\u00faa trabajando para restablecer el servicio el\u00e9ctrico\" \/>\n<meta property=\"og:description\" content=\"Coopelectric contin\u00faa trabajando para restablecer el servicio el\u00e9ctrico, tanto en la zona urbana como rural, normalizado en algunos\" \/>\n<meta property=\"og:url\" content=\"https:\/\/experienciadevida.com.ar\/portalurbano\/coopelectric-continua-trabajando-para-restablecer-el-servicio-electrico\/\" \/>\n<meta property=\"article:publisher\" content=\"https:\/\/www.facebook.com\/Portal-Urbano-171542830093757\/\" \/>\n<meta property=\"article:published_time\" content=\"2021-09-09T19:01:16+00:00\" \/>\n<meta property=\"article:modified_time\" content=\"2021-09-09T19:03:39+00:00\" \/>\n<meta property=\"og:image\" content=\"https:\/\/experienciadevida.com.ar\/portalurbano\/wp-content\/uploads\/2021\/09\/Coopelectric-continua-trabajando-para-restablecer.jpg\" \/>\n\t<meta property=\"og:image:width\" content=\"765\" \/>\n\t<meta property=\"og:image:height\" content=\"510\" \/>\n\t<meta property=\"og:image:type\" content=\"image\/jpeg\" \/>\n<meta name=\"author\" content=\"admpu17wp\" \/>\n<meta name=\"twitter:card\" content=\"summary_large_image\" \/>\n<meta name=\"twitter:creator\" content=\"@portalurbanook\" \/>\n<meta name=\"twitter:site\" content=\"@portalurbanook\" \/>\n<meta name=\"twitter:label1\" content=\"Escrito por\" \/>\n\t<meta name=\"twitter:data1\" content=\"admpu17wp\" \/>\n\t<meta name=\"twitter:label2\" content=\"Tiempo de lectura\" \/>\n\t<meta name=\"twitter:data2\" content=\"2 minutos\" \/>\n<script type=\"application\/ld+json\" class=\"yoast-schema-graph\">{\"@context\":\"https:\/\/schema.org\",\"@graph\":[{\"@type\":\"Article\",\"@id\":\"https:\/\/experienciadevida.com.ar\/portalurbano\/coopelectric-continua-trabajando-para-restablecer-el-servicio-electrico\/#article\",\"isPartOf\":{\"@id\":\"https:\/\/experienciadevida.com.ar\/portalurbano\/coopelectric-continua-trabajando-para-restablecer-el-servicio-electrico\/\"},\"author\":{\"name\":\"admpu17wp\",\"@id\":\"https:\/\/experienciadevida.com.ar\/portalurbano\/#\/schema\/person\/02dd326b1c4b056e9cc972486934a3a7\"},\"headline\":\"Coopelectric contin\u00faa trabajando para restablecer el servicio el\u00e9ctrico\",\"datePublished\":\"2021-09-09T19:01:16+00:00\",\"dateModified\":\"2021-09-09T19:03:39+00:00\",\"mainEntityOfPage\":{\"@id\":\"https:\/\/experienciadevida.com.ar\/portalurbano\/coopelectric-continua-trabajando-para-restablecer-el-servicio-electrico\/\"},\"wordCount\":305,\"publisher\":{\"@id\":\"https:\/\/experienciadevida.com.ar\/portalurbano\/#organization\"},\"articleSection\":[\"Ciudad\",\"Destacadas 2\"],\"inLanguage\":\"es\"},{\"@type\":\"WebPage\",\"@id\":\"https:\/\/experienciadevida.com.ar\/portalurbano\/coopelectric-continua-trabajando-para-restablecer-el-servicio-electrico\/\",\"url\":\"https:\/\/experienciadevida.com.ar\/portalurbano\/coopelectric-continua-trabajando-para-restablecer-el-servicio-electrico\/\",\"name\":\"Coopelectric contin\u00faa trabajando para restablecer el servicio el\u00e9ctrico\",\"isPartOf\":{\"@id\":\"https:\/\/experienciadevida.com.ar\/portalurbano\/#website\"},\"datePublished\":\"2021-09-09T19:01:16+00:00\",\"dateModified\":\"2021-09-09T19:03:39+00:00\",\"description\":\"Coopelectric contin\u00faa trabajando para restablecer el servicio el\u00e9ctrico, tanto en la zona urbana como rural, normalizado en algunos\",\"breadcrumb\":{\"@id\":\"https:\/\/experienciadevida.com.ar\/portalurbano\/coopelectric-continua-trabajando-para-restablecer-el-servicio-electrico\/#breadcrumb\"},\"inLanguage\":\"es\",\"potentialAction\":[{\"@type\":\"ReadAction\",\"target\":[\"https:\/\/experienciadevida.com.ar\/portalurbano\/coopelectric-continua-trabajando-para-restablecer-el-servicio-electrico\/\"]}]},{\"@type\":\"BreadcrumbList\",\"@id\":\"https:\/\/experienciadevida.com.ar\/portalurbano\/coopelectric-continua-trabajando-para-restablecer-el-servicio-electrico\/#breadcrumb\",\"itemListElement\":[{\"@type\":\"ListItem\",\"position\":1,\"name\":\"Portada\",\"item\":\"https:\/\/experienciadevida.com.ar\/portalurbano\/\"},{\"@type\":\"ListItem\",\"position\":2,\"name\":\"Coopelectric contin\u00faa trabajando para restablecer el servicio el\u00e9ctrico\"}]},{\"@type\":\"WebSite\",\"@id\":\"https:\/\/experienciadevida.com.ar\/portalurbano\/#website\",\"url\":\"https:\/\/experienciadevida.com.ar\/portalurbano\/\",\"name\":\"\",\"description\":\"\",\"publisher\":{\"@id\":\"https:\/\/experienciadevida.com.ar\/portalurbano\/#organization\"},\"potentialAction\":[{\"@type\":\"SearchAction\",\"target\":{\"@type\":\"EntryPoint\",\"urlTemplate\":\"https:\/\/experienciadevida.com.ar\/portalurbano\/?s={search_term_string}\"},\"query-input\":\"required name=search_term_string\"}],\"inLanguage\":\"es\"},{\"@type\":\"Organization\",\"@id\":\"https:\/\/experienciadevida.com.ar\/portalurbano\/#organization\",\"name\":\"Portal Urbano\",\"url\":\"https:\/\/experienciadevida.com.ar\/portalurbano\/\",\"logo\":{\"@type\":\"ImageObject\",\"inLanguage\":\"es\",\"@id\":\"https:\/\/experienciadevida.com.ar\/portalurbano\/#\/schema\/logo\/image\/\",\"url\":\"https:\/\/experienciadevida.com.ar\/portalurbano\/wp-content\/uploads\/2019\/09\/Logo-Original.png\",\"contentUrl\":\"https:\/\/experienciadevida.com.ar\/portalurbano\/wp-content\/uploads\/2019\/09\/Logo-Original.png\",\"width\":2236,\"height\":1216,\"caption\":\"Portal Urbano\"},\"image\":{\"@id\":\"https:\/\/experienciadevida.com.ar\/portalurbano\/#\/schema\/logo\/image\/\"},\"sameAs\":[\"https:\/\/www.facebook.com\/Portal-Urbano-171542830093757\/\",\"https:\/\/twitter.com\/portalurbanook\",\"https:\/\/www.instagram.com\/_portalurbano\/\",\"https:\/\/www.youtube.com\/channel\/UCXhagIfszH8KxFiOok79zbA?view_as=subscriber\"]},{\"@type\":\"Person\",\"@id\":\"https:\/\/experienciadevida.com.ar\/portalurbano\/#\/schema\/person\/02dd326b1c4b056e9cc972486934a3a7\",\"name\":\"admpu17wp\",\"image\":{\"@type\":\"ImageObject\",\"inLanguage\":\"es\",\"@id\":\"https:\/\/experienciadevida.com.ar\/portalurbano\/#\/schema\/person\/image\/\",\"url\":\"https:\/\/secure.gravatar.com\/avatar\/830d4c57adaae6630765e449a6908047?s=96&d=mm&r=g\",\"contentUrl\":\"https:\/\/secure.gravatar.com\/avatar\/830d4c57adaae6630765e449a6908047?s=96&d=mm&r=g\",\"caption\":\"admpu17wp\"}}]}<\/script>\n<!-- \/ Yoast SEO plugin. -->","yoast_head_json":{"title":"Coopelectric contin\u00faa trabajando para restablecer el servicio el\u00e9ctrico","description":"Coopelectric contin\u00faa trabajando para restablecer el servicio el\u00e9ctrico, tanto en la zona urbana como rural, normalizado en algunos","robots":{"index":"index","follow":"follow","max-snippet":"max-snippet:-1","max-image-preview":"max-image-preview:large","max-video-preview":"max-video-preview:-1"},"canonical":"https:\/\/experienciadevida.com.ar\/portalurbano\/coopelectric-continua-trabajando-para-restablecer-el-servicio-electrico\/","og_locale":"es_ES","og_type":"article","og_title":"Coopelectric contin\u00faa trabajando para restablecer el servicio el\u00e9ctrico","og_description":"Coopelectric contin\u00faa trabajando para restablecer el servicio el\u00e9ctrico, tanto en la zona urbana como rural, normalizado en algunos","og_url":"https:\/\/experienciadevida.com.ar\/portalurbano\/coopelectric-continua-trabajando-para-restablecer-el-servicio-electrico\/","article_publisher":"https:\/\/www.facebook.com\/Portal-Urbano-171542830093757\/","article_published_time":"2021-09-09T19:01:16+00:00","article_modified_time":"2021-09-09T19:03:39+00:00","og_image":[{"width":765,"height":510,"url":"https:\/\/experienciadevida.com.ar\/portalurbano\/wp-content\/uploads\/2021\/09\/Coopelectric-continua-trabajando-para-restablecer.jpg","type":"image\/jpeg"}],"author":"admpu17wp","twitter_card":"summary_large_image","twitter_creator":"@portalurbanook","twitter_site":"@portalurbanook","twitter_misc":{"Escrito por":"admpu17wp","Tiempo de lectura":"2 minutos"},"schema":{"@context":"https:\/\/schema.org","@graph":[{"@type":"Article","@id":"https:\/\/experienciadevida.com.ar\/portalurbano\/coopelectric-continua-trabajando-para-restablecer-el-servicio-electrico\/#article","isPartOf":{"@id":"https:\/\/experienciadevida.com.ar\/portalurbano\/coopelectric-continua-trabajando-para-restablecer-el-servicio-electrico\/"},"author":{"name":"admpu17wp","@id":"https:\/\/experienciadevida.com.ar\/portalurbano\/#\/schema\/person\/02dd326b1c4b056e9cc972486934a3a7"},"headline":"Coopelectric contin\u00faa trabajando para restablecer el servicio el\u00e9ctrico","datePublished":"2021-09-09T19:01:16+00:00","dateModified":"2021-09-09T19:03:39+00:00","mainEntityOfPage":{"@id":"https:\/\/experienciadevida.com.ar\/portalurbano\/coopelectric-continua-trabajando-para-restablecer-el-servicio-electrico\/"},"wordCount":305,"publisher":{"@id":"https:\/\/experienciadevida.com.ar\/portalurbano\/#organization"},"articleSection":["Ciudad","Destacadas 2"],"inLanguage":"es"},{"@type":"WebPage","@id":"https:\/\/experienciadevida.com.ar\/portalurbano\/coopelectric-continua-trabajando-para-restablecer-el-servicio-electrico\/","url":"https:\/\/experienciadevida.com.ar\/portalurbano\/coopelectric-continua-trabajando-para-restablecer-el-servicio-electrico\/","name":"Coopelectric contin\u00faa trabajando para restablecer el servicio el\u00e9ctrico","isPartOf":{"@id":"https:\/\/experienciadevida.com.ar\/portalurbano\/#website"},"datePublished":"2021-09-09T19:01:16+00:00","dateModified":"2021-09-09T19:03:39+00:00","description":"Coopelectric contin\u00faa trabajando para restablecer el servicio el\u00e9ctrico, tanto en la zona urbana como rural, normalizado en algunos","breadcrumb":{"@id":"https:\/\/experienciadevida.com.ar\/portalurbano\/coopelectric-continua-trabajando-para-restablecer-el-servicio-electrico\/#breadcrumb"},"inLanguage":"es","potentialAction":[{"@type":"ReadAction","target":["https:\/\/experienciadevida.com.ar\/portalurbano\/coopelectric-continua-trabajando-para-restablecer-el-servicio-electrico\/"]}]},{"@type":"BreadcrumbList","@id":"https:\/\/experienciadevida.com.ar\/portalurbano\/coopelectric-continua-trabajando-para-restablecer-el-servicio-electrico\/#breadcrumb","itemListElement":[{"@type":"ListItem","position":1,"name":"Portada","item":"https:\/\/experienciadevida.com.ar\/portalurbano\/"},{"@type":"ListItem","position":2,"name":"Coopelectric contin\u00faa trabajando para restablecer el servicio el\u00e9ctrico"}]},{"@type":"WebSite","@id":"https:\/\/experienciadevida.com.ar\/portalurbano\/#website","url":"https:\/\/experienciadevida.com.ar\/portalurbano\/","name":"","description":"","publisher":{"@id":"https:\/\/experienciadevida.com.ar\/portalurbano\/#organization"},"potentialAction":[{"@type":"SearchAction","target":{"@type":"EntryPoint","urlTemplate":"https:\/\/experienciadevida.com.ar\/portalurbano\/?s={search_term_string}"},"query-input":"required name=search_term_string"}],"inLanguage":"es"},{"@type":"Organization","@id":"https:\/\/experienciadevida.com.ar\/portalurbano\/#organization","name":"Portal Urbano","url":"https:\/\/experienciadevida.com.ar\/portalurbano\/","logo":{"@type":"ImageObject","inLanguage":"es","@id":"https:\/\/experienciadevida.com.ar\/portalurbano\/#\/schema\/logo\/image\/","url":"https:\/\/experienciadevida.com.ar\/portalurbano\/wp-content\/uploads\/2019\/09\/Logo-Original.png","contentUrl":"https:\/\/experienciadevida.com.ar\/portalurbano\/wp-content\/uploads\/2019\/09\/Logo-Original.png","width":2236,"height":1216,"caption":"Portal Urbano"},"image":{"@id":"https:\/\/experienciadevida.com.ar\/portalurbano\/#\/schema\/logo\/image\/"},"sameAs":["https:\/\/www.facebook.com\/Portal-Urbano-171542830093757\/","https:\/\/twitter.com\/portalurbanook","https:\/\/www.instagram.com\/_portalurbano\/","https:\/\/www.youtube.com\/channel\/UCXhagIfszH8KxFiOok79zbA?view_as=subscriber"]},{"@type":"Person","@id":"https:\/\/experienciadevida.com.ar\/portalurbano\/#\/schema\/person\/02dd326b1c4b056e9cc972486934a3a7","name":"admpu17wp","image":{"@type":"ImageObject","inLanguage":"es","@id":"https:\/\/experienciadevida.com.ar\/portalurbano\/#\/schema\/person\/image\/","url":"https:\/\/secure.gravatar.com\/avatar\/830d4c57adaae6630765e449a6908047?s=96&d=mm&r=g","contentUrl":"https:\/\/secure.gravatar.com\/avatar\/830d4c57adaae6630765e449a6908047?s=96&d=mm&r=g","caption":"admpu17wp"}}]}},"featured_image_urls":{"full":["https:\/\/experienciadevida.com.ar\/portalurbano\/wp-content\/uploads\/2021\/09\/Coopelectric-continua-trabajando-para-restablecer.jpg",765,510,false],"thumbnail":["https:\/\/experienciadevida.com.ar\/portalurbano\/wp-content\/uploads\/2021\/09\/Coopelectric-continua-trabajando-para-restablecer-150x150.jpg",150,150,true],"medium":["https:\/\/experienciadevida.com.ar\/portalurbano\/wp-content\/uploads\/2021\/09\/Coopelectric-continua-trabajando-para-restablecer-300x200.jpg",300,200,true],"medium_large":["https:\/\/experienciadevida.com.ar\/portalurbano\/wp-content\/uploads\/2021\/09\/Coopelectric-continua-trabajando-para-restablecer.jpg",640,427,false],"large":["https:\/\/experienciadevida.com.ar\/portalurbano\/wp-content\/uploads\/2021\/09\/Coopelectric-continua-trabajando-para-restablecer.jpg",640,427,false],"ug_big":["https:\/\/experienciadevida.com.ar\/portalurbano\/wp-content\/uploads\/2021\/09\/Coopelectric-continua-trabajando-para-restablecer.jpg",765,510,false],"1536x1536":["https:\/\/experienciadevida.com.ar\/portalurbano\/wp-content\/uploads\/2021\/09\/Coopelectric-continua-trabajando-para-restablecer.jpg",765,510,false],"2048x2048":["https:\/\/experienciadevida.com.ar\/portalurbano\/wp-content\/uploads\/2021\/09\/Coopelectric-continua-trabajando-para-restablecer.jpg",765,510,false],"newsever-slider-full":["https:\/\/experienciadevida.com.ar\/portalurbano\/wp-content\/uploads\/2021\/09\/Coopelectric-continua-trabajando-para-restablecer.jpg",765,510,false],"newsever-featured":["https:\/\/experienciadevida.com.ar\/portalurbano\/wp-content\/uploads\/2021\/09\/Coopelectric-continua-trabajando-para-restablecer.jpg",765,510,false],"newsever-medium":["https:\/\/experienciadevida.com.ar\/portalurbano\/wp-content\/uploads\/2021\/09\/Coopelectric-continua-trabajando-para-restablecer.jpg",713,475,false],"web-stories-poster-portrait":["https:\/\/experienciadevida.com.ar\/portalurbano\/wp-content\/uploads\/2021\/09\/Coopelectric-continua-trabajando-para-restablecer.jpg",640,427,false],"web-stories-publisher-logo":["https:\/\/experienciadevida.com.ar\/portalurbano\/wp-content\/uploads\/2021\/09\/Coopelectric-continua-trabajando-para-restablecer.jpg",96,64,false],"web-stories-thumbnail":["https:\/\/experienciadevida.com.ar\/portalurbano\/wp-content\/uploads\/2021\/09\/Coopelectric-continua-trabajando-para-restablecer.jpg",150,100,false]},"author_info":{"display_name":"admpu17wp","author_link":"https:\/\/experienciadevida.com.ar\/portalurbano\/author\/admpu17wp\/"},"category_info":"<a href=\"https:\/\/experienciadevida.com.ar\/portalurbano\/category\/ciudad\/\" rel=\"category tag\">Ciudad<\/a> <a href=\"https:\/\/experienciadevida.com.ar\/portalurbano\/category\/destacadas-2\/\" rel=\"category tag\">Destacadas 2<\/a>","tag_info":"Destacadas 2","comment_count":"0","amp_enabled":true,"_links":{"self":[{"href":"https:\/\/experienciadevida.com.ar\/portalurbano\/wp-json\/wp\/v2\/posts\/152287"}],"collection":[{"href":"https:\/\/experienciadevida.com.ar\/portalurbano\/wp-json\/wp\/v2\/posts"}],"about":[{"href":"https:\/\/experienciadevida.com.ar\/portalurbano\/wp-json\/wp\/v2\/types\/post"}],"author":[{"embeddable":true,"href":"https:\/\/experienciadevida.com.ar\/portalurbano\/wp-json\/wp\/v2\/users\/1"}],"replies":[{"embeddable":true,"href":"https:\/\/experienciadevida.com.ar\/portalurbano\/wp-json\/wp\/v2\/comments?post=152287"}],"version-history":[{"count":4,"href":"https:\/\/experienciadevida.com.ar\/portalurbano\/wp-json\/wp\/v2\/posts\/152287\/revisions"}],"predecessor-version":[{"id":152292,"href":"https:\/\/experienciadevida.com.ar\/portalurbano\/wp-json\/wp\/v2\/posts\/152287\/revisions\/152292"}],"wp:featuredmedia":[{"embeddable":true,"href":"https:\/\/experienciadevida.com.ar\/portalurbano\/wp-json\/wp\/v2\/media\/152288"}],"wp:attachment":[{"href":"https:\/\/experienciadevida.com.ar\/portalurbano\/wp-json\/wp\/v2\/media?parent=152287"}],"wp:term":[{"taxonomy":"category","embeddable":true,"href":"https:\/\/experienciadevida.com.ar\/portalurbano\/wp-json\/wp\/v2\/categories?post=152287"},{"taxonomy":"post_tag","embeddable":true,"href":"https:\/\/experienciadevida.com.ar\/portalurbano\/wp-json\/wp\/v2\/tags?post=152287"}],"curies":[{"name":"wp","href":"https:\/\/api.w.org\/{rel}","templated":true}]}}