{"id":152274,"date":"2021-09-09T13:18:15","date_gmt":"2021-09-09T16:18:15","guid":{"rendered":"https:\/\/experienciadevida.com.ar\/portalurbano\/?p=152274"},"modified":"2021-09-09T13:24:48","modified_gmt":"2021-09-09T16:24:48","slug":"defensa-civil-los-servicios-fueron-por-danos-materiales","status":"publish","type":"post","link":"https:\/\/experienciadevida.com.ar\/portalurbano\/defensa-civil-los-servicios-fueron-por-danos-materiales\/","title":{"rendered":"Defensa Civil: &#8220;Los servicios fueron por da\u00f1os materiales&#8221;"},"content":{"rendered":"<p>Defensa Civil: &#8220;Los servicios fueron por da\u00f1os materiales&#8221;, as\u00ed lo dijo Adri\u00e1n <a href=\"https:\/\/www.facebook.com\/adrian.guevara.376\">Guevara<\/a>, bombero y coordinador de DC Olavarr\u00eda, hubo salidas por cuestiones como carteler\u00eda, plantas ca\u00eddas que obstru\u00edan la circulaci\u00f3n y no mucho m\u00e1s.<\/p>\n<p>Reiter\u00f3 que el alerta se extiende hasta el mediod\u00eda de este jueves.<\/p>\n<p>Desde la Municipalidad se comunic\u00f3 que Control Urbano est\u00e1 retirando pasacalles y carteles de la Campa\u00f1a, que revisten alg\u00fan tipo de peligro.<\/p>\n<p>&#8220;Durante la jornada del ayer hemos tenido una serie de servicios que no ten\u00edan nada que ver con da\u00f1os hacia personas y a terceros simplemente algunas cuestiones materiales que son carteler\u00eda y algunas plantas que han ca\u00eddo sobre la v\u00eda p\u00fablica obstruyendo la circulaci\u00f3n que fueron r\u00e1pidamente sacadas por personal de bomberos y defensa civil pero no hemos tenido que lamentar ning\u00fan tipo de da\u00f1o mayores. Ven\u00edamos monitoreando a trav\u00e9s del sistema de alertas tempranas de la direcci\u00f3n provincial de defensa civil y algunas localidades tuvieron alerta naranja que hac\u00eda suponer que las consecuencias iban a hacer mas importantes y as\u00ed fue realmente, nosotros estamos en comunicaci\u00f3n permanente con toda la regi\u00f3n, y esos lugares tuvieron much\u00edsimas complicaciones como voladuras de techos, mucho de los sistemas de servicio el\u00e9ctrico ca\u00eddos, son situaciones que uno tiene que estar preparado pero hay lugares que les afecta m\u00e1s que a otros&#8221;.<\/p>\n<p>Adem\u00e1s &#8220;Nosotros seguimos teniendo un nivel amarillo de alerta que eso est\u00e1 marcado para lo que resta de la ma\u00f1ana y mediod\u00eda la ma\u00f1ana termina para lo que es el sistema a las 12 del mediod\u00eda, y luego para la tarde entramos en un sistema de alerta verde donde no hay ning\u00fan tipo de complicaci\u00f3n por suerte y nosotros ten\u00edamos la \u00faltima informaci\u00f3n de anoche que nos comunicamos puntualmente para ver cual era las condiciones clim\u00e1ticas del d\u00eda de hoy no para la regi\u00f3n porque ese informe se realiza en forma regional, nosotros estamos abarcando el Partido de Lamadrid- Laprida- Olavarr\u00eda e informaban lo que iba a pasar hoy en Olavarr\u00eda por eso el viento iba a disminuir totalmente solo resta a esperar que mejore&#8221;.<\/p>\n<p>&#8220;Hay un cambio de paradigma donde se hace hincapi\u00e9 en la parte preventiva sabemos que es lo que nos puede llegar a pasar, sabemos que estas tormentas tropicales han bajado al hemisferio sur y sabemos de las consecuencias entonces estamos muy atentos, muy pendientes como para a trav\u00e9s de los medios porque es la manera que nosotros tenemos de llegar a la gente para comunicarles con anticipaci\u00f3n qu\u00e9 es lo que puede llegar a suceder para que la misma gente tome las medidas preventivas, hay un cambio tambi\u00e9n en este sentido la gente es muy respetuosa, muy atenta agradecida, de todo el trabajo que uno viene realizando y le presta atenci\u00f3n y eso hace que tengamos estas situaciones y de pronto no tengamos ning\u00fan tipo de servicio&#8221;.<\/p>\n<p>Para finalizar mencion\u00f3 &#8220;nosotros realmente amamos esta profesi\u00f3n sabemos qu\u00e9 es lo que tenemos que hacer pero siempre decimos que el mejor servicio es el que no realizamos&#8221;.<\/p>\n<p>Foto: ilustrativa<\/p>\n<p>Fuente: Radio Olavarr\u00eda<\/p>\n","protected":false},"excerpt":{"rendered":"<p>Defensa Civil: &#8220;Los servicios fueron por da\u00f1os materiales&#8221;, as\u00ed lo dijo Adri\u00e1n Guevara, bombero y&#8230;<\/p>\n","protected":false},"author":1,"featured_media":0,"comment_status":"closed","ping_status":"closed","sticky":false,"template":"","format":"standard","meta":{"content-type":""},"categories":[27,64],"tags":[],"nelio_content":{"isAutoShareEnabled":false,"autoShareEndMode":"default","automationSources":{"useContentSentences":true,"useSocialTemplates":true,"useCustomSentences":false,"customSentences":[]},"followers":[1],"suggestedReferences":[],"includedReferences":[],"efiUrl":"","efiAlt":"","highlights":[]},"yoast_head":"<!-- This site is optimized with the Yoast SEO plugin v20.7 - https:\/\/yoast.com\/wordpress\/plugins\/seo\/ -->\n<title>Defensa Civil: &quot;Los servicios fueron por da\u00f1os materiales&quot;<\/title>\n<meta name=\"description\" content=\"Defensa Civil: &quot;Los servicios fueron por da\u00f1os materiales&quot;, as\u00ed lo dijo Adri\u00e1n Guevara, bombero y coordinador de DC Olavarr\u00eda\" \/>\n<meta name=\"robots\" content=\"index, follow, max-snippet:-1, max-image-preview:large, max-video-preview:-1\" \/>\n<link rel=\"canonical\" href=\"https:\/\/experienciadevida.com.ar\/portalurbano\/defensa-civil-los-servicios-fueron-por-danos-materiales\/\" \/>\n<meta property=\"og:locale\" content=\"es_ES\" \/>\n<meta property=\"og:type\" content=\"article\" \/>\n<meta property=\"og:title\" content=\"Defensa Civil: &quot;Los servicios fueron por da\u00f1os materiales&quot;\" \/>\n<meta property=\"og:description\" content=\"Defensa Civil: &quot;Los servicios fueron por da\u00f1os materiales&quot;, as\u00ed lo dijo Adri\u00e1n Guevara, bombero y coordinador de DC Olavarr\u00eda\" \/>\n<meta property=\"og:url\" content=\"https:\/\/experienciadevida.com.ar\/portalurbano\/defensa-civil-los-servicios-fueron-por-danos-materiales\/\" \/>\n<meta property=\"article:publisher\" content=\"https:\/\/www.facebook.com\/Portal-Urbano-171542830093757\/\" \/>\n<meta property=\"article:published_time\" content=\"2021-09-09T16:18:15+00:00\" \/>\n<meta property=\"article:modified_time\" content=\"2021-09-09T16:24:48+00:00\" \/>\n<meta property=\"og:image\" content=\"https:\/\/experienciadevida.com.ar\/portalurbano\/wp-content\/uploads\/2017\/11\/VIENTO-1-1.jpg\" \/>\n\t<meta property=\"og:image:width\" content=\"980\" \/>\n\t<meta property=\"og:image:height\" content=\"551\" \/>\n\t<meta property=\"og:image:type\" content=\"image\/jpeg\" \/>\n<meta name=\"author\" content=\"admpu17wp\" \/>\n<meta name=\"twitter:card\" content=\"summary_large_image\" \/>\n<meta name=\"twitter:creator\" content=\"@portalurbanook\" \/>\n<meta name=\"twitter:site\" content=\"@portalurbanook\" \/>\n<meta name=\"twitter:label1\" content=\"Escrito por\" \/>\n\t<meta name=\"twitter:data1\" content=\"admpu17wp\" \/>\n\t<meta name=\"twitter:label2\" content=\"Tiempo de lectura\" \/>\n\t<meta name=\"twitter:data2\" content=\"3 minutos\" \/>\n<script type=\"application\/ld+json\" class=\"yoast-schema-graph\">{\"@context\":\"https:\/\/schema.org\",\"@graph\":[{\"@type\":\"Article\",\"@id\":\"https:\/\/experienciadevida.com.ar\/portalurbano\/defensa-civil-los-servicios-fueron-por-danos-materiales\/#article\",\"isPartOf\":{\"@id\":\"https:\/\/experienciadevida.com.ar\/portalurbano\/defensa-civil-los-servicios-fueron-por-danos-materiales\/\"},\"author\":{\"name\":\"admpu17wp\",\"@id\":\"https:\/\/experienciadevida.com.ar\/portalurbano\/#\/schema\/person\/02dd326b1c4b056e9cc972486934a3a7\"},\"headline\":\"Defensa Civil: &#8220;Los servicios fueron por da\u00f1os materiales&#8221;\",\"datePublished\":\"2021-09-09T16:18:15+00:00\",\"dateModified\":\"2021-09-09T16:24:48+00:00\",\"mainEntityOfPage\":{\"@id\":\"https:\/\/experienciadevida.com.ar\/portalurbano\/defensa-civil-los-servicios-fueron-por-danos-materiales\/\"},\"wordCount\":562,\"publisher\":{\"@id\":\"https:\/\/experienciadevida.com.ar\/portalurbano\/#organization\"},\"articleSection\":[\"Ciudad\",\"Destacadas 2\"],\"inLanguage\":\"es\"},{\"@type\":\"WebPage\",\"@id\":\"https:\/\/experienciadevida.com.ar\/portalurbano\/defensa-civil-los-servicios-fueron-por-danos-materiales\/\",\"url\":\"https:\/\/experienciadevida.com.ar\/portalurbano\/defensa-civil-los-servicios-fueron-por-danos-materiales\/\",\"name\":\"Defensa Civil: \\\"Los servicios fueron por da\u00f1os materiales\\\"\",\"isPartOf\":{\"@id\":\"https:\/\/experienciadevida.com.ar\/portalurbano\/#website\"},\"datePublished\":\"2021-09-09T16:18:15+00:00\",\"dateModified\":\"2021-09-09T16:24:48+00:00\",\"description\":\"Defensa Civil: \\\"Los servicios fueron por da\u00f1os materiales\\\", as\u00ed lo dijo Adri\u00e1n Guevara, bombero y coordinador de DC Olavarr\u00eda\",\"breadcrumb\":{\"@id\":\"https:\/\/experienciadevida.com.ar\/portalurbano\/defensa-civil-los-servicios-fueron-por-danos-materiales\/#breadcrumb\"},\"inLanguage\":\"es\",\"potentialAction\":[{\"@type\":\"ReadAction\",\"target\":[\"https:\/\/experienciadevida.com.ar\/portalurbano\/defensa-civil-los-servicios-fueron-por-danos-materiales\/\"]}]},{\"@type\":\"BreadcrumbList\",\"@id\":\"https:\/\/experienciadevida.com.ar\/portalurbano\/defensa-civil-los-servicios-fueron-por-danos-materiales\/#breadcrumb\",\"itemListElement\":[{\"@type\":\"ListItem\",\"position\":1,\"name\":\"Portada\",\"item\":\"https:\/\/experienciadevida.com.ar\/portalurbano\/\"},{\"@type\":\"ListItem\",\"position\":2,\"name\":\"Defensa Civil: \u00abLos servicios fueron por da\u00f1os materiales\u00bb\"}]},{\"@type\":\"WebSite\",\"@id\":\"https:\/\/experienciadevida.com.ar\/portalurbano\/#website\",\"url\":\"https:\/\/experienciadevida.com.ar\/portalurbano\/\",\"name\":\"\",\"description\":\"\",\"publisher\":{\"@id\":\"https:\/\/experienciadevida.com.ar\/portalurbano\/#organization\"},\"potentialAction\":[{\"@type\":\"SearchAction\",\"target\":{\"@type\":\"EntryPoint\",\"urlTemplate\":\"https:\/\/experienciadevida.com.ar\/portalurbano\/?s={search_term_string}\"},\"query-input\":\"required name=search_term_string\"}],\"inLanguage\":\"es\"},{\"@type\":\"Organization\",\"@id\":\"https:\/\/experienciadevida.com.ar\/portalurbano\/#organization\",\"name\":\"Portal Urbano\",\"url\":\"https:\/\/experienciadevida.com.ar\/portalurbano\/\",\"logo\":{\"@type\":\"ImageObject\",\"inLanguage\":\"es\",\"@id\":\"https:\/\/experienciadevida.com.ar\/portalurbano\/#\/schema\/logo\/image\/\",\"url\":\"https:\/\/experienciadevida.com.ar\/portalurbano\/wp-content\/uploads\/2019\/09\/Logo-Original.png\",\"contentUrl\":\"https:\/\/experienciadevida.com.ar\/portalurbano\/wp-content\/uploads\/2019\/09\/Logo-Original.png\",\"width\":2236,\"height\":1216,\"caption\":\"Portal Urbano\"},\"image\":{\"@id\":\"https:\/\/experienciadevida.com.ar\/portalurbano\/#\/schema\/logo\/image\/\"},\"sameAs\":[\"https:\/\/www.facebook.com\/Portal-Urbano-171542830093757\/\",\"https:\/\/twitter.com\/portalurbanook\",\"https:\/\/www.instagram.com\/_portalurbano\/\",\"https:\/\/www.youtube.com\/channel\/UCXhagIfszH8KxFiOok79zbA?view_as=subscriber\"]},{\"@type\":\"Person\",\"@id\":\"https:\/\/experienciadevida.com.ar\/portalurbano\/#\/schema\/person\/02dd326b1c4b056e9cc972486934a3a7\",\"name\":\"admpu17wp\",\"image\":{\"@type\":\"ImageObject\",\"inLanguage\":\"es\",\"@id\":\"https:\/\/experienciadevida.com.ar\/portalurbano\/#\/schema\/person\/image\/\",\"url\":\"https:\/\/secure.gravatar.com\/avatar\/830d4c57adaae6630765e449a6908047?s=96&d=mm&r=g\",\"contentUrl\":\"https:\/\/secure.gravatar.com\/avatar\/830d4c57adaae6630765e449a6908047?s=96&d=mm&r=g\",\"caption\":\"admpu17wp\"}}]}<\/script>\n<!-- \/ Yoast SEO plugin. -->","yoast_head_json":{"title":"Defensa Civil: \"Los servicios fueron por da\u00f1os materiales\"","description":"Defensa Civil: \"Los servicios fueron por da\u00f1os materiales\", as\u00ed lo dijo Adri\u00e1n Guevara, bombero y coordinador de DC Olavarr\u00eda","robots":{"index":"index","follow":"follow","max-snippet":"max-snippet:-1","max-image-preview":"max-image-preview:large","max-video-preview":"max-video-preview:-1"},"canonical":"https:\/\/experienciadevida.com.ar\/portalurbano\/defensa-civil-los-servicios-fueron-por-danos-materiales\/","og_locale":"es_ES","og_type":"article","og_title":"Defensa Civil: \"Los servicios fueron por da\u00f1os materiales\"","og_description":"Defensa Civil: \"Los servicios fueron por da\u00f1os materiales\", as\u00ed lo dijo Adri\u00e1n Guevara, bombero y coordinador de DC Olavarr\u00eda","og_url":"https:\/\/experienciadevida.com.ar\/portalurbano\/defensa-civil-los-servicios-fueron-por-danos-materiales\/","article_publisher":"https:\/\/www.facebook.com\/Portal-Urbano-171542830093757\/","article_published_time":"2021-09-09T16:18:15+00:00","article_modified_time":"2021-09-09T16:24:48+00:00","og_image":[{"width":980,"height":551,"url":"https:\/\/experienciadevida.com.ar\/portalurbano\/wp-content\/uploads\/2017\/11\/VIENTO-1-1.jpg","type":"image\/jpeg"}],"author":"admpu17wp","twitter_card":"summary_large_image","twitter_creator":"@portalurbanook","twitter_site":"@portalurbanook","twitter_misc":{"Escrito por":"admpu17wp","Tiempo de lectura":"3 minutos"},"schema":{"@context":"https:\/\/schema.org","@graph":[{"@type":"Article","@id":"https:\/\/experienciadevida.com.ar\/portalurbano\/defensa-civil-los-servicios-fueron-por-danos-materiales\/#article","isPartOf":{"@id":"https:\/\/experienciadevida.com.ar\/portalurbano\/defensa-civil-los-servicios-fueron-por-danos-materiales\/"},"author":{"name":"admpu17wp","@id":"https:\/\/experienciadevida.com.ar\/portalurbano\/#\/schema\/person\/02dd326b1c4b056e9cc972486934a3a7"},"headline":"Defensa Civil: &#8220;Los servicios fueron por da\u00f1os materiales&#8221;","datePublished":"2021-09-09T16:18:15+00:00","dateModified":"2021-09-09T16:24:48+00:00","mainEntityOfPage":{"@id":"https:\/\/experienciadevida.com.ar\/portalurbano\/defensa-civil-los-servicios-fueron-por-danos-materiales\/"},"wordCount":562,"publisher":{"@id":"https:\/\/experienciadevida.com.ar\/portalurbano\/#organization"},"articleSection":["Ciudad","Destacadas 2"],"inLanguage":"es"},{"@type":"WebPage","@id":"https:\/\/experienciadevida.com.ar\/portalurbano\/defensa-civil-los-servicios-fueron-por-danos-materiales\/","url":"https:\/\/experienciadevida.com.ar\/portalurbano\/defensa-civil-los-servicios-fueron-por-danos-materiales\/","name":"Defensa Civil: \"Los servicios fueron por da\u00f1os materiales\"","isPartOf":{"@id":"https:\/\/experienciadevida.com.ar\/portalurbano\/#website"},"datePublished":"2021-09-09T16:18:15+00:00","dateModified":"2021-09-09T16:24:48+00:00","description":"Defensa Civil: \"Los servicios fueron por da\u00f1os materiales\", as\u00ed lo dijo Adri\u00e1n Guevara, bombero y coordinador de DC Olavarr\u00eda","breadcrumb":{"@id":"https:\/\/experienciadevida.com.ar\/portalurbano\/defensa-civil-los-servicios-fueron-por-danos-materiales\/#breadcrumb"},"inLanguage":"es","potentialAction":[{"@type":"ReadAction","target":["https:\/\/experienciadevida.com.ar\/portalurbano\/defensa-civil-los-servicios-fueron-por-danos-materiales\/"]}]},{"@type":"BreadcrumbList","@id":"https:\/\/experienciadevida.com.ar\/portalurbano\/defensa-civil-los-servicios-fueron-por-danos-materiales\/#breadcrumb","itemListElement":[{"@type":"ListItem","position":1,"name":"Portada","item":"https:\/\/experienciadevida.com.ar\/portalurbano\/"},{"@type":"ListItem","position":2,"name":"Defensa Civil: \u00abLos servicios fueron por da\u00f1os materiales\u00bb"}]},{"@type":"WebSite","@id":"https:\/\/experienciadevida.com.ar\/portalurbano\/#website","url":"https:\/\/experienciadevida.com.ar\/portalurbano\/","name":"","description":"","publisher":{"@id":"https:\/\/experienciadevida.com.ar\/portalurbano\/#organization"},"potentialAction":[{"@type":"SearchAction","target":{"@type":"EntryPoint","urlTemplate":"https:\/\/experienciadevida.com.ar\/portalurbano\/?s={search_term_string}"},"query-input":"required name=search_term_string"}],"inLanguage":"es"},{"@type":"Organization","@id":"https:\/\/experienciadevida.com.ar\/portalurbano\/#organization","name":"Portal Urbano","url":"https:\/\/experienciadevida.com.ar\/portalurbano\/","logo":{"@type":"ImageObject","inLanguage":"es","@id":"https:\/\/experienciadevida.com.ar\/portalurbano\/#\/schema\/logo\/image\/","url":"https:\/\/experienciadevida.com.ar\/portalurbano\/wp-content\/uploads\/2019\/09\/Logo-Original.png","contentUrl":"https:\/\/experienciadevida.com.ar\/portalurbano\/wp-content\/uploads\/2019\/09\/Logo-Original.png","width":2236,"height":1216,"caption":"Portal Urbano"},"image":{"@id":"https:\/\/experienciadevida.com.ar\/portalurbano\/#\/schema\/logo\/image\/"},"sameAs":["https:\/\/www.facebook.com\/Portal-Urbano-171542830093757\/","https:\/\/twitter.com\/portalurbanook","https:\/\/www.instagram.com\/_portalurbano\/","https:\/\/www.youtube.com\/channel\/UCXhagIfszH8KxFiOok79zbA?view_as=subscriber"]},{"@type":"Person","@id":"https:\/\/experienciadevida.com.ar\/portalurbano\/#\/schema\/person\/02dd326b1c4b056e9cc972486934a3a7","name":"admpu17wp","image":{"@type":"ImageObject","inLanguage":"es","@id":"https:\/\/experienciadevida.com.ar\/portalurbano\/#\/schema\/person\/image\/","url":"https:\/\/secure.gravatar.com\/avatar\/830d4c57adaae6630765e449a6908047?s=96&d=mm&r=g","contentUrl":"https:\/\/secure.gravatar.com\/avatar\/830d4c57adaae6630765e449a6908047?s=96&d=mm&r=g","caption":"admpu17wp"}}]}},"featured_image_urls":{"full":"","thumbnail":"","medium":"","medium_large":"","large":"","ug_big":"","1536x1536":"","2048x2048":"","newsever-slider-full":"","newsever-featured":"","newsever-medium":"","web-stories-poster-portrait":"","web-stories-publisher-logo":"","web-stories-thumbnail":""},"author_info":{"display_name":"admpu17wp","author_link":"https:\/\/experienciadevida.com.ar\/portalurbano\/author\/admpu17wp\/"},"category_info":"<a href=\"https:\/\/experienciadevida.com.ar\/portalurbano\/category\/ciudad\/\" rel=\"category tag\">Ciudad<\/a> <a href=\"https:\/\/experienciadevida.com.ar\/portalurbano\/category\/destacadas-2\/\" rel=\"category tag\">Destacadas 2<\/a>","tag_info":"Destacadas 2","comment_count":"0","amp_enabled":true,"_links":{"self":[{"href":"https:\/\/experienciadevida.com.ar\/portalurbano\/wp-json\/wp\/v2\/posts\/152274"}],"collection":[{"href":"https:\/\/experienciadevida.com.ar\/portalurbano\/wp-json\/wp\/v2\/posts"}],"about":[{"href":"https:\/\/experienciadevida.com.ar\/portalurbano\/wp-json\/wp\/v2\/types\/post"}],"author":[{"embeddable":true,"href":"https:\/\/experienciadevida.com.ar\/portalurbano\/wp-json\/wp\/v2\/users\/1"}],"replies":[{"embeddable":true,"href":"https:\/\/experienciadevida.com.ar\/portalurbano\/wp-json\/wp\/v2\/comments?post=152274"}],"version-history":[{"count":2,"href":"https:\/\/experienciadevida.com.ar\/portalurbano\/wp-json\/wp\/v2\/posts\/152274\/revisions"}],"predecessor-version":[{"id":152276,"href":"https:\/\/experienciadevida.com.ar\/portalurbano\/wp-json\/wp\/v2\/posts\/152274\/revisions\/152276"}],"wp:attachment":[{"href":"https:\/\/experienciadevida.com.ar\/portalurbano\/wp-json\/wp\/v2\/media?parent=152274"}],"wp:term":[{"taxonomy":"category","embeddable":true,"href":"https:\/\/experienciadevida.com.ar\/portalurbano\/wp-json\/wp\/v2\/categories?post=152274"},{"taxonomy":"post_tag","embeddable":true,"href":"https:\/\/experienciadevida.com.ar\/portalurbano\/wp-json\/wp\/v2\/tags?post=152274"}],"curies":[{"name":"wp","href":"https:\/\/api.w.org\/{rel}","templated":true}]}}