{"id":152048,"date":"2021-09-06T14:11:46","date_gmt":"2021-09-06T17:11:46","guid":{"rendered":"https:\/\/experienciadevida.com.ar\/portalurbano\/?p=152048"},"modified":"2021-09-06T14:15:36","modified_gmt":"2021-09-06T17:15:36","slug":"nueva-plaza-en-barrio-bancario-iii-el-intendente-visito-el-lugar","status":"publish","type":"post","link":"https:\/\/experienciadevida.com.ar\/portalurbano\/nueva-plaza-en-barrio-bancario-iii-el-intendente-visito-el-lugar\/","title":{"rendered":"Nueva plaza en barrio Bancario III: El Intendente visit\u00f3 el lugar"},"content":{"rendered":"<p>Nueva plaza en barrio Bancario III: El Intendente visit\u00f3 el lugar.<\/p>\n<p>En la oportunidad, <a href=\"https:\/\/www.facebook.com\/galliezequiel\">Galli<\/a> estuvo acompa\u00f1ado por el presidente del HCD Bruno <a href=\"https:\/\/www.instagram.com\/brunocenizo\/?hl=es-la\">Cenizo<\/a>, el secretario de Desarrollo Humano y Calidad de Vida Diego <a href=\"https:\/\/www.instagram.com\/diegorobbiani\/?hl=es-la\">Robbiani<\/a>, el secretario de Mantenimiento y Obras P\u00fablicas Julio <a href=\"https:\/\/www.instagram.com\/julitoferraro\/?hl=es-la\">Ferraro<\/a> y la concejala Mar\u00eda Jos\u00e9 <a href=\"https:\/\/www.instagram.com\/majogonzalez78\/?hl=es-la\">Gonz\u00e1lez<\/a>.<\/p>\n<p>La plaza se encuentra ubicada en Cortes Bis, entre Calle 111 Bis y Santa Fe.<\/p>\n<p>Se trataba de un terreno municipal, destinado como espacio verde a futuro, donde el Municipio ven\u00eda realizando las tareas habituales de mantenimiento y corte de pasto.<\/p>\n<p>Nueva plaza en barrio Bancario III: El Intendente visit\u00f3 el lugar, All\u00ed en primer lugar, como parte de las tareas preliminares se realizaron los trabajos de agregado de tierra y nivelaci\u00f3n del terreno, necesarios para dejar el terreno en \u00f3ptimas condiciones.<\/p>\n<p>Luego, se llev\u00f3 adelante la plantaci\u00f3n de m\u00e1s de 10 especies de \u00e1rboles (Acer Sacharinum, Acer Buergerianum y Fresnos Rojos), bajo la coordinaci\u00f3n del \u00e1rea de Arbolado Urbano.<\/p>\n<p>Posteriormente, se ejecutaron los trabajos de instalaci\u00f3n de 3 unidades de juegos infantiles (trepador recto, mangrullo chico, hamaca triple) totalmente nuevos, para reacondicionar y adaptar el espacio para uso recreativo.<\/p>\n<p>De esta manera, la gesti\u00f3n municipal incorpora nuevos espacios verdes, para que los chicos puedan divertirse, jugar y entretenerse, en un lugar totalmente renovado para el encuentro familiar.<\/p>\n<p>&nbsp;<\/p>\n","protected":false},"excerpt":{"rendered":"<p>Nueva plaza en barrio Bancario III: El Intendente visit\u00f3 el lugar. En la oportunidad, Galli&#8230;<\/p>\n","protected":false},"author":1,"featured_media":152049,"comment_status":"closed","ping_status":"closed","sticky":false,"template":"","format":"standard","meta":{"content-type":""},"categories":[27,64],"tags":[],"nelio_content":{"isAutoShareEnabled":false,"autoShareEndMode":"default","automationSources":{"useContentSentences":true,"useSocialTemplates":true,"useCustomSentences":false,"customSentences":[]},"followers":[1],"suggestedReferences":[],"includedReferences":["https:\/\/www.instagram.com\/brunocenizo\/?hl=es-la","https:\/\/www.instagram.com\/diegorobbiani\/?hl=es-la","https:\/\/www.instagram.com\/julitoferraro\/?hl=es-la"],"efiUrl":"","efiAlt":"","highlights":[]},"yoast_head":"<!-- This site is optimized with the Yoast SEO plugin v20.7 - https:\/\/yoast.com\/wordpress\/plugins\/seo\/ -->\n<title>Nueva plaza en barrio Bancario III: El Intendente visit\u00f3 el lugar<\/title>\n<meta name=\"description\" content=\"Nueva plaza en barrio Bancario III: El Intendente visit\u00f3 el lugar, acompa\u00f1ado de Cenizo, Robbiani, Ferraro y Mar\u00eda Jos\u00e9 Gonz\u00e1lez\" \/>\n<meta name=\"robots\" content=\"index, follow, max-snippet:-1, max-image-preview:large, max-video-preview:-1\" \/>\n<link rel=\"canonical\" href=\"https:\/\/experienciadevida.com.ar\/portalurbano\/nueva-plaza-en-barrio-bancario-iii-el-intendente-visito-el-lugar\/\" \/>\n<meta property=\"og:locale\" content=\"es_ES\" \/>\n<meta property=\"og:type\" content=\"article\" \/>\n<meta property=\"og:title\" content=\"Nueva plaza en barrio Bancario III: El Intendente visit\u00f3 el lugar\" \/>\n<meta property=\"og:description\" content=\"Nueva plaza en barrio Bancario III: El Intendente visit\u00f3 el lugar, acompa\u00f1ado de Cenizo, Robbiani, Ferraro y Mar\u00eda Jos\u00e9 Gonz\u00e1lez\" \/>\n<meta property=\"og:url\" content=\"https:\/\/experienciadevida.com.ar\/portalurbano\/nueva-plaza-en-barrio-bancario-iii-el-intendente-visito-el-lugar\/\" \/>\n<meta property=\"article:publisher\" content=\"https:\/\/www.facebook.com\/Portal-Urbano-171542830093757\/\" \/>\n<meta property=\"article:published_time\" content=\"2021-09-06T17:11:46+00:00\" \/>\n<meta property=\"article:modified_time\" content=\"2021-09-06T17:15:36+00:00\" \/>\n<meta property=\"og:image\" content=\"https:\/\/experienciadevida.com.ar\/portalurbano\/wp-content\/uploads\/2021\/09\/Nueva-plaza-en-barrio-Bancario.jpg\" \/>\n\t<meta property=\"og:image:width\" content=\"2560\" \/>\n\t<meta property=\"og:image:height\" content=\"1711\" \/>\n\t<meta property=\"og:image:type\" content=\"image\/jpeg\" \/>\n<meta name=\"author\" content=\"admpu17wp\" \/>\n<meta name=\"twitter:card\" content=\"summary_large_image\" \/>\n<meta name=\"twitter:creator\" content=\"@portalurbanook\" \/>\n<meta name=\"twitter:site\" content=\"@portalurbanook\" \/>\n<meta name=\"twitter:label1\" content=\"Escrito por\" \/>\n\t<meta name=\"twitter:data1\" content=\"admpu17wp\" \/>\n\t<meta name=\"twitter:label2\" content=\"Tiempo de lectura\" \/>\n\t<meta name=\"twitter:data2\" content=\"1 minuto\" \/>\n<script type=\"application\/ld+json\" class=\"yoast-schema-graph\">{\"@context\":\"https:\/\/schema.org\",\"@graph\":[{\"@type\":\"Article\",\"@id\":\"https:\/\/experienciadevida.com.ar\/portalurbano\/nueva-plaza-en-barrio-bancario-iii-el-intendente-visito-el-lugar\/#article\",\"isPartOf\":{\"@id\":\"https:\/\/experienciadevida.com.ar\/portalurbano\/nueva-plaza-en-barrio-bancario-iii-el-intendente-visito-el-lugar\/\"},\"author\":{\"name\":\"admpu17wp\",\"@id\":\"https:\/\/experienciadevida.com.ar\/portalurbano\/#\/schema\/person\/02dd326b1c4b056e9cc972486934a3a7\"},\"headline\":\"Nueva plaza en barrio Bancario III: El Intendente visit\u00f3 el lugar\",\"datePublished\":\"2021-09-06T17:11:46+00:00\",\"dateModified\":\"2021-09-06T17:15:36+00:00\",\"mainEntityOfPage\":{\"@id\":\"https:\/\/experienciadevida.com.ar\/portalurbano\/nueva-plaza-en-barrio-bancario-iii-el-intendente-visito-el-lugar\/\"},\"wordCount\":238,\"publisher\":{\"@id\":\"https:\/\/experienciadevida.com.ar\/portalurbano\/#organization\"},\"articleSection\":[\"Ciudad\",\"Destacadas 2\"],\"inLanguage\":\"es\"},{\"@type\":\"WebPage\",\"@id\":\"https:\/\/experienciadevida.com.ar\/portalurbano\/nueva-plaza-en-barrio-bancario-iii-el-intendente-visito-el-lugar\/\",\"url\":\"https:\/\/experienciadevida.com.ar\/portalurbano\/nueva-plaza-en-barrio-bancario-iii-el-intendente-visito-el-lugar\/\",\"name\":\"Nueva plaza en barrio Bancario III: El Intendente visit\u00f3 el lugar\",\"isPartOf\":{\"@id\":\"https:\/\/experienciadevida.com.ar\/portalurbano\/#website\"},\"datePublished\":\"2021-09-06T17:11:46+00:00\",\"dateModified\":\"2021-09-06T17:15:36+00:00\",\"description\":\"Nueva plaza en barrio Bancario III: El Intendente visit\u00f3 el lugar, acompa\u00f1ado de Cenizo, Robbiani, Ferraro y Mar\u00eda Jos\u00e9 Gonz\u00e1lez\",\"breadcrumb\":{\"@id\":\"https:\/\/experienciadevida.com.ar\/portalurbano\/nueva-plaza-en-barrio-bancario-iii-el-intendente-visito-el-lugar\/#breadcrumb\"},\"inLanguage\":\"es\",\"potentialAction\":[{\"@type\":\"ReadAction\",\"target\":[\"https:\/\/experienciadevida.com.ar\/portalurbano\/nueva-plaza-en-barrio-bancario-iii-el-intendente-visito-el-lugar\/\"]}]},{\"@type\":\"BreadcrumbList\",\"@id\":\"https:\/\/experienciadevida.com.ar\/portalurbano\/nueva-plaza-en-barrio-bancario-iii-el-intendente-visito-el-lugar\/#breadcrumb\",\"itemListElement\":[{\"@type\":\"ListItem\",\"position\":1,\"name\":\"Portada\",\"item\":\"https:\/\/experienciadevida.com.ar\/portalurbano\/\"},{\"@type\":\"ListItem\",\"position\":2,\"name\":\"Nueva plaza en barrio Bancario III: El Intendente visit\u00f3 el lugar\"}]},{\"@type\":\"WebSite\",\"@id\":\"https:\/\/experienciadevida.com.ar\/portalurbano\/#website\",\"url\":\"https:\/\/experienciadevida.com.ar\/portalurbano\/\",\"name\":\"\",\"description\":\"\",\"publisher\":{\"@id\":\"https:\/\/experienciadevida.com.ar\/portalurbano\/#organization\"},\"potentialAction\":[{\"@type\":\"SearchAction\",\"target\":{\"@type\":\"EntryPoint\",\"urlTemplate\":\"https:\/\/experienciadevida.com.ar\/portalurbano\/?s={search_term_string}\"},\"query-input\":\"required name=search_term_string\"}],\"inLanguage\":\"es\"},{\"@type\":\"Organization\",\"@id\":\"https:\/\/experienciadevida.com.ar\/portalurbano\/#organization\",\"name\":\"Portal Urbano\",\"url\":\"https:\/\/experienciadevida.com.ar\/portalurbano\/\",\"logo\":{\"@type\":\"ImageObject\",\"inLanguage\":\"es\",\"@id\":\"https:\/\/experienciadevida.com.ar\/portalurbano\/#\/schema\/logo\/image\/\",\"url\":\"https:\/\/experienciadevida.com.ar\/portalurbano\/wp-content\/uploads\/2019\/09\/Logo-Original.png\",\"contentUrl\":\"https:\/\/experienciadevida.com.ar\/portalurbano\/wp-content\/uploads\/2019\/09\/Logo-Original.png\",\"width\":2236,\"height\":1216,\"caption\":\"Portal Urbano\"},\"image\":{\"@id\":\"https:\/\/experienciadevida.com.ar\/portalurbano\/#\/schema\/logo\/image\/\"},\"sameAs\":[\"https:\/\/www.facebook.com\/Portal-Urbano-171542830093757\/\",\"https:\/\/twitter.com\/portalurbanook\",\"https:\/\/www.instagram.com\/_portalurbano\/\",\"https:\/\/www.youtube.com\/channel\/UCXhagIfszH8KxFiOok79zbA?view_as=subscriber\"]},{\"@type\":\"Person\",\"@id\":\"https:\/\/experienciadevida.com.ar\/portalurbano\/#\/schema\/person\/02dd326b1c4b056e9cc972486934a3a7\",\"name\":\"admpu17wp\",\"image\":{\"@type\":\"ImageObject\",\"inLanguage\":\"es\",\"@id\":\"https:\/\/experienciadevida.com.ar\/portalurbano\/#\/schema\/person\/image\/\",\"url\":\"https:\/\/secure.gravatar.com\/avatar\/830d4c57adaae6630765e449a6908047?s=96&d=mm&r=g\",\"contentUrl\":\"https:\/\/secure.gravatar.com\/avatar\/830d4c57adaae6630765e449a6908047?s=96&d=mm&r=g\",\"caption\":\"admpu17wp\"}}]}<\/script>\n<!-- \/ Yoast SEO plugin. -->","yoast_head_json":{"title":"Nueva plaza en barrio Bancario III: El Intendente visit\u00f3 el lugar","description":"Nueva plaza en barrio Bancario III: El Intendente visit\u00f3 el lugar, acompa\u00f1ado de Cenizo, Robbiani, Ferraro y Mar\u00eda Jos\u00e9 Gonz\u00e1lez","robots":{"index":"index","follow":"follow","max-snippet":"max-snippet:-1","max-image-preview":"max-image-preview:large","max-video-preview":"max-video-preview:-1"},"canonical":"https:\/\/experienciadevida.com.ar\/portalurbano\/nueva-plaza-en-barrio-bancario-iii-el-intendente-visito-el-lugar\/","og_locale":"es_ES","og_type":"article","og_title":"Nueva plaza en barrio Bancario III: El Intendente visit\u00f3 el lugar","og_description":"Nueva plaza en barrio Bancario III: El Intendente visit\u00f3 el lugar, acompa\u00f1ado de Cenizo, Robbiani, Ferraro y Mar\u00eda Jos\u00e9 Gonz\u00e1lez","og_url":"https:\/\/experienciadevida.com.ar\/portalurbano\/nueva-plaza-en-barrio-bancario-iii-el-intendente-visito-el-lugar\/","article_publisher":"https:\/\/www.facebook.com\/Portal-Urbano-171542830093757\/","article_published_time":"2021-09-06T17:11:46+00:00","article_modified_time":"2021-09-06T17:15:36+00:00","og_image":[{"width":2560,"height":1711,"url":"https:\/\/experienciadevida.com.ar\/portalurbano\/wp-content\/uploads\/2021\/09\/Nueva-plaza-en-barrio-Bancario.jpg","type":"image\/jpeg"}],"author":"admpu17wp","twitter_card":"summary_large_image","twitter_creator":"@portalurbanook","twitter_site":"@portalurbanook","twitter_misc":{"Escrito por":"admpu17wp","Tiempo de lectura":"1 minuto"},"schema":{"@context":"https:\/\/schema.org","@graph":[{"@type":"Article","@id":"https:\/\/experienciadevida.com.ar\/portalurbano\/nueva-plaza-en-barrio-bancario-iii-el-intendente-visito-el-lugar\/#article","isPartOf":{"@id":"https:\/\/experienciadevida.com.ar\/portalurbano\/nueva-plaza-en-barrio-bancario-iii-el-intendente-visito-el-lugar\/"},"author":{"name":"admpu17wp","@id":"https:\/\/experienciadevida.com.ar\/portalurbano\/#\/schema\/person\/02dd326b1c4b056e9cc972486934a3a7"},"headline":"Nueva plaza en barrio Bancario III: El Intendente visit\u00f3 el lugar","datePublished":"2021-09-06T17:11:46+00:00","dateModified":"2021-09-06T17:15:36+00:00","mainEntityOfPage":{"@id":"https:\/\/experienciadevida.com.ar\/portalurbano\/nueva-plaza-en-barrio-bancario-iii-el-intendente-visito-el-lugar\/"},"wordCount":238,"publisher":{"@id":"https:\/\/experienciadevida.com.ar\/portalurbano\/#organization"},"articleSection":["Ciudad","Destacadas 2"],"inLanguage":"es"},{"@type":"WebPage","@id":"https:\/\/experienciadevida.com.ar\/portalurbano\/nueva-plaza-en-barrio-bancario-iii-el-intendente-visito-el-lugar\/","url":"https:\/\/experienciadevida.com.ar\/portalurbano\/nueva-plaza-en-barrio-bancario-iii-el-intendente-visito-el-lugar\/","name":"Nueva plaza en barrio Bancario III: El Intendente visit\u00f3 el lugar","isPartOf":{"@id":"https:\/\/experienciadevida.com.ar\/portalurbano\/#website"},"datePublished":"2021-09-06T17:11:46+00:00","dateModified":"2021-09-06T17:15:36+00:00","description":"Nueva plaza en barrio Bancario III: El Intendente visit\u00f3 el lugar, acompa\u00f1ado de Cenizo, Robbiani, Ferraro y Mar\u00eda Jos\u00e9 Gonz\u00e1lez","breadcrumb":{"@id":"https:\/\/experienciadevida.com.ar\/portalurbano\/nueva-plaza-en-barrio-bancario-iii-el-intendente-visito-el-lugar\/#breadcrumb"},"inLanguage":"es","potentialAction":[{"@type":"ReadAction","target":["https:\/\/experienciadevida.com.ar\/portalurbano\/nueva-plaza-en-barrio-bancario-iii-el-intendente-visito-el-lugar\/"]}]},{"@type":"BreadcrumbList","@id":"https:\/\/experienciadevida.com.ar\/portalurbano\/nueva-plaza-en-barrio-bancario-iii-el-intendente-visito-el-lugar\/#breadcrumb","itemListElement":[{"@type":"ListItem","position":1,"name":"Portada","item":"https:\/\/experienciadevida.com.ar\/portalurbano\/"},{"@type":"ListItem","position":2,"name":"Nueva plaza en barrio Bancario III: El Intendente visit\u00f3 el lugar"}]},{"@type":"WebSite","@id":"https:\/\/experienciadevida.com.ar\/portalurbano\/#website","url":"https:\/\/experienciadevida.com.ar\/portalurbano\/","name":"","description":"","publisher":{"@id":"https:\/\/experienciadevida.com.ar\/portalurbano\/#organization"},"potentialAction":[{"@type":"SearchAction","target":{"@type":"EntryPoint","urlTemplate":"https:\/\/experienciadevida.com.ar\/portalurbano\/?s={search_term_string}"},"query-input":"required name=search_term_string"}],"inLanguage":"es"},{"@type":"Organization","@id":"https:\/\/experienciadevida.com.ar\/portalurbano\/#organization","name":"Portal Urbano","url":"https:\/\/experienciadevida.com.ar\/portalurbano\/","logo":{"@type":"ImageObject","inLanguage":"es","@id":"https:\/\/experienciadevida.com.ar\/portalurbano\/#\/schema\/logo\/image\/","url":"https:\/\/experienciadevida.com.ar\/portalurbano\/wp-content\/uploads\/2019\/09\/Logo-Original.png","contentUrl":"https:\/\/experienciadevida.com.ar\/portalurbano\/wp-content\/uploads\/2019\/09\/Logo-Original.png","width":2236,"height":1216,"caption":"Portal Urbano"},"image":{"@id":"https:\/\/experienciadevida.com.ar\/portalurbano\/#\/schema\/logo\/image\/"},"sameAs":["https:\/\/www.facebook.com\/Portal-Urbano-171542830093757\/","https:\/\/twitter.com\/portalurbanook","https:\/\/www.instagram.com\/_portalurbano\/","https:\/\/www.youtube.com\/channel\/UCXhagIfszH8KxFiOok79zbA?view_as=subscriber"]},{"@type":"Person","@id":"https:\/\/experienciadevida.com.ar\/portalurbano\/#\/schema\/person\/02dd326b1c4b056e9cc972486934a3a7","name":"admpu17wp","image":{"@type":"ImageObject","inLanguage":"es","@id":"https:\/\/experienciadevida.com.ar\/portalurbano\/#\/schema\/person\/image\/","url":"https:\/\/secure.gravatar.com\/avatar\/830d4c57adaae6630765e449a6908047?s=96&d=mm&r=g","contentUrl":"https:\/\/secure.gravatar.com\/avatar\/830d4c57adaae6630765e449a6908047?s=96&d=mm&r=g","caption":"admpu17wp"}}]}},"featured_image_urls":{"full":["https:\/\/experienciadevida.com.ar\/portalurbano\/wp-content\/uploads\/2021\/09\/Nueva-plaza-en-barrio-Bancario.jpg",2560,1711,false],"thumbnail":["https:\/\/experienciadevida.com.ar\/portalurbano\/wp-content\/uploads\/2021\/09\/Nueva-plaza-en-barrio-Bancario-150x150.jpg",150,150,true],"medium":["https:\/\/experienciadevida.com.ar\/portalurbano\/wp-content\/uploads\/2021\/09\/Nueva-plaza-en-barrio-Bancario-300x201.jpg",300,201,true],"medium_large":["https:\/\/experienciadevida.com.ar\/portalurbano\/wp-content\/uploads\/2021\/09\/Nueva-plaza-en-barrio-Bancario-768x513.jpg",640,428,true],"large":["https:\/\/experienciadevida.com.ar\/portalurbano\/wp-content\/uploads\/2021\/09\/Nueva-plaza-en-barrio-Bancario-1024x684.jpg",640,428,true],"ug_big":["https:\/\/experienciadevida.com.ar\/portalurbano\/wp-content\/uploads\/2021\/09\/Nueva-plaza-en-barrio-Bancario-768x513.jpg",768,513,true],"1536x1536":["https:\/\/experienciadevida.com.ar\/portalurbano\/wp-content\/uploads\/2021\/09\/Nueva-plaza-en-barrio-Bancario-1536x1027.jpg",1536,1027,true],"2048x2048":["https:\/\/experienciadevida.com.ar\/portalurbano\/wp-content\/uploads\/2021\/09\/Nueva-plaza-en-barrio-Bancario-2048x1369.jpg",2048,1369,true],"newsever-slider-full":["https:\/\/experienciadevida.com.ar\/portalurbano\/wp-content\/uploads\/2021\/09\/Nueva-plaza-en-barrio-Bancario.jpg",1264,845,false],"newsever-featured":["https:\/\/experienciadevida.com.ar\/portalurbano\/wp-content\/uploads\/2021\/09\/Nueva-plaza-en-barrio-Bancario.jpg",1024,684,false],"newsever-medium":["https:\/\/experienciadevida.com.ar\/portalurbano\/wp-content\/uploads\/2021\/09\/Nueva-plaza-en-barrio-Bancario.jpg",711,475,false],"web-stories-poster-portrait":["https:\/\/experienciadevida.com.ar\/portalurbano\/wp-content\/uploads\/2021\/09\/Nueva-plaza-en-barrio-Bancario.jpg",640,428,false],"web-stories-publisher-logo":["https:\/\/experienciadevida.com.ar\/portalurbano\/wp-content\/uploads\/2021\/09\/Nueva-plaza-en-barrio-Bancario.jpg",96,64,false],"web-stories-thumbnail":["https:\/\/experienciadevida.com.ar\/portalurbano\/wp-content\/uploads\/2021\/09\/Nueva-plaza-en-barrio-Bancario.jpg",150,100,false]},"author_info":{"display_name":"admpu17wp","author_link":"https:\/\/experienciadevida.com.ar\/portalurbano\/author\/admpu17wp\/"},"category_info":"<a href=\"https:\/\/experienciadevida.com.ar\/portalurbano\/category\/ciudad\/\" rel=\"category tag\">Ciudad<\/a> <a href=\"https:\/\/experienciadevida.com.ar\/portalurbano\/category\/destacadas-2\/\" rel=\"category tag\">Destacadas 2<\/a>","tag_info":"Destacadas 2","comment_count":"0","amp_enabled":true,"_links":{"self":[{"href":"https:\/\/experienciadevida.com.ar\/portalurbano\/wp-json\/wp\/v2\/posts\/152048"}],"collection":[{"href":"https:\/\/experienciadevida.com.ar\/portalurbano\/wp-json\/wp\/v2\/posts"}],"about":[{"href":"https:\/\/experienciadevida.com.ar\/portalurbano\/wp-json\/wp\/v2\/types\/post"}],"author":[{"embeddable":true,"href":"https:\/\/experienciadevida.com.ar\/portalurbano\/wp-json\/wp\/v2\/users\/1"}],"replies":[{"embeddable":true,"href":"https:\/\/experienciadevida.com.ar\/portalurbano\/wp-json\/wp\/v2\/comments?post=152048"}],"version-history":[{"count":3,"href":"https:\/\/experienciadevida.com.ar\/portalurbano\/wp-json\/wp\/v2\/posts\/152048\/revisions"}],"predecessor-version":[{"id":152052,"href":"https:\/\/experienciadevida.com.ar\/portalurbano\/wp-json\/wp\/v2\/posts\/152048\/revisions\/152052"}],"wp:featuredmedia":[{"embeddable":true,"href":"https:\/\/experienciadevida.com.ar\/portalurbano\/wp-json\/wp\/v2\/media\/152049"}],"wp:attachment":[{"href":"https:\/\/experienciadevida.com.ar\/portalurbano\/wp-json\/wp\/v2\/media?parent=152048"}],"wp:term":[{"taxonomy":"category","embeddable":true,"href":"https:\/\/experienciadevida.com.ar\/portalurbano\/wp-json\/wp\/v2\/categories?post=152048"},{"taxonomy":"post_tag","embeddable":true,"href":"https:\/\/experienciadevida.com.ar\/portalurbano\/wp-json\/wp\/v2\/tags?post=152048"}],"curies":[{"name":"wp","href":"https:\/\/api.w.org\/{rel}","templated":true}]}}