{"id":151809,"date":"2021-09-02T22:00:28","date_gmt":"2021-09-03T01:00:28","guid":{"rendered":"https:\/\/experienciadevida.com.ar\/portalurbano\/?p=151809"},"modified":"2021-09-02T22:11:03","modified_gmt":"2021-09-03T01:11:03","slug":"alrededor-de-90-emprendedores-recibieron-un-fondo-para-la-reactivacion-turistica-y-cultural","status":"publish","type":"post","link":"https:\/\/experienciadevida.com.ar\/portalurbano\/alrededor-de-90-emprendedores-recibieron-un-fondo-para-la-reactivacion-turistica-y-cultural\/","title":{"rendered":"Alrededor de 90 emprendedores recibieron un fondo para la reactivaci\u00f3n tur\u00edstica y cultural"},"content":{"rendered":"<p>Alrededor de 90 emprendedores recibieron un fondo para la reactivaci\u00f3n tur\u00edstica y cultural.<\/p>\n<p>En la ma\u00f1ana de este jueves, con sede en el <a href=\"https:\/\/www.facebook.com\/CCUOlavarria\">Centro<\/a> Cultural Municipal \u201cSan Jos\u00e9\u201d, se llev\u00f3 a cabo el acto de entrega de subsidios, en el marco de la tercera etapa del Fondo Provincial para la Reactivaci\u00f3n Cultural y Tur\u00edstica.<\/p>\n<p>Participaron del mismo el presidente del HCD Bruno <a href=\"https:\/\/www.instagram.com\/brunocenizo\/?hl=es-la\">Cenizo<\/a>, el secretario de Desarrollo Humano y Calidad de Vida Diego <a href=\"https:\/\/www.facebook.com\/diegorobbiani\">Robbiani<\/a>, el secretario de Desarrollo Econ\u00f3mico Julio <a href=\"https:\/\/www.facebook.com\/julio.valetutto\">Valetutto<\/a>, el director de Turismo Daniel Mart\u00ednez, el director de Cultura Mariano Sarthou y la concejala Mar\u00eda Jos\u00e9 <a href=\"https:\/\/www.instagram.com\/majogonzalez78\/?hl=es-la\">Gonz\u00e1lez<\/a>.<\/p>\n<p>El Fondo consiste en una ayuda econ\u00f3mica para respaldar a los espacios culturales y tur\u00edsticos de la provincia de Buenos Aires. Los establecimientos incluidos, debieron previamente inscribirse en el Cat\u00e1logo Tur\u00edstico y Cultural de la Provincia y cumplimentar determinados requisitos.<\/p>\n<p>De esta manera, el Ministerio de Producci\u00f3n, Ciencia e Innovaci\u00f3n Tecnol\u00f3gica bonaerense, estableci\u00f3 los rubros y montos, y dio prioridad a los establecimientos de gesti\u00f3n privada, sindical, cooperativa, popular y de base comunitaria, sin ning\u00fan grado de participaci\u00f3n estatal.<\/p>\n<p>Olavarr\u00eda recibi\u00f3 5 millones y medio de pesos, que fueron distribuidos entre 38 emprendimientos tur\u00edsticos y 50 culturales inscritos en el cat\u00e1logo provincial.<\/p>\n<p>Alrededor de 90 emprendedores recibieron un fondo para la reactivaci\u00f3n tur\u00edstica y cultural,\u00a0 A nivel local, las gestiones fueron realizadas en forma conjunta entre el Ministerio de Producci\u00f3n y el Municipio, a trav\u00e9s de las \u00e1reas de Cultura y Turismo.<\/p>\n<p>Los recursos de este Fondo podr\u00e1n destinarse a obras de mantenimiento y reacondicionamiento de locales y espacios para la readecuaci\u00f3n de los protocolos sanitarios exigidos a partir de la pandemia y a la compra de insumos, materiales y equipamientos necesarios para el reinicio de actividades.<\/p>\n<p>Los sectores culturales comprendidos son: museos, teatros, clubes de barrio, bibliotecas, establecimientos culturales independientes, comunitarios, autogestivos y privados, instituciones culturales educativas, archivo hist\u00f3rico, editoriales, librer\u00edas, gr\u00e1ficas o imprentas, distribuidoras, establecimientos, espacios y comercios vinculados a la m\u00fasica, salas de exhibici\u00f3n, salas y estudios de fotograf\u00eda, salas y estudios de publicidad, salas de cine, estudios, establecimientos y espacios de TV, establecimientos de videojuegos, establecimientos, espacios y comercios vinculados al dise\u00f1o, centros culturales, casas de la cultura y similares.<\/p>\n<p><a href=\"https:\/\/experienciadevida.com.ar\/portalurbano\/alrededor-de-90-emprendedores-recibieron-un-fondo-para-la-reactivacion-turistica-y-cultural\/90-emprendedores\/\" rel=\"attachment wp-att-151814\"><img decoding=\"async\" class=\"alignnone size-large wp-image-151814\" src=\"https:\/\/experienciadevida.com.ar\/portalurbano\/wp-content\/uploads\/2021\/09\/90-emprendedores-1024x684.jpg\" alt=\"90 emprendedores\" width=\"900\" height=\"601\" srcset=\"https:\/\/experienciadevida.com.ar\/portalurbano\/wp-content\/uploads\/2021\/09\/90-emprendedores-1024x684.jpg 1024w, https:\/\/experienciadevida.com.ar\/portalurbano\/wp-content\/uploads\/2021\/09\/90-emprendedores-300x201.jpg 300w, https:\/\/experienciadevida.com.ar\/portalurbano\/wp-content\/uploads\/2021\/09\/90-emprendedores-768x513.jpg 768w, https:\/\/experienciadevida.com.ar\/portalurbano\/wp-content\/uploads\/2021\/09\/90-emprendedores-1536x1027.jpg 1536w, https:\/\/experienciadevida.com.ar\/portalurbano\/wp-content\/uploads\/2021\/09\/90-emprendedores-2048x1369.jpg 2048w\" sizes=\"(max-width: 900px) 100vw, 900px\" \/><\/a><\/p>\n<p><a href=\"https:\/\/experienciadevida.com.ar\/portalurbano\/alrededor-de-90-emprendedores-recibieron-un-fondo-para-la-reactivacion-turistica-y-cultural\/recibieron-2\/\" rel=\"attachment wp-att-151815\"><img decoding=\"async\" class=\"alignnone size-large wp-image-151815\" src=\"https:\/\/experienciadevida.com.ar\/portalurbano\/wp-content\/uploads\/2021\/09\/recibieron-1024x684.jpg\" alt=\"recibieron \" width=\"900\" height=\"601\" srcset=\"https:\/\/experienciadevida.com.ar\/portalurbano\/wp-content\/uploads\/2021\/09\/recibieron-1024x684.jpg 1024w, https:\/\/experienciadevida.com.ar\/portalurbano\/wp-content\/uploads\/2021\/09\/recibieron-300x201.jpg 300w, https:\/\/experienciadevida.com.ar\/portalurbano\/wp-content\/uploads\/2021\/09\/recibieron-768x513.jpg 768w, https:\/\/experienciadevida.com.ar\/portalurbano\/wp-content\/uploads\/2021\/09\/recibieron-1536x1027.jpg 1536w, https:\/\/experienciadevida.com.ar\/portalurbano\/wp-content\/uploads\/2021\/09\/recibieron-2048x1369.jpg 2048w\" sizes=\"(max-width: 900px) 100vw, 900px\" \/><\/a><\/p>\n<p><a href=\"https:\/\/experienciadevida.com.ar\/portalurbano\/alrededor-de-90-emprendedores-recibieron-un-fondo-para-la-reactivacion-turistica-y-cultural\/alrededor\/\" rel=\"attachment wp-att-151817\"><img decoding=\"async\" class=\"alignnone size-large wp-image-151817\" src=\"https:\/\/experienciadevida.com.ar\/portalurbano\/wp-content\/uploads\/2021\/09\/Alrededor-1024x684.jpg\" alt=\"Alrededor \" width=\"900\" height=\"601\" srcset=\"https:\/\/experienciadevida.com.ar\/portalurbano\/wp-content\/uploads\/2021\/09\/Alrededor-1024x684.jpg 1024w, https:\/\/experienciadevida.com.ar\/portalurbano\/wp-content\/uploads\/2021\/09\/Alrededor-300x201.jpg 300w, https:\/\/experienciadevida.com.ar\/portalurbano\/wp-content\/uploads\/2021\/09\/Alrededor-768x513.jpg 768w, https:\/\/experienciadevida.com.ar\/portalurbano\/wp-content\/uploads\/2021\/09\/Alrededor-1536x1027.jpg 1536w, https:\/\/experienciadevida.com.ar\/portalurbano\/wp-content\/uploads\/2021\/09\/Alrededor-2048x1369.jpg 2048w\" sizes=\"(max-width: 900px) 100vw, 900px\" \/><\/a><\/p>\n<p><a href=\"https:\/\/experienciadevida.com.ar\/portalurbano\/alrededor-de-90-emprendedores-recibieron-un-fondo-para-la-reactivacion-turistica-y-cultural\/attachment\/90\/\" rel=\"attachment wp-att-151818\"><img decoding=\"async\" class=\"alignnone size-large wp-image-151818\" src=\"https:\/\/experienciadevida.com.ar\/portalurbano\/wp-content\/uploads\/2021\/09\/90-1024x684.jpg\" alt=\"90\" width=\"900\" height=\"601\" srcset=\"https:\/\/experienciadevida.com.ar\/portalurbano\/wp-content\/uploads\/2021\/09\/90-1024x684.jpg 1024w, https:\/\/experienciadevida.com.ar\/portalurbano\/wp-content\/uploads\/2021\/09\/90-300x201.jpg 300w, https:\/\/experienciadevida.com.ar\/portalurbano\/wp-content\/uploads\/2021\/09\/90-768x513.jpg 768w, https:\/\/experienciadevida.com.ar\/portalurbano\/wp-content\/uploads\/2021\/09\/90-1536x1027.jpg 1536w, https:\/\/experienciadevida.com.ar\/portalurbano\/wp-content\/uploads\/2021\/09\/90-2048x1369.jpg 2048w\" sizes=\"(max-width: 900px) 100vw, 900px\" \/><\/a><\/p>\n","protected":false},"excerpt":{"rendered":"<p>Alrededor de 90 emprendedores recibieron un fondo para la reactivaci\u00f3n tur\u00edstica y cultural. En la&#8230;<\/p>\n","protected":false},"author":1,"featured_media":151810,"comment_status":"closed","ping_status":"closed","sticky":false,"template":"","format":"standard","meta":{"content-type":""},"categories":[27,64],"tags":[],"nelio_content":{"isAutoShareEnabled":false,"autoShareEndMode":"default","automationSources":{"useContentSentences":true,"useSocialTemplates":true,"useCustomSentences":false,"customSentences":[]},"followers":[1],"suggestedReferences":[],"includedReferences":["https:\/\/www.instagram.com\/brunocenizo\/?hl=es-la"],"efiUrl":"","efiAlt":"","highlights":[]},"yoast_head":"<!-- This site is optimized with the Yoast SEO plugin v20.7 - https:\/\/yoast.com\/wordpress\/plugins\/seo\/ -->\n<title>Alrededor de 90 emprendedores recibieron un fondo para reactivaci\u00f3n<\/title>\n<meta name=\"description\" content=\"Alrededor de 90 emprendedores recibieron un fondo para la reactivaci\u00f3n tur\u00edstica y cultural, con sede en el Centro Cultural San Jos\u00e9.\" \/>\n<meta name=\"robots\" content=\"index, follow, max-snippet:-1, max-image-preview:large, max-video-preview:-1\" \/>\n<link rel=\"canonical\" href=\"https:\/\/experienciadevida.com.ar\/portalurbano\/alrededor-de-90-emprendedores-recibieron-un-fondo-para-la-reactivacion-turistica-y-cultural\/\" \/>\n<meta property=\"og:locale\" content=\"es_ES\" \/>\n<meta property=\"og:type\" content=\"article\" \/>\n<meta property=\"og:title\" content=\"Alrededor de 90 emprendedores recibieron un fondo para reactivaci\u00f3n\" \/>\n<meta property=\"og:description\" content=\"Alrededor de 90 emprendedores recibieron un fondo para la reactivaci\u00f3n tur\u00edstica y cultural, con sede en el Centro Cultural San Jos\u00e9.\" \/>\n<meta property=\"og:url\" content=\"https:\/\/experienciadevida.com.ar\/portalurbano\/alrededor-de-90-emprendedores-recibieron-un-fondo-para-la-reactivacion-turistica-y-cultural\/\" \/>\n<meta property=\"article:publisher\" content=\"https:\/\/www.facebook.com\/Portal-Urbano-171542830093757\/\" \/>\n<meta property=\"article:published_time\" content=\"2021-09-03T01:00:28+00:00\" \/>\n<meta property=\"article:modified_time\" content=\"2021-09-03T01:11:03+00:00\" \/>\n<meta property=\"og:image\" content=\"https:\/\/experienciadevida.com.ar\/portalurbano\/wp-content\/uploads\/2021\/09\/Alrededor-de-90-emprendedores-recibieron.jpg\" \/>\n\t<meta property=\"og:image:width\" content=\"765\" \/>\n\t<meta property=\"og:image:height\" content=\"511\" \/>\n\t<meta property=\"og:image:type\" content=\"image\/jpeg\" \/>\n<meta name=\"author\" content=\"admpu17wp\" \/>\n<meta name=\"twitter:card\" content=\"summary_large_image\" \/>\n<meta name=\"twitter:creator\" content=\"@portalurbanook\" \/>\n<meta name=\"twitter:site\" content=\"@portalurbanook\" \/>\n<meta name=\"twitter:label1\" content=\"Escrito por\" \/>\n\t<meta name=\"twitter:data1\" content=\"admpu17wp\" \/>\n\t<meta name=\"twitter:label2\" content=\"Tiempo de lectura\" \/>\n\t<meta name=\"twitter:data2\" content=\"3 minutos\" \/>\n<script type=\"application\/ld+json\" class=\"yoast-schema-graph\">{\"@context\":\"https:\/\/schema.org\",\"@graph\":[{\"@type\":\"Article\",\"@id\":\"https:\/\/experienciadevida.com.ar\/portalurbano\/alrededor-de-90-emprendedores-recibieron-un-fondo-para-la-reactivacion-turistica-y-cultural\/#article\",\"isPartOf\":{\"@id\":\"https:\/\/experienciadevida.com.ar\/portalurbano\/alrededor-de-90-emprendedores-recibieron-un-fondo-para-la-reactivacion-turistica-y-cultural\/\"},\"author\":{\"name\":\"admpu17wp\",\"@id\":\"https:\/\/experienciadevida.com.ar\/portalurbano\/#\/schema\/person\/02dd326b1c4b056e9cc972486934a3a7\"},\"headline\":\"Alrededor de 90 emprendedores recibieron un fondo para la reactivaci\u00f3n tur\u00edstica y cultural\",\"datePublished\":\"2021-09-03T01:00:28+00:00\",\"dateModified\":\"2021-09-03T01:11:03+00:00\",\"mainEntityOfPage\":{\"@id\":\"https:\/\/experienciadevida.com.ar\/portalurbano\/alrededor-de-90-emprendedores-recibieron-un-fondo-para-la-reactivacion-turistica-y-cultural\/\"},\"wordCount\":407,\"publisher\":{\"@id\":\"https:\/\/experienciadevida.com.ar\/portalurbano\/#organization\"},\"articleSection\":[\"Ciudad\",\"Destacadas 2\"],\"inLanguage\":\"es\"},{\"@type\":\"WebPage\",\"@id\":\"https:\/\/experienciadevida.com.ar\/portalurbano\/alrededor-de-90-emprendedores-recibieron-un-fondo-para-la-reactivacion-turistica-y-cultural\/\",\"url\":\"https:\/\/experienciadevida.com.ar\/portalurbano\/alrededor-de-90-emprendedores-recibieron-un-fondo-para-la-reactivacion-turistica-y-cultural\/\",\"name\":\"Alrededor de 90 emprendedores recibieron un fondo para reactivaci\u00f3n\",\"isPartOf\":{\"@id\":\"https:\/\/experienciadevida.com.ar\/portalurbano\/#website\"},\"datePublished\":\"2021-09-03T01:00:28+00:00\",\"dateModified\":\"2021-09-03T01:11:03+00:00\",\"description\":\"Alrededor de 90 emprendedores recibieron un fondo para la reactivaci\u00f3n tur\u00edstica y cultural, con sede en el Centro Cultural San Jos\u00e9.\",\"breadcrumb\":{\"@id\":\"https:\/\/experienciadevida.com.ar\/portalurbano\/alrededor-de-90-emprendedores-recibieron-un-fondo-para-la-reactivacion-turistica-y-cultural\/#breadcrumb\"},\"inLanguage\":\"es\",\"potentialAction\":[{\"@type\":\"ReadAction\",\"target\":[\"https:\/\/experienciadevida.com.ar\/portalurbano\/alrededor-de-90-emprendedores-recibieron-un-fondo-para-la-reactivacion-turistica-y-cultural\/\"]}]},{\"@type\":\"BreadcrumbList\",\"@id\":\"https:\/\/experienciadevida.com.ar\/portalurbano\/alrededor-de-90-emprendedores-recibieron-un-fondo-para-la-reactivacion-turistica-y-cultural\/#breadcrumb\",\"itemListElement\":[{\"@type\":\"ListItem\",\"position\":1,\"name\":\"Portada\",\"item\":\"https:\/\/experienciadevida.com.ar\/portalurbano\/\"},{\"@type\":\"ListItem\",\"position\":2,\"name\":\"Alrededor de 90 emprendedores recibieron un fondo para la reactivaci\u00f3n tur\u00edstica y cultural\"}]},{\"@type\":\"WebSite\",\"@id\":\"https:\/\/experienciadevida.com.ar\/portalurbano\/#website\",\"url\":\"https:\/\/experienciadevida.com.ar\/portalurbano\/\",\"name\":\"\",\"description\":\"\",\"publisher\":{\"@id\":\"https:\/\/experienciadevida.com.ar\/portalurbano\/#organization\"},\"potentialAction\":[{\"@type\":\"SearchAction\",\"target\":{\"@type\":\"EntryPoint\",\"urlTemplate\":\"https:\/\/experienciadevida.com.ar\/portalurbano\/?s={search_term_string}\"},\"query-input\":\"required name=search_term_string\"}],\"inLanguage\":\"es\"},{\"@type\":\"Organization\",\"@id\":\"https:\/\/experienciadevida.com.ar\/portalurbano\/#organization\",\"name\":\"Portal Urbano\",\"url\":\"https:\/\/experienciadevida.com.ar\/portalurbano\/\",\"logo\":{\"@type\":\"ImageObject\",\"inLanguage\":\"es\",\"@id\":\"https:\/\/experienciadevida.com.ar\/portalurbano\/#\/schema\/logo\/image\/\",\"url\":\"https:\/\/experienciadevida.com.ar\/portalurbano\/wp-content\/uploads\/2019\/09\/Logo-Original.png\",\"contentUrl\":\"https:\/\/experienciadevida.com.ar\/portalurbano\/wp-content\/uploads\/2019\/09\/Logo-Original.png\",\"width\":2236,\"height\":1216,\"caption\":\"Portal Urbano\"},\"image\":{\"@id\":\"https:\/\/experienciadevida.com.ar\/portalurbano\/#\/schema\/logo\/image\/\"},\"sameAs\":[\"https:\/\/www.facebook.com\/Portal-Urbano-171542830093757\/\",\"https:\/\/twitter.com\/portalurbanook\",\"https:\/\/www.instagram.com\/_portalurbano\/\",\"https:\/\/www.youtube.com\/channel\/UCXhagIfszH8KxFiOok79zbA?view_as=subscriber\"]},{\"@type\":\"Person\",\"@id\":\"https:\/\/experienciadevida.com.ar\/portalurbano\/#\/schema\/person\/02dd326b1c4b056e9cc972486934a3a7\",\"name\":\"admpu17wp\",\"image\":{\"@type\":\"ImageObject\",\"inLanguage\":\"es\",\"@id\":\"https:\/\/experienciadevida.com.ar\/portalurbano\/#\/schema\/person\/image\/\",\"url\":\"https:\/\/secure.gravatar.com\/avatar\/830d4c57adaae6630765e449a6908047?s=96&d=mm&r=g\",\"contentUrl\":\"https:\/\/secure.gravatar.com\/avatar\/830d4c57adaae6630765e449a6908047?s=96&d=mm&r=g\",\"caption\":\"admpu17wp\"}}]}<\/script>\n<!-- \/ Yoast SEO plugin. -->","yoast_head_json":{"title":"Alrededor de 90 emprendedores recibieron un fondo para reactivaci\u00f3n","description":"Alrededor de 90 emprendedores recibieron un fondo para la reactivaci\u00f3n tur\u00edstica y cultural, con sede en el Centro Cultural San Jos\u00e9.","robots":{"index":"index","follow":"follow","max-snippet":"max-snippet:-1","max-image-preview":"max-image-preview:large","max-video-preview":"max-video-preview:-1"},"canonical":"https:\/\/experienciadevida.com.ar\/portalurbano\/alrededor-de-90-emprendedores-recibieron-un-fondo-para-la-reactivacion-turistica-y-cultural\/","og_locale":"es_ES","og_type":"article","og_title":"Alrededor de 90 emprendedores recibieron un fondo para reactivaci\u00f3n","og_description":"Alrededor de 90 emprendedores recibieron un fondo para la reactivaci\u00f3n tur\u00edstica y cultural, con sede en el Centro Cultural San Jos\u00e9.","og_url":"https:\/\/experienciadevida.com.ar\/portalurbano\/alrededor-de-90-emprendedores-recibieron-un-fondo-para-la-reactivacion-turistica-y-cultural\/","article_publisher":"https:\/\/www.facebook.com\/Portal-Urbano-171542830093757\/","article_published_time":"2021-09-03T01:00:28+00:00","article_modified_time":"2021-09-03T01:11:03+00:00","og_image":[{"width":765,"height":511,"url":"https:\/\/experienciadevida.com.ar\/portalurbano\/wp-content\/uploads\/2021\/09\/Alrededor-de-90-emprendedores-recibieron.jpg","type":"image\/jpeg"}],"author":"admpu17wp","twitter_card":"summary_large_image","twitter_creator":"@portalurbanook","twitter_site":"@portalurbanook","twitter_misc":{"Escrito por":"admpu17wp","Tiempo de lectura":"3 minutos"},"schema":{"@context":"https:\/\/schema.org","@graph":[{"@type":"Article","@id":"https:\/\/experienciadevida.com.ar\/portalurbano\/alrededor-de-90-emprendedores-recibieron-un-fondo-para-la-reactivacion-turistica-y-cultural\/#article","isPartOf":{"@id":"https:\/\/experienciadevida.com.ar\/portalurbano\/alrededor-de-90-emprendedores-recibieron-un-fondo-para-la-reactivacion-turistica-y-cultural\/"},"author":{"name":"admpu17wp","@id":"https:\/\/experienciadevida.com.ar\/portalurbano\/#\/schema\/person\/02dd326b1c4b056e9cc972486934a3a7"},"headline":"Alrededor de 90 emprendedores recibieron un fondo para la reactivaci\u00f3n tur\u00edstica y cultural","datePublished":"2021-09-03T01:00:28+00:00","dateModified":"2021-09-03T01:11:03+00:00","mainEntityOfPage":{"@id":"https:\/\/experienciadevida.com.ar\/portalurbano\/alrededor-de-90-emprendedores-recibieron-un-fondo-para-la-reactivacion-turistica-y-cultural\/"},"wordCount":407,"publisher":{"@id":"https:\/\/experienciadevida.com.ar\/portalurbano\/#organization"},"articleSection":["Ciudad","Destacadas 2"],"inLanguage":"es"},{"@type":"WebPage","@id":"https:\/\/experienciadevida.com.ar\/portalurbano\/alrededor-de-90-emprendedores-recibieron-un-fondo-para-la-reactivacion-turistica-y-cultural\/","url":"https:\/\/experienciadevida.com.ar\/portalurbano\/alrededor-de-90-emprendedores-recibieron-un-fondo-para-la-reactivacion-turistica-y-cultural\/","name":"Alrededor de 90 emprendedores recibieron un fondo para reactivaci\u00f3n","isPartOf":{"@id":"https:\/\/experienciadevida.com.ar\/portalurbano\/#website"},"datePublished":"2021-09-03T01:00:28+00:00","dateModified":"2021-09-03T01:11:03+00:00","description":"Alrededor de 90 emprendedores recibieron un fondo para la reactivaci\u00f3n tur\u00edstica y cultural, con sede en el Centro Cultural San Jos\u00e9.","breadcrumb":{"@id":"https:\/\/experienciadevida.com.ar\/portalurbano\/alrededor-de-90-emprendedores-recibieron-un-fondo-para-la-reactivacion-turistica-y-cultural\/#breadcrumb"},"inLanguage":"es","potentialAction":[{"@type":"ReadAction","target":["https:\/\/experienciadevida.com.ar\/portalurbano\/alrededor-de-90-emprendedores-recibieron-un-fondo-para-la-reactivacion-turistica-y-cultural\/"]}]},{"@type":"BreadcrumbList","@id":"https:\/\/experienciadevida.com.ar\/portalurbano\/alrededor-de-90-emprendedores-recibieron-un-fondo-para-la-reactivacion-turistica-y-cultural\/#breadcrumb","itemListElement":[{"@type":"ListItem","position":1,"name":"Portada","item":"https:\/\/experienciadevida.com.ar\/portalurbano\/"},{"@type":"ListItem","position":2,"name":"Alrededor de 90 emprendedores recibieron un fondo para la reactivaci\u00f3n tur\u00edstica y cultural"}]},{"@type":"WebSite","@id":"https:\/\/experienciadevida.com.ar\/portalurbano\/#website","url":"https:\/\/experienciadevida.com.ar\/portalurbano\/","name":"","description":"","publisher":{"@id":"https:\/\/experienciadevida.com.ar\/portalurbano\/#organization"},"potentialAction":[{"@type":"SearchAction","target":{"@type":"EntryPoint","urlTemplate":"https:\/\/experienciadevida.com.ar\/portalurbano\/?s={search_term_string}"},"query-input":"required name=search_term_string"}],"inLanguage":"es"},{"@type":"Organization","@id":"https:\/\/experienciadevida.com.ar\/portalurbano\/#organization","name":"Portal Urbano","url":"https:\/\/experienciadevida.com.ar\/portalurbano\/","logo":{"@type":"ImageObject","inLanguage":"es","@id":"https:\/\/experienciadevida.com.ar\/portalurbano\/#\/schema\/logo\/image\/","url":"https:\/\/experienciadevida.com.ar\/portalurbano\/wp-content\/uploads\/2019\/09\/Logo-Original.png","contentUrl":"https:\/\/experienciadevida.com.ar\/portalurbano\/wp-content\/uploads\/2019\/09\/Logo-Original.png","width":2236,"height":1216,"caption":"Portal Urbano"},"image":{"@id":"https:\/\/experienciadevida.com.ar\/portalurbano\/#\/schema\/logo\/image\/"},"sameAs":["https:\/\/www.facebook.com\/Portal-Urbano-171542830093757\/","https:\/\/twitter.com\/portalurbanook","https:\/\/www.instagram.com\/_portalurbano\/","https:\/\/www.youtube.com\/channel\/UCXhagIfszH8KxFiOok79zbA?view_as=subscriber"]},{"@type":"Person","@id":"https:\/\/experienciadevida.com.ar\/portalurbano\/#\/schema\/person\/02dd326b1c4b056e9cc972486934a3a7","name":"admpu17wp","image":{"@type":"ImageObject","inLanguage":"es","@id":"https:\/\/experienciadevida.com.ar\/portalurbano\/#\/schema\/person\/image\/","url":"https:\/\/secure.gravatar.com\/avatar\/830d4c57adaae6630765e449a6908047?s=96&d=mm&r=g","contentUrl":"https:\/\/secure.gravatar.com\/avatar\/830d4c57adaae6630765e449a6908047?s=96&d=mm&r=g","caption":"admpu17wp"}}]}},"featured_image_urls":{"full":["https:\/\/experienciadevida.com.ar\/portalurbano\/wp-content\/uploads\/2021\/09\/Alrededor-de-90-emprendedores-recibieron.jpg",765,511,false],"thumbnail":["https:\/\/experienciadevida.com.ar\/portalurbano\/wp-content\/uploads\/2021\/09\/Alrededor-de-90-emprendedores-recibieron-150x150.jpg",150,150,true],"medium":["https:\/\/experienciadevida.com.ar\/portalurbano\/wp-content\/uploads\/2021\/09\/Alrededor-de-90-emprendedores-recibieron-300x200.jpg",300,200,true],"medium_large":["https:\/\/experienciadevida.com.ar\/portalurbano\/wp-content\/uploads\/2021\/09\/Alrededor-de-90-emprendedores-recibieron.jpg",640,428,false],"large":["https:\/\/experienciadevida.com.ar\/portalurbano\/wp-content\/uploads\/2021\/09\/Alrededor-de-90-emprendedores-recibieron.jpg",640,428,false],"ug_big":["https:\/\/experienciadevida.com.ar\/portalurbano\/wp-content\/uploads\/2021\/09\/Alrededor-de-90-emprendedores-recibieron.jpg",765,511,false],"1536x1536":["https:\/\/experienciadevida.com.ar\/portalurbano\/wp-content\/uploads\/2021\/09\/Alrededor-de-90-emprendedores-recibieron.jpg",765,511,false],"2048x2048":["https:\/\/experienciadevida.com.ar\/portalurbano\/wp-content\/uploads\/2021\/09\/Alrededor-de-90-emprendedores-recibieron.jpg",765,511,false],"newsever-slider-full":["https:\/\/experienciadevida.com.ar\/portalurbano\/wp-content\/uploads\/2021\/09\/Alrededor-de-90-emprendedores-recibieron.jpg",765,511,false],"newsever-featured":["https:\/\/experienciadevida.com.ar\/portalurbano\/wp-content\/uploads\/2021\/09\/Alrededor-de-90-emprendedores-recibieron.jpg",765,511,false],"newsever-medium":["https:\/\/experienciadevida.com.ar\/portalurbano\/wp-content\/uploads\/2021\/09\/Alrededor-de-90-emprendedores-recibieron.jpg",711,475,false],"web-stories-poster-portrait":["https:\/\/experienciadevida.com.ar\/portalurbano\/wp-content\/uploads\/2021\/09\/Alrededor-de-90-emprendedores-recibieron.jpg",640,428,false],"web-stories-publisher-logo":["https:\/\/experienciadevida.com.ar\/portalurbano\/wp-content\/uploads\/2021\/09\/Alrededor-de-90-emprendedores-recibieron.jpg",96,64,false],"web-stories-thumbnail":["https:\/\/experienciadevida.com.ar\/portalurbano\/wp-content\/uploads\/2021\/09\/Alrededor-de-90-emprendedores-recibieron.jpg",150,100,false]},"author_info":{"display_name":"admpu17wp","author_link":"https:\/\/experienciadevida.com.ar\/portalurbano\/author\/admpu17wp\/"},"category_info":"<a href=\"https:\/\/experienciadevida.com.ar\/portalurbano\/category\/ciudad\/\" rel=\"category tag\">Ciudad<\/a> <a href=\"https:\/\/experienciadevida.com.ar\/portalurbano\/category\/destacadas-2\/\" rel=\"category tag\">Destacadas 2<\/a>","tag_info":"Destacadas 2","comment_count":"0","amp_enabled":true,"_links":{"self":[{"href":"https:\/\/experienciadevida.com.ar\/portalurbano\/wp-json\/wp\/v2\/posts\/151809"}],"collection":[{"href":"https:\/\/experienciadevida.com.ar\/portalurbano\/wp-json\/wp\/v2\/posts"}],"about":[{"href":"https:\/\/experienciadevida.com.ar\/portalurbano\/wp-json\/wp\/v2\/types\/post"}],"author":[{"embeddable":true,"href":"https:\/\/experienciadevida.com.ar\/portalurbano\/wp-json\/wp\/v2\/users\/1"}],"replies":[{"embeddable":true,"href":"https:\/\/experienciadevida.com.ar\/portalurbano\/wp-json\/wp\/v2\/comments?post=151809"}],"version-history":[{"count":5,"href":"https:\/\/experienciadevida.com.ar\/portalurbano\/wp-json\/wp\/v2\/posts\/151809\/revisions"}],"predecessor-version":[{"id":151819,"href":"https:\/\/experienciadevida.com.ar\/portalurbano\/wp-json\/wp\/v2\/posts\/151809\/revisions\/151819"}],"wp:featuredmedia":[{"embeddable":true,"href":"https:\/\/experienciadevida.com.ar\/portalurbano\/wp-json\/wp\/v2\/media\/151810"}],"wp:attachment":[{"href":"https:\/\/experienciadevida.com.ar\/portalurbano\/wp-json\/wp\/v2\/media?parent=151809"}],"wp:term":[{"taxonomy":"category","embeddable":true,"href":"https:\/\/experienciadevida.com.ar\/portalurbano\/wp-json\/wp\/v2\/categories?post=151809"},{"taxonomy":"post_tag","embeddable":true,"href":"https:\/\/experienciadevida.com.ar\/portalurbano\/wp-json\/wp\/v2\/tags?post=151809"}],"curies":[{"name":"wp","href":"https:\/\/api.w.org\/{rel}","templated":true}]}}