{"id":151775,"date":"2021-09-02T17:07:11","date_gmt":"2021-09-02T20:07:11","guid":{"rendered":"https:\/\/experienciadevida.com.ar\/portalurbano\/?p=151775"},"modified":"2021-09-02T17:12:48","modified_gmt":"2021-09-02T20:12:48","slug":"en-el-dia-de-la-industria-ezequiel-galli-visito-aberturas-clementi","status":"publish","type":"post","link":"https:\/\/experienciadevida.com.ar\/portalurbano\/en-el-dia-de-la-industria-ezequiel-galli-visito-aberturas-clementi\/","title":{"rendered":"En el d\u00eda de la industria Ezequiel Galli visit\u00f3 Aberturas Clementi"},"content":{"rendered":"<p>En el d\u00eda de la industria Ezequiel <a href=\"https:\/\/www.facebook.com\/galliezequiel\">Galli<\/a> visit\u00f3 Aberturas Clementi, que se encuentra radicada en el Parque Industrial.<\/p>\n<p>En la oportunidad estuvo acompa\u00f1ado por el presidente del HCD Bruno Cenizo, el secretario de Desarrollo Econ\u00f3mico Julio <a href=\"https:\/\/www.facebook.com\/julio.valetutto\">Valetutto <\/a>y la concejal Mar\u00eda Jos\u00e9 <a href=\"https:\/\/www.instagram.com\/majogonzalez78\/?hl=es-la\">Gonz\u00e1lez<\/a>.<\/p>\n<p>En el lugar, fueron recibidos por el titular de la empresa Fabi\u00e1n Clementi, quien desde los inicios forma parte de la firma olavarriense, que es altamente reconocida en el rubro por su vasta experiencia en la fabricaci\u00f3n de aberturas de aluminio.<\/p>\n<p>En el d\u00eda de la industria Ezequiel <a href=\"https:\/\/www.facebook.com\/galliezequiel\">Galli<\/a> visit\u00f3 Aberturas Clementi, Aberturas Clementi posee con una planta fabril, que cuenta con modernas maquinarias autom\u00e1ticas y semiautom\u00e1ticas y con un personal id\u00f3neo para responder a los requerimientos y necesidades del mercado.<\/p>\n<p>Su producci\u00f3n est\u00e1 orientada a satisfacer las necesidades de sus clientes, tanto particulares como empresarios de la construcci\u00f3n, adem\u00e1s de brindar asesoramiento y servicio post venta.<\/p>\n<p>Como salto cualitativo, la empresa incorpor\u00f3 recientemente la l\u00ednea de aberturas de PVC, que se utiliza cada vez para producir puertas y ventanas, teniendo en cuenta las buenas propiedades de aislamiento t\u00e9rmico, que contribuye a un balance positivo de la energ\u00eda en cualquier tipo de construcci\u00f3n.<\/p>\n<p>La planta de Aberturas Clementi se encuentra ubicada en el Sector II del Parque Industrial de Olavarr\u00eda, mientras que el Showroom y las oficinas administrativas funcional en avenida Pellegrini y Pelegrino.<\/p>\n<p><a href=\"https:\/\/experienciadevida.com.ar\/portalurbano\/en-el-dia-de-la-industria-ezequiel-galli-visito-aberturas-clementi\/en-el-dia-2\/\" rel=\"attachment wp-att-151778\"><img decoding=\"async\" class=\"alignnone size-full wp-image-151778\" src=\"https:\/\/experienciadevida.com.ar\/portalurbano\/wp-content\/uploads\/2021\/09\/En-el-dia.jpg\" alt=\"En el d\u00eda \" width=\"765\" height=\"511\" srcset=\"https:\/\/experienciadevida.com.ar\/portalurbano\/wp-content\/uploads\/2021\/09\/En-el-dia.jpg 765w, https:\/\/experienciadevida.com.ar\/portalurbano\/wp-content\/uploads\/2021\/09\/En-el-dia-300x200.jpg 300w\" sizes=\"(max-width: 765px) 100vw, 765px\" \/><\/a><\/p>\n","protected":false},"excerpt":{"rendered":"<p>En el d\u00eda de la industria Ezequiel Galli visit\u00f3 Aberturas Clementi, que se encuentra radicada&#8230;<\/p>\n","protected":false},"author":1,"featured_media":151776,"comment_status":"closed","ping_status":"closed","sticky":false,"template":"","format":"standard","meta":{"content-type":""},"categories":[27,64],"tags":[],"nelio_content":{"isAutoShareEnabled":false,"autoShareEndMode":"default","automationSources":{"useContentSentences":true,"useSocialTemplates":true,"useCustomSentences":false,"customSentences":[]},"followers":[1],"suggestedReferences":[],"includedReferences":["https:\/\/www.instagram.com\/majogonzalez78\/?hl=es-la"],"efiUrl":"","efiAlt":"","highlights":[]},"yoast_head":"<!-- This site is optimized with the Yoast SEO plugin v20.7 - https:\/\/yoast.com\/wordpress\/plugins\/seo\/ -->\n<title>En el d\u00eda de la industria Ezequiel Galli visit\u00f3 aberturas Clementi<\/title>\n<meta name=\"description\" content=\"En el d\u00eda de la industria Ezequiel Galli visit\u00f3 Aberturas Clementi, que se encuentra radicada en el Parque Industrial, de nuestra ciudad\" \/>\n<meta name=\"robots\" content=\"index, follow, max-snippet:-1, max-image-preview:large, max-video-preview:-1\" \/>\n<link rel=\"canonical\" href=\"https:\/\/experienciadevida.com.ar\/portalurbano\/en-el-dia-de-la-industria-ezequiel-galli-visito-aberturas-clementi\/\" \/>\n<meta property=\"og:locale\" content=\"es_ES\" \/>\n<meta property=\"og:type\" content=\"article\" \/>\n<meta property=\"og:title\" content=\"En el d\u00eda de la industria Ezequiel Galli visit\u00f3 aberturas Clementi\" \/>\n<meta property=\"og:description\" content=\"En el d\u00eda de la industria Ezequiel Galli visit\u00f3 Aberturas Clementi, que se encuentra radicada en el Parque Industrial, de nuestra ciudad\" \/>\n<meta property=\"og:url\" content=\"https:\/\/experienciadevida.com.ar\/portalurbano\/en-el-dia-de-la-industria-ezequiel-galli-visito-aberturas-clementi\/\" \/>\n<meta property=\"article:publisher\" content=\"https:\/\/www.facebook.com\/Portal-Urbano-171542830093757\/\" \/>\n<meta property=\"article:published_time\" content=\"2021-09-02T20:07:11+00:00\" \/>\n<meta property=\"article:modified_time\" content=\"2021-09-02T20:12:48+00:00\" \/>\n<meta property=\"og:image\" content=\"https:\/\/experienciadevida.com.ar\/portalurbano\/wp-content\/uploads\/2021\/09\/En-el-dia-de-la.jpg\" \/>\n\t<meta property=\"og:image:width\" content=\"765\" \/>\n\t<meta property=\"og:image:height\" content=\"511\" \/>\n\t<meta property=\"og:image:type\" content=\"image\/jpeg\" \/>\n<meta name=\"author\" content=\"admpu17wp\" \/>\n<meta name=\"twitter:card\" content=\"summary_large_image\" \/>\n<meta name=\"twitter:creator\" content=\"@portalurbanook\" \/>\n<meta name=\"twitter:site\" content=\"@portalurbanook\" \/>\n<meta name=\"twitter:label1\" content=\"Escrito por\" \/>\n\t<meta name=\"twitter:data1\" content=\"admpu17wp\" \/>\n\t<meta name=\"twitter:label2\" content=\"Tiempo de lectura\" \/>\n\t<meta name=\"twitter:data2\" content=\"2 minutos\" \/>\n<script type=\"application\/ld+json\" class=\"yoast-schema-graph\">{\"@context\":\"https:\/\/schema.org\",\"@graph\":[{\"@type\":\"Article\",\"@id\":\"https:\/\/experienciadevida.com.ar\/portalurbano\/en-el-dia-de-la-industria-ezequiel-galli-visito-aberturas-clementi\/#article\",\"isPartOf\":{\"@id\":\"https:\/\/experienciadevida.com.ar\/portalurbano\/en-el-dia-de-la-industria-ezequiel-galli-visito-aberturas-clementi\/\"},\"author\":{\"name\":\"admpu17wp\",\"@id\":\"https:\/\/experienciadevida.com.ar\/portalurbano\/#\/schema\/person\/02dd326b1c4b056e9cc972486934a3a7\"},\"headline\":\"En el d\u00eda de la industria Ezequiel Galli visit\u00f3 Aberturas Clementi\",\"datePublished\":\"2021-09-02T20:07:11+00:00\",\"dateModified\":\"2021-09-02T20:12:48+00:00\",\"mainEntityOfPage\":{\"@id\":\"https:\/\/experienciadevida.com.ar\/portalurbano\/en-el-dia-de-la-industria-ezequiel-galli-visito-aberturas-clementi\/\"},\"wordCount\":259,\"publisher\":{\"@id\":\"https:\/\/experienciadevida.com.ar\/portalurbano\/#organization\"},\"articleSection\":[\"Ciudad\",\"Destacadas 2\"],\"inLanguage\":\"es\"},{\"@type\":\"WebPage\",\"@id\":\"https:\/\/experienciadevida.com.ar\/portalurbano\/en-el-dia-de-la-industria-ezequiel-galli-visito-aberturas-clementi\/\",\"url\":\"https:\/\/experienciadevida.com.ar\/portalurbano\/en-el-dia-de-la-industria-ezequiel-galli-visito-aberturas-clementi\/\",\"name\":\"En el d\u00eda de la industria Ezequiel Galli visit\u00f3 aberturas Clementi\",\"isPartOf\":{\"@id\":\"https:\/\/experienciadevida.com.ar\/portalurbano\/#website\"},\"datePublished\":\"2021-09-02T20:07:11+00:00\",\"dateModified\":\"2021-09-02T20:12:48+00:00\",\"description\":\"En el d\u00eda de la industria Ezequiel Galli visit\u00f3 Aberturas Clementi, que se encuentra radicada en el Parque Industrial, de nuestra ciudad\",\"breadcrumb\":{\"@id\":\"https:\/\/experienciadevida.com.ar\/portalurbano\/en-el-dia-de-la-industria-ezequiel-galli-visito-aberturas-clementi\/#breadcrumb\"},\"inLanguage\":\"es\",\"potentialAction\":[{\"@type\":\"ReadAction\",\"target\":[\"https:\/\/experienciadevida.com.ar\/portalurbano\/en-el-dia-de-la-industria-ezequiel-galli-visito-aberturas-clementi\/\"]}]},{\"@type\":\"BreadcrumbList\",\"@id\":\"https:\/\/experienciadevida.com.ar\/portalurbano\/en-el-dia-de-la-industria-ezequiel-galli-visito-aberturas-clementi\/#breadcrumb\",\"itemListElement\":[{\"@type\":\"ListItem\",\"position\":1,\"name\":\"Portada\",\"item\":\"https:\/\/experienciadevida.com.ar\/portalurbano\/\"},{\"@type\":\"ListItem\",\"position\":2,\"name\":\"En el d\u00eda de la industria Ezequiel Galli visit\u00f3 Aberturas Clementi\"}]},{\"@type\":\"WebSite\",\"@id\":\"https:\/\/experienciadevida.com.ar\/portalurbano\/#website\",\"url\":\"https:\/\/experienciadevida.com.ar\/portalurbano\/\",\"name\":\"\",\"description\":\"\",\"publisher\":{\"@id\":\"https:\/\/experienciadevida.com.ar\/portalurbano\/#organization\"},\"potentialAction\":[{\"@type\":\"SearchAction\",\"target\":{\"@type\":\"EntryPoint\",\"urlTemplate\":\"https:\/\/experienciadevida.com.ar\/portalurbano\/?s={search_term_string}\"},\"query-input\":\"required name=search_term_string\"}],\"inLanguage\":\"es\"},{\"@type\":\"Organization\",\"@id\":\"https:\/\/experienciadevida.com.ar\/portalurbano\/#organization\",\"name\":\"Portal Urbano\",\"url\":\"https:\/\/experienciadevida.com.ar\/portalurbano\/\",\"logo\":{\"@type\":\"ImageObject\",\"inLanguage\":\"es\",\"@id\":\"https:\/\/experienciadevida.com.ar\/portalurbano\/#\/schema\/logo\/image\/\",\"url\":\"https:\/\/experienciadevida.com.ar\/portalurbano\/wp-content\/uploads\/2019\/09\/Logo-Original.png\",\"contentUrl\":\"https:\/\/experienciadevida.com.ar\/portalurbano\/wp-content\/uploads\/2019\/09\/Logo-Original.png\",\"width\":2236,\"height\":1216,\"caption\":\"Portal Urbano\"},\"image\":{\"@id\":\"https:\/\/experienciadevida.com.ar\/portalurbano\/#\/schema\/logo\/image\/\"},\"sameAs\":[\"https:\/\/www.facebook.com\/Portal-Urbano-171542830093757\/\",\"https:\/\/twitter.com\/portalurbanook\",\"https:\/\/www.instagram.com\/_portalurbano\/\",\"https:\/\/www.youtube.com\/channel\/UCXhagIfszH8KxFiOok79zbA?view_as=subscriber\"]},{\"@type\":\"Person\",\"@id\":\"https:\/\/experienciadevida.com.ar\/portalurbano\/#\/schema\/person\/02dd326b1c4b056e9cc972486934a3a7\",\"name\":\"admpu17wp\",\"image\":{\"@type\":\"ImageObject\",\"inLanguage\":\"es\",\"@id\":\"https:\/\/experienciadevida.com.ar\/portalurbano\/#\/schema\/person\/image\/\",\"url\":\"https:\/\/secure.gravatar.com\/avatar\/830d4c57adaae6630765e449a6908047?s=96&d=mm&r=g\",\"contentUrl\":\"https:\/\/secure.gravatar.com\/avatar\/830d4c57adaae6630765e449a6908047?s=96&d=mm&r=g\",\"caption\":\"admpu17wp\"}}]}<\/script>\n<!-- \/ Yoast SEO plugin. -->","yoast_head_json":{"title":"En el d\u00eda de la industria Ezequiel Galli visit\u00f3 aberturas Clementi","description":"En el d\u00eda de la industria Ezequiel Galli visit\u00f3 Aberturas Clementi, que se encuentra radicada en el Parque Industrial, de nuestra ciudad","robots":{"index":"index","follow":"follow","max-snippet":"max-snippet:-1","max-image-preview":"max-image-preview:large","max-video-preview":"max-video-preview:-1"},"canonical":"https:\/\/experienciadevida.com.ar\/portalurbano\/en-el-dia-de-la-industria-ezequiel-galli-visito-aberturas-clementi\/","og_locale":"es_ES","og_type":"article","og_title":"En el d\u00eda de la industria Ezequiel Galli visit\u00f3 aberturas Clementi","og_description":"En el d\u00eda de la industria Ezequiel Galli visit\u00f3 Aberturas Clementi, que se encuentra radicada en el Parque Industrial, de nuestra ciudad","og_url":"https:\/\/experienciadevida.com.ar\/portalurbano\/en-el-dia-de-la-industria-ezequiel-galli-visito-aberturas-clementi\/","article_publisher":"https:\/\/www.facebook.com\/Portal-Urbano-171542830093757\/","article_published_time":"2021-09-02T20:07:11+00:00","article_modified_time":"2021-09-02T20:12:48+00:00","og_image":[{"width":765,"height":511,"url":"https:\/\/experienciadevida.com.ar\/portalurbano\/wp-content\/uploads\/2021\/09\/En-el-dia-de-la.jpg","type":"image\/jpeg"}],"author":"admpu17wp","twitter_card":"summary_large_image","twitter_creator":"@portalurbanook","twitter_site":"@portalurbanook","twitter_misc":{"Escrito por":"admpu17wp","Tiempo de lectura":"2 minutos"},"schema":{"@context":"https:\/\/schema.org","@graph":[{"@type":"Article","@id":"https:\/\/experienciadevida.com.ar\/portalurbano\/en-el-dia-de-la-industria-ezequiel-galli-visito-aberturas-clementi\/#article","isPartOf":{"@id":"https:\/\/experienciadevida.com.ar\/portalurbano\/en-el-dia-de-la-industria-ezequiel-galli-visito-aberturas-clementi\/"},"author":{"name":"admpu17wp","@id":"https:\/\/experienciadevida.com.ar\/portalurbano\/#\/schema\/person\/02dd326b1c4b056e9cc972486934a3a7"},"headline":"En el d\u00eda de la industria Ezequiel Galli visit\u00f3 Aberturas Clementi","datePublished":"2021-09-02T20:07:11+00:00","dateModified":"2021-09-02T20:12:48+00:00","mainEntityOfPage":{"@id":"https:\/\/experienciadevida.com.ar\/portalurbano\/en-el-dia-de-la-industria-ezequiel-galli-visito-aberturas-clementi\/"},"wordCount":259,"publisher":{"@id":"https:\/\/experienciadevida.com.ar\/portalurbano\/#organization"},"articleSection":["Ciudad","Destacadas 2"],"inLanguage":"es"},{"@type":"WebPage","@id":"https:\/\/experienciadevida.com.ar\/portalurbano\/en-el-dia-de-la-industria-ezequiel-galli-visito-aberturas-clementi\/","url":"https:\/\/experienciadevida.com.ar\/portalurbano\/en-el-dia-de-la-industria-ezequiel-galli-visito-aberturas-clementi\/","name":"En el d\u00eda de la industria Ezequiel Galli visit\u00f3 aberturas Clementi","isPartOf":{"@id":"https:\/\/experienciadevida.com.ar\/portalurbano\/#website"},"datePublished":"2021-09-02T20:07:11+00:00","dateModified":"2021-09-02T20:12:48+00:00","description":"En el d\u00eda de la industria Ezequiel Galli visit\u00f3 Aberturas Clementi, que se encuentra radicada en el Parque Industrial, de nuestra ciudad","breadcrumb":{"@id":"https:\/\/experienciadevida.com.ar\/portalurbano\/en-el-dia-de-la-industria-ezequiel-galli-visito-aberturas-clementi\/#breadcrumb"},"inLanguage":"es","potentialAction":[{"@type":"ReadAction","target":["https:\/\/experienciadevida.com.ar\/portalurbano\/en-el-dia-de-la-industria-ezequiel-galli-visito-aberturas-clementi\/"]}]},{"@type":"BreadcrumbList","@id":"https:\/\/experienciadevida.com.ar\/portalurbano\/en-el-dia-de-la-industria-ezequiel-galli-visito-aberturas-clementi\/#breadcrumb","itemListElement":[{"@type":"ListItem","position":1,"name":"Portada","item":"https:\/\/experienciadevida.com.ar\/portalurbano\/"},{"@type":"ListItem","position":2,"name":"En el d\u00eda de la industria Ezequiel Galli visit\u00f3 Aberturas Clementi"}]},{"@type":"WebSite","@id":"https:\/\/experienciadevida.com.ar\/portalurbano\/#website","url":"https:\/\/experienciadevida.com.ar\/portalurbano\/","name":"","description":"","publisher":{"@id":"https:\/\/experienciadevida.com.ar\/portalurbano\/#organization"},"potentialAction":[{"@type":"SearchAction","target":{"@type":"EntryPoint","urlTemplate":"https:\/\/experienciadevida.com.ar\/portalurbano\/?s={search_term_string}"},"query-input":"required name=search_term_string"}],"inLanguage":"es"},{"@type":"Organization","@id":"https:\/\/experienciadevida.com.ar\/portalurbano\/#organization","name":"Portal Urbano","url":"https:\/\/experienciadevida.com.ar\/portalurbano\/","logo":{"@type":"ImageObject","inLanguage":"es","@id":"https:\/\/experienciadevida.com.ar\/portalurbano\/#\/schema\/logo\/image\/","url":"https:\/\/experienciadevida.com.ar\/portalurbano\/wp-content\/uploads\/2019\/09\/Logo-Original.png","contentUrl":"https:\/\/experienciadevida.com.ar\/portalurbano\/wp-content\/uploads\/2019\/09\/Logo-Original.png","width":2236,"height":1216,"caption":"Portal Urbano"},"image":{"@id":"https:\/\/experienciadevida.com.ar\/portalurbano\/#\/schema\/logo\/image\/"},"sameAs":["https:\/\/www.facebook.com\/Portal-Urbano-171542830093757\/","https:\/\/twitter.com\/portalurbanook","https:\/\/www.instagram.com\/_portalurbano\/","https:\/\/www.youtube.com\/channel\/UCXhagIfszH8KxFiOok79zbA?view_as=subscriber"]},{"@type":"Person","@id":"https:\/\/experienciadevida.com.ar\/portalurbano\/#\/schema\/person\/02dd326b1c4b056e9cc972486934a3a7","name":"admpu17wp","image":{"@type":"ImageObject","inLanguage":"es","@id":"https:\/\/experienciadevida.com.ar\/portalurbano\/#\/schema\/person\/image\/","url":"https:\/\/secure.gravatar.com\/avatar\/830d4c57adaae6630765e449a6908047?s=96&d=mm&r=g","contentUrl":"https:\/\/secure.gravatar.com\/avatar\/830d4c57adaae6630765e449a6908047?s=96&d=mm&r=g","caption":"admpu17wp"}}]}},"featured_image_urls":{"full":["https:\/\/experienciadevida.com.ar\/portalurbano\/wp-content\/uploads\/2021\/09\/En-el-dia-de-la.jpg",765,511,false],"thumbnail":["https:\/\/experienciadevida.com.ar\/portalurbano\/wp-content\/uploads\/2021\/09\/En-el-dia-de-la-150x150.jpg",150,150,true],"medium":["https:\/\/experienciadevida.com.ar\/portalurbano\/wp-content\/uploads\/2021\/09\/En-el-dia-de-la-300x200.jpg",300,200,true],"medium_large":["https:\/\/experienciadevida.com.ar\/portalurbano\/wp-content\/uploads\/2021\/09\/En-el-dia-de-la.jpg",640,428,false],"large":["https:\/\/experienciadevida.com.ar\/portalurbano\/wp-content\/uploads\/2021\/09\/En-el-dia-de-la.jpg",640,428,false],"ug_big":["https:\/\/experienciadevida.com.ar\/portalurbano\/wp-content\/uploads\/2021\/09\/En-el-dia-de-la.jpg",765,511,false],"1536x1536":["https:\/\/experienciadevida.com.ar\/portalurbano\/wp-content\/uploads\/2021\/09\/En-el-dia-de-la.jpg",765,511,false],"2048x2048":["https:\/\/experienciadevida.com.ar\/portalurbano\/wp-content\/uploads\/2021\/09\/En-el-dia-de-la.jpg",765,511,false],"newsever-slider-full":["https:\/\/experienciadevida.com.ar\/portalurbano\/wp-content\/uploads\/2021\/09\/En-el-dia-de-la.jpg",765,511,false],"newsever-featured":["https:\/\/experienciadevida.com.ar\/portalurbano\/wp-content\/uploads\/2021\/09\/En-el-dia-de-la.jpg",765,511,false],"newsever-medium":["https:\/\/experienciadevida.com.ar\/portalurbano\/wp-content\/uploads\/2021\/09\/En-el-dia-de-la.jpg",711,475,false],"web-stories-poster-portrait":["https:\/\/experienciadevida.com.ar\/portalurbano\/wp-content\/uploads\/2021\/09\/En-el-dia-de-la.jpg",640,428,false],"web-stories-publisher-logo":["https:\/\/experienciadevida.com.ar\/portalurbano\/wp-content\/uploads\/2021\/09\/En-el-dia-de-la.jpg",96,64,false],"web-stories-thumbnail":["https:\/\/experienciadevida.com.ar\/portalurbano\/wp-content\/uploads\/2021\/09\/En-el-dia-de-la.jpg",150,100,false]},"author_info":{"display_name":"admpu17wp","author_link":"https:\/\/experienciadevida.com.ar\/portalurbano\/author\/admpu17wp\/"},"category_info":"<a href=\"https:\/\/experienciadevida.com.ar\/portalurbano\/category\/ciudad\/\" rel=\"category tag\">Ciudad<\/a> <a href=\"https:\/\/experienciadevida.com.ar\/portalurbano\/category\/destacadas-2\/\" rel=\"category tag\">Destacadas 2<\/a>","tag_info":"Destacadas 2","comment_count":"0","amp_enabled":true,"_links":{"self":[{"href":"https:\/\/experienciadevida.com.ar\/portalurbano\/wp-json\/wp\/v2\/posts\/151775"}],"collection":[{"href":"https:\/\/experienciadevida.com.ar\/portalurbano\/wp-json\/wp\/v2\/posts"}],"about":[{"href":"https:\/\/experienciadevida.com.ar\/portalurbano\/wp-json\/wp\/v2\/types\/post"}],"author":[{"embeddable":true,"href":"https:\/\/experienciadevida.com.ar\/portalurbano\/wp-json\/wp\/v2\/users\/1"}],"replies":[{"embeddable":true,"href":"https:\/\/experienciadevida.com.ar\/portalurbano\/wp-json\/wp\/v2\/comments?post=151775"}],"version-history":[{"count":3,"href":"https:\/\/experienciadevida.com.ar\/portalurbano\/wp-json\/wp\/v2\/posts\/151775\/revisions"}],"predecessor-version":[{"id":151780,"href":"https:\/\/experienciadevida.com.ar\/portalurbano\/wp-json\/wp\/v2\/posts\/151775\/revisions\/151780"}],"wp:featuredmedia":[{"embeddable":true,"href":"https:\/\/experienciadevida.com.ar\/portalurbano\/wp-json\/wp\/v2\/media\/151776"}],"wp:attachment":[{"href":"https:\/\/experienciadevida.com.ar\/portalurbano\/wp-json\/wp\/v2\/media?parent=151775"}],"wp:term":[{"taxonomy":"category","embeddable":true,"href":"https:\/\/experienciadevida.com.ar\/portalurbano\/wp-json\/wp\/v2\/categories?post=151775"},{"taxonomy":"post_tag","embeddable":true,"href":"https:\/\/experienciadevida.com.ar\/portalurbano\/wp-json\/wp\/v2\/tags?post=151775"}],"curies":[{"name":"wp","href":"https:\/\/api.w.org\/{rel}","templated":true}]}}