{"id":151677,"date":"2021-09-01T14:12:28","date_gmt":"2021-09-01T17:12:28","guid":{"rendered":"https:\/\/experienciadevida.com.ar\/portalurbano\/?p=151677"},"modified":"2021-09-01T14:15:37","modified_gmt":"2021-09-01T17:15:37","slug":"ezequiel-galli-recibio-a-las-autoridades-del-colegio-de-higiene-y-seguridad","status":"publish","type":"post","link":"https:\/\/experienciadevida.com.ar\/portalurbano\/ezequiel-galli-recibio-a-las-autoridades-del-colegio-de-higiene-y-seguridad\/","title":{"rendered":"Ezequiel Galli recibi\u00f3 a las autoridades del Colegio de Higiene y Seguridad"},"content":{"rendered":"<p>Ezequiel <a href=\"https:\/\/www.facebook.com\/galliezequiel\">Galli <\/a>recibi\u00f3 a las autoridades del Colegio de Higiene y Seguridad, en el Trabajo de la Regi\u00f3n IV.<\/p>\n<p>Del encuentro participaron adem\u00e1s, el presidente del HCD Bruno <a href=\"https:\/\/www.instagram.com\/brunocenizo\/?hl=es-la\">Cenizo<\/a>, el secretario de Mantenimiento y Obras P\u00fablicas Julio <a href=\"https:\/\/www.instagram.com\/julitoferraro\/?hl=es-la\">Ferraro<\/a> y el director de Defensa Civil Adri\u00e1n Guevara.<\/p>\n<p>En representaci\u00f3n del Colegio de Profesionales, se encontraban presentes Walter Di Leo (presidente), D\u00e9bora Aguilar (secretaria) y Alejandro Florentino (tesorero).<\/p>\n<p>Ezequiel Galli recibi\u00f3 a las autoridades del Colegio de Higiene y Seguridad, en el Trabajo de la Regi\u00f3n IV, Tras la presentaci\u00f3n, dialogaron sobre todo el camino recorrido hasta llegar a la aprobaci\u00f3n y puesta en funcionamiento del Colegio \u00danico de Profesionales de Higiene y Seguridad en el Trabajo, en el \u00e1mbito de la provincia de Buenos Aires, que transform\u00f3 en realidad un gran sue\u00f1o colectivo.<\/p>\n<p>La aprobaci\u00f3n de la Ley 15.050 \u2013en el a\u00f1o 2019- permiti\u00f3 regular la profesi\u00f3n, teniendo en cuenta de que se trataba de una disciplina que no contaba con un marco legal para agrupar la actividad.<\/p>\n<p>Las propuestas del Colegio de Profesionales de la Higiene y Seguridad en el Trabajo tienen un car\u00e1cter exclusivamente profesional, cient\u00edfico, estad\u00edstico y social, para acompa\u00f1ar a los profesionales en su crecimiento, con el objetivo primordial puesto en la prevenci\u00f3n en toda actividad laboral.<\/p>\n","protected":false},"excerpt":{"rendered":"<p>Ezequiel Galli recibi\u00f3 a las autoridades del Colegio de Higiene y Seguridad, en el Trabajo&#8230;<\/p>\n","protected":false},"author":1,"featured_media":151678,"comment_status":"closed","ping_status":"closed","sticky":false,"template":"","format":"standard","meta":{"content-type":""},"categories":[27,64],"tags":[],"nelio_content":{"isAutoShareEnabled":false,"autoShareEndMode":"default","automationSources":{"useContentSentences":true,"useSocialTemplates":true,"useCustomSentences":false,"customSentences":[]},"followers":[1],"suggestedReferences":[],"includedReferences":["https:\/\/www.instagram.com\/brunocenizo\/?hl=es-la"],"efiUrl":"","efiAlt":"","highlights":[]},"yoast_head":"<!-- This site is optimized with the Yoast SEO plugin v20.7 - https:\/\/yoast.com\/wordpress\/plugins\/seo\/ -->\n<title>Ezequiel Galli recibi\u00f3 a las autoridades del colegio de higiene y seguridd<\/title>\n<meta name=\"description\" content=\"Ezequiel Galli recibi\u00f3 a las autoridades del Colegio de Higiene y Seguridad, en el Trabajo de la Regi\u00f3n IV, en la sala de reuniones\" \/>\n<meta name=\"robots\" content=\"index, follow, max-snippet:-1, max-image-preview:large, max-video-preview:-1\" \/>\n<link rel=\"canonical\" href=\"https:\/\/experienciadevida.com.ar\/portalurbano\/ezequiel-galli-recibio-a-las-autoridades-del-colegio-de-higiene-y-seguridad\/\" \/>\n<meta property=\"og:locale\" content=\"es_ES\" \/>\n<meta property=\"og:type\" content=\"article\" \/>\n<meta property=\"og:title\" content=\"Ezequiel Galli recibi\u00f3 a las autoridades del colegio de higiene y seguridd\" \/>\n<meta property=\"og:description\" content=\"Ezequiel Galli recibi\u00f3 a las autoridades del Colegio de Higiene y Seguridad, en el Trabajo de la Regi\u00f3n IV, en la sala de reuniones\" \/>\n<meta property=\"og:url\" content=\"https:\/\/experienciadevida.com.ar\/portalurbano\/ezequiel-galli-recibio-a-las-autoridades-del-colegio-de-higiene-y-seguridad\/\" \/>\n<meta property=\"article:publisher\" content=\"https:\/\/www.facebook.com\/Portal-Urbano-171542830093757\/\" \/>\n<meta property=\"article:published_time\" content=\"2021-09-01T17:12:28+00:00\" \/>\n<meta property=\"article:modified_time\" content=\"2021-09-01T17:15:37+00:00\" \/>\n<meta property=\"og:image\" content=\"https:\/\/experienciadevida.com.ar\/portalurbano\/wp-content\/uploads\/2021\/09\/Ezequiel-Galli-recibio-a-las.jpg\" \/>\n\t<meta property=\"og:image:width\" content=\"1024\" \/>\n\t<meta property=\"og:image:height\" content=\"683\" \/>\n\t<meta property=\"og:image:type\" content=\"image\/jpeg\" \/>\n<meta name=\"author\" content=\"admpu17wp\" \/>\n<meta name=\"twitter:card\" content=\"summary_large_image\" \/>\n<meta name=\"twitter:creator\" content=\"@portalurbanook\" \/>\n<meta name=\"twitter:site\" content=\"@portalurbanook\" \/>\n<meta name=\"twitter:label1\" content=\"Escrito por\" \/>\n\t<meta name=\"twitter:data1\" content=\"admpu17wp\" \/>\n\t<meta name=\"twitter:label2\" content=\"Tiempo de lectura\" \/>\n\t<meta name=\"twitter:data2\" content=\"1 minuto\" \/>\n<script type=\"application\/ld+json\" class=\"yoast-schema-graph\">{\"@context\":\"https:\/\/schema.org\",\"@graph\":[{\"@type\":\"Article\",\"@id\":\"https:\/\/experienciadevida.com.ar\/portalurbano\/ezequiel-galli-recibio-a-las-autoridades-del-colegio-de-higiene-y-seguridad\/#article\",\"isPartOf\":{\"@id\":\"https:\/\/experienciadevida.com.ar\/portalurbano\/ezequiel-galli-recibio-a-las-autoridades-del-colegio-de-higiene-y-seguridad\/\"},\"author\":{\"name\":\"admpu17wp\",\"@id\":\"https:\/\/experienciadevida.com.ar\/portalurbano\/#\/schema\/person\/02dd326b1c4b056e9cc972486934a3a7\"},\"headline\":\"Ezequiel Galli recibi\u00f3 a las autoridades del Colegio de Higiene y Seguridad\",\"datePublished\":\"2021-09-01T17:12:28+00:00\",\"dateModified\":\"2021-09-01T17:15:37+00:00\",\"mainEntityOfPage\":{\"@id\":\"https:\/\/experienciadevida.com.ar\/portalurbano\/ezequiel-galli-recibio-a-las-autoridades-del-colegio-de-higiene-y-seguridad\/\"},\"wordCount\":239,\"publisher\":{\"@id\":\"https:\/\/experienciadevida.com.ar\/portalurbano\/#organization\"},\"articleSection\":[\"Ciudad\",\"Destacadas 2\"],\"inLanguage\":\"es\"},{\"@type\":\"WebPage\",\"@id\":\"https:\/\/experienciadevida.com.ar\/portalurbano\/ezequiel-galli-recibio-a-las-autoridades-del-colegio-de-higiene-y-seguridad\/\",\"url\":\"https:\/\/experienciadevida.com.ar\/portalurbano\/ezequiel-galli-recibio-a-las-autoridades-del-colegio-de-higiene-y-seguridad\/\",\"name\":\"Ezequiel Galli recibi\u00f3 a las autoridades del colegio de higiene y seguridd\",\"isPartOf\":{\"@id\":\"https:\/\/experienciadevida.com.ar\/portalurbano\/#website\"},\"datePublished\":\"2021-09-01T17:12:28+00:00\",\"dateModified\":\"2021-09-01T17:15:37+00:00\",\"description\":\"Ezequiel Galli recibi\u00f3 a las autoridades del Colegio de Higiene y Seguridad, en el Trabajo de la Regi\u00f3n IV, en la sala de reuniones\",\"breadcrumb\":{\"@id\":\"https:\/\/experienciadevida.com.ar\/portalurbano\/ezequiel-galli-recibio-a-las-autoridades-del-colegio-de-higiene-y-seguridad\/#breadcrumb\"},\"inLanguage\":\"es\",\"potentialAction\":[{\"@type\":\"ReadAction\",\"target\":[\"https:\/\/experienciadevida.com.ar\/portalurbano\/ezequiel-galli-recibio-a-las-autoridades-del-colegio-de-higiene-y-seguridad\/\"]}]},{\"@type\":\"BreadcrumbList\",\"@id\":\"https:\/\/experienciadevida.com.ar\/portalurbano\/ezequiel-galli-recibio-a-las-autoridades-del-colegio-de-higiene-y-seguridad\/#breadcrumb\",\"itemListElement\":[{\"@type\":\"ListItem\",\"position\":1,\"name\":\"Portada\",\"item\":\"https:\/\/experienciadevida.com.ar\/portalurbano\/\"},{\"@type\":\"ListItem\",\"position\":2,\"name\":\"Ezequiel Galli recibi\u00f3 a las autoridades del Colegio de Higiene y Seguridad\"}]},{\"@type\":\"WebSite\",\"@id\":\"https:\/\/experienciadevida.com.ar\/portalurbano\/#website\",\"url\":\"https:\/\/experienciadevida.com.ar\/portalurbano\/\",\"name\":\"\",\"description\":\"\",\"publisher\":{\"@id\":\"https:\/\/experienciadevida.com.ar\/portalurbano\/#organization\"},\"potentialAction\":[{\"@type\":\"SearchAction\",\"target\":{\"@type\":\"EntryPoint\",\"urlTemplate\":\"https:\/\/experienciadevida.com.ar\/portalurbano\/?s={search_term_string}\"},\"query-input\":\"required name=search_term_string\"}],\"inLanguage\":\"es\"},{\"@type\":\"Organization\",\"@id\":\"https:\/\/experienciadevida.com.ar\/portalurbano\/#organization\",\"name\":\"Portal Urbano\",\"url\":\"https:\/\/experienciadevida.com.ar\/portalurbano\/\",\"logo\":{\"@type\":\"ImageObject\",\"inLanguage\":\"es\",\"@id\":\"https:\/\/experienciadevida.com.ar\/portalurbano\/#\/schema\/logo\/image\/\",\"url\":\"https:\/\/experienciadevida.com.ar\/portalurbano\/wp-content\/uploads\/2019\/09\/Logo-Original.png\",\"contentUrl\":\"https:\/\/experienciadevida.com.ar\/portalurbano\/wp-content\/uploads\/2019\/09\/Logo-Original.png\",\"width\":2236,\"height\":1216,\"caption\":\"Portal Urbano\"},\"image\":{\"@id\":\"https:\/\/experienciadevida.com.ar\/portalurbano\/#\/schema\/logo\/image\/\"},\"sameAs\":[\"https:\/\/www.facebook.com\/Portal-Urbano-171542830093757\/\",\"https:\/\/twitter.com\/portalurbanook\",\"https:\/\/www.instagram.com\/_portalurbano\/\",\"https:\/\/www.youtube.com\/channel\/UCXhagIfszH8KxFiOok79zbA?view_as=subscriber\"]},{\"@type\":\"Person\",\"@id\":\"https:\/\/experienciadevida.com.ar\/portalurbano\/#\/schema\/person\/02dd326b1c4b056e9cc972486934a3a7\",\"name\":\"admpu17wp\",\"image\":{\"@type\":\"ImageObject\",\"inLanguage\":\"es\",\"@id\":\"https:\/\/experienciadevida.com.ar\/portalurbano\/#\/schema\/person\/image\/\",\"url\":\"https:\/\/secure.gravatar.com\/avatar\/830d4c57adaae6630765e449a6908047?s=96&d=mm&r=g\",\"contentUrl\":\"https:\/\/secure.gravatar.com\/avatar\/830d4c57adaae6630765e449a6908047?s=96&d=mm&r=g\",\"caption\":\"admpu17wp\"}}]}<\/script>\n<!-- \/ Yoast SEO plugin. -->","yoast_head_json":{"title":"Ezequiel Galli recibi\u00f3 a las autoridades del colegio de higiene y seguridd","description":"Ezequiel Galli recibi\u00f3 a las autoridades del Colegio de Higiene y Seguridad, en el Trabajo de la Regi\u00f3n IV, en la sala de reuniones","robots":{"index":"index","follow":"follow","max-snippet":"max-snippet:-1","max-image-preview":"max-image-preview:large","max-video-preview":"max-video-preview:-1"},"canonical":"https:\/\/experienciadevida.com.ar\/portalurbano\/ezequiel-galli-recibio-a-las-autoridades-del-colegio-de-higiene-y-seguridad\/","og_locale":"es_ES","og_type":"article","og_title":"Ezequiel Galli recibi\u00f3 a las autoridades del colegio de higiene y seguridd","og_description":"Ezequiel Galli recibi\u00f3 a las autoridades del Colegio de Higiene y Seguridad, en el Trabajo de la Regi\u00f3n IV, en la sala de reuniones","og_url":"https:\/\/experienciadevida.com.ar\/portalurbano\/ezequiel-galli-recibio-a-las-autoridades-del-colegio-de-higiene-y-seguridad\/","article_publisher":"https:\/\/www.facebook.com\/Portal-Urbano-171542830093757\/","article_published_time":"2021-09-01T17:12:28+00:00","article_modified_time":"2021-09-01T17:15:37+00:00","og_image":[{"width":1024,"height":683,"url":"https:\/\/experienciadevida.com.ar\/portalurbano\/wp-content\/uploads\/2021\/09\/Ezequiel-Galli-recibio-a-las.jpg","type":"image\/jpeg"}],"author":"admpu17wp","twitter_card":"summary_large_image","twitter_creator":"@portalurbanook","twitter_site":"@portalurbanook","twitter_misc":{"Escrito por":"admpu17wp","Tiempo de lectura":"1 minuto"},"schema":{"@context":"https:\/\/schema.org","@graph":[{"@type":"Article","@id":"https:\/\/experienciadevida.com.ar\/portalurbano\/ezequiel-galli-recibio-a-las-autoridades-del-colegio-de-higiene-y-seguridad\/#article","isPartOf":{"@id":"https:\/\/experienciadevida.com.ar\/portalurbano\/ezequiel-galli-recibio-a-las-autoridades-del-colegio-de-higiene-y-seguridad\/"},"author":{"name":"admpu17wp","@id":"https:\/\/experienciadevida.com.ar\/portalurbano\/#\/schema\/person\/02dd326b1c4b056e9cc972486934a3a7"},"headline":"Ezequiel Galli recibi\u00f3 a las autoridades del Colegio de Higiene y Seguridad","datePublished":"2021-09-01T17:12:28+00:00","dateModified":"2021-09-01T17:15:37+00:00","mainEntityOfPage":{"@id":"https:\/\/experienciadevida.com.ar\/portalurbano\/ezequiel-galli-recibio-a-las-autoridades-del-colegio-de-higiene-y-seguridad\/"},"wordCount":239,"publisher":{"@id":"https:\/\/experienciadevida.com.ar\/portalurbano\/#organization"},"articleSection":["Ciudad","Destacadas 2"],"inLanguage":"es"},{"@type":"WebPage","@id":"https:\/\/experienciadevida.com.ar\/portalurbano\/ezequiel-galli-recibio-a-las-autoridades-del-colegio-de-higiene-y-seguridad\/","url":"https:\/\/experienciadevida.com.ar\/portalurbano\/ezequiel-galli-recibio-a-las-autoridades-del-colegio-de-higiene-y-seguridad\/","name":"Ezequiel Galli recibi\u00f3 a las autoridades del colegio de higiene y seguridd","isPartOf":{"@id":"https:\/\/experienciadevida.com.ar\/portalurbano\/#website"},"datePublished":"2021-09-01T17:12:28+00:00","dateModified":"2021-09-01T17:15:37+00:00","description":"Ezequiel Galli recibi\u00f3 a las autoridades del Colegio de Higiene y Seguridad, en el Trabajo de la Regi\u00f3n IV, en la sala de reuniones","breadcrumb":{"@id":"https:\/\/experienciadevida.com.ar\/portalurbano\/ezequiel-galli-recibio-a-las-autoridades-del-colegio-de-higiene-y-seguridad\/#breadcrumb"},"inLanguage":"es","potentialAction":[{"@type":"ReadAction","target":["https:\/\/experienciadevida.com.ar\/portalurbano\/ezequiel-galli-recibio-a-las-autoridades-del-colegio-de-higiene-y-seguridad\/"]}]},{"@type":"BreadcrumbList","@id":"https:\/\/experienciadevida.com.ar\/portalurbano\/ezequiel-galli-recibio-a-las-autoridades-del-colegio-de-higiene-y-seguridad\/#breadcrumb","itemListElement":[{"@type":"ListItem","position":1,"name":"Portada","item":"https:\/\/experienciadevida.com.ar\/portalurbano\/"},{"@type":"ListItem","position":2,"name":"Ezequiel Galli recibi\u00f3 a las autoridades del Colegio de Higiene y Seguridad"}]},{"@type":"WebSite","@id":"https:\/\/experienciadevida.com.ar\/portalurbano\/#website","url":"https:\/\/experienciadevida.com.ar\/portalurbano\/","name":"","description":"","publisher":{"@id":"https:\/\/experienciadevida.com.ar\/portalurbano\/#organization"},"potentialAction":[{"@type":"SearchAction","target":{"@type":"EntryPoint","urlTemplate":"https:\/\/experienciadevida.com.ar\/portalurbano\/?s={search_term_string}"},"query-input":"required name=search_term_string"}],"inLanguage":"es"},{"@type":"Organization","@id":"https:\/\/experienciadevida.com.ar\/portalurbano\/#organization","name":"Portal Urbano","url":"https:\/\/experienciadevida.com.ar\/portalurbano\/","logo":{"@type":"ImageObject","inLanguage":"es","@id":"https:\/\/experienciadevida.com.ar\/portalurbano\/#\/schema\/logo\/image\/","url":"https:\/\/experienciadevida.com.ar\/portalurbano\/wp-content\/uploads\/2019\/09\/Logo-Original.png","contentUrl":"https:\/\/experienciadevida.com.ar\/portalurbano\/wp-content\/uploads\/2019\/09\/Logo-Original.png","width":2236,"height":1216,"caption":"Portal Urbano"},"image":{"@id":"https:\/\/experienciadevida.com.ar\/portalurbano\/#\/schema\/logo\/image\/"},"sameAs":["https:\/\/www.facebook.com\/Portal-Urbano-171542830093757\/","https:\/\/twitter.com\/portalurbanook","https:\/\/www.instagram.com\/_portalurbano\/","https:\/\/www.youtube.com\/channel\/UCXhagIfszH8KxFiOok79zbA?view_as=subscriber"]},{"@type":"Person","@id":"https:\/\/experienciadevida.com.ar\/portalurbano\/#\/schema\/person\/02dd326b1c4b056e9cc972486934a3a7","name":"admpu17wp","image":{"@type":"ImageObject","inLanguage":"es","@id":"https:\/\/experienciadevida.com.ar\/portalurbano\/#\/schema\/person\/image\/","url":"https:\/\/secure.gravatar.com\/avatar\/830d4c57adaae6630765e449a6908047?s=96&d=mm&r=g","contentUrl":"https:\/\/secure.gravatar.com\/avatar\/830d4c57adaae6630765e449a6908047?s=96&d=mm&r=g","caption":"admpu17wp"}}]}},"featured_image_urls":{"full":["https:\/\/experienciadevida.com.ar\/portalurbano\/wp-content\/uploads\/2021\/09\/Ezequiel-Galli-recibio-a-las.jpg",1024,683,false],"thumbnail":["https:\/\/experienciadevida.com.ar\/portalurbano\/wp-content\/uploads\/2021\/09\/Ezequiel-Galli-recibio-a-las-150x150.jpg",150,150,true],"medium":["https:\/\/experienciadevida.com.ar\/portalurbano\/wp-content\/uploads\/2021\/09\/Ezequiel-Galli-recibio-a-las-300x200.jpg",300,200,true],"medium_large":["https:\/\/experienciadevida.com.ar\/portalurbano\/wp-content\/uploads\/2021\/09\/Ezequiel-Galli-recibio-a-las-768x512.jpg",640,427,true],"large":["https:\/\/experienciadevida.com.ar\/portalurbano\/wp-content\/uploads\/2021\/09\/Ezequiel-Galli-recibio-a-las.jpg",640,427,false],"ug_big":["https:\/\/experienciadevida.com.ar\/portalurbano\/wp-content\/uploads\/2021\/09\/Ezequiel-Galli-recibio-a-las-768x512.jpg",768,512,true],"1536x1536":["https:\/\/experienciadevida.com.ar\/portalurbano\/wp-content\/uploads\/2021\/09\/Ezequiel-Galli-recibio-a-las.jpg",1024,683,false],"2048x2048":["https:\/\/experienciadevida.com.ar\/portalurbano\/wp-content\/uploads\/2021\/09\/Ezequiel-Galli-recibio-a-las.jpg",1024,683,false],"newsever-slider-full":["https:\/\/experienciadevida.com.ar\/portalurbano\/wp-content\/uploads\/2021\/09\/Ezequiel-Galli-recibio-a-las.jpg",1024,683,false],"newsever-featured":["https:\/\/experienciadevida.com.ar\/portalurbano\/wp-content\/uploads\/2021\/09\/Ezequiel-Galli-recibio-a-las.jpg",1024,683,false],"newsever-medium":["https:\/\/experienciadevida.com.ar\/portalurbano\/wp-content\/uploads\/2021\/09\/Ezequiel-Galli-recibio-a-las.jpg",712,475,false],"web-stories-poster-portrait":["https:\/\/experienciadevida.com.ar\/portalurbano\/wp-content\/uploads\/2021\/09\/Ezequiel-Galli-recibio-a-las.jpg",640,427,false],"web-stories-publisher-logo":["https:\/\/experienciadevida.com.ar\/portalurbano\/wp-content\/uploads\/2021\/09\/Ezequiel-Galli-recibio-a-las.jpg",96,64,false],"web-stories-thumbnail":["https:\/\/experienciadevida.com.ar\/portalurbano\/wp-content\/uploads\/2021\/09\/Ezequiel-Galli-recibio-a-las.jpg",150,100,false]},"author_info":{"display_name":"admpu17wp","author_link":"https:\/\/experienciadevida.com.ar\/portalurbano\/author\/admpu17wp\/"},"category_info":"<a href=\"https:\/\/experienciadevida.com.ar\/portalurbano\/category\/ciudad\/\" rel=\"category tag\">Ciudad<\/a> <a href=\"https:\/\/experienciadevida.com.ar\/portalurbano\/category\/destacadas-2\/\" rel=\"category tag\">Destacadas 2<\/a>","tag_info":"Destacadas 2","comment_count":"0","amp_enabled":true,"_links":{"self":[{"href":"https:\/\/experienciadevida.com.ar\/portalurbano\/wp-json\/wp\/v2\/posts\/151677"}],"collection":[{"href":"https:\/\/experienciadevida.com.ar\/portalurbano\/wp-json\/wp\/v2\/posts"}],"about":[{"href":"https:\/\/experienciadevida.com.ar\/portalurbano\/wp-json\/wp\/v2\/types\/post"}],"author":[{"embeddable":true,"href":"https:\/\/experienciadevida.com.ar\/portalurbano\/wp-json\/wp\/v2\/users\/1"}],"replies":[{"embeddable":true,"href":"https:\/\/experienciadevida.com.ar\/portalurbano\/wp-json\/wp\/v2\/comments?post=151677"}],"version-history":[{"count":3,"href":"https:\/\/experienciadevida.com.ar\/portalurbano\/wp-json\/wp\/v2\/posts\/151677\/revisions"}],"predecessor-version":[{"id":151681,"href":"https:\/\/experienciadevida.com.ar\/portalurbano\/wp-json\/wp\/v2\/posts\/151677\/revisions\/151681"}],"wp:featuredmedia":[{"embeddable":true,"href":"https:\/\/experienciadevida.com.ar\/portalurbano\/wp-json\/wp\/v2\/media\/151678"}],"wp:attachment":[{"href":"https:\/\/experienciadevida.com.ar\/portalurbano\/wp-json\/wp\/v2\/media?parent=151677"}],"wp:term":[{"taxonomy":"category","embeddable":true,"href":"https:\/\/experienciadevida.com.ar\/portalurbano\/wp-json\/wp\/v2\/categories?post=151677"},{"taxonomy":"post_tag","embeddable":true,"href":"https:\/\/experienciadevida.com.ar\/portalurbano\/wp-json\/wp\/v2\/tags?post=151677"}],"curies":[{"name":"wp","href":"https:\/\/api.w.org\/{rel}","templated":true}]}}