{"id":151518,"date":"2021-08-30T18:19:03","date_gmt":"2021-08-30T21:19:03","guid":{"rendered":"https:\/\/experienciadevida.com.ar\/portalurbano\/?p=151518"},"modified":"2021-08-30T18:22:16","modified_gmt":"2021-08-30T21:22:16","slug":"ezequiel-galli-visito-la-sociedad-de-fomento-del-barrio-aoma","status":"publish","type":"post","link":"https:\/\/experienciadevida.com.ar\/portalurbano\/ezequiel-galli-visito-la-sociedad-de-fomento-del-barrio-aoma\/","title":{"rendered":"Ezequiel Galli visit\u00f3 la Sociedad de Fomento del barrio AOMA"},"content":{"rendered":"<p>Ezequiel Galli visit\u00f3 la Sociedad de Fomento del barrio AOMA.<\/p>\n<p>En la tarde de este lunes el intendente municipal Ezequiel Galli visit\u00f3 la Sociedad de Fomento \u201cCarlos Von Bernard\u201d del barrio AOMA.<\/p>\n<p>En la oportunidad, el jefe comunal estuvo acompa\u00f1ado por el Secretario de Desarrollo Humano y Calidad de Vida Diego Robbiani, el presidente del HCD Bruno Cenizo y la concejal Mar\u00eda Jos\u00e9 Gonz\u00e1lez.<\/p>\n<p>En la sede de la Sociedad de Fomento, los funcionarios municipales dialogaron con el dirigente barrial Walter \u201cPano\u201d Vega y con el nuevo presidente de la entidad Mauricio Navarro sobre los desaf\u00edos que afrontar\u00e1 en su cargo.<\/p>\n<p>Al respecto, Ezequiel Galli dijo: \u201cvinimos a dialogar con Mauricio y la nueva comisi\u00f3n y, como siempre, nos pusimos a disposici\u00f3n para trabajar de manera conjunta por el bien de los vecinos\u201d.<\/p>\n<p>\u201cEs muy importante que haya una renovaci\u00f3n en la dirigencia fomentista y que \u201cPano\u201d pueda aportarle toda su experiencia desde otro lugar despu\u00e9s de hacer un gran trabajo en el barrio\u201d, finaliz\u00f3.<\/p>\n<p>&nbsp;<\/p>\n","protected":false},"excerpt":{"rendered":"<p>Ezequiel Galli visit\u00f3 la Sociedad de Fomento del barrio AOMA. En la tarde de este&#8230;<\/p>\n","protected":false},"author":1,"featured_media":151519,"comment_status":"closed","ping_status":"closed","sticky":false,"template":"","format":"standard","meta":{"content-type":""},"categories":[27,64],"tags":[],"nelio_content":{"isAutoShareEnabled":false,"autoShareEndMode":"default","automationSources":{"useContentSentences":true,"useSocialTemplates":true,"useCustomSentences":false,"customSentences":[]},"followers":[1],"suggestedReferences":[],"includedReferences":[],"efiUrl":"","efiAlt":"","highlights":[]},"yoast_head":"<!-- This site is optimized with the Yoast SEO plugin v20.7 - https:\/\/yoast.com\/wordpress\/plugins\/seo\/ -->\n<title>Ezequiel Galli visit\u00f3 la sociedad de fomento del barrio AOMA<\/title>\n<meta name=\"description\" content=\"Ezequiel Galli visit\u00f3 la Sociedad de Fomento del barrio AOMA, acompa\u00f1ado por Robbiani, Cenizo y la concejal Mar\u00eda Jos\u00e9 Gonz\u00e1lez.\" \/>\n<meta name=\"robots\" content=\"index, follow, max-snippet:-1, max-image-preview:large, max-video-preview:-1\" \/>\n<link rel=\"canonical\" href=\"https:\/\/experienciadevida.com.ar\/portalurbano\/ezequiel-galli-visito-la-sociedad-de-fomento-del-barrio-aoma\/\" \/>\n<meta property=\"og:locale\" content=\"es_ES\" \/>\n<meta property=\"og:type\" content=\"article\" \/>\n<meta property=\"og:title\" content=\"Ezequiel Galli visit\u00f3 la sociedad de fomento del barrio AOMA\" \/>\n<meta property=\"og:description\" content=\"Ezequiel Galli visit\u00f3 la Sociedad de Fomento del barrio AOMA, acompa\u00f1ado por Robbiani, Cenizo y la concejal Mar\u00eda Jos\u00e9 Gonz\u00e1lez.\" \/>\n<meta property=\"og:url\" content=\"https:\/\/experienciadevida.com.ar\/portalurbano\/ezequiel-galli-visito-la-sociedad-de-fomento-del-barrio-aoma\/\" \/>\n<meta property=\"article:publisher\" content=\"https:\/\/www.facebook.com\/Portal-Urbano-171542830093757\/\" \/>\n<meta property=\"article:published_time\" content=\"2021-08-30T21:19:03+00:00\" \/>\n<meta property=\"article:modified_time\" content=\"2021-08-30T21:22:16+00:00\" \/>\n<meta property=\"og:image\" content=\"https:\/\/experienciadevida.com.ar\/portalurbano\/wp-content\/uploads\/2021\/08\/Ezequiel-Galli-visito-la-Sociedad.jpg\" \/>\n\t<meta property=\"og:image:width\" content=\"1024\" \/>\n\t<meta property=\"og:image:height\" content=\"514\" \/>\n\t<meta property=\"og:image:type\" content=\"image\/jpeg\" \/>\n<meta name=\"author\" content=\"admpu17wp\" \/>\n<meta name=\"twitter:card\" content=\"summary_large_image\" \/>\n<meta name=\"twitter:creator\" content=\"@portalurbanook\" \/>\n<meta name=\"twitter:site\" content=\"@portalurbanook\" \/>\n<meta name=\"twitter:label1\" content=\"Escrito por\" \/>\n\t<meta name=\"twitter:data1\" content=\"admpu17wp\" \/>\n\t<meta name=\"twitter:label2\" content=\"Tiempo de lectura\" \/>\n\t<meta name=\"twitter:data2\" content=\"1 minuto\" \/>\n<script type=\"application\/ld+json\" class=\"yoast-schema-graph\">{\"@context\":\"https:\/\/schema.org\",\"@graph\":[{\"@type\":\"Article\",\"@id\":\"https:\/\/experienciadevida.com.ar\/portalurbano\/ezequiel-galli-visito-la-sociedad-de-fomento-del-barrio-aoma\/#article\",\"isPartOf\":{\"@id\":\"https:\/\/experienciadevida.com.ar\/portalurbano\/ezequiel-galli-visito-la-sociedad-de-fomento-del-barrio-aoma\/\"},\"author\":{\"name\":\"admpu17wp\",\"@id\":\"https:\/\/experienciadevida.com.ar\/portalurbano\/#\/schema\/person\/02dd326b1c4b056e9cc972486934a3a7\"},\"headline\":\"Ezequiel Galli visit\u00f3 la Sociedad de Fomento del barrio AOMA\",\"datePublished\":\"2021-08-30T21:19:03+00:00\",\"dateModified\":\"2021-08-30T21:22:16+00:00\",\"mainEntityOfPage\":{\"@id\":\"https:\/\/experienciadevida.com.ar\/portalurbano\/ezequiel-galli-visito-la-sociedad-de-fomento-del-barrio-aoma\/\"},\"wordCount\":184,\"publisher\":{\"@id\":\"https:\/\/experienciadevida.com.ar\/portalurbano\/#organization\"},\"articleSection\":[\"Ciudad\",\"Destacadas 2\"],\"inLanguage\":\"es\"},{\"@type\":\"WebPage\",\"@id\":\"https:\/\/experienciadevida.com.ar\/portalurbano\/ezequiel-galli-visito-la-sociedad-de-fomento-del-barrio-aoma\/\",\"url\":\"https:\/\/experienciadevida.com.ar\/portalurbano\/ezequiel-galli-visito-la-sociedad-de-fomento-del-barrio-aoma\/\",\"name\":\"Ezequiel Galli visit\u00f3 la sociedad de fomento del barrio AOMA\",\"isPartOf\":{\"@id\":\"https:\/\/experienciadevida.com.ar\/portalurbano\/#website\"},\"datePublished\":\"2021-08-30T21:19:03+00:00\",\"dateModified\":\"2021-08-30T21:22:16+00:00\",\"description\":\"Ezequiel Galli visit\u00f3 la Sociedad de Fomento del barrio AOMA, acompa\u00f1ado por Robbiani, Cenizo y la concejal Mar\u00eda Jos\u00e9 Gonz\u00e1lez.\",\"breadcrumb\":{\"@id\":\"https:\/\/experienciadevida.com.ar\/portalurbano\/ezequiel-galli-visito-la-sociedad-de-fomento-del-barrio-aoma\/#breadcrumb\"},\"inLanguage\":\"es\",\"potentialAction\":[{\"@type\":\"ReadAction\",\"target\":[\"https:\/\/experienciadevida.com.ar\/portalurbano\/ezequiel-galli-visito-la-sociedad-de-fomento-del-barrio-aoma\/\"]}]},{\"@type\":\"BreadcrumbList\",\"@id\":\"https:\/\/experienciadevida.com.ar\/portalurbano\/ezequiel-galli-visito-la-sociedad-de-fomento-del-barrio-aoma\/#breadcrumb\",\"itemListElement\":[{\"@type\":\"ListItem\",\"position\":1,\"name\":\"Portada\",\"item\":\"https:\/\/experienciadevida.com.ar\/portalurbano\/\"},{\"@type\":\"ListItem\",\"position\":2,\"name\":\"Ezequiel Galli visit\u00f3 la Sociedad de Fomento del barrio AOMA\"}]},{\"@type\":\"WebSite\",\"@id\":\"https:\/\/experienciadevida.com.ar\/portalurbano\/#website\",\"url\":\"https:\/\/experienciadevida.com.ar\/portalurbano\/\",\"name\":\"\",\"description\":\"\",\"publisher\":{\"@id\":\"https:\/\/experienciadevida.com.ar\/portalurbano\/#organization\"},\"potentialAction\":[{\"@type\":\"SearchAction\",\"target\":{\"@type\":\"EntryPoint\",\"urlTemplate\":\"https:\/\/experienciadevida.com.ar\/portalurbano\/?s={search_term_string}\"},\"query-input\":\"required name=search_term_string\"}],\"inLanguage\":\"es\"},{\"@type\":\"Organization\",\"@id\":\"https:\/\/experienciadevida.com.ar\/portalurbano\/#organization\",\"name\":\"Portal Urbano\",\"url\":\"https:\/\/experienciadevida.com.ar\/portalurbano\/\",\"logo\":{\"@type\":\"ImageObject\",\"inLanguage\":\"es\",\"@id\":\"https:\/\/experienciadevida.com.ar\/portalurbano\/#\/schema\/logo\/image\/\",\"url\":\"https:\/\/experienciadevida.com.ar\/portalurbano\/wp-content\/uploads\/2019\/09\/Logo-Original.png\",\"contentUrl\":\"https:\/\/experienciadevida.com.ar\/portalurbano\/wp-content\/uploads\/2019\/09\/Logo-Original.png\",\"width\":2236,\"height\":1216,\"caption\":\"Portal Urbano\"},\"image\":{\"@id\":\"https:\/\/experienciadevida.com.ar\/portalurbano\/#\/schema\/logo\/image\/\"},\"sameAs\":[\"https:\/\/www.facebook.com\/Portal-Urbano-171542830093757\/\",\"https:\/\/twitter.com\/portalurbanook\",\"https:\/\/www.instagram.com\/_portalurbano\/\",\"https:\/\/www.youtube.com\/channel\/UCXhagIfszH8KxFiOok79zbA?view_as=subscriber\"]},{\"@type\":\"Person\",\"@id\":\"https:\/\/experienciadevida.com.ar\/portalurbano\/#\/schema\/person\/02dd326b1c4b056e9cc972486934a3a7\",\"name\":\"admpu17wp\",\"image\":{\"@type\":\"ImageObject\",\"inLanguage\":\"es\",\"@id\":\"https:\/\/experienciadevida.com.ar\/portalurbano\/#\/schema\/person\/image\/\",\"url\":\"https:\/\/secure.gravatar.com\/avatar\/830d4c57adaae6630765e449a6908047?s=96&d=mm&r=g\",\"contentUrl\":\"https:\/\/secure.gravatar.com\/avatar\/830d4c57adaae6630765e449a6908047?s=96&d=mm&r=g\",\"caption\":\"admpu17wp\"}}]}<\/script>\n<!-- \/ Yoast SEO plugin. -->","yoast_head_json":{"title":"Ezequiel Galli visit\u00f3 la sociedad de fomento del barrio AOMA","description":"Ezequiel Galli visit\u00f3 la Sociedad de Fomento del barrio AOMA, acompa\u00f1ado por Robbiani, Cenizo y la concejal Mar\u00eda Jos\u00e9 Gonz\u00e1lez.","robots":{"index":"index","follow":"follow","max-snippet":"max-snippet:-1","max-image-preview":"max-image-preview:large","max-video-preview":"max-video-preview:-1"},"canonical":"https:\/\/experienciadevida.com.ar\/portalurbano\/ezequiel-galli-visito-la-sociedad-de-fomento-del-barrio-aoma\/","og_locale":"es_ES","og_type":"article","og_title":"Ezequiel Galli visit\u00f3 la sociedad de fomento del barrio AOMA","og_description":"Ezequiel Galli visit\u00f3 la Sociedad de Fomento del barrio AOMA, acompa\u00f1ado por Robbiani, Cenizo y la concejal Mar\u00eda Jos\u00e9 Gonz\u00e1lez.","og_url":"https:\/\/experienciadevida.com.ar\/portalurbano\/ezequiel-galli-visito-la-sociedad-de-fomento-del-barrio-aoma\/","article_publisher":"https:\/\/www.facebook.com\/Portal-Urbano-171542830093757\/","article_published_time":"2021-08-30T21:19:03+00:00","article_modified_time":"2021-08-30T21:22:16+00:00","og_image":[{"width":1024,"height":514,"url":"https:\/\/experienciadevida.com.ar\/portalurbano\/wp-content\/uploads\/2021\/08\/Ezequiel-Galli-visito-la-Sociedad.jpg","type":"image\/jpeg"}],"author":"admpu17wp","twitter_card":"summary_large_image","twitter_creator":"@portalurbanook","twitter_site":"@portalurbanook","twitter_misc":{"Escrito por":"admpu17wp","Tiempo de lectura":"1 minuto"},"schema":{"@context":"https:\/\/schema.org","@graph":[{"@type":"Article","@id":"https:\/\/experienciadevida.com.ar\/portalurbano\/ezequiel-galli-visito-la-sociedad-de-fomento-del-barrio-aoma\/#article","isPartOf":{"@id":"https:\/\/experienciadevida.com.ar\/portalurbano\/ezequiel-galli-visito-la-sociedad-de-fomento-del-barrio-aoma\/"},"author":{"name":"admpu17wp","@id":"https:\/\/experienciadevida.com.ar\/portalurbano\/#\/schema\/person\/02dd326b1c4b056e9cc972486934a3a7"},"headline":"Ezequiel Galli visit\u00f3 la Sociedad de Fomento del barrio AOMA","datePublished":"2021-08-30T21:19:03+00:00","dateModified":"2021-08-30T21:22:16+00:00","mainEntityOfPage":{"@id":"https:\/\/experienciadevida.com.ar\/portalurbano\/ezequiel-galli-visito-la-sociedad-de-fomento-del-barrio-aoma\/"},"wordCount":184,"publisher":{"@id":"https:\/\/experienciadevida.com.ar\/portalurbano\/#organization"},"articleSection":["Ciudad","Destacadas 2"],"inLanguage":"es"},{"@type":"WebPage","@id":"https:\/\/experienciadevida.com.ar\/portalurbano\/ezequiel-galli-visito-la-sociedad-de-fomento-del-barrio-aoma\/","url":"https:\/\/experienciadevida.com.ar\/portalurbano\/ezequiel-galli-visito-la-sociedad-de-fomento-del-barrio-aoma\/","name":"Ezequiel Galli visit\u00f3 la sociedad de fomento del barrio AOMA","isPartOf":{"@id":"https:\/\/experienciadevida.com.ar\/portalurbano\/#website"},"datePublished":"2021-08-30T21:19:03+00:00","dateModified":"2021-08-30T21:22:16+00:00","description":"Ezequiel Galli visit\u00f3 la Sociedad de Fomento del barrio AOMA, acompa\u00f1ado por Robbiani, Cenizo y la concejal Mar\u00eda Jos\u00e9 Gonz\u00e1lez.","breadcrumb":{"@id":"https:\/\/experienciadevida.com.ar\/portalurbano\/ezequiel-galli-visito-la-sociedad-de-fomento-del-barrio-aoma\/#breadcrumb"},"inLanguage":"es","potentialAction":[{"@type":"ReadAction","target":["https:\/\/experienciadevida.com.ar\/portalurbano\/ezequiel-galli-visito-la-sociedad-de-fomento-del-barrio-aoma\/"]}]},{"@type":"BreadcrumbList","@id":"https:\/\/experienciadevida.com.ar\/portalurbano\/ezequiel-galli-visito-la-sociedad-de-fomento-del-barrio-aoma\/#breadcrumb","itemListElement":[{"@type":"ListItem","position":1,"name":"Portada","item":"https:\/\/experienciadevida.com.ar\/portalurbano\/"},{"@type":"ListItem","position":2,"name":"Ezequiel Galli visit\u00f3 la Sociedad de Fomento del barrio AOMA"}]},{"@type":"WebSite","@id":"https:\/\/experienciadevida.com.ar\/portalurbano\/#website","url":"https:\/\/experienciadevida.com.ar\/portalurbano\/","name":"","description":"","publisher":{"@id":"https:\/\/experienciadevida.com.ar\/portalurbano\/#organization"},"potentialAction":[{"@type":"SearchAction","target":{"@type":"EntryPoint","urlTemplate":"https:\/\/experienciadevida.com.ar\/portalurbano\/?s={search_term_string}"},"query-input":"required name=search_term_string"}],"inLanguage":"es"},{"@type":"Organization","@id":"https:\/\/experienciadevida.com.ar\/portalurbano\/#organization","name":"Portal Urbano","url":"https:\/\/experienciadevida.com.ar\/portalurbano\/","logo":{"@type":"ImageObject","inLanguage":"es","@id":"https:\/\/experienciadevida.com.ar\/portalurbano\/#\/schema\/logo\/image\/","url":"https:\/\/experienciadevida.com.ar\/portalurbano\/wp-content\/uploads\/2019\/09\/Logo-Original.png","contentUrl":"https:\/\/experienciadevida.com.ar\/portalurbano\/wp-content\/uploads\/2019\/09\/Logo-Original.png","width":2236,"height":1216,"caption":"Portal Urbano"},"image":{"@id":"https:\/\/experienciadevida.com.ar\/portalurbano\/#\/schema\/logo\/image\/"},"sameAs":["https:\/\/www.facebook.com\/Portal-Urbano-171542830093757\/","https:\/\/twitter.com\/portalurbanook","https:\/\/www.instagram.com\/_portalurbano\/","https:\/\/www.youtube.com\/channel\/UCXhagIfszH8KxFiOok79zbA?view_as=subscriber"]},{"@type":"Person","@id":"https:\/\/experienciadevida.com.ar\/portalurbano\/#\/schema\/person\/02dd326b1c4b056e9cc972486934a3a7","name":"admpu17wp","image":{"@type":"ImageObject","inLanguage":"es","@id":"https:\/\/experienciadevida.com.ar\/portalurbano\/#\/schema\/person\/image\/","url":"https:\/\/secure.gravatar.com\/avatar\/830d4c57adaae6630765e449a6908047?s=96&d=mm&r=g","contentUrl":"https:\/\/secure.gravatar.com\/avatar\/830d4c57adaae6630765e449a6908047?s=96&d=mm&r=g","caption":"admpu17wp"}}]}},"featured_image_urls":{"full":["https:\/\/experienciadevida.com.ar\/portalurbano\/wp-content\/uploads\/2021\/08\/Ezequiel-Galli-visito-la-Sociedad.jpg",1024,514,false],"thumbnail":["https:\/\/experienciadevida.com.ar\/portalurbano\/wp-content\/uploads\/2021\/08\/Ezequiel-Galli-visito-la-Sociedad-150x150.jpg",150,150,true],"medium":["https:\/\/experienciadevida.com.ar\/portalurbano\/wp-content\/uploads\/2021\/08\/Ezequiel-Galli-visito-la-Sociedad-300x151.jpg",300,151,true],"medium_large":["https:\/\/experienciadevida.com.ar\/portalurbano\/wp-content\/uploads\/2021\/08\/Ezequiel-Galli-visito-la-Sociedad-768x386.jpg",640,322,true],"large":["https:\/\/experienciadevida.com.ar\/portalurbano\/wp-content\/uploads\/2021\/08\/Ezequiel-Galli-visito-la-Sociedad.jpg",640,321,false],"ug_big":["https:\/\/experienciadevida.com.ar\/portalurbano\/wp-content\/uploads\/2021\/08\/Ezequiel-Galli-visito-la-Sociedad-768x386.jpg",768,386,true],"1536x1536":["https:\/\/experienciadevida.com.ar\/portalurbano\/wp-content\/uploads\/2021\/08\/Ezequiel-Galli-visito-la-Sociedad.jpg",1024,514,false],"2048x2048":["https:\/\/experienciadevida.com.ar\/portalurbano\/wp-content\/uploads\/2021\/08\/Ezequiel-Galli-visito-la-Sociedad.jpg",1024,514,false],"newsever-slider-full":["https:\/\/experienciadevida.com.ar\/portalurbano\/wp-content\/uploads\/2021\/08\/Ezequiel-Galli-visito-la-Sociedad.jpg",1024,514,false],"newsever-featured":["https:\/\/experienciadevida.com.ar\/portalurbano\/wp-content\/uploads\/2021\/08\/Ezequiel-Galli-visito-la-Sociedad.jpg",1024,514,false],"newsever-medium":["https:\/\/experienciadevida.com.ar\/portalurbano\/wp-content\/uploads\/2021\/08\/Ezequiel-Galli-visito-la-Sociedad.jpg",720,361,false],"web-stories-poster-portrait":["https:\/\/experienciadevida.com.ar\/portalurbano\/wp-content\/uploads\/2021\/08\/Ezequiel-Galli-visito-la-Sociedad.jpg",640,321,false],"web-stories-publisher-logo":["https:\/\/experienciadevida.com.ar\/portalurbano\/wp-content\/uploads\/2021\/08\/Ezequiel-Galli-visito-la-Sociedad.jpg",96,48,false],"web-stories-thumbnail":["https:\/\/experienciadevida.com.ar\/portalurbano\/wp-content\/uploads\/2021\/08\/Ezequiel-Galli-visito-la-Sociedad.jpg",150,75,false]},"author_info":{"display_name":"admpu17wp","author_link":"https:\/\/experienciadevida.com.ar\/portalurbano\/author\/admpu17wp\/"},"category_info":"<a href=\"https:\/\/experienciadevida.com.ar\/portalurbano\/category\/ciudad\/\" rel=\"category tag\">Ciudad<\/a> <a href=\"https:\/\/experienciadevida.com.ar\/portalurbano\/category\/destacadas-2\/\" rel=\"category tag\">Destacadas 2<\/a>","tag_info":"Destacadas 2","comment_count":"0","amp_enabled":true,"_links":{"self":[{"href":"https:\/\/experienciadevida.com.ar\/portalurbano\/wp-json\/wp\/v2\/posts\/151518"}],"collection":[{"href":"https:\/\/experienciadevida.com.ar\/portalurbano\/wp-json\/wp\/v2\/posts"}],"about":[{"href":"https:\/\/experienciadevida.com.ar\/portalurbano\/wp-json\/wp\/v2\/types\/post"}],"author":[{"embeddable":true,"href":"https:\/\/experienciadevida.com.ar\/portalurbano\/wp-json\/wp\/v2\/users\/1"}],"replies":[{"embeddable":true,"href":"https:\/\/experienciadevida.com.ar\/portalurbano\/wp-json\/wp\/v2\/comments?post=151518"}],"version-history":[{"count":1,"href":"https:\/\/experienciadevida.com.ar\/portalurbano\/wp-json\/wp\/v2\/posts\/151518\/revisions"}],"predecessor-version":[{"id":151520,"href":"https:\/\/experienciadevida.com.ar\/portalurbano\/wp-json\/wp\/v2\/posts\/151518\/revisions\/151520"}],"wp:featuredmedia":[{"embeddable":true,"href":"https:\/\/experienciadevida.com.ar\/portalurbano\/wp-json\/wp\/v2\/media\/151519"}],"wp:attachment":[{"href":"https:\/\/experienciadevida.com.ar\/portalurbano\/wp-json\/wp\/v2\/media?parent=151518"}],"wp:term":[{"taxonomy":"category","embeddable":true,"href":"https:\/\/experienciadevida.com.ar\/portalurbano\/wp-json\/wp\/v2\/categories?post=151518"},{"taxonomy":"post_tag","embeddable":true,"href":"https:\/\/experienciadevida.com.ar\/portalurbano\/wp-json\/wp\/v2\/tags?post=151518"}],"curies":[{"name":"wp","href":"https:\/\/api.w.org\/{rel}","templated":true}]}}