{"id":151503,"date":"2021-08-30T17:12:06","date_gmt":"2021-08-30T20:12:06","guid":{"rendered":"https:\/\/experienciadevida.com.ar\/portalurbano\/?p=151503"},"modified":"2021-08-30T17:13:06","modified_gmt":"2021-08-30T20:13:06","slug":"la-provincia-logro-la-adhesion-para-canjear-el-98-de-su-deuda-en-moneda-extranjera","status":"publish","type":"post","link":"https:\/\/experienciadevida.com.ar\/portalurbano\/la-provincia-logro-la-adhesion-para-canjear-el-98-de-su-deuda-en-moneda-extranjera\/","title":{"rendered":"La Provincia logr\u00f3 la adhesi\u00f3n para canjear el 98% de su deuda en moneda extranjera"},"content":{"rendered":"<p>La Provincia logr\u00f3 la adhesi\u00f3n para canjear el 98% de su deuda en moneda extranjera, \u201cEs un resultado muy positivo que nos permite recuperar las condiciones para tener una deuda sostenible\u201d, dijo el ministro de Hacienda, Pablo L\u00f3pez.<\/p>\n<p>El gobernador Axel Kicillof y el ministro de Hacienda y Finanzas bonaerense, Pablo L\u00f3pez, anunciaron este lunes que la Provincia obtuvo \u201cuna adhesi\u00f3n suficiente para canjear el 98% de la deuda en moneda extranjera y bajo ley extranjera\u201d, tras concluir el viernes pasado el proceso de recepci\u00f3n de ofertas a la propuesta de reestructuraci\u00f3n de esos compromisos.<\/p>\n<p>\u201cEl 98% de todos los acreedores entraron al canje, lo cual significa pr\u00e1cticamente una aceptaci\u00f3n un\u00e1nime\u201d, resalt\u00f3 el gobernador en el marco de una conferencia de prensa en Casa de Gobierno en la que brind\u00f3 precisiones sobre la operaci\u00f3n financiera acordada tras 20 pr\u00f3rrogas concedidas desde abril del 2020. \u201cNunca abandonamos el camino del di\u00e1logo con los acreedores\u201d, se\u00f1al\u00f3.<\/p>\n<p>\u201cEsto es lo que hizo que esta negociaci\u00f3n fuera tan extendida en el tiempo: no est\u00e1bamos dispuestos a firmar un compromiso que pusiera en riesgo las finanzas p\u00fablicas provinciales en el futuro, algo que fuera incumplible para la provincia\u201d, ampli\u00f3.<\/p>\n<p>Y en ese sentido, sobre el acuerdo, consider\u00f3: \u201cGenera un alivio muy grande en los pr\u00f3ximos a\u00f1os, en el largo plazo y es sostenible, es decir, acorde a las capacidades de pago de la provincia\u201d, al tiempo que record\u00f3 que \u201cel 94% de la deuda que tom\u00f3 (Mar\u00eda Eugenia) Vidal venc\u00eda en los cuatro a\u00f1os siguientes\u201d.<\/p>\n<p>\u201cEs un resultado muy positivo que nos permite recuperar las condiciones para tener una deuda sostenible en la provincia de Buenos Aires\u201d, dijo por su parte, Pablo L\u00f3pez.<\/p>\n<p>En ese sentido, el funcionario explic\u00f3 que con las nuevas condiciones, se obtuvo \u201cun alivio financiero de m\u00e1s de 4.600 millones de d\u00f3lares, entre este a\u00f1o y el a\u00f1o 2027\u201d. Y a\u00f1adi\u00f3: \u201cEso nos permite generar y tener espacio para realizar las inversiones en infraestructura e infraestructura social que la provincia tanto necesita\u201d.<\/p>\n<p>Asimismo, explic\u00f3 que adem\u00e1s de ese alivio de mediano y corto plazo, \u201cvamos a tener un perfil sostenible de la deuda a largo plazo\u201d. Y ampli\u00f3: \u201cHemos reducido considerablemente el costo promedio de la deuda y estirado los plazos sustancialmente. La verdad es que tengo una enorme satisfacci\u00f3n por comunicar este resultado\u201d.<\/p>\n<p>\u201cEl ciclo de endeudamiento m\u00e1s ruinoso\u201d<\/p>\n<p>En ese marco, el gobernador Axel Kicillof sali\u00f3 al cruce de los principales dirigentes de Juntos por el Cambio en el marco del debate por el endeudamiento, en medio de la estrategia electoral de cara a las pr\u00f3ximas elecciones.<\/p>\n<p>\u201cEl proceso de endeudamiento que llevaron adelante hace poco, cuando fueron Gobierno, representa en toda la historia de la Argentina, el ciclo de endeudamiento m\u00e1s ruinoso de toda esa saga, por su velocidad, por la composici\u00f3n de ese endeudamiento y porque han alcanzado el r\u00e9cord de ser el primer gobierno que se endeud\u00f3, no pudo pagar y se endeud\u00f3 con el FMI y terminaron en default. Esto no tendr\u00eda que ser objeto de discusi\u00f3n\u201d, se\u00f1al\u00f3 Kicillof.<\/p>\n<p>En ese sentido, L\u00f3pez aport\u00f3: \u201cVidal daba a entender que es lo mismo cualquier deuda, pero no es para nada lo mismo la moneda en la que se contraen y los plazos en los que se contraen para generar las condiciones de devoluci\u00f3n. Durante la gesti\u00f3n anterior se contrajo deuda por m\u00e1s 5.500 millones en moneda extranjera, que hab\u00eda que afrontar entre 2020 y 2023\u201d, se\u00f1al\u00f3.<\/p>\n<p>En esa l\u00ednea, Kicillof precis\u00f3: \u201cEs cierto que los estados nacionales y provinciales tienen una deuda compuesta por diferentes tipos de compromisos: puede estar en pesos o en d\u00f3lares; la parte que est\u00e1 en d\u00f3lares puede ser con acreedores privados o con el mismo Estado, con leyes extranjeras o con leyes nacionales. No es dif\u00edcil comprender que el endeudamiento m\u00e1s complejo, desde el punto de vista de su gesti\u00f3n y pagos, es aquel que est\u00e1 en moneda extranjera y con el sector privado. Es colocar deuda en Wall Street y es lo que nos llev\u00f3 a los defaults hist\u00f3ricos en la Argentina\u201d.<\/p>\n<p>Kicillof explic\u00f3 que \u201cel stock de deuda de la provincia de Buenos Aires en moneda extranjera pas\u00f3 de 5400 millones a 9134 millones, lo que representa una suba del 68%\u201d y se pregunt\u00f3: \u201c\u00bfPara qu\u00e9? Para nada. La pregunta es por qu\u00e9 una provincia como Buenos Aires toma deuda en Wall Street. Eso es algo que todav\u00eda no han podido explicar\u201d.<\/p>\n<p>\u201cFue una saga de desastres lo que hicieron con la deuda. Es tan simple este relato que llama la atenci\u00f3n las mentiras que tienen que decir para convertirlo en otro\u201d, enfatiz\u00f3.<\/p>\n<p>Y por \u00faltimo, se\u00f1al\u00f3: \u201cVidal recibi\u00f3 una provincia en t\u00e9rminos de endeudamiento claramente en mejores condiciones que la dej\u00f3\u201d y \u201ca partir de ahora la provincia de Buenos Aires vuelve a la normalidad financiera con mayores plazos y una menor carga de intereses\u201d<\/p>\n<p>Fuente: DIB<\/p>\n","protected":false},"excerpt":{"rendered":"<p>La Provincia logr\u00f3 la adhesi\u00f3n para canjear el 98% de su deuda en moneda extranjera,&#8230;<\/p>\n","protected":false},"author":1,"featured_media":151504,"comment_status":"closed","ping_status":"closed","sticky":false,"template":"","format":"standard","meta":{"content-type":""},"categories":[64,44],"tags":[],"nelio_content":{"isAutoShareEnabled":false,"autoShareEndMode":"default","automationSources":{"useContentSentences":true,"useSocialTemplates":true,"useCustomSentences":false,"customSentences":[]},"followers":[1],"suggestedReferences":[],"includedReferences":[],"efiUrl":"","efiAlt":"","highlights":[]},"yoast_head":"<!-- This site is optimized with the Yoast SEO plugin v20.7 - https:\/\/yoast.com\/wordpress\/plugins\/seo\/ -->\n<title>La Provincia logr\u00f3 la adhesi\u00f3n para canjear el 98% de su deuda en moneda extranjera -<\/title>\n<meta name=\"robots\" content=\"index, follow, max-snippet:-1, max-image-preview:large, max-video-preview:-1\" \/>\n<link rel=\"canonical\" href=\"https:\/\/experienciadevida.com.ar\/portalurbano\/la-provincia-logro-la-adhesion-para-canjear-el-98-de-su-deuda-en-moneda-extranjera\/\" \/>\n<meta property=\"og:locale\" content=\"es_ES\" \/>\n<meta property=\"og:type\" content=\"article\" \/>\n<meta property=\"og:title\" content=\"La Provincia logr\u00f3 la adhesi\u00f3n para canjear el 98% de su deuda en moneda extranjera -\" \/>\n<meta property=\"og:description\" content=\"La Provincia logr\u00f3 la adhesi\u00f3n para canjear el 98% de su deuda en moneda extranjera,...\" \/>\n<meta property=\"og:url\" content=\"https:\/\/experienciadevida.com.ar\/portalurbano\/la-provincia-logro-la-adhesion-para-canjear-el-98-de-su-deuda-en-moneda-extranjera\/\" \/>\n<meta property=\"article:publisher\" content=\"https:\/\/www.facebook.com\/Portal-Urbano-171542830093757\/\" \/>\n<meta property=\"article:published_time\" content=\"2021-08-30T20:12:06+00:00\" \/>\n<meta property=\"article:modified_time\" content=\"2021-08-30T20:13:06+00:00\" \/>\n<meta property=\"og:image\" content=\"https:\/\/experienciadevida.com.ar\/portalurbano\/wp-content\/uploads\/2021\/08\/La-Provincia-logro-la-adhesion.jpg\" \/>\n\t<meta property=\"og:image:width\" content=\"1068\" \/>\n\t<meta property=\"og:image:height\" content=\"711\" \/>\n\t<meta property=\"og:image:type\" content=\"image\/jpeg\" \/>\n<meta name=\"author\" content=\"admpu17wp\" \/>\n<meta name=\"twitter:card\" content=\"summary_large_image\" \/>\n<meta name=\"twitter:creator\" content=\"@portalurbanook\" \/>\n<meta name=\"twitter:site\" content=\"@portalurbanook\" \/>\n<meta name=\"twitter:label1\" content=\"Escrito por\" \/>\n\t<meta name=\"twitter:data1\" content=\"admpu17wp\" \/>\n\t<meta name=\"twitter:label2\" content=\"Tiempo de lectura\" \/>\n\t<meta name=\"twitter:data2\" content=\"4 minutos\" \/>\n<script type=\"application\/ld+json\" class=\"yoast-schema-graph\">{\"@context\":\"https:\/\/schema.org\",\"@graph\":[{\"@type\":\"Article\",\"@id\":\"https:\/\/experienciadevida.com.ar\/portalurbano\/la-provincia-logro-la-adhesion-para-canjear-el-98-de-su-deuda-en-moneda-extranjera\/#article\",\"isPartOf\":{\"@id\":\"https:\/\/experienciadevida.com.ar\/portalurbano\/la-provincia-logro-la-adhesion-para-canjear-el-98-de-su-deuda-en-moneda-extranjera\/\"},\"author\":{\"name\":\"admpu17wp\",\"@id\":\"https:\/\/experienciadevida.com.ar\/portalurbano\/#\/schema\/person\/02dd326b1c4b056e9cc972486934a3a7\"},\"headline\":\"La Provincia logr\u00f3 la adhesi\u00f3n para canjear el 98% de su deuda en moneda extranjera\",\"datePublished\":\"2021-08-30T20:12:06+00:00\",\"dateModified\":\"2021-08-30T20:13:06+00:00\",\"mainEntityOfPage\":{\"@id\":\"https:\/\/experienciadevida.com.ar\/portalurbano\/la-provincia-logro-la-adhesion-para-canjear-el-98-de-su-deuda-en-moneda-extranjera\/\"},\"wordCount\":864,\"publisher\":{\"@id\":\"https:\/\/experienciadevida.com.ar\/portalurbano\/#organization\"},\"articleSection\":[\"Destacadas 2\",\"Provincia\"],\"inLanguage\":\"es\"},{\"@type\":\"WebPage\",\"@id\":\"https:\/\/experienciadevida.com.ar\/portalurbano\/la-provincia-logro-la-adhesion-para-canjear-el-98-de-su-deuda-en-moneda-extranjera\/\",\"url\":\"https:\/\/experienciadevida.com.ar\/portalurbano\/la-provincia-logro-la-adhesion-para-canjear-el-98-de-su-deuda-en-moneda-extranjera\/\",\"name\":\"La Provincia logr\u00f3 la adhesi\u00f3n para canjear el 98% de su deuda en moneda extranjera -\",\"isPartOf\":{\"@id\":\"https:\/\/experienciadevida.com.ar\/portalurbano\/#website\"},\"datePublished\":\"2021-08-30T20:12:06+00:00\",\"dateModified\":\"2021-08-30T20:13:06+00:00\",\"breadcrumb\":{\"@id\":\"https:\/\/experienciadevida.com.ar\/portalurbano\/la-provincia-logro-la-adhesion-para-canjear-el-98-de-su-deuda-en-moneda-extranjera\/#breadcrumb\"},\"inLanguage\":\"es\",\"potentialAction\":[{\"@type\":\"ReadAction\",\"target\":[\"https:\/\/experienciadevida.com.ar\/portalurbano\/la-provincia-logro-la-adhesion-para-canjear-el-98-de-su-deuda-en-moneda-extranjera\/\"]}]},{\"@type\":\"BreadcrumbList\",\"@id\":\"https:\/\/experienciadevida.com.ar\/portalurbano\/la-provincia-logro-la-adhesion-para-canjear-el-98-de-su-deuda-en-moneda-extranjera\/#breadcrumb\",\"itemListElement\":[{\"@type\":\"ListItem\",\"position\":1,\"name\":\"Portada\",\"item\":\"https:\/\/experienciadevida.com.ar\/portalurbano\/\"},{\"@type\":\"ListItem\",\"position\":2,\"name\":\"La Provincia logr\u00f3 la adhesi\u00f3n para canjear el 98% de su deuda en moneda extranjera\"}]},{\"@type\":\"WebSite\",\"@id\":\"https:\/\/experienciadevida.com.ar\/portalurbano\/#website\",\"url\":\"https:\/\/experienciadevida.com.ar\/portalurbano\/\",\"name\":\"\",\"description\":\"\",\"publisher\":{\"@id\":\"https:\/\/experienciadevida.com.ar\/portalurbano\/#organization\"},\"potentialAction\":[{\"@type\":\"SearchAction\",\"target\":{\"@type\":\"EntryPoint\",\"urlTemplate\":\"https:\/\/experienciadevida.com.ar\/portalurbano\/?s={search_term_string}\"},\"query-input\":\"required name=search_term_string\"}],\"inLanguage\":\"es\"},{\"@type\":\"Organization\",\"@id\":\"https:\/\/experienciadevida.com.ar\/portalurbano\/#organization\",\"name\":\"Portal Urbano\",\"url\":\"https:\/\/experienciadevida.com.ar\/portalurbano\/\",\"logo\":{\"@type\":\"ImageObject\",\"inLanguage\":\"es\",\"@id\":\"https:\/\/experienciadevida.com.ar\/portalurbano\/#\/schema\/logo\/image\/\",\"url\":\"https:\/\/experienciadevida.com.ar\/portalurbano\/wp-content\/uploads\/2019\/09\/Logo-Original.png\",\"contentUrl\":\"https:\/\/experienciadevida.com.ar\/portalurbano\/wp-content\/uploads\/2019\/09\/Logo-Original.png\",\"width\":2236,\"height\":1216,\"caption\":\"Portal Urbano\"},\"image\":{\"@id\":\"https:\/\/experienciadevida.com.ar\/portalurbano\/#\/schema\/logo\/image\/\"},\"sameAs\":[\"https:\/\/www.facebook.com\/Portal-Urbano-171542830093757\/\",\"https:\/\/twitter.com\/portalurbanook\",\"https:\/\/www.instagram.com\/_portalurbano\/\",\"https:\/\/www.youtube.com\/channel\/UCXhagIfszH8KxFiOok79zbA?view_as=subscriber\"]},{\"@type\":\"Person\",\"@id\":\"https:\/\/experienciadevida.com.ar\/portalurbano\/#\/schema\/person\/02dd326b1c4b056e9cc972486934a3a7\",\"name\":\"admpu17wp\",\"image\":{\"@type\":\"ImageObject\",\"inLanguage\":\"es\",\"@id\":\"https:\/\/experienciadevida.com.ar\/portalurbano\/#\/schema\/person\/image\/\",\"url\":\"https:\/\/secure.gravatar.com\/avatar\/830d4c57adaae6630765e449a6908047?s=96&d=mm&r=g\",\"contentUrl\":\"https:\/\/secure.gravatar.com\/avatar\/830d4c57adaae6630765e449a6908047?s=96&d=mm&r=g\",\"caption\":\"admpu17wp\"}}]}<\/script>\n<!-- \/ Yoast SEO plugin. -->","yoast_head_json":{"title":"La Provincia logr\u00f3 la adhesi\u00f3n para canjear el 98% de su deuda en moneda extranjera -","robots":{"index":"index","follow":"follow","max-snippet":"max-snippet:-1","max-image-preview":"max-image-preview:large","max-video-preview":"max-video-preview:-1"},"canonical":"https:\/\/experienciadevida.com.ar\/portalurbano\/la-provincia-logro-la-adhesion-para-canjear-el-98-de-su-deuda-en-moneda-extranjera\/","og_locale":"es_ES","og_type":"article","og_title":"La Provincia logr\u00f3 la adhesi\u00f3n para canjear el 98% de su deuda en moneda extranjera -","og_description":"La Provincia logr\u00f3 la adhesi\u00f3n para canjear el 98% de su deuda en moneda extranjera,...","og_url":"https:\/\/experienciadevida.com.ar\/portalurbano\/la-provincia-logro-la-adhesion-para-canjear-el-98-de-su-deuda-en-moneda-extranjera\/","article_publisher":"https:\/\/www.facebook.com\/Portal-Urbano-171542830093757\/","article_published_time":"2021-08-30T20:12:06+00:00","article_modified_time":"2021-08-30T20:13:06+00:00","og_image":[{"width":1068,"height":711,"url":"https:\/\/experienciadevida.com.ar\/portalurbano\/wp-content\/uploads\/2021\/08\/La-Provincia-logro-la-adhesion.jpg","type":"image\/jpeg"}],"author":"admpu17wp","twitter_card":"summary_large_image","twitter_creator":"@portalurbanook","twitter_site":"@portalurbanook","twitter_misc":{"Escrito por":"admpu17wp","Tiempo de lectura":"4 minutos"},"schema":{"@context":"https:\/\/schema.org","@graph":[{"@type":"Article","@id":"https:\/\/experienciadevida.com.ar\/portalurbano\/la-provincia-logro-la-adhesion-para-canjear-el-98-de-su-deuda-en-moneda-extranjera\/#article","isPartOf":{"@id":"https:\/\/experienciadevida.com.ar\/portalurbano\/la-provincia-logro-la-adhesion-para-canjear-el-98-de-su-deuda-en-moneda-extranjera\/"},"author":{"name":"admpu17wp","@id":"https:\/\/experienciadevida.com.ar\/portalurbano\/#\/schema\/person\/02dd326b1c4b056e9cc972486934a3a7"},"headline":"La Provincia logr\u00f3 la adhesi\u00f3n para canjear el 98% de su deuda en moneda extranjera","datePublished":"2021-08-30T20:12:06+00:00","dateModified":"2021-08-30T20:13:06+00:00","mainEntityOfPage":{"@id":"https:\/\/experienciadevida.com.ar\/portalurbano\/la-provincia-logro-la-adhesion-para-canjear-el-98-de-su-deuda-en-moneda-extranjera\/"},"wordCount":864,"publisher":{"@id":"https:\/\/experienciadevida.com.ar\/portalurbano\/#organization"},"articleSection":["Destacadas 2","Provincia"],"inLanguage":"es"},{"@type":"WebPage","@id":"https:\/\/experienciadevida.com.ar\/portalurbano\/la-provincia-logro-la-adhesion-para-canjear-el-98-de-su-deuda-en-moneda-extranjera\/","url":"https:\/\/experienciadevida.com.ar\/portalurbano\/la-provincia-logro-la-adhesion-para-canjear-el-98-de-su-deuda-en-moneda-extranjera\/","name":"La Provincia logr\u00f3 la adhesi\u00f3n para canjear el 98% de su deuda en moneda extranjera -","isPartOf":{"@id":"https:\/\/experienciadevida.com.ar\/portalurbano\/#website"},"datePublished":"2021-08-30T20:12:06+00:00","dateModified":"2021-08-30T20:13:06+00:00","breadcrumb":{"@id":"https:\/\/experienciadevida.com.ar\/portalurbano\/la-provincia-logro-la-adhesion-para-canjear-el-98-de-su-deuda-en-moneda-extranjera\/#breadcrumb"},"inLanguage":"es","potentialAction":[{"@type":"ReadAction","target":["https:\/\/experienciadevida.com.ar\/portalurbano\/la-provincia-logro-la-adhesion-para-canjear-el-98-de-su-deuda-en-moneda-extranjera\/"]}]},{"@type":"BreadcrumbList","@id":"https:\/\/experienciadevida.com.ar\/portalurbano\/la-provincia-logro-la-adhesion-para-canjear-el-98-de-su-deuda-en-moneda-extranjera\/#breadcrumb","itemListElement":[{"@type":"ListItem","position":1,"name":"Portada","item":"https:\/\/experienciadevida.com.ar\/portalurbano\/"},{"@type":"ListItem","position":2,"name":"La Provincia logr\u00f3 la adhesi\u00f3n para canjear el 98% de su deuda en moneda extranjera"}]},{"@type":"WebSite","@id":"https:\/\/experienciadevida.com.ar\/portalurbano\/#website","url":"https:\/\/experienciadevida.com.ar\/portalurbano\/","name":"","description":"","publisher":{"@id":"https:\/\/experienciadevida.com.ar\/portalurbano\/#organization"},"potentialAction":[{"@type":"SearchAction","target":{"@type":"EntryPoint","urlTemplate":"https:\/\/experienciadevida.com.ar\/portalurbano\/?s={search_term_string}"},"query-input":"required name=search_term_string"}],"inLanguage":"es"},{"@type":"Organization","@id":"https:\/\/experienciadevida.com.ar\/portalurbano\/#organization","name":"Portal Urbano","url":"https:\/\/experienciadevida.com.ar\/portalurbano\/","logo":{"@type":"ImageObject","inLanguage":"es","@id":"https:\/\/experienciadevida.com.ar\/portalurbano\/#\/schema\/logo\/image\/","url":"https:\/\/experienciadevida.com.ar\/portalurbano\/wp-content\/uploads\/2019\/09\/Logo-Original.png","contentUrl":"https:\/\/experienciadevida.com.ar\/portalurbano\/wp-content\/uploads\/2019\/09\/Logo-Original.png","width":2236,"height":1216,"caption":"Portal Urbano"},"image":{"@id":"https:\/\/experienciadevida.com.ar\/portalurbano\/#\/schema\/logo\/image\/"},"sameAs":["https:\/\/www.facebook.com\/Portal-Urbano-171542830093757\/","https:\/\/twitter.com\/portalurbanook","https:\/\/www.instagram.com\/_portalurbano\/","https:\/\/www.youtube.com\/channel\/UCXhagIfszH8KxFiOok79zbA?view_as=subscriber"]},{"@type":"Person","@id":"https:\/\/experienciadevida.com.ar\/portalurbano\/#\/schema\/person\/02dd326b1c4b056e9cc972486934a3a7","name":"admpu17wp","image":{"@type":"ImageObject","inLanguage":"es","@id":"https:\/\/experienciadevida.com.ar\/portalurbano\/#\/schema\/person\/image\/","url":"https:\/\/secure.gravatar.com\/avatar\/830d4c57adaae6630765e449a6908047?s=96&d=mm&r=g","contentUrl":"https:\/\/secure.gravatar.com\/avatar\/830d4c57adaae6630765e449a6908047?s=96&d=mm&r=g","caption":"admpu17wp"}}]}},"featured_image_urls":{"full":["https:\/\/experienciadevida.com.ar\/portalurbano\/wp-content\/uploads\/2021\/08\/La-Provincia-logro-la-adhesion.jpg",1068,711,false],"thumbnail":["https:\/\/experienciadevida.com.ar\/portalurbano\/wp-content\/uploads\/2021\/08\/La-Provincia-logro-la-adhesion-150x150.jpg",150,150,true],"medium":["https:\/\/experienciadevida.com.ar\/portalurbano\/wp-content\/uploads\/2021\/08\/La-Provincia-logro-la-adhesion-300x200.jpg",300,200,true],"medium_large":["https:\/\/experienciadevida.com.ar\/portalurbano\/wp-content\/uploads\/2021\/08\/La-Provincia-logro-la-adhesion-768x511.jpg",640,426,true],"large":["https:\/\/experienciadevida.com.ar\/portalurbano\/wp-content\/uploads\/2021\/08\/La-Provincia-logro-la-adhesion-1024x682.jpg",640,426,true],"ug_big":["https:\/\/experienciadevida.com.ar\/portalurbano\/wp-content\/uploads\/2021\/08\/La-Provincia-logro-la-adhesion-768x511.jpg",768,511,true],"1536x1536":["https:\/\/experienciadevida.com.ar\/portalurbano\/wp-content\/uploads\/2021\/08\/La-Provincia-logro-la-adhesion.jpg",1068,711,false],"2048x2048":["https:\/\/experienciadevida.com.ar\/portalurbano\/wp-content\/uploads\/2021\/08\/La-Provincia-logro-la-adhesion.jpg",1068,711,false],"newsever-slider-full":["https:\/\/experienciadevida.com.ar\/portalurbano\/wp-content\/uploads\/2021\/08\/La-Provincia-logro-la-adhesion.jpg",1068,711,false],"newsever-featured":["https:\/\/experienciadevida.com.ar\/portalurbano\/wp-content\/uploads\/2021\/08\/La-Provincia-logro-la-adhesion.jpg",1024,682,false],"newsever-medium":["https:\/\/experienciadevida.com.ar\/portalurbano\/wp-content\/uploads\/2021\/08\/La-Provincia-logro-la-adhesion.jpg",714,475,false],"web-stories-poster-portrait":["https:\/\/experienciadevida.com.ar\/portalurbano\/wp-content\/uploads\/2021\/08\/La-Provincia-logro-la-adhesion.jpg",640,426,false],"web-stories-publisher-logo":["https:\/\/experienciadevida.com.ar\/portalurbano\/wp-content\/uploads\/2021\/08\/La-Provincia-logro-la-adhesion.jpg",96,64,false],"web-stories-thumbnail":["https:\/\/experienciadevida.com.ar\/portalurbano\/wp-content\/uploads\/2021\/08\/La-Provincia-logro-la-adhesion.jpg",150,100,false]},"author_info":{"display_name":"admpu17wp","author_link":"https:\/\/experienciadevida.com.ar\/portalurbano\/author\/admpu17wp\/"},"category_info":"<a href=\"https:\/\/experienciadevida.com.ar\/portalurbano\/category\/destacadas-2\/\" rel=\"category tag\">Destacadas 2<\/a> <a href=\"https:\/\/experienciadevida.com.ar\/portalurbano\/category\/provincia\/\" rel=\"category tag\">Provincia<\/a>","tag_info":"Provincia","comment_count":"0","amp_enabled":true,"_links":{"self":[{"href":"https:\/\/experienciadevida.com.ar\/portalurbano\/wp-json\/wp\/v2\/posts\/151503"}],"collection":[{"href":"https:\/\/experienciadevida.com.ar\/portalurbano\/wp-json\/wp\/v2\/posts"}],"about":[{"href":"https:\/\/experienciadevida.com.ar\/portalurbano\/wp-json\/wp\/v2\/types\/post"}],"author":[{"embeddable":true,"href":"https:\/\/experienciadevida.com.ar\/portalurbano\/wp-json\/wp\/v2\/users\/1"}],"replies":[{"embeddable":true,"href":"https:\/\/experienciadevida.com.ar\/portalurbano\/wp-json\/wp\/v2\/comments?post=151503"}],"version-history":[{"count":1,"href":"https:\/\/experienciadevida.com.ar\/portalurbano\/wp-json\/wp\/v2\/posts\/151503\/revisions"}],"predecessor-version":[{"id":151505,"href":"https:\/\/experienciadevida.com.ar\/portalurbano\/wp-json\/wp\/v2\/posts\/151503\/revisions\/151505"}],"wp:featuredmedia":[{"embeddable":true,"href":"https:\/\/experienciadevida.com.ar\/portalurbano\/wp-json\/wp\/v2\/media\/151504"}],"wp:attachment":[{"href":"https:\/\/experienciadevida.com.ar\/portalurbano\/wp-json\/wp\/v2\/media?parent=151503"}],"wp:term":[{"taxonomy":"category","embeddable":true,"href":"https:\/\/experienciadevida.com.ar\/portalurbano\/wp-json\/wp\/v2\/categories?post=151503"},{"taxonomy":"post_tag","embeddable":true,"href":"https:\/\/experienciadevida.com.ar\/portalurbano\/wp-json\/wp\/v2\/tags?post=151503"}],"curies":[{"name":"wp","href":"https:\/\/api.w.org\/{rel}","templated":true}]}}