{"id":151460,"date":"2021-08-29T19:53:59","date_gmt":"2021-08-29T22:53:59","guid":{"rendered":"https:\/\/experienciadevida.com.ar\/portalurbano\/?p=151460"},"modified":"2021-08-29T20:32:06","modified_gmt":"2021-08-29T23:32:06","slug":"con-la-orquesta-escuela-y-la-banda-juvenil-hugo-bazzano-culminaron-los-festejos-por-el-mes-de-la-ninez","status":"publish","type":"post","link":"https:\/\/experienciadevida.com.ar\/portalurbano\/con-la-orquesta-escuela-y-la-banda-juvenil-hugo-bazzano-culminaron-los-festejos-por-el-mes-de-la-ninez\/","title":{"rendered":"Con la Orquesta Escuela y la Banda Juvenil \u201cHugo Bazzano\u201d culminaron los festejos por el Mes de la Ni\u00f1ez"},"content":{"rendered":"<p>Con la Orquesta Escuela y la Banda Juvenil \u201cHugo Bazzano\u201d culminaron los festejos por el Mes de la Ni\u00f1ez.<\/p>\n<p>Durante todos los fines de semana del mes de agosto se realizaron diferentes espect\u00e1culos en el Teatro <a href=\"https:\/\/www.facebook.com\/olavarria.teatro\">Municipal<\/a> en el marco del Mes de la Ni\u00f1ez.<\/p>\n<p>La propuesta, organizada en conjunto por el Municipio, MANO y Radio Sapiens, cont\u00f3 con la presentaci\u00f3n de la Escuela Municipal de Teatro, el Ballet Folkl\u00f3rico Municipal, el grupo de danzas folkl\u00f3ricas \u201cAy\u00fcnPurrun\u201d, la Escuela Municipal de Danzas y Las Rockisticas en la Sala Local.<\/p>\n<p>Este domingo, en un evento conducido por Melisa McDonald, el cierre estuvo a cargo de la Orquesta Escuela y la Banda Juvenil \u201cHugo Bazzano\u201d, que deleitaron al p\u00fablico con un repertorio acorde a la celebraci\u00f3n.<\/p>\n<p>Con la Orquesta Escuela y la Banda Juvenil \u201cHugo Bazzano\u201d culminaron los festejos por el Mes de la Ni\u00f1ez, Adem\u00e1s, se realiz\u00f3 el sorteo de siete bicicletas con los cupones distribuidos en diferentes barrios de Olavarr\u00eda y localidades donde se entregaron juguetes y golosinas: Eucaliptus, Isaura, Bel\u00e9n, Mataderos, Cuarteles, Trabajadores, Lourdes, 4 de Octubre, El Progreso, Pickleado, San Mart\u00edn, Dorrego, Alberdi, Facundo Quiroga I, Facundo Quiroga II, Luz y Fuerza, Villa Magdalena, Villa Aurora y las localidades: Loma Negra, Hinojo, Colonia Hinojo, Sierras Bayas, Sierra Chica, Colonia San Miguel.<\/p>\n<p>\u201cHac\u00eda mucho tiempo que no pod\u00edamos tener el Teatro como hoy, me pone muy contento ver familias, j\u00f3venes y ni\u00f1os viviendo este espect\u00e1culo. Felicito a todo el equipo por lo que hicieron en este tiempo para organizar este Mes de la Ni\u00f1ez\u201d, dijo el secretario de Desarrollo Humano y Calidad de Vida Diego <a href=\"https:\/\/www.facebook.com\/diegorobbiani\">Robbiani<\/a>.<\/p>\n<p>Asimismo indic\u00f3 que \u201cfue un mes hermoso, una experiencia distinta, vivir el D\u00eda del Ni\u00f1o de esta manera, con las empresas que nos acompa\u00f1aron. Pudimos armar cuatro findes muy lindos, para regalar juguetes y golosinas en muchos barrios y localidades. Y ac\u00e1 en el Teatro tuvimos espect\u00e1culos de calidad\u201d.<\/p>\n<p>\u201cSiempre digo lo mismo, la cara de un ni\u00f1o cuando recibe un juguete lo es todo\u201d, concluy\u00f3.<\/p>\n<p>Tambi\u00e9n la subsecretaria de Cultura y Educaci\u00f3n Agustina <a href=\"https:\/\/www.facebook.com\/agustina.marino.507\">Marino<\/a> agradeci\u00f3 \u201cal p\u00fablico que se anima a venir. Intentamos que se sientan c\u00f3modos. Tambi\u00e9n artistas y estudiantes, felicitaciones por lo que nos brindaron. Las Escuelas Municipales son el semillero y trabajan en educaci\u00f3n permanente. El arte nos salva y ac\u00e1 est\u00e1 de nuevo y nos han ofrecido durante este mes tantos espect\u00e1culos de calidad\u201d.<\/p>\n<p>Luego de la palabra de los funcionarios, con la presencia \u2013tambi\u00e9n\u2013 de Gonzalo Bahl de MANO, el director de Cultura Mariano Sarthou, la directora del Teatro Karina Ostertag, el coordinador de Desarrollo Social Mariano Ciancio y representantes de empresas que acompa\u00f1aron la iniciativa, se realiz\u00f3 el sorteo de siete bicicletas.<\/p>\n<p>Las mismas fueron para: Mar\u00eda Guadalupe Peralta, Tiziano Aguirre, Lautaro Potela, Nicol\u00e1s Alejandro, Ferreira Renata, Uriel Boado y Nahiara Santell\u00e1n.<\/p>\n<p><a href=\"https:\/\/experienciadevida.com.ar\/portalurbano\/con-la-orquesta-escuela-y-la-banda-juvenil-hugo-bazzano-culminaron-los-festejos-por-el-mes-de-la-ninez\/con-la-orquesta\/\" rel=\"attachment wp-att-151475\"><img decoding=\"async\" class=\"alignnone size-full wp-image-151475\" src=\"https:\/\/experienciadevida.com.ar\/portalurbano\/wp-content\/uploads\/2021\/08\/Con-la-Orquesta.jpeg\" alt=\"Con la Orquesta \" width=\"1024\" height=\"768\" srcset=\"https:\/\/experienciadevida.com.ar\/portalurbano\/wp-content\/uploads\/2021\/08\/Con-la-Orquesta.jpeg 1024w, https:\/\/experienciadevida.com.ar\/portalurbano\/wp-content\/uploads\/2021\/08\/Con-la-Orquesta-300x225.jpeg 300w, https:\/\/experienciadevida.com.ar\/portalurbano\/wp-content\/uploads\/2021\/08\/Con-la-Orquesta-768x576.jpeg 768w\" sizes=\"(max-width: 1024px) 100vw, 1024px\" \/><\/a><\/p>\n<p><a href=\"https:\/\/experienciadevida.com.ar\/portalurbano\/con-la-orquesta-escuela-y-la-banda-juvenil-hugo-bazzano-culminaron-los-festejos-por-el-mes-de-la-ninez\/escuela-18\/\" rel=\"attachment wp-att-151476\"><img decoding=\"async\" class=\"alignnone size-full wp-image-151476\" src=\"https:\/\/experienciadevida.com.ar\/portalurbano\/wp-content\/uploads\/2021\/08\/Escuela.jpeg\" alt=\"Escuela \" width=\"1024\" height=\"768\" srcset=\"https:\/\/experienciadevida.com.ar\/portalurbano\/wp-content\/uploads\/2021\/08\/Escuela.jpeg 1024w, https:\/\/experienciadevida.com.ar\/portalurbano\/wp-content\/uploads\/2021\/08\/Escuela-300x225.jpeg 300w, https:\/\/experienciadevida.com.ar\/portalurbano\/wp-content\/uploads\/2021\/08\/Escuela-768x576.jpeg 768w\" sizes=\"(max-width: 1024px) 100vw, 1024px\" \/><\/a><\/p>\n<p><a href=\"https:\/\/experienciadevida.com.ar\/portalurbano\/con-la-orquesta-escuela-y-la-banda-juvenil-hugo-bazzano-culminaron-los-festejos-por-el-mes-de-la-ninez\/orquesta-3\/\" rel=\"attachment wp-att-151477\"><img decoding=\"async\" class=\"alignnone size-full wp-image-151477\" src=\"https:\/\/experienciadevida.com.ar\/portalurbano\/wp-content\/uploads\/2021\/08\/Orquesta.jpeg\" alt=\"Orquesta \" width=\"1024\" height=\"768\" srcset=\"https:\/\/experienciadevida.com.ar\/portalurbano\/wp-content\/uploads\/2021\/08\/Orquesta.jpeg 1024w, https:\/\/experienciadevida.com.ar\/portalurbano\/wp-content\/uploads\/2021\/08\/Orquesta-300x225.jpeg 300w, https:\/\/experienciadevida.com.ar\/portalurbano\/wp-content\/uploads\/2021\/08\/Orquesta-768x576.jpeg 768w\" sizes=\"(max-width: 1024px) 100vw, 1024px\" \/><\/a><\/p>\n<p><a href=\"https:\/\/experienciadevida.com.ar\/portalurbano\/con-la-orquesta-escuela-y-la-banda-juvenil-hugo-bazzano-culminaron-los-festejos-por-el-mes-de-la-ninez\/cultura-cierre-mes-de-la-ninez-2\/\" rel=\"attachment wp-att-151478\"><img decoding=\"async\" class=\"alignnone size-full wp-image-151478\" src=\"https:\/\/experienciadevida.com.ar\/portalurbano\/wp-content\/uploads\/2021\/08\/Cultura-Cierre-mes-de-la-ninez-2.jpeg\" alt=\"\" width=\"1024\" height=\"768\" srcset=\"https:\/\/experienciadevida.com.ar\/portalurbano\/wp-content\/uploads\/2021\/08\/Cultura-Cierre-mes-de-la-ninez-2.jpeg 1024w, https:\/\/experienciadevida.com.ar\/portalurbano\/wp-content\/uploads\/2021\/08\/Cultura-Cierre-mes-de-la-ninez-2-300x225.jpeg 300w, https:\/\/experienciadevida.com.ar\/portalurbano\/wp-content\/uploads\/2021\/08\/Cultura-Cierre-mes-de-la-ninez-2-768x576.jpeg 768w\" sizes=\"(max-width: 1024px) 100vw, 1024px\" \/><\/a><\/p>\n<p><a href=\"https:\/\/experienciadevida.com.ar\/portalurbano\/con-la-orquesta-escuela-y-la-banda-juvenil-hugo-bazzano-culminaron-los-festejos-por-el-mes-de-la-ninez\/cultura-cierre-mes-de-la-ninez-3\/\" rel=\"attachment wp-att-151479\"><img decoding=\"async\" class=\"alignnone size-full wp-image-151479\" src=\"https:\/\/experienciadevida.com.ar\/portalurbano\/wp-content\/uploads\/2021\/08\/Cultura-Cierre-mes-de-la-ninez-3.jpeg\" alt=\"\" width=\"1024\" height=\"768\" srcset=\"https:\/\/experienciadevida.com.ar\/portalurbano\/wp-content\/uploads\/2021\/08\/Cultura-Cierre-mes-de-la-ninez-3.jpeg 1024w, https:\/\/experienciadevida.com.ar\/portalurbano\/wp-content\/uploads\/2021\/08\/Cultura-Cierre-mes-de-la-ninez-3-300x225.jpeg 300w, https:\/\/experienciadevida.com.ar\/portalurbano\/wp-content\/uploads\/2021\/08\/Cultura-Cierre-mes-de-la-ninez-3-768x576.jpeg 768w\" sizes=\"(max-width: 1024px) 100vw, 1024px\" \/><\/a><\/p>\n","protected":false},"excerpt":{"rendered":"<p>Con la Orquesta Escuela y la Banda Juvenil \u201cHugo Bazzano\u201d culminaron los festejos por el&#8230;<\/p>\n","protected":false},"author":1,"featured_media":151461,"comment_status":"closed","ping_status":"closed","sticky":false,"template":"","format":"standard","meta":{"content-type":""},"categories":[27,64],"tags":[],"nelio_content":{"isAutoShareEnabled":false,"autoShareEndMode":"default","automationSources":{"useContentSentences":true,"useSocialTemplates":true,"useCustomSentences":false,"customSentences":[]},"followers":[1],"suggestedReferences":[],"includedReferences":[],"efiUrl":"","efiAlt":"","highlights":[]},"yoast_head":"<!-- This site is optimized with the Yoast SEO plugin v20.7 - https:\/\/yoast.com\/wordpress\/plugins\/seo\/ -->\n<title>Con la Orquesta escuela y la banda juvenil culminaron los festejos<\/title>\n<meta name=\"description\" content=\"Con la Orquesta Escuela y la Banda Juvenil \u201cHugo Bazzano\u201d culminaron los festejos por el Mes de la Ni\u00f1ez, en el teatro Municipal.\" \/>\n<meta name=\"robots\" content=\"index, follow, max-snippet:-1, max-image-preview:large, max-video-preview:-1\" \/>\n<link rel=\"canonical\" href=\"https:\/\/experienciadevida.com.ar\/portalurbano\/con-la-orquesta-escuela-y-la-banda-juvenil-hugo-bazzano-culminaron-los-festejos-por-el-mes-de-la-ninez\/\" \/>\n<meta property=\"og:locale\" content=\"es_ES\" \/>\n<meta property=\"og:type\" content=\"article\" \/>\n<meta property=\"og:title\" content=\"Con la Orquesta escuela y la banda juvenil culminaron los festejos\" \/>\n<meta property=\"og:description\" content=\"Con la Orquesta Escuela y la Banda Juvenil \u201cHugo Bazzano\u201d culminaron los festejos por el Mes de la Ni\u00f1ez, en el teatro Municipal.\" \/>\n<meta property=\"og:url\" content=\"https:\/\/experienciadevida.com.ar\/portalurbano\/con-la-orquesta-escuela-y-la-banda-juvenil-hugo-bazzano-culminaron-los-festejos-por-el-mes-de-la-ninez\/\" \/>\n<meta property=\"article:publisher\" content=\"https:\/\/www.facebook.com\/Portal-Urbano-171542830093757\/\" \/>\n<meta property=\"article:published_time\" content=\"2021-08-29T22:53:59+00:00\" \/>\n<meta property=\"article:modified_time\" content=\"2021-08-29T23:32:06+00:00\" \/>\n<meta property=\"og:image\" content=\"https:\/\/experienciadevida.com.ar\/portalurbano\/wp-content\/uploads\/2021\/08\/Con-la-Orquesta-Escuela-y.jpeg\" \/>\n\t<meta property=\"og:image:width\" content=\"1024\" \/>\n\t<meta property=\"og:image:height\" content=\"768\" \/>\n\t<meta property=\"og:image:type\" content=\"image\/jpeg\" \/>\n<meta name=\"author\" content=\"admpu17wp\" \/>\n<meta name=\"twitter:card\" content=\"summary_large_image\" \/>\n<meta name=\"twitter:creator\" content=\"@portalurbanook\" \/>\n<meta name=\"twitter:site\" content=\"@portalurbanook\" \/>\n<meta name=\"twitter:label1\" content=\"Escrito por\" \/>\n\t<meta name=\"twitter:data1\" content=\"admpu17wp\" \/>\n\t<meta name=\"twitter:label2\" content=\"Tiempo de lectura\" \/>\n\t<meta name=\"twitter:data2\" content=\"3 minutos\" \/>\n<script type=\"application\/ld+json\" class=\"yoast-schema-graph\">{\"@context\":\"https:\/\/schema.org\",\"@graph\":[{\"@type\":\"Article\",\"@id\":\"https:\/\/experienciadevida.com.ar\/portalurbano\/con-la-orquesta-escuela-y-la-banda-juvenil-hugo-bazzano-culminaron-los-festejos-por-el-mes-de-la-ninez\/#article\",\"isPartOf\":{\"@id\":\"https:\/\/experienciadevida.com.ar\/portalurbano\/con-la-orquesta-escuela-y-la-banda-juvenil-hugo-bazzano-culminaron-los-festejos-por-el-mes-de-la-ninez\/\"},\"author\":{\"name\":\"admpu17wp\",\"@id\":\"https:\/\/experienciadevida.com.ar\/portalurbano\/#\/schema\/person\/02dd326b1c4b056e9cc972486934a3a7\"},\"headline\":\"Con la Orquesta Escuela y la Banda Juvenil \u201cHugo Bazzano\u201d culminaron los festejos por el Mes de la Ni\u00f1ez\",\"datePublished\":\"2021-08-29T22:53:59+00:00\",\"dateModified\":\"2021-08-29T23:32:06+00:00\",\"mainEntityOfPage\":{\"@id\":\"https:\/\/experienciadevida.com.ar\/portalurbano\/con-la-orquesta-escuela-y-la-banda-juvenil-hugo-bazzano-culminaron-los-festejos-por-el-mes-de-la-ninez\/\"},\"wordCount\":522,\"publisher\":{\"@id\":\"https:\/\/experienciadevida.com.ar\/portalurbano\/#organization\"},\"articleSection\":[\"Ciudad\",\"Destacadas 2\"],\"inLanguage\":\"es\"},{\"@type\":\"WebPage\",\"@id\":\"https:\/\/experienciadevida.com.ar\/portalurbano\/con-la-orquesta-escuela-y-la-banda-juvenil-hugo-bazzano-culminaron-los-festejos-por-el-mes-de-la-ninez\/\",\"url\":\"https:\/\/experienciadevida.com.ar\/portalurbano\/con-la-orquesta-escuela-y-la-banda-juvenil-hugo-bazzano-culminaron-los-festejos-por-el-mes-de-la-ninez\/\",\"name\":\"Con la Orquesta escuela y la banda juvenil culminaron los festejos\",\"isPartOf\":{\"@id\":\"https:\/\/experienciadevida.com.ar\/portalurbano\/#website\"},\"datePublished\":\"2021-08-29T22:53:59+00:00\",\"dateModified\":\"2021-08-29T23:32:06+00:00\",\"description\":\"Con la Orquesta Escuela y la Banda Juvenil \u201cHugo Bazzano\u201d culminaron los festejos por el Mes de la Ni\u00f1ez, en el teatro Municipal.\",\"breadcrumb\":{\"@id\":\"https:\/\/experienciadevida.com.ar\/portalurbano\/con-la-orquesta-escuela-y-la-banda-juvenil-hugo-bazzano-culminaron-los-festejos-por-el-mes-de-la-ninez\/#breadcrumb\"},\"inLanguage\":\"es\",\"potentialAction\":[{\"@type\":\"ReadAction\",\"target\":[\"https:\/\/experienciadevida.com.ar\/portalurbano\/con-la-orquesta-escuela-y-la-banda-juvenil-hugo-bazzano-culminaron-los-festejos-por-el-mes-de-la-ninez\/\"]}]},{\"@type\":\"BreadcrumbList\",\"@id\":\"https:\/\/experienciadevida.com.ar\/portalurbano\/con-la-orquesta-escuela-y-la-banda-juvenil-hugo-bazzano-culminaron-los-festejos-por-el-mes-de-la-ninez\/#breadcrumb\",\"itemListElement\":[{\"@type\":\"ListItem\",\"position\":1,\"name\":\"Portada\",\"item\":\"https:\/\/experienciadevida.com.ar\/portalurbano\/\"},{\"@type\":\"ListItem\",\"position\":2,\"name\":\"Con la Orquesta Escuela y la Banda Juvenil \u201cHugo Bazzano\u201d culminaron los festejos por el Mes de la Ni\u00f1ez\"}]},{\"@type\":\"WebSite\",\"@id\":\"https:\/\/experienciadevida.com.ar\/portalurbano\/#website\",\"url\":\"https:\/\/experienciadevida.com.ar\/portalurbano\/\",\"name\":\"\",\"description\":\"\",\"publisher\":{\"@id\":\"https:\/\/experienciadevida.com.ar\/portalurbano\/#organization\"},\"potentialAction\":[{\"@type\":\"SearchAction\",\"target\":{\"@type\":\"EntryPoint\",\"urlTemplate\":\"https:\/\/experienciadevida.com.ar\/portalurbano\/?s={search_term_string}\"},\"query-input\":\"required name=search_term_string\"}],\"inLanguage\":\"es\"},{\"@type\":\"Organization\",\"@id\":\"https:\/\/experienciadevida.com.ar\/portalurbano\/#organization\",\"name\":\"Portal Urbano\",\"url\":\"https:\/\/experienciadevida.com.ar\/portalurbano\/\",\"logo\":{\"@type\":\"ImageObject\",\"inLanguage\":\"es\",\"@id\":\"https:\/\/experienciadevida.com.ar\/portalurbano\/#\/schema\/logo\/image\/\",\"url\":\"https:\/\/experienciadevida.com.ar\/portalurbano\/wp-content\/uploads\/2019\/09\/Logo-Original.png\",\"contentUrl\":\"https:\/\/experienciadevida.com.ar\/portalurbano\/wp-content\/uploads\/2019\/09\/Logo-Original.png\",\"width\":2236,\"height\":1216,\"caption\":\"Portal Urbano\"},\"image\":{\"@id\":\"https:\/\/experienciadevida.com.ar\/portalurbano\/#\/schema\/logo\/image\/\"},\"sameAs\":[\"https:\/\/www.facebook.com\/Portal-Urbano-171542830093757\/\",\"https:\/\/twitter.com\/portalurbanook\",\"https:\/\/www.instagram.com\/_portalurbano\/\",\"https:\/\/www.youtube.com\/channel\/UCXhagIfszH8KxFiOok79zbA?view_as=subscriber\"]},{\"@type\":\"Person\",\"@id\":\"https:\/\/experienciadevida.com.ar\/portalurbano\/#\/schema\/person\/02dd326b1c4b056e9cc972486934a3a7\",\"name\":\"admpu17wp\",\"image\":{\"@type\":\"ImageObject\",\"inLanguage\":\"es\",\"@id\":\"https:\/\/experienciadevida.com.ar\/portalurbano\/#\/schema\/person\/image\/\",\"url\":\"https:\/\/secure.gravatar.com\/avatar\/830d4c57adaae6630765e449a6908047?s=96&d=mm&r=g\",\"contentUrl\":\"https:\/\/secure.gravatar.com\/avatar\/830d4c57adaae6630765e449a6908047?s=96&d=mm&r=g\",\"caption\":\"admpu17wp\"}}]}<\/script>\n<!-- \/ Yoast SEO plugin. -->","yoast_head_json":{"title":"Con la Orquesta escuela y la banda juvenil culminaron los festejos","description":"Con la Orquesta Escuela y la Banda Juvenil \u201cHugo Bazzano\u201d culminaron los festejos por el Mes de la Ni\u00f1ez, en el teatro Municipal.","robots":{"index":"index","follow":"follow","max-snippet":"max-snippet:-1","max-image-preview":"max-image-preview:large","max-video-preview":"max-video-preview:-1"},"canonical":"https:\/\/experienciadevida.com.ar\/portalurbano\/con-la-orquesta-escuela-y-la-banda-juvenil-hugo-bazzano-culminaron-los-festejos-por-el-mes-de-la-ninez\/","og_locale":"es_ES","og_type":"article","og_title":"Con la Orquesta escuela y la banda juvenil culminaron los festejos","og_description":"Con la Orquesta Escuela y la Banda Juvenil \u201cHugo Bazzano\u201d culminaron los festejos por el Mes de la Ni\u00f1ez, en el teatro Municipal.","og_url":"https:\/\/experienciadevida.com.ar\/portalurbano\/con-la-orquesta-escuela-y-la-banda-juvenil-hugo-bazzano-culminaron-los-festejos-por-el-mes-de-la-ninez\/","article_publisher":"https:\/\/www.facebook.com\/Portal-Urbano-171542830093757\/","article_published_time":"2021-08-29T22:53:59+00:00","article_modified_time":"2021-08-29T23:32:06+00:00","og_image":[{"width":1024,"height":768,"url":"https:\/\/experienciadevida.com.ar\/portalurbano\/wp-content\/uploads\/2021\/08\/Con-la-Orquesta-Escuela-y.jpeg","type":"image\/jpeg"}],"author":"admpu17wp","twitter_card":"summary_large_image","twitter_creator":"@portalurbanook","twitter_site":"@portalurbanook","twitter_misc":{"Escrito por":"admpu17wp","Tiempo de lectura":"3 minutos"},"schema":{"@context":"https:\/\/schema.org","@graph":[{"@type":"Article","@id":"https:\/\/experienciadevida.com.ar\/portalurbano\/con-la-orquesta-escuela-y-la-banda-juvenil-hugo-bazzano-culminaron-los-festejos-por-el-mes-de-la-ninez\/#article","isPartOf":{"@id":"https:\/\/experienciadevida.com.ar\/portalurbano\/con-la-orquesta-escuela-y-la-banda-juvenil-hugo-bazzano-culminaron-los-festejos-por-el-mes-de-la-ninez\/"},"author":{"name":"admpu17wp","@id":"https:\/\/experienciadevida.com.ar\/portalurbano\/#\/schema\/person\/02dd326b1c4b056e9cc972486934a3a7"},"headline":"Con la Orquesta Escuela y la Banda Juvenil \u201cHugo Bazzano\u201d culminaron los festejos por el Mes de la Ni\u00f1ez","datePublished":"2021-08-29T22:53:59+00:00","dateModified":"2021-08-29T23:32:06+00:00","mainEntityOfPage":{"@id":"https:\/\/experienciadevida.com.ar\/portalurbano\/con-la-orquesta-escuela-y-la-banda-juvenil-hugo-bazzano-culminaron-los-festejos-por-el-mes-de-la-ninez\/"},"wordCount":522,"publisher":{"@id":"https:\/\/experienciadevida.com.ar\/portalurbano\/#organization"},"articleSection":["Ciudad","Destacadas 2"],"inLanguage":"es"},{"@type":"WebPage","@id":"https:\/\/experienciadevida.com.ar\/portalurbano\/con-la-orquesta-escuela-y-la-banda-juvenil-hugo-bazzano-culminaron-los-festejos-por-el-mes-de-la-ninez\/","url":"https:\/\/experienciadevida.com.ar\/portalurbano\/con-la-orquesta-escuela-y-la-banda-juvenil-hugo-bazzano-culminaron-los-festejos-por-el-mes-de-la-ninez\/","name":"Con la Orquesta escuela y la banda juvenil culminaron los festejos","isPartOf":{"@id":"https:\/\/experienciadevida.com.ar\/portalurbano\/#website"},"datePublished":"2021-08-29T22:53:59+00:00","dateModified":"2021-08-29T23:32:06+00:00","description":"Con la Orquesta Escuela y la Banda Juvenil \u201cHugo Bazzano\u201d culminaron los festejos por el Mes de la Ni\u00f1ez, en el teatro Municipal.","breadcrumb":{"@id":"https:\/\/experienciadevida.com.ar\/portalurbano\/con-la-orquesta-escuela-y-la-banda-juvenil-hugo-bazzano-culminaron-los-festejos-por-el-mes-de-la-ninez\/#breadcrumb"},"inLanguage":"es","potentialAction":[{"@type":"ReadAction","target":["https:\/\/experienciadevida.com.ar\/portalurbano\/con-la-orquesta-escuela-y-la-banda-juvenil-hugo-bazzano-culminaron-los-festejos-por-el-mes-de-la-ninez\/"]}]},{"@type":"BreadcrumbList","@id":"https:\/\/experienciadevida.com.ar\/portalurbano\/con-la-orquesta-escuela-y-la-banda-juvenil-hugo-bazzano-culminaron-los-festejos-por-el-mes-de-la-ninez\/#breadcrumb","itemListElement":[{"@type":"ListItem","position":1,"name":"Portada","item":"https:\/\/experienciadevida.com.ar\/portalurbano\/"},{"@type":"ListItem","position":2,"name":"Con la Orquesta Escuela y la Banda Juvenil \u201cHugo Bazzano\u201d culminaron los festejos por el Mes de la Ni\u00f1ez"}]},{"@type":"WebSite","@id":"https:\/\/experienciadevida.com.ar\/portalurbano\/#website","url":"https:\/\/experienciadevida.com.ar\/portalurbano\/","name":"","description":"","publisher":{"@id":"https:\/\/experienciadevida.com.ar\/portalurbano\/#organization"},"potentialAction":[{"@type":"SearchAction","target":{"@type":"EntryPoint","urlTemplate":"https:\/\/experienciadevida.com.ar\/portalurbano\/?s={search_term_string}"},"query-input":"required name=search_term_string"}],"inLanguage":"es"},{"@type":"Organization","@id":"https:\/\/experienciadevida.com.ar\/portalurbano\/#organization","name":"Portal Urbano","url":"https:\/\/experienciadevida.com.ar\/portalurbano\/","logo":{"@type":"ImageObject","inLanguage":"es","@id":"https:\/\/experienciadevida.com.ar\/portalurbano\/#\/schema\/logo\/image\/","url":"https:\/\/experienciadevida.com.ar\/portalurbano\/wp-content\/uploads\/2019\/09\/Logo-Original.png","contentUrl":"https:\/\/experienciadevida.com.ar\/portalurbano\/wp-content\/uploads\/2019\/09\/Logo-Original.png","width":2236,"height":1216,"caption":"Portal Urbano"},"image":{"@id":"https:\/\/experienciadevida.com.ar\/portalurbano\/#\/schema\/logo\/image\/"},"sameAs":["https:\/\/www.facebook.com\/Portal-Urbano-171542830093757\/","https:\/\/twitter.com\/portalurbanook","https:\/\/www.instagram.com\/_portalurbano\/","https:\/\/www.youtube.com\/channel\/UCXhagIfszH8KxFiOok79zbA?view_as=subscriber"]},{"@type":"Person","@id":"https:\/\/experienciadevida.com.ar\/portalurbano\/#\/schema\/person\/02dd326b1c4b056e9cc972486934a3a7","name":"admpu17wp","image":{"@type":"ImageObject","inLanguage":"es","@id":"https:\/\/experienciadevida.com.ar\/portalurbano\/#\/schema\/person\/image\/","url":"https:\/\/secure.gravatar.com\/avatar\/830d4c57adaae6630765e449a6908047?s=96&d=mm&r=g","contentUrl":"https:\/\/secure.gravatar.com\/avatar\/830d4c57adaae6630765e449a6908047?s=96&d=mm&r=g","caption":"admpu17wp"}}]}},"featured_image_urls":{"full":["https:\/\/experienciadevida.com.ar\/portalurbano\/wp-content\/uploads\/2021\/08\/Con-la-Orquesta-Escuela-y.jpeg",1024,768,false],"thumbnail":["https:\/\/experienciadevida.com.ar\/portalurbano\/wp-content\/uploads\/2021\/08\/Con-la-Orquesta-Escuela-y-150x150.jpeg",150,150,true],"medium":["https:\/\/experienciadevida.com.ar\/portalurbano\/wp-content\/uploads\/2021\/08\/Con-la-Orquesta-Escuela-y-300x225.jpeg",300,225,true],"medium_large":["https:\/\/experienciadevida.com.ar\/portalurbano\/wp-content\/uploads\/2021\/08\/Con-la-Orquesta-Escuela-y-768x576.jpeg",640,480,true],"large":["https:\/\/experienciadevida.com.ar\/portalurbano\/wp-content\/uploads\/2021\/08\/Con-la-Orquesta-Escuela-y.jpeg",640,480,false],"ug_big":["https:\/\/experienciadevida.com.ar\/portalurbano\/wp-content\/uploads\/2021\/08\/Con-la-Orquesta-Escuela-y-768x576.jpeg",768,576,true],"1536x1536":["https:\/\/experienciadevida.com.ar\/portalurbano\/wp-content\/uploads\/2021\/08\/Con-la-Orquesta-Escuela-y.jpeg",1024,768,false],"2048x2048":["https:\/\/experienciadevida.com.ar\/portalurbano\/wp-content\/uploads\/2021\/08\/Con-la-Orquesta-Escuela-y.jpeg",1024,768,false],"newsever-slider-full":["https:\/\/experienciadevida.com.ar\/portalurbano\/wp-content\/uploads\/2021\/08\/Con-la-Orquesta-Escuela-y.jpeg",1024,768,false],"newsever-featured":["https:\/\/experienciadevida.com.ar\/portalurbano\/wp-content\/uploads\/2021\/08\/Con-la-Orquesta-Escuela-y.jpeg",1024,768,false],"newsever-medium":["https:\/\/experienciadevida.com.ar\/portalurbano\/wp-content\/uploads\/2021\/08\/Con-la-Orquesta-Escuela-y.jpeg",633,475,false],"web-stories-poster-portrait":["https:\/\/experienciadevida.com.ar\/portalurbano\/wp-content\/uploads\/2021\/08\/Con-la-Orquesta-Escuela-y.jpeg",640,480,false],"web-stories-publisher-logo":["https:\/\/experienciadevida.com.ar\/portalurbano\/wp-content\/uploads\/2021\/08\/Con-la-Orquesta-Escuela-y.jpeg",96,72,false],"web-stories-thumbnail":["https:\/\/experienciadevida.com.ar\/portalurbano\/wp-content\/uploads\/2021\/08\/Con-la-Orquesta-Escuela-y.jpeg",150,113,false]},"author_info":{"display_name":"admpu17wp","author_link":"https:\/\/experienciadevida.com.ar\/portalurbano\/author\/admpu17wp\/"},"category_info":"<a href=\"https:\/\/experienciadevida.com.ar\/portalurbano\/category\/ciudad\/\" rel=\"category tag\">Ciudad<\/a> <a href=\"https:\/\/experienciadevida.com.ar\/portalurbano\/category\/destacadas-2\/\" rel=\"category tag\">Destacadas 2<\/a>","tag_info":"Destacadas 2","comment_count":"0","amp_enabled":true,"_links":{"self":[{"href":"https:\/\/experienciadevida.com.ar\/portalurbano\/wp-json\/wp\/v2\/posts\/151460"}],"collection":[{"href":"https:\/\/experienciadevida.com.ar\/portalurbano\/wp-json\/wp\/v2\/posts"}],"about":[{"href":"https:\/\/experienciadevida.com.ar\/portalurbano\/wp-json\/wp\/v2\/types\/post"}],"author":[{"embeddable":true,"href":"https:\/\/experienciadevida.com.ar\/portalurbano\/wp-json\/wp\/v2\/users\/1"}],"replies":[{"embeddable":true,"href":"https:\/\/experienciadevida.com.ar\/portalurbano\/wp-json\/wp\/v2\/comments?post=151460"}],"version-history":[{"count":3,"href":"https:\/\/experienciadevida.com.ar\/portalurbano\/wp-json\/wp\/v2\/posts\/151460\/revisions"}],"predecessor-version":[{"id":151473,"href":"https:\/\/experienciadevida.com.ar\/portalurbano\/wp-json\/wp\/v2\/posts\/151460\/revisions\/151473"}],"wp:featuredmedia":[{"embeddable":true,"href":"https:\/\/experienciadevida.com.ar\/portalurbano\/wp-json\/wp\/v2\/media\/151461"}],"wp:attachment":[{"href":"https:\/\/experienciadevida.com.ar\/portalurbano\/wp-json\/wp\/v2\/media?parent=151460"}],"wp:term":[{"taxonomy":"category","embeddable":true,"href":"https:\/\/experienciadevida.com.ar\/portalurbano\/wp-json\/wp\/v2\/categories?post=151460"},{"taxonomy":"post_tag","embeddable":true,"href":"https:\/\/experienciadevida.com.ar\/portalurbano\/wp-json\/wp\/v2\/tags?post=151460"}],"curies":[{"name":"wp","href":"https:\/\/api.w.org\/{rel}","templated":true}]}}