{"id":151215,"date":"2021-08-26T15:49:05","date_gmt":"2021-08-26T18:49:05","guid":{"rendered":"https:\/\/experienciadevida.com.ar\/portalurbano\/?p=151215"},"modified":"2021-08-26T15:51:41","modified_gmt":"2021-08-26T18:51:41","slug":"es-una-obra-importantisima-desde-lo-conceptual-galli-recorrio-el-predio-de-bromatologia","status":"publish","type":"post","link":"https:\/\/experienciadevida.com.ar\/portalurbano\/es-una-obra-importantisima-desde-lo-conceptual-galli-recorrio-el-predio-de-bromatologia\/","title":{"rendered":"\u201cEs una obra important\u00edsima desde lo conceptual\u201d: Galli recorri\u00f3 el predio de Bromatolog\u00eda"},"content":{"rendered":"<p>\u201cEs una obra important\u00edsima desde lo conceptual\u201d: <a href=\"https:\/\/www.facebook.com\/galliezequiel\">Galli<\/a> recorri\u00f3 el predio de Bromatolog\u00eda, sitio donde se emplazar\u00e1 el futuro Centro de Atenci\u00f3n Veterinaria.<\/p>\n<p>Las obras, licitadas en el mes de junio, requieren una importante inversi\u00f3n de alrededor de 8 millones de pesos y estar\u00e1n a cargo de Vigas y Bloques S.R.L., empresa adjudicataria.<\/p>\n<p>Acompa\u00f1aron al Intendente los secretarios de Desarrollo Humano y Calidad de Vida Diego Robbiani y de Mantenimiento y Obras P\u00fablicas Julio Ferraro. Asimismo se hicieron presentes los integrantes de la Direcci\u00f3n de Bromatolog\u00eda: J\u00e9sica L\u00f3pez (directora de Veterinaria), Sof\u00eda Mart\u00ednez (directora de Seguridad Alimentaria) y Dami\u00e1n Alcobedo (director Administrativo).<\/p>\n<p>\u201cEs una obra muy importante que anunciamos en 2019 para hacerla el a\u00f1o pasado, pero obviamente por cuestiones de pandemia qued\u00f3 en el tintero. Finalmente hoy pudimos hacer el inicio de obra, algo que venia postergado\u201d explic\u00f3 el Intendente.<\/p>\n<p>Asimismo, Galli aclar\u00f3 que se trata de un \u201ccentro de atenci\u00f3n de salud veterinaria\u201d. \u201cNo es un hospital, porque un hospital tiene otra complejidad\u201d. \u201cEstamos dando respuesta a un reclamo de la comunidad de poder dar una vuelta de rosca para mejorar la atenci\u00f3n. Actualmente se llevan adelante muchas castraciones, tenemos un equipo de profesionales impecable liderado anteriormente por Andr\u00e9s Castro, que decidi\u00f3 continuar su vida en lo privado, a quien le agradezco y valoro todo lo que hizo por el \u00e1rea. Contento porque la obra ya se haya iniciado. Es un paso important\u00edsimo\u201d.<\/p>\n<p>Galli destac\u00f3 que la obra \u201cest\u00e1 muy bien pensada, es una obra important\u00edsima desde lo conceptual y en este momento permite poder dar una soluci\u00f3n aunque sea parcial a un problema que tenemos en la ciudad y que pasa en todos lados. Venimos trabajando mucho con el quir\u00f3fano veterinario m\u00f3vil y ahora podremos ampliar las acciones\u201d<\/p>\n<p>En lo que respecta al trabajo de Bromatolog\u00eda en materia de concientizaci\u00f3n, el Intendente consider\u00f3 que \u201ctenemos que ser muy conscientes y muy responsables a la hora de tener una mascota y, por lo general, eso no sucede, por eso tenemos que trabajar desde el Estado con pol\u00edticas p\u00fablicas sostenidas en el tiempo\u201d. Galli en este sentido reafirm\u00f3 la importancia de trabajar en el control poblacional de animales callejeros, dado su crecimiento exponencial; para \u201cno correr detr\u00e1s del problema\u201d.<\/p>\n<p>La construcci\u00f3n del centro veterinario se realizar\u00e1 sobre un galp\u00f3n pre-existente en el predio de Bromatolog\u00eda. Constar\u00e1 de un sector de acceso vehicular, hall de acceso, recepci\u00f3n y espera. Habr\u00e1 un espacio pre-quir\u00fargico, quir\u00f3fano, sala de recuperaci\u00f3n pos quir\u00fargica y sala de monitoreo. Asimismo tendr\u00e1 un dep\u00f3sito de alimentos, de elementos m\u00e9dicos, una sala de reuniones y sanitarios.<\/p>\n<p>Cabe resaltar que municipios con mayor densidad poblacional como Almirante Brown, Berazategui y Vicente L\u00f3pez, cuentan con edificios de similares caracter\u00edsticas, pero que en la regi\u00f3n, en el centro de la provincia de Buenos Aires, no existe este tipo de infraestructura para la atenci\u00f3n de animales dom\u00e9sticos y callejeros.<\/p>\n<p><a href=\"https:\/\/experienciadevida.com.ar\/portalurbano\/es-una-obra-importantisima-desde-lo-conceptual-galli-recorrio-el-predio-de-bromatologia\/es-una-obra\/\" rel=\"attachment wp-att-151218\"><img decoding=\"async\" class=\"alignnone size-large wp-image-151218\" src=\"https:\/\/experienciadevida.com.ar\/portalurbano\/wp-content\/uploads\/2021\/08\/Es-una-obra-1024x684.jpg\" alt=\"Es una obra \" width=\"900\" height=\"601\" srcset=\"https:\/\/experienciadevida.com.ar\/portalurbano\/wp-content\/uploads\/2021\/08\/Es-una-obra-1024x684.jpg 1024w, https:\/\/experienciadevida.com.ar\/portalurbano\/wp-content\/uploads\/2021\/08\/Es-una-obra-300x201.jpg 300w, https:\/\/experienciadevida.com.ar\/portalurbano\/wp-content\/uploads\/2021\/08\/Es-una-obra-768x513.jpg 768w, https:\/\/experienciadevida.com.ar\/portalurbano\/wp-content\/uploads\/2021\/08\/Es-una-obra-1536x1027.jpg 1536w, https:\/\/experienciadevida.com.ar\/portalurbano\/wp-content\/uploads\/2021\/08\/Es-una-obra-2048x1369.jpg 2048w\" sizes=\"(max-width: 900px) 100vw, 900px\" \/><\/a><\/p>\n","protected":false},"excerpt":{"rendered":"<p>\u201cEs una obra important\u00edsima desde lo conceptual\u201d: Galli recorri\u00f3 el predio de Bromatolog\u00eda, sitio donde&#8230;<\/p>\n","protected":false},"author":1,"featured_media":151216,"comment_status":"closed","ping_status":"closed","sticky":false,"template":"","format":"standard","meta":{"content-type":""},"categories":[27,64],"tags":[],"nelio_content":{"isAutoShareEnabled":false,"autoShareEndMode":"default","automationSources":{"useContentSentences":true,"useSocialTemplates":true,"useCustomSentences":false,"customSentences":[]},"followers":[1],"suggestedReferences":[],"includedReferences":[],"efiUrl":"","efiAlt":"","highlights":[]},"yoast_head":"<!-- This site is optimized with the Yoast SEO plugin v20.7 - https:\/\/yoast.com\/wordpress\/plugins\/seo\/ -->\n<title>&quot;Es una obra important\u00edsima desde lo conceptual&quot;: Galli recorri\u00f3 el lugar<\/title>\n<meta name=\"description\" content=\"\u201cEs una obra important\u00edsima desde lo conceptual\u201d: Galli recorri\u00f3 el predio de Bromatolog\u00eda, sitio donde se emplazar\u00e1 el futuro Centro\" \/>\n<meta name=\"robots\" content=\"index, follow, max-snippet:-1, max-image-preview:large, max-video-preview:-1\" \/>\n<link rel=\"canonical\" href=\"https:\/\/experienciadevida.com.ar\/portalurbano\/es-una-obra-importantisima-desde-lo-conceptual-galli-recorrio-el-predio-de-bromatologia\/\" \/>\n<meta property=\"og:locale\" content=\"es_ES\" \/>\n<meta property=\"og:type\" content=\"article\" \/>\n<meta property=\"og:title\" content=\"&quot;Es una obra important\u00edsima desde lo conceptual&quot;: Galli recorri\u00f3 el lugar\" \/>\n<meta property=\"og:description\" content=\"\u201cEs una obra important\u00edsima desde lo conceptual\u201d: Galli recorri\u00f3 el predio de Bromatolog\u00eda, sitio donde se emplazar\u00e1 el futuro Centro\" \/>\n<meta property=\"og:url\" content=\"https:\/\/experienciadevida.com.ar\/portalurbano\/es-una-obra-importantisima-desde-lo-conceptual-galli-recorrio-el-predio-de-bromatologia\/\" \/>\n<meta property=\"article:publisher\" content=\"https:\/\/www.facebook.com\/Portal-Urbano-171542830093757\/\" \/>\n<meta property=\"article:published_time\" content=\"2021-08-26T18:49:05+00:00\" \/>\n<meta property=\"article:modified_time\" content=\"2021-08-26T18:51:41+00:00\" \/>\n<meta property=\"og:image\" content=\"https:\/\/experienciadevida.com.ar\/portalurbano\/wp-content\/uploads\/2021\/08\/Es-una-obra-importantisima-desde.jpg\" \/>\n\t<meta property=\"og:image:width\" content=\"2560\" \/>\n\t<meta property=\"og:image:height\" content=\"1711\" \/>\n\t<meta property=\"og:image:type\" content=\"image\/jpeg\" \/>\n<meta name=\"author\" content=\"admpu17wp\" \/>\n<meta name=\"twitter:card\" content=\"summary_large_image\" \/>\n<meta name=\"twitter:creator\" content=\"@portalurbanook\" \/>\n<meta name=\"twitter:site\" content=\"@portalurbanook\" \/>\n<meta name=\"twitter:label1\" content=\"Escrito por\" \/>\n\t<meta name=\"twitter:data1\" content=\"admpu17wp\" \/>\n\t<meta name=\"twitter:label2\" content=\"Tiempo de lectura\" \/>\n\t<meta name=\"twitter:data2\" content=\"3 minutos\" \/>\n<script type=\"application\/ld+json\" class=\"yoast-schema-graph\">{\"@context\":\"https:\/\/schema.org\",\"@graph\":[{\"@type\":\"Article\",\"@id\":\"https:\/\/experienciadevida.com.ar\/portalurbano\/es-una-obra-importantisima-desde-lo-conceptual-galli-recorrio-el-predio-de-bromatologia\/#article\",\"isPartOf\":{\"@id\":\"https:\/\/experienciadevida.com.ar\/portalurbano\/es-una-obra-importantisima-desde-lo-conceptual-galli-recorrio-el-predio-de-bromatologia\/\"},\"author\":{\"name\":\"admpu17wp\",\"@id\":\"https:\/\/experienciadevida.com.ar\/portalurbano\/#\/schema\/person\/02dd326b1c4b056e9cc972486934a3a7\"},\"headline\":\"\u201cEs una obra important\u00edsima desde lo conceptual\u201d: Galli recorri\u00f3 el predio de Bromatolog\u00eda\",\"datePublished\":\"2021-08-26T18:49:05+00:00\",\"dateModified\":\"2021-08-26T18:51:41+00:00\",\"mainEntityOfPage\":{\"@id\":\"https:\/\/experienciadevida.com.ar\/portalurbano\/es-una-obra-importantisima-desde-lo-conceptual-galli-recorrio-el-predio-de-bromatologia\/\"},\"wordCount\":535,\"publisher\":{\"@id\":\"https:\/\/experienciadevida.com.ar\/portalurbano\/#organization\"},\"articleSection\":[\"Ciudad\",\"Destacadas 2\"],\"inLanguage\":\"es\"},{\"@type\":\"WebPage\",\"@id\":\"https:\/\/experienciadevida.com.ar\/portalurbano\/es-una-obra-importantisima-desde-lo-conceptual-galli-recorrio-el-predio-de-bromatologia\/\",\"url\":\"https:\/\/experienciadevida.com.ar\/portalurbano\/es-una-obra-importantisima-desde-lo-conceptual-galli-recorrio-el-predio-de-bromatologia\/\",\"name\":\"\\\"Es una obra important\u00edsima desde lo conceptual\\\": Galli recorri\u00f3 el lugar\",\"isPartOf\":{\"@id\":\"https:\/\/experienciadevida.com.ar\/portalurbano\/#website\"},\"datePublished\":\"2021-08-26T18:49:05+00:00\",\"dateModified\":\"2021-08-26T18:51:41+00:00\",\"description\":\"\u201cEs una obra important\u00edsima desde lo conceptual\u201d: Galli recorri\u00f3 el predio de Bromatolog\u00eda, sitio donde se emplazar\u00e1 el futuro Centro\",\"breadcrumb\":{\"@id\":\"https:\/\/experienciadevida.com.ar\/portalurbano\/es-una-obra-importantisima-desde-lo-conceptual-galli-recorrio-el-predio-de-bromatologia\/#breadcrumb\"},\"inLanguage\":\"es\",\"potentialAction\":[{\"@type\":\"ReadAction\",\"target\":[\"https:\/\/experienciadevida.com.ar\/portalurbano\/es-una-obra-importantisima-desde-lo-conceptual-galli-recorrio-el-predio-de-bromatologia\/\"]}]},{\"@type\":\"BreadcrumbList\",\"@id\":\"https:\/\/experienciadevida.com.ar\/portalurbano\/es-una-obra-importantisima-desde-lo-conceptual-galli-recorrio-el-predio-de-bromatologia\/#breadcrumb\",\"itemListElement\":[{\"@type\":\"ListItem\",\"position\":1,\"name\":\"Portada\",\"item\":\"https:\/\/experienciadevida.com.ar\/portalurbano\/\"},{\"@type\":\"ListItem\",\"position\":2,\"name\":\"\u201cEs una obra important\u00edsima desde lo conceptual\u201d: Galli recorri\u00f3 el predio de Bromatolog\u00eda\"}]},{\"@type\":\"WebSite\",\"@id\":\"https:\/\/experienciadevida.com.ar\/portalurbano\/#website\",\"url\":\"https:\/\/experienciadevida.com.ar\/portalurbano\/\",\"name\":\"\",\"description\":\"\",\"publisher\":{\"@id\":\"https:\/\/experienciadevida.com.ar\/portalurbano\/#organization\"},\"potentialAction\":[{\"@type\":\"SearchAction\",\"target\":{\"@type\":\"EntryPoint\",\"urlTemplate\":\"https:\/\/experienciadevida.com.ar\/portalurbano\/?s={search_term_string}\"},\"query-input\":\"required name=search_term_string\"}],\"inLanguage\":\"es\"},{\"@type\":\"Organization\",\"@id\":\"https:\/\/experienciadevida.com.ar\/portalurbano\/#organization\",\"name\":\"Portal Urbano\",\"url\":\"https:\/\/experienciadevida.com.ar\/portalurbano\/\",\"logo\":{\"@type\":\"ImageObject\",\"inLanguage\":\"es\",\"@id\":\"https:\/\/experienciadevida.com.ar\/portalurbano\/#\/schema\/logo\/image\/\",\"url\":\"https:\/\/experienciadevida.com.ar\/portalurbano\/wp-content\/uploads\/2019\/09\/Logo-Original.png\",\"contentUrl\":\"https:\/\/experienciadevida.com.ar\/portalurbano\/wp-content\/uploads\/2019\/09\/Logo-Original.png\",\"width\":2236,\"height\":1216,\"caption\":\"Portal Urbano\"},\"image\":{\"@id\":\"https:\/\/experienciadevida.com.ar\/portalurbano\/#\/schema\/logo\/image\/\"},\"sameAs\":[\"https:\/\/www.facebook.com\/Portal-Urbano-171542830093757\/\",\"https:\/\/twitter.com\/portalurbanook\",\"https:\/\/www.instagram.com\/_portalurbano\/\",\"https:\/\/www.youtube.com\/channel\/UCXhagIfszH8KxFiOok79zbA?view_as=subscriber\"]},{\"@type\":\"Person\",\"@id\":\"https:\/\/experienciadevida.com.ar\/portalurbano\/#\/schema\/person\/02dd326b1c4b056e9cc972486934a3a7\",\"name\":\"admpu17wp\",\"image\":{\"@type\":\"ImageObject\",\"inLanguage\":\"es\",\"@id\":\"https:\/\/experienciadevida.com.ar\/portalurbano\/#\/schema\/person\/image\/\",\"url\":\"https:\/\/secure.gravatar.com\/avatar\/830d4c57adaae6630765e449a6908047?s=96&d=mm&r=g\",\"contentUrl\":\"https:\/\/secure.gravatar.com\/avatar\/830d4c57adaae6630765e449a6908047?s=96&d=mm&r=g\",\"caption\":\"admpu17wp\"}}]}<\/script>\n<!-- \/ Yoast SEO plugin. -->","yoast_head_json":{"title":"\"Es una obra important\u00edsima desde lo conceptual\": Galli recorri\u00f3 el lugar","description":"\u201cEs una obra important\u00edsima desde lo conceptual\u201d: Galli recorri\u00f3 el predio de Bromatolog\u00eda, sitio donde se emplazar\u00e1 el futuro Centro","robots":{"index":"index","follow":"follow","max-snippet":"max-snippet:-1","max-image-preview":"max-image-preview:large","max-video-preview":"max-video-preview:-1"},"canonical":"https:\/\/experienciadevida.com.ar\/portalurbano\/es-una-obra-importantisima-desde-lo-conceptual-galli-recorrio-el-predio-de-bromatologia\/","og_locale":"es_ES","og_type":"article","og_title":"\"Es una obra important\u00edsima desde lo conceptual\": Galli recorri\u00f3 el lugar","og_description":"\u201cEs una obra important\u00edsima desde lo conceptual\u201d: Galli recorri\u00f3 el predio de Bromatolog\u00eda, sitio donde se emplazar\u00e1 el futuro Centro","og_url":"https:\/\/experienciadevida.com.ar\/portalurbano\/es-una-obra-importantisima-desde-lo-conceptual-galli-recorrio-el-predio-de-bromatologia\/","article_publisher":"https:\/\/www.facebook.com\/Portal-Urbano-171542830093757\/","article_published_time":"2021-08-26T18:49:05+00:00","article_modified_time":"2021-08-26T18:51:41+00:00","og_image":[{"width":2560,"height":1711,"url":"https:\/\/experienciadevida.com.ar\/portalurbano\/wp-content\/uploads\/2021\/08\/Es-una-obra-importantisima-desde.jpg","type":"image\/jpeg"}],"author":"admpu17wp","twitter_card":"summary_large_image","twitter_creator":"@portalurbanook","twitter_site":"@portalurbanook","twitter_misc":{"Escrito por":"admpu17wp","Tiempo de lectura":"3 minutos"},"schema":{"@context":"https:\/\/schema.org","@graph":[{"@type":"Article","@id":"https:\/\/experienciadevida.com.ar\/portalurbano\/es-una-obra-importantisima-desde-lo-conceptual-galli-recorrio-el-predio-de-bromatologia\/#article","isPartOf":{"@id":"https:\/\/experienciadevida.com.ar\/portalurbano\/es-una-obra-importantisima-desde-lo-conceptual-galli-recorrio-el-predio-de-bromatologia\/"},"author":{"name":"admpu17wp","@id":"https:\/\/experienciadevida.com.ar\/portalurbano\/#\/schema\/person\/02dd326b1c4b056e9cc972486934a3a7"},"headline":"\u201cEs una obra important\u00edsima desde lo conceptual\u201d: Galli recorri\u00f3 el predio de Bromatolog\u00eda","datePublished":"2021-08-26T18:49:05+00:00","dateModified":"2021-08-26T18:51:41+00:00","mainEntityOfPage":{"@id":"https:\/\/experienciadevida.com.ar\/portalurbano\/es-una-obra-importantisima-desde-lo-conceptual-galli-recorrio-el-predio-de-bromatologia\/"},"wordCount":535,"publisher":{"@id":"https:\/\/experienciadevida.com.ar\/portalurbano\/#organization"},"articleSection":["Ciudad","Destacadas 2"],"inLanguage":"es"},{"@type":"WebPage","@id":"https:\/\/experienciadevida.com.ar\/portalurbano\/es-una-obra-importantisima-desde-lo-conceptual-galli-recorrio-el-predio-de-bromatologia\/","url":"https:\/\/experienciadevida.com.ar\/portalurbano\/es-una-obra-importantisima-desde-lo-conceptual-galli-recorrio-el-predio-de-bromatologia\/","name":"\"Es una obra important\u00edsima desde lo conceptual\": Galli recorri\u00f3 el lugar","isPartOf":{"@id":"https:\/\/experienciadevida.com.ar\/portalurbano\/#website"},"datePublished":"2021-08-26T18:49:05+00:00","dateModified":"2021-08-26T18:51:41+00:00","description":"\u201cEs una obra important\u00edsima desde lo conceptual\u201d: Galli recorri\u00f3 el predio de Bromatolog\u00eda, sitio donde se emplazar\u00e1 el futuro Centro","breadcrumb":{"@id":"https:\/\/experienciadevida.com.ar\/portalurbano\/es-una-obra-importantisima-desde-lo-conceptual-galli-recorrio-el-predio-de-bromatologia\/#breadcrumb"},"inLanguage":"es","potentialAction":[{"@type":"ReadAction","target":["https:\/\/experienciadevida.com.ar\/portalurbano\/es-una-obra-importantisima-desde-lo-conceptual-galli-recorrio-el-predio-de-bromatologia\/"]}]},{"@type":"BreadcrumbList","@id":"https:\/\/experienciadevida.com.ar\/portalurbano\/es-una-obra-importantisima-desde-lo-conceptual-galli-recorrio-el-predio-de-bromatologia\/#breadcrumb","itemListElement":[{"@type":"ListItem","position":1,"name":"Portada","item":"https:\/\/experienciadevida.com.ar\/portalurbano\/"},{"@type":"ListItem","position":2,"name":"\u201cEs una obra important\u00edsima desde lo conceptual\u201d: Galli recorri\u00f3 el predio de Bromatolog\u00eda"}]},{"@type":"WebSite","@id":"https:\/\/experienciadevida.com.ar\/portalurbano\/#website","url":"https:\/\/experienciadevida.com.ar\/portalurbano\/","name":"","description":"","publisher":{"@id":"https:\/\/experienciadevida.com.ar\/portalurbano\/#organization"},"potentialAction":[{"@type":"SearchAction","target":{"@type":"EntryPoint","urlTemplate":"https:\/\/experienciadevida.com.ar\/portalurbano\/?s={search_term_string}"},"query-input":"required name=search_term_string"}],"inLanguage":"es"},{"@type":"Organization","@id":"https:\/\/experienciadevida.com.ar\/portalurbano\/#organization","name":"Portal Urbano","url":"https:\/\/experienciadevida.com.ar\/portalurbano\/","logo":{"@type":"ImageObject","inLanguage":"es","@id":"https:\/\/experienciadevida.com.ar\/portalurbano\/#\/schema\/logo\/image\/","url":"https:\/\/experienciadevida.com.ar\/portalurbano\/wp-content\/uploads\/2019\/09\/Logo-Original.png","contentUrl":"https:\/\/experienciadevida.com.ar\/portalurbano\/wp-content\/uploads\/2019\/09\/Logo-Original.png","width":2236,"height":1216,"caption":"Portal Urbano"},"image":{"@id":"https:\/\/experienciadevida.com.ar\/portalurbano\/#\/schema\/logo\/image\/"},"sameAs":["https:\/\/www.facebook.com\/Portal-Urbano-171542830093757\/","https:\/\/twitter.com\/portalurbanook","https:\/\/www.instagram.com\/_portalurbano\/","https:\/\/www.youtube.com\/channel\/UCXhagIfszH8KxFiOok79zbA?view_as=subscriber"]},{"@type":"Person","@id":"https:\/\/experienciadevida.com.ar\/portalurbano\/#\/schema\/person\/02dd326b1c4b056e9cc972486934a3a7","name":"admpu17wp","image":{"@type":"ImageObject","inLanguage":"es","@id":"https:\/\/experienciadevida.com.ar\/portalurbano\/#\/schema\/person\/image\/","url":"https:\/\/secure.gravatar.com\/avatar\/830d4c57adaae6630765e449a6908047?s=96&d=mm&r=g","contentUrl":"https:\/\/secure.gravatar.com\/avatar\/830d4c57adaae6630765e449a6908047?s=96&d=mm&r=g","caption":"admpu17wp"}}]}},"featured_image_urls":{"full":["https:\/\/experienciadevida.com.ar\/portalurbano\/wp-content\/uploads\/2021\/08\/Es-una-obra-importantisima-desde.jpg",2560,1711,false],"thumbnail":["https:\/\/experienciadevida.com.ar\/portalurbano\/wp-content\/uploads\/2021\/08\/Es-una-obra-importantisima-desde-150x150.jpg",150,150,true],"medium":["https:\/\/experienciadevida.com.ar\/portalurbano\/wp-content\/uploads\/2021\/08\/Es-una-obra-importantisima-desde-300x201.jpg",300,201,true],"medium_large":["https:\/\/experienciadevida.com.ar\/portalurbano\/wp-content\/uploads\/2021\/08\/Es-una-obra-importantisima-desde-768x513.jpg",640,428,true],"large":["https:\/\/experienciadevida.com.ar\/portalurbano\/wp-content\/uploads\/2021\/08\/Es-una-obra-importantisima-desde-1024x684.jpg",640,428,true],"ug_big":["https:\/\/experienciadevida.com.ar\/portalurbano\/wp-content\/uploads\/2021\/08\/Es-una-obra-importantisima-desde-768x513.jpg",768,513,true],"1536x1536":["https:\/\/experienciadevida.com.ar\/portalurbano\/wp-content\/uploads\/2021\/08\/Es-una-obra-importantisima-desde-1536x1027.jpg",1536,1027,true],"2048x2048":["https:\/\/experienciadevida.com.ar\/portalurbano\/wp-content\/uploads\/2021\/08\/Es-una-obra-importantisima-desde-2048x1369.jpg",2048,1369,true],"newsever-slider-full":["https:\/\/experienciadevida.com.ar\/portalurbano\/wp-content\/uploads\/2021\/08\/Es-una-obra-importantisima-desde.jpg",1264,845,false],"newsever-featured":["https:\/\/experienciadevida.com.ar\/portalurbano\/wp-content\/uploads\/2021\/08\/Es-una-obra-importantisima-desde.jpg",1024,684,false],"newsever-medium":["https:\/\/experienciadevida.com.ar\/portalurbano\/wp-content\/uploads\/2021\/08\/Es-una-obra-importantisima-desde.jpg",711,475,false],"web-stories-poster-portrait":["https:\/\/experienciadevida.com.ar\/portalurbano\/wp-content\/uploads\/2021\/08\/Es-una-obra-importantisima-desde.jpg",640,428,false],"web-stories-publisher-logo":["https:\/\/experienciadevida.com.ar\/portalurbano\/wp-content\/uploads\/2021\/08\/Es-una-obra-importantisima-desde.jpg",96,64,false],"web-stories-thumbnail":["https:\/\/experienciadevida.com.ar\/portalurbano\/wp-content\/uploads\/2021\/08\/Es-una-obra-importantisima-desde.jpg",150,100,false]},"author_info":{"display_name":"admpu17wp","author_link":"https:\/\/experienciadevida.com.ar\/portalurbano\/author\/admpu17wp\/"},"category_info":"<a href=\"https:\/\/experienciadevida.com.ar\/portalurbano\/category\/ciudad\/\" rel=\"category tag\">Ciudad<\/a> <a href=\"https:\/\/experienciadevida.com.ar\/portalurbano\/category\/destacadas-2\/\" rel=\"category tag\">Destacadas 2<\/a>","tag_info":"Destacadas 2","comment_count":"0","amp_enabled":true,"_links":{"self":[{"href":"https:\/\/experienciadevida.com.ar\/portalurbano\/wp-json\/wp\/v2\/posts\/151215"}],"collection":[{"href":"https:\/\/experienciadevida.com.ar\/portalurbano\/wp-json\/wp\/v2\/posts"}],"about":[{"href":"https:\/\/experienciadevida.com.ar\/portalurbano\/wp-json\/wp\/v2\/types\/post"}],"author":[{"embeddable":true,"href":"https:\/\/experienciadevida.com.ar\/portalurbano\/wp-json\/wp\/v2\/users\/1"}],"replies":[{"embeddable":true,"href":"https:\/\/experienciadevida.com.ar\/portalurbano\/wp-json\/wp\/v2\/comments?post=151215"}],"version-history":[{"count":2,"href":"https:\/\/experienciadevida.com.ar\/portalurbano\/wp-json\/wp\/v2\/posts\/151215\/revisions"}],"predecessor-version":[{"id":151219,"href":"https:\/\/experienciadevida.com.ar\/portalurbano\/wp-json\/wp\/v2\/posts\/151215\/revisions\/151219"}],"wp:featuredmedia":[{"embeddable":true,"href":"https:\/\/experienciadevida.com.ar\/portalurbano\/wp-json\/wp\/v2\/media\/151216"}],"wp:attachment":[{"href":"https:\/\/experienciadevida.com.ar\/portalurbano\/wp-json\/wp\/v2\/media?parent=151215"}],"wp:term":[{"taxonomy":"category","embeddable":true,"href":"https:\/\/experienciadevida.com.ar\/portalurbano\/wp-json\/wp\/v2\/categories?post=151215"},{"taxonomy":"post_tag","embeddable":true,"href":"https:\/\/experienciadevida.com.ar\/portalurbano\/wp-json\/wp\/v2\/tags?post=151215"}],"curies":[{"name":"wp","href":"https:\/\/api.w.org\/{rel}","templated":true}]}}