{"id":151170,"date":"2021-08-26T09:52:49","date_gmt":"2021-08-26T12:52:49","guid":{"rendered":"https:\/\/experienciadevida.com.ar\/portalurbano\/?p=151170"},"modified":"2021-08-26T11:10:07","modified_gmt":"2021-08-26T14:10:07","slug":"este-jueves-se-realizara-una-charla-abierta-sobre-grooming","status":"publish","type":"post","link":"https:\/\/experienciadevida.com.ar\/portalurbano\/este-jueves-se-realizara-una-charla-abierta-sobre-grooming\/","title":{"rendered":"Este jueves se realizar\u00e1 una charla abierta sobre Grooming"},"content":{"rendered":"<p>Este jueves se realizar\u00e1 una charla abierta sobre Grooming, Con la organizaci\u00f3n del Observatorio de Redes Sociales de la <a href=\"https:\/\/www.facebook.com\/facultadcienciassociales.unicen\">FACSO<\/a> y Punto <a href=\"https:\/\/www.facebook.com\/olavarriapuntodigital\">Digital<\/a> se llevar\u00e1 a cabo la charla denominada \u201cCiberdelitos. Ni\u00f1os en peligro. Grooming\u201d.<\/p>\n<p>La misma se desarrollar\u00e1 -de manera virtual por Google Meet- este jueves 26 de agosto, a las 18:30 horas<\/p>\n<p>Las Tecnolog\u00edas Digitales de Comunicaci\u00f3n Globales se instalaron en nuestros procesos comunicacionales naturalizando su uso, perdiendo de vista las pr\u00e1cticas y las mediatizaci\u00f3n tecnol\u00f3gica.<\/p>\n<p>Este jueves se realizar\u00e1 una charla abierta sobre Grooming, Esta invisibilizaci\u00f3n generalmente hace que los riesgos que implica el uso de internet como la red comunicacional casi por excelencia sean minimizados, incluso no tenidos en cuenta, mucho m\u00e1s en tiempos de pandemia donde la comunicaci\u00f3n est\u00e1 impregnada por ella.<\/p>\n<p>En este contexto es central poner en agenda el grooming y los delitos sexuales inform\u00e1ticos en contextos sociales tan particulares, como los que estamos viviendo desde el comienzo del 2020<\/p>\n<p>La jornada est\u00e1 destinada al p\u00fablico en general interesado en el tema, docentes de todos los niveles, estudiantes de todos los niveles, profesionales miembros de equipos de trabajo social y socioeducativo, miembros de organizaciones gubernamentales y de la sociedad civil, trabajadores del poder judicial.<\/p>\n<p>Las disertaciones estar\u00e1n a cargo de: Dr. Hugo Daniel Sorbo (especialista en Derecho Inform\u00e1tico en la UBA), Dr. Lucas Moyano (fiscal titular de la UFI N\u00b0 22) y Lic. Leonardo Garc\u00eda (periodista de canal 13, docente de la carrera de Periodismo de la Facultad de Ciencias Sociales UNICEN).<\/p>\n<p>El encuentro ser\u00e1 moderado por el Mag. Sergio Magallanes, director de la carrera de Comunicaci\u00f3n Social y la carrera de Periodismo de la Facultad de Ciencias Sociales de la UNICEN. Magallanes tambi\u00e9n es director de la l\u00ednea de Investigaci\u00f3n MT&amp;CD (Mediaciones tecnol\u00f3gicas y Comunicaci\u00f3n Digital) y del Observatorio de Redes Sociales, dependiente de la Secretar\u00eda de Extensi\u00f3n, Bienestar y Transferencia de la Facultad de Ciencias Sociales.<\/p>\n<p>La jornada tendr\u00e1 una duraci\u00f3n de 1 hora y 45 minutos, que se divide en tres exposiciones, con un cierre destinado para di\u00e1logos y preguntas.<\/p>\n<p>Por consultas e inscripciones, podr\u00e1n comunicarse con el equipo de Punto Digital a trav\u00e9s del mail punto.digital@olavarria.gov.ar, al tel\u00e9fono 422099, de martes a viernes de 15 a 17 horas, o bien dirigirse a la sede que funciona en el Centro Cultural San Jos\u00e9 (Riobamba 2949). Se enviar\u00e1 el link para participar de las conferencias.<\/p>\n<p>Foto: archivo-ilustrativa<\/p>\n","protected":false},"excerpt":{"rendered":"<p>Este jueves se realizar\u00e1 una charla abierta sobre Grooming, Con la organizaci\u00f3n del Observatorio de&#8230;<\/p>\n","protected":false},"author":1,"featured_media":0,"comment_status":"closed","ping_status":"closed","sticky":false,"template":"","format":"standard","meta":{"content-type":""},"categories":[27,64],"tags":[],"nelio_content":{"isAutoShareEnabled":false,"autoShareEndMode":"default","automationSources":{"useContentSentences":true,"useSocialTemplates":true,"useCustomSentences":false,"customSentences":[]},"followers":[1],"suggestedReferences":[],"includedReferences":[],"efiUrl":"","efiAlt":"","highlights":[]},"yoast_head":"<!-- This site is optimized with the Yoast SEO plugin v20.7 - https:\/\/yoast.com\/wordpress\/plugins\/seo\/ -->\n<title>Este jueves se realizar\u00e1 una charla abierta sobre grooming<\/title>\n<meta name=\"description\" content=\"Este jueves se realizar\u00e1 una charla abierta sobre Grooming, Con la organizaci\u00f3n del Observatorio de Sociales de la FACSO y Punto Digital\" \/>\n<meta name=\"robots\" content=\"index, follow, max-snippet:-1, max-image-preview:large, max-video-preview:-1\" \/>\n<link rel=\"canonical\" href=\"https:\/\/experienciadevida.com.ar\/portalurbano\/este-jueves-se-realizara-una-charla-abierta-sobre-grooming\/\" \/>\n<meta property=\"og:locale\" content=\"es_ES\" \/>\n<meta property=\"og:type\" content=\"article\" \/>\n<meta property=\"og:title\" content=\"Este jueves se realizar\u00e1 una charla abierta sobre grooming\" \/>\n<meta property=\"og:description\" content=\"Este jueves se realizar\u00e1 una charla abierta sobre Grooming, Con la organizaci\u00f3n del Observatorio de Sociales de la FACSO y Punto Digital\" \/>\n<meta property=\"og:url\" content=\"https:\/\/experienciadevida.com.ar\/portalurbano\/este-jueves-se-realizara-una-charla-abierta-sobre-grooming\/\" \/>\n<meta property=\"article:publisher\" content=\"https:\/\/www.facebook.com\/Portal-Urbano-171542830093757\/\" \/>\n<meta property=\"article:published_time\" content=\"2021-08-26T12:52:49+00:00\" \/>\n<meta property=\"article:modified_time\" content=\"2021-08-26T14:10:07+00:00\" \/>\n<meta property=\"og:image\" content=\"https:\/\/experienciadevida.com.ar\/portalurbano\/wp-content\/uploads\/2018\/10\/Punto-digital.jpg\" \/>\n\t<meta property=\"og:image:width\" content=\"640\" \/>\n\t<meta property=\"og:image:height\" content=\"427\" \/>\n\t<meta property=\"og:image:type\" content=\"image\/jpeg\" \/>\n<meta name=\"author\" content=\"admpu17wp\" \/>\n<meta name=\"twitter:card\" content=\"summary_large_image\" \/>\n<meta name=\"twitter:creator\" content=\"@portalurbanook\" \/>\n<meta name=\"twitter:site\" content=\"@portalurbanook\" \/>\n<meta name=\"twitter:label1\" content=\"Escrito por\" \/>\n\t<meta name=\"twitter:data1\" content=\"admpu17wp\" \/>\n\t<meta name=\"twitter:label2\" content=\"Tiempo de lectura\" \/>\n\t<meta name=\"twitter:data2\" content=\"2 minutos\" \/>\n<script type=\"application\/ld+json\" class=\"yoast-schema-graph\">{\"@context\":\"https:\/\/schema.org\",\"@graph\":[{\"@type\":\"Article\",\"@id\":\"https:\/\/experienciadevida.com.ar\/portalurbano\/este-jueves-se-realizara-una-charla-abierta-sobre-grooming\/#article\",\"isPartOf\":{\"@id\":\"https:\/\/experienciadevida.com.ar\/portalurbano\/este-jueves-se-realizara-una-charla-abierta-sobre-grooming\/\"},\"author\":{\"name\":\"admpu17wp\",\"@id\":\"https:\/\/experienciadevida.com.ar\/portalurbano\/#\/schema\/person\/02dd326b1c4b056e9cc972486934a3a7\"},\"headline\":\"Este jueves se realizar\u00e1 una charla abierta sobre Grooming\",\"datePublished\":\"2021-08-26T12:52:49+00:00\",\"dateModified\":\"2021-08-26T14:10:07+00:00\",\"mainEntityOfPage\":{\"@id\":\"https:\/\/experienciadevida.com.ar\/portalurbano\/este-jueves-se-realizara-una-charla-abierta-sobre-grooming\/\"},\"wordCount\":428,\"publisher\":{\"@id\":\"https:\/\/experienciadevida.com.ar\/portalurbano\/#organization\"},\"articleSection\":[\"Ciudad\",\"Destacadas 2\"],\"inLanguage\":\"es\"},{\"@type\":\"WebPage\",\"@id\":\"https:\/\/experienciadevida.com.ar\/portalurbano\/este-jueves-se-realizara-una-charla-abierta-sobre-grooming\/\",\"url\":\"https:\/\/experienciadevida.com.ar\/portalurbano\/este-jueves-se-realizara-una-charla-abierta-sobre-grooming\/\",\"name\":\"Este jueves se realizar\u00e1 una charla abierta sobre grooming\",\"isPartOf\":{\"@id\":\"https:\/\/experienciadevida.com.ar\/portalurbano\/#website\"},\"datePublished\":\"2021-08-26T12:52:49+00:00\",\"dateModified\":\"2021-08-26T14:10:07+00:00\",\"description\":\"Este jueves se realizar\u00e1 una charla abierta sobre Grooming, Con la organizaci\u00f3n del Observatorio de Sociales de la FACSO y Punto Digital\",\"breadcrumb\":{\"@id\":\"https:\/\/experienciadevida.com.ar\/portalurbano\/este-jueves-se-realizara-una-charla-abierta-sobre-grooming\/#breadcrumb\"},\"inLanguage\":\"es\",\"potentialAction\":[{\"@type\":\"ReadAction\",\"target\":[\"https:\/\/experienciadevida.com.ar\/portalurbano\/este-jueves-se-realizara-una-charla-abierta-sobre-grooming\/\"]}]},{\"@type\":\"BreadcrumbList\",\"@id\":\"https:\/\/experienciadevida.com.ar\/portalurbano\/este-jueves-se-realizara-una-charla-abierta-sobre-grooming\/#breadcrumb\",\"itemListElement\":[{\"@type\":\"ListItem\",\"position\":1,\"name\":\"Portada\",\"item\":\"https:\/\/experienciadevida.com.ar\/portalurbano\/\"},{\"@type\":\"ListItem\",\"position\":2,\"name\":\"Este jueves se realizar\u00e1 una charla abierta sobre Grooming\"}]},{\"@type\":\"WebSite\",\"@id\":\"https:\/\/experienciadevida.com.ar\/portalurbano\/#website\",\"url\":\"https:\/\/experienciadevida.com.ar\/portalurbano\/\",\"name\":\"\",\"description\":\"\",\"publisher\":{\"@id\":\"https:\/\/experienciadevida.com.ar\/portalurbano\/#organization\"},\"potentialAction\":[{\"@type\":\"SearchAction\",\"target\":{\"@type\":\"EntryPoint\",\"urlTemplate\":\"https:\/\/experienciadevida.com.ar\/portalurbano\/?s={search_term_string}\"},\"query-input\":\"required name=search_term_string\"}],\"inLanguage\":\"es\"},{\"@type\":\"Organization\",\"@id\":\"https:\/\/experienciadevida.com.ar\/portalurbano\/#organization\",\"name\":\"Portal Urbano\",\"url\":\"https:\/\/experienciadevida.com.ar\/portalurbano\/\",\"logo\":{\"@type\":\"ImageObject\",\"inLanguage\":\"es\",\"@id\":\"https:\/\/experienciadevida.com.ar\/portalurbano\/#\/schema\/logo\/image\/\",\"url\":\"https:\/\/experienciadevida.com.ar\/portalurbano\/wp-content\/uploads\/2019\/09\/Logo-Original.png\",\"contentUrl\":\"https:\/\/experienciadevida.com.ar\/portalurbano\/wp-content\/uploads\/2019\/09\/Logo-Original.png\",\"width\":2236,\"height\":1216,\"caption\":\"Portal Urbano\"},\"image\":{\"@id\":\"https:\/\/experienciadevida.com.ar\/portalurbano\/#\/schema\/logo\/image\/\"},\"sameAs\":[\"https:\/\/www.facebook.com\/Portal-Urbano-171542830093757\/\",\"https:\/\/twitter.com\/portalurbanook\",\"https:\/\/www.instagram.com\/_portalurbano\/\",\"https:\/\/www.youtube.com\/channel\/UCXhagIfszH8KxFiOok79zbA?view_as=subscriber\"]},{\"@type\":\"Person\",\"@id\":\"https:\/\/experienciadevida.com.ar\/portalurbano\/#\/schema\/person\/02dd326b1c4b056e9cc972486934a3a7\",\"name\":\"admpu17wp\",\"image\":{\"@type\":\"ImageObject\",\"inLanguage\":\"es\",\"@id\":\"https:\/\/experienciadevida.com.ar\/portalurbano\/#\/schema\/person\/image\/\",\"url\":\"https:\/\/secure.gravatar.com\/avatar\/830d4c57adaae6630765e449a6908047?s=96&d=mm&r=g\",\"contentUrl\":\"https:\/\/secure.gravatar.com\/avatar\/830d4c57adaae6630765e449a6908047?s=96&d=mm&r=g\",\"caption\":\"admpu17wp\"}}]}<\/script>\n<!-- \/ Yoast SEO plugin. -->","yoast_head_json":{"title":"Este jueves se realizar\u00e1 una charla abierta sobre grooming","description":"Este jueves se realizar\u00e1 una charla abierta sobre Grooming, Con la organizaci\u00f3n del Observatorio de Sociales de la FACSO y Punto Digital","robots":{"index":"index","follow":"follow","max-snippet":"max-snippet:-1","max-image-preview":"max-image-preview:large","max-video-preview":"max-video-preview:-1"},"canonical":"https:\/\/experienciadevida.com.ar\/portalurbano\/este-jueves-se-realizara-una-charla-abierta-sobre-grooming\/","og_locale":"es_ES","og_type":"article","og_title":"Este jueves se realizar\u00e1 una charla abierta sobre grooming","og_description":"Este jueves se realizar\u00e1 una charla abierta sobre Grooming, Con la organizaci\u00f3n del Observatorio de Sociales de la FACSO y Punto Digital","og_url":"https:\/\/experienciadevida.com.ar\/portalurbano\/este-jueves-se-realizara-una-charla-abierta-sobre-grooming\/","article_publisher":"https:\/\/www.facebook.com\/Portal-Urbano-171542830093757\/","article_published_time":"2021-08-26T12:52:49+00:00","article_modified_time":"2021-08-26T14:10:07+00:00","og_image":[{"width":640,"height":427,"url":"https:\/\/experienciadevida.com.ar\/portalurbano\/wp-content\/uploads\/2018\/10\/Punto-digital.jpg","type":"image\/jpeg"}],"author":"admpu17wp","twitter_card":"summary_large_image","twitter_creator":"@portalurbanook","twitter_site":"@portalurbanook","twitter_misc":{"Escrito por":"admpu17wp","Tiempo de lectura":"2 minutos"},"schema":{"@context":"https:\/\/schema.org","@graph":[{"@type":"Article","@id":"https:\/\/experienciadevida.com.ar\/portalurbano\/este-jueves-se-realizara-una-charla-abierta-sobre-grooming\/#article","isPartOf":{"@id":"https:\/\/experienciadevida.com.ar\/portalurbano\/este-jueves-se-realizara-una-charla-abierta-sobre-grooming\/"},"author":{"name":"admpu17wp","@id":"https:\/\/experienciadevida.com.ar\/portalurbano\/#\/schema\/person\/02dd326b1c4b056e9cc972486934a3a7"},"headline":"Este jueves se realizar\u00e1 una charla abierta sobre Grooming","datePublished":"2021-08-26T12:52:49+00:00","dateModified":"2021-08-26T14:10:07+00:00","mainEntityOfPage":{"@id":"https:\/\/experienciadevida.com.ar\/portalurbano\/este-jueves-se-realizara-una-charla-abierta-sobre-grooming\/"},"wordCount":428,"publisher":{"@id":"https:\/\/experienciadevida.com.ar\/portalurbano\/#organization"},"articleSection":["Ciudad","Destacadas 2"],"inLanguage":"es"},{"@type":"WebPage","@id":"https:\/\/experienciadevida.com.ar\/portalurbano\/este-jueves-se-realizara-una-charla-abierta-sobre-grooming\/","url":"https:\/\/experienciadevida.com.ar\/portalurbano\/este-jueves-se-realizara-una-charla-abierta-sobre-grooming\/","name":"Este jueves se realizar\u00e1 una charla abierta sobre grooming","isPartOf":{"@id":"https:\/\/experienciadevida.com.ar\/portalurbano\/#website"},"datePublished":"2021-08-26T12:52:49+00:00","dateModified":"2021-08-26T14:10:07+00:00","description":"Este jueves se realizar\u00e1 una charla abierta sobre Grooming, Con la organizaci\u00f3n del Observatorio de Sociales de la FACSO y Punto Digital","breadcrumb":{"@id":"https:\/\/experienciadevida.com.ar\/portalurbano\/este-jueves-se-realizara-una-charla-abierta-sobre-grooming\/#breadcrumb"},"inLanguage":"es","potentialAction":[{"@type":"ReadAction","target":["https:\/\/experienciadevida.com.ar\/portalurbano\/este-jueves-se-realizara-una-charla-abierta-sobre-grooming\/"]}]},{"@type":"BreadcrumbList","@id":"https:\/\/experienciadevida.com.ar\/portalurbano\/este-jueves-se-realizara-una-charla-abierta-sobre-grooming\/#breadcrumb","itemListElement":[{"@type":"ListItem","position":1,"name":"Portada","item":"https:\/\/experienciadevida.com.ar\/portalurbano\/"},{"@type":"ListItem","position":2,"name":"Este jueves se realizar\u00e1 una charla abierta sobre Grooming"}]},{"@type":"WebSite","@id":"https:\/\/experienciadevida.com.ar\/portalurbano\/#website","url":"https:\/\/experienciadevida.com.ar\/portalurbano\/","name":"","description":"","publisher":{"@id":"https:\/\/experienciadevida.com.ar\/portalurbano\/#organization"},"potentialAction":[{"@type":"SearchAction","target":{"@type":"EntryPoint","urlTemplate":"https:\/\/experienciadevida.com.ar\/portalurbano\/?s={search_term_string}"},"query-input":"required name=search_term_string"}],"inLanguage":"es"},{"@type":"Organization","@id":"https:\/\/experienciadevida.com.ar\/portalurbano\/#organization","name":"Portal Urbano","url":"https:\/\/experienciadevida.com.ar\/portalurbano\/","logo":{"@type":"ImageObject","inLanguage":"es","@id":"https:\/\/experienciadevida.com.ar\/portalurbano\/#\/schema\/logo\/image\/","url":"https:\/\/experienciadevida.com.ar\/portalurbano\/wp-content\/uploads\/2019\/09\/Logo-Original.png","contentUrl":"https:\/\/experienciadevida.com.ar\/portalurbano\/wp-content\/uploads\/2019\/09\/Logo-Original.png","width":2236,"height":1216,"caption":"Portal Urbano"},"image":{"@id":"https:\/\/experienciadevida.com.ar\/portalurbano\/#\/schema\/logo\/image\/"},"sameAs":["https:\/\/www.facebook.com\/Portal-Urbano-171542830093757\/","https:\/\/twitter.com\/portalurbanook","https:\/\/www.instagram.com\/_portalurbano\/","https:\/\/www.youtube.com\/channel\/UCXhagIfszH8KxFiOok79zbA?view_as=subscriber"]},{"@type":"Person","@id":"https:\/\/experienciadevida.com.ar\/portalurbano\/#\/schema\/person\/02dd326b1c4b056e9cc972486934a3a7","name":"admpu17wp","image":{"@type":"ImageObject","inLanguage":"es","@id":"https:\/\/experienciadevida.com.ar\/portalurbano\/#\/schema\/person\/image\/","url":"https:\/\/secure.gravatar.com\/avatar\/830d4c57adaae6630765e449a6908047?s=96&d=mm&r=g","contentUrl":"https:\/\/secure.gravatar.com\/avatar\/830d4c57adaae6630765e449a6908047?s=96&d=mm&r=g","caption":"admpu17wp"}}]}},"featured_image_urls":{"full":"","thumbnail":"","medium":"","medium_large":"","large":"","ug_big":"","1536x1536":"","2048x2048":"","newsever-slider-full":"","newsever-featured":"","newsever-medium":"","web-stories-poster-portrait":"","web-stories-publisher-logo":"","web-stories-thumbnail":""},"author_info":{"display_name":"admpu17wp","author_link":"https:\/\/experienciadevida.com.ar\/portalurbano\/author\/admpu17wp\/"},"category_info":"<a href=\"https:\/\/experienciadevida.com.ar\/portalurbano\/category\/ciudad\/\" rel=\"category tag\">Ciudad<\/a> <a href=\"https:\/\/experienciadevida.com.ar\/portalurbano\/category\/destacadas-2\/\" rel=\"category tag\">Destacadas 2<\/a>","tag_info":"Destacadas 2","comment_count":"0","amp_enabled":true,"_links":{"self":[{"href":"https:\/\/experienciadevida.com.ar\/portalurbano\/wp-json\/wp\/v2\/posts\/151170"}],"collection":[{"href":"https:\/\/experienciadevida.com.ar\/portalurbano\/wp-json\/wp\/v2\/posts"}],"about":[{"href":"https:\/\/experienciadevida.com.ar\/portalurbano\/wp-json\/wp\/v2\/types\/post"}],"author":[{"embeddable":true,"href":"https:\/\/experienciadevida.com.ar\/portalurbano\/wp-json\/wp\/v2\/users\/1"}],"replies":[{"embeddable":true,"href":"https:\/\/experienciadevida.com.ar\/portalurbano\/wp-json\/wp\/v2\/comments?post=151170"}],"version-history":[{"count":5,"href":"https:\/\/experienciadevida.com.ar\/portalurbano\/wp-json\/wp\/v2\/posts\/151170\/revisions"}],"predecessor-version":[{"id":151181,"href":"https:\/\/experienciadevida.com.ar\/portalurbano\/wp-json\/wp\/v2\/posts\/151170\/revisions\/151181"}],"wp:attachment":[{"href":"https:\/\/experienciadevida.com.ar\/portalurbano\/wp-json\/wp\/v2\/media?parent=151170"}],"wp:term":[{"taxonomy":"category","embeddable":true,"href":"https:\/\/experienciadevida.com.ar\/portalurbano\/wp-json\/wp\/v2\/categories?post=151170"},{"taxonomy":"post_tag","embeddable":true,"href":"https:\/\/experienciadevida.com.ar\/portalurbano\/wp-json\/wp\/v2\/tags?post=151170"}],"curies":[{"name":"wp","href":"https:\/\/api.w.org\/{rel}","templated":true}]}}