{"id":151146,"date":"2021-08-25T19:03:53","date_gmt":"2021-08-25T22:03:53","guid":{"rendered":"https:\/\/experienciadevida.com.ar\/portalurbano\/?p=151146"},"modified":"2021-09-17T17:52:09","modified_gmt":"2021-09-17T20:52:09","slug":"wesner-junto-a-la-diputada-nacional-alvarez-rodriguez-recorrieron-sierras-bayas-y-destacaron-la-importancia-de-fomentar-el-turismo-local","status":"publish","type":"post","link":"https:\/\/experienciadevida.com.ar\/portalurbano\/wesner-junto-a-la-diputada-nacional-alvarez-rodriguez-recorrieron-sierras-bayas-y-destacaron-la-importancia-de-fomentar-el-turismo-local\/","title":{"rendered":"Wesner junto a la diputada Nacional \u00c1lvarez Rodr\u00edguez recorrieron Sierras Bayas y destacaron la importancia de fomentar el  turismo local"},"content":{"rendered":"<p>Wesner junto a la diputada Nacional \u00c1lvarez Rodr\u00edguez recorrieron Sierras Bayas y destacaron la importancia de fomentar el turismo local.<\/p>\n<p>En el d\u00eda de ayer, la diputada Nacional Cristina \u00c1lvarez Rodr\u00edguez estuvo junto al precandidato a concejal Maximiliano <a href=\"https:\/\/www.facebook.com\/Maximiliano-Wesner-112197630546124\">Wesner<\/a> visitando Cerro Largo, una cantera y Rinc\u00f3n so\u00f1ado. Ambos coincidieron en la necesidad de fomentar el turismo y aprovechar el potencial de dichos paisajes.<\/p>\n<p>De la recorrida por Cerro Largo participaron adem\u00e1s el Subsecretario de Miner\u00eda, Federico Aguilera, la diputada nacional Liliana Schwindt y autoridades de Parques Nacionales y Fabricaciones Militares. Cabe destacar que desde hace tiempo se viene trabajando junto con vecinos y vecinas de la localidad para declarar el Cerro Largo como Zona de Reserva Natural.<\/p>\n<p>Al respecto Wesner declar\u00f3: \u201cEl Cerro Largo es un lugar hermoso y d\u00eda a d\u00eda lo disfrutan una gran cantidad de vecinos y vecinas, creemos que es necesario trabajar para mejorar estos espacios, m\u00e1s all\u00e1 de su belleza natural deben ser cuidados, se puede pensar en una mayor infraestructura teniendo en cuenta la cantidad de gente que asiste diariamente y en un desarrollo integral que fomente el turismo\u201d.<\/p>\n<p>Tambi\u00e9n durante la recorrida por Sierras Bayas, visitaron el \u201cEl Tren, estaci\u00f3n caf\u00e9\u201d que funciona en el complejo \u201cRinc\u00f3n So\u00f1ado\u201d, un emprendimiento familiar que comenz\u00f3 hace varios a\u00f1os, en ese sentido Wesner indic\u00f3: \u201cLugares como Rinc\u00f3n So\u00f1ado demuestran el patrimonio tur\u00edstico y cultural que tenemos en nuestro Partido y que debemos potenciar con inversi\u00f3n y desarrollo en las localidades. Sabemos que hay muchos empresarios y emprendedores con ideas pero necesitan tener acompa\u00f1amiento del Estado y certidumbre para poder invertir y eso es lo que debemos hacer, sobre todo porque nos va permitir generar empleo\u201d.<\/p>\n<p>Por \u00faltimo el precandidato a concejal sostuvo: \u201cNosotros creemos que pueden convivir el turismo con el desarrollo productivo de la zona, no es una cosa u otra, pero debemos trabajar para reglamentar y fomentar ambas cosas y que haya reglas claras. Hoy mucha gente elige las sierras para disfrutar en familia y estoy seguro que podemos hacer que se conozcan a\u00fan m\u00e1s y vengan personas de todos lados\u201d.<\/p>\n<p><a href=\"https:\/\/experienciadevida.com.ar\/portalurbano\/wesner-junto-a-la-diputada-nacional-alvarez-rodriguez-recorrieron-sierras-bayas-y-destacaron-la-importancia-de-fomentar-el-turismo-local\/wesner-junto\/\" rel=\"attachment wp-att-151150\"><img decoding=\"async\" class=\"alignnone size-large wp-image-151150\" src=\"https:\/\/experienciadevida.com.ar\/portalurbano\/wp-content\/uploads\/2021\/08\/Wesner-junto-1024x577.jpg\" alt=\"Wesner Junto \" width=\"900\" height=\"507\" srcset=\"https:\/\/experienciadevida.com.ar\/portalurbano\/wp-content\/uploads\/2021\/08\/Wesner-junto-1024x577.jpg 1024w, https:\/\/experienciadevida.com.ar\/portalurbano\/wp-content\/uploads\/2021\/08\/Wesner-junto-300x169.jpg 300w, https:\/\/experienciadevida.com.ar\/portalurbano\/wp-content\/uploads\/2021\/08\/Wesner-junto-768x433.jpg 768w, https:\/\/experienciadevida.com.ar\/portalurbano\/wp-content\/uploads\/2021\/08\/Wesner-junto.jpg 1280w\" sizes=\"(max-width: 900px) 100vw, 900px\" \/><\/a><\/p>\n<p><a href=\"https:\/\/experienciadevida.com.ar\/portalurbano\/wesner-junto-a-la-diputada-nacional-alvarez-rodriguez-recorrieron-sierras-bayas-y-destacaron-la-importancia-de-fomentar-el-turismo-local\/a-la-diputada\/\" rel=\"attachment wp-att-151151\"><img decoding=\"async\" class=\"alignnone size-large wp-image-151151\" src=\"https:\/\/experienciadevida.com.ar\/portalurbano\/wp-content\/uploads\/2021\/08\/a-la-diputada-1024x606.jpg\" alt=\"a la diputada \" width=\"900\" height=\"533\" srcset=\"https:\/\/experienciadevida.com.ar\/portalurbano\/wp-content\/uploads\/2021\/08\/a-la-diputada-1024x606.jpg 1024w, https:\/\/experienciadevida.com.ar\/portalurbano\/wp-content\/uploads\/2021\/08\/a-la-diputada-300x177.jpg 300w, https:\/\/experienciadevida.com.ar\/portalurbano\/wp-content\/uploads\/2021\/08\/a-la-diputada-768x454.jpg 768w, https:\/\/experienciadevida.com.ar\/portalurbano\/wp-content\/uploads\/2021\/08\/a-la-diputada.jpg 1280w\" sizes=\"(max-width: 900px) 100vw, 900px\" \/><\/a><\/p>\n<p><a href=\"https:\/\/experienciadevida.com.ar\/portalurbano\/wesner-junto-a-la-diputada-nacional-alvarez-rodriguez-recorrieron-sierras-bayas-y-destacaron-la-importancia-de-fomentar-el-turismo-local\/wesner-5\/\" rel=\"attachment wp-att-151152\"><img decoding=\"async\" class=\"alignnone size-large wp-image-151152\" src=\"https:\/\/experienciadevida.com.ar\/portalurbano\/wp-content\/uploads\/2021\/08\/Wesner-3-1024x678.jpg\" alt=\"Wesner \" width=\"900\" height=\"596\" srcset=\"https:\/\/experienciadevida.com.ar\/portalurbano\/wp-content\/uploads\/2021\/08\/Wesner-3-1024x678.jpg 1024w, https:\/\/experienciadevida.com.ar\/portalurbano\/wp-content\/uploads\/2021\/08\/Wesner-3-300x199.jpg 300w, https:\/\/experienciadevida.com.ar\/portalurbano\/wp-content\/uploads\/2021\/08\/Wesner-3-768x508.jpg 768w, https:\/\/experienciadevida.com.ar\/portalurbano\/wp-content\/uploads\/2021\/08\/Wesner-3.jpg 1070w\" sizes=\"(max-width: 900px) 100vw, 900px\" \/><\/a><\/p>\n","protected":false},"excerpt":{"rendered":"<p>Wesner junto a la diputada Nacional \u00c1lvarez Rodr\u00edguez recorrieron Sierras Bayas y destacaron la importancia&#8230;<\/p>\n","protected":false},"author":1,"featured_media":151147,"comment_status":"closed","ping_status":"closed","sticky":false,"template":"","format":"standard","meta":{"content-type":""},"categories":[64,43,648],"tags":[],"nelio_content":{"isAutoShareEnabled":false,"autoShareEndMode":"default","automationSources":{"useContentSentences":true,"useSocialTemplates":true,"useCustomSentences":false,"customSentences":[]},"followers":[1],"suggestedReferences":[],"includedReferences":[],"efiUrl":"","efiAlt":"","highlights":[]},"yoast_head":"<!-- This site is optimized with the Yoast SEO plugin v20.7 - https:\/\/yoast.com\/wordpress\/plugins\/seo\/ -->\n<title>Wesner junto a la Diputada Nacional \u00c1lvarez Rodriguez de recorrida<\/title>\n<meta name=\"description\" content=\"Wesner junto a la diputada Nacional \u00c1lvarez Rodr\u00edguez recorrieron Sierras Bayas destacaron la importancia del turismo local.\" \/>\n<meta name=\"robots\" content=\"index, follow, max-snippet:-1, max-image-preview:large, max-video-preview:-1\" \/>\n<link rel=\"canonical\" href=\"https:\/\/experienciadevida.com.ar\/portalurbano\/wesner-junto-a-la-diputada-nacional-alvarez-rodriguez-recorrieron-sierras-bayas-y-destacaron-la-importancia-de-fomentar-el-turismo-local\/\" \/>\n<meta property=\"og:locale\" content=\"es_ES\" \/>\n<meta property=\"og:type\" content=\"article\" \/>\n<meta property=\"og:title\" content=\"Wesner junto a la Diputada Nacional \u00c1lvarez Rodriguez de recorrida\" \/>\n<meta property=\"og:description\" content=\"Wesner junto a la diputada Nacional \u00c1lvarez Rodr\u00edguez recorrieron Sierras Bayas destacaron la importancia del turismo local.\" \/>\n<meta property=\"og:url\" content=\"https:\/\/experienciadevida.com.ar\/portalurbano\/wesner-junto-a-la-diputada-nacional-alvarez-rodriguez-recorrieron-sierras-bayas-y-destacaron-la-importancia-de-fomentar-el-turismo-local\/\" \/>\n<meta property=\"article:publisher\" content=\"https:\/\/www.facebook.com\/Portal-Urbano-171542830093757\/\" \/>\n<meta property=\"article:published_time\" content=\"2021-08-25T22:03:53+00:00\" \/>\n<meta property=\"article:modified_time\" content=\"2021-09-17T20:52:09+00:00\" \/>\n<meta property=\"og:image\" content=\"https:\/\/experienciadevida.com.ar\/portalurbano\/wp-content\/uploads\/2021\/08\/Wesner-junto-a-la-diputada.jpg\" \/>\n\t<meta property=\"og:image:width\" content=\"1280\" \/>\n\t<meta property=\"og:image:height\" content=\"782\" \/>\n\t<meta property=\"og:image:type\" content=\"image\/jpeg\" \/>\n<meta name=\"author\" content=\"admpu17wp\" \/>\n<meta name=\"twitter:card\" content=\"summary_large_image\" \/>\n<meta name=\"twitter:creator\" content=\"@portalurbanook\" \/>\n<meta name=\"twitter:site\" content=\"@portalurbanook\" \/>\n<meta name=\"twitter:label1\" content=\"Escrito por\" \/>\n\t<meta name=\"twitter:data1\" content=\"admpu17wp\" \/>\n\t<meta name=\"twitter:label2\" content=\"Tiempo de lectura\" \/>\n\t<meta name=\"twitter:data2\" content=\"2 minutos\" \/>\n<script type=\"application\/ld+json\" class=\"yoast-schema-graph\">{\"@context\":\"https:\/\/schema.org\",\"@graph\":[{\"@type\":\"Article\",\"@id\":\"https:\/\/experienciadevida.com.ar\/portalurbano\/wesner-junto-a-la-diputada-nacional-alvarez-rodriguez-recorrieron-sierras-bayas-y-destacaron-la-importancia-de-fomentar-el-turismo-local\/#article\",\"isPartOf\":{\"@id\":\"https:\/\/experienciadevida.com.ar\/portalurbano\/wesner-junto-a-la-diputada-nacional-alvarez-rodriguez-recorrieron-sierras-bayas-y-destacaron-la-importancia-de-fomentar-el-turismo-local\/\"},\"author\":{\"name\":\"admpu17wp\",\"@id\":\"https:\/\/experienciadevida.com.ar\/portalurbano\/#\/schema\/person\/02dd326b1c4b056e9cc972486934a3a7\"},\"headline\":\"Wesner junto a la diputada Nacional \u00c1lvarez Rodr\u00edguez recorrieron Sierras Bayas y destacaron la importancia de fomentar el turismo local\",\"datePublished\":\"2021-08-25T22:03:53+00:00\",\"dateModified\":\"2021-09-17T20:52:09+00:00\",\"mainEntityOfPage\":{\"@id\":\"https:\/\/experienciadevida.com.ar\/portalurbano\/wesner-junto-a-la-diputada-nacional-alvarez-rodriguez-recorrieron-sierras-bayas-y-destacaron-la-importancia-de-fomentar-el-turismo-local\/\"},\"wordCount\":390,\"publisher\":{\"@id\":\"https:\/\/experienciadevida.com.ar\/portalurbano\/#organization\"},\"articleSection\":[\"Destacadas 2\",\"Pol\u00edtica\",\"POL\u00cdTICOS EN CAMPA\u00d1A \u2013 PASO 2021\"],\"inLanguage\":\"es\"},{\"@type\":\"WebPage\",\"@id\":\"https:\/\/experienciadevida.com.ar\/portalurbano\/wesner-junto-a-la-diputada-nacional-alvarez-rodriguez-recorrieron-sierras-bayas-y-destacaron-la-importancia-de-fomentar-el-turismo-local\/\",\"url\":\"https:\/\/experienciadevida.com.ar\/portalurbano\/wesner-junto-a-la-diputada-nacional-alvarez-rodriguez-recorrieron-sierras-bayas-y-destacaron-la-importancia-de-fomentar-el-turismo-local\/\",\"name\":\"Wesner junto a la Diputada Nacional \u00c1lvarez Rodriguez de recorrida\",\"isPartOf\":{\"@id\":\"https:\/\/experienciadevida.com.ar\/portalurbano\/#website\"},\"datePublished\":\"2021-08-25T22:03:53+00:00\",\"dateModified\":\"2021-09-17T20:52:09+00:00\",\"description\":\"Wesner junto a la diputada Nacional \u00c1lvarez Rodr\u00edguez recorrieron Sierras Bayas destacaron la importancia del turismo local.\",\"breadcrumb\":{\"@id\":\"https:\/\/experienciadevida.com.ar\/portalurbano\/wesner-junto-a-la-diputada-nacional-alvarez-rodriguez-recorrieron-sierras-bayas-y-destacaron-la-importancia-de-fomentar-el-turismo-local\/#breadcrumb\"},\"inLanguage\":\"es\",\"potentialAction\":[{\"@type\":\"ReadAction\",\"target\":[\"https:\/\/experienciadevida.com.ar\/portalurbano\/wesner-junto-a-la-diputada-nacional-alvarez-rodriguez-recorrieron-sierras-bayas-y-destacaron-la-importancia-de-fomentar-el-turismo-local\/\"]}]},{\"@type\":\"BreadcrumbList\",\"@id\":\"https:\/\/experienciadevida.com.ar\/portalurbano\/wesner-junto-a-la-diputada-nacional-alvarez-rodriguez-recorrieron-sierras-bayas-y-destacaron-la-importancia-de-fomentar-el-turismo-local\/#breadcrumb\",\"itemListElement\":[{\"@type\":\"ListItem\",\"position\":1,\"name\":\"Portada\",\"item\":\"https:\/\/experienciadevida.com.ar\/portalurbano\/\"},{\"@type\":\"ListItem\",\"position\":2,\"name\":\"Wesner junto a la diputada Nacional \u00c1lvarez Rodr\u00edguez recorrieron Sierras Bayas y destacaron la importancia de fomentar el turismo local\"}]},{\"@type\":\"WebSite\",\"@id\":\"https:\/\/experienciadevida.com.ar\/portalurbano\/#website\",\"url\":\"https:\/\/experienciadevida.com.ar\/portalurbano\/\",\"name\":\"\",\"description\":\"\",\"publisher\":{\"@id\":\"https:\/\/experienciadevida.com.ar\/portalurbano\/#organization\"},\"potentialAction\":[{\"@type\":\"SearchAction\",\"target\":{\"@type\":\"EntryPoint\",\"urlTemplate\":\"https:\/\/experienciadevida.com.ar\/portalurbano\/?s={search_term_string}\"},\"query-input\":\"required name=search_term_string\"}],\"inLanguage\":\"es\"},{\"@type\":\"Organization\",\"@id\":\"https:\/\/experienciadevida.com.ar\/portalurbano\/#organization\",\"name\":\"Portal Urbano\",\"url\":\"https:\/\/experienciadevida.com.ar\/portalurbano\/\",\"logo\":{\"@type\":\"ImageObject\",\"inLanguage\":\"es\",\"@id\":\"https:\/\/experienciadevida.com.ar\/portalurbano\/#\/schema\/logo\/image\/\",\"url\":\"https:\/\/experienciadevida.com.ar\/portalurbano\/wp-content\/uploads\/2019\/09\/Logo-Original.png\",\"contentUrl\":\"https:\/\/experienciadevida.com.ar\/portalurbano\/wp-content\/uploads\/2019\/09\/Logo-Original.png\",\"width\":2236,\"height\":1216,\"caption\":\"Portal Urbano\"},\"image\":{\"@id\":\"https:\/\/experienciadevida.com.ar\/portalurbano\/#\/schema\/logo\/image\/\"},\"sameAs\":[\"https:\/\/www.facebook.com\/Portal-Urbano-171542830093757\/\",\"https:\/\/twitter.com\/portalurbanook\",\"https:\/\/www.instagram.com\/_portalurbano\/\",\"https:\/\/www.youtube.com\/channel\/UCXhagIfszH8KxFiOok79zbA?view_as=subscriber\"]},{\"@type\":\"Person\",\"@id\":\"https:\/\/experienciadevida.com.ar\/portalurbano\/#\/schema\/person\/02dd326b1c4b056e9cc972486934a3a7\",\"name\":\"admpu17wp\",\"image\":{\"@type\":\"ImageObject\",\"inLanguage\":\"es\",\"@id\":\"https:\/\/experienciadevida.com.ar\/portalurbano\/#\/schema\/person\/image\/\",\"url\":\"https:\/\/secure.gravatar.com\/avatar\/830d4c57adaae6630765e449a6908047?s=96&d=mm&r=g\",\"contentUrl\":\"https:\/\/secure.gravatar.com\/avatar\/830d4c57adaae6630765e449a6908047?s=96&d=mm&r=g\",\"caption\":\"admpu17wp\"}}]}<\/script>\n<!-- \/ Yoast SEO plugin. -->","yoast_head_json":{"title":"Wesner junto a la Diputada Nacional \u00c1lvarez Rodriguez de recorrida","description":"Wesner junto a la diputada Nacional \u00c1lvarez Rodr\u00edguez recorrieron Sierras Bayas destacaron la importancia del turismo local.","robots":{"index":"index","follow":"follow","max-snippet":"max-snippet:-1","max-image-preview":"max-image-preview:large","max-video-preview":"max-video-preview:-1"},"canonical":"https:\/\/experienciadevida.com.ar\/portalurbano\/wesner-junto-a-la-diputada-nacional-alvarez-rodriguez-recorrieron-sierras-bayas-y-destacaron-la-importancia-de-fomentar-el-turismo-local\/","og_locale":"es_ES","og_type":"article","og_title":"Wesner junto a la Diputada Nacional \u00c1lvarez Rodriguez de recorrida","og_description":"Wesner junto a la diputada Nacional \u00c1lvarez Rodr\u00edguez recorrieron Sierras Bayas destacaron la importancia del turismo local.","og_url":"https:\/\/experienciadevida.com.ar\/portalurbano\/wesner-junto-a-la-diputada-nacional-alvarez-rodriguez-recorrieron-sierras-bayas-y-destacaron-la-importancia-de-fomentar-el-turismo-local\/","article_publisher":"https:\/\/www.facebook.com\/Portal-Urbano-171542830093757\/","article_published_time":"2021-08-25T22:03:53+00:00","article_modified_time":"2021-09-17T20:52:09+00:00","og_image":[{"width":1280,"height":782,"url":"https:\/\/experienciadevida.com.ar\/portalurbano\/wp-content\/uploads\/2021\/08\/Wesner-junto-a-la-diputada.jpg","type":"image\/jpeg"}],"author":"admpu17wp","twitter_card":"summary_large_image","twitter_creator":"@portalurbanook","twitter_site":"@portalurbanook","twitter_misc":{"Escrito por":"admpu17wp","Tiempo de lectura":"2 minutos"},"schema":{"@context":"https:\/\/schema.org","@graph":[{"@type":"Article","@id":"https:\/\/experienciadevida.com.ar\/portalurbano\/wesner-junto-a-la-diputada-nacional-alvarez-rodriguez-recorrieron-sierras-bayas-y-destacaron-la-importancia-de-fomentar-el-turismo-local\/#article","isPartOf":{"@id":"https:\/\/experienciadevida.com.ar\/portalurbano\/wesner-junto-a-la-diputada-nacional-alvarez-rodriguez-recorrieron-sierras-bayas-y-destacaron-la-importancia-de-fomentar-el-turismo-local\/"},"author":{"name":"admpu17wp","@id":"https:\/\/experienciadevida.com.ar\/portalurbano\/#\/schema\/person\/02dd326b1c4b056e9cc972486934a3a7"},"headline":"Wesner junto a la diputada Nacional \u00c1lvarez Rodr\u00edguez recorrieron Sierras Bayas y destacaron la importancia de fomentar el turismo local","datePublished":"2021-08-25T22:03:53+00:00","dateModified":"2021-09-17T20:52:09+00:00","mainEntityOfPage":{"@id":"https:\/\/experienciadevida.com.ar\/portalurbano\/wesner-junto-a-la-diputada-nacional-alvarez-rodriguez-recorrieron-sierras-bayas-y-destacaron-la-importancia-de-fomentar-el-turismo-local\/"},"wordCount":390,"publisher":{"@id":"https:\/\/experienciadevida.com.ar\/portalurbano\/#organization"},"articleSection":["Destacadas 2","Pol\u00edtica","POL\u00cdTICOS EN CAMPA\u00d1A \u2013 PASO 2021"],"inLanguage":"es"},{"@type":"WebPage","@id":"https:\/\/experienciadevida.com.ar\/portalurbano\/wesner-junto-a-la-diputada-nacional-alvarez-rodriguez-recorrieron-sierras-bayas-y-destacaron-la-importancia-de-fomentar-el-turismo-local\/","url":"https:\/\/experienciadevida.com.ar\/portalurbano\/wesner-junto-a-la-diputada-nacional-alvarez-rodriguez-recorrieron-sierras-bayas-y-destacaron-la-importancia-de-fomentar-el-turismo-local\/","name":"Wesner junto a la Diputada Nacional \u00c1lvarez Rodriguez de recorrida","isPartOf":{"@id":"https:\/\/experienciadevida.com.ar\/portalurbano\/#website"},"datePublished":"2021-08-25T22:03:53+00:00","dateModified":"2021-09-17T20:52:09+00:00","description":"Wesner junto a la diputada Nacional \u00c1lvarez Rodr\u00edguez recorrieron Sierras Bayas destacaron la importancia del turismo local.","breadcrumb":{"@id":"https:\/\/experienciadevida.com.ar\/portalurbano\/wesner-junto-a-la-diputada-nacional-alvarez-rodriguez-recorrieron-sierras-bayas-y-destacaron-la-importancia-de-fomentar-el-turismo-local\/#breadcrumb"},"inLanguage":"es","potentialAction":[{"@type":"ReadAction","target":["https:\/\/experienciadevida.com.ar\/portalurbano\/wesner-junto-a-la-diputada-nacional-alvarez-rodriguez-recorrieron-sierras-bayas-y-destacaron-la-importancia-de-fomentar-el-turismo-local\/"]}]},{"@type":"BreadcrumbList","@id":"https:\/\/experienciadevida.com.ar\/portalurbano\/wesner-junto-a-la-diputada-nacional-alvarez-rodriguez-recorrieron-sierras-bayas-y-destacaron-la-importancia-de-fomentar-el-turismo-local\/#breadcrumb","itemListElement":[{"@type":"ListItem","position":1,"name":"Portada","item":"https:\/\/experienciadevida.com.ar\/portalurbano\/"},{"@type":"ListItem","position":2,"name":"Wesner junto a la diputada Nacional \u00c1lvarez Rodr\u00edguez recorrieron Sierras Bayas y destacaron la importancia de fomentar el turismo local"}]},{"@type":"WebSite","@id":"https:\/\/experienciadevida.com.ar\/portalurbano\/#website","url":"https:\/\/experienciadevida.com.ar\/portalurbano\/","name":"","description":"","publisher":{"@id":"https:\/\/experienciadevida.com.ar\/portalurbano\/#organization"},"potentialAction":[{"@type":"SearchAction","target":{"@type":"EntryPoint","urlTemplate":"https:\/\/experienciadevida.com.ar\/portalurbano\/?s={search_term_string}"},"query-input":"required name=search_term_string"}],"inLanguage":"es"},{"@type":"Organization","@id":"https:\/\/experienciadevida.com.ar\/portalurbano\/#organization","name":"Portal Urbano","url":"https:\/\/experienciadevida.com.ar\/portalurbano\/","logo":{"@type":"ImageObject","inLanguage":"es","@id":"https:\/\/experienciadevida.com.ar\/portalurbano\/#\/schema\/logo\/image\/","url":"https:\/\/experienciadevida.com.ar\/portalurbano\/wp-content\/uploads\/2019\/09\/Logo-Original.png","contentUrl":"https:\/\/experienciadevida.com.ar\/portalurbano\/wp-content\/uploads\/2019\/09\/Logo-Original.png","width":2236,"height":1216,"caption":"Portal Urbano"},"image":{"@id":"https:\/\/experienciadevida.com.ar\/portalurbano\/#\/schema\/logo\/image\/"},"sameAs":["https:\/\/www.facebook.com\/Portal-Urbano-171542830093757\/","https:\/\/twitter.com\/portalurbanook","https:\/\/www.instagram.com\/_portalurbano\/","https:\/\/www.youtube.com\/channel\/UCXhagIfszH8KxFiOok79zbA?view_as=subscriber"]},{"@type":"Person","@id":"https:\/\/experienciadevida.com.ar\/portalurbano\/#\/schema\/person\/02dd326b1c4b056e9cc972486934a3a7","name":"admpu17wp","image":{"@type":"ImageObject","inLanguage":"es","@id":"https:\/\/experienciadevida.com.ar\/portalurbano\/#\/schema\/person\/image\/","url":"https:\/\/secure.gravatar.com\/avatar\/830d4c57adaae6630765e449a6908047?s=96&d=mm&r=g","contentUrl":"https:\/\/secure.gravatar.com\/avatar\/830d4c57adaae6630765e449a6908047?s=96&d=mm&r=g","caption":"admpu17wp"}}]}},"featured_image_urls":{"full":["https:\/\/experienciadevida.com.ar\/portalurbano\/wp-content\/uploads\/2021\/08\/Wesner-junto-a-la-diputada.jpg",1280,782,false],"thumbnail":["https:\/\/experienciadevida.com.ar\/portalurbano\/wp-content\/uploads\/2021\/08\/Wesner-junto-a-la-diputada-150x150.jpg",150,150,true],"medium":["https:\/\/experienciadevida.com.ar\/portalurbano\/wp-content\/uploads\/2021\/08\/Wesner-junto-a-la-diputada-300x183.jpg",300,183,true],"medium_large":["https:\/\/experienciadevida.com.ar\/portalurbano\/wp-content\/uploads\/2021\/08\/Wesner-junto-a-la-diputada-768x469.jpg",640,391,true],"large":["https:\/\/experienciadevida.com.ar\/portalurbano\/wp-content\/uploads\/2021\/08\/Wesner-junto-a-la-diputada-1024x626.jpg",640,391,true],"ug_big":["https:\/\/experienciadevida.com.ar\/portalurbano\/wp-content\/uploads\/2021\/08\/Wesner-junto-a-la-diputada-768x469.jpg",768,469,true],"1536x1536":["https:\/\/experienciadevida.com.ar\/portalurbano\/wp-content\/uploads\/2021\/08\/Wesner-junto-a-la-diputada.jpg",1280,782,false],"2048x2048":["https:\/\/experienciadevida.com.ar\/portalurbano\/wp-content\/uploads\/2021\/08\/Wesner-junto-a-la-diputada.jpg",1280,782,false],"newsever-slider-full":["https:\/\/experienciadevida.com.ar\/portalurbano\/wp-content\/uploads\/2021\/08\/Wesner-junto-a-la-diputada.jpg",1280,782,false],"newsever-featured":["https:\/\/experienciadevida.com.ar\/portalurbano\/wp-content\/uploads\/2021\/08\/Wesner-junto-a-la-diputada.jpg",1024,626,false],"newsever-medium":["https:\/\/experienciadevida.com.ar\/portalurbano\/wp-content\/uploads\/2021\/08\/Wesner-junto-a-la-diputada.jpg",720,440,false],"web-stories-poster-portrait":["https:\/\/experienciadevida.com.ar\/portalurbano\/wp-content\/uploads\/2021\/08\/Wesner-junto-a-la-diputada.jpg",640,391,false],"web-stories-publisher-logo":["https:\/\/experienciadevida.com.ar\/portalurbano\/wp-content\/uploads\/2021\/08\/Wesner-junto-a-la-diputada.jpg",96,59,false],"web-stories-thumbnail":["https:\/\/experienciadevida.com.ar\/portalurbano\/wp-content\/uploads\/2021\/08\/Wesner-junto-a-la-diputada.jpg",150,92,false]},"author_info":{"display_name":"admpu17wp","author_link":"https:\/\/experienciadevida.com.ar\/portalurbano\/author\/admpu17wp\/"},"category_info":"<a href=\"https:\/\/experienciadevida.com.ar\/portalurbano\/category\/destacadas-2\/\" rel=\"category tag\">Destacadas 2<\/a> <a href=\"https:\/\/experienciadevida.com.ar\/portalurbano\/category\/politica\/\" rel=\"category tag\">Pol\u00edtica<\/a> <a href=\"https:\/\/experienciadevida.com.ar\/portalurbano\/category\/politicos-en-campana-paso-2021\/\" rel=\"category tag\">POL\u00cdTICOS EN CAMPA\u00d1A \u2013 PASO 2021<\/a>","tag_info":"POL\u00cdTICOS EN CAMPA\u00d1A \u2013 PASO 2021","comment_count":"0","amp_enabled":true,"_links":{"self":[{"href":"https:\/\/experienciadevida.com.ar\/portalurbano\/wp-json\/wp\/v2\/posts\/151146"}],"collection":[{"href":"https:\/\/experienciadevida.com.ar\/portalurbano\/wp-json\/wp\/v2\/posts"}],"about":[{"href":"https:\/\/experienciadevida.com.ar\/portalurbano\/wp-json\/wp\/v2\/types\/post"}],"author":[{"embeddable":true,"href":"https:\/\/experienciadevida.com.ar\/portalurbano\/wp-json\/wp\/v2\/users\/1"}],"replies":[{"embeddable":true,"href":"https:\/\/experienciadevida.com.ar\/portalurbano\/wp-json\/wp\/v2\/comments?post=151146"}],"version-history":[{"count":3,"href":"https:\/\/experienciadevida.com.ar\/portalurbano\/wp-json\/wp\/v2\/posts\/151146\/revisions"}],"predecessor-version":[{"id":151153,"href":"https:\/\/experienciadevida.com.ar\/portalurbano\/wp-json\/wp\/v2\/posts\/151146\/revisions\/151153"}],"wp:featuredmedia":[{"embeddable":true,"href":"https:\/\/experienciadevida.com.ar\/portalurbano\/wp-json\/wp\/v2\/media\/151147"}],"wp:attachment":[{"href":"https:\/\/experienciadevida.com.ar\/portalurbano\/wp-json\/wp\/v2\/media?parent=151146"}],"wp:term":[{"taxonomy":"category","embeddable":true,"href":"https:\/\/experienciadevida.com.ar\/portalurbano\/wp-json\/wp\/v2\/categories?post=151146"},{"taxonomy":"post_tag","embeddable":true,"href":"https:\/\/experienciadevida.com.ar\/portalurbano\/wp-json\/wp\/v2\/tags?post=151146"}],"curies":[{"name":"wp","href":"https:\/\/api.w.org\/{rel}","templated":true}]}}