{"id":151127,"date":"2021-08-25T15:00:23","date_gmt":"2021-08-25T18:00:23","guid":{"rendered":"https:\/\/experienciadevida.com.ar\/portalurbano\/?p=151127"},"modified":"2021-08-25T15:03:26","modified_gmt":"2021-08-25T18:03:26","slug":"el-cef-44-como-institucion-modelo-en-la-formacion-deportiva-de-los-jovenes","status":"publish","type":"post","link":"https:\/\/experienciadevida.com.ar\/portalurbano\/el-cef-44-como-institucion-modelo-en-la-formacion-deportiva-de-los-jovenes\/","title":{"rendered":"El CEF 44 como instituci\u00f3n modelo en la formaci\u00f3n deportiva de los j\u00f3venes"},"content":{"rendered":"<p>El CEF 44 como instituci\u00f3n modelo en la formaci\u00f3n deportiva de los j\u00f3venes, este mi\u00e9rcoles comenzaron las reformas en el CEF N\u00ba 44 ubicado en el coraz\u00f3n del Barrio CECO I.<\/p>\n<p>Los trabajos fueron licitados en el mes de junio y son financiados con recursos del plan de infraestructura educativa.<\/p>\n<p>El intendente Ezequiel <a href=\"https:\/\/www.facebook.com\/galliezequiel\">Galli<\/a> recorri\u00f3 las instalaciones del predio de cara al inicio de las tareas, a cargo de Espacio R2 S.A., empresa adjudicataria. Estuvo acompa\u00f1ado por el presidente del HCD Bruno <a href=\"https:\/\/www.instagram.com\/brunocenizo\/?hl=es-la\">Cenizo<\/a>, los secretarios de Desarrollo Humano y Calidad de Vida Diego <a href=\"https:\/\/www.facebook.com\/diegorobbiani\">Robbiani<\/a> y de Mantenimiento y Obras P\u00fablicas Julio <a href=\"https:\/\/www.instagram.com\/julitoferraro\/?hl=es-la\">Ferraro<\/a>.<\/p>\n<p>El CEF 44 como instituci\u00f3n modelo en la formaci\u00f3n deportiva de los j\u00f3venes, Las reformas en el CEF 44 comprenden: ampliaci\u00f3n y refacci\u00f3n completa de ba\u00f1os y vestuarios \u2013 los cuales actualmente se encuentran en malas condiciones y son escasos para la cantidad de gente que frecuenta el lugar \u2013 , cierre de un sector de planta alta para gimnasia art\u00edstica, ejecuci\u00f3n de un nuevo volumen donde se desarrollar\u00e1 la secretar\u00eda y semicubierto de canchas de tejo.<\/p>\n<p>Asimismo incluye la nueva instalaci\u00f3n el\u00e9ctrica de iluminaci\u00f3n y tomas en los sectores intervenidos y secretar\u00eda, divisi\u00f3n de un espacio mediante tabique de Durlock en el lugar destinado a dep\u00f3sitos y trabajos de pintura en el nuevo volumen a ejecutar, en ba\u00f1os, vestuarios y sector de tejo, intervenci\u00f3n de instalaci\u00f3n sanitaria e instalaci\u00f3n de gas.<\/p>\n<p>El CEF 44 como instituci\u00f3n modelo en la formaci\u00f3n deportiva de los j\u00f3venes, El Plan de Infraestructura Educativa constituye una de las pol\u00edticas centrales de la gesti\u00f3n del intendente Ezequiel Galli, y tiene por objetivo contribuir a garantizar el desarrollo de una educaci\u00f3n de calidad desde el nivel inicial.<\/p>\n<p>\u201cSiempre que iniciamos o concluimos una obra vinculada al deporte o la educaci\u00f3n sentimos que estamos cumpliendo con los objetivos que nos propusimos en diciembre de 2015\u201d.<\/p>\n<p>\u201cEstamos convencidos que tanto la educaci\u00f3n como el deporte deben ser pol\u00edticas de estado a largo plazo porque tienen que ver con la formaci\u00f3n y el futuro de nuestros j\u00f3venes y el CEF es una instituci\u00f3n modelo en este sentido\u201d.<\/p>\n<p><a href=\"https:\/\/experienciadevida.com.ar\/portalurbano\/el-cef-44-como-institucion-modelo-en-la-formacion-deportiva-de-los-jovenes\/el-cef-44\/\" rel=\"attachment wp-att-151131\"><img decoding=\"async\" class=\"alignnone size-large wp-image-151131\" src=\"https:\/\/experienciadevida.com.ar\/portalurbano\/wp-content\/uploads\/2021\/08\/El-CEF-44-1024x684.jpg\" alt=\"El CEF 44\" width=\"900\" height=\"601\" srcset=\"https:\/\/experienciadevida.com.ar\/portalurbano\/wp-content\/uploads\/2021\/08\/El-CEF-44-1024x684.jpg 1024w, https:\/\/experienciadevida.com.ar\/portalurbano\/wp-content\/uploads\/2021\/08\/El-CEF-44-300x201.jpg 300w, https:\/\/experienciadevida.com.ar\/portalurbano\/wp-content\/uploads\/2021\/08\/El-CEF-44-768x513.jpg 768w, https:\/\/experienciadevida.com.ar\/portalurbano\/wp-content\/uploads\/2021\/08\/El-CEF-44-1536x1027.jpg 1536w, https:\/\/experienciadevida.com.ar\/portalurbano\/wp-content\/uploads\/2021\/08\/El-CEF-44-2048x1369.jpg 2048w\" sizes=\"(max-width: 900px) 100vw, 900px\" \/><\/a><\/p>\n","protected":false},"excerpt":{"rendered":"<p>El CEF 44 como instituci\u00f3n modelo en la formaci\u00f3n deportiva de los j\u00f3venes, este mi\u00e9rcoles&#8230;<\/p>\n","protected":false},"author":1,"featured_media":151128,"comment_status":"closed","ping_status":"closed","sticky":false,"template":"","format":"standard","meta":{"content-type":""},"categories":[27,64],"tags":[],"nelio_content":{"isAutoShareEnabled":false,"autoShareEndMode":"default","automationSources":{"useContentSentences":true,"useSocialTemplates":true,"useCustomSentences":false,"customSentences":[]},"followers":[1],"suggestedReferences":[],"includedReferences":["https:\/\/www.instagram.com\/brunocenizo\/?hl=es-la","https:\/\/www.instagram.com\/julitoferraro\/?hl=es-la"],"efiUrl":"","efiAlt":"","highlights":[]},"yoast_head":"<!-- This site is optimized with the Yoast SEO plugin v20.7 - https:\/\/yoast.com\/wordpress\/plugins\/seo\/ -->\n<title>El CEF 44 como Instituci\u00f3n modelo en la formaci\u00f3n deportiva de j\u00f3venes<\/title>\n<meta name=\"description\" content=\"El CEF 44 como instituci\u00f3n modelo en la formaci\u00f3n deportiva de los j\u00f3venes, este mi\u00e9rcoles comenzaron las reformas en el lugar.\" \/>\n<meta name=\"robots\" content=\"index, follow, max-snippet:-1, max-image-preview:large, max-video-preview:-1\" \/>\n<link rel=\"canonical\" href=\"https:\/\/experienciadevida.com.ar\/portalurbano\/el-cef-44-como-institucion-modelo-en-la-formacion-deportiva-de-los-jovenes\/\" \/>\n<meta property=\"og:locale\" content=\"es_ES\" \/>\n<meta property=\"og:type\" content=\"article\" \/>\n<meta property=\"og:title\" content=\"El CEF 44 como Instituci\u00f3n modelo en la formaci\u00f3n deportiva de j\u00f3venes\" \/>\n<meta property=\"og:description\" content=\"El CEF 44 como instituci\u00f3n modelo en la formaci\u00f3n deportiva de los j\u00f3venes, este mi\u00e9rcoles comenzaron las reformas en el lugar.\" \/>\n<meta property=\"og:url\" content=\"https:\/\/experienciadevida.com.ar\/portalurbano\/el-cef-44-como-institucion-modelo-en-la-formacion-deportiva-de-los-jovenes\/\" \/>\n<meta property=\"article:publisher\" content=\"https:\/\/www.facebook.com\/Portal-Urbano-171542830093757\/\" \/>\n<meta property=\"article:published_time\" content=\"2021-08-25T18:00:23+00:00\" \/>\n<meta property=\"article:modified_time\" content=\"2021-08-25T18:03:26+00:00\" \/>\n<meta property=\"og:image\" content=\"https:\/\/experienciadevida.com.ar\/portalurbano\/wp-content\/uploads\/2021\/08\/El-CEF-44-como-institucion-e1629914416580.jpg\" \/>\n\t<meta property=\"og:image:width\" content=\"765\" \/>\n\t<meta property=\"og:image:height\" content=\"511\" \/>\n\t<meta property=\"og:image:type\" content=\"image\/jpeg\" \/>\n<meta name=\"author\" content=\"admpu17wp\" \/>\n<meta name=\"twitter:card\" content=\"summary_large_image\" \/>\n<meta name=\"twitter:creator\" content=\"@portalurbanook\" \/>\n<meta name=\"twitter:site\" content=\"@portalurbanook\" \/>\n<meta name=\"twitter:label1\" content=\"Escrito por\" \/>\n\t<meta name=\"twitter:data1\" content=\"admpu17wp\" \/>\n\t<meta name=\"twitter:label2\" content=\"Tiempo de lectura\" \/>\n\t<meta name=\"twitter:data2\" content=\"2 minutos\" \/>\n<script type=\"application\/ld+json\" class=\"yoast-schema-graph\">{\"@context\":\"https:\/\/schema.org\",\"@graph\":[{\"@type\":\"Article\",\"@id\":\"https:\/\/experienciadevida.com.ar\/portalurbano\/el-cef-44-como-institucion-modelo-en-la-formacion-deportiva-de-los-jovenes\/#article\",\"isPartOf\":{\"@id\":\"https:\/\/experienciadevida.com.ar\/portalurbano\/el-cef-44-como-institucion-modelo-en-la-formacion-deportiva-de-los-jovenes\/\"},\"author\":{\"name\":\"admpu17wp\",\"@id\":\"https:\/\/experienciadevida.com.ar\/portalurbano\/#\/schema\/person\/02dd326b1c4b056e9cc972486934a3a7\"},\"headline\":\"El CEF 44 como instituci\u00f3n modelo en la formaci\u00f3n deportiva de los j\u00f3venes\",\"datePublished\":\"2021-08-25T18:00:23+00:00\",\"dateModified\":\"2021-08-25T18:03:26+00:00\",\"mainEntityOfPage\":{\"@id\":\"https:\/\/experienciadevida.com.ar\/portalurbano\/el-cef-44-como-institucion-modelo-en-la-formacion-deportiva-de-los-jovenes\/\"},\"wordCount\":395,\"publisher\":{\"@id\":\"https:\/\/experienciadevida.com.ar\/portalurbano\/#organization\"},\"articleSection\":[\"Ciudad\",\"Destacadas 2\"],\"inLanguage\":\"es\"},{\"@type\":\"WebPage\",\"@id\":\"https:\/\/experienciadevida.com.ar\/portalurbano\/el-cef-44-como-institucion-modelo-en-la-formacion-deportiva-de-los-jovenes\/\",\"url\":\"https:\/\/experienciadevida.com.ar\/portalurbano\/el-cef-44-como-institucion-modelo-en-la-formacion-deportiva-de-los-jovenes\/\",\"name\":\"El CEF 44 como Instituci\u00f3n modelo en la formaci\u00f3n deportiva de j\u00f3venes\",\"isPartOf\":{\"@id\":\"https:\/\/experienciadevida.com.ar\/portalurbano\/#website\"},\"datePublished\":\"2021-08-25T18:00:23+00:00\",\"dateModified\":\"2021-08-25T18:03:26+00:00\",\"description\":\"El CEF 44 como instituci\u00f3n modelo en la formaci\u00f3n deportiva de los j\u00f3venes, este mi\u00e9rcoles comenzaron las reformas en el lugar.\",\"breadcrumb\":{\"@id\":\"https:\/\/experienciadevida.com.ar\/portalurbano\/el-cef-44-como-institucion-modelo-en-la-formacion-deportiva-de-los-jovenes\/#breadcrumb\"},\"inLanguage\":\"es\",\"potentialAction\":[{\"@type\":\"ReadAction\",\"target\":[\"https:\/\/experienciadevida.com.ar\/portalurbano\/el-cef-44-como-institucion-modelo-en-la-formacion-deportiva-de-los-jovenes\/\"]}]},{\"@type\":\"BreadcrumbList\",\"@id\":\"https:\/\/experienciadevida.com.ar\/portalurbano\/el-cef-44-como-institucion-modelo-en-la-formacion-deportiva-de-los-jovenes\/#breadcrumb\",\"itemListElement\":[{\"@type\":\"ListItem\",\"position\":1,\"name\":\"Portada\",\"item\":\"https:\/\/experienciadevida.com.ar\/portalurbano\/\"},{\"@type\":\"ListItem\",\"position\":2,\"name\":\"El CEF 44 como instituci\u00f3n modelo en la formaci\u00f3n deportiva de los j\u00f3venes\"}]},{\"@type\":\"WebSite\",\"@id\":\"https:\/\/experienciadevida.com.ar\/portalurbano\/#website\",\"url\":\"https:\/\/experienciadevida.com.ar\/portalurbano\/\",\"name\":\"\",\"description\":\"\",\"publisher\":{\"@id\":\"https:\/\/experienciadevida.com.ar\/portalurbano\/#organization\"},\"potentialAction\":[{\"@type\":\"SearchAction\",\"target\":{\"@type\":\"EntryPoint\",\"urlTemplate\":\"https:\/\/experienciadevida.com.ar\/portalurbano\/?s={search_term_string}\"},\"query-input\":\"required name=search_term_string\"}],\"inLanguage\":\"es\"},{\"@type\":\"Organization\",\"@id\":\"https:\/\/experienciadevida.com.ar\/portalurbano\/#organization\",\"name\":\"Portal Urbano\",\"url\":\"https:\/\/experienciadevida.com.ar\/portalurbano\/\",\"logo\":{\"@type\":\"ImageObject\",\"inLanguage\":\"es\",\"@id\":\"https:\/\/experienciadevida.com.ar\/portalurbano\/#\/schema\/logo\/image\/\",\"url\":\"https:\/\/experienciadevida.com.ar\/portalurbano\/wp-content\/uploads\/2019\/09\/Logo-Original.png\",\"contentUrl\":\"https:\/\/experienciadevida.com.ar\/portalurbano\/wp-content\/uploads\/2019\/09\/Logo-Original.png\",\"width\":2236,\"height\":1216,\"caption\":\"Portal Urbano\"},\"image\":{\"@id\":\"https:\/\/experienciadevida.com.ar\/portalurbano\/#\/schema\/logo\/image\/\"},\"sameAs\":[\"https:\/\/www.facebook.com\/Portal-Urbano-171542830093757\/\",\"https:\/\/twitter.com\/portalurbanook\",\"https:\/\/www.instagram.com\/_portalurbano\/\",\"https:\/\/www.youtube.com\/channel\/UCXhagIfszH8KxFiOok79zbA?view_as=subscriber\"]},{\"@type\":\"Person\",\"@id\":\"https:\/\/experienciadevida.com.ar\/portalurbano\/#\/schema\/person\/02dd326b1c4b056e9cc972486934a3a7\",\"name\":\"admpu17wp\",\"image\":{\"@type\":\"ImageObject\",\"inLanguage\":\"es\",\"@id\":\"https:\/\/experienciadevida.com.ar\/portalurbano\/#\/schema\/person\/image\/\",\"url\":\"https:\/\/secure.gravatar.com\/avatar\/830d4c57adaae6630765e449a6908047?s=96&d=mm&r=g\",\"contentUrl\":\"https:\/\/secure.gravatar.com\/avatar\/830d4c57adaae6630765e449a6908047?s=96&d=mm&r=g\",\"caption\":\"admpu17wp\"}}]}<\/script>\n<!-- \/ Yoast SEO plugin. -->","yoast_head_json":{"title":"El CEF 44 como Instituci\u00f3n modelo en la formaci\u00f3n deportiva de j\u00f3venes","description":"El CEF 44 como instituci\u00f3n modelo en la formaci\u00f3n deportiva de los j\u00f3venes, este mi\u00e9rcoles comenzaron las reformas en el lugar.","robots":{"index":"index","follow":"follow","max-snippet":"max-snippet:-1","max-image-preview":"max-image-preview:large","max-video-preview":"max-video-preview:-1"},"canonical":"https:\/\/experienciadevida.com.ar\/portalurbano\/el-cef-44-como-institucion-modelo-en-la-formacion-deportiva-de-los-jovenes\/","og_locale":"es_ES","og_type":"article","og_title":"El CEF 44 como Instituci\u00f3n modelo en la formaci\u00f3n deportiva de j\u00f3venes","og_description":"El CEF 44 como instituci\u00f3n modelo en la formaci\u00f3n deportiva de los j\u00f3venes, este mi\u00e9rcoles comenzaron las reformas en el lugar.","og_url":"https:\/\/experienciadevida.com.ar\/portalurbano\/el-cef-44-como-institucion-modelo-en-la-formacion-deportiva-de-los-jovenes\/","article_publisher":"https:\/\/www.facebook.com\/Portal-Urbano-171542830093757\/","article_published_time":"2021-08-25T18:00:23+00:00","article_modified_time":"2021-08-25T18:03:26+00:00","og_image":[{"width":765,"height":511,"url":"https:\/\/experienciadevida.com.ar\/portalurbano\/wp-content\/uploads\/2021\/08\/El-CEF-44-como-institucion-e1629914416580.jpg","type":"image\/jpeg"}],"author":"admpu17wp","twitter_card":"summary_large_image","twitter_creator":"@portalurbanook","twitter_site":"@portalurbanook","twitter_misc":{"Escrito por":"admpu17wp","Tiempo de lectura":"2 minutos"},"schema":{"@context":"https:\/\/schema.org","@graph":[{"@type":"Article","@id":"https:\/\/experienciadevida.com.ar\/portalurbano\/el-cef-44-como-institucion-modelo-en-la-formacion-deportiva-de-los-jovenes\/#article","isPartOf":{"@id":"https:\/\/experienciadevida.com.ar\/portalurbano\/el-cef-44-como-institucion-modelo-en-la-formacion-deportiva-de-los-jovenes\/"},"author":{"name":"admpu17wp","@id":"https:\/\/experienciadevida.com.ar\/portalurbano\/#\/schema\/person\/02dd326b1c4b056e9cc972486934a3a7"},"headline":"El CEF 44 como instituci\u00f3n modelo en la formaci\u00f3n deportiva de los j\u00f3venes","datePublished":"2021-08-25T18:00:23+00:00","dateModified":"2021-08-25T18:03:26+00:00","mainEntityOfPage":{"@id":"https:\/\/experienciadevida.com.ar\/portalurbano\/el-cef-44-como-institucion-modelo-en-la-formacion-deportiva-de-los-jovenes\/"},"wordCount":395,"publisher":{"@id":"https:\/\/experienciadevida.com.ar\/portalurbano\/#organization"},"articleSection":["Ciudad","Destacadas 2"],"inLanguage":"es"},{"@type":"WebPage","@id":"https:\/\/experienciadevida.com.ar\/portalurbano\/el-cef-44-como-institucion-modelo-en-la-formacion-deportiva-de-los-jovenes\/","url":"https:\/\/experienciadevida.com.ar\/portalurbano\/el-cef-44-como-institucion-modelo-en-la-formacion-deportiva-de-los-jovenes\/","name":"El CEF 44 como Instituci\u00f3n modelo en la formaci\u00f3n deportiva de j\u00f3venes","isPartOf":{"@id":"https:\/\/experienciadevida.com.ar\/portalurbano\/#website"},"datePublished":"2021-08-25T18:00:23+00:00","dateModified":"2021-08-25T18:03:26+00:00","description":"El CEF 44 como instituci\u00f3n modelo en la formaci\u00f3n deportiva de los j\u00f3venes, este mi\u00e9rcoles comenzaron las reformas en el lugar.","breadcrumb":{"@id":"https:\/\/experienciadevida.com.ar\/portalurbano\/el-cef-44-como-institucion-modelo-en-la-formacion-deportiva-de-los-jovenes\/#breadcrumb"},"inLanguage":"es","potentialAction":[{"@type":"ReadAction","target":["https:\/\/experienciadevida.com.ar\/portalurbano\/el-cef-44-como-institucion-modelo-en-la-formacion-deportiva-de-los-jovenes\/"]}]},{"@type":"BreadcrumbList","@id":"https:\/\/experienciadevida.com.ar\/portalurbano\/el-cef-44-como-institucion-modelo-en-la-formacion-deportiva-de-los-jovenes\/#breadcrumb","itemListElement":[{"@type":"ListItem","position":1,"name":"Portada","item":"https:\/\/experienciadevida.com.ar\/portalurbano\/"},{"@type":"ListItem","position":2,"name":"El CEF 44 como instituci\u00f3n modelo en la formaci\u00f3n deportiva de los j\u00f3venes"}]},{"@type":"WebSite","@id":"https:\/\/experienciadevida.com.ar\/portalurbano\/#website","url":"https:\/\/experienciadevida.com.ar\/portalurbano\/","name":"","description":"","publisher":{"@id":"https:\/\/experienciadevida.com.ar\/portalurbano\/#organization"},"potentialAction":[{"@type":"SearchAction","target":{"@type":"EntryPoint","urlTemplate":"https:\/\/experienciadevida.com.ar\/portalurbano\/?s={search_term_string}"},"query-input":"required name=search_term_string"}],"inLanguage":"es"},{"@type":"Organization","@id":"https:\/\/experienciadevida.com.ar\/portalurbano\/#organization","name":"Portal Urbano","url":"https:\/\/experienciadevida.com.ar\/portalurbano\/","logo":{"@type":"ImageObject","inLanguage":"es","@id":"https:\/\/experienciadevida.com.ar\/portalurbano\/#\/schema\/logo\/image\/","url":"https:\/\/experienciadevida.com.ar\/portalurbano\/wp-content\/uploads\/2019\/09\/Logo-Original.png","contentUrl":"https:\/\/experienciadevida.com.ar\/portalurbano\/wp-content\/uploads\/2019\/09\/Logo-Original.png","width":2236,"height":1216,"caption":"Portal Urbano"},"image":{"@id":"https:\/\/experienciadevida.com.ar\/portalurbano\/#\/schema\/logo\/image\/"},"sameAs":["https:\/\/www.facebook.com\/Portal-Urbano-171542830093757\/","https:\/\/twitter.com\/portalurbanook","https:\/\/www.instagram.com\/_portalurbano\/","https:\/\/www.youtube.com\/channel\/UCXhagIfszH8KxFiOok79zbA?view_as=subscriber"]},{"@type":"Person","@id":"https:\/\/experienciadevida.com.ar\/portalurbano\/#\/schema\/person\/02dd326b1c4b056e9cc972486934a3a7","name":"admpu17wp","image":{"@type":"ImageObject","inLanguage":"es","@id":"https:\/\/experienciadevida.com.ar\/portalurbano\/#\/schema\/person\/image\/","url":"https:\/\/secure.gravatar.com\/avatar\/830d4c57adaae6630765e449a6908047?s=96&d=mm&r=g","contentUrl":"https:\/\/secure.gravatar.com\/avatar\/830d4c57adaae6630765e449a6908047?s=96&d=mm&r=g","caption":"admpu17wp"}}]}},"featured_image_urls":{"full":["https:\/\/experienciadevida.com.ar\/portalurbano\/wp-content\/uploads\/2021\/08\/El-CEF-44-como-institucion-e1629914416580.jpg",765,511,false],"thumbnail":["https:\/\/experienciadevida.com.ar\/portalurbano\/wp-content\/uploads\/2021\/08\/El-CEF-44-como-institucion-150x150.jpg",150,150,true],"medium":["https:\/\/experienciadevida.com.ar\/portalurbano\/wp-content\/uploads\/2021\/08\/El-CEF-44-como-institucion-300x201.jpg",300,201,true],"medium_large":["https:\/\/experienciadevida.com.ar\/portalurbano\/wp-content\/uploads\/2021\/08\/El-CEF-44-como-institucion-768x513.jpg",640,428,true],"large":["https:\/\/experienciadevida.com.ar\/portalurbano\/wp-content\/uploads\/2021\/08\/El-CEF-44-como-institucion-1024x684.jpg",640,428,true],"ug_big":["https:\/\/experienciadevida.com.ar\/portalurbano\/wp-content\/uploads\/2021\/08\/El-CEF-44-como-institucion-768x513.jpg",768,513,true],"1536x1536":["https:\/\/experienciadevida.com.ar\/portalurbano\/wp-content\/uploads\/2021\/08\/El-CEF-44-como-institucion-1536x1027.jpg",1536,1027,true],"2048x2048":["https:\/\/experienciadevida.com.ar\/portalurbano\/wp-content\/uploads\/2021\/08\/El-CEF-44-como-institucion-2048x1369.jpg",2048,1369,true],"newsever-slider-full":["https:\/\/experienciadevida.com.ar\/portalurbano\/wp-content\/uploads\/2021\/08\/El-CEF-44-como-institucion-e1629914416580.jpg",765,511,false],"newsever-featured":["https:\/\/experienciadevida.com.ar\/portalurbano\/wp-content\/uploads\/2021\/08\/El-CEF-44-como-institucion-e1629914416580.jpg",765,511,false],"newsever-medium":["https:\/\/experienciadevida.com.ar\/portalurbano\/wp-content\/uploads\/2021\/08\/El-CEF-44-como-institucion-e1629914416580.jpg",711,475,false],"web-stories-poster-portrait":["https:\/\/experienciadevida.com.ar\/portalurbano\/wp-content\/uploads\/2021\/08\/El-CEF-44-como-institucion-e1629914416580.jpg",640,428,false],"web-stories-publisher-logo":["https:\/\/experienciadevida.com.ar\/portalurbano\/wp-content\/uploads\/2021\/08\/El-CEF-44-como-institucion-e1629914416580.jpg",96,64,false],"web-stories-thumbnail":["https:\/\/experienciadevida.com.ar\/portalurbano\/wp-content\/uploads\/2021\/08\/El-CEF-44-como-institucion-e1629914416580.jpg",150,100,false]},"author_info":{"display_name":"admpu17wp","author_link":"https:\/\/experienciadevida.com.ar\/portalurbano\/author\/admpu17wp\/"},"category_info":"<a href=\"https:\/\/experienciadevida.com.ar\/portalurbano\/category\/ciudad\/\" rel=\"category tag\">Ciudad<\/a> <a href=\"https:\/\/experienciadevida.com.ar\/portalurbano\/category\/destacadas-2\/\" rel=\"category tag\">Destacadas 2<\/a>","tag_info":"Destacadas 2","comment_count":"0","amp_enabled":true,"_links":{"self":[{"href":"https:\/\/experienciadevida.com.ar\/portalurbano\/wp-json\/wp\/v2\/posts\/151127"}],"collection":[{"href":"https:\/\/experienciadevida.com.ar\/portalurbano\/wp-json\/wp\/v2\/posts"}],"about":[{"href":"https:\/\/experienciadevida.com.ar\/portalurbano\/wp-json\/wp\/v2\/types\/post"}],"author":[{"embeddable":true,"href":"https:\/\/experienciadevida.com.ar\/portalurbano\/wp-json\/wp\/v2\/users\/1"}],"replies":[{"embeddable":true,"href":"https:\/\/experienciadevida.com.ar\/portalurbano\/wp-json\/wp\/v2\/comments?post=151127"}],"version-history":[{"count":3,"href":"https:\/\/experienciadevida.com.ar\/portalurbano\/wp-json\/wp\/v2\/posts\/151127\/revisions"}],"predecessor-version":[{"id":151132,"href":"https:\/\/experienciadevida.com.ar\/portalurbano\/wp-json\/wp\/v2\/posts\/151127\/revisions\/151132"}],"wp:featuredmedia":[{"embeddable":true,"href":"https:\/\/experienciadevida.com.ar\/portalurbano\/wp-json\/wp\/v2\/media\/151128"}],"wp:attachment":[{"href":"https:\/\/experienciadevida.com.ar\/portalurbano\/wp-json\/wp\/v2\/media?parent=151127"}],"wp:term":[{"taxonomy":"category","embeddable":true,"href":"https:\/\/experienciadevida.com.ar\/portalurbano\/wp-json\/wp\/v2\/categories?post=151127"},{"taxonomy":"post_tag","embeddable":true,"href":"https:\/\/experienciadevida.com.ar\/portalurbano\/wp-json\/wp\/v2\/tags?post=151127"}],"curies":[{"name":"wp","href":"https:\/\/api.w.org\/{rel}","templated":true}]}}