{"id":151059,"date":"2021-08-24T21:04:39","date_gmt":"2021-08-25T00:04:39","guid":{"rendered":"https:\/\/experienciadevida.com.ar\/portalurbano\/?p=151059"},"modified":"2021-09-17T17:52:10","modified_gmt":"2021-09-17T20:52:10","slug":"pitrola-en-olavarria-el-ajuste-de-fernandez-y-kicillof-no-tiene-nada-que-envidiarle-al-de-macri-y-vidal","status":"publish","type":"post","link":"https:\/\/experienciadevida.com.ar\/portalurbano\/pitrola-en-olavarria-el-ajuste-de-fernandez-y-kicillof-no-tiene-nada-que-envidiarle-al-de-macri-y-vidal\/","title":{"rendered":"Pitrola en Olavarr\u00eda: \u201cEl ajuste de Fern\u00e1ndez y Kicillof no tiene nada que envidiarle al de Macri y Vidal&#8221;"},"content":{"rendered":"<p>Pitrola en Olavarr\u00eda: \u201cEl ajuste de Fern\u00e1ndez y Kicillof no tiene nada que envidiarle al de Macri y Vidal&#8221;, as\u00ed lo dijo el\u00a0 precandidato a Diputado Nacional por la lista 1A Unidad de la Izquierda en las PASO del FIT Unidad, despu\u00e9s de su gira en Azul realiz\u00f3 un acto en la plaza central de Olavarr\u00eda, respaldando la candidatura de Yessica <a href=\"https:\/\/www.facebook.com\/yessicayasmin.yaninayolanda\">Almeida<\/a>.<\/p>\n<p>\u201cEl ajuste de Fern\u00e1ndez y Kicillof no tiene nada que envidiarle al de Macri y Vidal. El salario real en el empleo p\u00fablico ha ca\u00eddo un 9% respecto del 2019 y las jubilaciones redujeron tambi\u00e9n su poder adquisitivo en un 8%. As\u00ed el ministro Guzm\u00e1n logr\u00f3 en el primer semestre de 2021 un d\u00e9ficit fiscal menor al del primer semestre de 2019, en pleno ajuste macrista tras el acuerdo con el FMI&#8221;.<\/p>\n<p>Pitrola en Olavarr\u00eda &#8220;Nada que envidiarle a Macri, ac\u00e1 es donde mueren las palabras y entendemos porqu\u00e9 la Argentina llega a superar el 40% de pobreza. Kicillof no se qued\u00f3 atr\u00e1s; no hay tierra, no hay viviendas, la educaci\u00f3n p\u00fablica se cae de a pedazos y, la provincia tiene la mitad de las v\u00edctimas de Covid, cuando su poblaci\u00f3n es del 38% del total nacional. Resultado de que replica el ajuste en la provincia \u201d<\/p>\n<p>Finaliz\u00f3 su discurso diciendo \u201cQue hay que salir de la falsa polarizaci\u00f3n de quienes nos llevaron a este subsuelo en la historia argentina, no caben dudas. Pero no ser\u00e1 saliendo por derecha con las propuestas de los Randazzo o de los Espert que proponen \u2018la reforma laboral, impositiva y previsional\u2019 que no hicieron ni Macri ni Fern\u00e1ndez&#8221;.<\/p>\n<p>&#8220;Esas son las recetas del FMI que vendr\u00e1n despu\u00e9s de noviembre cuando ya no importe el voto, pero s\u00f3lo agravar\u00e1n la desocupaci\u00f3n y la pobreza porque alargar la jornada laboral, terminar con el derecho indemnizatorio, bajar impuestos a los ricos, atacar el derecho de huelga y alargar la edad jubilatoria, son las pol\u00edticas que multiplican los males que ya tenemos. S\u00f3lo el voto al Frente de Izquierda significa una ruptura para terminar con el trabajo en negro y recomponer salarios y jubilaciones a partir de un plan econ\u00f3mico , social y sanitario desde el campo de los trabajadores.\u201d<\/p>\n","protected":false},"excerpt":{"rendered":"<p>Pitrola en Olavarr\u00eda: \u201cEl ajuste de Fern\u00e1ndez y Kicillof no tiene nada que envidiarle al&#8230;<\/p>\n","protected":false},"author":1,"featured_media":151060,"comment_status":"closed","ping_status":"closed","sticky":false,"template":"","format":"standard","meta":{"content-type":""},"categories":[64,43,648],"tags":[],"nelio_content":{"isAutoShareEnabled":false,"autoShareEndMode":"default","automationSources":{"useContentSentences":true,"useSocialTemplates":true,"useCustomSentences":false,"customSentences":[]},"followers":[1],"suggestedReferences":[],"includedReferences":[],"efiUrl":"","efiAlt":"","highlights":[]},"yoast_head":"<!-- This site is optimized with the Yoast SEO plugin v20.7 - https:\/\/yoast.com\/wordpress\/plugins\/seo\/ -->\n<title>Pitrola en Olavarr\u00eda: &quot;El ajuste no tiene nada que envidiarle al de Macri&quot;<\/title>\n<meta name=\"description\" content=\"Pitrola en Olavarr\u00eda: \u201cEl ajuste de Fern\u00e1ndez y Kicillof no tiene nada que envidiarle al de Macri y Vidal&quot;, en una charla en Olavarr\u00eda\" \/>\n<meta name=\"robots\" content=\"index, follow, max-snippet:-1, max-image-preview:large, max-video-preview:-1\" \/>\n<link rel=\"canonical\" href=\"https:\/\/experienciadevida.com.ar\/portalurbano\/pitrola-en-olavarria-el-ajuste-de-fernandez-y-kicillof-no-tiene-nada-que-envidiarle-al-de-macri-y-vidal\/\" \/>\n<meta property=\"og:locale\" content=\"es_ES\" \/>\n<meta property=\"og:type\" content=\"article\" \/>\n<meta property=\"og:title\" content=\"Pitrola en Olavarr\u00eda: &quot;El ajuste no tiene nada que envidiarle al de Macri&quot;\" \/>\n<meta property=\"og:description\" content=\"Pitrola en Olavarr\u00eda: \u201cEl ajuste de Fern\u00e1ndez y Kicillof no tiene nada que envidiarle al de Macri y Vidal&quot;, en una charla en Olavarr\u00eda\" \/>\n<meta property=\"og:url\" content=\"https:\/\/experienciadevida.com.ar\/portalurbano\/pitrola-en-olavarria-el-ajuste-de-fernandez-y-kicillof-no-tiene-nada-que-envidiarle-al-de-macri-y-vidal\/\" \/>\n<meta property=\"article:publisher\" content=\"https:\/\/www.facebook.com\/Portal-Urbano-171542830093757\/\" \/>\n<meta property=\"article:published_time\" content=\"2021-08-25T00:04:39+00:00\" \/>\n<meta property=\"article:modified_time\" content=\"2021-09-17T20:52:10+00:00\" \/>\n<meta property=\"og:image\" content=\"https:\/\/experienciadevida.com.ar\/portalurbano\/wp-content\/uploads\/2021\/08\/Pitrola-en-Olavarria.jpg\" \/>\n\t<meta property=\"og:image:width\" content=\"1600\" \/>\n\t<meta property=\"og:image:height\" content=\"900\" \/>\n\t<meta property=\"og:image:type\" content=\"image\/jpeg\" \/>\n<meta name=\"author\" content=\"admpu17wp\" \/>\n<meta name=\"twitter:card\" content=\"summary_large_image\" \/>\n<meta name=\"twitter:creator\" content=\"@portalurbanook\" \/>\n<meta name=\"twitter:site\" content=\"@portalurbanook\" \/>\n<meta name=\"twitter:label1\" content=\"Escrito por\" \/>\n\t<meta name=\"twitter:data1\" content=\"admpu17wp\" \/>\n\t<meta name=\"twitter:label2\" content=\"Tiempo de lectura\" \/>\n\t<meta name=\"twitter:data2\" content=\"2 minutos\" \/>\n<script type=\"application\/ld+json\" class=\"yoast-schema-graph\">{\"@context\":\"https:\/\/schema.org\",\"@graph\":[{\"@type\":\"Article\",\"@id\":\"https:\/\/experienciadevida.com.ar\/portalurbano\/pitrola-en-olavarria-el-ajuste-de-fernandez-y-kicillof-no-tiene-nada-que-envidiarle-al-de-macri-y-vidal\/#article\",\"isPartOf\":{\"@id\":\"https:\/\/experienciadevida.com.ar\/portalurbano\/pitrola-en-olavarria-el-ajuste-de-fernandez-y-kicillof-no-tiene-nada-que-envidiarle-al-de-macri-y-vidal\/\"},\"author\":{\"name\":\"admpu17wp\",\"@id\":\"https:\/\/experienciadevida.com.ar\/portalurbano\/#\/schema\/person\/02dd326b1c4b056e9cc972486934a3a7\"},\"headline\":\"Pitrola en Olavarr\u00eda: \u201cEl ajuste de Fern\u00e1ndez y Kicillof no tiene nada que envidiarle al de Macri y Vidal&#8221;\",\"datePublished\":\"2021-08-25T00:04:39+00:00\",\"dateModified\":\"2021-09-17T20:52:10+00:00\",\"mainEntityOfPage\":{\"@id\":\"https:\/\/experienciadevida.com.ar\/portalurbano\/pitrola-en-olavarria-el-ajuste-de-fernandez-y-kicillof-no-tiene-nada-que-envidiarle-al-de-macri-y-vidal\/\"},\"wordCount\":402,\"publisher\":{\"@id\":\"https:\/\/experienciadevida.com.ar\/portalurbano\/#organization\"},\"articleSection\":[\"Destacadas 2\",\"Pol\u00edtica\",\"POL\u00cdTICOS EN CAMPA\u00d1A \u2013 PASO 2021\"],\"inLanguage\":\"es\"},{\"@type\":\"WebPage\",\"@id\":\"https:\/\/experienciadevida.com.ar\/portalurbano\/pitrola-en-olavarria-el-ajuste-de-fernandez-y-kicillof-no-tiene-nada-que-envidiarle-al-de-macri-y-vidal\/\",\"url\":\"https:\/\/experienciadevida.com.ar\/portalurbano\/pitrola-en-olavarria-el-ajuste-de-fernandez-y-kicillof-no-tiene-nada-que-envidiarle-al-de-macri-y-vidal\/\",\"name\":\"Pitrola en Olavarr\u00eda: \\\"El ajuste no tiene nada que envidiarle al de Macri\\\"\",\"isPartOf\":{\"@id\":\"https:\/\/experienciadevida.com.ar\/portalurbano\/#website\"},\"datePublished\":\"2021-08-25T00:04:39+00:00\",\"dateModified\":\"2021-09-17T20:52:10+00:00\",\"description\":\"Pitrola en Olavarr\u00eda: \u201cEl ajuste de Fern\u00e1ndez y Kicillof no tiene nada que envidiarle al de Macri y Vidal\\\", en una charla en Olavarr\u00eda\",\"breadcrumb\":{\"@id\":\"https:\/\/experienciadevida.com.ar\/portalurbano\/pitrola-en-olavarria-el-ajuste-de-fernandez-y-kicillof-no-tiene-nada-que-envidiarle-al-de-macri-y-vidal\/#breadcrumb\"},\"inLanguage\":\"es\",\"potentialAction\":[{\"@type\":\"ReadAction\",\"target\":[\"https:\/\/experienciadevida.com.ar\/portalurbano\/pitrola-en-olavarria-el-ajuste-de-fernandez-y-kicillof-no-tiene-nada-que-envidiarle-al-de-macri-y-vidal\/\"]}]},{\"@type\":\"BreadcrumbList\",\"@id\":\"https:\/\/experienciadevida.com.ar\/portalurbano\/pitrola-en-olavarria-el-ajuste-de-fernandez-y-kicillof-no-tiene-nada-que-envidiarle-al-de-macri-y-vidal\/#breadcrumb\",\"itemListElement\":[{\"@type\":\"ListItem\",\"position\":1,\"name\":\"Portada\",\"item\":\"https:\/\/experienciadevida.com.ar\/portalurbano\/\"},{\"@type\":\"ListItem\",\"position\":2,\"name\":\"Pitrola en Olavarr\u00eda: \u201cEl ajuste de Fern\u00e1ndez y Kicillof no tiene nada que envidiarle al de Macri y Vidal\u00bb\"}]},{\"@type\":\"WebSite\",\"@id\":\"https:\/\/experienciadevida.com.ar\/portalurbano\/#website\",\"url\":\"https:\/\/experienciadevida.com.ar\/portalurbano\/\",\"name\":\"\",\"description\":\"\",\"publisher\":{\"@id\":\"https:\/\/experienciadevida.com.ar\/portalurbano\/#organization\"},\"potentialAction\":[{\"@type\":\"SearchAction\",\"target\":{\"@type\":\"EntryPoint\",\"urlTemplate\":\"https:\/\/experienciadevida.com.ar\/portalurbano\/?s={search_term_string}\"},\"query-input\":\"required name=search_term_string\"}],\"inLanguage\":\"es\"},{\"@type\":\"Organization\",\"@id\":\"https:\/\/experienciadevida.com.ar\/portalurbano\/#organization\",\"name\":\"Portal Urbano\",\"url\":\"https:\/\/experienciadevida.com.ar\/portalurbano\/\",\"logo\":{\"@type\":\"ImageObject\",\"inLanguage\":\"es\",\"@id\":\"https:\/\/experienciadevida.com.ar\/portalurbano\/#\/schema\/logo\/image\/\",\"url\":\"https:\/\/experienciadevida.com.ar\/portalurbano\/wp-content\/uploads\/2019\/09\/Logo-Original.png\",\"contentUrl\":\"https:\/\/experienciadevida.com.ar\/portalurbano\/wp-content\/uploads\/2019\/09\/Logo-Original.png\",\"width\":2236,\"height\":1216,\"caption\":\"Portal Urbano\"},\"image\":{\"@id\":\"https:\/\/experienciadevida.com.ar\/portalurbano\/#\/schema\/logo\/image\/\"},\"sameAs\":[\"https:\/\/www.facebook.com\/Portal-Urbano-171542830093757\/\",\"https:\/\/twitter.com\/portalurbanook\",\"https:\/\/www.instagram.com\/_portalurbano\/\",\"https:\/\/www.youtube.com\/channel\/UCXhagIfszH8KxFiOok79zbA?view_as=subscriber\"]},{\"@type\":\"Person\",\"@id\":\"https:\/\/experienciadevida.com.ar\/portalurbano\/#\/schema\/person\/02dd326b1c4b056e9cc972486934a3a7\",\"name\":\"admpu17wp\",\"image\":{\"@type\":\"ImageObject\",\"inLanguage\":\"es\",\"@id\":\"https:\/\/experienciadevida.com.ar\/portalurbano\/#\/schema\/person\/image\/\",\"url\":\"https:\/\/secure.gravatar.com\/avatar\/830d4c57adaae6630765e449a6908047?s=96&d=mm&r=g\",\"contentUrl\":\"https:\/\/secure.gravatar.com\/avatar\/830d4c57adaae6630765e449a6908047?s=96&d=mm&r=g\",\"caption\":\"admpu17wp\"}}]}<\/script>\n<!-- \/ Yoast SEO plugin. -->","yoast_head_json":{"title":"Pitrola en Olavarr\u00eda: \"El ajuste no tiene nada que envidiarle al de Macri\"","description":"Pitrola en Olavarr\u00eda: \u201cEl ajuste de Fern\u00e1ndez y Kicillof no tiene nada que envidiarle al de Macri y Vidal\", en una charla en Olavarr\u00eda","robots":{"index":"index","follow":"follow","max-snippet":"max-snippet:-1","max-image-preview":"max-image-preview:large","max-video-preview":"max-video-preview:-1"},"canonical":"https:\/\/experienciadevida.com.ar\/portalurbano\/pitrola-en-olavarria-el-ajuste-de-fernandez-y-kicillof-no-tiene-nada-que-envidiarle-al-de-macri-y-vidal\/","og_locale":"es_ES","og_type":"article","og_title":"Pitrola en Olavarr\u00eda: \"El ajuste no tiene nada que envidiarle al de Macri\"","og_description":"Pitrola en Olavarr\u00eda: \u201cEl ajuste de Fern\u00e1ndez y Kicillof no tiene nada que envidiarle al de Macri y Vidal\", en una charla en Olavarr\u00eda","og_url":"https:\/\/experienciadevida.com.ar\/portalurbano\/pitrola-en-olavarria-el-ajuste-de-fernandez-y-kicillof-no-tiene-nada-que-envidiarle-al-de-macri-y-vidal\/","article_publisher":"https:\/\/www.facebook.com\/Portal-Urbano-171542830093757\/","article_published_time":"2021-08-25T00:04:39+00:00","article_modified_time":"2021-09-17T20:52:10+00:00","og_image":[{"width":1600,"height":900,"url":"https:\/\/experienciadevida.com.ar\/portalurbano\/wp-content\/uploads\/2021\/08\/Pitrola-en-Olavarria.jpg","type":"image\/jpeg"}],"author":"admpu17wp","twitter_card":"summary_large_image","twitter_creator":"@portalurbanook","twitter_site":"@portalurbanook","twitter_misc":{"Escrito por":"admpu17wp","Tiempo de lectura":"2 minutos"},"schema":{"@context":"https:\/\/schema.org","@graph":[{"@type":"Article","@id":"https:\/\/experienciadevida.com.ar\/portalurbano\/pitrola-en-olavarria-el-ajuste-de-fernandez-y-kicillof-no-tiene-nada-que-envidiarle-al-de-macri-y-vidal\/#article","isPartOf":{"@id":"https:\/\/experienciadevida.com.ar\/portalurbano\/pitrola-en-olavarria-el-ajuste-de-fernandez-y-kicillof-no-tiene-nada-que-envidiarle-al-de-macri-y-vidal\/"},"author":{"name":"admpu17wp","@id":"https:\/\/experienciadevida.com.ar\/portalurbano\/#\/schema\/person\/02dd326b1c4b056e9cc972486934a3a7"},"headline":"Pitrola en Olavarr\u00eda: \u201cEl ajuste de Fern\u00e1ndez y Kicillof no tiene nada que envidiarle al de Macri y Vidal&#8221;","datePublished":"2021-08-25T00:04:39+00:00","dateModified":"2021-09-17T20:52:10+00:00","mainEntityOfPage":{"@id":"https:\/\/experienciadevida.com.ar\/portalurbano\/pitrola-en-olavarria-el-ajuste-de-fernandez-y-kicillof-no-tiene-nada-que-envidiarle-al-de-macri-y-vidal\/"},"wordCount":402,"publisher":{"@id":"https:\/\/experienciadevida.com.ar\/portalurbano\/#organization"},"articleSection":["Destacadas 2","Pol\u00edtica","POL\u00cdTICOS EN CAMPA\u00d1A \u2013 PASO 2021"],"inLanguage":"es"},{"@type":"WebPage","@id":"https:\/\/experienciadevida.com.ar\/portalurbano\/pitrola-en-olavarria-el-ajuste-de-fernandez-y-kicillof-no-tiene-nada-que-envidiarle-al-de-macri-y-vidal\/","url":"https:\/\/experienciadevida.com.ar\/portalurbano\/pitrola-en-olavarria-el-ajuste-de-fernandez-y-kicillof-no-tiene-nada-que-envidiarle-al-de-macri-y-vidal\/","name":"Pitrola en Olavarr\u00eda: \"El ajuste no tiene nada que envidiarle al de Macri\"","isPartOf":{"@id":"https:\/\/experienciadevida.com.ar\/portalurbano\/#website"},"datePublished":"2021-08-25T00:04:39+00:00","dateModified":"2021-09-17T20:52:10+00:00","description":"Pitrola en Olavarr\u00eda: \u201cEl ajuste de Fern\u00e1ndez y Kicillof no tiene nada que envidiarle al de Macri y Vidal\", en una charla en Olavarr\u00eda","breadcrumb":{"@id":"https:\/\/experienciadevida.com.ar\/portalurbano\/pitrola-en-olavarria-el-ajuste-de-fernandez-y-kicillof-no-tiene-nada-que-envidiarle-al-de-macri-y-vidal\/#breadcrumb"},"inLanguage":"es","potentialAction":[{"@type":"ReadAction","target":["https:\/\/experienciadevida.com.ar\/portalurbano\/pitrola-en-olavarria-el-ajuste-de-fernandez-y-kicillof-no-tiene-nada-que-envidiarle-al-de-macri-y-vidal\/"]}]},{"@type":"BreadcrumbList","@id":"https:\/\/experienciadevida.com.ar\/portalurbano\/pitrola-en-olavarria-el-ajuste-de-fernandez-y-kicillof-no-tiene-nada-que-envidiarle-al-de-macri-y-vidal\/#breadcrumb","itemListElement":[{"@type":"ListItem","position":1,"name":"Portada","item":"https:\/\/experienciadevida.com.ar\/portalurbano\/"},{"@type":"ListItem","position":2,"name":"Pitrola en Olavarr\u00eda: \u201cEl ajuste de Fern\u00e1ndez y Kicillof no tiene nada que envidiarle al de Macri y Vidal\u00bb"}]},{"@type":"WebSite","@id":"https:\/\/experienciadevida.com.ar\/portalurbano\/#website","url":"https:\/\/experienciadevida.com.ar\/portalurbano\/","name":"","description":"","publisher":{"@id":"https:\/\/experienciadevida.com.ar\/portalurbano\/#organization"},"potentialAction":[{"@type":"SearchAction","target":{"@type":"EntryPoint","urlTemplate":"https:\/\/experienciadevida.com.ar\/portalurbano\/?s={search_term_string}"},"query-input":"required name=search_term_string"}],"inLanguage":"es"},{"@type":"Organization","@id":"https:\/\/experienciadevida.com.ar\/portalurbano\/#organization","name":"Portal Urbano","url":"https:\/\/experienciadevida.com.ar\/portalurbano\/","logo":{"@type":"ImageObject","inLanguage":"es","@id":"https:\/\/experienciadevida.com.ar\/portalurbano\/#\/schema\/logo\/image\/","url":"https:\/\/experienciadevida.com.ar\/portalurbano\/wp-content\/uploads\/2019\/09\/Logo-Original.png","contentUrl":"https:\/\/experienciadevida.com.ar\/portalurbano\/wp-content\/uploads\/2019\/09\/Logo-Original.png","width":2236,"height":1216,"caption":"Portal Urbano"},"image":{"@id":"https:\/\/experienciadevida.com.ar\/portalurbano\/#\/schema\/logo\/image\/"},"sameAs":["https:\/\/www.facebook.com\/Portal-Urbano-171542830093757\/","https:\/\/twitter.com\/portalurbanook","https:\/\/www.instagram.com\/_portalurbano\/","https:\/\/www.youtube.com\/channel\/UCXhagIfszH8KxFiOok79zbA?view_as=subscriber"]},{"@type":"Person","@id":"https:\/\/experienciadevida.com.ar\/portalurbano\/#\/schema\/person\/02dd326b1c4b056e9cc972486934a3a7","name":"admpu17wp","image":{"@type":"ImageObject","inLanguage":"es","@id":"https:\/\/experienciadevida.com.ar\/portalurbano\/#\/schema\/person\/image\/","url":"https:\/\/secure.gravatar.com\/avatar\/830d4c57adaae6630765e449a6908047?s=96&d=mm&r=g","contentUrl":"https:\/\/secure.gravatar.com\/avatar\/830d4c57adaae6630765e449a6908047?s=96&d=mm&r=g","caption":"admpu17wp"}}]}},"featured_image_urls":{"full":["https:\/\/experienciadevida.com.ar\/portalurbano\/wp-content\/uploads\/2021\/08\/Pitrola-en-Olavarria.jpg",1600,900,false],"thumbnail":["https:\/\/experienciadevida.com.ar\/portalurbano\/wp-content\/uploads\/2021\/08\/Pitrola-en-Olavarria-150x150.jpg",150,150,true],"medium":["https:\/\/experienciadevida.com.ar\/portalurbano\/wp-content\/uploads\/2021\/08\/Pitrola-en-Olavarria-300x169.jpg",300,169,true],"medium_large":["https:\/\/experienciadevida.com.ar\/portalurbano\/wp-content\/uploads\/2021\/08\/Pitrola-en-Olavarria-768x432.jpg",640,360,true],"large":["https:\/\/experienciadevida.com.ar\/portalurbano\/wp-content\/uploads\/2021\/08\/Pitrola-en-Olavarria-1024x576.jpg",640,360,true],"ug_big":["https:\/\/experienciadevida.com.ar\/portalurbano\/wp-content\/uploads\/2021\/08\/Pitrola-en-Olavarria-768x432.jpg",768,432,true],"1536x1536":["https:\/\/experienciadevida.com.ar\/portalurbano\/wp-content\/uploads\/2021\/08\/Pitrola-en-Olavarria-1536x864.jpg",1536,864,true],"2048x2048":["https:\/\/experienciadevida.com.ar\/portalurbano\/wp-content\/uploads\/2021\/08\/Pitrola-en-Olavarria.jpg",1600,900,false],"newsever-slider-full":["https:\/\/experienciadevida.com.ar\/portalurbano\/wp-content\/uploads\/2021\/08\/Pitrola-en-Olavarria.jpg",1280,720,false],"newsever-featured":["https:\/\/experienciadevida.com.ar\/portalurbano\/wp-content\/uploads\/2021\/08\/Pitrola-en-Olavarria.jpg",1024,576,false],"newsever-medium":["https:\/\/experienciadevida.com.ar\/portalurbano\/wp-content\/uploads\/2021\/08\/Pitrola-en-Olavarria.jpg",720,405,false],"web-stories-poster-portrait":["https:\/\/experienciadevida.com.ar\/portalurbano\/wp-content\/uploads\/2021\/08\/Pitrola-en-Olavarria.jpg",640,360,false],"web-stories-publisher-logo":["https:\/\/experienciadevida.com.ar\/portalurbano\/wp-content\/uploads\/2021\/08\/Pitrola-en-Olavarria.jpg",96,54,false],"web-stories-thumbnail":["https:\/\/experienciadevida.com.ar\/portalurbano\/wp-content\/uploads\/2021\/08\/Pitrola-en-Olavarria.jpg",150,84,false]},"author_info":{"display_name":"admpu17wp","author_link":"https:\/\/experienciadevida.com.ar\/portalurbano\/author\/admpu17wp\/"},"category_info":"<a href=\"https:\/\/experienciadevida.com.ar\/portalurbano\/category\/destacadas-2\/\" rel=\"category tag\">Destacadas 2<\/a> <a href=\"https:\/\/experienciadevida.com.ar\/portalurbano\/category\/politica\/\" rel=\"category tag\">Pol\u00edtica<\/a> <a href=\"https:\/\/experienciadevida.com.ar\/portalurbano\/category\/politicos-en-campana-paso-2021\/\" rel=\"category tag\">POL\u00cdTICOS EN CAMPA\u00d1A \u2013 PASO 2021<\/a>","tag_info":"POL\u00cdTICOS EN CAMPA\u00d1A \u2013 PASO 2021","comment_count":"0","amp_enabled":true,"_links":{"self":[{"href":"https:\/\/experienciadevida.com.ar\/portalurbano\/wp-json\/wp\/v2\/posts\/151059"}],"collection":[{"href":"https:\/\/experienciadevida.com.ar\/portalurbano\/wp-json\/wp\/v2\/posts"}],"about":[{"href":"https:\/\/experienciadevida.com.ar\/portalurbano\/wp-json\/wp\/v2\/types\/post"}],"author":[{"embeddable":true,"href":"https:\/\/experienciadevida.com.ar\/portalurbano\/wp-json\/wp\/v2\/users\/1"}],"replies":[{"embeddable":true,"href":"https:\/\/experienciadevida.com.ar\/portalurbano\/wp-json\/wp\/v2\/comments?post=151059"}],"version-history":[{"count":4,"href":"https:\/\/experienciadevida.com.ar\/portalurbano\/wp-json\/wp\/v2\/posts\/151059\/revisions"}],"predecessor-version":[{"id":151064,"href":"https:\/\/experienciadevida.com.ar\/portalurbano\/wp-json\/wp\/v2\/posts\/151059\/revisions\/151064"}],"wp:featuredmedia":[{"embeddable":true,"href":"https:\/\/experienciadevida.com.ar\/portalurbano\/wp-json\/wp\/v2\/media\/151060"}],"wp:attachment":[{"href":"https:\/\/experienciadevida.com.ar\/portalurbano\/wp-json\/wp\/v2\/media?parent=151059"}],"wp:term":[{"taxonomy":"category","embeddable":true,"href":"https:\/\/experienciadevida.com.ar\/portalurbano\/wp-json\/wp\/v2\/categories?post=151059"},{"taxonomy":"post_tag","embeddable":true,"href":"https:\/\/experienciadevida.com.ar\/portalurbano\/wp-json\/wp\/v2\/tags?post=151059"}],"curies":[{"name":"wp","href":"https:\/\/api.w.org\/{rel}","templated":true}]}}