{"id":151025,"date":"2021-08-24T18:14:51","date_gmt":"2021-08-24T21:14:51","guid":{"rendered":"https:\/\/experienciadevida.com.ar\/portalurbano\/?p=151025"},"modified":"2021-09-17T17:52:10","modified_gmt":"2021-09-17T20:52:10","slug":"nestor-pitrola-somos-una-alternativa-a-los-bloques-que-nos-vienen-gobernando","status":"publish","type":"post","link":"https:\/\/experienciadevida.com.ar\/portalurbano\/nestor-pitrola-somos-una-alternativa-a-los-bloques-que-nos-vienen-gobernando\/","title":{"rendered":"N\u00e9stor Pitrola: &#8220;Somos una alternativa a los bloques que nos vienen Gobernando&#8221;\u00a0"},"content":{"rendered":"<p>N\u00e9stor Pitrola: &#8220;Somos una alternativa a los bloques que nos vienen Gobernando&#8221; , as\u00ed lo dijo\u00a0 En la jornada de este martes estuvo en nuestra <a href=\"https:\/\/experienciadevida.com.ar\/portalurbano\/el-proximo-martes-visitara-nuestra-ciudad-nestor-pitrola\/\">ciudad<\/a> N\u00e9stor Pitrola respaldando la candidatura de Yessica <a href=\"https:\/\/www.facebook.com\/yessicayasmin.yaninayolanda\">Almeida<\/a> candidata a concejal\u00a0 por el Frente de Izquierda.<\/p>\n<p>La primera en tomar la palabra fue Almeida quien agradeci\u00f3 a los medios de comunicaci\u00f3n presentes &#8220;venimos de hacer una linda actividad en la ma\u00f1ana, de llevar nuestras propuestas hablar con los vecinos de Olavarr\u00eda y donde en el transcurso de la tarde vamos a estar realizando tambi\u00e9n un acto en la plaza central con la idea de poder discutir, charlar y llevar las propuestas y la plataforma de la lista 1 A del frente de izquierda- unidad, a todos los compa\u00f1eros, militantes, simpatizantes y vecinos que se acerquen en esta hermosa tarde. La visita de N\u00e9stor Pitrola y la fuerte recorrida que est\u00e1n haciendo todos nuestros candidatos como Nicol\u00e1s del Ca\u00f1o que estuvo hace unas semanas atr\u00e1s, Romina del Pla que est\u00e1 recorriendo intensamente toda la provincia tiene que ver con reforzar la campa\u00f1a hacia las PASO y con la expectativa de que el frente de izquierda- unidad hagamos una buena elecci\u00f3n para presentarnos con mayor fuerza en lo que van a hacer las definitivas en noviembre&#8221;.<\/p>\n<p><a href=\"https:\/\/experienciadevida.com.ar\/portalurbano\/nestor-pitrola-somos-una-alternativa-a-los-bloques-que-nos-vienen-gobernando\/pitrola-2-2\/\" rel=\"attachment wp-att-151033\"><img decoding=\"async\" class=\"alignnone size-full wp-image-151033\" src=\"https:\/\/experienciadevida.com.ar\/portalurbano\/wp-content\/uploads\/2021\/08\/Pitrola-2.jpg\" alt=\"Pitrola \" width=\"765\" height=\"510\" srcset=\"https:\/\/experienciadevida.com.ar\/portalurbano\/wp-content\/uploads\/2021\/08\/Pitrola-2.jpg 765w, https:\/\/experienciadevida.com.ar\/portalurbano\/wp-content\/uploads\/2021\/08\/Pitrola-2-300x200.jpg 300w\" sizes=\"(max-width: 765px) 100vw, 765px\" \/><\/a><\/p>\n<p>&#8220;De esa manera, lograr consagrar Diputados m\u00e1s de uno ese es el objetivo incluso N\u00e9stor va en tercer lugar y el objetivo es que ingresen tres en el Congreso y empezar a consolidarnos en las localidades porque vemos claramente la necesidad de que una fuerza como el frente de izquierda ingrese en los concejos deliberantes, esto es algo que se ve en cada\u00a0 elecci\u00f3n en las legislativas, a\u00fan m\u00e1s donde todos los reclamos populares de los trabajadores, de las mujeres de la juventud en el HCD pasan de largo, no son discutidas, o simplemente pasan como pedidos de informes. Lo hemos visto en vivienda, salud, el presupuesto que hay destinado para trabajar la violencia de g\u00e9nero\u00a0 y la erradicaci\u00f3n de la misma, lo hemos visto con cada demanda que el pueblo Olavarriense tiene, el concejo deliberante lo \u00fanico que hace es hacer pedidos de informe o alguna menci\u00f3n breve pero no atender de fondo los verdaderos problemas que tenemos que en este caso nosotros estamos planteando el problema del h\u00e1bitat, acceder a la vivienda y a la tierra en nuestra ciudad, de la salud con una salud golpeada luego de la pandemia pero que ya ven\u00eda atacada previamente y con el tema de la atenci\u00f3n hacia la violencia de g\u00e9nero de mujeres\u00a0 y disidencias&#8221;.<\/p>\n<p>Por otro lado N\u00e9stor Pitrola mencion\u00f3 &#8220;tenemos una plataforma muy integral que planteamos de donde queremos sacar los recursos para todos estos proyectos y propuestas que presentamos. Nosotros siempre fuimos claros, hay que afectar e incrementar el impuesto a la piedra, hay que afectar a la especulaci\u00f3n inmobiliaria, a las casas ociosas, terrenos que no tienen un fin claro para invertir en un gran proyecto de vivienda, en el acceso a la tierra y controlar en el caso de las disidencias y las mujeres en el caso de la violencia de g\u00e9nero d\u00f3nde est\u00e1 el presupuesto, en qu\u00e9 se invierte. Que las organizaciones de mujeres y disidencias de la ciudad podamos tener voz\u00a0 y voto en c\u00f3mo atender esta violencia que se vive cotidianamente\u00a0 y que tanto ha golpeado a nuestra ciudad en el \u00faltimo tiempo&#8221;.<\/p>\n<p><a href=\"https:\/\/experienciadevida.com.ar\/portalurbano\/nestor-pitrola-somos-una-alternativa-a-los-bloques-que-nos-vienen-gobernando\/nestor-2\/\" rel=\"attachment wp-att-151031\"><img decoding=\"async\" class=\"alignnone size-full wp-image-151031\" src=\"https:\/\/experienciadevida.com.ar\/portalurbano\/wp-content\/uploads\/2021\/08\/Nestor.jpg\" alt=\"N\u00e9stor \" width=\"765\" height=\"510\" srcset=\"https:\/\/experienciadevida.com.ar\/portalurbano\/wp-content\/uploads\/2021\/08\/Nestor.jpg 765w, https:\/\/experienciadevida.com.ar\/portalurbano\/wp-content\/uploads\/2021\/08\/Nestor-300x200.jpg 300w\" sizes=\"(max-width: 765px) 100vw, 765px\" \/><\/a><\/p>\n<p>Posteriormente N\u00e9stor Pitrola dijo &#8220;he conversado con muchos vecinos y lo que refleja Yesica es la realidad que estamos recogiendo, creo que vamos a votar en septiembre\u00a0 y noviembre en un cuadro de crisis excepcional que ha pasado el pa\u00eds en estos a\u00f1os, que no tiene antecedente por lo menos en los \u00faltimos 20 a\u00f1os, son gobiernos de d\u00e9cadas en el pa\u00eds y en la provincia que nos han llevado a esta situaci\u00f3n, a esta Argentina del 40% de pobreza, donde 6 de cada 10 chicos est\u00e1n debajo de la l\u00ednea de pobreza, esta decadencia econ\u00f3mica, social, y sanitaria tambi\u00e9n porque ac\u00e1 hay que plantear con claridad. El presidente nos dijo que iba a priorizar la vida a la econom\u00eda pero hemos perdido 110 mil Argentinos en la pandemia somos n\u00famero dos en el mundo, somos octavo en los contagios esto no es una gesti\u00f3n exitosa&#8221;.<\/p>\n<p>&#8220;La provincia de Buenos Aires llevamos la mitad de las v\u00edctimas cuando somos el 38% de la poblaci\u00f3n, ninguna gesti\u00f3n exitosa en absoluto y no es hablar con el diario del lunes y criticar por criticar porque el frente de izquierda ha intervenido con propuestas en todos los planos desde el comienzo de este gobierno porque estuvimos en la primera l\u00ednea de lucha frente al gobierno Macrista cuando le robaron a los jubilados,\u00a0 cuando salt\u00f3 la cadena de devaluaci\u00f3n, inflaci\u00f3n cuando afect\u00f3 los salarios, y se agravaron porque no se movi\u00f3 de los pilares fundamentales que vienen hundiendo a la Argentina desde lo 90 y a\u00fan desde la dictadura. Hoy hemos tenido la noticia de que los derechos de que el FMI da a todos los pa\u00edses del mundo para afrontar la pandemia van a ser usados en el repago de la deuda del propio FMI, Argentina est\u00e1 hundida con un endeudamiento completamente ileg\u00edtimo fraudulento, que jam\u00e1s se investig\u00f3 y Cristina que posa de nacional y popular llam\u00f3 a una unidad nacional en el congreso despu\u00e9s de noviembre para ver c\u00f3mo pagamos la deuda impagable&#8221;.<\/p>\n<p>Por otro lado, &#8220;nosotros llamamos a una unidad del pueblo, de los trabajadores para que se investigue esa deuda y no paguemos semejante robo a los argentinos y ofrecemos un programa\u00a0 y lo hemos dicho en tiempo real durante todo el gobierno de alberto fern\u00e1ndez y durante la pandemia intervenir el sistema de salud, laboratorios para que la fabricaci\u00f3n nacional de vacunas sea embazada aqu\u00ed usada para una vacunaci\u00f3n masiva, y no llegaron las vacunas. Hoy he visto que las vacunas que pagamos por adelantado 54 millones de dosis de esas vacunas vino menos de la mitad, 10 millones cu\u00e1ntas muertes hubi\u00e9ramos evitado si se tomaran las medidas que plante\u00f3 en cada momento el Frente de Izquierda, centralizando el sistema de salud, volcar recursos&#8221;.<\/p>\n<p>&#8220;Ac\u00e1 domin\u00f3 el ajuste, el libreto del FMI, tenemos inflaci\u00f3n del 52% interanual y hay\u00a0 inflaci\u00f3n reprimida porque han pisado las tarifas que pagamos con inflaci\u00f3n. Hay que poner todo esto en una balanza, en estos d\u00edas hubo enormes movilizaciones de los desocupados porque crece la pobreza, hambre, necesidad de trabajo&#8221;.<\/p>\n<p>Adem\u00e1s &#8220;el \u00fanico voto posible es el voto al frente de izquierda, nuestro llamado a la juventud y a todos los trabajadores, ac\u00e1 se perdi\u00f3 todo el \u00fanico que gana es el capital financiero. Queremos abrir f\u00e1bricas\u00a0 y construir viviendas, tenemos crisis habitacionales en todos lados&#8221;.<\/p>\n<p>&#8220;Es un r\u00e9gimen que no camina m\u00e1s, est\u00e1 bien que haya un voto bronca pero que tenga un programa, hay que votar no quedarse en su casa, hay muchos motivos para votarnos, concentremos el voto en esta opci\u00f3n frentista que es un frente de tres partidos, hemos agrupado al 90 % de la izquierda argentina&#8221;.<\/p>\n<p>Para finalizar dijo &#8220;Queremos ser una v\u00eda totalmente diferente desde otro campo de intereses sociales, desde otro programa frente a la exportaci\u00f3n, frente a los bancos, propiedad concentrada, sistema impositivo regresivo que tenemos. En este sentido queremos ser otra alternativa, y alg\u00fan d\u00eda seremos la fuerza ganadora, somos una alternativa a los bloques que nos vienen Gobernando&#8221;<\/p>\n","protected":false},"excerpt":{"rendered":"<p>N\u00e9stor Pitrola: &#8220;Somos una alternativa a los bloques que nos vienen Gobernando&#8221; , as\u00ed lo&#8230;<\/p>\n","protected":false},"author":1,"featured_media":151026,"comment_status":"closed","ping_status":"closed","sticky":false,"template":"","format":"standard","meta":{"content-type":""},"categories":[64,43,648],"tags":[],"nelio_content":{"isAutoShareEnabled":false,"autoShareEndMode":"default","automationSources":{"useContentSentences":true,"useSocialTemplates":true,"useCustomSentences":false,"customSentences":[]},"followers":[1],"suggestedReferences":[],"includedReferences":[],"efiUrl":"","efiAlt":"","highlights":[]},"yoast_head":"<!-- This site is optimized with the Yoast SEO plugin v20.7 - https:\/\/yoast.com\/wordpress\/plugins\/seo\/ -->\n<title>N\u00e9stor Pitrola: &quot;Somos una alternativa a los bloques que nos gobiernan&quot;<\/title>\n<meta name=\"description\" content=\"N\u00e9stor Pitrola: &quot;Somos una alternativa a los bloques que nos vienen Gobernando&quot; , as\u00ed lo dijo\u00a0 En la jornada de este martes en nuestra ciudad\" \/>\n<meta name=\"robots\" content=\"index, follow, max-snippet:-1, max-image-preview:large, max-video-preview:-1\" \/>\n<link rel=\"canonical\" href=\"https:\/\/experienciadevida.com.ar\/portalurbano\/nestor-pitrola-somos-una-alternativa-a-los-bloques-que-nos-vienen-gobernando\/\" \/>\n<meta property=\"og:locale\" content=\"es_ES\" \/>\n<meta property=\"og:type\" content=\"article\" \/>\n<meta property=\"og:title\" content=\"N\u00e9stor Pitrola: &quot;Somos una alternativa a los bloques que nos gobiernan&quot;\" \/>\n<meta property=\"og:description\" content=\"N\u00e9stor Pitrola: &quot;Somos una alternativa a los bloques que nos vienen Gobernando&quot; , as\u00ed lo dijo\u00a0 En la jornada de este martes en nuestra ciudad\" \/>\n<meta property=\"og:url\" content=\"https:\/\/experienciadevida.com.ar\/portalurbano\/nestor-pitrola-somos-una-alternativa-a-los-bloques-que-nos-vienen-gobernando\/\" \/>\n<meta property=\"article:publisher\" content=\"https:\/\/www.facebook.com\/Portal-Urbano-171542830093757\/\" \/>\n<meta property=\"article:published_time\" content=\"2021-08-24T21:14:51+00:00\" \/>\n<meta property=\"article:modified_time\" content=\"2021-09-17T20:52:10+00:00\" \/>\n<meta property=\"og:image\" content=\"https:\/\/experienciadevida.com.ar\/portalurbano\/wp-content\/uploads\/2021\/08\/PITROLA.jpg\" \/>\n\t<meta property=\"og:image:width\" content=\"765\" \/>\n\t<meta property=\"og:image:height\" content=\"510\" \/>\n\t<meta property=\"og:image:type\" content=\"image\/jpeg\" \/>\n<meta name=\"author\" content=\"admpu17wp\" \/>\n<meta name=\"twitter:card\" content=\"summary_large_image\" \/>\n<meta name=\"twitter:creator\" content=\"@portalurbanook\" \/>\n<meta name=\"twitter:site\" content=\"@portalurbanook\" \/>\n<meta name=\"twitter:label1\" content=\"Escrito por\" \/>\n\t<meta name=\"twitter:data1\" content=\"admpu17wp\" \/>\n\t<meta name=\"twitter:label2\" content=\"Tiempo de lectura\" \/>\n\t<meta name=\"twitter:data2\" content=\"6 minutos\" \/>\n<script type=\"application\/ld+json\" class=\"yoast-schema-graph\">{\"@context\":\"https:\/\/schema.org\",\"@graph\":[{\"@type\":\"Article\",\"@id\":\"https:\/\/experienciadevida.com.ar\/portalurbano\/nestor-pitrola-somos-una-alternativa-a-los-bloques-que-nos-vienen-gobernando\/#article\",\"isPartOf\":{\"@id\":\"https:\/\/experienciadevida.com.ar\/portalurbano\/nestor-pitrola-somos-una-alternativa-a-los-bloques-que-nos-vienen-gobernando\/\"},\"author\":{\"name\":\"admpu17wp\",\"@id\":\"https:\/\/experienciadevida.com.ar\/portalurbano\/#\/schema\/person\/02dd326b1c4b056e9cc972486934a3a7\"},\"headline\":\"N\u00e9stor Pitrola: &#8220;Somos una alternativa a los bloques que nos vienen Gobernando&#8221;\u00a0\",\"datePublished\":\"2021-08-24T21:14:51+00:00\",\"dateModified\":\"2021-09-17T20:52:10+00:00\",\"mainEntityOfPage\":{\"@id\":\"https:\/\/experienciadevida.com.ar\/portalurbano\/nestor-pitrola-somos-una-alternativa-a-los-bloques-que-nos-vienen-gobernando\/\"},\"wordCount\":1298,\"publisher\":{\"@id\":\"https:\/\/experienciadevida.com.ar\/portalurbano\/#organization\"},\"articleSection\":[\"Destacadas 2\",\"Pol\u00edtica\",\"POL\u00cdTICOS EN CAMPA\u00d1A \u2013 PASO 2021\"],\"inLanguage\":\"es\"},{\"@type\":\"WebPage\",\"@id\":\"https:\/\/experienciadevida.com.ar\/portalurbano\/nestor-pitrola-somos-una-alternativa-a-los-bloques-que-nos-vienen-gobernando\/\",\"url\":\"https:\/\/experienciadevida.com.ar\/portalurbano\/nestor-pitrola-somos-una-alternativa-a-los-bloques-que-nos-vienen-gobernando\/\",\"name\":\"N\u00e9stor Pitrola: \\\"Somos una alternativa a los bloques que nos gobiernan\\\"\",\"isPartOf\":{\"@id\":\"https:\/\/experienciadevida.com.ar\/portalurbano\/#website\"},\"datePublished\":\"2021-08-24T21:14:51+00:00\",\"dateModified\":\"2021-09-17T20:52:10+00:00\",\"description\":\"N\u00e9stor Pitrola: \\\"Somos una alternativa a los bloques que nos vienen Gobernando\\\" , as\u00ed lo dijo\u00a0 En la jornada de este martes en nuestra ciudad\",\"breadcrumb\":{\"@id\":\"https:\/\/experienciadevida.com.ar\/portalurbano\/nestor-pitrola-somos-una-alternativa-a-los-bloques-que-nos-vienen-gobernando\/#breadcrumb\"},\"inLanguage\":\"es\",\"potentialAction\":[{\"@type\":\"ReadAction\",\"target\":[\"https:\/\/experienciadevida.com.ar\/portalurbano\/nestor-pitrola-somos-una-alternativa-a-los-bloques-que-nos-vienen-gobernando\/\"]}]},{\"@type\":\"BreadcrumbList\",\"@id\":\"https:\/\/experienciadevida.com.ar\/portalurbano\/nestor-pitrola-somos-una-alternativa-a-los-bloques-que-nos-vienen-gobernando\/#breadcrumb\",\"itemListElement\":[{\"@type\":\"ListItem\",\"position\":1,\"name\":\"Portada\",\"item\":\"https:\/\/experienciadevida.com.ar\/portalurbano\/\"},{\"@type\":\"ListItem\",\"position\":2,\"name\":\"N\u00e9stor Pitrola: \u00abSomos una alternativa a los bloques que nos vienen Gobernando\u00bb\u00a0\"}]},{\"@type\":\"WebSite\",\"@id\":\"https:\/\/experienciadevida.com.ar\/portalurbano\/#website\",\"url\":\"https:\/\/experienciadevida.com.ar\/portalurbano\/\",\"name\":\"\",\"description\":\"\",\"publisher\":{\"@id\":\"https:\/\/experienciadevida.com.ar\/portalurbano\/#organization\"},\"potentialAction\":[{\"@type\":\"SearchAction\",\"target\":{\"@type\":\"EntryPoint\",\"urlTemplate\":\"https:\/\/experienciadevida.com.ar\/portalurbano\/?s={search_term_string}\"},\"query-input\":\"required name=search_term_string\"}],\"inLanguage\":\"es\"},{\"@type\":\"Organization\",\"@id\":\"https:\/\/experienciadevida.com.ar\/portalurbano\/#organization\",\"name\":\"Portal Urbano\",\"url\":\"https:\/\/experienciadevida.com.ar\/portalurbano\/\",\"logo\":{\"@type\":\"ImageObject\",\"inLanguage\":\"es\",\"@id\":\"https:\/\/experienciadevida.com.ar\/portalurbano\/#\/schema\/logo\/image\/\",\"url\":\"https:\/\/experienciadevida.com.ar\/portalurbano\/wp-content\/uploads\/2019\/09\/Logo-Original.png\",\"contentUrl\":\"https:\/\/experienciadevida.com.ar\/portalurbano\/wp-content\/uploads\/2019\/09\/Logo-Original.png\",\"width\":2236,\"height\":1216,\"caption\":\"Portal Urbano\"},\"image\":{\"@id\":\"https:\/\/experienciadevida.com.ar\/portalurbano\/#\/schema\/logo\/image\/\"},\"sameAs\":[\"https:\/\/www.facebook.com\/Portal-Urbano-171542830093757\/\",\"https:\/\/twitter.com\/portalurbanook\",\"https:\/\/www.instagram.com\/_portalurbano\/\",\"https:\/\/www.youtube.com\/channel\/UCXhagIfszH8KxFiOok79zbA?view_as=subscriber\"]},{\"@type\":\"Person\",\"@id\":\"https:\/\/experienciadevida.com.ar\/portalurbano\/#\/schema\/person\/02dd326b1c4b056e9cc972486934a3a7\",\"name\":\"admpu17wp\",\"image\":{\"@type\":\"ImageObject\",\"inLanguage\":\"es\",\"@id\":\"https:\/\/experienciadevida.com.ar\/portalurbano\/#\/schema\/person\/image\/\",\"url\":\"https:\/\/secure.gravatar.com\/avatar\/830d4c57adaae6630765e449a6908047?s=96&d=mm&r=g\",\"contentUrl\":\"https:\/\/secure.gravatar.com\/avatar\/830d4c57adaae6630765e449a6908047?s=96&d=mm&r=g\",\"caption\":\"admpu17wp\"}}]}<\/script>\n<!-- \/ Yoast SEO plugin. -->","yoast_head_json":{"title":"N\u00e9stor Pitrola: \"Somos una alternativa a los bloques que nos gobiernan\"","description":"N\u00e9stor Pitrola: \"Somos una alternativa a los bloques que nos vienen Gobernando\" , as\u00ed lo dijo\u00a0 En la jornada de este martes en nuestra ciudad","robots":{"index":"index","follow":"follow","max-snippet":"max-snippet:-1","max-image-preview":"max-image-preview:large","max-video-preview":"max-video-preview:-1"},"canonical":"https:\/\/experienciadevida.com.ar\/portalurbano\/nestor-pitrola-somos-una-alternativa-a-los-bloques-que-nos-vienen-gobernando\/","og_locale":"es_ES","og_type":"article","og_title":"N\u00e9stor Pitrola: \"Somos una alternativa a los bloques que nos gobiernan\"","og_description":"N\u00e9stor Pitrola: \"Somos una alternativa a los bloques que nos vienen Gobernando\" , as\u00ed lo dijo\u00a0 En la jornada de este martes en nuestra ciudad","og_url":"https:\/\/experienciadevida.com.ar\/portalurbano\/nestor-pitrola-somos-una-alternativa-a-los-bloques-que-nos-vienen-gobernando\/","article_publisher":"https:\/\/www.facebook.com\/Portal-Urbano-171542830093757\/","article_published_time":"2021-08-24T21:14:51+00:00","article_modified_time":"2021-09-17T20:52:10+00:00","og_image":[{"width":765,"height":510,"url":"https:\/\/experienciadevida.com.ar\/portalurbano\/wp-content\/uploads\/2021\/08\/PITROLA.jpg","type":"image\/jpeg"}],"author":"admpu17wp","twitter_card":"summary_large_image","twitter_creator":"@portalurbanook","twitter_site":"@portalurbanook","twitter_misc":{"Escrito por":"admpu17wp","Tiempo de lectura":"6 minutos"},"schema":{"@context":"https:\/\/schema.org","@graph":[{"@type":"Article","@id":"https:\/\/experienciadevida.com.ar\/portalurbano\/nestor-pitrola-somos-una-alternativa-a-los-bloques-que-nos-vienen-gobernando\/#article","isPartOf":{"@id":"https:\/\/experienciadevida.com.ar\/portalurbano\/nestor-pitrola-somos-una-alternativa-a-los-bloques-que-nos-vienen-gobernando\/"},"author":{"name":"admpu17wp","@id":"https:\/\/experienciadevida.com.ar\/portalurbano\/#\/schema\/person\/02dd326b1c4b056e9cc972486934a3a7"},"headline":"N\u00e9stor Pitrola: &#8220;Somos una alternativa a los bloques que nos vienen Gobernando&#8221;\u00a0","datePublished":"2021-08-24T21:14:51+00:00","dateModified":"2021-09-17T20:52:10+00:00","mainEntityOfPage":{"@id":"https:\/\/experienciadevida.com.ar\/portalurbano\/nestor-pitrola-somos-una-alternativa-a-los-bloques-que-nos-vienen-gobernando\/"},"wordCount":1298,"publisher":{"@id":"https:\/\/experienciadevida.com.ar\/portalurbano\/#organization"},"articleSection":["Destacadas 2","Pol\u00edtica","POL\u00cdTICOS EN CAMPA\u00d1A \u2013 PASO 2021"],"inLanguage":"es"},{"@type":"WebPage","@id":"https:\/\/experienciadevida.com.ar\/portalurbano\/nestor-pitrola-somos-una-alternativa-a-los-bloques-que-nos-vienen-gobernando\/","url":"https:\/\/experienciadevida.com.ar\/portalurbano\/nestor-pitrola-somos-una-alternativa-a-los-bloques-que-nos-vienen-gobernando\/","name":"N\u00e9stor Pitrola: \"Somos una alternativa a los bloques que nos gobiernan\"","isPartOf":{"@id":"https:\/\/experienciadevida.com.ar\/portalurbano\/#website"},"datePublished":"2021-08-24T21:14:51+00:00","dateModified":"2021-09-17T20:52:10+00:00","description":"N\u00e9stor Pitrola: \"Somos una alternativa a los bloques que nos vienen Gobernando\" , as\u00ed lo dijo\u00a0 En la jornada de este martes en nuestra ciudad","breadcrumb":{"@id":"https:\/\/experienciadevida.com.ar\/portalurbano\/nestor-pitrola-somos-una-alternativa-a-los-bloques-que-nos-vienen-gobernando\/#breadcrumb"},"inLanguage":"es","potentialAction":[{"@type":"ReadAction","target":["https:\/\/experienciadevida.com.ar\/portalurbano\/nestor-pitrola-somos-una-alternativa-a-los-bloques-que-nos-vienen-gobernando\/"]}]},{"@type":"BreadcrumbList","@id":"https:\/\/experienciadevida.com.ar\/portalurbano\/nestor-pitrola-somos-una-alternativa-a-los-bloques-que-nos-vienen-gobernando\/#breadcrumb","itemListElement":[{"@type":"ListItem","position":1,"name":"Portada","item":"https:\/\/experienciadevida.com.ar\/portalurbano\/"},{"@type":"ListItem","position":2,"name":"N\u00e9stor Pitrola: \u00abSomos una alternativa a los bloques que nos vienen Gobernando\u00bb\u00a0"}]},{"@type":"WebSite","@id":"https:\/\/experienciadevida.com.ar\/portalurbano\/#website","url":"https:\/\/experienciadevida.com.ar\/portalurbano\/","name":"","description":"","publisher":{"@id":"https:\/\/experienciadevida.com.ar\/portalurbano\/#organization"},"potentialAction":[{"@type":"SearchAction","target":{"@type":"EntryPoint","urlTemplate":"https:\/\/experienciadevida.com.ar\/portalurbano\/?s={search_term_string}"},"query-input":"required name=search_term_string"}],"inLanguage":"es"},{"@type":"Organization","@id":"https:\/\/experienciadevida.com.ar\/portalurbano\/#organization","name":"Portal Urbano","url":"https:\/\/experienciadevida.com.ar\/portalurbano\/","logo":{"@type":"ImageObject","inLanguage":"es","@id":"https:\/\/experienciadevida.com.ar\/portalurbano\/#\/schema\/logo\/image\/","url":"https:\/\/experienciadevida.com.ar\/portalurbano\/wp-content\/uploads\/2019\/09\/Logo-Original.png","contentUrl":"https:\/\/experienciadevida.com.ar\/portalurbano\/wp-content\/uploads\/2019\/09\/Logo-Original.png","width":2236,"height":1216,"caption":"Portal Urbano"},"image":{"@id":"https:\/\/experienciadevida.com.ar\/portalurbano\/#\/schema\/logo\/image\/"},"sameAs":["https:\/\/www.facebook.com\/Portal-Urbano-171542830093757\/","https:\/\/twitter.com\/portalurbanook","https:\/\/www.instagram.com\/_portalurbano\/","https:\/\/www.youtube.com\/channel\/UCXhagIfszH8KxFiOok79zbA?view_as=subscriber"]},{"@type":"Person","@id":"https:\/\/experienciadevida.com.ar\/portalurbano\/#\/schema\/person\/02dd326b1c4b056e9cc972486934a3a7","name":"admpu17wp","image":{"@type":"ImageObject","inLanguage":"es","@id":"https:\/\/experienciadevida.com.ar\/portalurbano\/#\/schema\/person\/image\/","url":"https:\/\/secure.gravatar.com\/avatar\/830d4c57adaae6630765e449a6908047?s=96&d=mm&r=g","contentUrl":"https:\/\/secure.gravatar.com\/avatar\/830d4c57adaae6630765e449a6908047?s=96&d=mm&r=g","caption":"admpu17wp"}}]}},"featured_image_urls":{"full":["https:\/\/experienciadevida.com.ar\/portalurbano\/wp-content\/uploads\/2021\/08\/PITROLA.jpg",765,510,false],"thumbnail":["https:\/\/experienciadevida.com.ar\/portalurbano\/wp-content\/uploads\/2021\/08\/PITROLA-150x150.jpg",150,150,true],"medium":["https:\/\/experienciadevida.com.ar\/portalurbano\/wp-content\/uploads\/2021\/08\/PITROLA-300x200.jpg",300,200,true],"medium_large":["https:\/\/experienciadevida.com.ar\/portalurbano\/wp-content\/uploads\/2021\/08\/PITROLA.jpg",640,427,false],"large":["https:\/\/experienciadevida.com.ar\/portalurbano\/wp-content\/uploads\/2021\/08\/PITROLA.jpg",640,427,false],"ug_big":["https:\/\/experienciadevida.com.ar\/portalurbano\/wp-content\/uploads\/2021\/08\/PITROLA.jpg",765,510,false],"1536x1536":["https:\/\/experienciadevida.com.ar\/portalurbano\/wp-content\/uploads\/2021\/08\/PITROLA.jpg",765,510,false],"2048x2048":["https:\/\/experienciadevida.com.ar\/portalurbano\/wp-content\/uploads\/2021\/08\/PITROLA.jpg",765,510,false],"newsever-slider-full":["https:\/\/experienciadevida.com.ar\/portalurbano\/wp-content\/uploads\/2021\/08\/PITROLA.jpg",765,510,false],"newsever-featured":["https:\/\/experienciadevida.com.ar\/portalurbano\/wp-content\/uploads\/2021\/08\/PITROLA.jpg",765,510,false],"newsever-medium":["https:\/\/experienciadevida.com.ar\/portalurbano\/wp-content\/uploads\/2021\/08\/PITROLA.jpg",713,475,false],"web-stories-poster-portrait":["https:\/\/experienciadevida.com.ar\/portalurbano\/wp-content\/uploads\/2021\/08\/PITROLA.jpg",640,427,false],"web-stories-publisher-logo":["https:\/\/experienciadevida.com.ar\/portalurbano\/wp-content\/uploads\/2021\/08\/PITROLA.jpg",96,64,false],"web-stories-thumbnail":["https:\/\/experienciadevida.com.ar\/portalurbano\/wp-content\/uploads\/2021\/08\/PITROLA.jpg",150,100,false]},"author_info":{"display_name":"admpu17wp","author_link":"https:\/\/experienciadevida.com.ar\/portalurbano\/author\/admpu17wp\/"},"category_info":"<a href=\"https:\/\/experienciadevida.com.ar\/portalurbano\/category\/destacadas-2\/\" rel=\"category tag\">Destacadas 2<\/a> <a href=\"https:\/\/experienciadevida.com.ar\/portalurbano\/category\/politica\/\" rel=\"category tag\">Pol\u00edtica<\/a> <a href=\"https:\/\/experienciadevida.com.ar\/portalurbano\/category\/politicos-en-campana-paso-2021\/\" rel=\"category tag\">POL\u00cdTICOS EN CAMPA\u00d1A \u2013 PASO 2021<\/a>","tag_info":"POL\u00cdTICOS EN CAMPA\u00d1A \u2013 PASO 2021","comment_count":"0","amp_enabled":true,"_links":{"self":[{"href":"https:\/\/experienciadevida.com.ar\/portalurbano\/wp-json\/wp\/v2\/posts\/151025"}],"collection":[{"href":"https:\/\/experienciadevida.com.ar\/portalurbano\/wp-json\/wp\/v2\/posts"}],"about":[{"href":"https:\/\/experienciadevida.com.ar\/portalurbano\/wp-json\/wp\/v2\/types\/post"}],"author":[{"embeddable":true,"href":"https:\/\/experienciadevida.com.ar\/portalurbano\/wp-json\/wp\/v2\/users\/1"}],"replies":[{"embeddable":true,"href":"https:\/\/experienciadevida.com.ar\/portalurbano\/wp-json\/wp\/v2\/comments?post=151025"}],"version-history":[{"count":6,"href":"https:\/\/experienciadevida.com.ar\/portalurbano\/wp-json\/wp\/v2\/posts\/151025\/revisions"}],"predecessor-version":[{"id":151034,"href":"https:\/\/experienciadevida.com.ar\/portalurbano\/wp-json\/wp\/v2\/posts\/151025\/revisions\/151034"}],"wp:featuredmedia":[{"embeddable":true,"href":"https:\/\/experienciadevida.com.ar\/portalurbano\/wp-json\/wp\/v2\/media\/151026"}],"wp:attachment":[{"href":"https:\/\/experienciadevida.com.ar\/portalurbano\/wp-json\/wp\/v2\/media?parent=151025"}],"wp:term":[{"taxonomy":"category","embeddable":true,"href":"https:\/\/experienciadevida.com.ar\/portalurbano\/wp-json\/wp\/v2\/categories?post=151025"},{"taxonomy":"post_tag","embeddable":true,"href":"https:\/\/experienciadevida.com.ar\/portalurbano\/wp-json\/wp\/v2\/tags?post=151025"}],"curies":[{"name":"wp","href":"https:\/\/api.w.org\/{rel}","templated":true}]}}