{"id":150989,"date":"2021-08-24T13:51:30","date_gmt":"2021-08-24T16:51:30","guid":{"rendered":"https:\/\/experienciadevida.com.ar\/portalurbano\/?p=150989"},"modified":"2021-08-24T13:53:53","modified_gmt":"2021-08-24T16:53:53","slug":"el-hcd-solicitara-colocacion-de-senalizacion-vial-y-reductores","status":"publish","type":"post","link":"https:\/\/experienciadevida.com.ar\/portalurbano\/el-hcd-solicitara-colocacion-de-senalizacion-vial-y-reductores\/","title":{"rendered":"El HCD solicitar\u00e1 colocaci\u00f3n de se\u00f1alizaci\u00f3n vial y reductores"},"content":{"rendered":"<p>El HCD solicitar\u00e1 colocaci\u00f3n de se\u00f1alizaci\u00f3n vial y reductores, el proyecto de resoluci\u00f3n que se tratar\u00e1 este jueves solicita al Ejecutivo Municipal la colocaci\u00f3n de distintas se\u00f1alizaciones viales y reductores en una zona determinada.<\/p>\n<p>El mismo es impulsado por la concejal In\u00e9s <a href=\"https:\/\/www.facebook.com\/ines.creimer\">Creimer<\/a> del bloque Foro Olavarr\u00eda en el interbloque Frente de Todos.<\/p>\n<p>Entre los proyectos que se tratar\u00e1n en una nueva sesi\u00f3n del Honorable Concejo Deliberante, a llevarse a cabo este jueves, se encuentra un pedido<br \/>\nde distintas medidas para mejorar el tr\u00e1nsito en una zona determinada de la ciudad. Este Proyecto de Resoluci\u00f3n es impulsado por la concejal In\u00e9s<br \/>\nCreimer del bloque Foro Olavarr\u00eda en el Interbloque Frente De Todos.<\/p>\n<p>El HCD solicitar\u00e1 colocaci\u00f3n de se\u00f1alizaci\u00f3n vial y reductores, La zona para la cual se le solicita al Ejecutivo Municipal la intervenci\u00f3n para mejorar el tr\u00e1nsito se encuentra comprendida entre las calles Amparo<br \/>\nCastro, Pellegrini, Av. Sarmiento y Av. Trabajadores. All\u00ed, los vecinos han reclamado por carteles con nombre y sentido de circulaci\u00f3n de las calles,<br \/>\nse\u00f1alizaci\u00f3n vial, reductores de velocidad y sendas peatonales. La principal preocupaci\u00f3n se enfoca en el sector del Jard\u00edn N\u00ba 912, donde<br \/>\nadem\u00e1s se solicita un cartel que indique la presencia del edificio educativo.<\/p>\n<p>El HCD solicitar\u00e1 colocaci\u00f3n de se\u00f1alizaci\u00f3n vial y reductores, sobre este proyecto, la concejala Creimer argument\u00f3 que \u201ces necesaria una correcta se\u00f1alizaci\u00f3n vial en la zona, ya que genera ordenamiento a la hora de transitar\u201d.<\/p>\n<p>Adem\u00e1s agreg\u00f3 que \u201ctambi\u00e9n es fundamental que cada calle cuente con su nombre y sentido de circulaci\u00f3n para evitar siniestros, adem\u00e1s de que facilita la ubicaci\u00f3n\u201d. Por \u00faltimo, la concejala sostuvo \u201cteniendo en cuenta que la zona cuenta con una instituci\u00f3n educativa, y que los horarios de ingreso y egreso de la misma son momentos de mayor cuidado en cuanto al tr\u00e1nsito, la se\u00f1alizaci\u00f3n y la reducci\u00f3n de velocidad son fundamentales para ofrecer seguridad a ni\u00f1os y ni\u00f1as\u201d.<\/p>\n<p><a href=\"https:\/\/experienciadevida.com.ar\/portalurbano\/el-hcd-solicitara-colocacion-de-senalizacion-vial-y-reductores\/el-hcd-solicitara\/\" rel=\"attachment wp-att-150994\"><img decoding=\"async\" class=\"alignnone size-large wp-image-150994\" src=\"https:\/\/experienciadevida.com.ar\/portalurbano\/wp-content\/uploads\/2021\/08\/El-HCD-solicitara-1024x768.jpeg\" alt=\"El HCD solicitar\u00e1 \" width=\"900\" height=\"675\" srcset=\"https:\/\/experienciadevida.com.ar\/portalurbano\/wp-content\/uploads\/2021\/08\/El-HCD-solicitara-1024x768.jpeg 1024w, https:\/\/experienciadevida.com.ar\/portalurbano\/wp-content\/uploads\/2021\/08\/El-HCD-solicitara-300x225.jpeg 300w, https:\/\/experienciadevida.com.ar\/portalurbano\/wp-content\/uploads\/2021\/08\/El-HCD-solicitara-768x576.jpeg 768w, https:\/\/experienciadevida.com.ar\/portalurbano\/wp-content\/uploads\/2021\/08\/El-HCD-solicitara-1536x1152.jpeg 1536w, https:\/\/experienciadevida.com.ar\/portalurbano\/wp-content\/uploads\/2021\/08\/El-HCD-solicitara.jpeg 1600w\" sizes=\"(max-width: 900px) 100vw, 900px\" \/><\/a><\/p>\n","protected":false},"excerpt":{"rendered":"<p>El HCD solicitar\u00e1 colocaci\u00f3n de se\u00f1alizaci\u00f3n vial y reductores, el proyecto de resoluci\u00f3n que se&#8230;<\/p>\n","protected":false},"author":1,"featured_media":150990,"comment_status":"closed","ping_status":"closed","sticky":false,"template":"","format":"standard","meta":{"content-type":""},"categories":[64,43],"tags":[],"nelio_content":{"isAutoShareEnabled":false,"autoShareEndMode":"default","automationSources":{"useContentSentences":true,"useSocialTemplates":true,"useCustomSentences":false,"customSentences":[]},"followers":[1],"suggestedReferences":[],"includedReferences":[],"efiUrl":"","efiAlt":"","highlights":[]},"yoast_head":"<!-- This site is optimized with the Yoast SEO plugin v20.7 - https:\/\/yoast.com\/wordpress\/plugins\/seo\/ -->\n<title>El HCD solicitar\u00e1 colocaci\u00f3n de se\u00f1alizaci\u00f3n vial y reductores<\/title>\n<meta name=\"description\" content=\"El HCD solicitar\u00e1 colocaci\u00f3n de se\u00f1alizaci\u00f3n vial y reductores, el proyecto de resoluci\u00f3n que se tratar\u00e1 este jueves solicita al Ejecutivo\" \/>\n<meta name=\"robots\" content=\"index, follow, max-snippet:-1, max-image-preview:large, max-video-preview:-1\" \/>\n<link rel=\"canonical\" href=\"https:\/\/experienciadevida.com.ar\/portalurbano\/el-hcd-solicitara-colocacion-de-senalizacion-vial-y-reductores\/\" \/>\n<meta property=\"og:locale\" content=\"es_ES\" \/>\n<meta property=\"og:type\" content=\"article\" \/>\n<meta property=\"og:title\" content=\"El HCD solicitar\u00e1 colocaci\u00f3n de se\u00f1alizaci\u00f3n vial y reductores\" \/>\n<meta property=\"og:description\" content=\"El HCD solicitar\u00e1 colocaci\u00f3n de se\u00f1alizaci\u00f3n vial y reductores, el proyecto de resoluci\u00f3n que se tratar\u00e1 este jueves solicita al Ejecutivo\" \/>\n<meta property=\"og:url\" content=\"https:\/\/experienciadevida.com.ar\/portalurbano\/el-hcd-solicitara-colocacion-de-senalizacion-vial-y-reductores\/\" \/>\n<meta property=\"article:publisher\" content=\"https:\/\/www.facebook.com\/Portal-Urbano-171542830093757\/\" \/>\n<meta property=\"article:published_time\" content=\"2021-08-24T16:51:30+00:00\" \/>\n<meta property=\"article:modified_time\" content=\"2021-08-24T16:53:53+00:00\" \/>\n<meta property=\"og:image\" content=\"https:\/\/experienciadevida.com.ar\/portalurbano\/wp-content\/uploads\/2021\/08\/El-HCD-solicitara-colocacion-de.jpeg\" \/>\n\t<meta property=\"og:image:width\" content=\"1600\" \/>\n\t<meta property=\"og:image:height\" content=\"1200\" \/>\n\t<meta property=\"og:image:type\" content=\"image\/jpeg\" \/>\n<meta name=\"author\" content=\"admpu17wp\" \/>\n<meta name=\"twitter:card\" content=\"summary_large_image\" \/>\n<meta name=\"twitter:creator\" content=\"@portalurbanook\" \/>\n<meta name=\"twitter:site\" content=\"@portalurbanook\" \/>\n<meta name=\"twitter:label1\" content=\"Escrito por\" \/>\n\t<meta name=\"twitter:data1\" content=\"admpu17wp\" \/>\n\t<meta name=\"twitter:label2\" content=\"Tiempo de lectura\" \/>\n\t<meta name=\"twitter:data2\" content=\"2 minutos\" \/>\n<script type=\"application\/ld+json\" class=\"yoast-schema-graph\">{\"@context\":\"https:\/\/schema.org\",\"@graph\":[{\"@type\":\"Article\",\"@id\":\"https:\/\/experienciadevida.com.ar\/portalurbano\/el-hcd-solicitara-colocacion-de-senalizacion-vial-y-reductores\/#article\",\"isPartOf\":{\"@id\":\"https:\/\/experienciadevida.com.ar\/portalurbano\/el-hcd-solicitara-colocacion-de-senalizacion-vial-y-reductores\/\"},\"author\":{\"name\":\"admpu17wp\",\"@id\":\"https:\/\/experienciadevida.com.ar\/portalurbano\/#\/schema\/person\/02dd326b1c4b056e9cc972486934a3a7\"},\"headline\":\"El HCD solicitar\u00e1 colocaci\u00f3n de se\u00f1alizaci\u00f3n vial y reductores\",\"datePublished\":\"2021-08-24T16:51:30+00:00\",\"dateModified\":\"2021-08-24T16:53:53+00:00\",\"mainEntityOfPage\":{\"@id\":\"https:\/\/experienciadevida.com.ar\/portalurbano\/el-hcd-solicitara-colocacion-de-senalizacion-vial-y-reductores\/\"},\"wordCount\":367,\"publisher\":{\"@id\":\"https:\/\/experienciadevida.com.ar\/portalurbano\/#organization\"},\"articleSection\":[\"Destacadas 2\",\"Pol\u00edtica\"],\"inLanguage\":\"es\"},{\"@type\":\"WebPage\",\"@id\":\"https:\/\/experienciadevida.com.ar\/portalurbano\/el-hcd-solicitara-colocacion-de-senalizacion-vial-y-reductores\/\",\"url\":\"https:\/\/experienciadevida.com.ar\/portalurbano\/el-hcd-solicitara-colocacion-de-senalizacion-vial-y-reductores\/\",\"name\":\"El HCD solicitar\u00e1 colocaci\u00f3n de se\u00f1alizaci\u00f3n vial y reductores\",\"isPartOf\":{\"@id\":\"https:\/\/experienciadevida.com.ar\/portalurbano\/#website\"},\"datePublished\":\"2021-08-24T16:51:30+00:00\",\"dateModified\":\"2021-08-24T16:53:53+00:00\",\"description\":\"El HCD solicitar\u00e1 colocaci\u00f3n de se\u00f1alizaci\u00f3n vial y reductores, el proyecto de resoluci\u00f3n que se tratar\u00e1 este jueves solicita al Ejecutivo\",\"breadcrumb\":{\"@id\":\"https:\/\/experienciadevida.com.ar\/portalurbano\/el-hcd-solicitara-colocacion-de-senalizacion-vial-y-reductores\/#breadcrumb\"},\"inLanguage\":\"es\",\"potentialAction\":[{\"@type\":\"ReadAction\",\"target\":[\"https:\/\/experienciadevida.com.ar\/portalurbano\/el-hcd-solicitara-colocacion-de-senalizacion-vial-y-reductores\/\"]}]},{\"@type\":\"BreadcrumbList\",\"@id\":\"https:\/\/experienciadevida.com.ar\/portalurbano\/el-hcd-solicitara-colocacion-de-senalizacion-vial-y-reductores\/#breadcrumb\",\"itemListElement\":[{\"@type\":\"ListItem\",\"position\":1,\"name\":\"Portada\",\"item\":\"https:\/\/experienciadevida.com.ar\/portalurbano\/\"},{\"@type\":\"ListItem\",\"position\":2,\"name\":\"El HCD solicitar\u00e1 colocaci\u00f3n de se\u00f1alizaci\u00f3n vial y reductores\"}]},{\"@type\":\"WebSite\",\"@id\":\"https:\/\/experienciadevida.com.ar\/portalurbano\/#website\",\"url\":\"https:\/\/experienciadevida.com.ar\/portalurbano\/\",\"name\":\"\",\"description\":\"\",\"publisher\":{\"@id\":\"https:\/\/experienciadevida.com.ar\/portalurbano\/#organization\"},\"potentialAction\":[{\"@type\":\"SearchAction\",\"target\":{\"@type\":\"EntryPoint\",\"urlTemplate\":\"https:\/\/experienciadevida.com.ar\/portalurbano\/?s={search_term_string}\"},\"query-input\":\"required name=search_term_string\"}],\"inLanguage\":\"es\"},{\"@type\":\"Organization\",\"@id\":\"https:\/\/experienciadevida.com.ar\/portalurbano\/#organization\",\"name\":\"Portal Urbano\",\"url\":\"https:\/\/experienciadevida.com.ar\/portalurbano\/\",\"logo\":{\"@type\":\"ImageObject\",\"inLanguage\":\"es\",\"@id\":\"https:\/\/experienciadevida.com.ar\/portalurbano\/#\/schema\/logo\/image\/\",\"url\":\"https:\/\/experienciadevida.com.ar\/portalurbano\/wp-content\/uploads\/2019\/09\/Logo-Original.png\",\"contentUrl\":\"https:\/\/experienciadevida.com.ar\/portalurbano\/wp-content\/uploads\/2019\/09\/Logo-Original.png\",\"width\":2236,\"height\":1216,\"caption\":\"Portal Urbano\"},\"image\":{\"@id\":\"https:\/\/experienciadevida.com.ar\/portalurbano\/#\/schema\/logo\/image\/\"},\"sameAs\":[\"https:\/\/www.facebook.com\/Portal-Urbano-171542830093757\/\",\"https:\/\/twitter.com\/portalurbanook\",\"https:\/\/www.instagram.com\/_portalurbano\/\",\"https:\/\/www.youtube.com\/channel\/UCXhagIfszH8KxFiOok79zbA?view_as=subscriber\"]},{\"@type\":\"Person\",\"@id\":\"https:\/\/experienciadevida.com.ar\/portalurbano\/#\/schema\/person\/02dd326b1c4b056e9cc972486934a3a7\",\"name\":\"admpu17wp\",\"image\":{\"@type\":\"ImageObject\",\"inLanguage\":\"es\",\"@id\":\"https:\/\/experienciadevida.com.ar\/portalurbano\/#\/schema\/person\/image\/\",\"url\":\"https:\/\/secure.gravatar.com\/avatar\/830d4c57adaae6630765e449a6908047?s=96&d=mm&r=g\",\"contentUrl\":\"https:\/\/secure.gravatar.com\/avatar\/830d4c57adaae6630765e449a6908047?s=96&d=mm&r=g\",\"caption\":\"admpu17wp\"}}]}<\/script>\n<!-- \/ Yoast SEO plugin. -->","yoast_head_json":{"title":"El HCD solicitar\u00e1 colocaci\u00f3n de se\u00f1alizaci\u00f3n vial y reductores","description":"El HCD solicitar\u00e1 colocaci\u00f3n de se\u00f1alizaci\u00f3n vial y reductores, el proyecto de resoluci\u00f3n que se tratar\u00e1 este jueves solicita al Ejecutivo","robots":{"index":"index","follow":"follow","max-snippet":"max-snippet:-1","max-image-preview":"max-image-preview:large","max-video-preview":"max-video-preview:-1"},"canonical":"https:\/\/experienciadevida.com.ar\/portalurbano\/el-hcd-solicitara-colocacion-de-senalizacion-vial-y-reductores\/","og_locale":"es_ES","og_type":"article","og_title":"El HCD solicitar\u00e1 colocaci\u00f3n de se\u00f1alizaci\u00f3n vial y reductores","og_description":"El HCD solicitar\u00e1 colocaci\u00f3n de se\u00f1alizaci\u00f3n vial y reductores, el proyecto de resoluci\u00f3n que se tratar\u00e1 este jueves solicita al Ejecutivo","og_url":"https:\/\/experienciadevida.com.ar\/portalurbano\/el-hcd-solicitara-colocacion-de-senalizacion-vial-y-reductores\/","article_publisher":"https:\/\/www.facebook.com\/Portal-Urbano-171542830093757\/","article_published_time":"2021-08-24T16:51:30+00:00","article_modified_time":"2021-08-24T16:53:53+00:00","og_image":[{"width":1600,"height":1200,"url":"https:\/\/experienciadevida.com.ar\/portalurbano\/wp-content\/uploads\/2021\/08\/El-HCD-solicitara-colocacion-de.jpeg","type":"image\/jpeg"}],"author":"admpu17wp","twitter_card":"summary_large_image","twitter_creator":"@portalurbanook","twitter_site":"@portalurbanook","twitter_misc":{"Escrito por":"admpu17wp","Tiempo de lectura":"2 minutos"},"schema":{"@context":"https:\/\/schema.org","@graph":[{"@type":"Article","@id":"https:\/\/experienciadevida.com.ar\/portalurbano\/el-hcd-solicitara-colocacion-de-senalizacion-vial-y-reductores\/#article","isPartOf":{"@id":"https:\/\/experienciadevida.com.ar\/portalurbano\/el-hcd-solicitara-colocacion-de-senalizacion-vial-y-reductores\/"},"author":{"name":"admpu17wp","@id":"https:\/\/experienciadevida.com.ar\/portalurbano\/#\/schema\/person\/02dd326b1c4b056e9cc972486934a3a7"},"headline":"El HCD solicitar\u00e1 colocaci\u00f3n de se\u00f1alizaci\u00f3n vial y reductores","datePublished":"2021-08-24T16:51:30+00:00","dateModified":"2021-08-24T16:53:53+00:00","mainEntityOfPage":{"@id":"https:\/\/experienciadevida.com.ar\/portalurbano\/el-hcd-solicitara-colocacion-de-senalizacion-vial-y-reductores\/"},"wordCount":367,"publisher":{"@id":"https:\/\/experienciadevida.com.ar\/portalurbano\/#organization"},"articleSection":["Destacadas 2","Pol\u00edtica"],"inLanguage":"es"},{"@type":"WebPage","@id":"https:\/\/experienciadevida.com.ar\/portalurbano\/el-hcd-solicitara-colocacion-de-senalizacion-vial-y-reductores\/","url":"https:\/\/experienciadevida.com.ar\/portalurbano\/el-hcd-solicitara-colocacion-de-senalizacion-vial-y-reductores\/","name":"El HCD solicitar\u00e1 colocaci\u00f3n de se\u00f1alizaci\u00f3n vial y reductores","isPartOf":{"@id":"https:\/\/experienciadevida.com.ar\/portalurbano\/#website"},"datePublished":"2021-08-24T16:51:30+00:00","dateModified":"2021-08-24T16:53:53+00:00","description":"El HCD solicitar\u00e1 colocaci\u00f3n de se\u00f1alizaci\u00f3n vial y reductores, el proyecto de resoluci\u00f3n que se tratar\u00e1 este jueves solicita al Ejecutivo","breadcrumb":{"@id":"https:\/\/experienciadevida.com.ar\/portalurbano\/el-hcd-solicitara-colocacion-de-senalizacion-vial-y-reductores\/#breadcrumb"},"inLanguage":"es","potentialAction":[{"@type":"ReadAction","target":["https:\/\/experienciadevida.com.ar\/portalurbano\/el-hcd-solicitara-colocacion-de-senalizacion-vial-y-reductores\/"]}]},{"@type":"BreadcrumbList","@id":"https:\/\/experienciadevida.com.ar\/portalurbano\/el-hcd-solicitara-colocacion-de-senalizacion-vial-y-reductores\/#breadcrumb","itemListElement":[{"@type":"ListItem","position":1,"name":"Portada","item":"https:\/\/experienciadevida.com.ar\/portalurbano\/"},{"@type":"ListItem","position":2,"name":"El HCD solicitar\u00e1 colocaci\u00f3n de se\u00f1alizaci\u00f3n vial y reductores"}]},{"@type":"WebSite","@id":"https:\/\/experienciadevida.com.ar\/portalurbano\/#website","url":"https:\/\/experienciadevida.com.ar\/portalurbano\/","name":"","description":"","publisher":{"@id":"https:\/\/experienciadevida.com.ar\/portalurbano\/#organization"},"potentialAction":[{"@type":"SearchAction","target":{"@type":"EntryPoint","urlTemplate":"https:\/\/experienciadevida.com.ar\/portalurbano\/?s={search_term_string}"},"query-input":"required name=search_term_string"}],"inLanguage":"es"},{"@type":"Organization","@id":"https:\/\/experienciadevida.com.ar\/portalurbano\/#organization","name":"Portal Urbano","url":"https:\/\/experienciadevida.com.ar\/portalurbano\/","logo":{"@type":"ImageObject","inLanguage":"es","@id":"https:\/\/experienciadevida.com.ar\/portalurbano\/#\/schema\/logo\/image\/","url":"https:\/\/experienciadevida.com.ar\/portalurbano\/wp-content\/uploads\/2019\/09\/Logo-Original.png","contentUrl":"https:\/\/experienciadevida.com.ar\/portalurbano\/wp-content\/uploads\/2019\/09\/Logo-Original.png","width":2236,"height":1216,"caption":"Portal Urbano"},"image":{"@id":"https:\/\/experienciadevida.com.ar\/portalurbano\/#\/schema\/logo\/image\/"},"sameAs":["https:\/\/www.facebook.com\/Portal-Urbano-171542830093757\/","https:\/\/twitter.com\/portalurbanook","https:\/\/www.instagram.com\/_portalurbano\/","https:\/\/www.youtube.com\/channel\/UCXhagIfszH8KxFiOok79zbA?view_as=subscriber"]},{"@type":"Person","@id":"https:\/\/experienciadevida.com.ar\/portalurbano\/#\/schema\/person\/02dd326b1c4b056e9cc972486934a3a7","name":"admpu17wp","image":{"@type":"ImageObject","inLanguage":"es","@id":"https:\/\/experienciadevida.com.ar\/portalurbano\/#\/schema\/person\/image\/","url":"https:\/\/secure.gravatar.com\/avatar\/830d4c57adaae6630765e449a6908047?s=96&d=mm&r=g","contentUrl":"https:\/\/secure.gravatar.com\/avatar\/830d4c57adaae6630765e449a6908047?s=96&d=mm&r=g","caption":"admpu17wp"}}]}},"featured_image_urls":{"full":["https:\/\/experienciadevida.com.ar\/portalurbano\/wp-content\/uploads\/2021\/08\/El-HCD-solicitara-colocacion-de.jpeg",1600,1200,false],"thumbnail":["https:\/\/experienciadevida.com.ar\/portalurbano\/wp-content\/uploads\/2021\/08\/El-HCD-solicitara-colocacion-de-150x150.jpeg",150,150,true],"medium":["https:\/\/experienciadevida.com.ar\/portalurbano\/wp-content\/uploads\/2021\/08\/El-HCD-solicitara-colocacion-de-300x225.jpeg",300,225,true],"medium_large":["https:\/\/experienciadevida.com.ar\/portalurbano\/wp-content\/uploads\/2021\/08\/El-HCD-solicitara-colocacion-de-768x576.jpeg",640,480,true],"large":["https:\/\/experienciadevida.com.ar\/portalurbano\/wp-content\/uploads\/2021\/08\/El-HCD-solicitara-colocacion-de-1024x768.jpeg",640,480,true],"ug_big":["https:\/\/experienciadevida.com.ar\/portalurbano\/wp-content\/uploads\/2021\/08\/El-HCD-solicitara-colocacion-de-768x576.jpeg",768,576,true],"1536x1536":["https:\/\/experienciadevida.com.ar\/portalurbano\/wp-content\/uploads\/2021\/08\/El-HCD-solicitara-colocacion-de-1536x1152.jpeg",1536,1152,true],"2048x2048":["https:\/\/experienciadevida.com.ar\/portalurbano\/wp-content\/uploads\/2021\/08\/El-HCD-solicitara-colocacion-de.jpeg",1600,1200,false],"newsever-slider-full":["https:\/\/experienciadevida.com.ar\/portalurbano\/wp-content\/uploads\/2021\/08\/El-HCD-solicitara-colocacion-de.jpeg",1127,845,false],"newsever-featured":["https:\/\/experienciadevida.com.ar\/portalurbano\/wp-content\/uploads\/2021\/08\/El-HCD-solicitara-colocacion-de.jpeg",1024,768,false],"newsever-medium":["https:\/\/experienciadevida.com.ar\/portalurbano\/wp-content\/uploads\/2021\/08\/El-HCD-solicitara-colocacion-de.jpeg",633,475,false],"web-stories-poster-portrait":["https:\/\/experienciadevida.com.ar\/portalurbano\/wp-content\/uploads\/2021\/08\/El-HCD-solicitara-colocacion-de.jpeg",640,480,false],"web-stories-publisher-logo":["https:\/\/experienciadevida.com.ar\/portalurbano\/wp-content\/uploads\/2021\/08\/El-HCD-solicitara-colocacion-de.jpeg",96,72,false],"web-stories-thumbnail":["https:\/\/experienciadevida.com.ar\/portalurbano\/wp-content\/uploads\/2021\/08\/El-HCD-solicitara-colocacion-de.jpeg",150,113,false]},"author_info":{"display_name":"admpu17wp","author_link":"https:\/\/experienciadevida.com.ar\/portalurbano\/author\/admpu17wp\/"},"category_info":"<a href=\"https:\/\/experienciadevida.com.ar\/portalurbano\/category\/destacadas-2\/\" rel=\"category tag\">Destacadas 2<\/a> <a href=\"https:\/\/experienciadevida.com.ar\/portalurbano\/category\/politica\/\" rel=\"category tag\">Pol\u00edtica<\/a>","tag_info":"Pol\u00edtica","comment_count":"0","amp_enabled":true,"_links":{"self":[{"href":"https:\/\/experienciadevida.com.ar\/portalurbano\/wp-json\/wp\/v2\/posts\/150989"}],"collection":[{"href":"https:\/\/experienciadevida.com.ar\/portalurbano\/wp-json\/wp\/v2\/posts"}],"about":[{"href":"https:\/\/experienciadevida.com.ar\/portalurbano\/wp-json\/wp\/v2\/types\/post"}],"author":[{"embeddable":true,"href":"https:\/\/experienciadevida.com.ar\/portalurbano\/wp-json\/wp\/v2\/users\/1"}],"replies":[{"embeddable":true,"href":"https:\/\/experienciadevida.com.ar\/portalurbano\/wp-json\/wp\/v2\/comments?post=150989"}],"version-history":[{"count":4,"href":"https:\/\/experienciadevida.com.ar\/portalurbano\/wp-json\/wp\/v2\/posts\/150989\/revisions"}],"predecessor-version":[{"id":150995,"href":"https:\/\/experienciadevida.com.ar\/portalurbano\/wp-json\/wp\/v2\/posts\/150989\/revisions\/150995"}],"wp:featuredmedia":[{"embeddable":true,"href":"https:\/\/experienciadevida.com.ar\/portalurbano\/wp-json\/wp\/v2\/media\/150990"}],"wp:attachment":[{"href":"https:\/\/experienciadevida.com.ar\/portalurbano\/wp-json\/wp\/v2\/media?parent=150989"}],"wp:term":[{"taxonomy":"category","embeddable":true,"href":"https:\/\/experienciadevida.com.ar\/portalurbano\/wp-json\/wp\/v2\/categories?post=150989"},{"taxonomy":"post_tag","embeddable":true,"href":"https:\/\/experienciadevida.com.ar\/portalurbano\/wp-json\/wp\/v2\/tags?post=150989"}],"curies":[{"name":"wp","href":"https:\/\/api.w.org\/{rel}","templated":true}]}}