{"id":150949,"date":"2021-08-24T10:52:57","date_gmt":"2021-08-24T13:52:57","guid":{"rendered":"https:\/\/experienciadevida.com.ar\/portalurbano\/?p=150949"},"modified":"2021-08-24T10:54:46","modified_gmt":"2021-08-24T13:54:46","slug":"informe-semanal-de-transito-se-realizaron-44-actas-se-retuvieron-6-vehiculos-y-2-licencias-de-conducir","status":"publish","type":"post","link":"https:\/\/experienciadevida.com.ar\/portalurbano\/informe-semanal-de-transito-se-realizaron-44-actas-se-retuvieron-6-vehiculos-y-2-licencias-de-conducir\/","title":{"rendered":"Informe Semanal de Tr\u00e1nsito: Se realizaron 44 actas, se retuvieron 6 veh\u00edculos y 2 licencias de conducir"},"content":{"rendered":"<p>Informe Semanal de Tr\u00e1nsito: Se realizaron 44 actas, se retuvieron 6 veh\u00edculos y 2 licencias de conducir, la Subsecretar\u00eda de Seguridad, a trav\u00e9s de la Direcci\u00f3n de Acci\u00f3n y Control Urbano, contin\u00faa con controles de tr\u00e1nsito, nocturnidad y alcoholemia, con la finalidad de generar mayor concientizaci\u00f3n y hacer efectivo el cumplimiento de las normas.<\/p>\n<p>Tal como se inform\u00f3 desde el \u00e1rea \u2013del 18 al 23 de agosto- se realizaron un total de 44 actas de tr\u00e1nsito y se retuvieron 6 veh\u00edculos (5 autom\u00f3viles y camionetas y 1 moto) y 2 licencias de conducir.<\/p>\n<p>En lo que respecta a controles de alcoholemia, se detectaron dos casos positivos, en la madrugada del domingo 22 de agosto, en diferentes puntos de la ciudad.<\/p>\n<p>Informe Semanal de Tr\u00e1nsito,\u00a0 A las 00:49 horas, en Chacabuco al 4700, se comprob\u00f3 que el conductor de un Fiat Vivace conduc\u00eda con 1,92 g\/l de alcohol en sangre. Mientras que m\u00e1s tarde, a las 02:29 horas, en Avellaneda al 3300, se constat\u00f3 que un automovilista circulaba con un porcentaje de 1,18 g\/l.<\/p>\n<p>La Ley Nacional de Tr\u00e1nsito 24.449 establece como l\u00edmite permitido para conducir: para veh\u00edculos particulares: 0,5 g\/l (gramos de alcohol por litro de sangre), para motos: 0,2 g\/l (acompa\u00f1ante 0.5 g\/l) y para transportes p\u00fablicos y de carga: 0 g\/l<\/p>\n<p>Es importante tener en cuenta que a\u00fan en concentraciones menores, el alcohol produce importantes consecuencias en el organismo, generando alteraciones en el comportamiento y disminuyendo la capacidad de capacidad de conducir de manera id\u00f3nea.<\/p>\n<p>En todos los casos, el consumo excesivo provoca consecuencias, sobre las funciones psicomotoras, sobre la visi\u00f3n del conductor y sobre el comportamiento y la conducta.<\/p>\n<p>El conductor experimenta un falso estado de euforia, seguridad y confianza en s\u00ed mismo, apareciendo un desprecio por el peligro y una tendencia a transgredir las normas.<\/p>\n<p>Por \u00faltimo, el informe se completa con los datos referidos a los controles de nocturnidad en bares, boliches y fiestas, con un total de 18 actas de inspecci\u00f3n y 11 actas de infracci\u00f3n.<\/p>\n<p>&nbsp;<\/p>\n","protected":false},"excerpt":{"rendered":"<p>Informe Semanal de Tr\u00e1nsito: Se realizaron 44 actas, se retuvieron 6 veh\u00edculos y 2 licencias&#8230;<\/p>\n","protected":false},"author":1,"featured_media":77598,"comment_status":"closed","ping_status":"closed","sticky":false,"template":"","format":"standard","meta":{"content-type":""},"categories":[27,64],"tags":[],"nelio_content":{"isAutoShareEnabled":false,"autoShareEndMode":"default","automationSources":{"useContentSentences":true,"useSocialTemplates":true,"useCustomSentences":false,"customSentences":[]},"followers":[1],"suggestedReferences":[],"includedReferences":[],"efiUrl":"","efiAlt":"","highlights":[]},"yoast_head":"<!-- This site is optimized with the Yoast SEO plugin v20.7 - https:\/\/yoast.com\/wordpress\/plugins\/seo\/ -->\n<title>Informe semanal de tr\u00e1nsito: Se realizaron 44 actas, retuvieron 6 veh\u00edculos<\/title>\n<meta name=\"description\" content=\"Informe Semanal de Tr\u00e1nsito: Se realizaron 44 actas, se retuvieron 6 veh\u00edculos y 2 licencias de conducir, as\u00ed lo inform\u00f3 el Municipio\" \/>\n<meta name=\"robots\" content=\"index, follow, max-snippet:-1, max-image-preview:large, max-video-preview:-1\" \/>\n<link rel=\"canonical\" href=\"https:\/\/experienciadevida.com.ar\/portalurbano\/informe-semanal-de-transito-se-realizaron-44-actas-se-retuvieron-6-vehiculos-y-2-licencias-de-conducir\/\" \/>\n<meta property=\"og:locale\" content=\"es_ES\" \/>\n<meta property=\"og:type\" content=\"article\" \/>\n<meta property=\"og:title\" content=\"Informe semanal de tr\u00e1nsito: Se realizaron 44 actas, retuvieron 6 veh\u00edculos\" \/>\n<meta property=\"og:description\" content=\"Informe Semanal de Tr\u00e1nsito: Se realizaron 44 actas, se retuvieron 6 veh\u00edculos y 2 licencias de conducir, as\u00ed lo inform\u00f3 el Municipio\" \/>\n<meta property=\"og:url\" content=\"https:\/\/experienciadevida.com.ar\/portalurbano\/informe-semanal-de-transito-se-realizaron-44-actas-se-retuvieron-6-vehiculos-y-2-licencias-de-conducir\/\" \/>\n<meta property=\"article:publisher\" content=\"https:\/\/www.facebook.com\/Portal-Urbano-171542830093757\/\" \/>\n<meta property=\"article:published_time\" content=\"2021-08-24T13:52:57+00:00\" \/>\n<meta property=\"article:modified_time\" content=\"2021-08-24T13:54:46+00:00\" \/>\n<meta property=\"og:image\" content=\"https:\/\/experienciadevida.com.ar\/portalurbano\/wp-content\/uploads\/2019\/07\/TRANSITO-e1563293721132.jpg\" \/>\n\t<meta property=\"og:image:width\" content=\"765\" \/>\n\t<meta property=\"og:image:height\" content=\"510\" \/>\n\t<meta property=\"og:image:type\" content=\"image\/jpeg\" \/>\n<meta name=\"author\" content=\"admpu17wp\" \/>\n<meta name=\"twitter:card\" content=\"summary_large_image\" \/>\n<meta name=\"twitter:creator\" content=\"@portalurbanook\" \/>\n<meta name=\"twitter:site\" content=\"@portalurbanook\" \/>\n<meta name=\"twitter:label1\" content=\"Escrito por\" \/>\n\t<meta name=\"twitter:data1\" content=\"admpu17wp\" \/>\n\t<meta name=\"twitter:label2\" content=\"Tiempo de lectura\" \/>\n\t<meta name=\"twitter:data2\" content=\"2 minutos\" \/>\n<script type=\"application\/ld+json\" class=\"yoast-schema-graph\">{\"@context\":\"https:\/\/schema.org\",\"@graph\":[{\"@type\":\"Article\",\"@id\":\"https:\/\/experienciadevida.com.ar\/portalurbano\/informe-semanal-de-transito-se-realizaron-44-actas-se-retuvieron-6-vehiculos-y-2-licencias-de-conducir\/#article\",\"isPartOf\":{\"@id\":\"https:\/\/experienciadevida.com.ar\/portalurbano\/informe-semanal-de-transito-se-realizaron-44-actas-se-retuvieron-6-vehiculos-y-2-licencias-de-conducir\/\"},\"author\":{\"name\":\"admpu17wp\",\"@id\":\"https:\/\/experienciadevida.com.ar\/portalurbano\/#\/schema\/person\/02dd326b1c4b056e9cc972486934a3a7\"},\"headline\":\"Informe Semanal de Tr\u00e1nsito: Se realizaron 44 actas, se retuvieron 6 veh\u00edculos y 2 licencias de conducir\",\"datePublished\":\"2021-08-24T13:52:57+00:00\",\"dateModified\":\"2021-08-24T13:54:46+00:00\",\"mainEntityOfPage\":{\"@id\":\"https:\/\/experienciadevida.com.ar\/portalurbano\/informe-semanal-de-transito-se-realizaron-44-actas-se-retuvieron-6-vehiculos-y-2-licencias-de-conducir\/\"},\"wordCount\":356,\"publisher\":{\"@id\":\"https:\/\/experienciadevida.com.ar\/portalurbano\/#organization\"},\"articleSection\":[\"Ciudad\",\"Destacadas 2\"],\"inLanguage\":\"es\"},{\"@type\":\"WebPage\",\"@id\":\"https:\/\/experienciadevida.com.ar\/portalurbano\/informe-semanal-de-transito-se-realizaron-44-actas-se-retuvieron-6-vehiculos-y-2-licencias-de-conducir\/\",\"url\":\"https:\/\/experienciadevida.com.ar\/portalurbano\/informe-semanal-de-transito-se-realizaron-44-actas-se-retuvieron-6-vehiculos-y-2-licencias-de-conducir\/\",\"name\":\"Informe semanal de tr\u00e1nsito: Se realizaron 44 actas, retuvieron 6 veh\u00edculos\",\"isPartOf\":{\"@id\":\"https:\/\/experienciadevida.com.ar\/portalurbano\/#website\"},\"datePublished\":\"2021-08-24T13:52:57+00:00\",\"dateModified\":\"2021-08-24T13:54:46+00:00\",\"description\":\"Informe Semanal de Tr\u00e1nsito: Se realizaron 44 actas, se retuvieron 6 veh\u00edculos y 2 licencias de conducir, as\u00ed lo inform\u00f3 el Municipio\",\"breadcrumb\":{\"@id\":\"https:\/\/experienciadevida.com.ar\/portalurbano\/informe-semanal-de-transito-se-realizaron-44-actas-se-retuvieron-6-vehiculos-y-2-licencias-de-conducir\/#breadcrumb\"},\"inLanguage\":\"es\",\"potentialAction\":[{\"@type\":\"ReadAction\",\"target\":[\"https:\/\/experienciadevida.com.ar\/portalurbano\/informe-semanal-de-transito-se-realizaron-44-actas-se-retuvieron-6-vehiculos-y-2-licencias-de-conducir\/\"]}]},{\"@type\":\"BreadcrumbList\",\"@id\":\"https:\/\/experienciadevida.com.ar\/portalurbano\/informe-semanal-de-transito-se-realizaron-44-actas-se-retuvieron-6-vehiculos-y-2-licencias-de-conducir\/#breadcrumb\",\"itemListElement\":[{\"@type\":\"ListItem\",\"position\":1,\"name\":\"Portada\",\"item\":\"https:\/\/experienciadevida.com.ar\/portalurbano\/\"},{\"@type\":\"ListItem\",\"position\":2,\"name\":\"Informe Semanal de Tr\u00e1nsito: Se realizaron 44 actas, se retuvieron 6 veh\u00edculos y 2 licencias de conducir\"}]},{\"@type\":\"WebSite\",\"@id\":\"https:\/\/experienciadevida.com.ar\/portalurbano\/#website\",\"url\":\"https:\/\/experienciadevida.com.ar\/portalurbano\/\",\"name\":\"\",\"description\":\"\",\"publisher\":{\"@id\":\"https:\/\/experienciadevida.com.ar\/portalurbano\/#organization\"},\"potentialAction\":[{\"@type\":\"SearchAction\",\"target\":{\"@type\":\"EntryPoint\",\"urlTemplate\":\"https:\/\/experienciadevida.com.ar\/portalurbano\/?s={search_term_string}\"},\"query-input\":\"required name=search_term_string\"}],\"inLanguage\":\"es\"},{\"@type\":\"Organization\",\"@id\":\"https:\/\/experienciadevida.com.ar\/portalurbano\/#organization\",\"name\":\"Portal Urbano\",\"url\":\"https:\/\/experienciadevida.com.ar\/portalurbano\/\",\"logo\":{\"@type\":\"ImageObject\",\"inLanguage\":\"es\",\"@id\":\"https:\/\/experienciadevida.com.ar\/portalurbano\/#\/schema\/logo\/image\/\",\"url\":\"https:\/\/experienciadevida.com.ar\/portalurbano\/wp-content\/uploads\/2019\/09\/Logo-Original.png\",\"contentUrl\":\"https:\/\/experienciadevida.com.ar\/portalurbano\/wp-content\/uploads\/2019\/09\/Logo-Original.png\",\"width\":2236,\"height\":1216,\"caption\":\"Portal Urbano\"},\"image\":{\"@id\":\"https:\/\/experienciadevida.com.ar\/portalurbano\/#\/schema\/logo\/image\/\"},\"sameAs\":[\"https:\/\/www.facebook.com\/Portal-Urbano-171542830093757\/\",\"https:\/\/twitter.com\/portalurbanook\",\"https:\/\/www.instagram.com\/_portalurbano\/\",\"https:\/\/www.youtube.com\/channel\/UCXhagIfszH8KxFiOok79zbA?view_as=subscriber\"]},{\"@type\":\"Person\",\"@id\":\"https:\/\/experienciadevida.com.ar\/portalurbano\/#\/schema\/person\/02dd326b1c4b056e9cc972486934a3a7\",\"name\":\"admpu17wp\",\"image\":{\"@type\":\"ImageObject\",\"inLanguage\":\"es\",\"@id\":\"https:\/\/experienciadevida.com.ar\/portalurbano\/#\/schema\/person\/image\/\",\"url\":\"https:\/\/secure.gravatar.com\/avatar\/830d4c57adaae6630765e449a6908047?s=96&d=mm&r=g\",\"contentUrl\":\"https:\/\/secure.gravatar.com\/avatar\/830d4c57adaae6630765e449a6908047?s=96&d=mm&r=g\",\"caption\":\"admpu17wp\"}}]}<\/script>\n<!-- \/ Yoast SEO plugin. -->","yoast_head_json":{"title":"Informe semanal de tr\u00e1nsito: Se realizaron 44 actas, retuvieron 6 veh\u00edculos","description":"Informe Semanal de Tr\u00e1nsito: Se realizaron 44 actas, se retuvieron 6 veh\u00edculos y 2 licencias de conducir, as\u00ed lo inform\u00f3 el Municipio","robots":{"index":"index","follow":"follow","max-snippet":"max-snippet:-1","max-image-preview":"max-image-preview:large","max-video-preview":"max-video-preview:-1"},"canonical":"https:\/\/experienciadevida.com.ar\/portalurbano\/informe-semanal-de-transito-se-realizaron-44-actas-se-retuvieron-6-vehiculos-y-2-licencias-de-conducir\/","og_locale":"es_ES","og_type":"article","og_title":"Informe semanal de tr\u00e1nsito: Se realizaron 44 actas, retuvieron 6 veh\u00edculos","og_description":"Informe Semanal de Tr\u00e1nsito: Se realizaron 44 actas, se retuvieron 6 veh\u00edculos y 2 licencias de conducir, as\u00ed lo inform\u00f3 el Municipio","og_url":"https:\/\/experienciadevida.com.ar\/portalurbano\/informe-semanal-de-transito-se-realizaron-44-actas-se-retuvieron-6-vehiculos-y-2-licencias-de-conducir\/","article_publisher":"https:\/\/www.facebook.com\/Portal-Urbano-171542830093757\/","article_published_time":"2021-08-24T13:52:57+00:00","article_modified_time":"2021-08-24T13:54:46+00:00","og_image":[{"width":765,"height":510,"url":"https:\/\/experienciadevida.com.ar\/portalurbano\/wp-content\/uploads\/2019\/07\/TRANSITO-e1563293721132.jpg","type":"image\/jpeg"}],"author":"admpu17wp","twitter_card":"summary_large_image","twitter_creator":"@portalurbanook","twitter_site":"@portalurbanook","twitter_misc":{"Escrito por":"admpu17wp","Tiempo de lectura":"2 minutos"},"schema":{"@context":"https:\/\/schema.org","@graph":[{"@type":"Article","@id":"https:\/\/experienciadevida.com.ar\/portalurbano\/informe-semanal-de-transito-se-realizaron-44-actas-se-retuvieron-6-vehiculos-y-2-licencias-de-conducir\/#article","isPartOf":{"@id":"https:\/\/experienciadevida.com.ar\/portalurbano\/informe-semanal-de-transito-se-realizaron-44-actas-se-retuvieron-6-vehiculos-y-2-licencias-de-conducir\/"},"author":{"name":"admpu17wp","@id":"https:\/\/experienciadevida.com.ar\/portalurbano\/#\/schema\/person\/02dd326b1c4b056e9cc972486934a3a7"},"headline":"Informe Semanal de Tr\u00e1nsito: Se realizaron 44 actas, se retuvieron 6 veh\u00edculos y 2 licencias de conducir","datePublished":"2021-08-24T13:52:57+00:00","dateModified":"2021-08-24T13:54:46+00:00","mainEntityOfPage":{"@id":"https:\/\/experienciadevida.com.ar\/portalurbano\/informe-semanal-de-transito-se-realizaron-44-actas-se-retuvieron-6-vehiculos-y-2-licencias-de-conducir\/"},"wordCount":356,"publisher":{"@id":"https:\/\/experienciadevida.com.ar\/portalurbano\/#organization"},"articleSection":["Ciudad","Destacadas 2"],"inLanguage":"es"},{"@type":"WebPage","@id":"https:\/\/experienciadevida.com.ar\/portalurbano\/informe-semanal-de-transito-se-realizaron-44-actas-se-retuvieron-6-vehiculos-y-2-licencias-de-conducir\/","url":"https:\/\/experienciadevida.com.ar\/portalurbano\/informe-semanal-de-transito-se-realizaron-44-actas-se-retuvieron-6-vehiculos-y-2-licencias-de-conducir\/","name":"Informe semanal de tr\u00e1nsito: Se realizaron 44 actas, retuvieron 6 veh\u00edculos","isPartOf":{"@id":"https:\/\/experienciadevida.com.ar\/portalurbano\/#website"},"datePublished":"2021-08-24T13:52:57+00:00","dateModified":"2021-08-24T13:54:46+00:00","description":"Informe Semanal de Tr\u00e1nsito: Se realizaron 44 actas, se retuvieron 6 veh\u00edculos y 2 licencias de conducir, as\u00ed lo inform\u00f3 el Municipio","breadcrumb":{"@id":"https:\/\/experienciadevida.com.ar\/portalurbano\/informe-semanal-de-transito-se-realizaron-44-actas-se-retuvieron-6-vehiculos-y-2-licencias-de-conducir\/#breadcrumb"},"inLanguage":"es","potentialAction":[{"@type":"ReadAction","target":["https:\/\/experienciadevida.com.ar\/portalurbano\/informe-semanal-de-transito-se-realizaron-44-actas-se-retuvieron-6-vehiculos-y-2-licencias-de-conducir\/"]}]},{"@type":"BreadcrumbList","@id":"https:\/\/experienciadevida.com.ar\/portalurbano\/informe-semanal-de-transito-se-realizaron-44-actas-se-retuvieron-6-vehiculos-y-2-licencias-de-conducir\/#breadcrumb","itemListElement":[{"@type":"ListItem","position":1,"name":"Portada","item":"https:\/\/experienciadevida.com.ar\/portalurbano\/"},{"@type":"ListItem","position":2,"name":"Informe Semanal de Tr\u00e1nsito: Se realizaron 44 actas, se retuvieron 6 veh\u00edculos y 2 licencias de conducir"}]},{"@type":"WebSite","@id":"https:\/\/experienciadevida.com.ar\/portalurbano\/#website","url":"https:\/\/experienciadevida.com.ar\/portalurbano\/","name":"","description":"","publisher":{"@id":"https:\/\/experienciadevida.com.ar\/portalurbano\/#organization"},"potentialAction":[{"@type":"SearchAction","target":{"@type":"EntryPoint","urlTemplate":"https:\/\/experienciadevida.com.ar\/portalurbano\/?s={search_term_string}"},"query-input":"required name=search_term_string"}],"inLanguage":"es"},{"@type":"Organization","@id":"https:\/\/experienciadevida.com.ar\/portalurbano\/#organization","name":"Portal Urbano","url":"https:\/\/experienciadevida.com.ar\/portalurbano\/","logo":{"@type":"ImageObject","inLanguage":"es","@id":"https:\/\/experienciadevida.com.ar\/portalurbano\/#\/schema\/logo\/image\/","url":"https:\/\/experienciadevida.com.ar\/portalurbano\/wp-content\/uploads\/2019\/09\/Logo-Original.png","contentUrl":"https:\/\/experienciadevida.com.ar\/portalurbano\/wp-content\/uploads\/2019\/09\/Logo-Original.png","width":2236,"height":1216,"caption":"Portal Urbano"},"image":{"@id":"https:\/\/experienciadevida.com.ar\/portalurbano\/#\/schema\/logo\/image\/"},"sameAs":["https:\/\/www.facebook.com\/Portal-Urbano-171542830093757\/","https:\/\/twitter.com\/portalurbanook","https:\/\/www.instagram.com\/_portalurbano\/","https:\/\/www.youtube.com\/channel\/UCXhagIfszH8KxFiOok79zbA?view_as=subscriber"]},{"@type":"Person","@id":"https:\/\/experienciadevida.com.ar\/portalurbano\/#\/schema\/person\/02dd326b1c4b056e9cc972486934a3a7","name":"admpu17wp","image":{"@type":"ImageObject","inLanguage":"es","@id":"https:\/\/experienciadevida.com.ar\/portalurbano\/#\/schema\/person\/image\/","url":"https:\/\/secure.gravatar.com\/avatar\/830d4c57adaae6630765e449a6908047?s=96&d=mm&r=g","contentUrl":"https:\/\/secure.gravatar.com\/avatar\/830d4c57adaae6630765e449a6908047?s=96&d=mm&r=g","caption":"admpu17wp"}}]}},"featured_image_urls":{"full":["https:\/\/experienciadevida.com.ar\/portalurbano\/wp-content\/uploads\/2019\/07\/TRANSITO-e1563293721132.jpg",765,510,false],"thumbnail":["https:\/\/experienciadevida.com.ar\/portalurbano\/wp-content\/uploads\/2019\/07\/TRANSITO-150x150.jpg",150,150,true],"medium":["https:\/\/experienciadevida.com.ar\/portalurbano\/wp-content\/uploads\/2019\/07\/TRANSITO-300x200.jpg",300,200,true],"medium_large":["https:\/\/experienciadevida.com.ar\/portalurbano\/wp-content\/uploads\/2019\/07\/TRANSITO-768x512.jpg",640,427,true],"large":["https:\/\/experienciadevida.com.ar\/portalurbano\/wp-content\/uploads\/2019\/07\/TRANSITO-1024x682.jpg",640,426,true],"ug_big":["https:\/\/experienciadevida.com.ar\/portalurbano\/wp-content\/uploads\/2019\/07\/TRANSITO-768x512.jpg",768,512,true],"1536x1536":["https:\/\/experienciadevida.com.ar\/portalurbano\/wp-content\/uploads\/2019\/07\/TRANSITO-e1563293721132.jpg",765,510,false],"2048x2048":["https:\/\/experienciadevida.com.ar\/portalurbano\/wp-content\/uploads\/2019\/07\/TRANSITO-e1563293721132.jpg",765,510,false],"newsever-slider-full":["https:\/\/experienciadevida.com.ar\/portalurbano\/wp-content\/uploads\/2019\/07\/TRANSITO-e1563293721132.jpg",765,510,false],"newsever-featured":["https:\/\/experienciadevida.com.ar\/portalurbano\/wp-content\/uploads\/2019\/07\/TRANSITO-e1563293721132.jpg",765,510,false],"newsever-medium":["https:\/\/experienciadevida.com.ar\/portalurbano\/wp-content\/uploads\/2019\/07\/TRANSITO-e1563293721132.jpg",713,475,false],"web-stories-poster-portrait":["https:\/\/experienciadevida.com.ar\/portalurbano\/wp-content\/uploads\/2019\/07\/TRANSITO-e1563293721132.jpg",640,427,false],"web-stories-publisher-logo":["https:\/\/experienciadevida.com.ar\/portalurbano\/wp-content\/uploads\/2019\/07\/TRANSITO-e1563293721132.jpg",96,64,false],"web-stories-thumbnail":["https:\/\/experienciadevida.com.ar\/portalurbano\/wp-content\/uploads\/2019\/07\/TRANSITO-e1563293721132.jpg",150,100,false]},"author_info":{"display_name":"admpu17wp","author_link":"https:\/\/experienciadevida.com.ar\/portalurbano\/author\/admpu17wp\/"},"category_info":"<a href=\"https:\/\/experienciadevida.com.ar\/portalurbano\/category\/ciudad\/\" rel=\"category tag\">Ciudad<\/a> <a href=\"https:\/\/experienciadevida.com.ar\/portalurbano\/category\/destacadas-2\/\" rel=\"category tag\">Destacadas 2<\/a>","tag_info":"Destacadas 2","comment_count":"0","amp_enabled":true,"_links":{"self":[{"href":"https:\/\/experienciadevida.com.ar\/portalurbano\/wp-json\/wp\/v2\/posts\/150949"}],"collection":[{"href":"https:\/\/experienciadevida.com.ar\/portalurbano\/wp-json\/wp\/v2\/posts"}],"about":[{"href":"https:\/\/experienciadevida.com.ar\/portalurbano\/wp-json\/wp\/v2\/types\/post"}],"author":[{"embeddable":true,"href":"https:\/\/experienciadevida.com.ar\/portalurbano\/wp-json\/wp\/v2\/users\/1"}],"replies":[{"embeddable":true,"href":"https:\/\/experienciadevida.com.ar\/portalurbano\/wp-json\/wp\/v2\/comments?post=150949"}],"version-history":[{"count":3,"href":"https:\/\/experienciadevida.com.ar\/portalurbano\/wp-json\/wp\/v2\/posts\/150949\/revisions"}],"predecessor-version":[{"id":150952,"href":"https:\/\/experienciadevida.com.ar\/portalurbano\/wp-json\/wp\/v2\/posts\/150949\/revisions\/150952"}],"wp:featuredmedia":[{"embeddable":true,"href":"https:\/\/experienciadevida.com.ar\/portalurbano\/wp-json\/wp\/v2\/media\/77598"}],"wp:attachment":[{"href":"https:\/\/experienciadevida.com.ar\/portalurbano\/wp-json\/wp\/v2\/media?parent=150949"}],"wp:term":[{"taxonomy":"category","embeddable":true,"href":"https:\/\/experienciadevida.com.ar\/portalurbano\/wp-json\/wp\/v2\/categories?post=150949"},{"taxonomy":"post_tag","embeddable":true,"href":"https:\/\/experienciadevida.com.ar\/portalurbano\/wp-json\/wp\/v2\/tags?post=150949"}],"curies":[{"name":"wp","href":"https:\/\/api.w.org\/{rel}","templated":true}]}}