{"id":150931,"date":"2021-08-23T19:41:49","date_gmt":"2021-08-23T22:41:49","guid":{"rendered":"https:\/\/experienciadevida.com.ar\/portalurbano\/?p=150931"},"modified":"2021-08-23T19:44:08","modified_gmt":"2021-08-23T22:44:08","slug":"de-manera-oficial-se-extendio-el-horario-de-la-nocturnidad-hasta-las-3-de-la-manana","status":"publish","type":"post","link":"https:\/\/experienciadevida.com.ar\/portalurbano\/de-manera-oficial-se-extendio-el-horario-de-la-nocturnidad-hasta-las-3-de-la-manana\/","title":{"rendered":"De manera oficial se extendi\u00f3 el horario de la nocturnidad hasta las 3 de la ma\u00f1ana"},"content":{"rendered":"<p>De manera oficial se extendi\u00f3 el horario de la nocturnidad hasta las 3 de la ma\u00f1ana, fue en la jornada de este lunes, el <a href=\"https:\/\/www.facebook.com\/galliezequiel\">Intendente<\/a> Municipal firm\u00f3 un nuevo decreto dispuesto por la resoluci\u00f3n de la jefatura de gabinete de Ministros de la provincia de Buenos Aires, que deja sin efecto el sistema de fases.<\/p>\n<p>Por lo que la positividad de los testeos realizados en el territorio del partido que disminuy\u00f3 exponencialmente\u00a0 y sostenidamente durante los \u00faltimos 30 d\u00edas. Adem\u00e1s en el modo en que ha evolucionado la pandemia en el territorio corresponde adoptar medidas acordes con las nuevas disposiciones establecidas que extienden el horario de determinadas actividades comerciales y habilitan la realizaci\u00f3n de eventos masivos.<\/p>\n<p>De manera oficial se extendi\u00f3 el horario de la nocturnidad hasta las 3 de la ma\u00f1ana, Es oportuno resaltar a la comunidad la importancia del distanciamiento social, lavado de manos, uso del barbijo, estornudar o toser en el pliegue del codo para poder continuar avanzando hacia una relativa normalidad es fundamental continuar con los cuidados recomendados y no relajar las normas establecidas para combatir esta pandemia.<\/p>\n<p>El decreto menciona que se habilita hasta las tres de la ma\u00f1ana desde la fecha hasta el primero de octubre los kioskos, salas cinematogr\u00e1ficas que podr\u00e1n funcionar sujetas al correspondiente protocolo y con el 50% del aforo.<\/p>\n<p>Adem\u00e1s, las salas de bingo, podr\u00e1 funcionar sujeto al protocolo que establece el 30% de aforo, as\u00ed como tambi\u00e9n los salones de fiestas\u00a0 y establecimientos afines con un aforo del 50% de su capacidad.<\/p>\n<p>Por otro lado funcionar\u00e1n hasta las 3 de la ma\u00f1ana los servicios de comida y bebidas para consumo en locales gastron\u00f3micos y &#8220;food trucks&#8221; al aire libre. Los locales gastron\u00f3micos en lugares cerrados podr\u00e1n funcionar con un aforo del 70% de la capacidad.<\/p>\n<p>Todas ellas deber\u00e1n funcionar conforme con los protocolos de bioseguridad establecidos continuando con el uso obligatorio del barbijo y respetando el distanciamiento social que no podr\u00e1 ser inferior a los dos metros.<\/p>\n<p>&nbsp;<\/p>\n","protected":false},"excerpt":{"rendered":"<p>De manera oficial se extendi\u00f3 el horario de la nocturnidad hasta las 3 de la&#8230;<\/p>\n","protected":false},"author":1,"featured_media":132524,"comment_status":"closed","ping_status":"closed","sticky":false,"template":"","format":"standard","meta":{"content-type":""},"categories":[27,64],"tags":[],"nelio_content":{"isAutoShareEnabled":false,"autoShareEndMode":"default","automationSources":{"useContentSentences":true,"useSocialTemplates":true,"useCustomSentences":false,"customSentences":[]},"followers":[1],"suggestedReferences":[],"includedReferences":[],"efiUrl":"","efiAlt":"","highlights":[]},"yoast_head":"<!-- This site is optimized with the Yoast SEO plugin v20.7 - https:\/\/yoast.com\/wordpress\/plugins\/seo\/ -->\n<title>De manera oficial se extendi\u00f3 el horario de la nocturnidad hasta las 3<\/title>\n<meta name=\"description\" content=\"De manera oficial se extendi\u00f3 el horario de la nocturnidad hasta las 3 de la ma\u00f1ana, fue en la jornada de este lunes Galli firm\u00f3 un decreto.\" \/>\n<meta name=\"robots\" content=\"index, follow, max-snippet:-1, max-image-preview:large, max-video-preview:-1\" \/>\n<link rel=\"canonical\" href=\"https:\/\/experienciadevida.com.ar\/portalurbano\/de-manera-oficial-se-extendio-el-horario-de-la-nocturnidad-hasta-las-3-de-la-manana\/\" \/>\n<meta property=\"og:locale\" content=\"es_ES\" \/>\n<meta property=\"og:type\" content=\"article\" \/>\n<meta property=\"og:title\" content=\"De manera oficial se extendi\u00f3 el horario de la nocturnidad hasta las 3\" \/>\n<meta property=\"og:description\" content=\"De manera oficial se extendi\u00f3 el horario de la nocturnidad hasta las 3 de la ma\u00f1ana, fue en la jornada de este lunes Galli firm\u00f3 un decreto.\" \/>\n<meta property=\"og:url\" content=\"https:\/\/experienciadevida.com.ar\/portalurbano\/de-manera-oficial-se-extendio-el-horario-de-la-nocturnidad-hasta-las-3-de-la-manana\/\" \/>\n<meta property=\"article:publisher\" content=\"https:\/\/www.facebook.com\/Portal-Urbano-171542830093757\/\" \/>\n<meta property=\"article:published_time\" content=\"2021-08-23T22:41:49+00:00\" \/>\n<meta property=\"article:modified_time\" content=\"2021-08-23T22:44:08+00:00\" \/>\n<meta property=\"og:image\" content=\"https:\/\/experienciadevida.com.ar\/portalurbano\/wp-content\/uploads\/2021\/01\/Restriccion-nocturna9.jpg\" \/>\n\t<meta property=\"og:image:width\" content=\"765\" \/>\n\t<meta property=\"og:image:height\" content=\"485\" \/>\n\t<meta property=\"og:image:type\" content=\"image\/jpeg\" \/>\n<meta name=\"author\" content=\"admpu17wp\" \/>\n<meta name=\"twitter:card\" content=\"summary_large_image\" \/>\n<meta name=\"twitter:creator\" content=\"@portalurbanook\" \/>\n<meta name=\"twitter:site\" content=\"@portalurbanook\" \/>\n<meta name=\"twitter:label1\" content=\"Escrito por\" \/>\n\t<meta name=\"twitter:data1\" content=\"admpu17wp\" \/>\n\t<meta name=\"twitter:label2\" content=\"Tiempo de lectura\" \/>\n\t<meta name=\"twitter:data2\" content=\"2 minutos\" \/>\n<script type=\"application\/ld+json\" class=\"yoast-schema-graph\">{\"@context\":\"https:\/\/schema.org\",\"@graph\":[{\"@type\":\"Article\",\"@id\":\"https:\/\/experienciadevida.com.ar\/portalurbano\/de-manera-oficial-se-extendio-el-horario-de-la-nocturnidad-hasta-las-3-de-la-manana\/#article\",\"isPartOf\":{\"@id\":\"https:\/\/experienciadevida.com.ar\/portalurbano\/de-manera-oficial-se-extendio-el-horario-de-la-nocturnidad-hasta-las-3-de-la-manana\/\"},\"author\":{\"name\":\"admpu17wp\",\"@id\":\"https:\/\/experienciadevida.com.ar\/portalurbano\/#\/schema\/person\/02dd326b1c4b056e9cc972486934a3a7\"},\"headline\":\"De manera oficial se extendi\u00f3 el horario de la nocturnidad hasta las 3 de la ma\u00f1ana\",\"datePublished\":\"2021-08-23T22:41:49+00:00\",\"dateModified\":\"2021-08-23T22:44:08+00:00\",\"mainEntityOfPage\":{\"@id\":\"https:\/\/experienciadevida.com.ar\/portalurbano\/de-manera-oficial-se-extendio-el-horario-de-la-nocturnidad-hasta-las-3-de-la-manana\/\"},\"wordCount\":354,\"publisher\":{\"@id\":\"https:\/\/experienciadevida.com.ar\/portalurbano\/#organization\"},\"articleSection\":[\"Ciudad\",\"Destacadas 2\"],\"inLanguage\":\"es\"},{\"@type\":\"WebPage\",\"@id\":\"https:\/\/experienciadevida.com.ar\/portalurbano\/de-manera-oficial-se-extendio-el-horario-de-la-nocturnidad-hasta-las-3-de-la-manana\/\",\"url\":\"https:\/\/experienciadevida.com.ar\/portalurbano\/de-manera-oficial-se-extendio-el-horario-de-la-nocturnidad-hasta-las-3-de-la-manana\/\",\"name\":\"De manera oficial se extendi\u00f3 el horario de la nocturnidad hasta las 3\",\"isPartOf\":{\"@id\":\"https:\/\/experienciadevida.com.ar\/portalurbano\/#website\"},\"datePublished\":\"2021-08-23T22:41:49+00:00\",\"dateModified\":\"2021-08-23T22:44:08+00:00\",\"description\":\"De manera oficial se extendi\u00f3 el horario de la nocturnidad hasta las 3 de la ma\u00f1ana, fue en la jornada de este lunes Galli firm\u00f3 un decreto.\",\"breadcrumb\":{\"@id\":\"https:\/\/experienciadevida.com.ar\/portalurbano\/de-manera-oficial-se-extendio-el-horario-de-la-nocturnidad-hasta-las-3-de-la-manana\/#breadcrumb\"},\"inLanguage\":\"es\",\"potentialAction\":[{\"@type\":\"ReadAction\",\"target\":[\"https:\/\/experienciadevida.com.ar\/portalurbano\/de-manera-oficial-se-extendio-el-horario-de-la-nocturnidad-hasta-las-3-de-la-manana\/\"]}]},{\"@type\":\"BreadcrumbList\",\"@id\":\"https:\/\/experienciadevida.com.ar\/portalurbano\/de-manera-oficial-se-extendio-el-horario-de-la-nocturnidad-hasta-las-3-de-la-manana\/#breadcrumb\",\"itemListElement\":[{\"@type\":\"ListItem\",\"position\":1,\"name\":\"Portada\",\"item\":\"https:\/\/experienciadevida.com.ar\/portalurbano\/\"},{\"@type\":\"ListItem\",\"position\":2,\"name\":\"De manera oficial se extendi\u00f3 el horario de la nocturnidad hasta las 3 de la ma\u00f1ana\"}]},{\"@type\":\"WebSite\",\"@id\":\"https:\/\/experienciadevida.com.ar\/portalurbano\/#website\",\"url\":\"https:\/\/experienciadevida.com.ar\/portalurbano\/\",\"name\":\"\",\"description\":\"\",\"publisher\":{\"@id\":\"https:\/\/experienciadevida.com.ar\/portalurbano\/#organization\"},\"potentialAction\":[{\"@type\":\"SearchAction\",\"target\":{\"@type\":\"EntryPoint\",\"urlTemplate\":\"https:\/\/experienciadevida.com.ar\/portalurbano\/?s={search_term_string}\"},\"query-input\":\"required name=search_term_string\"}],\"inLanguage\":\"es\"},{\"@type\":\"Organization\",\"@id\":\"https:\/\/experienciadevida.com.ar\/portalurbano\/#organization\",\"name\":\"Portal Urbano\",\"url\":\"https:\/\/experienciadevida.com.ar\/portalurbano\/\",\"logo\":{\"@type\":\"ImageObject\",\"inLanguage\":\"es\",\"@id\":\"https:\/\/experienciadevida.com.ar\/portalurbano\/#\/schema\/logo\/image\/\",\"url\":\"https:\/\/experienciadevida.com.ar\/portalurbano\/wp-content\/uploads\/2019\/09\/Logo-Original.png\",\"contentUrl\":\"https:\/\/experienciadevida.com.ar\/portalurbano\/wp-content\/uploads\/2019\/09\/Logo-Original.png\",\"width\":2236,\"height\":1216,\"caption\":\"Portal Urbano\"},\"image\":{\"@id\":\"https:\/\/experienciadevida.com.ar\/portalurbano\/#\/schema\/logo\/image\/\"},\"sameAs\":[\"https:\/\/www.facebook.com\/Portal-Urbano-171542830093757\/\",\"https:\/\/twitter.com\/portalurbanook\",\"https:\/\/www.instagram.com\/_portalurbano\/\",\"https:\/\/www.youtube.com\/channel\/UCXhagIfszH8KxFiOok79zbA?view_as=subscriber\"]},{\"@type\":\"Person\",\"@id\":\"https:\/\/experienciadevida.com.ar\/portalurbano\/#\/schema\/person\/02dd326b1c4b056e9cc972486934a3a7\",\"name\":\"admpu17wp\",\"image\":{\"@type\":\"ImageObject\",\"inLanguage\":\"es\",\"@id\":\"https:\/\/experienciadevida.com.ar\/portalurbano\/#\/schema\/person\/image\/\",\"url\":\"https:\/\/secure.gravatar.com\/avatar\/830d4c57adaae6630765e449a6908047?s=96&d=mm&r=g\",\"contentUrl\":\"https:\/\/secure.gravatar.com\/avatar\/830d4c57adaae6630765e449a6908047?s=96&d=mm&r=g\",\"caption\":\"admpu17wp\"}}]}<\/script>\n<!-- \/ Yoast SEO plugin. -->","yoast_head_json":{"title":"De manera oficial se extendi\u00f3 el horario de la nocturnidad hasta las 3","description":"De manera oficial se extendi\u00f3 el horario de la nocturnidad hasta las 3 de la ma\u00f1ana, fue en la jornada de este lunes Galli firm\u00f3 un decreto.","robots":{"index":"index","follow":"follow","max-snippet":"max-snippet:-1","max-image-preview":"max-image-preview:large","max-video-preview":"max-video-preview:-1"},"canonical":"https:\/\/experienciadevida.com.ar\/portalurbano\/de-manera-oficial-se-extendio-el-horario-de-la-nocturnidad-hasta-las-3-de-la-manana\/","og_locale":"es_ES","og_type":"article","og_title":"De manera oficial se extendi\u00f3 el horario de la nocturnidad hasta las 3","og_description":"De manera oficial se extendi\u00f3 el horario de la nocturnidad hasta las 3 de la ma\u00f1ana, fue en la jornada de este lunes Galli firm\u00f3 un decreto.","og_url":"https:\/\/experienciadevida.com.ar\/portalurbano\/de-manera-oficial-se-extendio-el-horario-de-la-nocturnidad-hasta-las-3-de-la-manana\/","article_publisher":"https:\/\/www.facebook.com\/Portal-Urbano-171542830093757\/","article_published_time":"2021-08-23T22:41:49+00:00","article_modified_time":"2021-08-23T22:44:08+00:00","og_image":[{"width":765,"height":485,"url":"https:\/\/experienciadevida.com.ar\/portalurbano\/wp-content\/uploads\/2021\/01\/Restriccion-nocturna9.jpg","type":"image\/jpeg"}],"author":"admpu17wp","twitter_card":"summary_large_image","twitter_creator":"@portalurbanook","twitter_site":"@portalurbanook","twitter_misc":{"Escrito por":"admpu17wp","Tiempo de lectura":"2 minutos"},"schema":{"@context":"https:\/\/schema.org","@graph":[{"@type":"Article","@id":"https:\/\/experienciadevida.com.ar\/portalurbano\/de-manera-oficial-se-extendio-el-horario-de-la-nocturnidad-hasta-las-3-de-la-manana\/#article","isPartOf":{"@id":"https:\/\/experienciadevida.com.ar\/portalurbano\/de-manera-oficial-se-extendio-el-horario-de-la-nocturnidad-hasta-las-3-de-la-manana\/"},"author":{"name":"admpu17wp","@id":"https:\/\/experienciadevida.com.ar\/portalurbano\/#\/schema\/person\/02dd326b1c4b056e9cc972486934a3a7"},"headline":"De manera oficial se extendi\u00f3 el horario de la nocturnidad hasta las 3 de la ma\u00f1ana","datePublished":"2021-08-23T22:41:49+00:00","dateModified":"2021-08-23T22:44:08+00:00","mainEntityOfPage":{"@id":"https:\/\/experienciadevida.com.ar\/portalurbano\/de-manera-oficial-se-extendio-el-horario-de-la-nocturnidad-hasta-las-3-de-la-manana\/"},"wordCount":354,"publisher":{"@id":"https:\/\/experienciadevida.com.ar\/portalurbano\/#organization"},"articleSection":["Ciudad","Destacadas 2"],"inLanguage":"es"},{"@type":"WebPage","@id":"https:\/\/experienciadevida.com.ar\/portalurbano\/de-manera-oficial-se-extendio-el-horario-de-la-nocturnidad-hasta-las-3-de-la-manana\/","url":"https:\/\/experienciadevida.com.ar\/portalurbano\/de-manera-oficial-se-extendio-el-horario-de-la-nocturnidad-hasta-las-3-de-la-manana\/","name":"De manera oficial se extendi\u00f3 el horario de la nocturnidad hasta las 3","isPartOf":{"@id":"https:\/\/experienciadevida.com.ar\/portalurbano\/#website"},"datePublished":"2021-08-23T22:41:49+00:00","dateModified":"2021-08-23T22:44:08+00:00","description":"De manera oficial se extendi\u00f3 el horario de la nocturnidad hasta las 3 de la ma\u00f1ana, fue en la jornada de este lunes Galli firm\u00f3 un decreto.","breadcrumb":{"@id":"https:\/\/experienciadevida.com.ar\/portalurbano\/de-manera-oficial-se-extendio-el-horario-de-la-nocturnidad-hasta-las-3-de-la-manana\/#breadcrumb"},"inLanguage":"es","potentialAction":[{"@type":"ReadAction","target":["https:\/\/experienciadevida.com.ar\/portalurbano\/de-manera-oficial-se-extendio-el-horario-de-la-nocturnidad-hasta-las-3-de-la-manana\/"]}]},{"@type":"BreadcrumbList","@id":"https:\/\/experienciadevida.com.ar\/portalurbano\/de-manera-oficial-se-extendio-el-horario-de-la-nocturnidad-hasta-las-3-de-la-manana\/#breadcrumb","itemListElement":[{"@type":"ListItem","position":1,"name":"Portada","item":"https:\/\/experienciadevida.com.ar\/portalurbano\/"},{"@type":"ListItem","position":2,"name":"De manera oficial se extendi\u00f3 el horario de la nocturnidad hasta las 3 de la ma\u00f1ana"}]},{"@type":"WebSite","@id":"https:\/\/experienciadevida.com.ar\/portalurbano\/#website","url":"https:\/\/experienciadevida.com.ar\/portalurbano\/","name":"","description":"","publisher":{"@id":"https:\/\/experienciadevida.com.ar\/portalurbano\/#organization"},"potentialAction":[{"@type":"SearchAction","target":{"@type":"EntryPoint","urlTemplate":"https:\/\/experienciadevida.com.ar\/portalurbano\/?s={search_term_string}"},"query-input":"required name=search_term_string"}],"inLanguage":"es"},{"@type":"Organization","@id":"https:\/\/experienciadevida.com.ar\/portalurbano\/#organization","name":"Portal Urbano","url":"https:\/\/experienciadevida.com.ar\/portalurbano\/","logo":{"@type":"ImageObject","inLanguage":"es","@id":"https:\/\/experienciadevida.com.ar\/portalurbano\/#\/schema\/logo\/image\/","url":"https:\/\/experienciadevida.com.ar\/portalurbano\/wp-content\/uploads\/2019\/09\/Logo-Original.png","contentUrl":"https:\/\/experienciadevida.com.ar\/portalurbano\/wp-content\/uploads\/2019\/09\/Logo-Original.png","width":2236,"height":1216,"caption":"Portal Urbano"},"image":{"@id":"https:\/\/experienciadevida.com.ar\/portalurbano\/#\/schema\/logo\/image\/"},"sameAs":["https:\/\/www.facebook.com\/Portal-Urbano-171542830093757\/","https:\/\/twitter.com\/portalurbanook","https:\/\/www.instagram.com\/_portalurbano\/","https:\/\/www.youtube.com\/channel\/UCXhagIfszH8KxFiOok79zbA?view_as=subscriber"]},{"@type":"Person","@id":"https:\/\/experienciadevida.com.ar\/portalurbano\/#\/schema\/person\/02dd326b1c4b056e9cc972486934a3a7","name":"admpu17wp","image":{"@type":"ImageObject","inLanguage":"es","@id":"https:\/\/experienciadevida.com.ar\/portalurbano\/#\/schema\/person\/image\/","url":"https:\/\/secure.gravatar.com\/avatar\/830d4c57adaae6630765e449a6908047?s=96&d=mm&r=g","contentUrl":"https:\/\/secure.gravatar.com\/avatar\/830d4c57adaae6630765e449a6908047?s=96&d=mm&r=g","caption":"admpu17wp"}}]}},"featured_image_urls":{"full":["https:\/\/experienciadevida.com.ar\/portalurbano\/wp-content\/uploads\/2021\/01\/Restriccion-nocturna9.jpg",765,485,false],"thumbnail":["https:\/\/experienciadevida.com.ar\/portalurbano\/wp-content\/uploads\/2021\/01\/Restriccion-nocturna9-150x150.jpg",150,150,true],"medium":["https:\/\/experienciadevida.com.ar\/portalurbano\/wp-content\/uploads\/2021\/01\/Restriccion-nocturna9-300x190.jpg",300,190,true],"medium_large":["https:\/\/experienciadevida.com.ar\/portalurbano\/wp-content\/uploads\/2021\/01\/Restriccion-nocturna9.jpg",640,406,false],"large":["https:\/\/experienciadevida.com.ar\/portalurbano\/wp-content\/uploads\/2021\/01\/Restriccion-nocturna9.jpg",640,406,false],"ug_big":["https:\/\/experienciadevida.com.ar\/portalurbano\/wp-content\/uploads\/2021\/01\/Restriccion-nocturna9.jpg",765,485,false],"1536x1536":["https:\/\/experienciadevida.com.ar\/portalurbano\/wp-content\/uploads\/2021\/01\/Restriccion-nocturna9.jpg",765,485,false],"2048x2048":["https:\/\/experienciadevida.com.ar\/portalurbano\/wp-content\/uploads\/2021\/01\/Restriccion-nocturna9.jpg",765,485,false],"newsever-slider-full":["https:\/\/experienciadevida.com.ar\/portalurbano\/wp-content\/uploads\/2021\/01\/Restriccion-nocturna9.jpg",765,485,false],"newsever-featured":["https:\/\/experienciadevida.com.ar\/portalurbano\/wp-content\/uploads\/2021\/01\/Restriccion-nocturna9.jpg",765,485,false],"newsever-medium":["https:\/\/experienciadevida.com.ar\/portalurbano\/wp-content\/uploads\/2021\/01\/Restriccion-nocturna9.jpg",720,456,false],"web-stories-poster-portrait":["https:\/\/experienciadevida.com.ar\/portalurbano\/wp-content\/uploads\/2021\/01\/Restriccion-nocturna9.jpg",640,406,false],"web-stories-publisher-logo":["https:\/\/experienciadevida.com.ar\/portalurbano\/wp-content\/uploads\/2021\/01\/Restriccion-nocturna9.jpg",96,61,false],"web-stories-thumbnail":["https:\/\/experienciadevida.com.ar\/portalurbano\/wp-content\/uploads\/2021\/01\/Restriccion-nocturna9.jpg",150,95,false]},"author_info":{"display_name":"admpu17wp","author_link":"https:\/\/experienciadevida.com.ar\/portalurbano\/author\/admpu17wp\/"},"category_info":"<a href=\"https:\/\/experienciadevida.com.ar\/portalurbano\/category\/ciudad\/\" rel=\"category tag\">Ciudad<\/a> <a href=\"https:\/\/experienciadevida.com.ar\/portalurbano\/category\/destacadas-2\/\" rel=\"category tag\">Destacadas 2<\/a>","tag_info":"Destacadas 2","comment_count":"0","amp_enabled":true,"_links":{"self":[{"href":"https:\/\/experienciadevida.com.ar\/portalurbano\/wp-json\/wp\/v2\/posts\/150931"}],"collection":[{"href":"https:\/\/experienciadevida.com.ar\/portalurbano\/wp-json\/wp\/v2\/posts"}],"about":[{"href":"https:\/\/experienciadevida.com.ar\/portalurbano\/wp-json\/wp\/v2\/types\/post"}],"author":[{"embeddable":true,"href":"https:\/\/experienciadevida.com.ar\/portalurbano\/wp-json\/wp\/v2\/users\/1"}],"replies":[{"embeddable":true,"href":"https:\/\/experienciadevida.com.ar\/portalurbano\/wp-json\/wp\/v2\/comments?post=150931"}],"version-history":[{"count":3,"href":"https:\/\/experienciadevida.com.ar\/portalurbano\/wp-json\/wp\/v2\/posts\/150931\/revisions"}],"predecessor-version":[{"id":150934,"href":"https:\/\/experienciadevida.com.ar\/portalurbano\/wp-json\/wp\/v2\/posts\/150931\/revisions\/150934"}],"wp:featuredmedia":[{"embeddable":true,"href":"https:\/\/experienciadevida.com.ar\/portalurbano\/wp-json\/wp\/v2\/media\/132524"}],"wp:attachment":[{"href":"https:\/\/experienciadevida.com.ar\/portalurbano\/wp-json\/wp\/v2\/media?parent=150931"}],"wp:term":[{"taxonomy":"category","embeddable":true,"href":"https:\/\/experienciadevida.com.ar\/portalurbano\/wp-json\/wp\/v2\/categories?post=150931"},{"taxonomy":"post_tag","embeddable":true,"href":"https:\/\/experienciadevida.com.ar\/portalurbano\/wp-json\/wp\/v2\/tags?post=150931"}],"curies":[{"name":"wp","href":"https:\/\/api.w.org\/{rel}","templated":true}]}}