{"id":150902,"date":"2021-08-23T13:29:33","date_gmt":"2021-08-23T16:29:33","guid":{"rendered":"https:\/\/experienciadevida.com.ar\/portalurbano\/?p=150902"},"modified":"2021-09-17T17:52:11","modified_gmt":"2021-09-17T20:52:11","slug":"margarita-stolbizer-la-politica-tiene-que-volver-a-ser-una-herramienta-de-transformacion-de-la-realidad","status":"publish","type":"post","link":"https:\/\/experienciadevida.com.ar\/portalurbano\/margarita-stolbizer-la-politica-tiene-que-volver-a-ser-una-herramienta-de-transformacion-de-la-realidad\/","title":{"rendered":"Margarita Stolbizer: &#8220;La pol\u00edtica tiene que volver a ser una herramienta de transformaci\u00f3n de la realidad&#8221;"},"content":{"rendered":"<p>Margarita Stolbizer: &#8220;La pol\u00edtica tiene que volver a ser una herramienta de transformaci\u00f3n de la realidad&#8221;, as\u00ed lo dijo la pre candidata a Diputada Nacional en cuarto lugar por la Lista Dar el Paso.<\/p>\n<p>La primera en tomar la palabra fue la pre candidata a concejal\u00a0 y quien encabeza la lista Bel\u00e9n <a href=\"https:\/\/www.facebook.com\/belenvergel\">Vergel<\/a>, &#8220;muchas gracias por estar y acompa\u00f1arnos, tenemos la presencia hoy de Margarita Stolbizer, quien brindar\u00e1 unas palabras tambi\u00e9n est\u00e1 en la mesa la candidata de la secci\u00f3n electoral, Alejandro Celillo y nuestros candidatos locales a concejales y consejeros escolares&#8221;.<\/p>\n<p><a href=\"https:\/\/experienciadevida.com.ar\/portalurbano\/margarita-stolbizer-la-politica-tiene-que-volver-a-ser-una-herramienta-de-transformacion-de-la-realidad\/margarita-2\/\" rel=\"attachment wp-att-150911\"><img decoding=\"async\" class=\"alignnone size-full wp-image-150911\" src=\"https:\/\/experienciadevida.com.ar\/portalurbano\/wp-content\/uploads\/2021\/08\/Margarita.jpg\" alt=\"Margarita \" width=\"765\" height=\"510\" srcset=\"https:\/\/experienciadevida.com.ar\/portalurbano\/wp-content\/uploads\/2021\/08\/Margarita.jpg 765w, https:\/\/experienciadevida.com.ar\/portalurbano\/wp-content\/uploads\/2021\/08\/Margarita-300x200.jpg 300w\" sizes=\"(max-width: 765px) 100vw, 765px\" \/><\/a><\/p>\n<p>Luego Margarita Stolbizer mencion\u00f3 &#8220;muchas gracias por acompa\u00f1arnos para nosotros este es un momento particularmente importante esta es una secci\u00f3n electoral muy importante y Olavarr\u00eda particularmente lo es, me da un gran gusto venir a acompa\u00f1ar a los candidatos locales y seccionales tambi\u00e9n, pero en particular lo que yo traigo es el mensaje que tiene que ver con nuestra lista nacional y el gran orgullo y la alegr\u00eda que nos da acompa\u00f1ar en esta oportunidad a Facundo Manes. Creo y vengo repitiendo que no vamos a encontrar ninguna novedad pol\u00edtica m\u00e1s importante en todo este proceso que no sea una candidatura como la de Facundo Manes&#8221;.<\/p>\n<p>&#8220;No s\u00f3lo pensando en la elecci\u00f3n PASO sino tambi\u00e9n en la elecci\u00f3n general todo el resto de lo que hay aparece en este momento y en este proceso que\u00a0 es como repetido, ni que hablar yo y lo asumo siempre y digo yo soy dentro de la lista lo m\u00e1s viejito, lo m\u00e1s tradicional pero vengo de alguna manera a integrar una lista que se caracteriza justamente por su composici\u00f3n diversa, pero lo m\u00e1s importante en esta lista es contar con alguien que ha decidido dejar una vida de comodidades de tranquilidad, de prestigio, de reconocimiento para volcar eso en la pol\u00edtica. En un momento sobre todo en que la pol\u00edtica necesita oxigenarse con el afuera, oxigenarse con personas que vengan con la posibilidad de construir la empat\u00eda, la empat\u00eda es poder pararse en los zapatos del otro entender lo que al otro le est\u00e1 pasando y movilizarnos para ver si ayudamos a mejorarle la vida&#8221;.<\/p>\n<p>Por otro lado Margarita Stolbizer dijo , &#8220;la pol\u00edtica tiene que ser eso, venimos de muchos a\u00f1os de fracasos porque las coaliciones electorales se arman para ganar elecciones y no fijan objetivo central, gobernar hacerlo bien y mejorarle la vida a las personas, estamos convencidos que la pol\u00edtica tiene que volver a hacer una herramienta de transformaci\u00f3n de la realidad en la que los beneficiarios de esos resultados no sean los pol\u00edticos sino que los pol\u00edticos seamos los intermediarios para mejorar la vida de las personas. Facundo es adem\u00e1s para nosotros y lo digo trasladando esto hacia una persona que es muy inspiradora sobre todo de lo que es para nosotros un discurso progresista, un posicionamiento pol\u00edtico del progresismo en un momento electoral en el que hace falta poner en valor que significa esta idea del progresismo, porque el progresismo ha sido muy bastardeado muchas veces como concepto y nosotros decimos Facundo nos permite expresarlo en t\u00e9rminos concretos&#8221;.<\/p>\n<p>&#8220;Facundo es esa idea que simb\u00f3licamente nosotros expresamos muchas veces como la movilidad social ascendente, esto quiere decir que es el ni\u00f1o que nace en un hogar de clase media y con el esfuerzo de sus padres y un Estado que brinda una educaci\u00f3n de calidad \u00e9l va a la escuela p\u00fablica, va a la universidad p\u00fablica y llega a ser el m\u00e9dico de prestigio que se forma en el exterior vuelve a la Argentina a dar eso que dio y cumple el sue\u00f1o de los padres que es que el hijo pueda progresar m\u00e1s de lo que ellos hab\u00edan hecho. Ese es el ideal del progresismo que se expresa como movilidad social ascendente es cuando se puede cumplir el sue\u00f1o de los padres de que los hijos tengan esa movilidad\u00a0 y se puedan proyectar mucho m\u00e1s all\u00e1 de lo que ellos consiguieron&#8221;.<\/p>\n<p>A su vez Margarita Stolbizer\u00a0 mencion\u00f3 &#8220;eso es para nosotros tambi\u00e9n el concepto que se expresa\u00a0 a trav\u00e9s del papel del estado hoy vamos a escuchar\u00a0 a muchos de los sectores de la antipol\u00edtica me refiero a Miley, Espert, que pregonan que hay que terminar con el estado y nosotros al contrario creemos que en la b\u00fasqueda de igualdad que todas las personas tengan las mismas posibilidades juega el Estado un papel central, es el estado el que tiene que acompa\u00f1ar\u00a0 a las personas para que todos puedan tener acceso a una igualdad de condiciones a todos sus derechos y se hace a trav\u00e9s de este otro gran concepto que expresa Manes que es la educaci\u00f3n. No hay demasiados secretos, recuperar una educaci\u00f3n de calidad es lo que nos permite encontrar este puente entre la educaci\u00f3n y la empleabilidad&#8221;.<\/p>\n<p>&#8220;La noticia m\u00e1s fuerte que hubo en los \u00faltimos d\u00edas fue de la f\u00e1brica Toyota diciendo que no pod\u00edan encontrar 200 j\u00f3venes con escuelas secundaria que tuvieran la capacidad de comprender un texto del diario, eso es dram\u00e1tico pero esa es la realidad de una Argentina donde tenemos una taza de abandono de la escuela que es alt\u00edsima y los que abandonan la escuela despu\u00e9s no saben donde van a parar y nos acordamos cuando es demasiado tarde. La otra cara de la moneda porque despu\u00e9s hubieron muchas otras empresas, el 70% de las empresas dijo que no consegu\u00eda a los j\u00f3venes con las habilidades que la empresa necesita&#8221;.<\/p>\n<p>Tambi\u00e9n &#8220;la gran discusi\u00f3n es el contenido de la educaci\u00f3n que contenido le estamos dando qu\u00e9 habilidades y conocimientos le estamos dando hoy a nuestros ni\u00f1os para prepararlos para el mundo del trabajo, adem\u00e1s es que los chicos que s\u00ed terminan\u00a0 el colegio secundario y llegan a la universidad no quieren ser operarios de Toyota entonces tenemos el otro gran drama de la argentina hoy que son los j\u00f3venes que se quieren ir del pa\u00eds. Esto es un drama que nos cruza en la\u00a0 actualidad de todos nosotros pero porque esto significa el mayor fracaso como naci\u00f3n, pol\u00edticos porque es la p\u00e9rdida de la identidad y la pertenencia&#8221;.<\/p>\n<p>&#8220;Cuando escuchamos las conversaciones de los j\u00f3venes el que puede terminar la escuela e ir a la universidad se quiere ir del pa\u00eds, y los otros ni siquiera termina. Cuando Facundo habla y pone el centro de la agenda la educaci\u00f3n es porque creemos que solamente discutiendo eso como prioridad de la agenda p\u00fablica vamos a resolver mucho de los problemas que hemos ido acumulando y agravando a lo largo de los a\u00f1os, es la raz\u00f3n por la que nosotros trabajamos con tanto entusiasmo atr\u00e1s de una candidatura como la de Facundo porque lo que el hace es mejorar el nivel de debate, el debate en la Argentina ven\u00eda pobre,\u00a0 el debate no pueden ser las culpas, la herencia&#8221;.<\/p>\n<p>Stolbizer en su discurso expres\u00f3 &#8220;lo que tiene que hacer un gobernante es dejar de llorar por la herencia porque el que acept\u00f3 una candidatura la acepta sin beneficio de inventario lo que quiere decir que se hace cargo de resolver los problemas y lo que debe hacer un gobernante o un pol\u00edtico cuando llega a un lugar, cuando termine es demostrar que dej\u00f3 algo mejor de lo que hab\u00eda recibido y no estar los 4 a\u00f1os quej\u00e1ndose por lo que recibi\u00f3. El desaf\u00edo es mejorar que \u00e9l pudo dejar algo mejor,\u00a0 que es lo que no va a poder hacer el gobernador de la provincia de buenos aires&#8221;.<\/p>\n<p>&#8220;Lo que queremos es poner en valor estas cuestiones, no van a escuchar a Manes hablar mal de nadie, lo van a escuchar siempre hablar con un sentido de futuro, de compromiso esta idea de dar el paso que es inspirador para que otras personas tambi\u00e9n puedan darlo&#8221;.<\/p>\n<p>Margarita Stolbizer dijo &#8220;cuando hablamos de discutir los contenidos de la educaci\u00f3n todos sabemos que las veces que la educaci\u00f3n est\u00e1 en la agenda es porque se discuten los salarios, el inicio de las clases, la infraestructura pero llevamos muchos a\u00f1os sin discutir los contenidos que no los discute el Gobernador, o el Director de escuela de la provincia discutir los contenidos de la educaci\u00f3n nos compromete a todos porque no hay nadie mejor que un Intendente y\u00a0 no se trata de salir a buscar los chicos que dejaron la escuela sino que hay que darle\u00a0 a la escuela los contenidos que hagan que el joven crea que la escuela le sirve. Esa es una discusi\u00f3n que empieza por abajo, es un error cuando se cree que la soluci\u00f3n a problemas estructurales se resuelve con dos funcionarios en un ejecutivo en la superestructura, discutir los contenidos de la educaci\u00f3n como de la justicia se tiene que empezar haciendo desde abajo que son los que conocen cu\u00e1les son los problemas y c\u00f3mo se resuelve&#8221;.<\/p>\n<p><a href=\"https:\/\/experienciadevida.com.ar\/portalurbano\/margarita-stolbizer-la-politica-tiene-que-volver-a-ser-una-herramienta-de-transformacion-de-la-realidad\/stolbizer-2\/\" rel=\"attachment wp-att-150912\"><img decoding=\"async\" class=\"alignnone size-full wp-image-150912\" src=\"https:\/\/experienciadevida.com.ar\/portalurbano\/wp-content\/uploads\/2021\/08\/Stolbizer.jpg\" alt=\"Stolbizer \" width=\"765\" height=\"510\" srcset=\"https:\/\/experienciadevida.com.ar\/portalurbano\/wp-content\/uploads\/2021\/08\/Stolbizer.jpg 765w, https:\/\/experienciadevida.com.ar\/portalurbano\/wp-content\/uploads\/2021\/08\/Stolbizer-300x200.jpg 300w\" sizes=\"(max-width: 765px) 100vw, 765px\" \/><\/a><\/p>\n","protected":false},"excerpt":{"rendered":"<p>Margarita Stolbizer: &#8220;La pol\u00edtica tiene que volver a ser una herramienta de transformaci\u00f3n de la&#8230;<\/p>\n","protected":false},"author":1,"featured_media":150905,"comment_status":"closed","ping_status":"closed","sticky":false,"template":"","format":"standard","meta":{"content-type":""},"categories":[64,43,648],"tags":[],"nelio_content":{"isAutoShareEnabled":false,"autoShareEndMode":"default","automationSources":{"useContentSentences":true,"useSocialTemplates":true,"useCustomSentences":false,"customSentences":[]},"followers":[1],"suggestedReferences":[],"includedReferences":[],"efiUrl":"","efiAlt":"","highlights":[]},"yoast_head":"<!-- This site is optimized with the Yoast SEO plugin v20.7 - https:\/\/yoast.com\/wordpress\/plugins\/seo\/ -->\n<title>Margarita Stolbizer: &quot;La pol\u00edtica tiene herramienta de transfomraci\u00f3n&quot;<\/title>\n<meta name=\"description\" content=\"Margarita Stolbizer: &quot;La pol\u00edtica tiene que volver a ser una herramienta de transformaci\u00f3n de la realidad&quot;, lo dijo en conferencia de prensa\" \/>\n<meta name=\"robots\" content=\"index, follow, max-snippet:-1, max-image-preview:large, max-video-preview:-1\" \/>\n<link rel=\"canonical\" href=\"https:\/\/experienciadevida.com.ar\/portalurbano\/margarita-stolbizer-la-politica-tiene-que-volver-a-ser-una-herramienta-de-transformacion-de-la-realidad\/\" \/>\n<meta property=\"og:locale\" content=\"es_ES\" \/>\n<meta property=\"og:type\" content=\"article\" \/>\n<meta property=\"og:title\" content=\"Margarita Stolbizer: &quot;La pol\u00edtica tiene herramienta de transfomraci\u00f3n&quot;\" \/>\n<meta property=\"og:description\" content=\"Margarita Stolbizer: &quot;La pol\u00edtica tiene que volver a ser una herramienta de transformaci\u00f3n de la realidad&quot;, lo dijo en conferencia de prensa\" \/>\n<meta property=\"og:url\" content=\"https:\/\/experienciadevida.com.ar\/portalurbano\/margarita-stolbizer-la-politica-tiene-que-volver-a-ser-una-herramienta-de-transformacion-de-la-realidad\/\" \/>\n<meta property=\"article:publisher\" content=\"https:\/\/www.facebook.com\/Portal-Urbano-171542830093757\/\" \/>\n<meta property=\"article:published_time\" content=\"2021-08-23T16:29:33+00:00\" \/>\n<meta property=\"article:modified_time\" content=\"2021-09-17T20:52:11+00:00\" \/>\n<meta property=\"og:image\" content=\"https:\/\/experienciadevida.com.ar\/portalurbano\/wp-content\/uploads\/2021\/08\/Margarita-Stolbizer.jpg\" \/>\n\t<meta property=\"og:image:width\" content=\"765\" \/>\n\t<meta property=\"og:image:height\" content=\"510\" \/>\n\t<meta property=\"og:image:type\" content=\"image\/jpeg\" \/>\n<meta name=\"author\" content=\"admpu17wp\" \/>\n<meta name=\"twitter:card\" content=\"summary_large_image\" \/>\n<meta name=\"twitter:creator\" content=\"@portalurbanook\" \/>\n<meta name=\"twitter:site\" content=\"@portalurbanook\" \/>\n<meta name=\"twitter:label1\" content=\"Escrito por\" \/>\n\t<meta name=\"twitter:data1\" content=\"admpu17wp\" \/>\n\t<meta name=\"twitter:label2\" content=\"Tiempo de lectura\" \/>\n\t<meta name=\"twitter:data2\" content=\"7 minutos\" \/>\n<script type=\"application\/ld+json\" class=\"yoast-schema-graph\">{\"@context\":\"https:\/\/schema.org\",\"@graph\":[{\"@type\":\"Article\",\"@id\":\"https:\/\/experienciadevida.com.ar\/portalurbano\/margarita-stolbizer-la-politica-tiene-que-volver-a-ser-una-herramienta-de-transformacion-de-la-realidad\/#article\",\"isPartOf\":{\"@id\":\"https:\/\/experienciadevida.com.ar\/portalurbano\/margarita-stolbizer-la-politica-tiene-que-volver-a-ser-una-herramienta-de-transformacion-de-la-realidad\/\"},\"author\":{\"name\":\"admpu17wp\",\"@id\":\"https:\/\/experienciadevida.com.ar\/portalurbano\/#\/schema\/person\/02dd326b1c4b056e9cc972486934a3a7\"},\"headline\":\"Margarita Stolbizer: &#8220;La pol\u00edtica tiene que volver a ser una herramienta de transformaci\u00f3n de la realidad&#8221;\",\"datePublished\":\"2021-08-23T16:29:33+00:00\",\"dateModified\":\"2021-09-17T20:52:11+00:00\",\"mainEntityOfPage\":{\"@id\":\"https:\/\/experienciadevida.com.ar\/portalurbano\/margarita-stolbizer-la-politica-tiene-que-volver-a-ser-una-herramienta-de-transformacion-de-la-realidad\/\"},\"wordCount\":1574,\"publisher\":{\"@id\":\"https:\/\/experienciadevida.com.ar\/portalurbano\/#organization\"},\"articleSection\":[\"Destacadas 2\",\"Pol\u00edtica\",\"POL\u00cdTICOS EN CAMPA\u00d1A \u2013 PASO 2021\"],\"inLanguage\":\"es\"},{\"@type\":\"WebPage\",\"@id\":\"https:\/\/experienciadevida.com.ar\/portalurbano\/margarita-stolbizer-la-politica-tiene-que-volver-a-ser-una-herramienta-de-transformacion-de-la-realidad\/\",\"url\":\"https:\/\/experienciadevida.com.ar\/portalurbano\/margarita-stolbizer-la-politica-tiene-que-volver-a-ser-una-herramienta-de-transformacion-de-la-realidad\/\",\"name\":\"Margarita Stolbizer: \\\"La pol\u00edtica tiene herramienta de transfomraci\u00f3n\\\"\",\"isPartOf\":{\"@id\":\"https:\/\/experienciadevida.com.ar\/portalurbano\/#website\"},\"datePublished\":\"2021-08-23T16:29:33+00:00\",\"dateModified\":\"2021-09-17T20:52:11+00:00\",\"description\":\"Margarita Stolbizer: \\\"La pol\u00edtica tiene que volver a ser una herramienta de transformaci\u00f3n de la realidad\\\", lo dijo en conferencia de prensa\",\"breadcrumb\":{\"@id\":\"https:\/\/experienciadevida.com.ar\/portalurbano\/margarita-stolbizer-la-politica-tiene-que-volver-a-ser-una-herramienta-de-transformacion-de-la-realidad\/#breadcrumb\"},\"inLanguage\":\"es\",\"potentialAction\":[{\"@type\":\"ReadAction\",\"target\":[\"https:\/\/experienciadevida.com.ar\/portalurbano\/margarita-stolbizer-la-politica-tiene-que-volver-a-ser-una-herramienta-de-transformacion-de-la-realidad\/\"]}]},{\"@type\":\"BreadcrumbList\",\"@id\":\"https:\/\/experienciadevida.com.ar\/portalurbano\/margarita-stolbizer-la-politica-tiene-que-volver-a-ser-una-herramienta-de-transformacion-de-la-realidad\/#breadcrumb\",\"itemListElement\":[{\"@type\":\"ListItem\",\"position\":1,\"name\":\"Portada\",\"item\":\"https:\/\/experienciadevida.com.ar\/portalurbano\/\"},{\"@type\":\"ListItem\",\"position\":2,\"name\":\"Margarita Stolbizer: \u00abLa pol\u00edtica tiene que volver a ser una herramienta de transformaci\u00f3n de la realidad\u00bb\"}]},{\"@type\":\"WebSite\",\"@id\":\"https:\/\/experienciadevida.com.ar\/portalurbano\/#website\",\"url\":\"https:\/\/experienciadevida.com.ar\/portalurbano\/\",\"name\":\"\",\"description\":\"\",\"publisher\":{\"@id\":\"https:\/\/experienciadevida.com.ar\/portalurbano\/#organization\"},\"potentialAction\":[{\"@type\":\"SearchAction\",\"target\":{\"@type\":\"EntryPoint\",\"urlTemplate\":\"https:\/\/experienciadevida.com.ar\/portalurbano\/?s={search_term_string}\"},\"query-input\":\"required name=search_term_string\"}],\"inLanguage\":\"es\"},{\"@type\":\"Organization\",\"@id\":\"https:\/\/experienciadevida.com.ar\/portalurbano\/#organization\",\"name\":\"Portal Urbano\",\"url\":\"https:\/\/experienciadevida.com.ar\/portalurbano\/\",\"logo\":{\"@type\":\"ImageObject\",\"inLanguage\":\"es\",\"@id\":\"https:\/\/experienciadevida.com.ar\/portalurbano\/#\/schema\/logo\/image\/\",\"url\":\"https:\/\/experienciadevida.com.ar\/portalurbano\/wp-content\/uploads\/2019\/09\/Logo-Original.png\",\"contentUrl\":\"https:\/\/experienciadevida.com.ar\/portalurbano\/wp-content\/uploads\/2019\/09\/Logo-Original.png\",\"width\":2236,\"height\":1216,\"caption\":\"Portal Urbano\"},\"image\":{\"@id\":\"https:\/\/experienciadevida.com.ar\/portalurbano\/#\/schema\/logo\/image\/\"},\"sameAs\":[\"https:\/\/www.facebook.com\/Portal-Urbano-171542830093757\/\",\"https:\/\/twitter.com\/portalurbanook\",\"https:\/\/www.instagram.com\/_portalurbano\/\",\"https:\/\/www.youtube.com\/channel\/UCXhagIfszH8KxFiOok79zbA?view_as=subscriber\"]},{\"@type\":\"Person\",\"@id\":\"https:\/\/experienciadevida.com.ar\/portalurbano\/#\/schema\/person\/02dd326b1c4b056e9cc972486934a3a7\",\"name\":\"admpu17wp\",\"image\":{\"@type\":\"ImageObject\",\"inLanguage\":\"es\",\"@id\":\"https:\/\/experienciadevida.com.ar\/portalurbano\/#\/schema\/person\/image\/\",\"url\":\"https:\/\/secure.gravatar.com\/avatar\/830d4c57adaae6630765e449a6908047?s=96&d=mm&r=g\",\"contentUrl\":\"https:\/\/secure.gravatar.com\/avatar\/830d4c57adaae6630765e449a6908047?s=96&d=mm&r=g\",\"caption\":\"admpu17wp\"}}]}<\/script>\n<!-- \/ Yoast SEO plugin. -->","yoast_head_json":{"title":"Margarita Stolbizer: \"La pol\u00edtica tiene herramienta de transfomraci\u00f3n\"","description":"Margarita Stolbizer: \"La pol\u00edtica tiene que volver a ser una herramienta de transformaci\u00f3n de la realidad\", lo dijo en conferencia de prensa","robots":{"index":"index","follow":"follow","max-snippet":"max-snippet:-1","max-image-preview":"max-image-preview:large","max-video-preview":"max-video-preview:-1"},"canonical":"https:\/\/experienciadevida.com.ar\/portalurbano\/margarita-stolbizer-la-politica-tiene-que-volver-a-ser-una-herramienta-de-transformacion-de-la-realidad\/","og_locale":"es_ES","og_type":"article","og_title":"Margarita Stolbizer: \"La pol\u00edtica tiene herramienta de transfomraci\u00f3n\"","og_description":"Margarita Stolbizer: \"La pol\u00edtica tiene que volver a ser una herramienta de transformaci\u00f3n de la realidad\", lo dijo en conferencia de prensa","og_url":"https:\/\/experienciadevida.com.ar\/portalurbano\/margarita-stolbizer-la-politica-tiene-que-volver-a-ser-una-herramienta-de-transformacion-de-la-realidad\/","article_publisher":"https:\/\/www.facebook.com\/Portal-Urbano-171542830093757\/","article_published_time":"2021-08-23T16:29:33+00:00","article_modified_time":"2021-09-17T20:52:11+00:00","og_image":[{"width":765,"height":510,"url":"https:\/\/experienciadevida.com.ar\/portalurbano\/wp-content\/uploads\/2021\/08\/Margarita-Stolbizer.jpg","type":"image\/jpeg"}],"author":"admpu17wp","twitter_card":"summary_large_image","twitter_creator":"@portalurbanook","twitter_site":"@portalurbanook","twitter_misc":{"Escrito por":"admpu17wp","Tiempo de lectura":"7 minutos"},"schema":{"@context":"https:\/\/schema.org","@graph":[{"@type":"Article","@id":"https:\/\/experienciadevida.com.ar\/portalurbano\/margarita-stolbizer-la-politica-tiene-que-volver-a-ser-una-herramienta-de-transformacion-de-la-realidad\/#article","isPartOf":{"@id":"https:\/\/experienciadevida.com.ar\/portalurbano\/margarita-stolbizer-la-politica-tiene-que-volver-a-ser-una-herramienta-de-transformacion-de-la-realidad\/"},"author":{"name":"admpu17wp","@id":"https:\/\/experienciadevida.com.ar\/portalurbano\/#\/schema\/person\/02dd326b1c4b056e9cc972486934a3a7"},"headline":"Margarita Stolbizer: &#8220;La pol\u00edtica tiene que volver a ser una herramienta de transformaci\u00f3n de la realidad&#8221;","datePublished":"2021-08-23T16:29:33+00:00","dateModified":"2021-09-17T20:52:11+00:00","mainEntityOfPage":{"@id":"https:\/\/experienciadevida.com.ar\/portalurbano\/margarita-stolbizer-la-politica-tiene-que-volver-a-ser-una-herramienta-de-transformacion-de-la-realidad\/"},"wordCount":1574,"publisher":{"@id":"https:\/\/experienciadevida.com.ar\/portalurbano\/#organization"},"articleSection":["Destacadas 2","Pol\u00edtica","POL\u00cdTICOS EN CAMPA\u00d1A \u2013 PASO 2021"],"inLanguage":"es"},{"@type":"WebPage","@id":"https:\/\/experienciadevida.com.ar\/portalurbano\/margarita-stolbizer-la-politica-tiene-que-volver-a-ser-una-herramienta-de-transformacion-de-la-realidad\/","url":"https:\/\/experienciadevida.com.ar\/portalurbano\/margarita-stolbizer-la-politica-tiene-que-volver-a-ser-una-herramienta-de-transformacion-de-la-realidad\/","name":"Margarita Stolbizer: \"La pol\u00edtica tiene herramienta de transfomraci\u00f3n\"","isPartOf":{"@id":"https:\/\/experienciadevida.com.ar\/portalurbano\/#website"},"datePublished":"2021-08-23T16:29:33+00:00","dateModified":"2021-09-17T20:52:11+00:00","description":"Margarita Stolbizer: \"La pol\u00edtica tiene que volver a ser una herramienta de transformaci\u00f3n de la realidad\", lo dijo en conferencia de prensa","breadcrumb":{"@id":"https:\/\/experienciadevida.com.ar\/portalurbano\/margarita-stolbizer-la-politica-tiene-que-volver-a-ser-una-herramienta-de-transformacion-de-la-realidad\/#breadcrumb"},"inLanguage":"es","potentialAction":[{"@type":"ReadAction","target":["https:\/\/experienciadevida.com.ar\/portalurbano\/margarita-stolbizer-la-politica-tiene-que-volver-a-ser-una-herramienta-de-transformacion-de-la-realidad\/"]}]},{"@type":"BreadcrumbList","@id":"https:\/\/experienciadevida.com.ar\/portalurbano\/margarita-stolbizer-la-politica-tiene-que-volver-a-ser-una-herramienta-de-transformacion-de-la-realidad\/#breadcrumb","itemListElement":[{"@type":"ListItem","position":1,"name":"Portada","item":"https:\/\/experienciadevida.com.ar\/portalurbano\/"},{"@type":"ListItem","position":2,"name":"Margarita Stolbizer: \u00abLa pol\u00edtica tiene que volver a ser una herramienta de transformaci\u00f3n de la realidad\u00bb"}]},{"@type":"WebSite","@id":"https:\/\/experienciadevida.com.ar\/portalurbano\/#website","url":"https:\/\/experienciadevida.com.ar\/portalurbano\/","name":"","description":"","publisher":{"@id":"https:\/\/experienciadevida.com.ar\/portalurbano\/#organization"},"potentialAction":[{"@type":"SearchAction","target":{"@type":"EntryPoint","urlTemplate":"https:\/\/experienciadevida.com.ar\/portalurbano\/?s={search_term_string}"},"query-input":"required name=search_term_string"}],"inLanguage":"es"},{"@type":"Organization","@id":"https:\/\/experienciadevida.com.ar\/portalurbano\/#organization","name":"Portal Urbano","url":"https:\/\/experienciadevida.com.ar\/portalurbano\/","logo":{"@type":"ImageObject","inLanguage":"es","@id":"https:\/\/experienciadevida.com.ar\/portalurbano\/#\/schema\/logo\/image\/","url":"https:\/\/experienciadevida.com.ar\/portalurbano\/wp-content\/uploads\/2019\/09\/Logo-Original.png","contentUrl":"https:\/\/experienciadevida.com.ar\/portalurbano\/wp-content\/uploads\/2019\/09\/Logo-Original.png","width":2236,"height":1216,"caption":"Portal Urbano"},"image":{"@id":"https:\/\/experienciadevida.com.ar\/portalurbano\/#\/schema\/logo\/image\/"},"sameAs":["https:\/\/www.facebook.com\/Portal-Urbano-171542830093757\/","https:\/\/twitter.com\/portalurbanook","https:\/\/www.instagram.com\/_portalurbano\/","https:\/\/www.youtube.com\/channel\/UCXhagIfszH8KxFiOok79zbA?view_as=subscriber"]},{"@type":"Person","@id":"https:\/\/experienciadevida.com.ar\/portalurbano\/#\/schema\/person\/02dd326b1c4b056e9cc972486934a3a7","name":"admpu17wp","image":{"@type":"ImageObject","inLanguage":"es","@id":"https:\/\/experienciadevida.com.ar\/portalurbano\/#\/schema\/person\/image\/","url":"https:\/\/secure.gravatar.com\/avatar\/830d4c57adaae6630765e449a6908047?s=96&d=mm&r=g","contentUrl":"https:\/\/secure.gravatar.com\/avatar\/830d4c57adaae6630765e449a6908047?s=96&d=mm&r=g","caption":"admpu17wp"}}]}},"featured_image_urls":{"full":["https:\/\/experienciadevida.com.ar\/portalurbano\/wp-content\/uploads\/2021\/08\/Margarita-Stolbizer.jpg",765,510,false],"thumbnail":["https:\/\/experienciadevida.com.ar\/portalurbano\/wp-content\/uploads\/2021\/08\/Margarita-Stolbizer-150x150.jpg",150,150,true],"medium":["https:\/\/experienciadevida.com.ar\/portalurbano\/wp-content\/uploads\/2021\/08\/Margarita-Stolbizer-300x200.jpg",300,200,true],"medium_large":["https:\/\/experienciadevida.com.ar\/portalurbano\/wp-content\/uploads\/2021\/08\/Margarita-Stolbizer.jpg",640,427,false],"large":["https:\/\/experienciadevida.com.ar\/portalurbano\/wp-content\/uploads\/2021\/08\/Margarita-Stolbizer.jpg",640,427,false],"ug_big":["https:\/\/experienciadevida.com.ar\/portalurbano\/wp-content\/uploads\/2021\/08\/Margarita-Stolbizer.jpg",765,510,false],"1536x1536":["https:\/\/experienciadevida.com.ar\/portalurbano\/wp-content\/uploads\/2021\/08\/Margarita-Stolbizer.jpg",765,510,false],"2048x2048":["https:\/\/experienciadevida.com.ar\/portalurbano\/wp-content\/uploads\/2021\/08\/Margarita-Stolbizer.jpg",765,510,false],"newsever-slider-full":["https:\/\/experienciadevida.com.ar\/portalurbano\/wp-content\/uploads\/2021\/08\/Margarita-Stolbizer.jpg",765,510,false],"newsever-featured":["https:\/\/experienciadevida.com.ar\/portalurbano\/wp-content\/uploads\/2021\/08\/Margarita-Stolbizer.jpg",765,510,false],"newsever-medium":["https:\/\/experienciadevida.com.ar\/portalurbano\/wp-content\/uploads\/2021\/08\/Margarita-Stolbizer.jpg",713,475,false],"web-stories-poster-portrait":["https:\/\/experienciadevida.com.ar\/portalurbano\/wp-content\/uploads\/2021\/08\/Margarita-Stolbizer.jpg",640,427,false],"web-stories-publisher-logo":["https:\/\/experienciadevida.com.ar\/portalurbano\/wp-content\/uploads\/2021\/08\/Margarita-Stolbizer.jpg",96,64,false],"web-stories-thumbnail":["https:\/\/experienciadevida.com.ar\/portalurbano\/wp-content\/uploads\/2021\/08\/Margarita-Stolbizer.jpg",150,100,false]},"author_info":{"display_name":"admpu17wp","author_link":"https:\/\/experienciadevida.com.ar\/portalurbano\/author\/admpu17wp\/"},"category_info":"<a href=\"https:\/\/experienciadevida.com.ar\/portalurbano\/category\/destacadas-2\/\" rel=\"category tag\">Destacadas 2<\/a> <a href=\"https:\/\/experienciadevida.com.ar\/portalurbano\/category\/politica\/\" rel=\"category tag\">Pol\u00edtica<\/a> <a href=\"https:\/\/experienciadevida.com.ar\/portalurbano\/category\/politicos-en-campana-paso-2021\/\" rel=\"category tag\">POL\u00cdTICOS EN CAMPA\u00d1A \u2013 PASO 2021<\/a>","tag_info":"POL\u00cdTICOS EN CAMPA\u00d1A \u2013 PASO 2021","comment_count":"0","amp_enabled":true,"_links":{"self":[{"href":"https:\/\/experienciadevida.com.ar\/portalurbano\/wp-json\/wp\/v2\/posts\/150902"}],"collection":[{"href":"https:\/\/experienciadevida.com.ar\/portalurbano\/wp-json\/wp\/v2\/posts"}],"about":[{"href":"https:\/\/experienciadevida.com.ar\/portalurbano\/wp-json\/wp\/v2\/types\/post"}],"author":[{"embeddable":true,"href":"https:\/\/experienciadevida.com.ar\/portalurbano\/wp-json\/wp\/v2\/users\/1"}],"replies":[{"embeddable":true,"href":"https:\/\/experienciadevida.com.ar\/portalurbano\/wp-json\/wp\/v2\/comments?post=150902"}],"version-history":[{"count":8,"href":"https:\/\/experienciadevida.com.ar\/portalurbano\/wp-json\/wp\/v2\/posts\/150902\/revisions"}],"predecessor-version":[{"id":150913,"href":"https:\/\/experienciadevida.com.ar\/portalurbano\/wp-json\/wp\/v2\/posts\/150902\/revisions\/150913"}],"wp:featuredmedia":[{"embeddable":true,"href":"https:\/\/experienciadevida.com.ar\/portalurbano\/wp-json\/wp\/v2\/media\/150905"}],"wp:attachment":[{"href":"https:\/\/experienciadevida.com.ar\/portalurbano\/wp-json\/wp\/v2\/media?parent=150902"}],"wp:term":[{"taxonomy":"category","embeddable":true,"href":"https:\/\/experienciadevida.com.ar\/portalurbano\/wp-json\/wp\/v2\/categories?post=150902"},{"taxonomy":"post_tag","embeddable":true,"href":"https:\/\/experienciadevida.com.ar\/portalurbano\/wp-json\/wp\/v2\/tags?post=150902"}],"curies":[{"name":"wp","href":"https:\/\/api.w.org\/{rel}","templated":true}]}}