{"id":150885,"date":"2021-08-23T10:09:08","date_gmt":"2021-08-23T13:09:08","guid":{"rendered":"https:\/\/experienciadevida.com.ar\/portalurbano\/?p=150885"},"modified":"2021-08-23T10:53:08","modified_gmt":"2021-08-23T13:53:08","slug":"provincia-se-ilusiona-con-una-temporada-de-verano-excelente","status":"publish","type":"post","link":"https:\/\/experienciadevida.com.ar\/portalurbano\/provincia-se-ilusiona-con-una-temporada-de-verano-excelente\/","title":{"rendered":"Provincia se ilusiona con una temporada de verano \u201cexcelente\u201d"},"content":{"rendered":"<p>Provincia se ilusiona con una temporada de verano \u201cexcelente\u201d, el ministro de Producci\u00f3n, Ciencia e Innovaci\u00f3n Tecnol\u00f3gica bonaerense, Augusto Costa, destac\u00f3 la buena afluencia a destinos tur\u00edsticos durante los fines de semana largos. \u201cEsperamos tener el mejor verano de los \u00faltimos a\u00f1os\u201d, se\u00f1al\u00f3.<\/p>\n<p>El ministro de Producci\u00f3n, Ciencia e Innovaci\u00f3n Tecnol\u00f3gica bonaerense, Augusto Costa, se esperanz\u00f3 con la posibilidad de que la temporada de verano sea \u201cexcelente\u201d en los distintos municipios tur\u00edsticos de la provincia tras la buena afluencia que hubo en vacaciones de invierno y en los fines de semana largos.<\/p>\n<p>\u201cEn todos los municipios tur\u00edsticos bonaerenses tuvimos afluencia de turistas en vacaciones de invierno y findes largos que marcan la punta de una temporada de verano excelente. Esperamos tener el mejor verano de los \u00faltimos a\u00f1os\u201d, se\u00f1al\u00f3 el funcionario de Axel Kicillof en el marco de una entrevista con la agencia de noticias estatal T\u00e9lam.<\/p>\n<p>Costa tambi\u00e9n se refiri\u00f3 a lo que ser\u00e1 la segunda etapa de gesti\u00f3n. Sostuvo que \u201cla pandemia cambi\u00f3 algunas de las prioridades que tra\u00edamos, pero no los objetivos: generar una r\u00e1pida recuperaci\u00f3n de la producci\u00f3n y el trabajo\u201d.<\/p>\n<p>\u201cLa pandemia implic\u00f3 priorizar fortalecer el sistema de salud, tener pol\u00edticas de contenci\u00f3n a los sectores m\u00e1s golpeados. A medida que se termine este per\u00edodo extraordinario, toda la mirada estar\u00e1 puesta en generar incentivos para que la recuperaci\u00f3n de la producci\u00f3n y del trabajo sea lo m\u00e1s r\u00e1pido posible\u201d, indic\u00f3.<\/p>\n<p>En este marco, record\u00f3 que \u201cdesarrollamos herramientas de apoyo a los sectores m\u00e1s golpeados\u201d por la crisis sanitaria y que \u201cen la medida que mejor\u00f3 la situaci\u00f3n epidemiol\u00f3gica, la industria respondi\u00f3 muy bien\u201d.<\/p>\n<p>Provincia se ilusiona con una temporada de verano \u201cexcelente\u201d, \u201cEstamos en niveles de producci\u00f3n en la provincia por arriba de 2020 y 2019 y, en algunos sectores, mejor que en 2018. Eso habla de un entramado productivo que cuando tiene la posibilidad de ir funcionando de manera normal, muestra capacidad de reacci\u00f3n. Confiamos que esto mejorar\u00e1 en los pr\u00f3ximos meses y nos muestra un panorama bastante optimista\u201d, agreg\u00f3.<\/p>\n<p>En cuanto a las elecciones, consider\u00f3 que la gente deber\u00eda renovar su voto de confianza con el oficialismo \u201cporque en el peor momento de la historia argentina y de la provincia qued\u00f3 claro que el compromiso del Frente de Todos es con la gente; no es con los especuladores, con los sectores concentrados o los que tienen privilegios, sino con la mayor\u00eda de la sociedad\u201d.<\/p>\n<p>\u201cSomos el espacio que trae un proyecto centrado en la producci\u00f3n y el trabajo. Al salir de la pandemia, retomaremos lo que vinimos a hacer. Necesitamos del apoyo para poder seguir mejorando las condiciones de vida de la sociedad a trav\u00e9s de un Estado presente e inclusivo para los bonaerenses\u201d, sostuvo.<\/p>\n","protected":false},"excerpt":{"rendered":"<p>Provincia se ilusiona con una temporada de verano \u201cexcelente\u201d, el ministro de Producci\u00f3n, Ciencia e&#8230;<\/p>\n","protected":false},"author":1,"featured_media":150886,"comment_status":"closed","ping_status":"closed","sticky":false,"template":"","format":"standard","meta":{"content-type":""},"categories":[64,44],"tags":[],"nelio_content":{"isAutoShareEnabled":false,"autoShareEndMode":"default","automationSources":{"useContentSentences":true,"useSocialTemplates":true,"useCustomSentences":false,"customSentences":[]},"followers":[1],"suggestedReferences":[],"includedReferences":[],"efiUrl":"","efiAlt":"","highlights":[]},"yoast_head":"<!-- This site is optimized with the Yoast SEO plugin v20.7 - https:\/\/yoast.com\/wordpress\/plugins\/seo\/ -->\n<title>Provincia se ilusiona con una temporada de verano &quot;excelente&quot;<\/title>\n<meta name=\"description\" content=\"Provincia se ilusiona con una temporada de verano \u201cexcelente\u201d, el ministro de Producci\u00f3n, Ciencia e Innovaci\u00f3n Tecnol\u00f3gica bonaerense,\" \/>\n<meta name=\"robots\" content=\"index, follow, max-snippet:-1, max-image-preview:large, max-video-preview:-1\" \/>\n<link rel=\"canonical\" href=\"https:\/\/experienciadevida.com.ar\/portalurbano\/provincia-se-ilusiona-con-una-temporada-de-verano-excelente\/\" \/>\n<meta property=\"og:locale\" content=\"es_ES\" \/>\n<meta property=\"og:type\" content=\"article\" \/>\n<meta property=\"og:title\" content=\"Provincia se ilusiona con una temporada de verano &quot;excelente&quot;\" \/>\n<meta property=\"og:description\" content=\"Provincia se ilusiona con una temporada de verano \u201cexcelente\u201d, el ministro de Producci\u00f3n, Ciencia e Innovaci\u00f3n Tecnol\u00f3gica bonaerense,\" \/>\n<meta property=\"og:url\" content=\"https:\/\/experienciadevida.com.ar\/portalurbano\/provincia-se-ilusiona-con-una-temporada-de-verano-excelente\/\" \/>\n<meta property=\"article:publisher\" content=\"https:\/\/www.facebook.com\/Portal-Urbano-171542830093757\/\" \/>\n<meta property=\"article:published_time\" content=\"2021-08-23T13:09:08+00:00\" \/>\n<meta property=\"article:modified_time\" content=\"2021-08-23T13:53:08+00:00\" \/>\n<meta property=\"og:image\" content=\"https:\/\/experienciadevida.com.ar\/portalurbano\/wp-content\/uploads\/2021\/08\/Provincia-se-ilusiona-con-una.jpg\" \/>\n\t<meta property=\"og:image:width\" content=\"696\" \/>\n\t<meta property=\"og:image:height\" content=\"464\" \/>\n\t<meta property=\"og:image:type\" content=\"image\/jpeg\" \/>\n<meta name=\"author\" content=\"admpu17wp\" \/>\n<meta name=\"twitter:card\" content=\"summary_large_image\" \/>\n<meta name=\"twitter:creator\" content=\"@portalurbanook\" \/>\n<meta name=\"twitter:site\" content=\"@portalurbanook\" \/>\n<meta name=\"twitter:label1\" content=\"Escrito por\" \/>\n\t<meta name=\"twitter:data1\" content=\"admpu17wp\" \/>\n\t<meta name=\"twitter:label2\" content=\"Tiempo de lectura\" \/>\n\t<meta name=\"twitter:data2\" content=\"2 minutos\" \/>\n<script type=\"application\/ld+json\" class=\"yoast-schema-graph\">{\"@context\":\"https:\/\/schema.org\",\"@graph\":[{\"@type\":\"Article\",\"@id\":\"https:\/\/experienciadevida.com.ar\/portalurbano\/provincia-se-ilusiona-con-una-temporada-de-verano-excelente\/#article\",\"isPartOf\":{\"@id\":\"https:\/\/experienciadevida.com.ar\/portalurbano\/provincia-se-ilusiona-con-una-temporada-de-verano-excelente\/\"},\"author\":{\"name\":\"admpu17wp\",\"@id\":\"https:\/\/experienciadevida.com.ar\/portalurbano\/#\/schema\/person\/02dd326b1c4b056e9cc972486934a3a7\"},\"headline\":\"Provincia se ilusiona con una temporada de verano \u201cexcelente\u201d\",\"datePublished\":\"2021-08-23T13:09:08+00:00\",\"dateModified\":\"2021-08-23T13:53:08+00:00\",\"mainEntityOfPage\":{\"@id\":\"https:\/\/experienciadevida.com.ar\/portalurbano\/provincia-se-ilusiona-con-una-temporada-de-verano-excelente\/\"},\"wordCount\":496,\"publisher\":{\"@id\":\"https:\/\/experienciadevida.com.ar\/portalurbano\/#organization\"},\"articleSection\":[\"Destacadas 2\",\"Provincia\"],\"inLanguage\":\"es\"},{\"@type\":\"WebPage\",\"@id\":\"https:\/\/experienciadevida.com.ar\/portalurbano\/provincia-se-ilusiona-con-una-temporada-de-verano-excelente\/\",\"url\":\"https:\/\/experienciadevida.com.ar\/portalurbano\/provincia-se-ilusiona-con-una-temporada-de-verano-excelente\/\",\"name\":\"Provincia se ilusiona con una temporada de verano \\\"excelente\\\"\",\"isPartOf\":{\"@id\":\"https:\/\/experienciadevida.com.ar\/portalurbano\/#website\"},\"datePublished\":\"2021-08-23T13:09:08+00:00\",\"dateModified\":\"2021-08-23T13:53:08+00:00\",\"description\":\"Provincia se ilusiona con una temporada de verano \u201cexcelente\u201d, el ministro de Producci\u00f3n, Ciencia e Innovaci\u00f3n Tecnol\u00f3gica bonaerense,\",\"breadcrumb\":{\"@id\":\"https:\/\/experienciadevida.com.ar\/portalurbano\/provincia-se-ilusiona-con-una-temporada-de-verano-excelente\/#breadcrumb\"},\"inLanguage\":\"es\",\"potentialAction\":[{\"@type\":\"ReadAction\",\"target\":[\"https:\/\/experienciadevida.com.ar\/portalurbano\/provincia-se-ilusiona-con-una-temporada-de-verano-excelente\/\"]}]},{\"@type\":\"BreadcrumbList\",\"@id\":\"https:\/\/experienciadevida.com.ar\/portalurbano\/provincia-se-ilusiona-con-una-temporada-de-verano-excelente\/#breadcrumb\",\"itemListElement\":[{\"@type\":\"ListItem\",\"position\":1,\"name\":\"Portada\",\"item\":\"https:\/\/experienciadevida.com.ar\/portalurbano\/\"},{\"@type\":\"ListItem\",\"position\":2,\"name\":\"Provincia se ilusiona con una temporada de verano \u201cexcelente\u201d\"}]},{\"@type\":\"WebSite\",\"@id\":\"https:\/\/experienciadevida.com.ar\/portalurbano\/#website\",\"url\":\"https:\/\/experienciadevida.com.ar\/portalurbano\/\",\"name\":\"\",\"description\":\"\",\"publisher\":{\"@id\":\"https:\/\/experienciadevida.com.ar\/portalurbano\/#organization\"},\"potentialAction\":[{\"@type\":\"SearchAction\",\"target\":{\"@type\":\"EntryPoint\",\"urlTemplate\":\"https:\/\/experienciadevida.com.ar\/portalurbano\/?s={search_term_string}\"},\"query-input\":\"required name=search_term_string\"}],\"inLanguage\":\"es\"},{\"@type\":\"Organization\",\"@id\":\"https:\/\/experienciadevida.com.ar\/portalurbano\/#organization\",\"name\":\"Portal Urbano\",\"url\":\"https:\/\/experienciadevida.com.ar\/portalurbano\/\",\"logo\":{\"@type\":\"ImageObject\",\"inLanguage\":\"es\",\"@id\":\"https:\/\/experienciadevida.com.ar\/portalurbano\/#\/schema\/logo\/image\/\",\"url\":\"https:\/\/experienciadevida.com.ar\/portalurbano\/wp-content\/uploads\/2019\/09\/Logo-Original.png\",\"contentUrl\":\"https:\/\/experienciadevida.com.ar\/portalurbano\/wp-content\/uploads\/2019\/09\/Logo-Original.png\",\"width\":2236,\"height\":1216,\"caption\":\"Portal Urbano\"},\"image\":{\"@id\":\"https:\/\/experienciadevida.com.ar\/portalurbano\/#\/schema\/logo\/image\/\"},\"sameAs\":[\"https:\/\/www.facebook.com\/Portal-Urbano-171542830093757\/\",\"https:\/\/twitter.com\/portalurbanook\",\"https:\/\/www.instagram.com\/_portalurbano\/\",\"https:\/\/www.youtube.com\/channel\/UCXhagIfszH8KxFiOok79zbA?view_as=subscriber\"]},{\"@type\":\"Person\",\"@id\":\"https:\/\/experienciadevida.com.ar\/portalurbano\/#\/schema\/person\/02dd326b1c4b056e9cc972486934a3a7\",\"name\":\"admpu17wp\",\"image\":{\"@type\":\"ImageObject\",\"inLanguage\":\"es\",\"@id\":\"https:\/\/experienciadevida.com.ar\/portalurbano\/#\/schema\/person\/image\/\",\"url\":\"https:\/\/secure.gravatar.com\/avatar\/830d4c57adaae6630765e449a6908047?s=96&d=mm&r=g\",\"contentUrl\":\"https:\/\/secure.gravatar.com\/avatar\/830d4c57adaae6630765e449a6908047?s=96&d=mm&r=g\",\"caption\":\"admpu17wp\"}}]}<\/script>\n<!-- \/ Yoast SEO plugin. -->","yoast_head_json":{"title":"Provincia se ilusiona con una temporada de verano \"excelente\"","description":"Provincia se ilusiona con una temporada de verano \u201cexcelente\u201d, el ministro de Producci\u00f3n, Ciencia e Innovaci\u00f3n Tecnol\u00f3gica bonaerense,","robots":{"index":"index","follow":"follow","max-snippet":"max-snippet:-1","max-image-preview":"max-image-preview:large","max-video-preview":"max-video-preview:-1"},"canonical":"https:\/\/experienciadevida.com.ar\/portalurbano\/provincia-se-ilusiona-con-una-temporada-de-verano-excelente\/","og_locale":"es_ES","og_type":"article","og_title":"Provincia se ilusiona con una temporada de verano \"excelente\"","og_description":"Provincia se ilusiona con una temporada de verano \u201cexcelente\u201d, el ministro de Producci\u00f3n, Ciencia e Innovaci\u00f3n Tecnol\u00f3gica bonaerense,","og_url":"https:\/\/experienciadevida.com.ar\/portalurbano\/provincia-se-ilusiona-con-una-temporada-de-verano-excelente\/","article_publisher":"https:\/\/www.facebook.com\/Portal-Urbano-171542830093757\/","article_published_time":"2021-08-23T13:09:08+00:00","article_modified_time":"2021-08-23T13:53:08+00:00","og_image":[{"width":696,"height":464,"url":"https:\/\/experienciadevida.com.ar\/portalurbano\/wp-content\/uploads\/2021\/08\/Provincia-se-ilusiona-con-una.jpg","type":"image\/jpeg"}],"author":"admpu17wp","twitter_card":"summary_large_image","twitter_creator":"@portalurbanook","twitter_site":"@portalurbanook","twitter_misc":{"Escrito por":"admpu17wp","Tiempo de lectura":"2 minutos"},"schema":{"@context":"https:\/\/schema.org","@graph":[{"@type":"Article","@id":"https:\/\/experienciadevida.com.ar\/portalurbano\/provincia-se-ilusiona-con-una-temporada-de-verano-excelente\/#article","isPartOf":{"@id":"https:\/\/experienciadevida.com.ar\/portalurbano\/provincia-se-ilusiona-con-una-temporada-de-verano-excelente\/"},"author":{"name":"admpu17wp","@id":"https:\/\/experienciadevida.com.ar\/portalurbano\/#\/schema\/person\/02dd326b1c4b056e9cc972486934a3a7"},"headline":"Provincia se ilusiona con una temporada de verano \u201cexcelente\u201d","datePublished":"2021-08-23T13:09:08+00:00","dateModified":"2021-08-23T13:53:08+00:00","mainEntityOfPage":{"@id":"https:\/\/experienciadevida.com.ar\/portalurbano\/provincia-se-ilusiona-con-una-temporada-de-verano-excelente\/"},"wordCount":496,"publisher":{"@id":"https:\/\/experienciadevida.com.ar\/portalurbano\/#organization"},"articleSection":["Destacadas 2","Provincia"],"inLanguage":"es"},{"@type":"WebPage","@id":"https:\/\/experienciadevida.com.ar\/portalurbano\/provincia-se-ilusiona-con-una-temporada-de-verano-excelente\/","url":"https:\/\/experienciadevida.com.ar\/portalurbano\/provincia-se-ilusiona-con-una-temporada-de-verano-excelente\/","name":"Provincia se ilusiona con una temporada de verano \"excelente\"","isPartOf":{"@id":"https:\/\/experienciadevida.com.ar\/portalurbano\/#website"},"datePublished":"2021-08-23T13:09:08+00:00","dateModified":"2021-08-23T13:53:08+00:00","description":"Provincia se ilusiona con una temporada de verano \u201cexcelente\u201d, el ministro de Producci\u00f3n, Ciencia e Innovaci\u00f3n Tecnol\u00f3gica bonaerense,","breadcrumb":{"@id":"https:\/\/experienciadevida.com.ar\/portalurbano\/provincia-se-ilusiona-con-una-temporada-de-verano-excelente\/#breadcrumb"},"inLanguage":"es","potentialAction":[{"@type":"ReadAction","target":["https:\/\/experienciadevida.com.ar\/portalurbano\/provincia-se-ilusiona-con-una-temporada-de-verano-excelente\/"]}]},{"@type":"BreadcrumbList","@id":"https:\/\/experienciadevida.com.ar\/portalurbano\/provincia-se-ilusiona-con-una-temporada-de-verano-excelente\/#breadcrumb","itemListElement":[{"@type":"ListItem","position":1,"name":"Portada","item":"https:\/\/experienciadevida.com.ar\/portalurbano\/"},{"@type":"ListItem","position":2,"name":"Provincia se ilusiona con una temporada de verano \u201cexcelente\u201d"}]},{"@type":"WebSite","@id":"https:\/\/experienciadevida.com.ar\/portalurbano\/#website","url":"https:\/\/experienciadevida.com.ar\/portalurbano\/","name":"","description":"","publisher":{"@id":"https:\/\/experienciadevida.com.ar\/portalurbano\/#organization"},"potentialAction":[{"@type":"SearchAction","target":{"@type":"EntryPoint","urlTemplate":"https:\/\/experienciadevida.com.ar\/portalurbano\/?s={search_term_string}"},"query-input":"required name=search_term_string"}],"inLanguage":"es"},{"@type":"Organization","@id":"https:\/\/experienciadevida.com.ar\/portalurbano\/#organization","name":"Portal Urbano","url":"https:\/\/experienciadevida.com.ar\/portalurbano\/","logo":{"@type":"ImageObject","inLanguage":"es","@id":"https:\/\/experienciadevida.com.ar\/portalurbano\/#\/schema\/logo\/image\/","url":"https:\/\/experienciadevida.com.ar\/portalurbano\/wp-content\/uploads\/2019\/09\/Logo-Original.png","contentUrl":"https:\/\/experienciadevida.com.ar\/portalurbano\/wp-content\/uploads\/2019\/09\/Logo-Original.png","width":2236,"height":1216,"caption":"Portal Urbano"},"image":{"@id":"https:\/\/experienciadevida.com.ar\/portalurbano\/#\/schema\/logo\/image\/"},"sameAs":["https:\/\/www.facebook.com\/Portal-Urbano-171542830093757\/","https:\/\/twitter.com\/portalurbanook","https:\/\/www.instagram.com\/_portalurbano\/","https:\/\/www.youtube.com\/channel\/UCXhagIfszH8KxFiOok79zbA?view_as=subscriber"]},{"@type":"Person","@id":"https:\/\/experienciadevida.com.ar\/portalurbano\/#\/schema\/person\/02dd326b1c4b056e9cc972486934a3a7","name":"admpu17wp","image":{"@type":"ImageObject","inLanguage":"es","@id":"https:\/\/experienciadevida.com.ar\/portalurbano\/#\/schema\/person\/image\/","url":"https:\/\/secure.gravatar.com\/avatar\/830d4c57adaae6630765e449a6908047?s=96&d=mm&r=g","contentUrl":"https:\/\/secure.gravatar.com\/avatar\/830d4c57adaae6630765e449a6908047?s=96&d=mm&r=g","caption":"admpu17wp"}}]}},"featured_image_urls":{"full":["https:\/\/experienciadevida.com.ar\/portalurbano\/wp-content\/uploads\/2021\/08\/Provincia-se-ilusiona-con-una.jpg",696,464,false],"thumbnail":["https:\/\/experienciadevida.com.ar\/portalurbano\/wp-content\/uploads\/2021\/08\/Provincia-se-ilusiona-con-una-150x150.jpg",150,150,true],"medium":["https:\/\/experienciadevida.com.ar\/portalurbano\/wp-content\/uploads\/2021\/08\/Provincia-se-ilusiona-con-una-300x200.jpg",300,200,true],"medium_large":["https:\/\/experienciadevida.com.ar\/portalurbano\/wp-content\/uploads\/2021\/08\/Provincia-se-ilusiona-con-una.jpg",640,427,false],"large":["https:\/\/experienciadevida.com.ar\/portalurbano\/wp-content\/uploads\/2021\/08\/Provincia-se-ilusiona-con-una.jpg",640,427,false],"ug_big":["https:\/\/experienciadevida.com.ar\/portalurbano\/wp-content\/uploads\/2021\/08\/Provincia-se-ilusiona-con-una.jpg",696,464,false],"1536x1536":["https:\/\/experienciadevida.com.ar\/portalurbano\/wp-content\/uploads\/2021\/08\/Provincia-se-ilusiona-con-una.jpg",696,464,false],"2048x2048":["https:\/\/experienciadevida.com.ar\/portalurbano\/wp-content\/uploads\/2021\/08\/Provincia-se-ilusiona-con-una.jpg",696,464,false],"newsever-slider-full":["https:\/\/experienciadevida.com.ar\/portalurbano\/wp-content\/uploads\/2021\/08\/Provincia-se-ilusiona-con-una.jpg",696,464,false],"newsever-featured":["https:\/\/experienciadevida.com.ar\/portalurbano\/wp-content\/uploads\/2021\/08\/Provincia-se-ilusiona-con-una.jpg",696,464,false],"newsever-medium":["https:\/\/experienciadevida.com.ar\/portalurbano\/wp-content\/uploads\/2021\/08\/Provincia-se-ilusiona-con-una.jpg",696,464,false],"web-stories-poster-portrait":["https:\/\/experienciadevida.com.ar\/portalurbano\/wp-content\/uploads\/2021\/08\/Provincia-se-ilusiona-con-una.jpg",640,427,false],"web-stories-publisher-logo":["https:\/\/experienciadevida.com.ar\/portalurbano\/wp-content\/uploads\/2021\/08\/Provincia-se-ilusiona-con-una.jpg",96,64,false],"web-stories-thumbnail":["https:\/\/experienciadevida.com.ar\/portalurbano\/wp-content\/uploads\/2021\/08\/Provincia-se-ilusiona-con-una.jpg",150,100,false]},"author_info":{"display_name":"admpu17wp","author_link":"https:\/\/experienciadevida.com.ar\/portalurbano\/author\/admpu17wp\/"},"category_info":"<a href=\"https:\/\/experienciadevida.com.ar\/portalurbano\/category\/destacadas-2\/\" rel=\"category tag\">Destacadas 2<\/a> <a href=\"https:\/\/experienciadevida.com.ar\/portalurbano\/category\/provincia\/\" rel=\"category tag\">Provincia<\/a>","tag_info":"Provincia","comment_count":"0","amp_enabled":true,"_links":{"self":[{"href":"https:\/\/experienciadevida.com.ar\/portalurbano\/wp-json\/wp\/v2\/posts\/150885"}],"collection":[{"href":"https:\/\/experienciadevida.com.ar\/portalurbano\/wp-json\/wp\/v2\/posts"}],"about":[{"href":"https:\/\/experienciadevida.com.ar\/portalurbano\/wp-json\/wp\/v2\/types\/post"}],"author":[{"embeddable":true,"href":"https:\/\/experienciadevida.com.ar\/portalurbano\/wp-json\/wp\/v2\/users\/1"}],"replies":[{"embeddable":true,"href":"https:\/\/experienciadevida.com.ar\/portalurbano\/wp-json\/wp\/v2\/comments?post=150885"}],"version-history":[{"count":2,"href":"https:\/\/experienciadevida.com.ar\/portalurbano\/wp-json\/wp\/v2\/posts\/150885\/revisions"}],"predecessor-version":[{"id":150888,"href":"https:\/\/experienciadevida.com.ar\/portalurbano\/wp-json\/wp\/v2\/posts\/150885\/revisions\/150888"}],"wp:featuredmedia":[{"embeddable":true,"href":"https:\/\/experienciadevida.com.ar\/portalurbano\/wp-json\/wp\/v2\/media\/150886"}],"wp:attachment":[{"href":"https:\/\/experienciadevida.com.ar\/portalurbano\/wp-json\/wp\/v2\/media?parent=150885"}],"wp:term":[{"taxonomy":"category","embeddable":true,"href":"https:\/\/experienciadevida.com.ar\/portalurbano\/wp-json\/wp\/v2\/categories?post=150885"},{"taxonomy":"post_tag","embeddable":true,"href":"https:\/\/experienciadevida.com.ar\/portalurbano\/wp-json\/wp\/v2\/tags?post=150885"}],"curies":[{"name":"wp","href":"https:\/\/api.w.org\/{rel}","templated":true}]}}