{"id":150865,"date":"2021-08-22T11:20:48","date_gmt":"2021-08-22T14:20:48","guid":{"rendered":"https:\/\/experienciadevida.com.ar\/portalurbano\/?p=150865"},"modified":"2021-09-17T17:52:13","modified_gmt":"2021-09-17T20:52:13","slug":"por-una-olavarria-mas-comprometida-con-el-medio-ambiente","status":"publish","type":"post","link":"https:\/\/experienciadevida.com.ar\/portalurbano\/por-una-olavarria-mas-comprometida-con-el-medio-ambiente\/","title":{"rendered":"Por una Olavarr\u00eda m\u00e1s comprometida con el medio ambiente"},"content":{"rendered":"<p>Por una Olavarr\u00eda m\u00e1s comprometida con el medio ambiente, &#8220;no hace falta ir muy lejos para encontrarse con grandes basurales clandestinos y a cielo abierto. En distintas zonas encontramos terrenos que son utilizados para el descarte de basura, escombros y todo tipo de residuos. Seguramente cerca de tu casa habr\u00e1 alg\u00fan lugar as\u00ed y sabr\u00e1s de lo que estoy hablando&#8221;, dijo Bel\u00e9n Vergel \u00a0precandidata a Concejal.<\/p>\n<p>&#8220;Para resolver esto contamos con una nueva herramienta. Hace muy poco se aprob\u00f3 en el Congreso la \u201cLey de Educaci\u00f3n Ambiental\u201d, una deuda hist\u00f3rica por parte del Estado. Con esta ley se busca una creciente conciencia ambiental a trav\u00e9s de acciones de educaci\u00f3n formal e informal socio<br \/>\nambiental basada en la sustentabilidad. Ahora bien \u00bfesto es suficiente? \u00bfes todo lo que puede hacer el Estado en la materia? Por supuesto que no. El Estado debe adem\u00e1s de concientizar, controlar y sancionar a quienes incumplen las normativas ambientales&#8221;.<\/p>\n<p>Adem\u00e1s &#8220;Olavarr\u00eda es un polo industrial y minero muy importante, por lo cual debe haber un Estado presente regulando tambi\u00e9n el v\u00ednculo de esta actividad con nuestro ambiente. Estamos hablando del cuidado de nuestro hogar y nuestra salud. A trav\u00e9s de la educaci\u00f3n sin dudas lograremos ponerle freno a esta pr\u00e1ctica&#8221;.<\/p>\n<p>Por una Olavarr\u00eda m\u00e1s comprometida con el medio ambiente, &#8220;regular el cumplimiento de normativas, conocer, aprender y sobre todo tomar<br \/>\nconciencia son las claves. Renovemos nuestro compromiso con la limpieza de nuestra tierra! \u00a1seamos responsables de la basura que generamos!&#8221;-<\/p>\n<p>&#8220;Es un compromiso intergeneracional para hoy y ma\u00f1ana. Construyamos hoy la Olavarr\u00eda que queremos&#8221;, finaliz\u00f3 su nota de opini\u00f3n.<\/p>\n","protected":false},"excerpt":{"rendered":"<p>Por una Olavarr\u00eda m\u00e1s comprometida con el medio ambiente, &#8220;no hace falta ir muy lejos&#8230;<\/p>\n","protected":false},"author":1,"featured_media":150866,"comment_status":"closed","ping_status":"closed","sticky":false,"template":"","format":"standard","meta":{"content-type":""},"categories":[64,43,648],"tags":[],"nelio_content":{"isAutoShareEnabled":false,"autoShareEndMode":"default","automationSources":{"useContentSentences":true,"useSocialTemplates":true,"useCustomSentences":false,"customSentences":[]},"followers":[1],"suggestedReferences":[],"includedReferences":[],"efiUrl":"","efiAlt":"","highlights":[]},"yoast_head":"<!-- This site is optimized with the Yoast SEO plugin v20.7 - https:\/\/yoast.com\/wordpress\/plugins\/seo\/ -->\n<title>Por una Olavarr\u00eda m\u00e1s comprometida con el medio ambiente -<\/title>\n<meta name=\"robots\" content=\"index, follow, max-snippet:-1, max-image-preview:large, max-video-preview:-1\" \/>\n<link rel=\"canonical\" href=\"https:\/\/experienciadevida.com.ar\/portalurbano\/por-una-olavarria-mas-comprometida-con-el-medio-ambiente\/\" \/>\n<meta property=\"og:locale\" content=\"es_ES\" \/>\n<meta property=\"og:type\" content=\"article\" \/>\n<meta property=\"og:title\" content=\"Por una Olavarr\u00eda m\u00e1s comprometida con el medio ambiente -\" \/>\n<meta property=\"og:description\" content=\"Por una Olavarr\u00eda m\u00e1s comprometida con el medio ambiente, &#8220;no hace falta ir muy lejos...\" \/>\n<meta property=\"og:url\" content=\"https:\/\/experienciadevida.com.ar\/portalurbano\/por-una-olavarria-mas-comprometida-con-el-medio-ambiente\/\" \/>\n<meta property=\"article:publisher\" content=\"https:\/\/www.facebook.com\/Portal-Urbano-171542830093757\/\" \/>\n<meta property=\"article:published_time\" content=\"2021-08-22T14:20:48+00:00\" \/>\n<meta property=\"article:modified_time\" content=\"2021-09-17T20:52:13+00:00\" \/>\n<meta property=\"og:image\" content=\"https:\/\/experienciadevida.com.ar\/portalurbano\/wp-content\/uploads\/2021\/08\/Por-una-Olavarria-mas-comprometida.jpeg\" \/>\n\t<meta property=\"og:image:width\" content=\"765\" \/>\n\t<meta property=\"og:image:height\" content=\"510\" \/>\n\t<meta property=\"og:image:type\" content=\"image\/jpeg\" \/>\n<meta name=\"author\" content=\"admpu17wp\" \/>\n<meta name=\"twitter:card\" content=\"summary_large_image\" \/>\n<meta name=\"twitter:creator\" content=\"@portalurbanook\" \/>\n<meta name=\"twitter:site\" content=\"@portalurbanook\" \/>\n<meta name=\"twitter:label1\" content=\"Escrito por\" \/>\n\t<meta name=\"twitter:data1\" content=\"admpu17wp\" \/>\n\t<meta name=\"twitter:label2\" content=\"Tiempo de lectura\" \/>\n\t<meta name=\"twitter:data2\" content=\"2 minutos\" \/>\n<script type=\"application\/ld+json\" class=\"yoast-schema-graph\">{\"@context\":\"https:\/\/schema.org\",\"@graph\":[{\"@type\":\"Article\",\"@id\":\"https:\/\/experienciadevida.com.ar\/portalurbano\/por-una-olavarria-mas-comprometida-con-el-medio-ambiente\/#article\",\"isPartOf\":{\"@id\":\"https:\/\/experienciadevida.com.ar\/portalurbano\/por-una-olavarria-mas-comprometida-con-el-medio-ambiente\/\"},\"author\":{\"name\":\"admpu17wp\",\"@id\":\"https:\/\/experienciadevida.com.ar\/portalurbano\/#\/schema\/person\/02dd326b1c4b056e9cc972486934a3a7\"},\"headline\":\"Por una Olavarr\u00eda m\u00e1s comprometida con el medio ambiente\",\"datePublished\":\"2021-08-22T14:20:48+00:00\",\"dateModified\":\"2021-09-17T20:52:13+00:00\",\"mainEntityOfPage\":{\"@id\":\"https:\/\/experienciadevida.com.ar\/portalurbano\/por-una-olavarria-mas-comprometida-con-el-medio-ambiente\/\"},\"wordCount\":297,\"publisher\":{\"@id\":\"https:\/\/experienciadevida.com.ar\/portalurbano\/#organization\"},\"articleSection\":[\"Destacadas 2\",\"Pol\u00edtica\",\"POL\u00cdTICOS EN CAMPA\u00d1A \u2013 PASO 2021\"],\"inLanguage\":\"es\"},{\"@type\":\"WebPage\",\"@id\":\"https:\/\/experienciadevida.com.ar\/portalurbano\/por-una-olavarria-mas-comprometida-con-el-medio-ambiente\/\",\"url\":\"https:\/\/experienciadevida.com.ar\/portalurbano\/por-una-olavarria-mas-comprometida-con-el-medio-ambiente\/\",\"name\":\"Por una Olavarr\u00eda m\u00e1s comprometida con el medio ambiente -\",\"isPartOf\":{\"@id\":\"https:\/\/experienciadevida.com.ar\/portalurbano\/#website\"},\"datePublished\":\"2021-08-22T14:20:48+00:00\",\"dateModified\":\"2021-09-17T20:52:13+00:00\",\"breadcrumb\":{\"@id\":\"https:\/\/experienciadevida.com.ar\/portalurbano\/por-una-olavarria-mas-comprometida-con-el-medio-ambiente\/#breadcrumb\"},\"inLanguage\":\"es\",\"potentialAction\":[{\"@type\":\"ReadAction\",\"target\":[\"https:\/\/experienciadevida.com.ar\/portalurbano\/por-una-olavarria-mas-comprometida-con-el-medio-ambiente\/\"]}]},{\"@type\":\"BreadcrumbList\",\"@id\":\"https:\/\/experienciadevida.com.ar\/portalurbano\/por-una-olavarria-mas-comprometida-con-el-medio-ambiente\/#breadcrumb\",\"itemListElement\":[{\"@type\":\"ListItem\",\"position\":1,\"name\":\"Portada\",\"item\":\"https:\/\/experienciadevida.com.ar\/portalurbano\/\"},{\"@type\":\"ListItem\",\"position\":2,\"name\":\"Por una Olavarr\u00eda m\u00e1s comprometida con el medio ambiente\"}]},{\"@type\":\"WebSite\",\"@id\":\"https:\/\/experienciadevida.com.ar\/portalurbano\/#website\",\"url\":\"https:\/\/experienciadevida.com.ar\/portalurbano\/\",\"name\":\"\",\"description\":\"\",\"publisher\":{\"@id\":\"https:\/\/experienciadevida.com.ar\/portalurbano\/#organization\"},\"potentialAction\":[{\"@type\":\"SearchAction\",\"target\":{\"@type\":\"EntryPoint\",\"urlTemplate\":\"https:\/\/experienciadevida.com.ar\/portalurbano\/?s={search_term_string}\"},\"query-input\":\"required name=search_term_string\"}],\"inLanguage\":\"es\"},{\"@type\":\"Organization\",\"@id\":\"https:\/\/experienciadevida.com.ar\/portalurbano\/#organization\",\"name\":\"Portal Urbano\",\"url\":\"https:\/\/experienciadevida.com.ar\/portalurbano\/\",\"logo\":{\"@type\":\"ImageObject\",\"inLanguage\":\"es\",\"@id\":\"https:\/\/experienciadevida.com.ar\/portalurbano\/#\/schema\/logo\/image\/\",\"url\":\"https:\/\/experienciadevida.com.ar\/portalurbano\/wp-content\/uploads\/2019\/09\/Logo-Original.png\",\"contentUrl\":\"https:\/\/experienciadevida.com.ar\/portalurbano\/wp-content\/uploads\/2019\/09\/Logo-Original.png\",\"width\":2236,\"height\":1216,\"caption\":\"Portal Urbano\"},\"image\":{\"@id\":\"https:\/\/experienciadevida.com.ar\/portalurbano\/#\/schema\/logo\/image\/\"},\"sameAs\":[\"https:\/\/www.facebook.com\/Portal-Urbano-171542830093757\/\",\"https:\/\/twitter.com\/portalurbanook\",\"https:\/\/www.instagram.com\/_portalurbano\/\",\"https:\/\/www.youtube.com\/channel\/UCXhagIfszH8KxFiOok79zbA?view_as=subscriber\"]},{\"@type\":\"Person\",\"@id\":\"https:\/\/experienciadevida.com.ar\/portalurbano\/#\/schema\/person\/02dd326b1c4b056e9cc972486934a3a7\",\"name\":\"admpu17wp\",\"image\":{\"@type\":\"ImageObject\",\"inLanguage\":\"es\",\"@id\":\"https:\/\/experienciadevida.com.ar\/portalurbano\/#\/schema\/person\/image\/\",\"url\":\"https:\/\/secure.gravatar.com\/avatar\/830d4c57adaae6630765e449a6908047?s=96&d=mm&r=g\",\"contentUrl\":\"https:\/\/secure.gravatar.com\/avatar\/830d4c57adaae6630765e449a6908047?s=96&d=mm&r=g\",\"caption\":\"admpu17wp\"}}]}<\/script>\n<!-- \/ Yoast SEO plugin. -->","yoast_head_json":{"title":"Por una Olavarr\u00eda m\u00e1s comprometida con el medio ambiente -","robots":{"index":"index","follow":"follow","max-snippet":"max-snippet:-1","max-image-preview":"max-image-preview:large","max-video-preview":"max-video-preview:-1"},"canonical":"https:\/\/experienciadevida.com.ar\/portalurbano\/por-una-olavarria-mas-comprometida-con-el-medio-ambiente\/","og_locale":"es_ES","og_type":"article","og_title":"Por una Olavarr\u00eda m\u00e1s comprometida con el medio ambiente -","og_description":"Por una Olavarr\u00eda m\u00e1s comprometida con el medio ambiente, &#8220;no hace falta ir muy lejos...","og_url":"https:\/\/experienciadevida.com.ar\/portalurbano\/por-una-olavarria-mas-comprometida-con-el-medio-ambiente\/","article_publisher":"https:\/\/www.facebook.com\/Portal-Urbano-171542830093757\/","article_published_time":"2021-08-22T14:20:48+00:00","article_modified_time":"2021-09-17T20:52:13+00:00","og_image":[{"width":765,"height":510,"url":"https:\/\/experienciadevida.com.ar\/portalurbano\/wp-content\/uploads\/2021\/08\/Por-una-Olavarria-mas-comprometida.jpeg","type":"image\/jpeg"}],"author":"admpu17wp","twitter_card":"summary_large_image","twitter_creator":"@portalurbanook","twitter_site":"@portalurbanook","twitter_misc":{"Escrito por":"admpu17wp","Tiempo de lectura":"2 minutos"},"schema":{"@context":"https:\/\/schema.org","@graph":[{"@type":"Article","@id":"https:\/\/experienciadevida.com.ar\/portalurbano\/por-una-olavarria-mas-comprometida-con-el-medio-ambiente\/#article","isPartOf":{"@id":"https:\/\/experienciadevida.com.ar\/portalurbano\/por-una-olavarria-mas-comprometida-con-el-medio-ambiente\/"},"author":{"name":"admpu17wp","@id":"https:\/\/experienciadevida.com.ar\/portalurbano\/#\/schema\/person\/02dd326b1c4b056e9cc972486934a3a7"},"headline":"Por una Olavarr\u00eda m\u00e1s comprometida con el medio ambiente","datePublished":"2021-08-22T14:20:48+00:00","dateModified":"2021-09-17T20:52:13+00:00","mainEntityOfPage":{"@id":"https:\/\/experienciadevida.com.ar\/portalurbano\/por-una-olavarria-mas-comprometida-con-el-medio-ambiente\/"},"wordCount":297,"publisher":{"@id":"https:\/\/experienciadevida.com.ar\/portalurbano\/#organization"},"articleSection":["Destacadas 2","Pol\u00edtica","POL\u00cdTICOS EN CAMPA\u00d1A \u2013 PASO 2021"],"inLanguage":"es"},{"@type":"WebPage","@id":"https:\/\/experienciadevida.com.ar\/portalurbano\/por-una-olavarria-mas-comprometida-con-el-medio-ambiente\/","url":"https:\/\/experienciadevida.com.ar\/portalurbano\/por-una-olavarria-mas-comprometida-con-el-medio-ambiente\/","name":"Por una Olavarr\u00eda m\u00e1s comprometida con el medio ambiente -","isPartOf":{"@id":"https:\/\/experienciadevida.com.ar\/portalurbano\/#website"},"datePublished":"2021-08-22T14:20:48+00:00","dateModified":"2021-09-17T20:52:13+00:00","breadcrumb":{"@id":"https:\/\/experienciadevida.com.ar\/portalurbano\/por-una-olavarria-mas-comprometida-con-el-medio-ambiente\/#breadcrumb"},"inLanguage":"es","potentialAction":[{"@type":"ReadAction","target":["https:\/\/experienciadevida.com.ar\/portalurbano\/por-una-olavarria-mas-comprometida-con-el-medio-ambiente\/"]}]},{"@type":"BreadcrumbList","@id":"https:\/\/experienciadevida.com.ar\/portalurbano\/por-una-olavarria-mas-comprometida-con-el-medio-ambiente\/#breadcrumb","itemListElement":[{"@type":"ListItem","position":1,"name":"Portada","item":"https:\/\/experienciadevida.com.ar\/portalurbano\/"},{"@type":"ListItem","position":2,"name":"Por una Olavarr\u00eda m\u00e1s comprometida con el medio ambiente"}]},{"@type":"WebSite","@id":"https:\/\/experienciadevida.com.ar\/portalurbano\/#website","url":"https:\/\/experienciadevida.com.ar\/portalurbano\/","name":"","description":"","publisher":{"@id":"https:\/\/experienciadevida.com.ar\/portalurbano\/#organization"},"potentialAction":[{"@type":"SearchAction","target":{"@type":"EntryPoint","urlTemplate":"https:\/\/experienciadevida.com.ar\/portalurbano\/?s={search_term_string}"},"query-input":"required name=search_term_string"}],"inLanguage":"es"},{"@type":"Organization","@id":"https:\/\/experienciadevida.com.ar\/portalurbano\/#organization","name":"Portal Urbano","url":"https:\/\/experienciadevida.com.ar\/portalurbano\/","logo":{"@type":"ImageObject","inLanguage":"es","@id":"https:\/\/experienciadevida.com.ar\/portalurbano\/#\/schema\/logo\/image\/","url":"https:\/\/experienciadevida.com.ar\/portalurbano\/wp-content\/uploads\/2019\/09\/Logo-Original.png","contentUrl":"https:\/\/experienciadevida.com.ar\/portalurbano\/wp-content\/uploads\/2019\/09\/Logo-Original.png","width":2236,"height":1216,"caption":"Portal Urbano"},"image":{"@id":"https:\/\/experienciadevida.com.ar\/portalurbano\/#\/schema\/logo\/image\/"},"sameAs":["https:\/\/www.facebook.com\/Portal-Urbano-171542830093757\/","https:\/\/twitter.com\/portalurbanook","https:\/\/www.instagram.com\/_portalurbano\/","https:\/\/www.youtube.com\/channel\/UCXhagIfszH8KxFiOok79zbA?view_as=subscriber"]},{"@type":"Person","@id":"https:\/\/experienciadevida.com.ar\/portalurbano\/#\/schema\/person\/02dd326b1c4b056e9cc972486934a3a7","name":"admpu17wp","image":{"@type":"ImageObject","inLanguage":"es","@id":"https:\/\/experienciadevida.com.ar\/portalurbano\/#\/schema\/person\/image\/","url":"https:\/\/secure.gravatar.com\/avatar\/830d4c57adaae6630765e449a6908047?s=96&d=mm&r=g","contentUrl":"https:\/\/secure.gravatar.com\/avatar\/830d4c57adaae6630765e449a6908047?s=96&d=mm&r=g","caption":"admpu17wp"}}]}},"featured_image_urls":{"full":["https:\/\/experienciadevida.com.ar\/portalurbano\/wp-content\/uploads\/2021\/08\/Por-una-Olavarria-mas-comprometida.jpeg",765,510,false],"thumbnail":["https:\/\/experienciadevida.com.ar\/portalurbano\/wp-content\/uploads\/2021\/08\/Por-una-Olavarria-mas-comprometida-150x150.jpeg",150,150,true],"medium":["https:\/\/experienciadevida.com.ar\/portalurbano\/wp-content\/uploads\/2021\/08\/Por-una-Olavarria-mas-comprometida-300x200.jpeg",300,200,true],"medium_large":["https:\/\/experienciadevida.com.ar\/portalurbano\/wp-content\/uploads\/2021\/08\/Por-una-Olavarria-mas-comprometida.jpeg",640,427,false],"large":["https:\/\/experienciadevida.com.ar\/portalurbano\/wp-content\/uploads\/2021\/08\/Por-una-Olavarria-mas-comprometida.jpeg",640,427,false],"ug_big":["https:\/\/experienciadevida.com.ar\/portalurbano\/wp-content\/uploads\/2021\/08\/Por-una-Olavarria-mas-comprometida.jpeg",765,510,false],"1536x1536":["https:\/\/experienciadevida.com.ar\/portalurbano\/wp-content\/uploads\/2021\/08\/Por-una-Olavarria-mas-comprometida.jpeg",765,510,false],"2048x2048":["https:\/\/experienciadevida.com.ar\/portalurbano\/wp-content\/uploads\/2021\/08\/Por-una-Olavarria-mas-comprometida.jpeg",765,510,false],"newsever-slider-full":["https:\/\/experienciadevida.com.ar\/portalurbano\/wp-content\/uploads\/2021\/08\/Por-una-Olavarria-mas-comprometida.jpeg",765,510,false],"newsever-featured":["https:\/\/experienciadevida.com.ar\/portalurbano\/wp-content\/uploads\/2021\/08\/Por-una-Olavarria-mas-comprometida.jpeg",765,510,false],"newsever-medium":["https:\/\/experienciadevida.com.ar\/portalurbano\/wp-content\/uploads\/2021\/08\/Por-una-Olavarria-mas-comprometida.jpeg",713,475,false],"web-stories-poster-portrait":["https:\/\/experienciadevida.com.ar\/portalurbano\/wp-content\/uploads\/2021\/08\/Por-una-Olavarria-mas-comprometida.jpeg",640,427,false],"web-stories-publisher-logo":["https:\/\/experienciadevida.com.ar\/portalurbano\/wp-content\/uploads\/2021\/08\/Por-una-Olavarria-mas-comprometida.jpeg",96,64,false],"web-stories-thumbnail":["https:\/\/experienciadevida.com.ar\/portalurbano\/wp-content\/uploads\/2021\/08\/Por-una-Olavarria-mas-comprometida.jpeg",150,100,false]},"author_info":{"display_name":"admpu17wp","author_link":"https:\/\/experienciadevida.com.ar\/portalurbano\/author\/admpu17wp\/"},"category_info":"<a href=\"https:\/\/experienciadevida.com.ar\/portalurbano\/category\/destacadas-2\/\" rel=\"category tag\">Destacadas 2<\/a> <a href=\"https:\/\/experienciadevida.com.ar\/portalurbano\/category\/politica\/\" rel=\"category tag\">Pol\u00edtica<\/a> <a href=\"https:\/\/experienciadevida.com.ar\/portalurbano\/category\/politicos-en-campana-paso-2021\/\" rel=\"category tag\">POL\u00cdTICOS EN CAMPA\u00d1A \u2013 PASO 2021<\/a>","tag_info":"POL\u00cdTICOS EN CAMPA\u00d1A \u2013 PASO 2021","comment_count":"0","amp_enabled":true,"_links":{"self":[{"href":"https:\/\/experienciadevida.com.ar\/portalurbano\/wp-json\/wp\/v2\/posts\/150865"}],"collection":[{"href":"https:\/\/experienciadevida.com.ar\/portalurbano\/wp-json\/wp\/v2\/posts"}],"about":[{"href":"https:\/\/experienciadevida.com.ar\/portalurbano\/wp-json\/wp\/v2\/types\/post"}],"author":[{"embeddable":true,"href":"https:\/\/experienciadevida.com.ar\/portalurbano\/wp-json\/wp\/v2\/users\/1"}],"replies":[{"embeddable":true,"href":"https:\/\/experienciadevida.com.ar\/portalurbano\/wp-json\/wp\/v2\/comments?post=150865"}],"version-history":[{"count":1,"href":"https:\/\/experienciadevida.com.ar\/portalurbano\/wp-json\/wp\/v2\/posts\/150865\/revisions"}],"predecessor-version":[{"id":150867,"href":"https:\/\/experienciadevida.com.ar\/portalurbano\/wp-json\/wp\/v2\/posts\/150865\/revisions\/150867"}],"wp:featuredmedia":[{"embeddable":true,"href":"https:\/\/experienciadevida.com.ar\/portalurbano\/wp-json\/wp\/v2\/media\/150866"}],"wp:attachment":[{"href":"https:\/\/experienciadevida.com.ar\/portalurbano\/wp-json\/wp\/v2\/media?parent=150865"}],"wp:term":[{"taxonomy":"category","embeddable":true,"href":"https:\/\/experienciadevida.com.ar\/portalurbano\/wp-json\/wp\/v2\/categories?post=150865"},{"taxonomy":"post_tag","embeddable":true,"href":"https:\/\/experienciadevida.com.ar\/portalurbano\/wp-json\/wp\/v2\/tags?post=150865"}],"curies":[{"name":"wp","href":"https:\/\/api.w.org\/{rel}","templated":true}]}}