{"id":150839,"date":"2021-08-21T20:01:55","date_gmt":"2021-08-21T23:01:55","guid":{"rendered":"https:\/\/experienciadevida.com.ar\/portalurbano\/?p=150839"},"modified":"2021-08-21T20:03:59","modified_gmt":"2021-08-21T23:03:59","slug":"el-campo-bonaerense-reclamo-por-las-restricciones-a-la-carne-y-la-politica-agropecuaria","status":"publish","type":"post","link":"https:\/\/experienciadevida.com.ar\/portalurbano\/el-campo-bonaerense-reclamo-por-las-restricciones-a-la-carne-y-la-politica-agropecuaria\/","title":{"rendered":"El campo bonaerense reclam\u00f3 por las restricciones a la carne y la pol\u00edtica agropecuaria"},"content":{"rendered":"<p>El campo bonaerense reclam\u00f3 por las restricciones a la carne y la pol\u00edtica agropecuaria, fue durante el consejo Abierto de Carbap en Olavarr\u00eda. Se volvi\u00f3 a criticar al Gobierno y algunos dirigentes pidieron por un paro del sector.<\/p>\n<p>Fue durante un Consejo Directivo Abierto realizado este s\u00e1bado en el predio de la Sociedad Rural de Olavarr\u00eda y convocado por la Confederaci\u00f3n de Asociaciones Rurales de Buenos Aires y La Pampa (Carbap).<\/p>\n<p>Representantes de la producci\u00f3n debatieron all\u00ed los pasos a seguir si el Gobierno nacional mantiene o avanza con el cepo exportador. El pr\u00f3ximo 31 de agosto vence el actual sistema de cuotas de exportaciones de carne vacuna, que permite comercializar al mundo un m\u00e1ximo del 50% del promedio exportado en 2020.<\/p>\n<p>Algunos productores pidieron elevar un mandato con medidas de fuerzas como \u201cir a un paro de actividades\u201d o evitar por un tiempo determinado la compra de bienes de capital. Otros, en cambio, apuntaron a \u201cdesarmar el discurso del Gobierno\u201d y tener m\u00e1s representantes en concejos deliberantes en las pr\u00f3ximas elecciones.<\/p>\n<p>El campo bonaerense reclam\u00f3 por las restricciones a la carne y la pol\u00edtica agropecuaria, \u201cNos junt\u00f3 el espanto, la adversidad y un Gobierno que no nos escucha. Sin embargo, tenemos que trabajar de manera coordinada, organizada y ampliar la base de reclamo sumando a otros sectores que est\u00e1n complicados como nosotros, para de esa manera dar un salto de calidad en la propuesta. La paciencia es compleja y las necesidades son muchas\u201d, dijo Horacio Salaverri, presidente de Carbap, ante unos 150 productores.<\/p>\n<p>Por su parte, el vicepresidente de Confederaciones Rurales Argentinas (CRA), Gabriel De Raedemaeker, tambi\u00e9n cuestion\u00f3 a la administraci\u00f3n nacional y asegur\u00f3 que el campo seguir\u00e1 en la b\u00fasqueda de dialogar con los funcionarios. \u201cEl Gobierno nos puso en la vereda de enfrente, ha elegido el escenario de pelea en lugar del escenario de concertaci\u00f3n, de propiciar la producci\u00f3n y el ingreso de divisas y la generaci\u00f3n de mano de obra. Nosotros no podemos m\u00e1s que seguir insistiendo en el camino del di\u00e1logo y de advertencia hacia un Gobierno que siempre se ha mostrado hostil con la producci\u00f3n\u201d, dijo.<\/p>\n<p>Los trabajadores de la carne tambi\u00e9n estuvieron presentes en el encuentro de Olavarr\u00eda. Gabriel Vallejos, secretario General de la Federaci\u00f3n de Sindicatos de Trabajadores de la Carne y Afines de la Rep\u00fablica Argentina, explic\u00f3 que hasta el momento no hay despidos masivos en la industria frigor\u00edfica, pero si el trabajador sufri\u00f3 una ca\u00edda de entre un 40 y 50% del salario real, por la menor faena. \u201cNo queremos volver al 2006. Estamos gestionando ante la Secretar\u00eda de Comercio Interior para que nos escuchen y sea contemplada la situaci\u00f3n de los trabajadores\u201d, dijo.<\/p>\n<p>Fuente: DIB<\/p>\n","protected":false},"excerpt":{"rendered":"<p>El campo bonaerense reclam\u00f3 por las restricciones a la carne y la pol\u00edtica agropecuaria, fue&#8230;<\/p>\n","protected":false},"author":1,"featured_media":150840,"comment_status":"closed","ping_status":"closed","sticky":false,"template":"","format":"standard","meta":{"content-type":""},"categories":[27,64],"tags":[],"nelio_content":{"isAutoShareEnabled":false,"autoShareEndMode":"default","automationSources":{"useContentSentences":true,"useSocialTemplates":true,"useCustomSentences":false,"customSentences":[]},"followers":[1],"suggestedReferences":[],"includedReferences":[],"efiUrl":"","efiAlt":"","highlights":[]},"yoast_head":"<!-- This site is optimized with the Yoast SEO plugin v20.7 - https:\/\/yoast.com\/wordpress\/plugins\/seo\/ -->\n<title>El campo bonaerense reclam\u00f3 por las restricciones a la carne<\/title>\n<meta name=\"description\" content=\"El campo bonaerense reclam\u00f3 por las restricciones a la carne y la pol\u00edtica agropecuaria, fue durante el consejo Abierto de Carbap\" \/>\n<meta name=\"robots\" content=\"index, follow, max-snippet:-1, max-image-preview:large, max-video-preview:-1\" \/>\n<link rel=\"canonical\" href=\"https:\/\/experienciadevida.com.ar\/portalurbano\/el-campo-bonaerense-reclamo-por-las-restricciones-a-la-carne-y-la-politica-agropecuaria\/\" \/>\n<meta property=\"og:locale\" content=\"es_ES\" \/>\n<meta property=\"og:type\" content=\"article\" \/>\n<meta property=\"og:title\" content=\"El campo bonaerense reclam\u00f3 por las restricciones a la carne\" \/>\n<meta property=\"og:description\" content=\"El campo bonaerense reclam\u00f3 por las restricciones a la carne y la pol\u00edtica agropecuaria, fue durante el consejo Abierto de Carbap\" \/>\n<meta property=\"og:url\" content=\"https:\/\/experienciadevida.com.ar\/portalurbano\/el-campo-bonaerense-reclamo-por-las-restricciones-a-la-carne-y-la-politica-agropecuaria\/\" \/>\n<meta property=\"article:publisher\" content=\"https:\/\/www.facebook.com\/Portal-Urbano-171542830093757\/\" \/>\n<meta property=\"article:published_time\" content=\"2021-08-21T23:01:55+00:00\" \/>\n<meta property=\"article:modified_time\" content=\"2021-08-21T23:03:59+00:00\" \/>\n<meta property=\"og:image\" content=\"https:\/\/experienciadevida.com.ar\/portalurbano\/wp-content\/uploads\/2021\/08\/El-campo-bonaerense-reclamo-por.jpg\" \/>\n\t<meta property=\"og:image:width\" content=\"696\" \/>\n\t<meta property=\"og:image:height\" content=\"549\" \/>\n\t<meta property=\"og:image:type\" content=\"image\/jpeg\" \/>\n<meta name=\"author\" content=\"admpu17wp\" \/>\n<meta name=\"twitter:card\" content=\"summary_large_image\" \/>\n<meta name=\"twitter:creator\" content=\"@portalurbanook\" \/>\n<meta name=\"twitter:site\" content=\"@portalurbanook\" \/>\n<meta name=\"twitter:label1\" content=\"Escrito por\" \/>\n\t<meta name=\"twitter:data1\" content=\"admpu17wp\" \/>\n\t<meta name=\"twitter:label2\" content=\"Tiempo de lectura\" \/>\n\t<meta name=\"twitter:data2\" content=\"2 minutos\" \/>\n<script type=\"application\/ld+json\" class=\"yoast-schema-graph\">{\"@context\":\"https:\/\/schema.org\",\"@graph\":[{\"@type\":\"Article\",\"@id\":\"https:\/\/experienciadevida.com.ar\/portalurbano\/el-campo-bonaerense-reclamo-por-las-restricciones-a-la-carne-y-la-politica-agropecuaria\/#article\",\"isPartOf\":{\"@id\":\"https:\/\/experienciadevida.com.ar\/portalurbano\/el-campo-bonaerense-reclamo-por-las-restricciones-a-la-carne-y-la-politica-agropecuaria\/\"},\"author\":{\"name\":\"admpu17wp\",\"@id\":\"https:\/\/experienciadevida.com.ar\/portalurbano\/#\/schema\/person\/02dd326b1c4b056e9cc972486934a3a7\"},\"headline\":\"El campo bonaerense reclam\u00f3 por las restricciones a la carne y la pol\u00edtica agropecuaria\",\"datePublished\":\"2021-08-21T23:01:55+00:00\",\"dateModified\":\"2021-08-21T23:03:59+00:00\",\"mainEntityOfPage\":{\"@id\":\"https:\/\/experienciadevida.com.ar\/portalurbano\/el-campo-bonaerense-reclamo-por-las-restricciones-a-la-carne-y-la-politica-agropecuaria\/\"},\"wordCount\":483,\"publisher\":{\"@id\":\"https:\/\/experienciadevida.com.ar\/portalurbano\/#organization\"},\"articleSection\":[\"Ciudad\",\"Destacadas 2\"],\"inLanguage\":\"es\"},{\"@type\":\"WebPage\",\"@id\":\"https:\/\/experienciadevida.com.ar\/portalurbano\/el-campo-bonaerense-reclamo-por-las-restricciones-a-la-carne-y-la-politica-agropecuaria\/\",\"url\":\"https:\/\/experienciadevida.com.ar\/portalurbano\/el-campo-bonaerense-reclamo-por-las-restricciones-a-la-carne-y-la-politica-agropecuaria\/\",\"name\":\"El campo bonaerense reclam\u00f3 por las restricciones a la carne\",\"isPartOf\":{\"@id\":\"https:\/\/experienciadevida.com.ar\/portalurbano\/#website\"},\"datePublished\":\"2021-08-21T23:01:55+00:00\",\"dateModified\":\"2021-08-21T23:03:59+00:00\",\"description\":\"El campo bonaerense reclam\u00f3 por las restricciones a la carne y la pol\u00edtica agropecuaria, fue durante el consejo Abierto de Carbap\",\"breadcrumb\":{\"@id\":\"https:\/\/experienciadevida.com.ar\/portalurbano\/el-campo-bonaerense-reclamo-por-las-restricciones-a-la-carne-y-la-politica-agropecuaria\/#breadcrumb\"},\"inLanguage\":\"es\",\"potentialAction\":[{\"@type\":\"ReadAction\",\"target\":[\"https:\/\/experienciadevida.com.ar\/portalurbano\/el-campo-bonaerense-reclamo-por-las-restricciones-a-la-carne-y-la-politica-agropecuaria\/\"]}]},{\"@type\":\"BreadcrumbList\",\"@id\":\"https:\/\/experienciadevida.com.ar\/portalurbano\/el-campo-bonaerense-reclamo-por-las-restricciones-a-la-carne-y-la-politica-agropecuaria\/#breadcrumb\",\"itemListElement\":[{\"@type\":\"ListItem\",\"position\":1,\"name\":\"Portada\",\"item\":\"https:\/\/experienciadevida.com.ar\/portalurbano\/\"},{\"@type\":\"ListItem\",\"position\":2,\"name\":\"El campo bonaerense reclam\u00f3 por las restricciones a la carne y la pol\u00edtica agropecuaria\"}]},{\"@type\":\"WebSite\",\"@id\":\"https:\/\/experienciadevida.com.ar\/portalurbano\/#website\",\"url\":\"https:\/\/experienciadevida.com.ar\/portalurbano\/\",\"name\":\"\",\"description\":\"\",\"publisher\":{\"@id\":\"https:\/\/experienciadevida.com.ar\/portalurbano\/#organization\"},\"potentialAction\":[{\"@type\":\"SearchAction\",\"target\":{\"@type\":\"EntryPoint\",\"urlTemplate\":\"https:\/\/experienciadevida.com.ar\/portalurbano\/?s={search_term_string}\"},\"query-input\":\"required name=search_term_string\"}],\"inLanguage\":\"es\"},{\"@type\":\"Organization\",\"@id\":\"https:\/\/experienciadevida.com.ar\/portalurbano\/#organization\",\"name\":\"Portal Urbano\",\"url\":\"https:\/\/experienciadevida.com.ar\/portalurbano\/\",\"logo\":{\"@type\":\"ImageObject\",\"inLanguage\":\"es\",\"@id\":\"https:\/\/experienciadevida.com.ar\/portalurbano\/#\/schema\/logo\/image\/\",\"url\":\"https:\/\/experienciadevida.com.ar\/portalurbano\/wp-content\/uploads\/2019\/09\/Logo-Original.png\",\"contentUrl\":\"https:\/\/experienciadevida.com.ar\/portalurbano\/wp-content\/uploads\/2019\/09\/Logo-Original.png\",\"width\":2236,\"height\":1216,\"caption\":\"Portal Urbano\"},\"image\":{\"@id\":\"https:\/\/experienciadevida.com.ar\/portalurbano\/#\/schema\/logo\/image\/\"},\"sameAs\":[\"https:\/\/www.facebook.com\/Portal-Urbano-171542830093757\/\",\"https:\/\/twitter.com\/portalurbanook\",\"https:\/\/www.instagram.com\/_portalurbano\/\",\"https:\/\/www.youtube.com\/channel\/UCXhagIfszH8KxFiOok79zbA?view_as=subscriber\"]},{\"@type\":\"Person\",\"@id\":\"https:\/\/experienciadevida.com.ar\/portalurbano\/#\/schema\/person\/02dd326b1c4b056e9cc972486934a3a7\",\"name\":\"admpu17wp\",\"image\":{\"@type\":\"ImageObject\",\"inLanguage\":\"es\",\"@id\":\"https:\/\/experienciadevida.com.ar\/portalurbano\/#\/schema\/person\/image\/\",\"url\":\"https:\/\/secure.gravatar.com\/avatar\/830d4c57adaae6630765e449a6908047?s=96&d=mm&r=g\",\"contentUrl\":\"https:\/\/secure.gravatar.com\/avatar\/830d4c57adaae6630765e449a6908047?s=96&d=mm&r=g\",\"caption\":\"admpu17wp\"}}]}<\/script>\n<!-- \/ Yoast SEO plugin. -->","yoast_head_json":{"title":"El campo bonaerense reclam\u00f3 por las restricciones a la carne","description":"El campo bonaerense reclam\u00f3 por las restricciones a la carne y la pol\u00edtica agropecuaria, fue durante el consejo Abierto de Carbap","robots":{"index":"index","follow":"follow","max-snippet":"max-snippet:-1","max-image-preview":"max-image-preview:large","max-video-preview":"max-video-preview:-1"},"canonical":"https:\/\/experienciadevida.com.ar\/portalurbano\/el-campo-bonaerense-reclamo-por-las-restricciones-a-la-carne-y-la-politica-agropecuaria\/","og_locale":"es_ES","og_type":"article","og_title":"El campo bonaerense reclam\u00f3 por las restricciones a la carne","og_description":"El campo bonaerense reclam\u00f3 por las restricciones a la carne y la pol\u00edtica agropecuaria, fue durante el consejo Abierto de Carbap","og_url":"https:\/\/experienciadevida.com.ar\/portalurbano\/el-campo-bonaerense-reclamo-por-las-restricciones-a-la-carne-y-la-politica-agropecuaria\/","article_publisher":"https:\/\/www.facebook.com\/Portal-Urbano-171542830093757\/","article_published_time":"2021-08-21T23:01:55+00:00","article_modified_time":"2021-08-21T23:03:59+00:00","og_image":[{"width":696,"height":549,"url":"https:\/\/experienciadevida.com.ar\/portalurbano\/wp-content\/uploads\/2021\/08\/El-campo-bonaerense-reclamo-por.jpg","type":"image\/jpeg"}],"author":"admpu17wp","twitter_card":"summary_large_image","twitter_creator":"@portalurbanook","twitter_site":"@portalurbanook","twitter_misc":{"Escrito por":"admpu17wp","Tiempo de lectura":"2 minutos"},"schema":{"@context":"https:\/\/schema.org","@graph":[{"@type":"Article","@id":"https:\/\/experienciadevida.com.ar\/portalurbano\/el-campo-bonaerense-reclamo-por-las-restricciones-a-la-carne-y-la-politica-agropecuaria\/#article","isPartOf":{"@id":"https:\/\/experienciadevida.com.ar\/portalurbano\/el-campo-bonaerense-reclamo-por-las-restricciones-a-la-carne-y-la-politica-agropecuaria\/"},"author":{"name":"admpu17wp","@id":"https:\/\/experienciadevida.com.ar\/portalurbano\/#\/schema\/person\/02dd326b1c4b056e9cc972486934a3a7"},"headline":"El campo bonaerense reclam\u00f3 por las restricciones a la carne y la pol\u00edtica agropecuaria","datePublished":"2021-08-21T23:01:55+00:00","dateModified":"2021-08-21T23:03:59+00:00","mainEntityOfPage":{"@id":"https:\/\/experienciadevida.com.ar\/portalurbano\/el-campo-bonaerense-reclamo-por-las-restricciones-a-la-carne-y-la-politica-agropecuaria\/"},"wordCount":483,"publisher":{"@id":"https:\/\/experienciadevida.com.ar\/portalurbano\/#organization"},"articleSection":["Ciudad","Destacadas 2"],"inLanguage":"es"},{"@type":"WebPage","@id":"https:\/\/experienciadevida.com.ar\/portalurbano\/el-campo-bonaerense-reclamo-por-las-restricciones-a-la-carne-y-la-politica-agropecuaria\/","url":"https:\/\/experienciadevida.com.ar\/portalurbano\/el-campo-bonaerense-reclamo-por-las-restricciones-a-la-carne-y-la-politica-agropecuaria\/","name":"El campo bonaerense reclam\u00f3 por las restricciones a la carne","isPartOf":{"@id":"https:\/\/experienciadevida.com.ar\/portalurbano\/#website"},"datePublished":"2021-08-21T23:01:55+00:00","dateModified":"2021-08-21T23:03:59+00:00","description":"El campo bonaerense reclam\u00f3 por las restricciones a la carne y la pol\u00edtica agropecuaria, fue durante el consejo Abierto de Carbap","breadcrumb":{"@id":"https:\/\/experienciadevida.com.ar\/portalurbano\/el-campo-bonaerense-reclamo-por-las-restricciones-a-la-carne-y-la-politica-agropecuaria\/#breadcrumb"},"inLanguage":"es","potentialAction":[{"@type":"ReadAction","target":["https:\/\/experienciadevida.com.ar\/portalurbano\/el-campo-bonaerense-reclamo-por-las-restricciones-a-la-carne-y-la-politica-agropecuaria\/"]}]},{"@type":"BreadcrumbList","@id":"https:\/\/experienciadevida.com.ar\/portalurbano\/el-campo-bonaerense-reclamo-por-las-restricciones-a-la-carne-y-la-politica-agropecuaria\/#breadcrumb","itemListElement":[{"@type":"ListItem","position":1,"name":"Portada","item":"https:\/\/experienciadevida.com.ar\/portalurbano\/"},{"@type":"ListItem","position":2,"name":"El campo bonaerense reclam\u00f3 por las restricciones a la carne y la pol\u00edtica agropecuaria"}]},{"@type":"WebSite","@id":"https:\/\/experienciadevida.com.ar\/portalurbano\/#website","url":"https:\/\/experienciadevida.com.ar\/portalurbano\/","name":"","description":"","publisher":{"@id":"https:\/\/experienciadevida.com.ar\/portalurbano\/#organization"},"potentialAction":[{"@type":"SearchAction","target":{"@type":"EntryPoint","urlTemplate":"https:\/\/experienciadevida.com.ar\/portalurbano\/?s={search_term_string}"},"query-input":"required name=search_term_string"}],"inLanguage":"es"},{"@type":"Organization","@id":"https:\/\/experienciadevida.com.ar\/portalurbano\/#organization","name":"Portal Urbano","url":"https:\/\/experienciadevida.com.ar\/portalurbano\/","logo":{"@type":"ImageObject","inLanguage":"es","@id":"https:\/\/experienciadevida.com.ar\/portalurbano\/#\/schema\/logo\/image\/","url":"https:\/\/experienciadevida.com.ar\/portalurbano\/wp-content\/uploads\/2019\/09\/Logo-Original.png","contentUrl":"https:\/\/experienciadevida.com.ar\/portalurbano\/wp-content\/uploads\/2019\/09\/Logo-Original.png","width":2236,"height":1216,"caption":"Portal Urbano"},"image":{"@id":"https:\/\/experienciadevida.com.ar\/portalurbano\/#\/schema\/logo\/image\/"},"sameAs":["https:\/\/www.facebook.com\/Portal-Urbano-171542830093757\/","https:\/\/twitter.com\/portalurbanook","https:\/\/www.instagram.com\/_portalurbano\/","https:\/\/www.youtube.com\/channel\/UCXhagIfszH8KxFiOok79zbA?view_as=subscriber"]},{"@type":"Person","@id":"https:\/\/experienciadevida.com.ar\/portalurbano\/#\/schema\/person\/02dd326b1c4b056e9cc972486934a3a7","name":"admpu17wp","image":{"@type":"ImageObject","inLanguage":"es","@id":"https:\/\/experienciadevida.com.ar\/portalurbano\/#\/schema\/person\/image\/","url":"https:\/\/secure.gravatar.com\/avatar\/830d4c57adaae6630765e449a6908047?s=96&d=mm&r=g","contentUrl":"https:\/\/secure.gravatar.com\/avatar\/830d4c57adaae6630765e449a6908047?s=96&d=mm&r=g","caption":"admpu17wp"}}]}},"featured_image_urls":{"full":["https:\/\/experienciadevida.com.ar\/portalurbano\/wp-content\/uploads\/2021\/08\/El-campo-bonaerense-reclamo-por.jpg",696,549,false],"thumbnail":["https:\/\/experienciadevida.com.ar\/portalurbano\/wp-content\/uploads\/2021\/08\/El-campo-bonaerense-reclamo-por-150x150.jpg",150,150,true],"medium":["https:\/\/experienciadevida.com.ar\/portalurbano\/wp-content\/uploads\/2021\/08\/El-campo-bonaerense-reclamo-por-300x237.jpg",300,237,true],"medium_large":["https:\/\/experienciadevida.com.ar\/portalurbano\/wp-content\/uploads\/2021\/08\/El-campo-bonaerense-reclamo-por.jpg",640,505,false],"large":["https:\/\/experienciadevida.com.ar\/portalurbano\/wp-content\/uploads\/2021\/08\/El-campo-bonaerense-reclamo-por.jpg",640,505,false],"ug_big":["https:\/\/experienciadevida.com.ar\/portalurbano\/wp-content\/uploads\/2021\/08\/El-campo-bonaerense-reclamo-por.jpg",696,549,false],"1536x1536":["https:\/\/experienciadevida.com.ar\/portalurbano\/wp-content\/uploads\/2021\/08\/El-campo-bonaerense-reclamo-por.jpg",696,549,false],"2048x2048":["https:\/\/experienciadevida.com.ar\/portalurbano\/wp-content\/uploads\/2021\/08\/El-campo-bonaerense-reclamo-por.jpg",696,549,false],"newsever-slider-full":["https:\/\/experienciadevida.com.ar\/portalurbano\/wp-content\/uploads\/2021\/08\/El-campo-bonaerense-reclamo-por.jpg",696,549,false],"newsever-featured":["https:\/\/experienciadevida.com.ar\/portalurbano\/wp-content\/uploads\/2021\/08\/El-campo-bonaerense-reclamo-por.jpg",696,549,false],"newsever-medium":["https:\/\/experienciadevida.com.ar\/portalurbano\/wp-content\/uploads\/2021\/08\/El-campo-bonaerense-reclamo-por.jpg",602,475,false],"web-stories-poster-portrait":["https:\/\/experienciadevida.com.ar\/portalurbano\/wp-content\/uploads\/2021\/08\/El-campo-bonaerense-reclamo-por.jpg",640,505,false],"web-stories-publisher-logo":["https:\/\/experienciadevida.com.ar\/portalurbano\/wp-content\/uploads\/2021\/08\/El-campo-bonaerense-reclamo-por.jpg",96,76,false],"web-stories-thumbnail":["https:\/\/experienciadevida.com.ar\/portalurbano\/wp-content\/uploads\/2021\/08\/El-campo-bonaerense-reclamo-por.jpg",150,118,false]},"author_info":{"display_name":"admpu17wp","author_link":"https:\/\/experienciadevida.com.ar\/portalurbano\/author\/admpu17wp\/"},"category_info":"<a href=\"https:\/\/experienciadevida.com.ar\/portalurbano\/category\/ciudad\/\" rel=\"category tag\">Ciudad<\/a> <a href=\"https:\/\/experienciadevida.com.ar\/portalurbano\/category\/destacadas-2\/\" rel=\"category tag\">Destacadas 2<\/a>","tag_info":"Destacadas 2","comment_count":"0","amp_enabled":true,"_links":{"self":[{"href":"https:\/\/experienciadevida.com.ar\/portalurbano\/wp-json\/wp\/v2\/posts\/150839"}],"collection":[{"href":"https:\/\/experienciadevida.com.ar\/portalurbano\/wp-json\/wp\/v2\/posts"}],"about":[{"href":"https:\/\/experienciadevida.com.ar\/portalurbano\/wp-json\/wp\/v2\/types\/post"}],"author":[{"embeddable":true,"href":"https:\/\/experienciadevida.com.ar\/portalurbano\/wp-json\/wp\/v2\/users\/1"}],"replies":[{"embeddable":true,"href":"https:\/\/experienciadevida.com.ar\/portalurbano\/wp-json\/wp\/v2\/comments?post=150839"}],"version-history":[{"count":1,"href":"https:\/\/experienciadevida.com.ar\/portalurbano\/wp-json\/wp\/v2\/posts\/150839\/revisions"}],"predecessor-version":[{"id":150841,"href":"https:\/\/experienciadevida.com.ar\/portalurbano\/wp-json\/wp\/v2\/posts\/150839\/revisions\/150841"}],"wp:featuredmedia":[{"embeddable":true,"href":"https:\/\/experienciadevida.com.ar\/portalurbano\/wp-json\/wp\/v2\/media\/150840"}],"wp:attachment":[{"href":"https:\/\/experienciadevida.com.ar\/portalurbano\/wp-json\/wp\/v2\/media?parent=150839"}],"wp:term":[{"taxonomy":"category","embeddable":true,"href":"https:\/\/experienciadevida.com.ar\/portalurbano\/wp-json\/wp\/v2\/categories?post=150839"},{"taxonomy":"post_tag","embeddable":true,"href":"https:\/\/experienciadevida.com.ar\/portalurbano\/wp-json\/wp\/v2\/tags?post=150839"}],"curies":[{"name":"wp","href":"https:\/\/api.w.org\/{rel}","templated":true}]}}