{"id":150768,"date":"2021-08-21T11:37:37","date_gmt":"2021-08-21T14:37:37","guid":{"rendered":"https:\/\/experienciadevida.com.ar\/portalurbano\/?p=150768"},"modified":"2021-08-21T11:46:01","modified_gmt":"2021-08-21T14:46:01","slug":"los-eventos-viales-disminuyeron-un-296-en-el-primer-semestre-de-2021","status":"publish","type":"post","link":"https:\/\/experienciadevida.com.ar\/portalurbano\/los-eventos-viales-disminuyeron-un-296-en-el-primer-semestre-de-2021\/","title":{"rendered":"Los eventos viales disminuyeron un 29,6% en el primer semestre de 2021"},"content":{"rendered":"<p>Los eventos viales disminuyeron un 29,6% en el primer semestre de 2021, as\u00ed lo menciona un informe de siniestros viales desde enero a junio, con datos aportados por la Polic\u00eda de la Provincia de Buenos Aires, el Hospital Municipal \u201cDr. H\u00e9ctor M. Cura\u201d y el Centro de Monitoreo <a href=\"https:\/\/www.facebook.com\/municipiodeolavarria\">Municipal<\/a>,<\/p>\n<p>El an\u00e1lisis surge de un trabajo conjunto del Observatorio Vial Municipal, perteneciente a la Direcci\u00f3n de Acci\u00f3n y Control Urbano, en el marco de un trabajo conjunto con la Direcci\u00f3n de Gobierno Digital de la Subsecretar\u00eda de Modernizaci\u00f3n, que se encarga de compilar y georreferenciar los datos.<\/p>\n<p>Comparando los datos actuales con los del primer semestre de 2019, se observa que bajaron un 29,6 % los eventos viales entre 2019 (631 eventos) y 2021 (444 eventos). Lo mismo ocurre con el porcentaje de heridos, que disminuye al 49,3%, donde el valor promedio hist\u00f3rico es del 63,5%.<\/p>\n<p>Los eventos viales disminuyeron un 29,6% en el primer semestre de 2021, Cabe aclarar que en este punto, no se tomaron en cuenta los datos correspondientes al a\u00f1o 2020, debido al confinamiento total de la Fase 1 de la pandemia.<\/p>\n<p>El 44% de los heridos corresponden a la franja etaria de 20 a 34 a\u00f1os.<\/p>\n<p>Respecto a los siniestros donde hay involucrados motociclistas, se observa una disminuci\u00f3n del porcentaje de heridos (38%), valor que en el a\u00f1o 2020 se hab\u00eda elevado al 52,4%, probablemente por el mayor uso de este tipo de veh\u00edculos y el aumento de la modalidad de compra por delivery. El porcentaje de heridos en motoveh\u00edculos del a\u00f1o 2019 fue de 45%.<\/p>\n<p>Respecto a los fallecidos del primer semestre del a\u00f1o 2021, se contabilizaron 8 \u00f3bitos, de los cuales s\u00f3lo uno se produjo en la planta urbana (siniestro auto-moto en Del Valle y Lamadrid) y el resto en rutas (5 en la ruta nacional N\u00b0 226 y 2 en la ruta provincial N\u00b0 51).<\/p>\n<p>Todos estos datos relevados y luego organizados en un sistema de georreferenciaci\u00f3n a trav\u00e9s de la Direcci\u00f3n de Gobierno Digital, es una herramienta fundamental para la toma de decisiones en materia de seguridad vial, en materia de prevenci\u00f3n de siniestros viales, como as\u00ed tambi\u00e9n en la planificaci\u00f3n de pol\u00edticas de acci\u00f3n en la materia, llevada a cabo por la Direcci\u00f3n de Control Urbano.<\/p>\n<p>&nbsp;<\/p>\n","protected":false},"excerpt":{"rendered":"<p>Los eventos viales disminuyeron un 29,6% en el primer semestre de 2021, as\u00ed lo menciona&#8230;<\/p>\n","protected":false},"author":1,"featured_media":0,"comment_status":"closed","ping_status":"closed","sticky":false,"template":"","format":"standard","meta":{"content-type":""},"categories":[27,64],"tags":[],"nelio_content":{"isAutoShareEnabled":false,"autoShareEndMode":"default","automationSources":{"useContentSentences":true,"useSocialTemplates":true,"useCustomSentences":false,"customSentences":[]},"followers":[1],"suggestedReferences":[],"includedReferences":[],"efiUrl":"","efiAlt":"","highlights":[]},"yoast_head":"<!-- This site is optimized with the Yoast SEO plugin v20.7 - https:\/\/yoast.com\/wordpress\/plugins\/seo\/ -->\n<title>Los eventos viales disminuyeron un 29,6% en el primer semestre<\/title>\n<meta name=\"description\" content=\"Los eventos viales disminuyeron un 29,6% en el primer semestre de 2021, as\u00ed lo menciona un informe de siniestros viales desde enero a junio\" \/>\n<meta name=\"robots\" content=\"index, follow, max-snippet:-1, max-image-preview:large, max-video-preview:-1\" \/>\n<link rel=\"canonical\" href=\"https:\/\/experienciadevida.com.ar\/portalurbano\/los-eventos-viales-disminuyeron-un-296-en-el-primer-semestre-de-2021\/\" \/>\n<meta property=\"og:locale\" content=\"es_ES\" \/>\n<meta property=\"og:type\" content=\"article\" \/>\n<meta property=\"og:title\" content=\"Los eventos viales disminuyeron un 29,6% en el primer semestre\" \/>\n<meta property=\"og:description\" content=\"Los eventos viales disminuyeron un 29,6% en el primer semestre de 2021, as\u00ed lo menciona un informe de siniestros viales desde enero a junio\" \/>\n<meta property=\"og:url\" content=\"https:\/\/experienciadevida.com.ar\/portalurbano\/los-eventos-viales-disminuyeron-un-296-en-el-primer-semestre-de-2021\/\" \/>\n<meta property=\"article:publisher\" content=\"https:\/\/www.facebook.com\/Portal-Urbano-171542830093757\/\" \/>\n<meta property=\"article:published_time\" content=\"2021-08-21T14:37:37+00:00\" \/>\n<meta property=\"article:modified_time\" content=\"2021-08-21T14:46:01+00:00\" \/>\n<meta name=\"author\" content=\"admpu17wp\" \/>\n<meta name=\"twitter:card\" content=\"summary_large_image\" \/>\n<meta name=\"twitter:creator\" content=\"@portalurbanook\" \/>\n<meta name=\"twitter:site\" content=\"@portalurbanook\" \/>\n<meta name=\"twitter:label1\" content=\"Escrito por\" \/>\n\t<meta name=\"twitter:data1\" content=\"admpu17wp\" \/>\n\t<meta name=\"twitter:label2\" content=\"Tiempo de lectura\" \/>\n\t<meta name=\"twitter:data2\" content=\"2 minutos\" \/>\n<script type=\"application\/ld+json\" class=\"yoast-schema-graph\">{\"@context\":\"https:\/\/schema.org\",\"@graph\":[{\"@type\":\"Article\",\"@id\":\"https:\/\/experienciadevida.com.ar\/portalurbano\/los-eventos-viales-disminuyeron-un-296-en-el-primer-semestre-de-2021\/#article\",\"isPartOf\":{\"@id\":\"https:\/\/experienciadevida.com.ar\/portalurbano\/los-eventos-viales-disminuyeron-un-296-en-el-primer-semestre-de-2021\/\"},\"author\":{\"name\":\"admpu17wp\",\"@id\":\"https:\/\/experienciadevida.com.ar\/portalurbano\/#\/schema\/person\/02dd326b1c4b056e9cc972486934a3a7\"},\"headline\":\"Los eventos viales disminuyeron un 29,6% en el primer semestre de 2021\",\"datePublished\":\"2021-08-21T14:37:37+00:00\",\"dateModified\":\"2021-08-21T14:46:01+00:00\",\"mainEntityOfPage\":{\"@id\":\"https:\/\/experienciadevida.com.ar\/portalurbano\/los-eventos-viales-disminuyeron-un-296-en-el-primer-semestre-de-2021\/\"},\"wordCount\":385,\"publisher\":{\"@id\":\"https:\/\/experienciadevida.com.ar\/portalurbano\/#organization\"},\"articleSection\":[\"Ciudad\",\"Destacadas 2\"],\"inLanguage\":\"es\"},{\"@type\":\"WebPage\",\"@id\":\"https:\/\/experienciadevida.com.ar\/portalurbano\/los-eventos-viales-disminuyeron-un-296-en-el-primer-semestre-de-2021\/\",\"url\":\"https:\/\/experienciadevida.com.ar\/portalurbano\/los-eventos-viales-disminuyeron-un-296-en-el-primer-semestre-de-2021\/\",\"name\":\"Los eventos viales disminuyeron un 29,6% en el primer semestre\",\"isPartOf\":{\"@id\":\"https:\/\/experienciadevida.com.ar\/portalurbano\/#website\"},\"datePublished\":\"2021-08-21T14:37:37+00:00\",\"dateModified\":\"2021-08-21T14:46:01+00:00\",\"description\":\"Los eventos viales disminuyeron un 29,6% en el primer semestre de 2021, as\u00ed lo menciona un informe de siniestros viales desde enero a junio\",\"breadcrumb\":{\"@id\":\"https:\/\/experienciadevida.com.ar\/portalurbano\/los-eventos-viales-disminuyeron-un-296-en-el-primer-semestre-de-2021\/#breadcrumb\"},\"inLanguage\":\"es\",\"potentialAction\":[{\"@type\":\"ReadAction\",\"target\":[\"https:\/\/experienciadevida.com.ar\/portalurbano\/los-eventos-viales-disminuyeron-un-296-en-el-primer-semestre-de-2021\/\"]}]},{\"@type\":\"BreadcrumbList\",\"@id\":\"https:\/\/experienciadevida.com.ar\/portalurbano\/los-eventos-viales-disminuyeron-un-296-en-el-primer-semestre-de-2021\/#breadcrumb\",\"itemListElement\":[{\"@type\":\"ListItem\",\"position\":1,\"name\":\"Portada\",\"item\":\"https:\/\/experienciadevida.com.ar\/portalurbano\/\"},{\"@type\":\"ListItem\",\"position\":2,\"name\":\"Los eventos viales disminuyeron un 29,6% en el primer semestre de 2021\"}]},{\"@type\":\"WebSite\",\"@id\":\"https:\/\/experienciadevida.com.ar\/portalurbano\/#website\",\"url\":\"https:\/\/experienciadevida.com.ar\/portalurbano\/\",\"name\":\"\",\"description\":\"\",\"publisher\":{\"@id\":\"https:\/\/experienciadevida.com.ar\/portalurbano\/#organization\"},\"potentialAction\":[{\"@type\":\"SearchAction\",\"target\":{\"@type\":\"EntryPoint\",\"urlTemplate\":\"https:\/\/experienciadevida.com.ar\/portalurbano\/?s={search_term_string}\"},\"query-input\":\"required name=search_term_string\"}],\"inLanguage\":\"es\"},{\"@type\":\"Organization\",\"@id\":\"https:\/\/experienciadevida.com.ar\/portalurbano\/#organization\",\"name\":\"Portal Urbano\",\"url\":\"https:\/\/experienciadevida.com.ar\/portalurbano\/\",\"logo\":{\"@type\":\"ImageObject\",\"inLanguage\":\"es\",\"@id\":\"https:\/\/experienciadevida.com.ar\/portalurbano\/#\/schema\/logo\/image\/\",\"url\":\"https:\/\/experienciadevida.com.ar\/portalurbano\/wp-content\/uploads\/2019\/09\/Logo-Original.png\",\"contentUrl\":\"https:\/\/experienciadevida.com.ar\/portalurbano\/wp-content\/uploads\/2019\/09\/Logo-Original.png\",\"width\":2236,\"height\":1216,\"caption\":\"Portal Urbano\"},\"image\":{\"@id\":\"https:\/\/experienciadevida.com.ar\/portalurbano\/#\/schema\/logo\/image\/\"},\"sameAs\":[\"https:\/\/www.facebook.com\/Portal-Urbano-171542830093757\/\",\"https:\/\/twitter.com\/portalurbanook\",\"https:\/\/www.instagram.com\/_portalurbano\/\",\"https:\/\/www.youtube.com\/channel\/UCXhagIfszH8KxFiOok79zbA?view_as=subscriber\"]},{\"@type\":\"Person\",\"@id\":\"https:\/\/experienciadevida.com.ar\/portalurbano\/#\/schema\/person\/02dd326b1c4b056e9cc972486934a3a7\",\"name\":\"admpu17wp\",\"image\":{\"@type\":\"ImageObject\",\"inLanguage\":\"es\",\"@id\":\"https:\/\/experienciadevida.com.ar\/portalurbano\/#\/schema\/person\/image\/\",\"url\":\"https:\/\/secure.gravatar.com\/avatar\/830d4c57adaae6630765e449a6908047?s=96&d=mm&r=g\",\"contentUrl\":\"https:\/\/secure.gravatar.com\/avatar\/830d4c57adaae6630765e449a6908047?s=96&d=mm&r=g\",\"caption\":\"admpu17wp\"}}]}<\/script>\n<!-- \/ Yoast SEO plugin. -->","yoast_head_json":{"title":"Los eventos viales disminuyeron un 29,6% en el primer semestre","description":"Los eventos viales disminuyeron un 29,6% en el primer semestre de 2021, as\u00ed lo menciona un informe de siniestros viales desde enero a junio","robots":{"index":"index","follow":"follow","max-snippet":"max-snippet:-1","max-image-preview":"max-image-preview:large","max-video-preview":"max-video-preview:-1"},"canonical":"https:\/\/experienciadevida.com.ar\/portalurbano\/los-eventos-viales-disminuyeron-un-296-en-el-primer-semestre-de-2021\/","og_locale":"es_ES","og_type":"article","og_title":"Los eventos viales disminuyeron un 29,6% en el primer semestre","og_description":"Los eventos viales disminuyeron un 29,6% en el primer semestre de 2021, as\u00ed lo menciona un informe de siniestros viales desde enero a junio","og_url":"https:\/\/experienciadevida.com.ar\/portalurbano\/los-eventos-viales-disminuyeron-un-296-en-el-primer-semestre-de-2021\/","article_publisher":"https:\/\/www.facebook.com\/Portal-Urbano-171542830093757\/","article_published_time":"2021-08-21T14:37:37+00:00","article_modified_time":"2021-08-21T14:46:01+00:00","author":"admpu17wp","twitter_card":"summary_large_image","twitter_creator":"@portalurbanook","twitter_site":"@portalurbanook","twitter_misc":{"Escrito por":"admpu17wp","Tiempo de lectura":"2 minutos"},"schema":{"@context":"https:\/\/schema.org","@graph":[{"@type":"Article","@id":"https:\/\/experienciadevida.com.ar\/portalurbano\/los-eventos-viales-disminuyeron-un-296-en-el-primer-semestre-de-2021\/#article","isPartOf":{"@id":"https:\/\/experienciadevida.com.ar\/portalurbano\/los-eventos-viales-disminuyeron-un-296-en-el-primer-semestre-de-2021\/"},"author":{"name":"admpu17wp","@id":"https:\/\/experienciadevida.com.ar\/portalurbano\/#\/schema\/person\/02dd326b1c4b056e9cc972486934a3a7"},"headline":"Los eventos viales disminuyeron un 29,6% en el primer semestre de 2021","datePublished":"2021-08-21T14:37:37+00:00","dateModified":"2021-08-21T14:46:01+00:00","mainEntityOfPage":{"@id":"https:\/\/experienciadevida.com.ar\/portalurbano\/los-eventos-viales-disminuyeron-un-296-en-el-primer-semestre-de-2021\/"},"wordCount":385,"publisher":{"@id":"https:\/\/experienciadevida.com.ar\/portalurbano\/#organization"},"articleSection":["Ciudad","Destacadas 2"],"inLanguage":"es"},{"@type":"WebPage","@id":"https:\/\/experienciadevida.com.ar\/portalurbano\/los-eventos-viales-disminuyeron-un-296-en-el-primer-semestre-de-2021\/","url":"https:\/\/experienciadevida.com.ar\/portalurbano\/los-eventos-viales-disminuyeron-un-296-en-el-primer-semestre-de-2021\/","name":"Los eventos viales disminuyeron un 29,6% en el primer semestre","isPartOf":{"@id":"https:\/\/experienciadevida.com.ar\/portalurbano\/#website"},"datePublished":"2021-08-21T14:37:37+00:00","dateModified":"2021-08-21T14:46:01+00:00","description":"Los eventos viales disminuyeron un 29,6% en el primer semestre de 2021, as\u00ed lo menciona un informe de siniestros viales desde enero a junio","breadcrumb":{"@id":"https:\/\/experienciadevida.com.ar\/portalurbano\/los-eventos-viales-disminuyeron-un-296-en-el-primer-semestre-de-2021\/#breadcrumb"},"inLanguage":"es","potentialAction":[{"@type":"ReadAction","target":["https:\/\/experienciadevida.com.ar\/portalurbano\/los-eventos-viales-disminuyeron-un-296-en-el-primer-semestre-de-2021\/"]}]},{"@type":"BreadcrumbList","@id":"https:\/\/experienciadevida.com.ar\/portalurbano\/los-eventos-viales-disminuyeron-un-296-en-el-primer-semestre-de-2021\/#breadcrumb","itemListElement":[{"@type":"ListItem","position":1,"name":"Portada","item":"https:\/\/experienciadevida.com.ar\/portalurbano\/"},{"@type":"ListItem","position":2,"name":"Los eventos viales disminuyeron un 29,6% en el primer semestre de 2021"}]},{"@type":"WebSite","@id":"https:\/\/experienciadevida.com.ar\/portalurbano\/#website","url":"https:\/\/experienciadevida.com.ar\/portalurbano\/","name":"","description":"","publisher":{"@id":"https:\/\/experienciadevida.com.ar\/portalurbano\/#organization"},"potentialAction":[{"@type":"SearchAction","target":{"@type":"EntryPoint","urlTemplate":"https:\/\/experienciadevida.com.ar\/portalurbano\/?s={search_term_string}"},"query-input":"required name=search_term_string"}],"inLanguage":"es"},{"@type":"Organization","@id":"https:\/\/experienciadevida.com.ar\/portalurbano\/#organization","name":"Portal Urbano","url":"https:\/\/experienciadevida.com.ar\/portalurbano\/","logo":{"@type":"ImageObject","inLanguage":"es","@id":"https:\/\/experienciadevida.com.ar\/portalurbano\/#\/schema\/logo\/image\/","url":"https:\/\/experienciadevida.com.ar\/portalurbano\/wp-content\/uploads\/2019\/09\/Logo-Original.png","contentUrl":"https:\/\/experienciadevida.com.ar\/portalurbano\/wp-content\/uploads\/2019\/09\/Logo-Original.png","width":2236,"height":1216,"caption":"Portal Urbano"},"image":{"@id":"https:\/\/experienciadevida.com.ar\/portalurbano\/#\/schema\/logo\/image\/"},"sameAs":["https:\/\/www.facebook.com\/Portal-Urbano-171542830093757\/","https:\/\/twitter.com\/portalurbanook","https:\/\/www.instagram.com\/_portalurbano\/","https:\/\/www.youtube.com\/channel\/UCXhagIfszH8KxFiOok79zbA?view_as=subscriber"]},{"@type":"Person","@id":"https:\/\/experienciadevida.com.ar\/portalurbano\/#\/schema\/person\/02dd326b1c4b056e9cc972486934a3a7","name":"admpu17wp","image":{"@type":"ImageObject","inLanguage":"es","@id":"https:\/\/experienciadevida.com.ar\/portalurbano\/#\/schema\/person\/image\/","url":"https:\/\/secure.gravatar.com\/avatar\/830d4c57adaae6630765e449a6908047?s=96&d=mm&r=g","contentUrl":"https:\/\/secure.gravatar.com\/avatar\/830d4c57adaae6630765e449a6908047?s=96&d=mm&r=g","caption":"admpu17wp"}}]}},"featured_image_urls":{"full":"","thumbnail":"","medium":"","medium_large":"","large":"","ug_big":"","1536x1536":"","2048x2048":"","newsever-slider-full":"","newsever-featured":"","newsever-medium":"","web-stories-poster-portrait":"","web-stories-publisher-logo":"","web-stories-thumbnail":""},"author_info":{"display_name":"admpu17wp","author_link":"https:\/\/experienciadevida.com.ar\/portalurbano\/author\/admpu17wp\/"},"category_info":"<a href=\"https:\/\/experienciadevida.com.ar\/portalurbano\/category\/ciudad\/\" rel=\"category tag\">Ciudad<\/a> <a href=\"https:\/\/experienciadevida.com.ar\/portalurbano\/category\/destacadas-2\/\" rel=\"category tag\">Destacadas 2<\/a>","tag_info":"Destacadas 2","comment_count":"0","amp_enabled":true,"_links":{"self":[{"href":"https:\/\/experienciadevida.com.ar\/portalurbano\/wp-json\/wp\/v2\/posts\/150768"}],"collection":[{"href":"https:\/\/experienciadevida.com.ar\/portalurbano\/wp-json\/wp\/v2\/posts"}],"about":[{"href":"https:\/\/experienciadevida.com.ar\/portalurbano\/wp-json\/wp\/v2\/types\/post"}],"author":[{"embeddable":true,"href":"https:\/\/experienciadevida.com.ar\/portalurbano\/wp-json\/wp\/v2\/users\/1"}],"replies":[{"embeddable":true,"href":"https:\/\/experienciadevida.com.ar\/portalurbano\/wp-json\/wp\/v2\/comments?post=150768"}],"version-history":[{"count":3,"href":"https:\/\/experienciadevida.com.ar\/portalurbano\/wp-json\/wp\/v2\/posts\/150768\/revisions"}],"predecessor-version":[{"id":150771,"href":"https:\/\/experienciadevida.com.ar\/portalurbano\/wp-json\/wp\/v2\/posts\/150768\/revisions\/150771"}],"wp:attachment":[{"href":"https:\/\/experienciadevida.com.ar\/portalurbano\/wp-json\/wp\/v2\/media?parent=150768"}],"wp:term":[{"taxonomy":"category","embeddable":true,"href":"https:\/\/experienciadevida.com.ar\/portalurbano\/wp-json\/wp\/v2\/categories?post=150768"},{"taxonomy":"post_tag","embeddable":true,"href":"https:\/\/experienciadevida.com.ar\/portalurbano\/wp-json\/wp\/v2\/tags?post=150768"}],"curies":[{"name":"wp","href":"https:\/\/api.w.org\/{rel}","templated":true}]}}