{"id":150679,"date":"2021-08-20T12:48:25","date_gmt":"2021-08-20T15:48:25","guid":{"rendered":"https:\/\/experienciadevida.com.ar\/portalurbano\/?p=150679"},"modified":"2021-08-20T12:57:10","modified_gmt":"2021-08-20T15:57:10","slug":"el-intendente-galli-visito-la-planta-de-eta-en-sierras-bayas","status":"publish","type":"post","link":"https:\/\/experienciadevida.com.ar\/portalurbano\/el-intendente-galli-visito-la-planta-de-eta-en-sierras-bayas\/","title":{"rendered":"El intendente Galli visit\u00f3 la planta de ETA en Sierras Bayas"},"content":{"rendered":"<p>El intendente <a href=\"https:\/\/www.facebook.com\/galliezequiel\">Galli<\/a> visit\u00f3 la planta de ETA en Sierras Bayas, desde 1.980, ETA S.A. dise\u00f1a, fabrica y comercializa cargas huecas y accesorios para operaciones de punzado de pozos petroleros. En la actualidad produce m\u00e1s de 50 tipos de cargas, incluyendo dise\u00f1os propios y desarrollos de terceras compa\u00f1\u00edas.<\/p>\n<p>En la localidad de Sierras Bayas funciona la planta de explosivos donde se desarrolla todo el proceso productivo, siguiendo estrictas normas y procedimientos.<\/p>\n<p>El intendente Ezequiel Galli visit\u00f3 la f\u00e1brica donde fue recibido por directivos de la empresa el Ing. Gabriel Scipioni (gerente de Planta), la Ing. Diana Achiorno (gerente de Control de Calidad) y el Ing. Carlos Aman (gerente de Producci\u00f3n).<\/p>\n<p>El intendente Galli visit\u00f3 la planta de ETA en Sierras Bayas, En la oportunidad, el Intendente estuvo acompa\u00f1ado por el presidente del HCD Bruno <a href=\"https:\/\/www.instagram.com\/brunocenizo\/?hl=es-la\">Cenizo<\/a>, el secretario de Desarrollo Humano y Calidad de Vida Diego <a href=\"https:\/\/www.facebook.com\/diegorobbiani\">Robbiani <\/a>y el director de Miner\u00eda de la Municipalidad Daniel Lencina.<\/p>\n<p>\u201cLas cargas huecas \u2013que es una t\u00e9cnica de construcci\u00f3n de proyectiles explosivos- se utilizan b\u00e1sicamente en el punzado. El petr\u00f3leo no sale como todos piensan, como se ve en las pel\u00edculas, eso pasa en Medio Oriente \u00fanicamente. En el resto del mundo, una vez que hiciste un pozo y ten\u00e9s todo el pozo encamisado, que est\u00e1 toda la tuber\u00eda puesta, de alguna manera hay que incentivar el pozo para que el petr\u00f3leo salga\u201d, explic\u00f3 el Ing. Aman.<\/p>\n<p>\u201cEntonces lo primero que hay que hacer es pinchar el tubo para poder conectar la formaci\u00f3n rocosa con el exterior para eso se usa la carga hueca\u201d, sintetiz\u00f3<\/p>\n<p>\u201cPara que tengan una idea es como una bala, es un dispositivo que tiene explosivos, que concentra la energ\u00eda de la detonaci\u00f3n en una superficie muy peque\u00f1a, tiene una gran energ\u00eda que se proyecta, que hace que perfore el encamisado de la formaci\u00f3n rocosa\u201d, indic\u00f3 Carlos Aman, en relaci\u00f3n al proceso productivo.<\/p>\n<p>Durante el encuentro, se trataron temas referidos a la historia de la empresa y su radicaci\u00f3n en la localidad de Sierras Bayas, como as\u00ed tambi\u00e9n sobre el proceso de comercializaci\u00f3n, desarrollo y log\u00edstica de la empresa.<\/p>\n<p>En el marco de la recorrida, los funcionarios realizaron una visita por el sector de producci\u00f3n y sector de control de calidad de la empresa, que sigue rigurosos est\u00e1ndares.<\/p>\n<p><a href=\"https:\/\/experienciadevida.com.ar\/portalurbano\/el-intendente-galli-visito-la-planta-de-eta-en-sierras-bayas\/el-intendente-9\/\" rel=\"attachment wp-att-150683\"><img decoding=\"async\" class=\"alignnone size-large wp-image-150683\" src=\"https:\/\/experienciadevida.com.ar\/portalurbano\/wp-content\/uploads\/2021\/08\/El-Intendente-3-1024x684.jpg\" alt=\"El Intendente\" width=\"900\" height=\"601\" srcset=\"https:\/\/experienciadevida.com.ar\/portalurbano\/wp-content\/uploads\/2021\/08\/El-Intendente-3-1024x684.jpg 1024w, https:\/\/experienciadevida.com.ar\/portalurbano\/wp-content\/uploads\/2021\/08\/El-Intendente-3-300x201.jpg 300w, https:\/\/experienciadevida.com.ar\/portalurbano\/wp-content\/uploads\/2021\/08\/El-Intendente-3-768x513.jpg 768w, https:\/\/experienciadevida.com.ar\/portalurbano\/wp-content\/uploads\/2021\/08\/El-Intendente-3-1536x1027.jpg 1536w, https:\/\/experienciadevida.com.ar\/portalurbano\/wp-content\/uploads\/2021\/08\/El-Intendente-3-2048x1369.jpg 2048w\" sizes=\"(max-width: 900px) 100vw, 900px\" \/><\/a><\/p>\n<p><a href=\"https:\/\/experienciadevida.com.ar\/portalurbano\/el-intendente-galli-visito-la-planta-de-eta-en-sierras-bayas\/galli-105\/\" rel=\"attachment wp-att-150684\"><img decoding=\"async\" class=\"alignnone size-large wp-image-150684\" src=\"https:\/\/experienciadevida.com.ar\/portalurbano\/wp-content\/uploads\/2021\/08\/Galli-1-1024x684.jpg\" alt=\"Galli \" width=\"900\" height=\"601\" srcset=\"https:\/\/experienciadevida.com.ar\/portalurbano\/wp-content\/uploads\/2021\/08\/Galli-1-1024x684.jpg 1024w, https:\/\/experienciadevida.com.ar\/portalurbano\/wp-content\/uploads\/2021\/08\/Galli-1-300x201.jpg 300w, https:\/\/experienciadevida.com.ar\/portalurbano\/wp-content\/uploads\/2021\/08\/Galli-1-768x513.jpg 768w, https:\/\/experienciadevida.com.ar\/portalurbano\/wp-content\/uploads\/2021\/08\/Galli-1-1536x1027.jpg 1536w, https:\/\/experienciadevida.com.ar\/portalurbano\/wp-content\/uploads\/2021\/08\/Galli-1-2048x1369.jpg 2048w\" sizes=\"(max-width: 900px) 100vw, 900px\" \/><\/a><\/p>\n","protected":false},"excerpt":{"rendered":"<p>El intendente Galli visit\u00f3 la planta de ETA en Sierras Bayas, desde 1.980, ETA S.A&#8230;.<\/p>\n","protected":false},"author":1,"featured_media":150680,"comment_status":"closed","ping_status":"closed","sticky":false,"template":"","format":"standard","meta":{"content-type":""},"categories":[27,64],"tags":[],"nelio_content":{"isAutoShareEnabled":false,"autoShareEndMode":"default","automationSources":{"useContentSentences":true,"useSocialTemplates":true,"useCustomSentences":false,"customSentences":[]},"followers":[1],"suggestedReferences":[],"includedReferences":["https:\/\/www.instagram.com\/brunocenizo\/?hl=es-la"],"efiUrl":"","efiAlt":"","highlights":[]},"yoast_head":"<!-- This site is optimized with the Yoast SEO plugin v20.7 - https:\/\/yoast.com\/wordpress\/plugins\/seo\/ -->\n<title>El Intendente Galli visit\u00f3 la planta de ETA en Sierras Bayas<\/title>\n<meta name=\"description\" content=\"El intendente Galli visit\u00f3 la planta de ETA en Sierras Bayas, desde 1.980 dise\u00f1a, fabrica y comercializa cargas huecas y accesorios\" \/>\n<meta name=\"robots\" content=\"index, follow, max-snippet:-1, max-image-preview:large, max-video-preview:-1\" \/>\n<link rel=\"canonical\" href=\"https:\/\/experienciadevida.com.ar\/portalurbano\/el-intendente-galli-visito-la-planta-de-eta-en-sierras-bayas\/\" \/>\n<meta property=\"og:locale\" content=\"es_ES\" \/>\n<meta property=\"og:type\" content=\"article\" \/>\n<meta property=\"og:title\" content=\"El Intendente Galli visit\u00f3 la planta de ETA en Sierras Bayas\" \/>\n<meta property=\"og:description\" content=\"El intendente Galli visit\u00f3 la planta de ETA en Sierras Bayas, desde 1.980 dise\u00f1a, fabrica y comercializa cargas huecas y accesorios\" \/>\n<meta property=\"og:url\" content=\"https:\/\/experienciadevida.com.ar\/portalurbano\/el-intendente-galli-visito-la-planta-de-eta-en-sierras-bayas\/\" \/>\n<meta property=\"article:publisher\" content=\"https:\/\/www.facebook.com\/Portal-Urbano-171542830093757\/\" \/>\n<meta property=\"article:published_time\" content=\"2021-08-20T15:48:25+00:00\" \/>\n<meta property=\"article:modified_time\" content=\"2021-08-20T15:57:10+00:00\" \/>\n<meta property=\"og:image\" content=\"https:\/\/experienciadevida.com.ar\/portalurbano\/wp-content\/uploads\/2021\/08\/El-intendente-Galli-visito-la.jpg\" \/>\n\t<meta property=\"og:image:width\" content=\"2560\" \/>\n\t<meta property=\"og:image:height\" content=\"1711\" \/>\n\t<meta property=\"og:image:type\" content=\"image\/jpeg\" \/>\n<meta name=\"author\" content=\"admpu17wp\" \/>\n<meta name=\"twitter:card\" content=\"summary_large_image\" \/>\n<meta name=\"twitter:creator\" content=\"@portalurbanook\" \/>\n<meta name=\"twitter:site\" content=\"@portalurbanook\" \/>\n<meta name=\"twitter:label1\" content=\"Escrito por\" \/>\n\t<meta name=\"twitter:data1\" content=\"admpu17wp\" \/>\n\t<meta name=\"twitter:label2\" content=\"Tiempo de lectura\" \/>\n\t<meta name=\"twitter:data2\" content=\"2 minutos\" \/>\n<script type=\"application\/ld+json\" class=\"yoast-schema-graph\">{\"@context\":\"https:\/\/schema.org\",\"@graph\":[{\"@type\":\"Article\",\"@id\":\"https:\/\/experienciadevida.com.ar\/portalurbano\/el-intendente-galli-visito-la-planta-de-eta-en-sierras-bayas\/#article\",\"isPartOf\":{\"@id\":\"https:\/\/experienciadevida.com.ar\/portalurbano\/el-intendente-galli-visito-la-planta-de-eta-en-sierras-bayas\/\"},\"author\":{\"name\":\"admpu17wp\",\"@id\":\"https:\/\/experienciadevida.com.ar\/portalurbano\/#\/schema\/person\/02dd326b1c4b056e9cc972486934a3a7\"},\"headline\":\"El intendente Galli visit\u00f3 la planta de ETA en Sierras Bayas\",\"datePublished\":\"2021-08-20T15:48:25+00:00\",\"dateModified\":\"2021-08-20T15:57:10+00:00\",\"mainEntityOfPage\":{\"@id\":\"https:\/\/experienciadevida.com.ar\/portalurbano\/el-intendente-galli-visito-la-planta-de-eta-en-sierras-bayas\/\"},\"wordCount\":417,\"publisher\":{\"@id\":\"https:\/\/experienciadevida.com.ar\/portalurbano\/#organization\"},\"articleSection\":[\"Ciudad\",\"Destacadas 2\"],\"inLanguage\":\"es\"},{\"@type\":\"WebPage\",\"@id\":\"https:\/\/experienciadevida.com.ar\/portalurbano\/el-intendente-galli-visito-la-planta-de-eta-en-sierras-bayas\/\",\"url\":\"https:\/\/experienciadevida.com.ar\/portalurbano\/el-intendente-galli-visito-la-planta-de-eta-en-sierras-bayas\/\",\"name\":\"El Intendente Galli visit\u00f3 la planta de ETA en Sierras Bayas\",\"isPartOf\":{\"@id\":\"https:\/\/experienciadevida.com.ar\/portalurbano\/#website\"},\"datePublished\":\"2021-08-20T15:48:25+00:00\",\"dateModified\":\"2021-08-20T15:57:10+00:00\",\"description\":\"El intendente Galli visit\u00f3 la planta de ETA en Sierras Bayas, desde 1.980 dise\u00f1a, fabrica y comercializa cargas huecas y accesorios\",\"breadcrumb\":{\"@id\":\"https:\/\/experienciadevida.com.ar\/portalurbano\/el-intendente-galli-visito-la-planta-de-eta-en-sierras-bayas\/#breadcrumb\"},\"inLanguage\":\"es\",\"potentialAction\":[{\"@type\":\"ReadAction\",\"target\":[\"https:\/\/experienciadevida.com.ar\/portalurbano\/el-intendente-galli-visito-la-planta-de-eta-en-sierras-bayas\/\"]}]},{\"@type\":\"BreadcrumbList\",\"@id\":\"https:\/\/experienciadevida.com.ar\/portalurbano\/el-intendente-galli-visito-la-planta-de-eta-en-sierras-bayas\/#breadcrumb\",\"itemListElement\":[{\"@type\":\"ListItem\",\"position\":1,\"name\":\"Portada\",\"item\":\"https:\/\/experienciadevida.com.ar\/portalurbano\/\"},{\"@type\":\"ListItem\",\"position\":2,\"name\":\"El intendente Galli visit\u00f3 la planta de ETA en Sierras Bayas\"}]},{\"@type\":\"WebSite\",\"@id\":\"https:\/\/experienciadevida.com.ar\/portalurbano\/#website\",\"url\":\"https:\/\/experienciadevida.com.ar\/portalurbano\/\",\"name\":\"\",\"description\":\"\",\"publisher\":{\"@id\":\"https:\/\/experienciadevida.com.ar\/portalurbano\/#organization\"},\"potentialAction\":[{\"@type\":\"SearchAction\",\"target\":{\"@type\":\"EntryPoint\",\"urlTemplate\":\"https:\/\/experienciadevida.com.ar\/portalurbano\/?s={search_term_string}\"},\"query-input\":\"required name=search_term_string\"}],\"inLanguage\":\"es\"},{\"@type\":\"Organization\",\"@id\":\"https:\/\/experienciadevida.com.ar\/portalurbano\/#organization\",\"name\":\"Portal Urbano\",\"url\":\"https:\/\/experienciadevida.com.ar\/portalurbano\/\",\"logo\":{\"@type\":\"ImageObject\",\"inLanguage\":\"es\",\"@id\":\"https:\/\/experienciadevida.com.ar\/portalurbano\/#\/schema\/logo\/image\/\",\"url\":\"https:\/\/experienciadevida.com.ar\/portalurbano\/wp-content\/uploads\/2019\/09\/Logo-Original.png\",\"contentUrl\":\"https:\/\/experienciadevida.com.ar\/portalurbano\/wp-content\/uploads\/2019\/09\/Logo-Original.png\",\"width\":2236,\"height\":1216,\"caption\":\"Portal Urbano\"},\"image\":{\"@id\":\"https:\/\/experienciadevida.com.ar\/portalurbano\/#\/schema\/logo\/image\/\"},\"sameAs\":[\"https:\/\/www.facebook.com\/Portal-Urbano-171542830093757\/\",\"https:\/\/twitter.com\/portalurbanook\",\"https:\/\/www.instagram.com\/_portalurbano\/\",\"https:\/\/www.youtube.com\/channel\/UCXhagIfszH8KxFiOok79zbA?view_as=subscriber\"]},{\"@type\":\"Person\",\"@id\":\"https:\/\/experienciadevida.com.ar\/portalurbano\/#\/schema\/person\/02dd326b1c4b056e9cc972486934a3a7\",\"name\":\"admpu17wp\",\"image\":{\"@type\":\"ImageObject\",\"inLanguage\":\"es\",\"@id\":\"https:\/\/experienciadevida.com.ar\/portalurbano\/#\/schema\/person\/image\/\",\"url\":\"https:\/\/secure.gravatar.com\/avatar\/830d4c57adaae6630765e449a6908047?s=96&d=mm&r=g\",\"contentUrl\":\"https:\/\/secure.gravatar.com\/avatar\/830d4c57adaae6630765e449a6908047?s=96&d=mm&r=g\",\"caption\":\"admpu17wp\"}}]}<\/script>\n<!-- \/ Yoast SEO plugin. -->","yoast_head_json":{"title":"El Intendente Galli visit\u00f3 la planta de ETA en Sierras Bayas","description":"El intendente Galli visit\u00f3 la planta de ETA en Sierras Bayas, desde 1.980 dise\u00f1a, fabrica y comercializa cargas huecas y accesorios","robots":{"index":"index","follow":"follow","max-snippet":"max-snippet:-1","max-image-preview":"max-image-preview:large","max-video-preview":"max-video-preview:-1"},"canonical":"https:\/\/experienciadevida.com.ar\/portalurbano\/el-intendente-galli-visito-la-planta-de-eta-en-sierras-bayas\/","og_locale":"es_ES","og_type":"article","og_title":"El Intendente Galli visit\u00f3 la planta de ETA en Sierras Bayas","og_description":"El intendente Galli visit\u00f3 la planta de ETA en Sierras Bayas, desde 1.980 dise\u00f1a, fabrica y comercializa cargas huecas y accesorios","og_url":"https:\/\/experienciadevida.com.ar\/portalurbano\/el-intendente-galli-visito-la-planta-de-eta-en-sierras-bayas\/","article_publisher":"https:\/\/www.facebook.com\/Portal-Urbano-171542830093757\/","article_published_time":"2021-08-20T15:48:25+00:00","article_modified_time":"2021-08-20T15:57:10+00:00","og_image":[{"width":2560,"height":1711,"url":"https:\/\/experienciadevida.com.ar\/portalurbano\/wp-content\/uploads\/2021\/08\/El-intendente-Galli-visito-la.jpg","type":"image\/jpeg"}],"author":"admpu17wp","twitter_card":"summary_large_image","twitter_creator":"@portalurbanook","twitter_site":"@portalurbanook","twitter_misc":{"Escrito por":"admpu17wp","Tiempo de lectura":"2 minutos"},"schema":{"@context":"https:\/\/schema.org","@graph":[{"@type":"Article","@id":"https:\/\/experienciadevida.com.ar\/portalurbano\/el-intendente-galli-visito-la-planta-de-eta-en-sierras-bayas\/#article","isPartOf":{"@id":"https:\/\/experienciadevida.com.ar\/portalurbano\/el-intendente-galli-visito-la-planta-de-eta-en-sierras-bayas\/"},"author":{"name":"admpu17wp","@id":"https:\/\/experienciadevida.com.ar\/portalurbano\/#\/schema\/person\/02dd326b1c4b056e9cc972486934a3a7"},"headline":"El intendente Galli visit\u00f3 la planta de ETA en Sierras Bayas","datePublished":"2021-08-20T15:48:25+00:00","dateModified":"2021-08-20T15:57:10+00:00","mainEntityOfPage":{"@id":"https:\/\/experienciadevida.com.ar\/portalurbano\/el-intendente-galli-visito-la-planta-de-eta-en-sierras-bayas\/"},"wordCount":417,"publisher":{"@id":"https:\/\/experienciadevida.com.ar\/portalurbano\/#organization"},"articleSection":["Ciudad","Destacadas 2"],"inLanguage":"es"},{"@type":"WebPage","@id":"https:\/\/experienciadevida.com.ar\/portalurbano\/el-intendente-galli-visito-la-planta-de-eta-en-sierras-bayas\/","url":"https:\/\/experienciadevida.com.ar\/portalurbano\/el-intendente-galli-visito-la-planta-de-eta-en-sierras-bayas\/","name":"El Intendente Galli visit\u00f3 la planta de ETA en Sierras Bayas","isPartOf":{"@id":"https:\/\/experienciadevida.com.ar\/portalurbano\/#website"},"datePublished":"2021-08-20T15:48:25+00:00","dateModified":"2021-08-20T15:57:10+00:00","description":"El intendente Galli visit\u00f3 la planta de ETA en Sierras Bayas, desde 1.980 dise\u00f1a, fabrica y comercializa cargas huecas y accesorios","breadcrumb":{"@id":"https:\/\/experienciadevida.com.ar\/portalurbano\/el-intendente-galli-visito-la-planta-de-eta-en-sierras-bayas\/#breadcrumb"},"inLanguage":"es","potentialAction":[{"@type":"ReadAction","target":["https:\/\/experienciadevida.com.ar\/portalurbano\/el-intendente-galli-visito-la-planta-de-eta-en-sierras-bayas\/"]}]},{"@type":"BreadcrumbList","@id":"https:\/\/experienciadevida.com.ar\/portalurbano\/el-intendente-galli-visito-la-planta-de-eta-en-sierras-bayas\/#breadcrumb","itemListElement":[{"@type":"ListItem","position":1,"name":"Portada","item":"https:\/\/experienciadevida.com.ar\/portalurbano\/"},{"@type":"ListItem","position":2,"name":"El intendente Galli visit\u00f3 la planta de ETA en Sierras Bayas"}]},{"@type":"WebSite","@id":"https:\/\/experienciadevida.com.ar\/portalurbano\/#website","url":"https:\/\/experienciadevida.com.ar\/portalurbano\/","name":"","description":"","publisher":{"@id":"https:\/\/experienciadevida.com.ar\/portalurbano\/#organization"},"potentialAction":[{"@type":"SearchAction","target":{"@type":"EntryPoint","urlTemplate":"https:\/\/experienciadevida.com.ar\/portalurbano\/?s={search_term_string}"},"query-input":"required name=search_term_string"}],"inLanguage":"es"},{"@type":"Organization","@id":"https:\/\/experienciadevida.com.ar\/portalurbano\/#organization","name":"Portal Urbano","url":"https:\/\/experienciadevida.com.ar\/portalurbano\/","logo":{"@type":"ImageObject","inLanguage":"es","@id":"https:\/\/experienciadevida.com.ar\/portalurbano\/#\/schema\/logo\/image\/","url":"https:\/\/experienciadevida.com.ar\/portalurbano\/wp-content\/uploads\/2019\/09\/Logo-Original.png","contentUrl":"https:\/\/experienciadevida.com.ar\/portalurbano\/wp-content\/uploads\/2019\/09\/Logo-Original.png","width":2236,"height":1216,"caption":"Portal Urbano"},"image":{"@id":"https:\/\/experienciadevida.com.ar\/portalurbano\/#\/schema\/logo\/image\/"},"sameAs":["https:\/\/www.facebook.com\/Portal-Urbano-171542830093757\/","https:\/\/twitter.com\/portalurbanook","https:\/\/www.instagram.com\/_portalurbano\/","https:\/\/www.youtube.com\/channel\/UCXhagIfszH8KxFiOok79zbA?view_as=subscriber"]},{"@type":"Person","@id":"https:\/\/experienciadevida.com.ar\/portalurbano\/#\/schema\/person\/02dd326b1c4b056e9cc972486934a3a7","name":"admpu17wp","image":{"@type":"ImageObject","inLanguage":"es","@id":"https:\/\/experienciadevida.com.ar\/portalurbano\/#\/schema\/person\/image\/","url":"https:\/\/secure.gravatar.com\/avatar\/830d4c57adaae6630765e449a6908047?s=96&d=mm&r=g","contentUrl":"https:\/\/secure.gravatar.com\/avatar\/830d4c57adaae6630765e449a6908047?s=96&d=mm&r=g","caption":"admpu17wp"}}]}},"featured_image_urls":{"full":["https:\/\/experienciadevida.com.ar\/portalurbano\/wp-content\/uploads\/2021\/08\/El-intendente-Galli-visito-la.jpg",2560,1711,false],"thumbnail":["https:\/\/experienciadevida.com.ar\/portalurbano\/wp-content\/uploads\/2021\/08\/El-intendente-Galli-visito-la-150x150.jpg",150,150,true],"medium":["https:\/\/experienciadevida.com.ar\/portalurbano\/wp-content\/uploads\/2021\/08\/El-intendente-Galli-visito-la-300x201.jpg",300,201,true],"medium_large":["https:\/\/experienciadevida.com.ar\/portalurbano\/wp-content\/uploads\/2021\/08\/El-intendente-Galli-visito-la-768x513.jpg",640,428,true],"large":["https:\/\/experienciadevida.com.ar\/portalurbano\/wp-content\/uploads\/2021\/08\/El-intendente-Galli-visito-la-1024x684.jpg",640,428,true],"ug_big":["https:\/\/experienciadevida.com.ar\/portalurbano\/wp-content\/uploads\/2021\/08\/El-intendente-Galli-visito-la-768x513.jpg",768,513,true],"1536x1536":["https:\/\/experienciadevida.com.ar\/portalurbano\/wp-content\/uploads\/2021\/08\/El-intendente-Galli-visito-la-1536x1027.jpg",1536,1027,true],"2048x2048":["https:\/\/experienciadevida.com.ar\/portalurbano\/wp-content\/uploads\/2021\/08\/El-intendente-Galli-visito-la-2048x1369.jpg",2048,1369,true],"newsever-slider-full":["https:\/\/experienciadevida.com.ar\/portalurbano\/wp-content\/uploads\/2021\/08\/El-intendente-Galli-visito-la.jpg",1264,845,false],"newsever-featured":["https:\/\/experienciadevida.com.ar\/portalurbano\/wp-content\/uploads\/2021\/08\/El-intendente-Galli-visito-la.jpg",1024,684,false],"newsever-medium":["https:\/\/experienciadevida.com.ar\/portalurbano\/wp-content\/uploads\/2021\/08\/El-intendente-Galli-visito-la.jpg",711,475,false],"web-stories-poster-portrait":["https:\/\/experienciadevida.com.ar\/portalurbano\/wp-content\/uploads\/2021\/08\/El-intendente-Galli-visito-la.jpg",640,428,false],"web-stories-publisher-logo":["https:\/\/experienciadevida.com.ar\/portalurbano\/wp-content\/uploads\/2021\/08\/El-intendente-Galli-visito-la.jpg",96,64,false],"web-stories-thumbnail":["https:\/\/experienciadevida.com.ar\/portalurbano\/wp-content\/uploads\/2021\/08\/El-intendente-Galli-visito-la.jpg",150,100,false]},"author_info":{"display_name":"admpu17wp","author_link":"https:\/\/experienciadevida.com.ar\/portalurbano\/author\/admpu17wp\/"},"category_info":"<a href=\"https:\/\/experienciadevida.com.ar\/portalurbano\/category\/ciudad\/\" rel=\"category tag\">Ciudad<\/a> <a href=\"https:\/\/experienciadevida.com.ar\/portalurbano\/category\/destacadas-2\/\" rel=\"category tag\">Destacadas 2<\/a>","tag_info":"Destacadas 2","comment_count":"0","amp_enabled":true,"_links":{"self":[{"href":"https:\/\/experienciadevida.com.ar\/portalurbano\/wp-json\/wp\/v2\/posts\/150679"}],"collection":[{"href":"https:\/\/experienciadevida.com.ar\/portalurbano\/wp-json\/wp\/v2\/posts"}],"about":[{"href":"https:\/\/experienciadevida.com.ar\/portalurbano\/wp-json\/wp\/v2\/types\/post"}],"author":[{"embeddable":true,"href":"https:\/\/experienciadevida.com.ar\/portalurbano\/wp-json\/wp\/v2\/users\/1"}],"replies":[{"embeddable":true,"href":"https:\/\/experienciadevida.com.ar\/portalurbano\/wp-json\/wp\/v2\/comments?post=150679"}],"version-history":[{"count":3,"href":"https:\/\/experienciadevida.com.ar\/portalurbano\/wp-json\/wp\/v2\/posts\/150679\/revisions"}],"predecessor-version":[{"id":150685,"href":"https:\/\/experienciadevida.com.ar\/portalurbano\/wp-json\/wp\/v2\/posts\/150679\/revisions\/150685"}],"wp:featuredmedia":[{"embeddable":true,"href":"https:\/\/experienciadevida.com.ar\/portalurbano\/wp-json\/wp\/v2\/media\/150680"}],"wp:attachment":[{"href":"https:\/\/experienciadevida.com.ar\/portalurbano\/wp-json\/wp\/v2\/media?parent=150679"}],"wp:term":[{"taxonomy":"category","embeddable":true,"href":"https:\/\/experienciadevida.com.ar\/portalurbano\/wp-json\/wp\/v2\/categories?post=150679"},{"taxonomy":"post_tag","embeddable":true,"href":"https:\/\/experienciadevida.com.ar\/portalurbano\/wp-json\/wp\/v2\/tags?post=150679"}],"curies":[{"name":"wp","href":"https:\/\/api.w.org\/{rel}","templated":true}]}}