{"id":150636,"date":"2021-08-19T14:37:38","date_gmt":"2021-08-19T17:37:38","guid":{"rendered":"https:\/\/experienciadevida.com.ar\/portalurbano\/?p=150636"},"modified":"2021-08-19T14:39:44","modified_gmt":"2021-08-19T17:39:44","slug":"el-ballet-folklorico-la-escuela-de-danzas-y-las-rockisticas-celebran-el-mes-de-la-ninez","status":"publish","type":"post","link":"https:\/\/experienciadevida.com.ar\/portalurbano\/el-ballet-folklorico-la-escuela-de-danzas-y-las-rockisticas-celebran-el-mes-de-la-ninez\/","title":{"rendered":"El Ballet Folkl\u00f3rico, la Escuela de Danzas y Las Rock\u00edsticas celebran el Mes de la Ni\u00f1ez"},"content":{"rendered":"<p>El Ballet Folkl\u00f3rico, la Escuela de Danzas y Las Rock\u00edsticas celebran el Mes de la Ni\u00f1ez, para todos los fines de semana del mes de agosto se prepararon diferentes propuestas, que se enmarcan en las celebraciones del Mes de la Ni\u00f1ez, destinadas para los m\u00e1s chicos.<\/p>\n<p>Dicho programa fue organizado en forma conjunta por la Municipalidad del Partido de Olavarr\u00eda, a trav\u00e9s de la Secretar\u00eda de Desarrollo Humano y Calidad de Vida y la Subsecretar\u00eda de Cultura de la <a href=\"https:\/\/www.facebook.com\/municipiodeolavarria\">Municipalidad<\/a>, el Movimiento por la Alegr\u00eda del Ni\u00f1o Olavarriense (MANO) y Radio Sapiens.<\/p>\n<p>Las actividades continuar\u00e1n este s\u00e1bado 21 de agosto, a las 15:00 horas, en el Teatro, con la presentaci\u00f3n del Ballet Folkl\u00f3rico Municipal, que interpretar\u00e1 \u201cQue se vengan los chicos\u201d, una obra infantil con m\u00fasica de Topa, Charo Bogar\u00edn, Canticu\u00e9nticos, Caracachumba y Magdalena Fleitas, entre otros.<\/p>\n<p>El espect\u00e1culo recorre distintas danzas y ritmos folkl\u00f3ricos de nuestro pa\u00eds como gatos, chacareras, milongas y valses con una puesta en escena muy atractiva para los m\u00e1s peque\u00f1os.<\/p>\n<p>Como invitado especial participar\u00e1 el grupo de danzas folkl\u00f3ricas \u201cAy\u00fcnPurrun\u201d, que es una extensi\u00f3n de la Escuela Municipal de Danzas que funciona en el NIDO de Barrio \u201cEl Progreso\u201d, a cargo de las profesoras Ana Paladini, Delia Ortega y Yanina Sanabria.<\/p>\n<p>El Cuerpo Estable Ballet Folkl\u00f3rico Municipal est\u00e1 integrado por Gabriela Acu\u00f1a, Antonella Curcio, Delia Ortega, Milagros Pad\u00edn, Silvia Rodr\u00edguez, Yanina Sanabria, Karin Tinta, Diego Bello, Franco Carim\u00e1n, Emanuel Mart\u00ednez, Nahuel Mart\u00ednez, Ignacio Navas, Lucas Serantes. Con la asistencia coreogr\u00e1fica de Nacho Navas y la direcci\u00f3n de Mariana Jadur y H\u00e9ctor Kriger.<\/p>\n<p>En tanto que el domingo 22 de agosto, se presentar\u00e1 la Escuela Municipal de Danzas y Las Rock\u00edsticas.<\/p>\n<p>En primer lugar, a las 14:30 horas, se ofrecer\u00e1 una obra musical infantil, a trav\u00e9s de un cuento que narra la historia de los inmigrantes, los integrantes de la Escuela Municipal de Danzas los representar\u00e1n bailando diferentes estilos. La obra dura 40 minutos y la historia fue escrita por el escritor local Diego Javier Rojas.<\/p>\n<p>Posteriormente, a las 16:00 horas, se presenta la banda local Las Rock\u00edsticas con m\u00fasica para grandes y chicos.<\/p>\n<p>Debido al contexto epidemiol\u00f3gico, la propuesta se desarrollar\u00e1 centralmente en el Teatro Municipal, de manera gratuita, con la finalidad de incluir a toda la comunidad en las propuestas culturales, generadas desde las Escuelas y Programas Municipales. Adem\u00e1s, se trabajar\u00e1 durante todo el mes con una propuesta interdisciplinaria en diferentes barrios de la ciudad y en las localidades del Partido de Olavarr\u00eda.<\/p>\n<p>Todos aquellos que quieran donar juguetes podr\u00e1n hacerlo de martes a viernes, de 08:00 a 12:00 horas, en la boleter\u00eda del Teatro Municipal o bien los fines de semana.<\/p>\n<p>Para el retiro de las entradas de los espect\u00e1culos (gratuitos) podr\u00e1n hacerlo tambi\u00e9n de martes a viernes, en el horario de boleter\u00eda o hasta dos antes de la funci\u00f3n. Cabe aclarar que la capacidad de aforo de la sala local es 50%. Los asistentes ser\u00e1n ubicados por grupo familiar.<\/p>\n<p>Cabe destacar que Radio Sapiens, como cada fin de semana, realizar\u00e1 su transmisi\u00f3n especial desde el Teatro Municipal, sum\u00e1ndose a las celebraciones por el Mes de la Ni\u00f1ez.<\/p>\n<p>(Foto Ilustrativa)<\/p>\n","protected":false},"excerpt":{"rendered":"<p>El Ballet Folkl\u00f3rico, la Escuela de Danzas y Las Rock\u00edsticas celebran el Mes de la&#8230;<\/p>\n","protected":false},"author":1,"featured_media":150637,"comment_status":"closed","ping_status":"closed","sticky":false,"template":"","format":"standard","meta":{"content-type":""},"categories":[27,64],"tags":[],"nelio_content":{"isAutoShareEnabled":false,"autoShareEndMode":"default","automationSources":{"useContentSentences":true,"useSocialTemplates":true,"useCustomSentences":false,"customSentences":[]},"followers":[1],"suggestedReferences":[],"includedReferences":[],"efiUrl":"","efiAlt":"","highlights":[]},"yoast_head":"<!-- This site is optimized with the Yoast SEO plugin v20.7 - https:\/\/yoast.com\/wordpress\/plugins\/seo\/ -->\n<title>El ballet folkl\u00f3rico, la escuela de danzas y las rockisticas en la ni\u00f1ez<\/title>\n<meta name=\"description\" content=\"El Ballet Folkl\u00f3rico, la Escuela de Danzas y Las Rock\u00edsticas celebran el Mes de la Ni\u00f1ez, para todos los fines de semana del mes de agosto\" \/>\n<meta name=\"robots\" content=\"index, follow, max-snippet:-1, max-image-preview:large, max-video-preview:-1\" \/>\n<link rel=\"canonical\" href=\"https:\/\/experienciadevida.com.ar\/portalurbano\/el-ballet-folklorico-la-escuela-de-danzas-y-las-rockisticas-celebran-el-mes-de-la-ninez\/\" \/>\n<meta property=\"og:locale\" content=\"es_ES\" \/>\n<meta property=\"og:type\" content=\"article\" \/>\n<meta property=\"og:title\" content=\"El ballet folkl\u00f3rico, la escuela de danzas y las rockisticas en la ni\u00f1ez\" \/>\n<meta property=\"og:description\" content=\"El Ballet Folkl\u00f3rico, la Escuela de Danzas y Las Rock\u00edsticas celebran el Mes de la Ni\u00f1ez, para todos los fines de semana del mes de agosto\" \/>\n<meta property=\"og:url\" content=\"https:\/\/experienciadevida.com.ar\/portalurbano\/el-ballet-folklorico-la-escuela-de-danzas-y-las-rockisticas-celebran-el-mes-de-la-ninez\/\" \/>\n<meta property=\"article:publisher\" content=\"https:\/\/www.facebook.com\/Portal-Urbano-171542830093757\/\" \/>\n<meta property=\"article:published_time\" content=\"2021-08-19T17:37:38+00:00\" \/>\n<meta property=\"article:modified_time\" content=\"2021-08-19T17:39:44+00:00\" \/>\n<meta property=\"og:image\" content=\"https:\/\/experienciadevida.com.ar\/portalurbano\/wp-content\/uploads\/2021\/08\/El-Ballet-Folklorico.jpg\" \/>\n\t<meta property=\"og:image:width\" content=\"1024\" \/>\n\t<meta property=\"og:image:height\" content=\"685\" \/>\n\t<meta property=\"og:image:type\" content=\"image\/jpeg\" \/>\n<meta name=\"author\" content=\"admpu17wp\" \/>\n<meta name=\"twitter:card\" content=\"summary_large_image\" \/>\n<meta name=\"twitter:creator\" content=\"@portalurbanook\" \/>\n<meta name=\"twitter:site\" content=\"@portalurbanook\" \/>\n<meta name=\"twitter:label1\" content=\"Escrito por\" \/>\n\t<meta name=\"twitter:data1\" content=\"admpu17wp\" \/>\n\t<meta name=\"twitter:label2\" content=\"Tiempo de lectura\" \/>\n\t<meta name=\"twitter:data2\" content=\"3 minutos\" \/>\n<script type=\"application\/ld+json\" class=\"yoast-schema-graph\">{\"@context\":\"https:\/\/schema.org\",\"@graph\":[{\"@type\":\"Article\",\"@id\":\"https:\/\/experienciadevida.com.ar\/portalurbano\/el-ballet-folklorico-la-escuela-de-danzas-y-las-rockisticas-celebran-el-mes-de-la-ninez\/#article\",\"isPartOf\":{\"@id\":\"https:\/\/experienciadevida.com.ar\/portalurbano\/el-ballet-folklorico-la-escuela-de-danzas-y-las-rockisticas-celebran-el-mes-de-la-ninez\/\"},\"author\":{\"name\":\"admpu17wp\",\"@id\":\"https:\/\/experienciadevida.com.ar\/portalurbano\/#\/schema\/person\/02dd326b1c4b056e9cc972486934a3a7\"},\"headline\":\"El Ballet Folkl\u00f3rico, la Escuela de Danzas y Las Rock\u00edsticas celebran el Mes de la Ni\u00f1ez\",\"datePublished\":\"2021-08-19T17:37:38+00:00\",\"dateModified\":\"2021-08-19T17:39:44+00:00\",\"mainEntityOfPage\":{\"@id\":\"https:\/\/experienciadevida.com.ar\/portalurbano\/el-ballet-folklorico-la-escuela-de-danzas-y-las-rockisticas-celebran-el-mes-de-la-ninez\/\"},\"wordCount\":582,\"publisher\":{\"@id\":\"https:\/\/experienciadevida.com.ar\/portalurbano\/#organization\"},\"articleSection\":[\"Ciudad\",\"Destacadas 2\"],\"inLanguage\":\"es\"},{\"@type\":\"WebPage\",\"@id\":\"https:\/\/experienciadevida.com.ar\/portalurbano\/el-ballet-folklorico-la-escuela-de-danzas-y-las-rockisticas-celebran-el-mes-de-la-ninez\/\",\"url\":\"https:\/\/experienciadevida.com.ar\/portalurbano\/el-ballet-folklorico-la-escuela-de-danzas-y-las-rockisticas-celebran-el-mes-de-la-ninez\/\",\"name\":\"El ballet folkl\u00f3rico, la escuela de danzas y las rockisticas en la ni\u00f1ez\",\"isPartOf\":{\"@id\":\"https:\/\/experienciadevida.com.ar\/portalurbano\/#website\"},\"datePublished\":\"2021-08-19T17:37:38+00:00\",\"dateModified\":\"2021-08-19T17:39:44+00:00\",\"description\":\"El Ballet Folkl\u00f3rico, la Escuela de Danzas y Las Rock\u00edsticas celebran el Mes de la Ni\u00f1ez, para todos los fines de semana del mes de agosto\",\"breadcrumb\":{\"@id\":\"https:\/\/experienciadevida.com.ar\/portalurbano\/el-ballet-folklorico-la-escuela-de-danzas-y-las-rockisticas-celebran-el-mes-de-la-ninez\/#breadcrumb\"},\"inLanguage\":\"es\",\"potentialAction\":[{\"@type\":\"ReadAction\",\"target\":[\"https:\/\/experienciadevida.com.ar\/portalurbano\/el-ballet-folklorico-la-escuela-de-danzas-y-las-rockisticas-celebran-el-mes-de-la-ninez\/\"]}]},{\"@type\":\"BreadcrumbList\",\"@id\":\"https:\/\/experienciadevida.com.ar\/portalurbano\/el-ballet-folklorico-la-escuela-de-danzas-y-las-rockisticas-celebran-el-mes-de-la-ninez\/#breadcrumb\",\"itemListElement\":[{\"@type\":\"ListItem\",\"position\":1,\"name\":\"Portada\",\"item\":\"https:\/\/experienciadevida.com.ar\/portalurbano\/\"},{\"@type\":\"ListItem\",\"position\":2,\"name\":\"El Ballet Folkl\u00f3rico, la Escuela de Danzas y Las Rock\u00edsticas celebran el Mes de la Ni\u00f1ez\"}]},{\"@type\":\"WebSite\",\"@id\":\"https:\/\/experienciadevida.com.ar\/portalurbano\/#website\",\"url\":\"https:\/\/experienciadevida.com.ar\/portalurbano\/\",\"name\":\"\",\"description\":\"\",\"publisher\":{\"@id\":\"https:\/\/experienciadevida.com.ar\/portalurbano\/#organization\"},\"potentialAction\":[{\"@type\":\"SearchAction\",\"target\":{\"@type\":\"EntryPoint\",\"urlTemplate\":\"https:\/\/experienciadevida.com.ar\/portalurbano\/?s={search_term_string}\"},\"query-input\":\"required name=search_term_string\"}],\"inLanguage\":\"es\"},{\"@type\":\"Organization\",\"@id\":\"https:\/\/experienciadevida.com.ar\/portalurbano\/#organization\",\"name\":\"Portal Urbano\",\"url\":\"https:\/\/experienciadevida.com.ar\/portalurbano\/\",\"logo\":{\"@type\":\"ImageObject\",\"inLanguage\":\"es\",\"@id\":\"https:\/\/experienciadevida.com.ar\/portalurbano\/#\/schema\/logo\/image\/\",\"url\":\"https:\/\/experienciadevida.com.ar\/portalurbano\/wp-content\/uploads\/2019\/09\/Logo-Original.png\",\"contentUrl\":\"https:\/\/experienciadevida.com.ar\/portalurbano\/wp-content\/uploads\/2019\/09\/Logo-Original.png\",\"width\":2236,\"height\":1216,\"caption\":\"Portal Urbano\"},\"image\":{\"@id\":\"https:\/\/experienciadevida.com.ar\/portalurbano\/#\/schema\/logo\/image\/\"},\"sameAs\":[\"https:\/\/www.facebook.com\/Portal-Urbano-171542830093757\/\",\"https:\/\/twitter.com\/portalurbanook\",\"https:\/\/www.instagram.com\/_portalurbano\/\",\"https:\/\/www.youtube.com\/channel\/UCXhagIfszH8KxFiOok79zbA?view_as=subscriber\"]},{\"@type\":\"Person\",\"@id\":\"https:\/\/experienciadevida.com.ar\/portalurbano\/#\/schema\/person\/02dd326b1c4b056e9cc972486934a3a7\",\"name\":\"admpu17wp\",\"image\":{\"@type\":\"ImageObject\",\"inLanguage\":\"es\",\"@id\":\"https:\/\/experienciadevida.com.ar\/portalurbano\/#\/schema\/person\/image\/\",\"url\":\"https:\/\/secure.gravatar.com\/avatar\/830d4c57adaae6630765e449a6908047?s=96&d=mm&r=g\",\"contentUrl\":\"https:\/\/secure.gravatar.com\/avatar\/830d4c57adaae6630765e449a6908047?s=96&d=mm&r=g\",\"caption\":\"admpu17wp\"}}]}<\/script>\n<!-- \/ Yoast SEO plugin. -->","yoast_head_json":{"title":"El ballet folkl\u00f3rico, la escuela de danzas y las rockisticas en la ni\u00f1ez","description":"El Ballet Folkl\u00f3rico, la Escuela de Danzas y Las Rock\u00edsticas celebran el Mes de la Ni\u00f1ez, para todos los fines de semana del mes de agosto","robots":{"index":"index","follow":"follow","max-snippet":"max-snippet:-1","max-image-preview":"max-image-preview:large","max-video-preview":"max-video-preview:-1"},"canonical":"https:\/\/experienciadevida.com.ar\/portalurbano\/el-ballet-folklorico-la-escuela-de-danzas-y-las-rockisticas-celebran-el-mes-de-la-ninez\/","og_locale":"es_ES","og_type":"article","og_title":"El ballet folkl\u00f3rico, la escuela de danzas y las rockisticas en la ni\u00f1ez","og_description":"El Ballet Folkl\u00f3rico, la Escuela de Danzas y Las Rock\u00edsticas celebran el Mes de la Ni\u00f1ez, para todos los fines de semana del mes de agosto","og_url":"https:\/\/experienciadevida.com.ar\/portalurbano\/el-ballet-folklorico-la-escuela-de-danzas-y-las-rockisticas-celebran-el-mes-de-la-ninez\/","article_publisher":"https:\/\/www.facebook.com\/Portal-Urbano-171542830093757\/","article_published_time":"2021-08-19T17:37:38+00:00","article_modified_time":"2021-08-19T17:39:44+00:00","og_image":[{"width":1024,"height":685,"url":"https:\/\/experienciadevida.com.ar\/portalurbano\/wp-content\/uploads\/2021\/08\/El-Ballet-Folklorico.jpg","type":"image\/jpeg"}],"author":"admpu17wp","twitter_card":"summary_large_image","twitter_creator":"@portalurbanook","twitter_site":"@portalurbanook","twitter_misc":{"Escrito por":"admpu17wp","Tiempo de lectura":"3 minutos"},"schema":{"@context":"https:\/\/schema.org","@graph":[{"@type":"Article","@id":"https:\/\/experienciadevida.com.ar\/portalurbano\/el-ballet-folklorico-la-escuela-de-danzas-y-las-rockisticas-celebran-el-mes-de-la-ninez\/#article","isPartOf":{"@id":"https:\/\/experienciadevida.com.ar\/portalurbano\/el-ballet-folklorico-la-escuela-de-danzas-y-las-rockisticas-celebran-el-mes-de-la-ninez\/"},"author":{"name":"admpu17wp","@id":"https:\/\/experienciadevida.com.ar\/portalurbano\/#\/schema\/person\/02dd326b1c4b056e9cc972486934a3a7"},"headline":"El Ballet Folkl\u00f3rico, la Escuela de Danzas y Las Rock\u00edsticas celebran el Mes de la Ni\u00f1ez","datePublished":"2021-08-19T17:37:38+00:00","dateModified":"2021-08-19T17:39:44+00:00","mainEntityOfPage":{"@id":"https:\/\/experienciadevida.com.ar\/portalurbano\/el-ballet-folklorico-la-escuela-de-danzas-y-las-rockisticas-celebran-el-mes-de-la-ninez\/"},"wordCount":582,"publisher":{"@id":"https:\/\/experienciadevida.com.ar\/portalurbano\/#organization"},"articleSection":["Ciudad","Destacadas 2"],"inLanguage":"es"},{"@type":"WebPage","@id":"https:\/\/experienciadevida.com.ar\/portalurbano\/el-ballet-folklorico-la-escuela-de-danzas-y-las-rockisticas-celebran-el-mes-de-la-ninez\/","url":"https:\/\/experienciadevida.com.ar\/portalurbano\/el-ballet-folklorico-la-escuela-de-danzas-y-las-rockisticas-celebran-el-mes-de-la-ninez\/","name":"El ballet folkl\u00f3rico, la escuela de danzas y las rockisticas en la ni\u00f1ez","isPartOf":{"@id":"https:\/\/experienciadevida.com.ar\/portalurbano\/#website"},"datePublished":"2021-08-19T17:37:38+00:00","dateModified":"2021-08-19T17:39:44+00:00","description":"El Ballet Folkl\u00f3rico, la Escuela de Danzas y Las Rock\u00edsticas celebran el Mes de la Ni\u00f1ez, para todos los fines de semana del mes de agosto","breadcrumb":{"@id":"https:\/\/experienciadevida.com.ar\/portalurbano\/el-ballet-folklorico-la-escuela-de-danzas-y-las-rockisticas-celebran-el-mes-de-la-ninez\/#breadcrumb"},"inLanguage":"es","potentialAction":[{"@type":"ReadAction","target":["https:\/\/experienciadevida.com.ar\/portalurbano\/el-ballet-folklorico-la-escuela-de-danzas-y-las-rockisticas-celebran-el-mes-de-la-ninez\/"]}]},{"@type":"BreadcrumbList","@id":"https:\/\/experienciadevida.com.ar\/portalurbano\/el-ballet-folklorico-la-escuela-de-danzas-y-las-rockisticas-celebran-el-mes-de-la-ninez\/#breadcrumb","itemListElement":[{"@type":"ListItem","position":1,"name":"Portada","item":"https:\/\/experienciadevida.com.ar\/portalurbano\/"},{"@type":"ListItem","position":2,"name":"El Ballet Folkl\u00f3rico, la Escuela de Danzas y Las Rock\u00edsticas celebran el Mes de la Ni\u00f1ez"}]},{"@type":"WebSite","@id":"https:\/\/experienciadevida.com.ar\/portalurbano\/#website","url":"https:\/\/experienciadevida.com.ar\/portalurbano\/","name":"","description":"","publisher":{"@id":"https:\/\/experienciadevida.com.ar\/portalurbano\/#organization"},"potentialAction":[{"@type":"SearchAction","target":{"@type":"EntryPoint","urlTemplate":"https:\/\/experienciadevida.com.ar\/portalurbano\/?s={search_term_string}"},"query-input":"required name=search_term_string"}],"inLanguage":"es"},{"@type":"Organization","@id":"https:\/\/experienciadevida.com.ar\/portalurbano\/#organization","name":"Portal Urbano","url":"https:\/\/experienciadevida.com.ar\/portalurbano\/","logo":{"@type":"ImageObject","inLanguage":"es","@id":"https:\/\/experienciadevida.com.ar\/portalurbano\/#\/schema\/logo\/image\/","url":"https:\/\/experienciadevida.com.ar\/portalurbano\/wp-content\/uploads\/2019\/09\/Logo-Original.png","contentUrl":"https:\/\/experienciadevida.com.ar\/portalurbano\/wp-content\/uploads\/2019\/09\/Logo-Original.png","width":2236,"height":1216,"caption":"Portal Urbano"},"image":{"@id":"https:\/\/experienciadevida.com.ar\/portalurbano\/#\/schema\/logo\/image\/"},"sameAs":["https:\/\/www.facebook.com\/Portal-Urbano-171542830093757\/","https:\/\/twitter.com\/portalurbanook","https:\/\/www.instagram.com\/_portalurbano\/","https:\/\/www.youtube.com\/channel\/UCXhagIfszH8KxFiOok79zbA?view_as=subscriber"]},{"@type":"Person","@id":"https:\/\/experienciadevida.com.ar\/portalurbano\/#\/schema\/person\/02dd326b1c4b056e9cc972486934a3a7","name":"admpu17wp","image":{"@type":"ImageObject","inLanguage":"es","@id":"https:\/\/experienciadevida.com.ar\/portalurbano\/#\/schema\/person\/image\/","url":"https:\/\/secure.gravatar.com\/avatar\/830d4c57adaae6630765e449a6908047?s=96&d=mm&r=g","contentUrl":"https:\/\/secure.gravatar.com\/avatar\/830d4c57adaae6630765e449a6908047?s=96&d=mm&r=g","caption":"admpu17wp"}}]}},"featured_image_urls":{"full":["https:\/\/experienciadevida.com.ar\/portalurbano\/wp-content\/uploads\/2021\/08\/El-Ballet-Folklorico.jpg",1024,685,false],"thumbnail":["https:\/\/experienciadevida.com.ar\/portalurbano\/wp-content\/uploads\/2021\/08\/El-Ballet-Folklorico-150x150.jpg",150,150,true],"medium":["https:\/\/experienciadevida.com.ar\/portalurbano\/wp-content\/uploads\/2021\/08\/El-Ballet-Folklorico-300x201.jpg",300,201,true],"medium_large":["https:\/\/experienciadevida.com.ar\/portalurbano\/wp-content\/uploads\/2021\/08\/El-Ballet-Folklorico-768x514.jpg",640,428,true],"large":["https:\/\/experienciadevida.com.ar\/portalurbano\/wp-content\/uploads\/2021\/08\/El-Ballet-Folklorico.jpg",640,428,false],"ug_big":["https:\/\/experienciadevida.com.ar\/portalurbano\/wp-content\/uploads\/2021\/08\/El-Ballet-Folklorico-768x514.jpg",768,514,true],"1536x1536":["https:\/\/experienciadevida.com.ar\/portalurbano\/wp-content\/uploads\/2021\/08\/El-Ballet-Folklorico.jpg",1024,685,false],"2048x2048":["https:\/\/experienciadevida.com.ar\/portalurbano\/wp-content\/uploads\/2021\/08\/El-Ballet-Folklorico.jpg",1024,685,false],"newsever-slider-full":["https:\/\/experienciadevida.com.ar\/portalurbano\/wp-content\/uploads\/2021\/08\/El-Ballet-Folklorico.jpg",1024,685,false],"newsever-featured":["https:\/\/experienciadevida.com.ar\/portalurbano\/wp-content\/uploads\/2021\/08\/El-Ballet-Folklorico.jpg",1024,685,false],"newsever-medium":["https:\/\/experienciadevida.com.ar\/portalurbano\/wp-content\/uploads\/2021\/08\/El-Ballet-Folklorico.jpg",710,475,false],"web-stories-poster-portrait":["https:\/\/experienciadevida.com.ar\/portalurbano\/wp-content\/uploads\/2021\/08\/El-Ballet-Folklorico.jpg",640,428,false],"web-stories-publisher-logo":["https:\/\/experienciadevida.com.ar\/portalurbano\/wp-content\/uploads\/2021\/08\/El-Ballet-Folklorico.jpg",96,64,false],"web-stories-thumbnail":["https:\/\/experienciadevida.com.ar\/portalurbano\/wp-content\/uploads\/2021\/08\/El-Ballet-Folklorico.jpg",150,100,false]},"author_info":{"display_name":"admpu17wp","author_link":"https:\/\/experienciadevida.com.ar\/portalurbano\/author\/admpu17wp\/"},"category_info":"<a href=\"https:\/\/experienciadevida.com.ar\/portalurbano\/category\/ciudad\/\" rel=\"category tag\">Ciudad<\/a> <a href=\"https:\/\/experienciadevida.com.ar\/portalurbano\/category\/destacadas-2\/\" rel=\"category tag\">Destacadas 2<\/a>","tag_info":"Destacadas 2","comment_count":"0","amp_enabled":true,"_links":{"self":[{"href":"https:\/\/experienciadevida.com.ar\/portalurbano\/wp-json\/wp\/v2\/posts\/150636"}],"collection":[{"href":"https:\/\/experienciadevida.com.ar\/portalurbano\/wp-json\/wp\/v2\/posts"}],"about":[{"href":"https:\/\/experienciadevida.com.ar\/portalurbano\/wp-json\/wp\/v2\/types\/post"}],"author":[{"embeddable":true,"href":"https:\/\/experienciadevida.com.ar\/portalurbano\/wp-json\/wp\/v2\/users\/1"}],"replies":[{"embeddable":true,"href":"https:\/\/experienciadevida.com.ar\/portalurbano\/wp-json\/wp\/v2\/comments?post=150636"}],"version-history":[{"count":3,"href":"https:\/\/experienciadevida.com.ar\/portalurbano\/wp-json\/wp\/v2\/posts\/150636\/revisions"}],"predecessor-version":[{"id":150640,"href":"https:\/\/experienciadevida.com.ar\/portalurbano\/wp-json\/wp\/v2\/posts\/150636\/revisions\/150640"}],"wp:featuredmedia":[{"embeddable":true,"href":"https:\/\/experienciadevida.com.ar\/portalurbano\/wp-json\/wp\/v2\/media\/150637"}],"wp:attachment":[{"href":"https:\/\/experienciadevida.com.ar\/portalurbano\/wp-json\/wp\/v2\/media?parent=150636"}],"wp:term":[{"taxonomy":"category","embeddable":true,"href":"https:\/\/experienciadevida.com.ar\/portalurbano\/wp-json\/wp\/v2\/categories?post=150636"},{"taxonomy":"post_tag","embeddable":true,"href":"https:\/\/experienciadevida.com.ar\/portalurbano\/wp-json\/wp\/v2\/tags?post=150636"}],"curies":[{"name":"wp","href":"https:\/\/api.w.org\/{rel}","templated":true}]}}