{"id":150582,"date":"2021-08-18T17:38:05","date_gmt":"2021-08-18T20:38:05","guid":{"rendered":"https:\/\/experienciadevida.com.ar\/portalurbano\/?p=150582"},"modified":"2021-09-17T17:52:18","modified_gmt":"2021-09-17T20:52:18","slug":"ezequiel-galli-en-la-presentacion-de-propuestas-de-diego-santilli","status":"publish","type":"post","link":"https:\/\/experienciadevida.com.ar\/portalurbano\/ezequiel-galli-en-la-presentacion-de-propuestas-de-diego-santilli\/","title":{"rendered":"Ezequiel Galli en la presentaci\u00f3n de propuestas de Diego Santilli"},"content":{"rendered":"<p>Ezequiel Galli en la presentaci\u00f3n de propuestas de Diego Santilli.<\/p>\n<p>El acto, que se llev\u00f3 a cabo en Campo de Deportes Asociaci\u00f3n de Amigos del Colegio Cardenal Copello en Tres de Febrero, cont\u00f3 con la presencia de los intendentes Diego Valenzuela (Tres de Febrero), Jorge Macri (Vicente<br \/>\nL\u00f3pez), N\u00e9stor Grindetti (Lan\u00fas), Julio Garro (La Plata), Pablo Petrecca (Jun\u00edn), H\u00e9ctor Gay (Bah\u00eda Blanca), Javier Mart\u00ednez (Pergamino), Manuel Passaglia (San Nicol\u00e1s), Guillermo Montenegro (General Pueyrred\u00f3n) y<br \/>\nGustavo Posse (San Isidro) junto a legisladores y dirigentes del PRO.<\/p>\n<p>Durante la presentaci\u00f3n, Santilli hizo hincapi\u00e9 en trabajar en soluciones para los mayores problemas que sufren los bonaerenses que son la inseguridad, la falta de empleo y la carga tributaria para empresas y PyMes.<\/p>\n<p>Tras el acto, Ezequiel Galli dijo: \u201cla presentaci\u00f3n de propuestas de Diego dej\u00f3 en claro cu\u00e1l es el modelo de pa\u00eds y de provincia que queremos. Apostamos a la generaci\u00f3n de empleo como motor de crecimiento. Somos un espacio pol\u00edtico que prefiere reemplazar los planes sociales por trabajo genuino\u201d.<\/p>\n<p>\u201cQueremos vivir en una Provincia donde la educaci\u00f3n sea de calidad y los vecinos puedan vivir tranquilos sin sufrir el flagelo de la inseguridad y Diego ha demostrado con creces como se la combate\u201d, agreg\u00f3.<\/p>\n<p>Ezequiel Galli en la presentaci\u00f3n de propuestas de Diego Santilli, el Jefe Comunal expres\u00f3 &#8220;\u201cla exitosa gesti\u00f3n de Horacio Rodr\u00edguez Larreta queremos trasladarla a la provincia de Buenos Aires. Por eso estamos convencidos que Diego Santilli es la persona ideal porque ha sido parte fundamental del proceso en CABA\u201d.<\/p>\n","protected":false},"excerpt":{"rendered":"<p>Ezequiel Galli en la presentaci\u00f3n de propuestas de Diego Santilli. El acto, que se llev\u00f3&#8230;<\/p>\n","protected":false},"author":1,"featured_media":150583,"comment_status":"closed","ping_status":"closed","sticky":false,"template":"","format":"standard","meta":{"content-type":""},"categories":[64,43,648],"tags":[],"nelio_content":{"isAutoShareEnabled":false,"autoShareEndMode":"default","automationSources":{"useContentSentences":true,"useSocialTemplates":true,"useCustomSentences":false,"customSentences":[]},"followers":[1],"suggestedReferences":[],"includedReferences":[],"efiUrl":"","efiAlt":"","highlights":[]},"yoast_head":"<!-- This site is optimized with the Yoast SEO plugin v20.7 - https:\/\/yoast.com\/wordpress\/plugins\/seo\/ -->\n<title>Ezequiel Galli en la presentaci\u00f3n de propuestas de Diego Santilli<\/title>\n<meta name=\"description\" content=\"Ezequiel Galli en la presentaci\u00f3n de propuestas de Diego Santilli, se llev\u00f3 a cabo en Campo de Deportes Asociaci\u00f3n de Amigos del Colegio\" \/>\n<meta name=\"robots\" content=\"index, follow, max-snippet:-1, max-image-preview:large, max-video-preview:-1\" \/>\n<link rel=\"canonical\" href=\"https:\/\/experienciadevida.com.ar\/portalurbano\/ezequiel-galli-en-la-presentacion-de-propuestas-de-diego-santilli\/\" \/>\n<meta property=\"og:locale\" content=\"es_ES\" \/>\n<meta property=\"og:type\" content=\"article\" \/>\n<meta property=\"og:title\" content=\"Ezequiel Galli en la presentaci\u00f3n de propuestas de Diego Santilli\" \/>\n<meta property=\"og:description\" content=\"Ezequiel Galli en la presentaci\u00f3n de propuestas de Diego Santilli, se llev\u00f3 a cabo en Campo de Deportes Asociaci\u00f3n de Amigos del Colegio\" \/>\n<meta property=\"og:url\" content=\"https:\/\/experienciadevida.com.ar\/portalurbano\/ezequiel-galli-en-la-presentacion-de-propuestas-de-diego-santilli\/\" \/>\n<meta property=\"article:publisher\" content=\"https:\/\/www.facebook.com\/Portal-Urbano-171542830093757\/\" \/>\n<meta property=\"article:published_time\" content=\"2021-08-18T20:38:05+00:00\" \/>\n<meta property=\"article:modified_time\" content=\"2021-09-17T20:52:18+00:00\" \/>\n<meta property=\"og:image\" content=\"https:\/\/experienciadevida.com.ar\/portalurbano\/wp-content\/uploads\/2021\/08\/Ezequiel-Galli-en-la-presentacion.jpeg\" \/>\n\t<meta property=\"og:image:width\" content=\"801\" \/>\n\t<meta property=\"og:image:height\" content=\"534\" \/>\n\t<meta property=\"og:image:type\" content=\"image\/jpeg\" \/>\n<meta name=\"author\" content=\"admpu17wp\" \/>\n<meta name=\"twitter:card\" content=\"summary_large_image\" \/>\n<meta name=\"twitter:creator\" content=\"@portalurbanook\" \/>\n<meta name=\"twitter:site\" content=\"@portalurbanook\" \/>\n<meta name=\"twitter:label1\" content=\"Escrito por\" \/>\n\t<meta name=\"twitter:data1\" content=\"admpu17wp\" \/>\n\t<meta name=\"twitter:label2\" content=\"Tiempo de lectura\" \/>\n\t<meta name=\"twitter:data2\" content=\"2 minutos\" \/>\n<script type=\"application\/ld+json\" class=\"yoast-schema-graph\">{\"@context\":\"https:\/\/schema.org\",\"@graph\":[{\"@type\":\"Article\",\"@id\":\"https:\/\/experienciadevida.com.ar\/portalurbano\/ezequiel-galli-en-la-presentacion-de-propuestas-de-diego-santilli\/#article\",\"isPartOf\":{\"@id\":\"https:\/\/experienciadevida.com.ar\/portalurbano\/ezequiel-galli-en-la-presentacion-de-propuestas-de-diego-santilli\/\"},\"author\":{\"name\":\"admpu17wp\",\"@id\":\"https:\/\/experienciadevida.com.ar\/portalurbano\/#\/schema\/person\/02dd326b1c4b056e9cc972486934a3a7\"},\"headline\":\"Ezequiel Galli en la presentaci\u00f3n de propuestas de Diego Santilli\",\"datePublished\":\"2021-08-18T20:38:05+00:00\",\"dateModified\":\"2021-09-17T20:52:18+00:00\",\"mainEntityOfPage\":{\"@id\":\"https:\/\/experienciadevida.com.ar\/portalurbano\/ezequiel-galli-en-la-presentacion-de-propuestas-de-diego-santilli\/\"},\"wordCount\":284,\"publisher\":{\"@id\":\"https:\/\/experienciadevida.com.ar\/portalurbano\/#organization\"},\"articleSection\":[\"Destacadas 2\",\"Pol\u00edtica\",\"POL\u00cdTICOS EN CAMPA\u00d1A \u2013 PASO 2021\"],\"inLanguage\":\"es\"},{\"@type\":\"WebPage\",\"@id\":\"https:\/\/experienciadevida.com.ar\/portalurbano\/ezequiel-galli-en-la-presentacion-de-propuestas-de-diego-santilli\/\",\"url\":\"https:\/\/experienciadevida.com.ar\/portalurbano\/ezequiel-galli-en-la-presentacion-de-propuestas-de-diego-santilli\/\",\"name\":\"Ezequiel Galli en la presentaci\u00f3n de propuestas de Diego Santilli\",\"isPartOf\":{\"@id\":\"https:\/\/experienciadevida.com.ar\/portalurbano\/#website\"},\"datePublished\":\"2021-08-18T20:38:05+00:00\",\"dateModified\":\"2021-09-17T20:52:18+00:00\",\"description\":\"Ezequiel Galli en la presentaci\u00f3n de propuestas de Diego Santilli, se llev\u00f3 a cabo en Campo de Deportes Asociaci\u00f3n de Amigos del Colegio\",\"breadcrumb\":{\"@id\":\"https:\/\/experienciadevida.com.ar\/portalurbano\/ezequiel-galli-en-la-presentacion-de-propuestas-de-diego-santilli\/#breadcrumb\"},\"inLanguage\":\"es\",\"potentialAction\":[{\"@type\":\"ReadAction\",\"target\":[\"https:\/\/experienciadevida.com.ar\/portalurbano\/ezequiel-galli-en-la-presentacion-de-propuestas-de-diego-santilli\/\"]}]},{\"@type\":\"BreadcrumbList\",\"@id\":\"https:\/\/experienciadevida.com.ar\/portalurbano\/ezequiel-galli-en-la-presentacion-de-propuestas-de-diego-santilli\/#breadcrumb\",\"itemListElement\":[{\"@type\":\"ListItem\",\"position\":1,\"name\":\"Portada\",\"item\":\"https:\/\/experienciadevida.com.ar\/portalurbano\/\"},{\"@type\":\"ListItem\",\"position\":2,\"name\":\"Ezequiel Galli en la presentaci\u00f3n de propuestas de Diego Santilli\"}]},{\"@type\":\"WebSite\",\"@id\":\"https:\/\/experienciadevida.com.ar\/portalurbano\/#website\",\"url\":\"https:\/\/experienciadevida.com.ar\/portalurbano\/\",\"name\":\"\",\"description\":\"\",\"publisher\":{\"@id\":\"https:\/\/experienciadevida.com.ar\/portalurbano\/#organization\"},\"potentialAction\":[{\"@type\":\"SearchAction\",\"target\":{\"@type\":\"EntryPoint\",\"urlTemplate\":\"https:\/\/experienciadevida.com.ar\/portalurbano\/?s={search_term_string}\"},\"query-input\":\"required name=search_term_string\"}],\"inLanguage\":\"es\"},{\"@type\":\"Organization\",\"@id\":\"https:\/\/experienciadevida.com.ar\/portalurbano\/#organization\",\"name\":\"Portal Urbano\",\"url\":\"https:\/\/experienciadevida.com.ar\/portalurbano\/\",\"logo\":{\"@type\":\"ImageObject\",\"inLanguage\":\"es\",\"@id\":\"https:\/\/experienciadevida.com.ar\/portalurbano\/#\/schema\/logo\/image\/\",\"url\":\"https:\/\/experienciadevida.com.ar\/portalurbano\/wp-content\/uploads\/2019\/09\/Logo-Original.png\",\"contentUrl\":\"https:\/\/experienciadevida.com.ar\/portalurbano\/wp-content\/uploads\/2019\/09\/Logo-Original.png\",\"width\":2236,\"height\":1216,\"caption\":\"Portal Urbano\"},\"image\":{\"@id\":\"https:\/\/experienciadevida.com.ar\/portalurbano\/#\/schema\/logo\/image\/\"},\"sameAs\":[\"https:\/\/www.facebook.com\/Portal-Urbano-171542830093757\/\",\"https:\/\/twitter.com\/portalurbanook\",\"https:\/\/www.instagram.com\/_portalurbano\/\",\"https:\/\/www.youtube.com\/channel\/UCXhagIfszH8KxFiOok79zbA?view_as=subscriber\"]},{\"@type\":\"Person\",\"@id\":\"https:\/\/experienciadevida.com.ar\/portalurbano\/#\/schema\/person\/02dd326b1c4b056e9cc972486934a3a7\",\"name\":\"admpu17wp\",\"image\":{\"@type\":\"ImageObject\",\"inLanguage\":\"es\",\"@id\":\"https:\/\/experienciadevida.com.ar\/portalurbano\/#\/schema\/person\/image\/\",\"url\":\"https:\/\/secure.gravatar.com\/avatar\/830d4c57adaae6630765e449a6908047?s=96&d=mm&r=g\",\"contentUrl\":\"https:\/\/secure.gravatar.com\/avatar\/830d4c57adaae6630765e449a6908047?s=96&d=mm&r=g\",\"caption\":\"admpu17wp\"}}]}<\/script>\n<!-- \/ Yoast SEO plugin. -->","yoast_head_json":{"title":"Ezequiel Galli en la presentaci\u00f3n de propuestas de Diego Santilli","description":"Ezequiel Galli en la presentaci\u00f3n de propuestas de Diego Santilli, se llev\u00f3 a cabo en Campo de Deportes Asociaci\u00f3n de Amigos del Colegio","robots":{"index":"index","follow":"follow","max-snippet":"max-snippet:-1","max-image-preview":"max-image-preview:large","max-video-preview":"max-video-preview:-1"},"canonical":"https:\/\/experienciadevida.com.ar\/portalurbano\/ezequiel-galli-en-la-presentacion-de-propuestas-de-diego-santilli\/","og_locale":"es_ES","og_type":"article","og_title":"Ezequiel Galli en la presentaci\u00f3n de propuestas de Diego Santilli","og_description":"Ezequiel Galli en la presentaci\u00f3n de propuestas de Diego Santilli, se llev\u00f3 a cabo en Campo de Deportes Asociaci\u00f3n de Amigos del Colegio","og_url":"https:\/\/experienciadevida.com.ar\/portalurbano\/ezequiel-galli-en-la-presentacion-de-propuestas-de-diego-santilli\/","article_publisher":"https:\/\/www.facebook.com\/Portal-Urbano-171542830093757\/","article_published_time":"2021-08-18T20:38:05+00:00","article_modified_time":"2021-09-17T20:52:18+00:00","og_image":[{"width":801,"height":534,"url":"https:\/\/experienciadevida.com.ar\/portalurbano\/wp-content\/uploads\/2021\/08\/Ezequiel-Galli-en-la-presentacion.jpeg","type":"image\/jpeg"}],"author":"admpu17wp","twitter_card":"summary_large_image","twitter_creator":"@portalurbanook","twitter_site":"@portalurbanook","twitter_misc":{"Escrito por":"admpu17wp","Tiempo de lectura":"2 minutos"},"schema":{"@context":"https:\/\/schema.org","@graph":[{"@type":"Article","@id":"https:\/\/experienciadevida.com.ar\/portalurbano\/ezequiel-galli-en-la-presentacion-de-propuestas-de-diego-santilli\/#article","isPartOf":{"@id":"https:\/\/experienciadevida.com.ar\/portalurbano\/ezequiel-galli-en-la-presentacion-de-propuestas-de-diego-santilli\/"},"author":{"name":"admpu17wp","@id":"https:\/\/experienciadevida.com.ar\/portalurbano\/#\/schema\/person\/02dd326b1c4b056e9cc972486934a3a7"},"headline":"Ezequiel Galli en la presentaci\u00f3n de propuestas de Diego Santilli","datePublished":"2021-08-18T20:38:05+00:00","dateModified":"2021-09-17T20:52:18+00:00","mainEntityOfPage":{"@id":"https:\/\/experienciadevida.com.ar\/portalurbano\/ezequiel-galli-en-la-presentacion-de-propuestas-de-diego-santilli\/"},"wordCount":284,"publisher":{"@id":"https:\/\/experienciadevida.com.ar\/portalurbano\/#organization"},"articleSection":["Destacadas 2","Pol\u00edtica","POL\u00cdTICOS EN CAMPA\u00d1A \u2013 PASO 2021"],"inLanguage":"es"},{"@type":"WebPage","@id":"https:\/\/experienciadevida.com.ar\/portalurbano\/ezequiel-galli-en-la-presentacion-de-propuestas-de-diego-santilli\/","url":"https:\/\/experienciadevida.com.ar\/portalurbano\/ezequiel-galli-en-la-presentacion-de-propuestas-de-diego-santilli\/","name":"Ezequiel Galli en la presentaci\u00f3n de propuestas de Diego Santilli","isPartOf":{"@id":"https:\/\/experienciadevida.com.ar\/portalurbano\/#website"},"datePublished":"2021-08-18T20:38:05+00:00","dateModified":"2021-09-17T20:52:18+00:00","description":"Ezequiel Galli en la presentaci\u00f3n de propuestas de Diego Santilli, se llev\u00f3 a cabo en Campo de Deportes Asociaci\u00f3n de Amigos del Colegio","breadcrumb":{"@id":"https:\/\/experienciadevida.com.ar\/portalurbano\/ezequiel-galli-en-la-presentacion-de-propuestas-de-diego-santilli\/#breadcrumb"},"inLanguage":"es","potentialAction":[{"@type":"ReadAction","target":["https:\/\/experienciadevida.com.ar\/portalurbano\/ezequiel-galli-en-la-presentacion-de-propuestas-de-diego-santilli\/"]}]},{"@type":"BreadcrumbList","@id":"https:\/\/experienciadevida.com.ar\/portalurbano\/ezequiel-galli-en-la-presentacion-de-propuestas-de-diego-santilli\/#breadcrumb","itemListElement":[{"@type":"ListItem","position":1,"name":"Portada","item":"https:\/\/experienciadevida.com.ar\/portalurbano\/"},{"@type":"ListItem","position":2,"name":"Ezequiel Galli en la presentaci\u00f3n de propuestas de Diego Santilli"}]},{"@type":"WebSite","@id":"https:\/\/experienciadevida.com.ar\/portalurbano\/#website","url":"https:\/\/experienciadevida.com.ar\/portalurbano\/","name":"","description":"","publisher":{"@id":"https:\/\/experienciadevida.com.ar\/portalurbano\/#organization"},"potentialAction":[{"@type":"SearchAction","target":{"@type":"EntryPoint","urlTemplate":"https:\/\/experienciadevida.com.ar\/portalurbano\/?s={search_term_string}"},"query-input":"required name=search_term_string"}],"inLanguage":"es"},{"@type":"Organization","@id":"https:\/\/experienciadevida.com.ar\/portalurbano\/#organization","name":"Portal Urbano","url":"https:\/\/experienciadevida.com.ar\/portalurbano\/","logo":{"@type":"ImageObject","inLanguage":"es","@id":"https:\/\/experienciadevida.com.ar\/portalurbano\/#\/schema\/logo\/image\/","url":"https:\/\/experienciadevida.com.ar\/portalurbano\/wp-content\/uploads\/2019\/09\/Logo-Original.png","contentUrl":"https:\/\/experienciadevida.com.ar\/portalurbano\/wp-content\/uploads\/2019\/09\/Logo-Original.png","width":2236,"height":1216,"caption":"Portal Urbano"},"image":{"@id":"https:\/\/experienciadevida.com.ar\/portalurbano\/#\/schema\/logo\/image\/"},"sameAs":["https:\/\/www.facebook.com\/Portal-Urbano-171542830093757\/","https:\/\/twitter.com\/portalurbanook","https:\/\/www.instagram.com\/_portalurbano\/","https:\/\/www.youtube.com\/channel\/UCXhagIfszH8KxFiOok79zbA?view_as=subscriber"]},{"@type":"Person","@id":"https:\/\/experienciadevida.com.ar\/portalurbano\/#\/schema\/person\/02dd326b1c4b056e9cc972486934a3a7","name":"admpu17wp","image":{"@type":"ImageObject","inLanguage":"es","@id":"https:\/\/experienciadevida.com.ar\/portalurbano\/#\/schema\/person\/image\/","url":"https:\/\/secure.gravatar.com\/avatar\/830d4c57adaae6630765e449a6908047?s=96&d=mm&r=g","contentUrl":"https:\/\/secure.gravatar.com\/avatar\/830d4c57adaae6630765e449a6908047?s=96&d=mm&r=g","caption":"admpu17wp"}}]}},"featured_image_urls":{"full":["https:\/\/experienciadevida.com.ar\/portalurbano\/wp-content\/uploads\/2021\/08\/Ezequiel-Galli-en-la-presentacion.jpeg",801,534,false],"thumbnail":["https:\/\/experienciadevida.com.ar\/portalurbano\/wp-content\/uploads\/2021\/08\/Ezequiel-Galli-en-la-presentacion-150x150.jpeg",150,150,true],"medium":["https:\/\/experienciadevida.com.ar\/portalurbano\/wp-content\/uploads\/2021\/08\/Ezequiel-Galli-en-la-presentacion-300x200.jpeg",300,200,true],"medium_large":["https:\/\/experienciadevida.com.ar\/portalurbano\/wp-content\/uploads\/2021\/08\/Ezequiel-Galli-en-la-presentacion-768x512.jpeg",640,427,true],"large":["https:\/\/experienciadevida.com.ar\/portalurbano\/wp-content\/uploads\/2021\/08\/Ezequiel-Galli-en-la-presentacion.jpeg",640,427,false],"ug_big":["https:\/\/experienciadevida.com.ar\/portalurbano\/wp-content\/uploads\/2021\/08\/Ezequiel-Galli-en-la-presentacion-768x512.jpeg",768,512,true],"1536x1536":["https:\/\/experienciadevida.com.ar\/portalurbano\/wp-content\/uploads\/2021\/08\/Ezequiel-Galli-en-la-presentacion.jpeg",801,534,false],"2048x2048":["https:\/\/experienciadevida.com.ar\/portalurbano\/wp-content\/uploads\/2021\/08\/Ezequiel-Galli-en-la-presentacion.jpeg",801,534,false],"newsever-slider-full":["https:\/\/experienciadevida.com.ar\/portalurbano\/wp-content\/uploads\/2021\/08\/Ezequiel-Galli-en-la-presentacion.jpeg",801,534,false],"newsever-featured":["https:\/\/experienciadevida.com.ar\/portalurbano\/wp-content\/uploads\/2021\/08\/Ezequiel-Galli-en-la-presentacion.jpeg",801,534,false],"newsever-medium":["https:\/\/experienciadevida.com.ar\/portalurbano\/wp-content\/uploads\/2021\/08\/Ezequiel-Galli-en-la-presentacion.jpeg",713,475,false],"web-stories-poster-portrait":["https:\/\/experienciadevida.com.ar\/portalurbano\/wp-content\/uploads\/2021\/08\/Ezequiel-Galli-en-la-presentacion.jpeg",640,427,false],"web-stories-publisher-logo":["https:\/\/experienciadevida.com.ar\/portalurbano\/wp-content\/uploads\/2021\/08\/Ezequiel-Galli-en-la-presentacion.jpeg",96,64,false],"web-stories-thumbnail":["https:\/\/experienciadevida.com.ar\/portalurbano\/wp-content\/uploads\/2021\/08\/Ezequiel-Galli-en-la-presentacion.jpeg",150,100,false]},"author_info":{"display_name":"admpu17wp","author_link":"https:\/\/experienciadevida.com.ar\/portalurbano\/author\/admpu17wp\/"},"category_info":"<a href=\"https:\/\/experienciadevida.com.ar\/portalurbano\/category\/destacadas-2\/\" rel=\"category tag\">Destacadas 2<\/a> <a href=\"https:\/\/experienciadevida.com.ar\/portalurbano\/category\/politica\/\" rel=\"category tag\">Pol\u00edtica<\/a> <a href=\"https:\/\/experienciadevida.com.ar\/portalurbano\/category\/politicos-en-campana-paso-2021\/\" rel=\"category tag\">POL\u00cdTICOS EN CAMPA\u00d1A \u2013 PASO 2021<\/a>","tag_info":"POL\u00cdTICOS EN CAMPA\u00d1A \u2013 PASO 2021","comment_count":"0","amp_enabled":true,"_links":{"self":[{"href":"https:\/\/experienciadevida.com.ar\/portalurbano\/wp-json\/wp\/v2\/posts\/150582"}],"collection":[{"href":"https:\/\/experienciadevida.com.ar\/portalurbano\/wp-json\/wp\/v2\/posts"}],"about":[{"href":"https:\/\/experienciadevida.com.ar\/portalurbano\/wp-json\/wp\/v2\/types\/post"}],"author":[{"embeddable":true,"href":"https:\/\/experienciadevida.com.ar\/portalurbano\/wp-json\/wp\/v2\/users\/1"}],"replies":[{"embeddable":true,"href":"https:\/\/experienciadevida.com.ar\/portalurbano\/wp-json\/wp\/v2\/comments?post=150582"}],"version-history":[{"count":2,"href":"https:\/\/experienciadevida.com.ar\/portalurbano\/wp-json\/wp\/v2\/posts\/150582\/revisions"}],"predecessor-version":[{"id":150585,"href":"https:\/\/experienciadevida.com.ar\/portalurbano\/wp-json\/wp\/v2\/posts\/150582\/revisions\/150585"}],"wp:featuredmedia":[{"embeddable":true,"href":"https:\/\/experienciadevida.com.ar\/portalurbano\/wp-json\/wp\/v2\/media\/150583"}],"wp:attachment":[{"href":"https:\/\/experienciadevida.com.ar\/portalurbano\/wp-json\/wp\/v2\/media?parent=150582"}],"wp:term":[{"taxonomy":"category","embeddable":true,"href":"https:\/\/experienciadevida.com.ar\/portalurbano\/wp-json\/wp\/v2\/categories?post=150582"},{"taxonomy":"post_tag","embeddable":true,"href":"https:\/\/experienciadevida.com.ar\/portalurbano\/wp-json\/wp\/v2\/tags?post=150582"}],"curies":[{"name":"wp","href":"https:\/\/api.w.org\/{rel}","templated":true}]}}