{"id":150544,"date":"2021-08-18T11:55:09","date_gmt":"2021-08-18T14:55:09","guid":{"rendered":"https:\/\/experienciadevida.com.ar\/portalurbano\/?p=150544"},"modified":"2021-08-18T12:07:30","modified_gmt":"2021-08-18T15:07:30","slug":"el-leon-serrano-cumple-100-anos-aca-adentro-somos-historias","status":"publish","type":"post","link":"https:\/\/experienciadevida.com.ar\/portalurbano\/el-leon-serrano-cumple-100-anos-aca-adentro-somos-historias\/","title":{"rendered":"El L\u00e9on Serrano cumple 100 a\u00f1os: \u201cAc\u00e1 adentro somos historias\u201d"},"content":{"rendered":"<p>El L\u00e9on Serrano cumple 100 a\u00f1os: \u201cAc\u00e1 adentro somos historias\u201d, el Club Atl\u00e9tico y Social Cemento San Mart\u00edn de Sierras Bayas fue fundado un 18 de agosto de 1921. Hoy cumple 100 a\u00f1os, con una larga y rica historia y una fuerte identidad cementera, que se encuentra arraigada en el coraz\u00f3n de la comunidad.<\/p>\n<p>Este mi\u00e9rcoles por la ma\u00f1ana se llev\u00f3 a cabo el acto protocolar por el centenario, en el ingreso al club aurinegro, con el caracter\u00edstico Le\u00f3n Serrano dando la bienvenida al lugar.<\/p>\n<p>El mismo fue encabezado por el presidente de la instituci\u00f3n Federico Zamora, junto a integrantes de la comisi\u00f3n directiva y en representaci\u00f3n del Municipio, se encontraban presentes el presidente del HCD Bruno <a href=\"https:\/\/www.instagram.com\/brunocenizo\/?hl=es-la\">Cenizo<\/a>, el secretario de Desarrollo Humano y Calidad de Vida Diego <a href=\"https:\/\/www.facebook.com\/diegorobbiani\">Robbiani<\/a>, el subsecretario de Deportes y Recreaci\u00f3n Juan Agust\u00edn Galli, el director de Gesti\u00f3n Deportiva Marcelo <a href=\"https:\/\/www.facebook.com\/marcelo.verna\">Verna<\/a> y el delegado de Sierras Bayas Guillermo Rikal, junto a vecinos de la localidad.<\/p>\n<p>El L\u00e9on Serrano cumple 100 a\u00f1os: \u201cAc\u00e1 adentro somos historias\u201d, El acto comenz\u00f3 con palabras alusivas, a cargo de Federico Zamora, quien se refiri\u00f3 a la historia del club y en este marco, destac\u00f3 \u201clas obras gigantes impensadas para un club \u2018chiquito\u2019\u201d.<\/p>\n<p>Tambi\u00e9n resalt\u00f3 la calidad humana \u201cde todas las personas que transitaron durante este centenario, porque son 100 a\u00f1os de historias de todos y cada uno de los que estamos ac\u00e1, hinchas, dirigentes, deportistas. 100 a\u00f1os de emociones alegr\u00edas tristezas\u201d.<\/p>\n<p>Posteriormente, el secretario de Desarrollo Humano y Calidad de Vida Diego Robbiani felicit\u00f3 a la dirigencia del club por este acontecimiento tan especial y puso en valor \u201cser dirigente en este a\u00f1o tan complejo, no es f\u00e1cil estar al frente de un club tan importante en esta situaci\u00f3n, de esta manera honran la historia del club\u201d.<\/p>\n<p>\u201cNo se cumplen 100 a\u00f1os todos los d\u00edas. Ac\u00e1 hay muchas historias. Los Robbiani somos de ac\u00e1, el viejo me contaba todo lo que el club le ha dado a la comunidad. Es muy importante que el club este hoy en pie, sobre todo que los chicos est\u00e9n contenidos en este espacio\u201d, expres\u00f3 Robbiani.<\/p>\n<p>Seguidamente, el funcionario municipal hizo entrega de una placa en nombre de la Municipalidad del Partido de Olavarr\u00eda, en adhesi\u00f3n a la conmemoraci\u00f3n del centenario del Club San Mart\u00edn de Sierras Bayas. Y adem\u00e1s entreg\u00f3 una carta enviada por el intendente Ezequiel Galli \u2013que no pudo estar presente\u2013, donde transmite sus felicitaciones por \u201cla importante tarea que se realiza, generando la motivaci\u00f3n para que muchos ni\u00f1os, j\u00f3venes y adultos se inclinen al deporte, construyendo hace cien a\u00f1os una verdadera escuela de valores\u201d.<\/p>\n<p>El L\u00e9on Serrano cumple 100 a\u00f1os: \u201cAc\u00e1 adentro somos historias\u201d, \u201cComo ciudadano, y en el rol que me han otorgado como Intendente del Partido de Olavarr\u00eda, quiero expresar mi apoyo y compromiso con el Club\u201d, manifest\u00f3 Galli.<\/p>\n<p>A continuaci\u00f3n, el subsecretario de Deportes y Recreaci\u00f3n Juan Agust\u00edn Galli junto al delegado de Sierras Bayas Guillermo Rikal, realizaron el descubrimiento del busto del general Don Jos\u00e9 de San Mart\u00edn, que fue instalado en la d\u00e9cada de 1920 y relocalizado este 18 de agosto en el frente del club. Luego, colocaron una palma al pie del busto, que cont\u00f3 adem\u00e1s con la participaci\u00f3n del presidente de la entidad Federico Zamora.<\/p>\n<p>Como parte del acto, las autoridades se dirigieron al play\u00f3n del club, para descubrir un cartel alusivo a esta fecha tan significativa para la historia de toda la comunidad serrana.<\/p>\n<p>Uno de los momentos m\u00e1s emotivos se vivi\u00f3 con el sentido homenaje a Fabi\u00e1n Cazot, recientemente fallecido, quien se desempe\u00f1\u00f3 como tesorero de la instituci\u00f3n. En su memoria, se impuso su nombre al Sal\u00f3n de Reuniones de su querido Club San Mart\u00edn.<\/p>\n<p>M\u00e1s adelante, los presentes se trasladaron al auditorio, donde se llevaron adelante distintos arreglos, entre ellos la pintura y reparaci\u00f3n del techo, con recursos aportados por el Fondo para Cultura y Turismo, teniendo en cuenta que all\u00ed funciona la Escuela de Teatro.<\/p>\n<p>Otro de los momentos conmovedores fue la condecoraci\u00f3n con el t\u00edtulo de socio vitalicio de Eduardo Ricciardi, quien estuvo al frente del Le\u00f3n Serrano durante 20 a\u00f1os, convirti\u00e9ndose de esta manera en el presidente que m\u00e1s a\u00f1os estuvo en el cargo. Ricciardi se dirigi\u00f3 ante los presentes, vecinos, hinchas y dirigentes, con unas emotivas palabras, para dejar sellado por siempre su amor por el club.<\/p>\n<p>A continuaci\u00f3n en representaci\u00f3n de la Uni\u00f3n de Clubes de Olavarr\u00eda, Jos\u00e9 Maceo (Pueblo Nuevo) y Carlos Veneciano (El Fort\u00edn) entregaron una placa conmemorativa, dejando por concluido el acto.<\/p>\n<p><a href=\"https:\/\/experienciadevida.com.ar\/portalurbano\/el-leon-serrano-cumple-100-anos-aca-adentro-somos-historias\/el-leon-serrano\/\" rel=\"attachment wp-att-150548\"><img decoding=\"async\" class=\"alignnone size-large wp-image-150548\" src=\"https:\/\/experienciadevida.com.ar\/portalurbano\/wp-content\/uploads\/2021\/08\/El-Leon-Serrano-1024x684.jpg\" alt=\"El L\u00e9on Serrano\" width=\"900\" height=\"601\" \/><\/a><\/p>\n<p><a href=\"https:\/\/experienciadevida.com.ar\/portalurbano\/el-leon-serrano-cumple-100-anos-aca-adentro-somos-historias\/cumple-100\/\" rel=\"attachment wp-att-150550\"><img decoding=\"async\" class=\"alignnone size-large wp-image-150550\" src=\"https:\/\/experienciadevida.com.ar\/portalurbano\/wp-content\/uploads\/2021\/08\/cumple-100-1024x684.jpg\" alt=\"cumple 100 \" width=\"900\" height=\"601\" \/><\/a><\/p>\n<p><a href=\"https:\/\/experienciadevida.com.ar\/portalurbano\/el-leon-serrano-cumple-100-anos-aca-adentro-somos-historias\/el-leon\/\" rel=\"attachment wp-att-150551\"><img decoding=\"async\" class=\"alignnone size-large wp-image-150551\" src=\"https:\/\/experienciadevida.com.ar\/portalurbano\/wp-content\/uploads\/2021\/08\/El-Leon-1024x684.jpg\" alt=\"El L\u00e9on \" width=\"900\" height=\"601\" \/><\/a><\/p>\n<p><a href=\"https:\/\/experienciadevida.com.ar\/portalurbano\/el-leon-serrano-cumple-100-anos-aca-adentro-somos-historias\/serrano-2\/\" rel=\"attachment wp-att-150552\"><img decoding=\"async\" class=\"alignnone size-large wp-image-150552\" src=\"https:\/\/experienciadevida.com.ar\/portalurbano\/wp-content\/uploads\/2021\/08\/Serrano-1024x684.jpg\" alt=\"Serrano\" width=\"900\" height=\"601\" \/><\/a><\/p>\n<p><a href=\"https:\/\/experienciadevida.com.ar\/portalurbano\/el-leon-serrano-cumple-100-anos-aca-adentro-somos-historias\/leon\/\" rel=\"attachment wp-att-150553\"><img decoding=\"async\" class=\"alignnone size-large wp-image-150553\" src=\"https:\/\/experienciadevida.com.ar\/portalurbano\/wp-content\/uploads\/2021\/08\/Leon-1024x684.jpg\" alt=\"L\u00e9on\" width=\"900\" height=\"601\" \/><\/a><\/p>\n<p><a href=\"https:\/\/experienciadevida.com.ar\/portalurbano\/el-leon-serrano-cumple-100-anos-aca-adentro-somos-historias\/cumple\/\" rel=\"attachment wp-att-150554\"><img decoding=\"async\" class=\"alignnone size-large wp-image-150554\" src=\"https:\/\/experienciadevida.com.ar\/portalurbano\/wp-content\/uploads\/2021\/08\/cumple-1024x684.jpg\" alt=\"cumple \" width=\"900\" height=\"601\" \/><\/a><\/p>\n","protected":false},"excerpt":{"rendered":"<p>El L\u00e9on Serrano cumple 100 a\u00f1os: \u201cAc\u00e1 adentro somos historias\u201d, el Club Atl\u00e9tico y Social&#8230;<\/p>\n","protected":false},"author":1,"featured_media":150545,"comment_status":"closed","ping_status":"closed","sticky":false,"template":"","format":"standard","meta":{"content-type":""},"categories":[27,64],"tags":[],"nelio_content":{"isAutoShareEnabled":false,"autoShareEndMode":"default","automationSources":{"useContentSentences":true,"useSocialTemplates":true,"useCustomSentences":false,"customSentences":[]},"followers":[1],"suggestedReferences":[],"includedReferences":["https:\/\/www.instagram.com\/brunocenizo\/?hl=es-la"],"efiUrl":"","efiAlt":"","highlights":[]},"yoast_head":"<!-- This site is optimized with the Yoast SEO plugin v20.7 - https:\/\/yoast.com\/wordpress\/plugins\/seo\/ -->\n<title>El Le\u00f3n Serrano cumple 100 a\u00f1os &quot;ac\u00e1 adentro somos historias&quot;<\/title>\n<meta name=\"description\" content=\"El L\u00e9on Serrano cumple 100 a\u00f1os: \u201cAc\u00e1 adentro somos historias\u201d, fue fundado un 18 de agosto de 1921 con una larga y rica historia\" \/>\n<meta name=\"robots\" content=\"index, follow, max-snippet:-1, max-image-preview:large, max-video-preview:-1\" \/>\n<link rel=\"canonical\" href=\"https:\/\/experienciadevida.com.ar\/portalurbano\/el-leon-serrano-cumple-100-anos-aca-adentro-somos-historias\/\" \/>\n<meta property=\"og:locale\" content=\"es_ES\" \/>\n<meta property=\"og:type\" content=\"article\" \/>\n<meta property=\"og:title\" content=\"El Le\u00f3n Serrano cumple 100 a\u00f1os &quot;ac\u00e1 adentro somos historias&quot;\" \/>\n<meta property=\"og:description\" content=\"El L\u00e9on Serrano cumple 100 a\u00f1os: \u201cAc\u00e1 adentro somos historias\u201d, fue fundado un 18 de agosto de 1921 con una larga y rica historia\" \/>\n<meta property=\"og:url\" content=\"https:\/\/experienciadevida.com.ar\/portalurbano\/el-leon-serrano-cumple-100-anos-aca-adentro-somos-historias\/\" \/>\n<meta property=\"article:publisher\" content=\"https:\/\/www.facebook.com\/Portal-Urbano-171542830093757\/\" \/>\n<meta property=\"article:published_time\" content=\"2021-08-18T14:55:09+00:00\" \/>\n<meta property=\"article:modified_time\" content=\"2021-08-18T15:07:30+00:00\" \/>\n<meta property=\"og:image\" content=\"https:\/\/experienciadevida.com.ar\/portalurbano\/wp-content\/uploads\/2021\/08\/El-Leon-Serrano-cumple-100-e1629298742494.jpg\" \/>\n\t<meta property=\"og:image:width\" content=\"765\" \/>\n\t<meta property=\"og:image:height\" content=\"511\" \/>\n\t<meta property=\"og:image:type\" content=\"image\/jpeg\" \/>\n<meta name=\"author\" content=\"admpu17wp\" \/>\n<meta name=\"twitter:card\" content=\"summary_large_image\" \/>\n<meta name=\"twitter:creator\" content=\"@portalurbanook\" \/>\n<meta name=\"twitter:site\" content=\"@portalurbanook\" \/>\n<meta name=\"twitter:label1\" content=\"Escrito por\" \/>\n\t<meta name=\"twitter:data1\" content=\"admpu17wp\" \/>\n\t<meta name=\"twitter:label2\" content=\"Tiempo de lectura\" \/>\n\t<meta name=\"twitter:data2\" content=\"5 minutos\" \/>\n<script type=\"application\/ld+json\" class=\"yoast-schema-graph\">{\"@context\":\"https:\/\/schema.org\",\"@graph\":[{\"@type\":\"Article\",\"@id\":\"https:\/\/experienciadevida.com.ar\/portalurbano\/el-leon-serrano-cumple-100-anos-aca-adentro-somos-historias\/#article\",\"isPartOf\":{\"@id\":\"https:\/\/experienciadevida.com.ar\/portalurbano\/el-leon-serrano-cumple-100-anos-aca-adentro-somos-historias\/\"},\"author\":{\"name\":\"admpu17wp\",\"@id\":\"https:\/\/experienciadevida.com.ar\/portalurbano\/#\/schema\/person\/02dd326b1c4b056e9cc972486934a3a7\"},\"headline\":\"El L\u00e9on Serrano cumple 100 a\u00f1os: \u201cAc\u00e1 adentro somos historias\u201d\",\"datePublished\":\"2021-08-18T14:55:09+00:00\",\"dateModified\":\"2021-08-18T15:07:30+00:00\",\"mainEntityOfPage\":{\"@id\":\"https:\/\/experienciadevida.com.ar\/portalurbano\/el-leon-serrano-cumple-100-anos-aca-adentro-somos-historias\/\"},\"wordCount\":814,\"publisher\":{\"@id\":\"https:\/\/experienciadevida.com.ar\/portalurbano\/#organization\"},\"articleSection\":[\"Ciudad\",\"Destacadas 2\"],\"inLanguage\":\"es\"},{\"@type\":\"WebPage\",\"@id\":\"https:\/\/experienciadevida.com.ar\/portalurbano\/el-leon-serrano-cumple-100-anos-aca-adentro-somos-historias\/\",\"url\":\"https:\/\/experienciadevida.com.ar\/portalurbano\/el-leon-serrano-cumple-100-anos-aca-adentro-somos-historias\/\",\"name\":\"El Le\u00f3n Serrano cumple 100 a\u00f1os \\\"ac\u00e1 adentro somos historias\\\"\",\"isPartOf\":{\"@id\":\"https:\/\/experienciadevida.com.ar\/portalurbano\/#website\"},\"datePublished\":\"2021-08-18T14:55:09+00:00\",\"dateModified\":\"2021-08-18T15:07:30+00:00\",\"description\":\"El L\u00e9on Serrano cumple 100 a\u00f1os: \u201cAc\u00e1 adentro somos historias\u201d, fue fundado un 18 de agosto de 1921 con una larga y rica historia\",\"breadcrumb\":{\"@id\":\"https:\/\/experienciadevida.com.ar\/portalurbano\/el-leon-serrano-cumple-100-anos-aca-adentro-somos-historias\/#breadcrumb\"},\"inLanguage\":\"es\",\"potentialAction\":[{\"@type\":\"ReadAction\",\"target\":[\"https:\/\/experienciadevida.com.ar\/portalurbano\/el-leon-serrano-cumple-100-anos-aca-adentro-somos-historias\/\"]}]},{\"@type\":\"BreadcrumbList\",\"@id\":\"https:\/\/experienciadevida.com.ar\/portalurbano\/el-leon-serrano-cumple-100-anos-aca-adentro-somos-historias\/#breadcrumb\",\"itemListElement\":[{\"@type\":\"ListItem\",\"position\":1,\"name\":\"Portada\",\"item\":\"https:\/\/experienciadevida.com.ar\/portalurbano\/\"},{\"@type\":\"ListItem\",\"position\":2,\"name\":\"El L\u00e9on Serrano cumple 100 a\u00f1os: \u201cAc\u00e1 adentro somos historias\u201d\"}]},{\"@type\":\"WebSite\",\"@id\":\"https:\/\/experienciadevida.com.ar\/portalurbano\/#website\",\"url\":\"https:\/\/experienciadevida.com.ar\/portalurbano\/\",\"name\":\"\",\"description\":\"\",\"publisher\":{\"@id\":\"https:\/\/experienciadevida.com.ar\/portalurbano\/#organization\"},\"potentialAction\":[{\"@type\":\"SearchAction\",\"target\":{\"@type\":\"EntryPoint\",\"urlTemplate\":\"https:\/\/experienciadevida.com.ar\/portalurbano\/?s={search_term_string}\"},\"query-input\":\"required name=search_term_string\"}],\"inLanguage\":\"es\"},{\"@type\":\"Organization\",\"@id\":\"https:\/\/experienciadevida.com.ar\/portalurbano\/#organization\",\"name\":\"Portal Urbano\",\"url\":\"https:\/\/experienciadevida.com.ar\/portalurbano\/\",\"logo\":{\"@type\":\"ImageObject\",\"inLanguage\":\"es\",\"@id\":\"https:\/\/experienciadevida.com.ar\/portalurbano\/#\/schema\/logo\/image\/\",\"url\":\"https:\/\/experienciadevida.com.ar\/portalurbano\/wp-content\/uploads\/2019\/09\/Logo-Original.png\",\"contentUrl\":\"https:\/\/experienciadevida.com.ar\/portalurbano\/wp-content\/uploads\/2019\/09\/Logo-Original.png\",\"width\":2236,\"height\":1216,\"caption\":\"Portal Urbano\"},\"image\":{\"@id\":\"https:\/\/experienciadevida.com.ar\/portalurbano\/#\/schema\/logo\/image\/\"},\"sameAs\":[\"https:\/\/www.facebook.com\/Portal-Urbano-171542830093757\/\",\"https:\/\/twitter.com\/portalurbanook\",\"https:\/\/www.instagram.com\/_portalurbano\/\",\"https:\/\/www.youtube.com\/channel\/UCXhagIfszH8KxFiOok79zbA?view_as=subscriber\"]},{\"@type\":\"Person\",\"@id\":\"https:\/\/experienciadevida.com.ar\/portalurbano\/#\/schema\/person\/02dd326b1c4b056e9cc972486934a3a7\",\"name\":\"admpu17wp\",\"image\":{\"@type\":\"ImageObject\",\"inLanguage\":\"es\",\"@id\":\"https:\/\/experienciadevida.com.ar\/portalurbano\/#\/schema\/person\/image\/\",\"url\":\"https:\/\/secure.gravatar.com\/avatar\/830d4c57adaae6630765e449a6908047?s=96&d=mm&r=g\",\"contentUrl\":\"https:\/\/secure.gravatar.com\/avatar\/830d4c57adaae6630765e449a6908047?s=96&d=mm&r=g\",\"caption\":\"admpu17wp\"}}]}<\/script>\n<!-- \/ Yoast SEO plugin. -->","yoast_head_json":{"title":"El Le\u00f3n Serrano cumple 100 a\u00f1os \"ac\u00e1 adentro somos historias\"","description":"El L\u00e9on Serrano cumple 100 a\u00f1os: \u201cAc\u00e1 adentro somos historias\u201d, fue fundado un 18 de agosto de 1921 con una larga y rica historia","robots":{"index":"index","follow":"follow","max-snippet":"max-snippet:-1","max-image-preview":"max-image-preview:large","max-video-preview":"max-video-preview:-1"},"canonical":"https:\/\/experienciadevida.com.ar\/portalurbano\/el-leon-serrano-cumple-100-anos-aca-adentro-somos-historias\/","og_locale":"es_ES","og_type":"article","og_title":"El Le\u00f3n Serrano cumple 100 a\u00f1os \"ac\u00e1 adentro somos historias\"","og_description":"El L\u00e9on Serrano cumple 100 a\u00f1os: \u201cAc\u00e1 adentro somos historias\u201d, fue fundado un 18 de agosto de 1921 con una larga y rica historia","og_url":"https:\/\/experienciadevida.com.ar\/portalurbano\/el-leon-serrano-cumple-100-anos-aca-adentro-somos-historias\/","article_publisher":"https:\/\/www.facebook.com\/Portal-Urbano-171542830093757\/","article_published_time":"2021-08-18T14:55:09+00:00","article_modified_time":"2021-08-18T15:07:30+00:00","og_image":[{"width":765,"height":511,"url":"https:\/\/experienciadevida.com.ar\/portalurbano\/wp-content\/uploads\/2021\/08\/El-Leon-Serrano-cumple-100-e1629298742494.jpg","type":"image\/jpeg"}],"author":"admpu17wp","twitter_card":"summary_large_image","twitter_creator":"@portalurbanook","twitter_site":"@portalurbanook","twitter_misc":{"Escrito por":"admpu17wp","Tiempo de lectura":"5 minutos"},"schema":{"@context":"https:\/\/schema.org","@graph":[{"@type":"Article","@id":"https:\/\/experienciadevida.com.ar\/portalurbano\/el-leon-serrano-cumple-100-anos-aca-adentro-somos-historias\/#article","isPartOf":{"@id":"https:\/\/experienciadevida.com.ar\/portalurbano\/el-leon-serrano-cumple-100-anos-aca-adentro-somos-historias\/"},"author":{"name":"admpu17wp","@id":"https:\/\/experienciadevida.com.ar\/portalurbano\/#\/schema\/person\/02dd326b1c4b056e9cc972486934a3a7"},"headline":"El L\u00e9on Serrano cumple 100 a\u00f1os: \u201cAc\u00e1 adentro somos historias\u201d","datePublished":"2021-08-18T14:55:09+00:00","dateModified":"2021-08-18T15:07:30+00:00","mainEntityOfPage":{"@id":"https:\/\/experienciadevida.com.ar\/portalurbano\/el-leon-serrano-cumple-100-anos-aca-adentro-somos-historias\/"},"wordCount":814,"publisher":{"@id":"https:\/\/experienciadevida.com.ar\/portalurbano\/#organization"},"articleSection":["Ciudad","Destacadas 2"],"inLanguage":"es"},{"@type":"WebPage","@id":"https:\/\/experienciadevida.com.ar\/portalurbano\/el-leon-serrano-cumple-100-anos-aca-adentro-somos-historias\/","url":"https:\/\/experienciadevida.com.ar\/portalurbano\/el-leon-serrano-cumple-100-anos-aca-adentro-somos-historias\/","name":"El Le\u00f3n Serrano cumple 100 a\u00f1os \"ac\u00e1 adentro somos historias\"","isPartOf":{"@id":"https:\/\/experienciadevida.com.ar\/portalurbano\/#website"},"datePublished":"2021-08-18T14:55:09+00:00","dateModified":"2021-08-18T15:07:30+00:00","description":"El L\u00e9on Serrano cumple 100 a\u00f1os: \u201cAc\u00e1 adentro somos historias\u201d, fue fundado un 18 de agosto de 1921 con una larga y rica historia","breadcrumb":{"@id":"https:\/\/experienciadevida.com.ar\/portalurbano\/el-leon-serrano-cumple-100-anos-aca-adentro-somos-historias\/#breadcrumb"},"inLanguage":"es","potentialAction":[{"@type":"ReadAction","target":["https:\/\/experienciadevida.com.ar\/portalurbano\/el-leon-serrano-cumple-100-anos-aca-adentro-somos-historias\/"]}]},{"@type":"BreadcrumbList","@id":"https:\/\/experienciadevida.com.ar\/portalurbano\/el-leon-serrano-cumple-100-anos-aca-adentro-somos-historias\/#breadcrumb","itemListElement":[{"@type":"ListItem","position":1,"name":"Portada","item":"https:\/\/experienciadevida.com.ar\/portalurbano\/"},{"@type":"ListItem","position":2,"name":"El L\u00e9on Serrano cumple 100 a\u00f1os: \u201cAc\u00e1 adentro somos historias\u201d"}]},{"@type":"WebSite","@id":"https:\/\/experienciadevida.com.ar\/portalurbano\/#website","url":"https:\/\/experienciadevida.com.ar\/portalurbano\/","name":"","description":"","publisher":{"@id":"https:\/\/experienciadevida.com.ar\/portalurbano\/#organization"},"potentialAction":[{"@type":"SearchAction","target":{"@type":"EntryPoint","urlTemplate":"https:\/\/experienciadevida.com.ar\/portalurbano\/?s={search_term_string}"},"query-input":"required name=search_term_string"}],"inLanguage":"es"},{"@type":"Organization","@id":"https:\/\/experienciadevida.com.ar\/portalurbano\/#organization","name":"Portal Urbano","url":"https:\/\/experienciadevida.com.ar\/portalurbano\/","logo":{"@type":"ImageObject","inLanguage":"es","@id":"https:\/\/experienciadevida.com.ar\/portalurbano\/#\/schema\/logo\/image\/","url":"https:\/\/experienciadevida.com.ar\/portalurbano\/wp-content\/uploads\/2019\/09\/Logo-Original.png","contentUrl":"https:\/\/experienciadevida.com.ar\/portalurbano\/wp-content\/uploads\/2019\/09\/Logo-Original.png","width":2236,"height":1216,"caption":"Portal Urbano"},"image":{"@id":"https:\/\/experienciadevida.com.ar\/portalurbano\/#\/schema\/logo\/image\/"},"sameAs":["https:\/\/www.facebook.com\/Portal-Urbano-171542830093757\/","https:\/\/twitter.com\/portalurbanook","https:\/\/www.instagram.com\/_portalurbano\/","https:\/\/www.youtube.com\/channel\/UCXhagIfszH8KxFiOok79zbA?view_as=subscriber"]},{"@type":"Person","@id":"https:\/\/experienciadevida.com.ar\/portalurbano\/#\/schema\/person\/02dd326b1c4b056e9cc972486934a3a7","name":"admpu17wp","image":{"@type":"ImageObject","inLanguage":"es","@id":"https:\/\/experienciadevida.com.ar\/portalurbano\/#\/schema\/person\/image\/","url":"https:\/\/secure.gravatar.com\/avatar\/830d4c57adaae6630765e449a6908047?s=96&d=mm&r=g","contentUrl":"https:\/\/secure.gravatar.com\/avatar\/830d4c57adaae6630765e449a6908047?s=96&d=mm&r=g","caption":"admpu17wp"}}]}},"featured_image_urls":{"full":["https:\/\/experienciadevida.com.ar\/portalurbano\/wp-content\/uploads\/2021\/08\/El-Leon-Serrano-cumple-100-e1629298742494.jpg",765,511,false],"thumbnail":["https:\/\/experienciadevida.com.ar\/portalurbano\/wp-content\/uploads\/2021\/08\/El-Leon-Serrano-cumple-100-150x150.jpg",150,150,true],"medium":["https:\/\/experienciadevida.com.ar\/portalurbano\/wp-content\/uploads\/2021\/08\/El-Leon-Serrano-cumple-100-300x201.jpg",300,201,true],"medium_large":["https:\/\/experienciadevida.com.ar\/portalurbano\/wp-content\/uploads\/2021\/08\/El-Leon-Serrano-cumple-100-768x513.jpg",640,428,true],"large":["https:\/\/experienciadevida.com.ar\/portalurbano\/wp-content\/uploads\/2021\/08\/El-Leon-Serrano-cumple-100-1024x684.jpg",640,428,true],"ug_big":["https:\/\/experienciadevida.com.ar\/portalurbano\/wp-content\/uploads\/2021\/08\/El-Leon-Serrano-cumple-100-768x513.jpg",768,513,true],"1536x1536":["https:\/\/experienciadevida.com.ar\/portalurbano\/wp-content\/uploads\/2021\/08\/El-Leon-Serrano-cumple-100-1536x1027.jpg",1536,1027,true],"2048x2048":["https:\/\/experienciadevida.com.ar\/portalurbano\/wp-content\/uploads\/2021\/08\/El-Leon-Serrano-cumple-100-2048x1369.jpg",2048,1369,true],"newsever-slider-full":["https:\/\/experienciadevida.com.ar\/portalurbano\/wp-content\/uploads\/2021\/08\/El-Leon-Serrano-cumple-100-e1629298742494.jpg",765,511,false],"newsever-featured":["https:\/\/experienciadevida.com.ar\/portalurbano\/wp-content\/uploads\/2021\/08\/El-Leon-Serrano-cumple-100-e1629298742494.jpg",765,511,false],"newsever-medium":["https:\/\/experienciadevida.com.ar\/portalurbano\/wp-content\/uploads\/2021\/08\/El-Leon-Serrano-cumple-100-e1629298742494.jpg",711,475,false],"web-stories-poster-portrait":["https:\/\/experienciadevida.com.ar\/portalurbano\/wp-content\/uploads\/2021\/08\/El-Leon-Serrano-cumple-100-e1629298742494.jpg",640,428,false],"web-stories-publisher-logo":["https:\/\/experienciadevida.com.ar\/portalurbano\/wp-content\/uploads\/2021\/08\/El-Leon-Serrano-cumple-100-e1629298742494.jpg",96,64,false],"web-stories-thumbnail":["https:\/\/experienciadevida.com.ar\/portalurbano\/wp-content\/uploads\/2021\/08\/El-Leon-Serrano-cumple-100-e1629298742494.jpg",150,100,false]},"author_info":{"display_name":"admpu17wp","author_link":"https:\/\/experienciadevida.com.ar\/portalurbano\/author\/admpu17wp\/"},"category_info":"<a href=\"https:\/\/experienciadevida.com.ar\/portalurbano\/category\/ciudad\/\" rel=\"category tag\">Ciudad<\/a> <a href=\"https:\/\/experienciadevida.com.ar\/portalurbano\/category\/destacadas-2\/\" rel=\"category tag\">Destacadas 2<\/a>","tag_info":"Destacadas 2","comment_count":"0","amp_enabled":true,"_links":{"self":[{"href":"https:\/\/experienciadevida.com.ar\/portalurbano\/wp-json\/wp\/v2\/posts\/150544"}],"collection":[{"href":"https:\/\/experienciadevida.com.ar\/portalurbano\/wp-json\/wp\/v2\/posts"}],"about":[{"href":"https:\/\/experienciadevida.com.ar\/portalurbano\/wp-json\/wp\/v2\/types\/post"}],"author":[{"embeddable":true,"href":"https:\/\/experienciadevida.com.ar\/portalurbano\/wp-json\/wp\/v2\/users\/1"}],"replies":[{"embeddable":true,"href":"https:\/\/experienciadevida.com.ar\/portalurbano\/wp-json\/wp\/v2\/comments?post=150544"}],"version-history":[{"count":4,"href":"https:\/\/experienciadevida.com.ar\/portalurbano\/wp-json\/wp\/v2\/posts\/150544\/revisions"}],"predecessor-version":[{"id":150555,"href":"https:\/\/experienciadevida.com.ar\/portalurbano\/wp-json\/wp\/v2\/posts\/150544\/revisions\/150555"}],"wp:featuredmedia":[{"embeddable":true,"href":"https:\/\/experienciadevida.com.ar\/portalurbano\/wp-json\/wp\/v2\/media\/150545"}],"wp:attachment":[{"href":"https:\/\/experienciadevida.com.ar\/portalurbano\/wp-json\/wp\/v2\/media?parent=150544"}],"wp:term":[{"taxonomy":"category","embeddable":true,"href":"https:\/\/experienciadevida.com.ar\/portalurbano\/wp-json\/wp\/v2\/categories?post=150544"},{"taxonomy":"post_tag","embeddable":true,"href":"https:\/\/experienciadevida.com.ar\/portalurbano\/wp-json\/wp\/v2\/tags?post=150544"}],"curies":[{"name":"wp","href":"https:\/\/api.w.org\/{rel}","templated":true}]}}