{"id":150468,"date":"2021-08-17T20:35:58","date_gmt":"2021-08-17T23:35:58","guid":{"rendered":"https:\/\/experienciadevida.com.ar\/portalurbano\/?p=150468"},"modified":"2021-08-17T20:51:43","modified_gmt":"2021-08-17T23:51:43","slug":"cierre-de-cumelen-nuestro-sistema-de-trabajo-estaba-siendo-insostenible-trabajamos-32-anos-de-la-misma-manera","status":"publish","type":"post","link":"https:\/\/experienciadevida.com.ar\/portalurbano\/cierre-de-cumelen-nuestro-sistema-de-trabajo-estaba-siendo-insostenible-trabajamos-32-anos-de-la-misma-manera\/","title":{"rendered":"Cierre de Cumel\u00e9n: &#8220;Nuestro sistema de trabajo estaba siendo insostenible trabajamos 32 a\u00f1os de la misma manera&#8221;\u00a0"},"content":{"rendered":"<p>Cierre de <a href=\"https:\/\/www.facebook.com\/programa.cumelen\">Cumel\u00e9n<\/a>: &#8220;Nuestro sistema de trabajo estaba siendo insostenible trabajamos 32 a\u00f1os de la misma manera&#8221; , as\u00ed lo dijo el Director General en una conferencia de prensa realizada en la entidad.<\/p>\n<p>&#8220;Llamamos a una conferencia de prensa por primera vez en nuestra historia a partir del desarrollo y\u00a0 la presentaci\u00f3n de los acontecimientos y la informaci\u00f3n que fue saliendo sobre todo en los medios de comunicaci\u00f3n, nunca fuimos contestatarios pero en esta oportunidad las declaraciones involucran a todo el personal que trabaja en la Instituci\u00f3n.\u00a0 Nosotros somos una organizaci\u00f3n comunitaria, una asociaci\u00f3n civil que en el devenir de los tiempos cuando empezamos a trabajar para prevenci\u00f3n y asistencia a las adicciones que trabaj\u00e1bamos con mayores nos fuimos dedicando cada vez m\u00e1s a lo que surg\u00eda de la sociedad y cada vez m\u00e1s con los chicos m\u00e1s chicos, lo que en su momento eran menores de edad menores de 21 y despu\u00e9s m\u00e1s para abajo porque el perfil de la sociedad iba cambiando y la edad de inicio de consumo tambi\u00e9n&#8221;.<\/p>\n<p>Cierre de Cumel\u00e9n&#8221;nos dedicamos a trabajar pura y exclusivamente con ni\u00f1os y adolescentes que ten\u00edan problemas de consumo problem\u00e1tico pero tambi\u00e9n asociadas a\u00a0 otras patolog\u00edas que tienen que ver con lo psiqui\u00e1trico, y tambi\u00e9n problemas de conducta graves y mucho de esos casos tambi\u00e9n en conflicto con la ley penal juvenil nosotros somos un dispositivo de salud, no somos un instituto de menores, somos un dispositivo de salud para trabajar en la salud mental y tratar de brindar y rehabilitar de alguna manera proteger los derechos de los chicos y la salud educaci\u00f3n, inclusi\u00f3n social. Como dispositivo de salud complejo integral, integrados tambi\u00e9n tenemos funci\u00f3n hasta hoy la escuela primaria y secundaria con el r\u00e9gimen del \u00e1rea educativa como corresponde, dicho esto un poco para aclarar para que no se confunda cu\u00e1l es nuestra funci\u00f3n\u00a0 a partir de ah\u00ed tambi\u00e9n este a\u00f1o empezamos un proceso de readecuaci\u00f3n a la ley de salud mental que ven\u00edamos trabajando con el organismo de ni\u00f1ez de la provincia de buenos aires es con el que mayor contrato y n\u00fameros de ni\u00f1os hay&#8221;.<\/p>\n<p>&#8220;Despu\u00e9s de casi 11 a\u00f1os de promulgada la ley todav\u00eda no se ha podido llevar adelante en su plenitud y es un trabajo arduo en conjunto articuladamente con los organismos del estado, siempre pusimos la mayor predisposici\u00f3n y empezamos a trabajar con esto en forma normal, hay que puntualizar que hemos pasado tres administraciones de presidentes y estamos transitando la tercera administraci\u00f3n del gobierno de la provincia donde desde que se promulgo la ley de salud mental hasta ahora y todav\u00eda estamos en discusi\u00f3n de como se instrumento todav\u00eda no hay una reglamentaci\u00f3n real y definitiva de parte del gobierno de como se debe llevar adelante el proceso de adecuaci\u00f3n a la ley de salud mental donde por un lado nos confunden con dispositivos monovalentes como si fu\u00e9ramos manicomios y por otro lado hay sectores del gobierno que nos confunden con un lugar de detenci\u00f3n. En ese medio no hay ninguna reglamentaci\u00f3n que nos diga como trabajar ni siquiera con las historias cl\u00ednicas, es decir nosotros tenemos un modelo de historia cl\u00ednica de seguimiento pero el gobierno todav\u00eda no define cual deber\u00eda ser la historia cl\u00ednica oficial para trabajar por lo menos en dispositivos como los nuestros, si bien hay una ley de protecci\u00f3n de los derechos del paciente donde habla de una historia cl\u00ednica pero m\u00e1s bien es un modelo de historia cl\u00ednica hospitalaria donde no contempla todos los dem\u00e1s que hacemos nosotros en un dispositivo como este entonces estamos en esa discusi\u00f3n&#8221;.<\/p>\n<p>Cierre de Cumel\u00e9n &#8220;No tenemos claro por ignorancia cual es el rol del organismo que se creo en tiempos de democracia para defender los derechos humanos cual es el rol que tiene la comisi\u00f3n por la memoria en un dispositivo de salud como el nuestro, evidentemente alg\u00fan rol tendr\u00e1, creemos que por analog\u00eda empez\u00f3 a participar en lugares como los nuestros porque el organismo de ni\u00f1ez de la provincia lo permit\u00eda y como tambi\u00e9n nosotros jam\u00e1s le hemos cerrado las puertas a nadie ni al p\u00fablico porque no tenemos nada que ocultar. Despu\u00e9s vienen una serie de hechos que venimos trabajando nosotros est\u00e1bamos en un proceso de modelo de readecuaci\u00f3n donde el organismo de ni\u00f1ez con la directora provincial dijo en alg\u00fan momento\u00a0 se iba a tomar a cumelen como un modelo de procedimiento para readecuaci\u00f3n de la ley de salud mental y que a partir de ah\u00ed si sal\u00eda bien iba a ser replicado en las dem\u00e1s instituciones que trabajan parecido a nosotros, ten\u00edamos visitas peri\u00f3dicas, tenemos la documentaci\u00f3n desde el a\u00f1o pasado de esta administraci\u00f3n como fueron viniendo los distintos organismos de ni\u00f1ez y salud mental a la instituci\u00f3n, hubo un periodo de ausencia en estas visitas por la pandemia que fue desde marzo a noviembre del a\u00f1o pasado pero despu\u00e9s se reanudaron las visitas&#8221;.<\/p>\n<p>Cierre de Cumel\u00e9n, &#8220;Sucede un hecho tr\u00e1gico fallece un chico en la comunidad y se pone bajo la \u00f3rbita de la justicia la investigaci\u00f3n\u00a0 de ese hecho,\u00a0 y nos preparamos para los sucesos de replica y le pedimos ayuda al organismo de ni\u00f1ez para que nos asista con un equipo capacitado en prevenci\u00f3n de suicidio para trabajar con los chicos para poder contenerlos, el organismo dijo que estaba de acuerdo la idea era contener esta situaci\u00f3n porque era tr\u00e1gica que nos duele a todos, en ning\u00fan momento estaba vista la violaci\u00f3n a los derechos humanos el hecho de que un chico haga eso en un lugar como este. Tuvimos asistencia y concurrencia del organismo y del servicio zonal de azul que estuvo desde el primer d\u00eda y empezamos a trabajar, vino gente de la regi\u00f3n sanitaria IX pero esta intenci\u00f3n duro dos semanas seguidas hasta que hubo una batalla ideol\u00f3gica donde una parte entend\u00eda la situaci\u00f3n y otra parte se quer\u00eda despegar\u00a0 y tenia una mirada mas pol\u00edtica e intencionalidad de provocar el cierre de la instituci\u00f3n para desalojar a los chicos&#8221;.<\/p>\n<p>Por otro lado mencionaron del Cierre de Cumel\u00e9n que\u00a0 &#8220;hubo propuestas y despu\u00e9s no se cumplieron, los chicos fueron llevados de manera enga\u00f1osa y no cumplieron con nada.\u00a0 Posteriormente aparecen distintas situaciones, los chicos vienen cargados de un historial de vida terrible, un tipo de cultura totalmente distorsionada sin cultura del trabajo y subjetividad destruida, a partir de ah\u00ed surgen situaciones y un chico explica que hab\u00eda sido violado por otro chico en la comunidad, desde que explico eso hasta que llegamos al hospital y se hace la denuncia pasaron 40 minutos, esos son nuestros protocolos cada vez que vemos una situaci\u00f3n particular accionamos el protocolo y seguir trabajando, todo esto que segu\u00edamos trabajando con ni\u00f1ez para poder ver como se act\u00faa paralelamente empez\u00f3 a actuar la comisi\u00f3n&#8221;.<\/p>\n<p>&#8220;La comisi\u00f3n tiene una historia, la primera vez que llega fue en mayo a trav\u00e9s de un pedido para sacar 3 adolescentes que estaban siendo violados en sus derechos, ac\u00e1 no est\u00e1n detenidos sino que est\u00e1n con la condici\u00f3n de ser atendidos sus problemas de salud, pero desde la comisi\u00f3n ven a nuestro dispositivo como un centro de detenci\u00f3n. Trabajan psic\u00f3logas en la instituci\u00f3n, que siguen la situaci\u00f3n de cada chico de el y su familia, la psic\u00f3loga se pone en contacto con la familia y reci\u00e9n ah\u00ed pasa con el joven&#8221;.<\/p>\n<p>Cierre de Cumel\u00e9n&#8221;nosotros est\u00e1bamos pasando por un momento dif\u00edcil, el equipo se la banc\u00f3 quedamos muy impactados porque no queremos que suceda. Despu\u00e9s de muchas acciones nos encontramos con la novedad que actuaron muy medi\u00e1ticamente, los informes internos se viralizaron por todos lados, no nos fueron comunicadas las acciones, pero escuch\u00e1bamos los manejos y empez\u00f3 el desmanejo el espanto y el acoso y distribuci\u00f3n de j\u00f3venes. Cuando hicimos la queja se fren\u00f3 y se intent\u00f3 comprender que les pasaba a los j\u00f3venes, tienen muchos problemas, nuestro sistema de trabajo estaba siendo insostenible trabajamos 32 a\u00f1os de la misma manera, para trabajar con calidad y evidencia cient\u00edfica pero necesitamos recursos, nosotros empezamos con una charla de prevenci\u00f3n y hoy somos cumelen, en el transcurso de todo esto aparece la comisi\u00f3n vinieron 9 personas dieron vuelta todo sacaron fotocopia de todo, entrevistaron a todos los j\u00f3venes\u00a0 hasta 3 veces diferentes personas, los j\u00f3venes en su desesperaci\u00f3n nos empiezan a contar que era lo que pasaba, a nuestro entender fueron entrevistados inducidas a tener una respuesta que buscaban&#8221;.<\/p>\n<p>Cierre de Cumel\u00e9n&#8221;No sabemos cual fue el informe pero se reuni\u00f3 el equipo y decidimos cerrar por nuestra cuenta porque vivimos en este mes del hecho tr\u00e1gico que un chico falleci\u00f3 ac\u00e1 no tuvimos descanso como equipo, no tuvimos tiempo para elaborar los duelos, tuvimos que atender a todas las familias que ten\u00edan sus hijos ac\u00e1 fueron notificadas, ninguna familia present\u00f3 una queja ni sacar a su hijo, todas nos comunicamos permanentemente los j\u00f3venes est\u00e1n comunicados, la psic\u00f3loga tiene una obligaci\u00f3n que m\u00e1s all\u00e1 de la comunicaci\u00f3n libre hacer la video llamada para el trabajo familiar a trav\u00e9s de los recursos tecnol\u00f3gicos por la pandemia&#8221;.<\/p>\n<p>Luego mencionaron que &#8220;la\u00a0 tecnolog\u00eda nos facilit\u00f3 m\u00e1s las cosas con la familia, est\u00e1 dando muy buenos resultados, hay chicos de toda la provincia porque somos uno de los pocos dispositivos especializados en atender problem\u00e1ticas de estos chicos y no hay ning\u00fan lugar que los pueda atender&#8221;.<\/p>\n<p>&#8220;Decidimos cerrar por nuestra cuenta porque tambi\u00e9n ven\u00edamos arrastrando desde hace mucho tiempo las cuestiones econ\u00f3micas ya no tenemos m\u00e1s nada para vender, hacernos cargo de lo que el gobierno no se puede hacer cargo, las organizaciones comunitarias cuando surgimos en el seno de la comunidad es porque los gobiernos no pueden hacer las cosas entonces recurren a la misma sociedad para que de respuesta. Eso lo ven\u00edamos arrastrando desde hace mucho tiempo de la gran crisis de Scioli estuvimos mucho tiempo sin cobrar, no renunci\u00f3 ninguno hac\u00edamos compra colectiva, sobrellevamos muchas crisis y situaciones, esto no es una c\u00e1rcel abandonan tratamientos, hubo chicos que cometieron delitos, hubo gente que nos fu\u00e9ramos o que hagamos perimetral pasaron muchas cosas pero no como esta por eso decidimos dejar de trabajar con mucho dolor y preocupaci\u00f3n porque hay 32 personas que se quedan sin trabajo, alguna puede ser que se pueda seguir sosteniendo pero hay muchas que viven de este trabajo, a pesar de que este es un trabajo precario, que la relaci\u00f3n con el estado es precarizante que hace mas de 15 a\u00f1os que estamos luchando que alguien luche por los derechos laborales, a pesar de eso era una fuente de trabajo genuina, todos somos monotributistas ingresos brutos, obra social todos sab\u00edan donde se met\u00edan y eligieron trabajar ac\u00e1 nadie est\u00e1 enga\u00f1ado&#8221;.<\/p>\n<p>Para finalizar mencionaron &#8220;al cierre no lo \u00edbamos a anunciar\u00a0 de esta manera, nosotros siempre nos manejamos de bajo perfil pero hablamos con el equipo vamos a trabajar hasta el \u00faltimo d\u00eda por los chicos como lo hacemos siempre, esto era insostenible&#8221;.<\/p>\n<p><a href=\"https:\/\/experienciadevida.com.ar\/portalurbano\/cierre-de-cumelen-nuestro-sistema-de-trabajo-estaba-siendo-insostenible-trabajamos-32-anos-de-la-misma-manera\/cierre-8\/\" rel=\"attachment wp-att-150477\"><img decoding=\"async\" class=\"alignnone size-full wp-image-150477\" src=\"https:\/\/experienciadevida.com.ar\/portalurbano\/wp-content\/uploads\/2021\/08\/Cierre-1.jpg\" alt=\"Cierre \" width=\"765\" height=\"510\" srcset=\"https:\/\/experienciadevida.com.ar\/portalurbano\/wp-content\/uploads\/2021\/08\/Cierre-1.jpg 765w, https:\/\/experienciadevida.com.ar\/portalurbano\/wp-content\/uploads\/2021\/08\/Cierre-1-300x200.jpg 300w\" sizes=\"(max-width: 765px) 100vw, 765px\" \/><\/a><\/p>\n","protected":false},"excerpt":{"rendered":"<p>Cierre de Cumel\u00e9n: &#8220;Nuestro sistema de trabajo estaba siendo insostenible trabajamos 32 a\u00f1os de la&#8230;<\/p>\n","protected":false},"author":1,"featured_media":150469,"comment_status":"closed","ping_status":"closed","sticky":false,"template":"","format":"standard","meta":{"content-type":""},"categories":[27,64],"tags":[],"nelio_content":{"isAutoShareEnabled":false,"autoShareEndMode":"default","automationSources":{"useContentSentences":true,"useSocialTemplates":true,"useCustomSentences":false,"customSentences":[]},"followers":[1],"suggestedReferences":[],"includedReferences":[],"efiUrl":"","efiAlt":"","highlights":[]},"yoast_head":"<!-- This site is optimized with the Yoast SEO plugin v20.7 - https:\/\/yoast.com\/wordpress\/plugins\/seo\/ -->\n<title>Cierre de Cumel\u00e9n: &quot;Nuestro sistema de trabajo era insostenible&quot;<\/title>\n<meta name=\"description\" content=\"Cierre de Cumel\u00e9n: &quot;Nuestro sistema de trabajo estaba siendo insostenible trabajamos 32 a\u00f1os de la misma manera&quot; , as\u00ed lo dijo el Director\" \/>\n<meta name=\"robots\" content=\"index, follow, max-snippet:-1, max-image-preview:large, max-video-preview:-1\" \/>\n<link rel=\"canonical\" href=\"https:\/\/experienciadevida.com.ar\/portalurbano\/cierre-de-cumelen-nuestro-sistema-de-trabajo-estaba-siendo-insostenible-trabajamos-32-anos-de-la-misma-manera\/\" \/>\n<meta property=\"og:locale\" content=\"es_ES\" \/>\n<meta property=\"og:type\" content=\"article\" \/>\n<meta property=\"og:title\" content=\"Cierre de Cumel\u00e9n: &quot;Nuestro sistema de trabajo era insostenible&quot;\" \/>\n<meta property=\"og:description\" content=\"Cierre de Cumel\u00e9n: &quot;Nuestro sistema de trabajo estaba siendo insostenible trabajamos 32 a\u00f1os de la misma manera&quot; , as\u00ed lo dijo el Director\" \/>\n<meta property=\"og:url\" content=\"https:\/\/experienciadevida.com.ar\/portalurbano\/cierre-de-cumelen-nuestro-sistema-de-trabajo-estaba-siendo-insostenible-trabajamos-32-anos-de-la-misma-manera\/\" \/>\n<meta property=\"article:publisher\" content=\"https:\/\/www.facebook.com\/Portal-Urbano-171542830093757\/\" \/>\n<meta property=\"article:published_time\" content=\"2021-08-17T23:35:58+00:00\" \/>\n<meta property=\"article:modified_time\" content=\"2021-08-17T23:51:43+00:00\" \/>\n<meta property=\"og:image\" content=\"https:\/\/experienciadevida.com.ar\/portalurbano\/wp-content\/uploads\/2021\/08\/CUMELEN-1.jpg\" \/>\n\t<meta property=\"og:image:width\" content=\"765\" \/>\n\t<meta property=\"og:image:height\" content=\"510\" \/>\n\t<meta property=\"og:image:type\" content=\"image\/jpeg\" \/>\n<meta name=\"author\" content=\"admpu17wp\" \/>\n<meta name=\"twitter:card\" content=\"summary_large_image\" \/>\n<meta name=\"twitter:creator\" content=\"@portalurbanook\" \/>\n<meta name=\"twitter:site\" content=\"@portalurbanook\" \/>\n<meta name=\"twitter:label1\" content=\"Escrito por\" \/>\n\t<meta name=\"twitter:data1\" content=\"admpu17wp\" \/>\n\t<meta name=\"twitter:label2\" content=\"Tiempo de lectura\" \/>\n\t<meta name=\"twitter:data2\" content=\"8 minutos\" \/>\n<script type=\"application\/ld+json\" class=\"yoast-schema-graph\">{\"@context\":\"https:\/\/schema.org\",\"@graph\":[{\"@type\":\"Article\",\"@id\":\"https:\/\/experienciadevida.com.ar\/portalurbano\/cierre-de-cumelen-nuestro-sistema-de-trabajo-estaba-siendo-insostenible-trabajamos-32-anos-de-la-misma-manera\/#article\",\"isPartOf\":{\"@id\":\"https:\/\/experienciadevida.com.ar\/portalurbano\/cierre-de-cumelen-nuestro-sistema-de-trabajo-estaba-siendo-insostenible-trabajamos-32-anos-de-la-misma-manera\/\"},\"author\":{\"name\":\"admpu17wp\",\"@id\":\"https:\/\/experienciadevida.com.ar\/portalurbano\/#\/schema\/person\/02dd326b1c4b056e9cc972486934a3a7\"},\"headline\":\"Cierre de Cumel\u00e9n: &#8220;Nuestro sistema de trabajo estaba siendo insostenible trabajamos 32 a\u00f1os de la misma manera&#8221;\u00a0\",\"datePublished\":\"2021-08-17T23:35:58+00:00\",\"dateModified\":\"2021-08-17T23:51:43+00:00\",\"mainEntityOfPage\":{\"@id\":\"https:\/\/experienciadevida.com.ar\/portalurbano\/cierre-de-cumelen-nuestro-sistema-de-trabajo-estaba-siendo-insostenible-trabajamos-32-anos-de-la-misma-manera\/\"},\"wordCount\":1988,\"publisher\":{\"@id\":\"https:\/\/experienciadevida.com.ar\/portalurbano\/#organization\"},\"articleSection\":[\"Ciudad\",\"Destacadas 2\"],\"inLanguage\":\"es\"},{\"@type\":\"WebPage\",\"@id\":\"https:\/\/experienciadevida.com.ar\/portalurbano\/cierre-de-cumelen-nuestro-sistema-de-trabajo-estaba-siendo-insostenible-trabajamos-32-anos-de-la-misma-manera\/\",\"url\":\"https:\/\/experienciadevida.com.ar\/portalurbano\/cierre-de-cumelen-nuestro-sistema-de-trabajo-estaba-siendo-insostenible-trabajamos-32-anos-de-la-misma-manera\/\",\"name\":\"Cierre de Cumel\u00e9n: \\\"Nuestro sistema de trabajo era insostenible\\\"\",\"isPartOf\":{\"@id\":\"https:\/\/experienciadevida.com.ar\/portalurbano\/#website\"},\"datePublished\":\"2021-08-17T23:35:58+00:00\",\"dateModified\":\"2021-08-17T23:51:43+00:00\",\"description\":\"Cierre de Cumel\u00e9n: \\\"Nuestro sistema de trabajo estaba siendo insostenible trabajamos 32 a\u00f1os de la misma manera\\\" , as\u00ed lo dijo el Director\",\"breadcrumb\":{\"@id\":\"https:\/\/experienciadevida.com.ar\/portalurbano\/cierre-de-cumelen-nuestro-sistema-de-trabajo-estaba-siendo-insostenible-trabajamos-32-anos-de-la-misma-manera\/#breadcrumb\"},\"inLanguage\":\"es\",\"potentialAction\":[{\"@type\":\"ReadAction\",\"target\":[\"https:\/\/experienciadevida.com.ar\/portalurbano\/cierre-de-cumelen-nuestro-sistema-de-trabajo-estaba-siendo-insostenible-trabajamos-32-anos-de-la-misma-manera\/\"]}]},{\"@type\":\"BreadcrumbList\",\"@id\":\"https:\/\/experienciadevida.com.ar\/portalurbano\/cierre-de-cumelen-nuestro-sistema-de-trabajo-estaba-siendo-insostenible-trabajamos-32-anos-de-la-misma-manera\/#breadcrumb\",\"itemListElement\":[{\"@type\":\"ListItem\",\"position\":1,\"name\":\"Portada\",\"item\":\"https:\/\/experienciadevida.com.ar\/portalurbano\/\"},{\"@type\":\"ListItem\",\"position\":2,\"name\":\"Cierre de Cumel\u00e9n: \u00abNuestro sistema de trabajo estaba siendo insostenible trabajamos 32 a\u00f1os de la misma manera\u00bb\u00a0\"}]},{\"@type\":\"WebSite\",\"@id\":\"https:\/\/experienciadevida.com.ar\/portalurbano\/#website\",\"url\":\"https:\/\/experienciadevida.com.ar\/portalurbano\/\",\"name\":\"\",\"description\":\"\",\"publisher\":{\"@id\":\"https:\/\/experienciadevida.com.ar\/portalurbano\/#organization\"},\"potentialAction\":[{\"@type\":\"SearchAction\",\"target\":{\"@type\":\"EntryPoint\",\"urlTemplate\":\"https:\/\/experienciadevida.com.ar\/portalurbano\/?s={search_term_string}\"},\"query-input\":\"required name=search_term_string\"}],\"inLanguage\":\"es\"},{\"@type\":\"Organization\",\"@id\":\"https:\/\/experienciadevida.com.ar\/portalurbano\/#organization\",\"name\":\"Portal Urbano\",\"url\":\"https:\/\/experienciadevida.com.ar\/portalurbano\/\",\"logo\":{\"@type\":\"ImageObject\",\"inLanguage\":\"es\",\"@id\":\"https:\/\/experienciadevida.com.ar\/portalurbano\/#\/schema\/logo\/image\/\",\"url\":\"https:\/\/experienciadevida.com.ar\/portalurbano\/wp-content\/uploads\/2019\/09\/Logo-Original.png\",\"contentUrl\":\"https:\/\/experienciadevida.com.ar\/portalurbano\/wp-content\/uploads\/2019\/09\/Logo-Original.png\",\"width\":2236,\"height\":1216,\"caption\":\"Portal Urbano\"},\"image\":{\"@id\":\"https:\/\/experienciadevida.com.ar\/portalurbano\/#\/schema\/logo\/image\/\"},\"sameAs\":[\"https:\/\/www.facebook.com\/Portal-Urbano-171542830093757\/\",\"https:\/\/twitter.com\/portalurbanook\",\"https:\/\/www.instagram.com\/_portalurbano\/\",\"https:\/\/www.youtube.com\/channel\/UCXhagIfszH8KxFiOok79zbA?view_as=subscriber\"]},{\"@type\":\"Person\",\"@id\":\"https:\/\/experienciadevida.com.ar\/portalurbano\/#\/schema\/person\/02dd326b1c4b056e9cc972486934a3a7\",\"name\":\"admpu17wp\",\"image\":{\"@type\":\"ImageObject\",\"inLanguage\":\"es\",\"@id\":\"https:\/\/experienciadevida.com.ar\/portalurbano\/#\/schema\/person\/image\/\",\"url\":\"https:\/\/secure.gravatar.com\/avatar\/830d4c57adaae6630765e449a6908047?s=96&d=mm&r=g\",\"contentUrl\":\"https:\/\/secure.gravatar.com\/avatar\/830d4c57adaae6630765e449a6908047?s=96&d=mm&r=g\",\"caption\":\"admpu17wp\"}}]}<\/script>\n<!-- \/ Yoast SEO plugin. -->","yoast_head_json":{"title":"Cierre de Cumel\u00e9n: \"Nuestro sistema de trabajo era insostenible\"","description":"Cierre de Cumel\u00e9n: \"Nuestro sistema de trabajo estaba siendo insostenible trabajamos 32 a\u00f1os de la misma manera\" , as\u00ed lo dijo el Director","robots":{"index":"index","follow":"follow","max-snippet":"max-snippet:-1","max-image-preview":"max-image-preview:large","max-video-preview":"max-video-preview:-1"},"canonical":"https:\/\/experienciadevida.com.ar\/portalurbano\/cierre-de-cumelen-nuestro-sistema-de-trabajo-estaba-siendo-insostenible-trabajamos-32-anos-de-la-misma-manera\/","og_locale":"es_ES","og_type":"article","og_title":"Cierre de Cumel\u00e9n: \"Nuestro sistema de trabajo era insostenible\"","og_description":"Cierre de Cumel\u00e9n: \"Nuestro sistema de trabajo estaba siendo insostenible trabajamos 32 a\u00f1os de la misma manera\" , as\u00ed lo dijo el Director","og_url":"https:\/\/experienciadevida.com.ar\/portalurbano\/cierre-de-cumelen-nuestro-sistema-de-trabajo-estaba-siendo-insostenible-trabajamos-32-anos-de-la-misma-manera\/","article_publisher":"https:\/\/www.facebook.com\/Portal-Urbano-171542830093757\/","article_published_time":"2021-08-17T23:35:58+00:00","article_modified_time":"2021-08-17T23:51:43+00:00","og_image":[{"width":765,"height":510,"url":"https:\/\/experienciadevida.com.ar\/portalurbano\/wp-content\/uploads\/2021\/08\/CUMELEN-1.jpg","type":"image\/jpeg"}],"author":"admpu17wp","twitter_card":"summary_large_image","twitter_creator":"@portalurbanook","twitter_site":"@portalurbanook","twitter_misc":{"Escrito por":"admpu17wp","Tiempo de lectura":"8 minutos"},"schema":{"@context":"https:\/\/schema.org","@graph":[{"@type":"Article","@id":"https:\/\/experienciadevida.com.ar\/portalurbano\/cierre-de-cumelen-nuestro-sistema-de-trabajo-estaba-siendo-insostenible-trabajamos-32-anos-de-la-misma-manera\/#article","isPartOf":{"@id":"https:\/\/experienciadevida.com.ar\/portalurbano\/cierre-de-cumelen-nuestro-sistema-de-trabajo-estaba-siendo-insostenible-trabajamos-32-anos-de-la-misma-manera\/"},"author":{"name":"admpu17wp","@id":"https:\/\/experienciadevida.com.ar\/portalurbano\/#\/schema\/person\/02dd326b1c4b056e9cc972486934a3a7"},"headline":"Cierre de Cumel\u00e9n: &#8220;Nuestro sistema de trabajo estaba siendo insostenible trabajamos 32 a\u00f1os de la misma manera&#8221;\u00a0","datePublished":"2021-08-17T23:35:58+00:00","dateModified":"2021-08-17T23:51:43+00:00","mainEntityOfPage":{"@id":"https:\/\/experienciadevida.com.ar\/portalurbano\/cierre-de-cumelen-nuestro-sistema-de-trabajo-estaba-siendo-insostenible-trabajamos-32-anos-de-la-misma-manera\/"},"wordCount":1988,"publisher":{"@id":"https:\/\/experienciadevida.com.ar\/portalurbano\/#organization"},"articleSection":["Ciudad","Destacadas 2"],"inLanguage":"es"},{"@type":"WebPage","@id":"https:\/\/experienciadevida.com.ar\/portalurbano\/cierre-de-cumelen-nuestro-sistema-de-trabajo-estaba-siendo-insostenible-trabajamos-32-anos-de-la-misma-manera\/","url":"https:\/\/experienciadevida.com.ar\/portalurbano\/cierre-de-cumelen-nuestro-sistema-de-trabajo-estaba-siendo-insostenible-trabajamos-32-anos-de-la-misma-manera\/","name":"Cierre de Cumel\u00e9n: \"Nuestro sistema de trabajo era insostenible\"","isPartOf":{"@id":"https:\/\/experienciadevida.com.ar\/portalurbano\/#website"},"datePublished":"2021-08-17T23:35:58+00:00","dateModified":"2021-08-17T23:51:43+00:00","description":"Cierre de Cumel\u00e9n: \"Nuestro sistema de trabajo estaba siendo insostenible trabajamos 32 a\u00f1os de la misma manera\" , as\u00ed lo dijo el Director","breadcrumb":{"@id":"https:\/\/experienciadevida.com.ar\/portalurbano\/cierre-de-cumelen-nuestro-sistema-de-trabajo-estaba-siendo-insostenible-trabajamos-32-anos-de-la-misma-manera\/#breadcrumb"},"inLanguage":"es","potentialAction":[{"@type":"ReadAction","target":["https:\/\/experienciadevida.com.ar\/portalurbano\/cierre-de-cumelen-nuestro-sistema-de-trabajo-estaba-siendo-insostenible-trabajamos-32-anos-de-la-misma-manera\/"]}]},{"@type":"BreadcrumbList","@id":"https:\/\/experienciadevida.com.ar\/portalurbano\/cierre-de-cumelen-nuestro-sistema-de-trabajo-estaba-siendo-insostenible-trabajamos-32-anos-de-la-misma-manera\/#breadcrumb","itemListElement":[{"@type":"ListItem","position":1,"name":"Portada","item":"https:\/\/experienciadevida.com.ar\/portalurbano\/"},{"@type":"ListItem","position":2,"name":"Cierre de Cumel\u00e9n: \u00abNuestro sistema de trabajo estaba siendo insostenible trabajamos 32 a\u00f1os de la misma manera\u00bb\u00a0"}]},{"@type":"WebSite","@id":"https:\/\/experienciadevida.com.ar\/portalurbano\/#website","url":"https:\/\/experienciadevida.com.ar\/portalurbano\/","name":"","description":"","publisher":{"@id":"https:\/\/experienciadevida.com.ar\/portalurbano\/#organization"},"potentialAction":[{"@type":"SearchAction","target":{"@type":"EntryPoint","urlTemplate":"https:\/\/experienciadevida.com.ar\/portalurbano\/?s={search_term_string}"},"query-input":"required name=search_term_string"}],"inLanguage":"es"},{"@type":"Organization","@id":"https:\/\/experienciadevida.com.ar\/portalurbano\/#organization","name":"Portal Urbano","url":"https:\/\/experienciadevida.com.ar\/portalurbano\/","logo":{"@type":"ImageObject","inLanguage":"es","@id":"https:\/\/experienciadevida.com.ar\/portalurbano\/#\/schema\/logo\/image\/","url":"https:\/\/experienciadevida.com.ar\/portalurbano\/wp-content\/uploads\/2019\/09\/Logo-Original.png","contentUrl":"https:\/\/experienciadevida.com.ar\/portalurbano\/wp-content\/uploads\/2019\/09\/Logo-Original.png","width":2236,"height":1216,"caption":"Portal Urbano"},"image":{"@id":"https:\/\/experienciadevida.com.ar\/portalurbano\/#\/schema\/logo\/image\/"},"sameAs":["https:\/\/www.facebook.com\/Portal-Urbano-171542830093757\/","https:\/\/twitter.com\/portalurbanook","https:\/\/www.instagram.com\/_portalurbano\/","https:\/\/www.youtube.com\/channel\/UCXhagIfszH8KxFiOok79zbA?view_as=subscriber"]},{"@type":"Person","@id":"https:\/\/experienciadevida.com.ar\/portalurbano\/#\/schema\/person\/02dd326b1c4b056e9cc972486934a3a7","name":"admpu17wp","image":{"@type":"ImageObject","inLanguage":"es","@id":"https:\/\/experienciadevida.com.ar\/portalurbano\/#\/schema\/person\/image\/","url":"https:\/\/secure.gravatar.com\/avatar\/830d4c57adaae6630765e449a6908047?s=96&d=mm&r=g","contentUrl":"https:\/\/secure.gravatar.com\/avatar\/830d4c57adaae6630765e449a6908047?s=96&d=mm&r=g","caption":"admpu17wp"}}]}},"featured_image_urls":{"full":["https:\/\/experienciadevida.com.ar\/portalurbano\/wp-content\/uploads\/2021\/08\/CUMELEN-1.jpg",765,510,false],"thumbnail":["https:\/\/experienciadevida.com.ar\/portalurbano\/wp-content\/uploads\/2021\/08\/CUMELEN-1-150x150.jpg",150,150,true],"medium":["https:\/\/experienciadevida.com.ar\/portalurbano\/wp-content\/uploads\/2021\/08\/CUMELEN-1-300x200.jpg",300,200,true],"medium_large":["https:\/\/experienciadevida.com.ar\/portalurbano\/wp-content\/uploads\/2021\/08\/CUMELEN-1.jpg",640,427,false],"large":["https:\/\/experienciadevida.com.ar\/portalurbano\/wp-content\/uploads\/2021\/08\/CUMELEN-1.jpg",640,427,false],"ug_big":["https:\/\/experienciadevida.com.ar\/portalurbano\/wp-content\/uploads\/2021\/08\/CUMELEN-1.jpg",765,510,false],"1536x1536":["https:\/\/experienciadevida.com.ar\/portalurbano\/wp-content\/uploads\/2021\/08\/CUMELEN-1.jpg",765,510,false],"2048x2048":["https:\/\/experienciadevida.com.ar\/portalurbano\/wp-content\/uploads\/2021\/08\/CUMELEN-1.jpg",765,510,false],"newsever-slider-full":["https:\/\/experienciadevida.com.ar\/portalurbano\/wp-content\/uploads\/2021\/08\/CUMELEN-1.jpg",765,510,false],"newsever-featured":["https:\/\/experienciadevida.com.ar\/portalurbano\/wp-content\/uploads\/2021\/08\/CUMELEN-1.jpg",765,510,false],"newsever-medium":["https:\/\/experienciadevida.com.ar\/portalurbano\/wp-content\/uploads\/2021\/08\/CUMELEN-1.jpg",713,475,false],"web-stories-poster-portrait":["https:\/\/experienciadevida.com.ar\/portalurbano\/wp-content\/uploads\/2021\/08\/CUMELEN-1.jpg",640,427,false],"web-stories-publisher-logo":["https:\/\/experienciadevida.com.ar\/portalurbano\/wp-content\/uploads\/2021\/08\/CUMELEN-1.jpg",96,64,false],"web-stories-thumbnail":["https:\/\/experienciadevida.com.ar\/portalurbano\/wp-content\/uploads\/2021\/08\/CUMELEN-1.jpg",150,100,false]},"author_info":{"display_name":"admpu17wp","author_link":"https:\/\/experienciadevida.com.ar\/portalurbano\/author\/admpu17wp\/"},"category_info":"<a href=\"https:\/\/experienciadevida.com.ar\/portalurbano\/category\/ciudad\/\" rel=\"category tag\">Ciudad<\/a> <a href=\"https:\/\/experienciadevida.com.ar\/portalurbano\/category\/destacadas-2\/\" rel=\"category tag\">Destacadas 2<\/a>","tag_info":"Destacadas 2","comment_count":"0","amp_enabled":true,"_links":{"self":[{"href":"https:\/\/experienciadevida.com.ar\/portalurbano\/wp-json\/wp\/v2\/posts\/150468"}],"collection":[{"href":"https:\/\/experienciadevida.com.ar\/portalurbano\/wp-json\/wp\/v2\/posts"}],"about":[{"href":"https:\/\/experienciadevida.com.ar\/portalurbano\/wp-json\/wp\/v2\/types\/post"}],"author":[{"embeddable":true,"href":"https:\/\/experienciadevida.com.ar\/portalurbano\/wp-json\/wp\/v2\/users\/1"}],"replies":[{"embeddable":true,"href":"https:\/\/experienciadevida.com.ar\/portalurbano\/wp-json\/wp\/v2\/comments?post=150468"}],"version-history":[{"count":8,"href":"https:\/\/experienciadevida.com.ar\/portalurbano\/wp-json\/wp\/v2\/posts\/150468\/revisions"}],"predecessor-version":[{"id":150478,"href":"https:\/\/experienciadevida.com.ar\/portalurbano\/wp-json\/wp\/v2\/posts\/150468\/revisions\/150478"}],"wp:featuredmedia":[{"embeddable":true,"href":"https:\/\/experienciadevida.com.ar\/portalurbano\/wp-json\/wp\/v2\/media\/150469"}],"wp:attachment":[{"href":"https:\/\/experienciadevida.com.ar\/portalurbano\/wp-json\/wp\/v2\/media?parent=150468"}],"wp:term":[{"taxonomy":"category","embeddable":true,"href":"https:\/\/experienciadevida.com.ar\/portalurbano\/wp-json\/wp\/v2\/categories?post=150468"},{"taxonomy":"post_tag","embeddable":true,"href":"https:\/\/experienciadevida.com.ar\/portalurbano\/wp-json\/wp\/v2\/tags?post=150468"}],"curies":[{"name":"wp","href":"https:\/\/api.w.org\/{rel}","templated":true}]}}