{"id":150452,"date":"2021-08-17T18:51:09","date_gmt":"2021-08-17T21:51:09","guid":{"rendered":"https:\/\/experienciadevida.com.ar\/portalurbano\/?p=150452"},"modified":"2021-08-17T18:55:20","modified_gmt":"2021-08-17T21:55:20","slug":"monica-wagner-y-julio-benitez-celebraron-la-incorporaran-3625-nuevos-cargos-docentes-para-equipos-de-orientacion-escolar-en-la-provincia","status":"publish","type":"post","link":"https:\/\/experienciadevida.com.ar\/portalurbano\/monica-wagner-y-julio-benitez-celebraron-la-incorporaran-3625-nuevos-cargos-docentes-para-equipos-de-orientacion-escolar-en-la-provincia\/","title":{"rendered":"M\u00f3nica Wagner y Julio Ben\u00edtez celebraron la incorporar\u00e1n 3625 nuevos cargos docentes para Equipos de Orientaci\u00f3n Escolar en la Provincia"},"content":{"rendered":"<p>M\u00f3nica Wagner y Julio Ben\u00edtez celebraron la incorporar\u00e1n 3625 nuevos cargos docentes para Equipos de Orientaci\u00f3n Escolar en la Provincia.<\/p>\n<p>El gobierno bonaerense anunci\u00f3 la creaci\u00f3n de 3625 nuevos cargos docentes para conformar los Equipos de Orientaci\u00f3n Escolar en todas las escuelas primarias y secundarias de gesti\u00f3n estatal de la provincia de Buenos Aires.<\/p>\n<p>Al respecto M\u00f3nica Wagner, Inspectora Regional de Educaci\u00f3n indic\u00f3: \u201cEs sumamente importante esta incorporaci\u00f3n ya que se brindar\u00e1 as\u00ed un mayor acompa\u00f1amiento a las trayectorias escolares y se podr\u00e1n conformar equipos de Orientaci\u00f3n Escolar nuevos y reforzar los ya existentes. Se incorporar\u00e1n distintos profesionales, ya sea Psicopedagogos, Trabajadores Sociales, Psic\u00f3logos, entre otros\u201d.<\/p>\n<p>M\u00f3nica Wagner y Julio Ben\u00edtez celebraron la incorporar\u00e1n 3625 nuevos cargos docentes, \u201cEs un d\u00eda muy importante, siempre hablamos de la necesidad de un Estado presente, que acompa\u00f1e y brinde herramientas sobre todo en educaci\u00f3n y esto es una muestra clara de eso, adem\u00e1s se da en un contexto particular de pandemia donde estas incorporaci\u00f3n toman m\u00e1s valor a\u00fan, donde a partir de los equipo interdisciplinarios se podr\u00e1n abordar y acompa\u00f1ar mejor las trayectorias escolares de los ni\u00f1os, ni\u00f1as y j\u00f3venes &#8220;, agreg\u00f3 Wagner.<\/p>\n<p>Por su parte Julio Ben\u00edtez, Jefe Distrital de Educaci\u00f3n detall\u00f3: \u201cSi hablamos de educaci\u00f3n de calidad, de acompa\u00f1amiento de las trayectorias, de profundizaci\u00f3n de las pr\u00e1cticas de ense\u00f1anza y aprendizaje, de garantizar la permanencia, de convivencia democr\u00e1tica y de comunicaci\u00f3n institucional con las familias es central el rol y la funci\u00f3n que cumplen los Equipos de Orientaci\u00f3n Escolar. Por eso celebramos la decisi\u00f3n pol\u00edtica del gobernador Axel Kicillof\u201d.<\/p>\n<p><a href=\"https:\/\/experienciadevida.com.ar\/portalurbano\/monica-wagner-y-julio-benitez-celebraron-la-incorporaran-3625-nuevos-cargos-docentes-para-equipos-de-orientacion-escolar-en-la-provincia\/monica-wagner\/\" rel=\"attachment wp-att-150457\"><img decoding=\"async\" class=\"alignnone size-full wp-image-150457\" src=\"https:\/\/experienciadevida.com.ar\/portalurbano\/wp-content\/uploads\/2021\/08\/Monica-Wagner.jpg\" alt=\"M\u00f3nica Wagner\" width=\"993\" height=\"635\" srcset=\"https:\/\/experienciadevida.com.ar\/portalurbano\/wp-content\/uploads\/2021\/08\/Monica-Wagner.jpg 993w, https:\/\/experienciadevida.com.ar\/portalurbano\/wp-content\/uploads\/2021\/08\/Monica-Wagner-300x192.jpg 300w, https:\/\/experienciadevida.com.ar\/portalurbano\/wp-content\/uploads\/2021\/08\/Monica-Wagner-768x491.jpg 768w\" sizes=\"(max-width: 993px) 100vw, 993px\" \/><\/a><\/p>\n<p><a href=\"https:\/\/experienciadevida.com.ar\/portalurbano\/monica-wagner-y-julio-benitez-celebraron-la-incorporaran-3625-nuevos-cargos-docentes-para-equipos-de-orientacion-escolar-en-la-provincia\/julio-2\/\" rel=\"attachment wp-att-150458\"><img decoding=\"async\" class=\"alignnone size-large wp-image-150458\" src=\"https:\/\/experienciadevida.com.ar\/portalurbano\/wp-content\/uploads\/2021\/08\/Julio-1024x590.jpg\" alt=\"Julio \" width=\"900\" height=\"519\" srcset=\"https:\/\/experienciadevida.com.ar\/portalurbano\/wp-content\/uploads\/2021\/08\/Julio-1024x590.jpg 1024w, https:\/\/experienciadevida.com.ar\/portalurbano\/wp-content\/uploads\/2021\/08\/Julio-300x173.jpg 300w, https:\/\/experienciadevida.com.ar\/portalurbano\/wp-content\/uploads\/2021\/08\/Julio-768x443.jpg 768w, https:\/\/experienciadevida.com.ar\/portalurbano\/wp-content\/uploads\/2021\/08\/Julio.jpg 1109w\" sizes=\"(max-width: 900px) 100vw, 900px\" \/><\/a><\/p>\n","protected":false},"excerpt":{"rendered":"<p>M\u00f3nica Wagner y Julio Ben\u00edtez celebraron la incorporar\u00e1n 3625 nuevos cargos docentes para Equipos de&#8230;<\/p>\n","protected":false},"author":1,"featured_media":150453,"comment_status":"closed","ping_status":"closed","sticky":false,"template":"","format":"standard","meta":{"content-type":""},"categories":[27,64],"tags":[],"nelio_content":{"isAutoShareEnabled":false,"autoShareEndMode":"default","automationSources":{"useContentSentences":true,"useSocialTemplates":true,"useCustomSentences":false,"customSentences":[]},"followers":[1],"suggestedReferences":[],"includedReferences":[],"efiUrl":"","efiAlt":"","highlights":[]},"yoast_head":"<!-- This site is optimized with the Yoast SEO plugin v20.7 - https:\/\/yoast.com\/wordpress\/plugins\/seo\/ -->\n<title>M\u00f3nica Wagner y Julio Ben\u00edtez celebraron 3625 nuevos cargos<\/title>\n<meta name=\"description\" content=\"M\u00f3nica Wagner y Julio Ben\u00edtez celebraron la incorporar\u00e1n 3625 nuevos cargos docentes para Equipos de Orientaci\u00f3n Escolar en la Provincia.\" \/>\n<meta name=\"robots\" content=\"index, follow, max-snippet:-1, max-image-preview:large, max-video-preview:-1\" \/>\n<link rel=\"canonical\" href=\"https:\/\/experienciadevida.com.ar\/portalurbano\/monica-wagner-y-julio-benitez-celebraron-la-incorporaran-3625-nuevos-cargos-docentes-para-equipos-de-orientacion-escolar-en-la-provincia\/\" \/>\n<meta property=\"og:locale\" content=\"es_ES\" \/>\n<meta property=\"og:type\" content=\"article\" \/>\n<meta property=\"og:title\" content=\"M\u00f3nica Wagner y Julio Ben\u00edtez celebraron 3625 nuevos cargos\" \/>\n<meta property=\"og:description\" content=\"M\u00f3nica Wagner y Julio Ben\u00edtez celebraron la incorporar\u00e1n 3625 nuevos cargos docentes para Equipos de Orientaci\u00f3n Escolar en la Provincia.\" \/>\n<meta property=\"og:url\" content=\"https:\/\/experienciadevida.com.ar\/portalurbano\/monica-wagner-y-julio-benitez-celebraron-la-incorporaran-3625-nuevos-cargos-docentes-para-equipos-de-orientacion-escolar-en-la-provincia\/\" \/>\n<meta property=\"article:publisher\" content=\"https:\/\/www.facebook.com\/Portal-Urbano-171542830093757\/\" \/>\n<meta property=\"article:published_time\" content=\"2021-08-17T21:51:09+00:00\" \/>\n<meta property=\"article:modified_time\" content=\"2021-08-17T21:55:20+00:00\" \/>\n<meta property=\"og:image\" content=\"https:\/\/experienciadevida.com.ar\/portalurbano\/wp-content\/uploads\/2021\/08\/Monica-Wagner-y-Julio-Benitez.jpg\" \/>\n\t<meta property=\"og:image:width\" content=\"1280\" \/>\n\t<meta property=\"og:image:height\" content=\"847\" \/>\n\t<meta property=\"og:image:type\" content=\"image\/jpeg\" \/>\n<meta name=\"author\" content=\"admpu17wp\" \/>\n<meta name=\"twitter:card\" content=\"summary_large_image\" \/>\n<meta name=\"twitter:creator\" content=\"@portalurbanook\" \/>\n<meta name=\"twitter:site\" content=\"@portalurbanook\" \/>\n<meta name=\"twitter:label1\" content=\"Escrito por\" \/>\n\t<meta name=\"twitter:data1\" content=\"admpu17wp\" \/>\n\t<meta name=\"twitter:label2\" content=\"Tiempo de lectura\" \/>\n\t<meta name=\"twitter:data2\" content=\"2 minutos\" \/>\n<script type=\"application\/ld+json\" class=\"yoast-schema-graph\">{\"@context\":\"https:\/\/schema.org\",\"@graph\":[{\"@type\":\"Article\",\"@id\":\"https:\/\/experienciadevida.com.ar\/portalurbano\/monica-wagner-y-julio-benitez-celebraron-la-incorporaran-3625-nuevos-cargos-docentes-para-equipos-de-orientacion-escolar-en-la-provincia\/#article\",\"isPartOf\":{\"@id\":\"https:\/\/experienciadevida.com.ar\/portalurbano\/monica-wagner-y-julio-benitez-celebraron-la-incorporaran-3625-nuevos-cargos-docentes-para-equipos-de-orientacion-escolar-en-la-provincia\/\"},\"author\":{\"name\":\"admpu17wp\",\"@id\":\"https:\/\/experienciadevida.com.ar\/portalurbano\/#\/schema\/person\/02dd326b1c4b056e9cc972486934a3a7\"},\"headline\":\"M\u00f3nica Wagner y Julio Ben\u00edtez celebraron la incorporar\u00e1n 3625 nuevos cargos docentes para Equipos de Orientaci\u00f3n Escolar en la Provincia\",\"datePublished\":\"2021-08-17T21:51:09+00:00\",\"dateModified\":\"2021-08-17T21:55:20+00:00\",\"mainEntityOfPage\":{\"@id\":\"https:\/\/experienciadevida.com.ar\/portalurbano\/monica-wagner-y-julio-benitez-celebraron-la-incorporaran-3625-nuevos-cargos-docentes-para-equipos-de-orientacion-escolar-en-la-provincia\/\"},\"wordCount\":320,\"publisher\":{\"@id\":\"https:\/\/experienciadevida.com.ar\/portalurbano\/#organization\"},\"articleSection\":[\"Ciudad\",\"Destacadas 2\"],\"inLanguage\":\"es\"},{\"@type\":\"WebPage\",\"@id\":\"https:\/\/experienciadevida.com.ar\/portalurbano\/monica-wagner-y-julio-benitez-celebraron-la-incorporaran-3625-nuevos-cargos-docentes-para-equipos-de-orientacion-escolar-en-la-provincia\/\",\"url\":\"https:\/\/experienciadevida.com.ar\/portalurbano\/monica-wagner-y-julio-benitez-celebraron-la-incorporaran-3625-nuevos-cargos-docentes-para-equipos-de-orientacion-escolar-en-la-provincia\/\",\"name\":\"M\u00f3nica Wagner y Julio Ben\u00edtez celebraron 3625 nuevos cargos\",\"isPartOf\":{\"@id\":\"https:\/\/experienciadevida.com.ar\/portalurbano\/#website\"},\"datePublished\":\"2021-08-17T21:51:09+00:00\",\"dateModified\":\"2021-08-17T21:55:20+00:00\",\"description\":\"M\u00f3nica Wagner y Julio Ben\u00edtez celebraron la incorporar\u00e1n 3625 nuevos cargos docentes para Equipos de Orientaci\u00f3n Escolar en la Provincia.\",\"breadcrumb\":{\"@id\":\"https:\/\/experienciadevida.com.ar\/portalurbano\/monica-wagner-y-julio-benitez-celebraron-la-incorporaran-3625-nuevos-cargos-docentes-para-equipos-de-orientacion-escolar-en-la-provincia\/#breadcrumb\"},\"inLanguage\":\"es\",\"potentialAction\":[{\"@type\":\"ReadAction\",\"target\":[\"https:\/\/experienciadevida.com.ar\/portalurbano\/monica-wagner-y-julio-benitez-celebraron-la-incorporaran-3625-nuevos-cargos-docentes-para-equipos-de-orientacion-escolar-en-la-provincia\/\"]}]},{\"@type\":\"BreadcrumbList\",\"@id\":\"https:\/\/experienciadevida.com.ar\/portalurbano\/monica-wagner-y-julio-benitez-celebraron-la-incorporaran-3625-nuevos-cargos-docentes-para-equipos-de-orientacion-escolar-en-la-provincia\/#breadcrumb\",\"itemListElement\":[{\"@type\":\"ListItem\",\"position\":1,\"name\":\"Portada\",\"item\":\"https:\/\/experienciadevida.com.ar\/portalurbano\/\"},{\"@type\":\"ListItem\",\"position\":2,\"name\":\"M\u00f3nica Wagner y Julio Ben\u00edtez celebraron la incorporar\u00e1n 3625 nuevos cargos docentes para Equipos de Orientaci\u00f3n Escolar en la Provincia\"}]},{\"@type\":\"WebSite\",\"@id\":\"https:\/\/experienciadevida.com.ar\/portalurbano\/#website\",\"url\":\"https:\/\/experienciadevida.com.ar\/portalurbano\/\",\"name\":\"\",\"description\":\"\",\"publisher\":{\"@id\":\"https:\/\/experienciadevida.com.ar\/portalurbano\/#organization\"},\"potentialAction\":[{\"@type\":\"SearchAction\",\"target\":{\"@type\":\"EntryPoint\",\"urlTemplate\":\"https:\/\/experienciadevida.com.ar\/portalurbano\/?s={search_term_string}\"},\"query-input\":\"required name=search_term_string\"}],\"inLanguage\":\"es\"},{\"@type\":\"Organization\",\"@id\":\"https:\/\/experienciadevida.com.ar\/portalurbano\/#organization\",\"name\":\"Portal Urbano\",\"url\":\"https:\/\/experienciadevida.com.ar\/portalurbano\/\",\"logo\":{\"@type\":\"ImageObject\",\"inLanguage\":\"es\",\"@id\":\"https:\/\/experienciadevida.com.ar\/portalurbano\/#\/schema\/logo\/image\/\",\"url\":\"https:\/\/experienciadevida.com.ar\/portalurbano\/wp-content\/uploads\/2019\/09\/Logo-Original.png\",\"contentUrl\":\"https:\/\/experienciadevida.com.ar\/portalurbano\/wp-content\/uploads\/2019\/09\/Logo-Original.png\",\"width\":2236,\"height\":1216,\"caption\":\"Portal Urbano\"},\"image\":{\"@id\":\"https:\/\/experienciadevida.com.ar\/portalurbano\/#\/schema\/logo\/image\/\"},\"sameAs\":[\"https:\/\/www.facebook.com\/Portal-Urbano-171542830093757\/\",\"https:\/\/twitter.com\/portalurbanook\",\"https:\/\/www.instagram.com\/_portalurbano\/\",\"https:\/\/www.youtube.com\/channel\/UCXhagIfszH8KxFiOok79zbA?view_as=subscriber\"]},{\"@type\":\"Person\",\"@id\":\"https:\/\/experienciadevida.com.ar\/portalurbano\/#\/schema\/person\/02dd326b1c4b056e9cc972486934a3a7\",\"name\":\"admpu17wp\",\"image\":{\"@type\":\"ImageObject\",\"inLanguage\":\"es\",\"@id\":\"https:\/\/experienciadevida.com.ar\/portalurbano\/#\/schema\/person\/image\/\",\"url\":\"https:\/\/secure.gravatar.com\/avatar\/830d4c57adaae6630765e449a6908047?s=96&d=mm&r=g\",\"contentUrl\":\"https:\/\/secure.gravatar.com\/avatar\/830d4c57adaae6630765e449a6908047?s=96&d=mm&r=g\",\"caption\":\"admpu17wp\"}}]}<\/script>\n<!-- \/ Yoast SEO plugin. -->","yoast_head_json":{"title":"M\u00f3nica Wagner y Julio Ben\u00edtez celebraron 3625 nuevos cargos","description":"M\u00f3nica Wagner y Julio Ben\u00edtez celebraron la incorporar\u00e1n 3625 nuevos cargos docentes para Equipos de Orientaci\u00f3n Escolar en la Provincia.","robots":{"index":"index","follow":"follow","max-snippet":"max-snippet:-1","max-image-preview":"max-image-preview:large","max-video-preview":"max-video-preview:-1"},"canonical":"https:\/\/experienciadevida.com.ar\/portalurbano\/monica-wagner-y-julio-benitez-celebraron-la-incorporaran-3625-nuevos-cargos-docentes-para-equipos-de-orientacion-escolar-en-la-provincia\/","og_locale":"es_ES","og_type":"article","og_title":"M\u00f3nica Wagner y Julio Ben\u00edtez celebraron 3625 nuevos cargos","og_description":"M\u00f3nica Wagner y Julio Ben\u00edtez celebraron la incorporar\u00e1n 3625 nuevos cargos docentes para Equipos de Orientaci\u00f3n Escolar en la Provincia.","og_url":"https:\/\/experienciadevida.com.ar\/portalurbano\/monica-wagner-y-julio-benitez-celebraron-la-incorporaran-3625-nuevos-cargos-docentes-para-equipos-de-orientacion-escolar-en-la-provincia\/","article_publisher":"https:\/\/www.facebook.com\/Portal-Urbano-171542830093757\/","article_published_time":"2021-08-17T21:51:09+00:00","article_modified_time":"2021-08-17T21:55:20+00:00","og_image":[{"width":1280,"height":847,"url":"https:\/\/experienciadevida.com.ar\/portalurbano\/wp-content\/uploads\/2021\/08\/Monica-Wagner-y-Julio-Benitez.jpg","type":"image\/jpeg"}],"author":"admpu17wp","twitter_card":"summary_large_image","twitter_creator":"@portalurbanook","twitter_site":"@portalurbanook","twitter_misc":{"Escrito por":"admpu17wp","Tiempo de lectura":"2 minutos"},"schema":{"@context":"https:\/\/schema.org","@graph":[{"@type":"Article","@id":"https:\/\/experienciadevida.com.ar\/portalurbano\/monica-wagner-y-julio-benitez-celebraron-la-incorporaran-3625-nuevos-cargos-docentes-para-equipos-de-orientacion-escolar-en-la-provincia\/#article","isPartOf":{"@id":"https:\/\/experienciadevida.com.ar\/portalurbano\/monica-wagner-y-julio-benitez-celebraron-la-incorporaran-3625-nuevos-cargos-docentes-para-equipos-de-orientacion-escolar-en-la-provincia\/"},"author":{"name":"admpu17wp","@id":"https:\/\/experienciadevida.com.ar\/portalurbano\/#\/schema\/person\/02dd326b1c4b056e9cc972486934a3a7"},"headline":"M\u00f3nica Wagner y Julio Ben\u00edtez celebraron la incorporar\u00e1n 3625 nuevos cargos docentes para Equipos de Orientaci\u00f3n Escolar en la Provincia","datePublished":"2021-08-17T21:51:09+00:00","dateModified":"2021-08-17T21:55:20+00:00","mainEntityOfPage":{"@id":"https:\/\/experienciadevida.com.ar\/portalurbano\/monica-wagner-y-julio-benitez-celebraron-la-incorporaran-3625-nuevos-cargos-docentes-para-equipos-de-orientacion-escolar-en-la-provincia\/"},"wordCount":320,"publisher":{"@id":"https:\/\/experienciadevida.com.ar\/portalurbano\/#organization"},"articleSection":["Ciudad","Destacadas 2"],"inLanguage":"es"},{"@type":"WebPage","@id":"https:\/\/experienciadevida.com.ar\/portalurbano\/monica-wagner-y-julio-benitez-celebraron-la-incorporaran-3625-nuevos-cargos-docentes-para-equipos-de-orientacion-escolar-en-la-provincia\/","url":"https:\/\/experienciadevida.com.ar\/portalurbano\/monica-wagner-y-julio-benitez-celebraron-la-incorporaran-3625-nuevos-cargos-docentes-para-equipos-de-orientacion-escolar-en-la-provincia\/","name":"M\u00f3nica Wagner y Julio Ben\u00edtez celebraron 3625 nuevos cargos","isPartOf":{"@id":"https:\/\/experienciadevida.com.ar\/portalurbano\/#website"},"datePublished":"2021-08-17T21:51:09+00:00","dateModified":"2021-08-17T21:55:20+00:00","description":"M\u00f3nica Wagner y Julio Ben\u00edtez celebraron la incorporar\u00e1n 3625 nuevos cargos docentes para Equipos de Orientaci\u00f3n Escolar en la Provincia.","breadcrumb":{"@id":"https:\/\/experienciadevida.com.ar\/portalurbano\/monica-wagner-y-julio-benitez-celebraron-la-incorporaran-3625-nuevos-cargos-docentes-para-equipos-de-orientacion-escolar-en-la-provincia\/#breadcrumb"},"inLanguage":"es","potentialAction":[{"@type":"ReadAction","target":["https:\/\/experienciadevida.com.ar\/portalurbano\/monica-wagner-y-julio-benitez-celebraron-la-incorporaran-3625-nuevos-cargos-docentes-para-equipos-de-orientacion-escolar-en-la-provincia\/"]}]},{"@type":"BreadcrumbList","@id":"https:\/\/experienciadevida.com.ar\/portalurbano\/monica-wagner-y-julio-benitez-celebraron-la-incorporaran-3625-nuevos-cargos-docentes-para-equipos-de-orientacion-escolar-en-la-provincia\/#breadcrumb","itemListElement":[{"@type":"ListItem","position":1,"name":"Portada","item":"https:\/\/experienciadevida.com.ar\/portalurbano\/"},{"@type":"ListItem","position":2,"name":"M\u00f3nica Wagner y Julio Ben\u00edtez celebraron la incorporar\u00e1n 3625 nuevos cargos docentes para Equipos de Orientaci\u00f3n Escolar en la Provincia"}]},{"@type":"WebSite","@id":"https:\/\/experienciadevida.com.ar\/portalurbano\/#website","url":"https:\/\/experienciadevida.com.ar\/portalurbano\/","name":"","description":"","publisher":{"@id":"https:\/\/experienciadevida.com.ar\/portalurbano\/#organization"},"potentialAction":[{"@type":"SearchAction","target":{"@type":"EntryPoint","urlTemplate":"https:\/\/experienciadevida.com.ar\/portalurbano\/?s={search_term_string}"},"query-input":"required name=search_term_string"}],"inLanguage":"es"},{"@type":"Organization","@id":"https:\/\/experienciadevida.com.ar\/portalurbano\/#organization","name":"Portal Urbano","url":"https:\/\/experienciadevida.com.ar\/portalurbano\/","logo":{"@type":"ImageObject","inLanguage":"es","@id":"https:\/\/experienciadevida.com.ar\/portalurbano\/#\/schema\/logo\/image\/","url":"https:\/\/experienciadevida.com.ar\/portalurbano\/wp-content\/uploads\/2019\/09\/Logo-Original.png","contentUrl":"https:\/\/experienciadevida.com.ar\/portalurbano\/wp-content\/uploads\/2019\/09\/Logo-Original.png","width":2236,"height":1216,"caption":"Portal Urbano"},"image":{"@id":"https:\/\/experienciadevida.com.ar\/portalurbano\/#\/schema\/logo\/image\/"},"sameAs":["https:\/\/www.facebook.com\/Portal-Urbano-171542830093757\/","https:\/\/twitter.com\/portalurbanook","https:\/\/www.instagram.com\/_portalurbano\/","https:\/\/www.youtube.com\/channel\/UCXhagIfszH8KxFiOok79zbA?view_as=subscriber"]},{"@type":"Person","@id":"https:\/\/experienciadevida.com.ar\/portalurbano\/#\/schema\/person\/02dd326b1c4b056e9cc972486934a3a7","name":"admpu17wp","image":{"@type":"ImageObject","inLanguage":"es","@id":"https:\/\/experienciadevida.com.ar\/portalurbano\/#\/schema\/person\/image\/","url":"https:\/\/secure.gravatar.com\/avatar\/830d4c57adaae6630765e449a6908047?s=96&d=mm&r=g","contentUrl":"https:\/\/secure.gravatar.com\/avatar\/830d4c57adaae6630765e449a6908047?s=96&d=mm&r=g","caption":"admpu17wp"}}]}},"featured_image_urls":{"full":["https:\/\/experienciadevida.com.ar\/portalurbano\/wp-content\/uploads\/2021\/08\/Monica-Wagner-y-Julio-Benitez.jpg",1280,847,false],"thumbnail":["https:\/\/experienciadevida.com.ar\/portalurbano\/wp-content\/uploads\/2021\/08\/Monica-Wagner-y-Julio-Benitez-150x150.jpg",150,150,true],"medium":["https:\/\/experienciadevida.com.ar\/portalurbano\/wp-content\/uploads\/2021\/08\/Monica-Wagner-y-Julio-Benitez-300x199.jpg",300,199,true],"medium_large":["https:\/\/experienciadevida.com.ar\/portalurbano\/wp-content\/uploads\/2021\/08\/Monica-Wagner-y-Julio-Benitez-768x508.jpg",640,423,true],"large":["https:\/\/experienciadevida.com.ar\/portalurbano\/wp-content\/uploads\/2021\/08\/Monica-Wagner-y-Julio-Benitez-1024x678.jpg",640,424,true],"ug_big":["https:\/\/experienciadevida.com.ar\/portalurbano\/wp-content\/uploads\/2021\/08\/Monica-Wagner-y-Julio-Benitez-768x508.jpg",768,508,true],"1536x1536":["https:\/\/experienciadevida.com.ar\/portalurbano\/wp-content\/uploads\/2021\/08\/Monica-Wagner-y-Julio-Benitez.jpg",1280,847,false],"2048x2048":["https:\/\/experienciadevida.com.ar\/portalurbano\/wp-content\/uploads\/2021\/08\/Monica-Wagner-y-Julio-Benitez.jpg",1280,847,false],"newsever-slider-full":["https:\/\/experienciadevida.com.ar\/portalurbano\/wp-content\/uploads\/2021\/08\/Monica-Wagner-y-Julio-Benitez.jpg",1277,845,false],"newsever-featured":["https:\/\/experienciadevida.com.ar\/portalurbano\/wp-content\/uploads\/2021\/08\/Monica-Wagner-y-Julio-Benitez.jpg",1024,678,false],"newsever-medium":["https:\/\/experienciadevida.com.ar\/portalurbano\/wp-content\/uploads\/2021\/08\/Monica-Wagner-y-Julio-Benitez.jpg",718,475,false],"web-stories-poster-portrait":["https:\/\/experienciadevida.com.ar\/portalurbano\/wp-content\/uploads\/2021\/08\/Monica-Wagner-y-Julio-Benitez.jpg",640,424,false],"web-stories-publisher-logo":["https:\/\/experienciadevida.com.ar\/portalurbano\/wp-content\/uploads\/2021\/08\/Monica-Wagner-y-Julio-Benitez.jpg",96,64,false],"web-stories-thumbnail":["https:\/\/experienciadevida.com.ar\/portalurbano\/wp-content\/uploads\/2021\/08\/Monica-Wagner-y-Julio-Benitez.jpg",150,99,false]},"author_info":{"display_name":"admpu17wp","author_link":"https:\/\/experienciadevida.com.ar\/portalurbano\/author\/admpu17wp\/"},"category_info":"<a href=\"https:\/\/experienciadevida.com.ar\/portalurbano\/category\/ciudad\/\" rel=\"category tag\">Ciudad<\/a> <a href=\"https:\/\/experienciadevida.com.ar\/portalurbano\/category\/destacadas-2\/\" rel=\"category tag\">Destacadas 2<\/a>","tag_info":"Destacadas 2","comment_count":"0","amp_enabled":true,"_links":{"self":[{"href":"https:\/\/experienciadevida.com.ar\/portalurbano\/wp-json\/wp\/v2\/posts\/150452"}],"collection":[{"href":"https:\/\/experienciadevida.com.ar\/portalurbano\/wp-json\/wp\/v2\/posts"}],"about":[{"href":"https:\/\/experienciadevida.com.ar\/portalurbano\/wp-json\/wp\/v2\/types\/post"}],"author":[{"embeddable":true,"href":"https:\/\/experienciadevida.com.ar\/portalurbano\/wp-json\/wp\/v2\/users\/1"}],"replies":[{"embeddable":true,"href":"https:\/\/experienciadevida.com.ar\/portalurbano\/wp-json\/wp\/v2\/comments?post=150452"}],"version-history":[{"count":4,"href":"https:\/\/experienciadevida.com.ar\/portalurbano\/wp-json\/wp\/v2\/posts\/150452\/revisions"}],"predecessor-version":[{"id":150459,"href":"https:\/\/experienciadevida.com.ar\/portalurbano\/wp-json\/wp\/v2\/posts\/150452\/revisions\/150459"}],"wp:featuredmedia":[{"embeddable":true,"href":"https:\/\/experienciadevida.com.ar\/portalurbano\/wp-json\/wp\/v2\/media\/150453"}],"wp:attachment":[{"href":"https:\/\/experienciadevida.com.ar\/portalurbano\/wp-json\/wp\/v2\/media?parent=150452"}],"wp:term":[{"taxonomy":"category","embeddable":true,"href":"https:\/\/experienciadevida.com.ar\/portalurbano\/wp-json\/wp\/v2\/categories?post=150452"},{"taxonomy":"post_tag","embeddable":true,"href":"https:\/\/experienciadevida.com.ar\/portalurbano\/wp-json\/wp\/v2\/tags?post=150452"}],"curies":[{"name":"wp","href":"https:\/\/api.w.org\/{rel}","templated":true}]}}