{"id":150293,"date":"2021-08-16T16:23:15","date_gmt":"2021-08-16T19:23:15","guid":{"rendered":"https:\/\/experienciadevida.com.ar\/portalurbano\/?p=150293"},"modified":"2021-08-16T16:25:47","modified_gmt":"2021-08-16T19:25:47","slug":"para-kreplak-la-variante-delta-podria-no-ser-predominante-por-la-presencia-de-la-manaos","status":"publish","type":"post","link":"https:\/\/experienciadevida.com.ar\/portalurbano\/para-kreplak-la-variante-delta-podria-no-ser-predominante-por-la-presencia-de-la-manaos\/","title":{"rendered":"Para Kreplak, la variante Delta podr\u00eda no ser predominante por la presencia de la Manaos"},"content":{"rendered":"<p>Para Kreplak, la variante Delta podr\u00eda no ser predominante por la presencia de la Manaos.<\/p>\n<p>El ministro de Salud bonaerense, Nicol\u00e1s <a href=\"https:\/\/twitter.com\/nkreplak\">Kreplak<\/a>, sostuvo este lunes que la variante Delta ha sido controlada hasta el momento y advirti\u00f3, adem\u00e1s, que podr\u00eda no ser predominante en la Argentina por la presencia de la Manaos.<\/p>\n<p>\u201cHay dos cosas en el mundo que todav\u00eda no podemos explicar exactamente por qu\u00e9 suceden. Las variantes Manaos y Andina, que son las que ocupan el 80% de las variantes circulantes en la Provincia, no son variantes predominantes en el hemisferio Norte. All\u00ed, qued\u00f3 afianzada la variante brit\u00e1nica, que en la Argentina fue reemplazada rapid\u00edsimo por las variantes sudamericanas. Y la Delta produjo una tercera ola en los pa\u00edses que ten\u00edan predominancia de la variante brit\u00e1nica. En el hemisferio Sur eso no sucedi\u00f3\u201d, explic\u00f3 Kreplak.<\/p>\n<p>Y en ese sentido, complet\u00f3: \u201cPuede que en Sudam\u00e9rica termine sucediendo, todav\u00eda no sabemos, pero hace dos meses que est\u00e1 circulando la Delta en Am\u00e9rica del Sur y no produjo lo que pas\u00f3 en Am\u00e9rica del Norte y en Europa en cuatro semanas\u201d.<\/p>\n<p>Por otro lado, Kreplak celebr\u00f3 la ca\u00edda de casos positivos de Covid-19 en la provincia de Buenos Aires, que se profundiz\u00f3 en la \u00faltima semana, cuando los contagios cayeron un 26%.<\/p>\n<p>Para Kreplak celebr\u00f3 que la mayor\u00eda de la poblaci\u00f3n argentina todav\u00eda toma los recaudos necesarios para evitar la mayor parte de contagios y reconoci\u00f3 que es entendible una flexibilizaci\u00f3n de los cuidados, en sinton\u00eda con el avance del proceso de vacunaci\u00f3n.<\/p>\n<p>En tanto, Kreplak tambi\u00e9n se mostr\u00f3 optimista en el comienzo de vacunaci\u00f3n a los menores de 18 a\u00f1os sin comorbilidades y vaticin\u00f3 que la aplicaci\u00f3n de las dosis para ese grupo etario estar\u00eda comenzando en el mes de septiembre.<\/p>\n<p>\u201cEstamos esperando que nos lleguen vacunas de Pfizer que podemos empezar a utilizar con menores de 18 sanos. Empezar\u00edan a llegar en septiembre. A partir de ah\u00ed podr\u00edamos empezar a plantear una estrategia de vacunaci\u00f3n a los menores de 18 sin comorbilidades\u201d, afirm\u00f3.<\/p>\n<p>\u201cYo soy de la idea de que hay que vacunar a todos. No en todos los pa\u00edses se coincide en vacunar a los menores de 18 sanos. Yo creo que hay que vacunarlos porque se produce menos riesgo. Las vacunas son muy seguras y hay que reducir la cantidad de virus circulante en la poblaci\u00f3n porque tambi\u00e9n afecta a los mayores\u201d, complet\u00f3 el ministro, que se mostr\u00f3 expectante con la aprobaci\u00f3n de la vacuna Sinopharm para los menores de edad.<\/p>\n<p>En tanto, el funcionario bonaerense tambi\u00e9n hizo referencia a la pol\u00e9mica foto de Alberto Fern\u00e1ndez y Fabiola Y\u00e1\u00f1ez, durante el festejo de cumplea\u00f1os de la Primera Dama en plena cuarentena por la primera ola de coronavirus, en julio de 2020.<\/p>\n<p>\u201cCreo que est\u00e1 todo dicho respecto de eso, que fue un descuido. Lo que a m\u00ed me preocupa es que todav\u00eda sea un tema tan presente en la discusi\u00f3n p\u00fablica. Creo que no es un tema que hable sobre los intereses de la sociedad en materia general, tendr\u00edamos que hablar de la pandemia, el trabajo, econom\u00eda, la educaci\u00f3n, de cosas muy importantes que hay que discutir en la campa\u00f1a. Hay veces que discutir estas cosas es una buena forma de no discutir sobre el proyecto de pa\u00eds. Sobre eso nosotros tenemos mucho para decir y queremos discutir\u201d, reflexion\u00f3.<\/p>\n<p>Fuente: DIB<\/p>\n","protected":false},"excerpt":{"rendered":"<p>Para Kreplak, la variante Delta podr\u00eda no ser predominante por la presencia de la Manaos&#8230;.<\/p>\n","protected":false},"author":1,"featured_media":150337,"comment_status":"closed","ping_status":"closed","sticky":false,"template":"","format":"standard","meta":{"content-type":""},"categories":[64,44],"tags":[],"nelio_content":{"isAutoShareEnabled":false,"autoShareEndMode":"default","automationSources":{"useContentSentences":true,"useSocialTemplates":true,"useCustomSentences":false,"customSentences":[]},"followers":[1],"suggestedReferences":[],"includedReferences":[],"efiUrl":"","efiAlt":"","highlights":[]},"yoast_head":"<!-- This site is optimized with the Yoast SEO plugin v20.7 - https:\/\/yoast.com\/wordpress\/plugins\/seo\/ -->\n<title>Para Kreplak, la variante Delta podr\u00eda no ser predominate<\/title>\n<meta name=\"description\" content=\"Para Kreplak, la variante Delta podr\u00eda no ser predominante por la presencia de la Manaos, la variante fue controlada mencionan de Provincia.\" \/>\n<meta name=\"robots\" content=\"index, follow, max-snippet:-1, max-image-preview:large, max-video-preview:-1\" \/>\n<link rel=\"canonical\" href=\"https:\/\/experienciadevida.com.ar\/portalurbano\/para-kreplak-la-variante-delta-podria-no-ser-predominante-por-la-presencia-de-la-manaos\/\" \/>\n<meta property=\"og:locale\" content=\"es_ES\" \/>\n<meta property=\"og:type\" content=\"article\" \/>\n<meta property=\"og:title\" content=\"Para Kreplak, la variante Delta podr\u00eda no ser predominate\" \/>\n<meta property=\"og:description\" content=\"Para Kreplak, la variante Delta podr\u00eda no ser predominante por la presencia de la Manaos, la variante fue controlada mencionan de Provincia.\" \/>\n<meta property=\"og:url\" content=\"https:\/\/experienciadevida.com.ar\/portalurbano\/para-kreplak-la-variante-delta-podria-no-ser-predominante-por-la-presencia-de-la-manaos\/\" \/>\n<meta property=\"article:publisher\" content=\"https:\/\/www.facebook.com\/Portal-Urbano-171542830093757\/\" \/>\n<meta property=\"article:published_time\" content=\"2021-08-16T19:23:15+00:00\" \/>\n<meta property=\"article:modified_time\" content=\"2021-08-16T19:25:47+00:00\" \/>\n<meta property=\"og:image\" content=\"https:\/\/experienciadevida.com.ar\/portalurbano\/wp-content\/uploads\/2021\/08\/Para-Kreplak.jpg\" \/>\n\t<meta property=\"og:image:width\" content=\"696\" \/>\n\t<meta property=\"og:image:height\" content=\"464\" \/>\n\t<meta property=\"og:image:type\" content=\"image\/jpeg\" \/>\n<meta name=\"author\" content=\"admpu17wp\" \/>\n<meta name=\"twitter:card\" content=\"summary_large_image\" \/>\n<meta name=\"twitter:creator\" content=\"@portalurbanook\" \/>\n<meta name=\"twitter:site\" content=\"@portalurbanook\" \/>\n<meta name=\"twitter:label1\" content=\"Escrito por\" \/>\n\t<meta name=\"twitter:data1\" content=\"admpu17wp\" \/>\n\t<meta name=\"twitter:label2\" content=\"Tiempo de lectura\" \/>\n\t<meta name=\"twitter:data2\" content=\"3 minutos\" \/>\n<script type=\"application\/ld+json\" class=\"yoast-schema-graph\">{\"@context\":\"https:\/\/schema.org\",\"@graph\":[{\"@type\":\"Article\",\"@id\":\"https:\/\/experienciadevida.com.ar\/portalurbano\/para-kreplak-la-variante-delta-podria-no-ser-predominante-por-la-presencia-de-la-manaos\/#article\",\"isPartOf\":{\"@id\":\"https:\/\/experienciadevida.com.ar\/portalurbano\/para-kreplak-la-variante-delta-podria-no-ser-predominante-por-la-presencia-de-la-manaos\/\"},\"author\":{\"name\":\"admpu17wp\",\"@id\":\"https:\/\/experienciadevida.com.ar\/portalurbano\/#\/schema\/person\/02dd326b1c4b056e9cc972486934a3a7\"},\"headline\":\"Para Kreplak, la variante Delta podr\u00eda no ser predominante por la presencia de la Manaos\",\"datePublished\":\"2021-08-16T19:23:15+00:00\",\"dateModified\":\"2021-08-16T19:25:47+00:00\",\"mainEntityOfPage\":{\"@id\":\"https:\/\/experienciadevida.com.ar\/portalurbano\/para-kreplak-la-variante-delta-podria-no-ser-predominante-por-la-presencia-de-la-manaos\/\"},\"wordCount\":609,\"publisher\":{\"@id\":\"https:\/\/experienciadevida.com.ar\/portalurbano\/#organization\"},\"articleSection\":[\"Destacadas 2\",\"Provincia\"],\"inLanguage\":\"es\"},{\"@type\":\"WebPage\",\"@id\":\"https:\/\/experienciadevida.com.ar\/portalurbano\/para-kreplak-la-variante-delta-podria-no-ser-predominante-por-la-presencia-de-la-manaos\/\",\"url\":\"https:\/\/experienciadevida.com.ar\/portalurbano\/para-kreplak-la-variante-delta-podria-no-ser-predominante-por-la-presencia-de-la-manaos\/\",\"name\":\"Para Kreplak, la variante Delta podr\u00eda no ser predominate\",\"isPartOf\":{\"@id\":\"https:\/\/experienciadevida.com.ar\/portalurbano\/#website\"},\"datePublished\":\"2021-08-16T19:23:15+00:00\",\"dateModified\":\"2021-08-16T19:25:47+00:00\",\"description\":\"Para Kreplak, la variante Delta podr\u00eda no ser predominante por la presencia de la Manaos, la variante fue controlada mencionan de Provincia.\",\"breadcrumb\":{\"@id\":\"https:\/\/experienciadevida.com.ar\/portalurbano\/para-kreplak-la-variante-delta-podria-no-ser-predominante-por-la-presencia-de-la-manaos\/#breadcrumb\"},\"inLanguage\":\"es\",\"potentialAction\":[{\"@type\":\"ReadAction\",\"target\":[\"https:\/\/experienciadevida.com.ar\/portalurbano\/para-kreplak-la-variante-delta-podria-no-ser-predominante-por-la-presencia-de-la-manaos\/\"]}]},{\"@type\":\"BreadcrumbList\",\"@id\":\"https:\/\/experienciadevida.com.ar\/portalurbano\/para-kreplak-la-variante-delta-podria-no-ser-predominante-por-la-presencia-de-la-manaos\/#breadcrumb\",\"itemListElement\":[{\"@type\":\"ListItem\",\"position\":1,\"name\":\"Portada\",\"item\":\"https:\/\/experienciadevida.com.ar\/portalurbano\/\"},{\"@type\":\"ListItem\",\"position\":2,\"name\":\"Para Kreplak, la variante Delta podr\u00eda no ser predominante por la presencia de la Manaos\"}]},{\"@type\":\"WebSite\",\"@id\":\"https:\/\/experienciadevida.com.ar\/portalurbano\/#website\",\"url\":\"https:\/\/experienciadevida.com.ar\/portalurbano\/\",\"name\":\"\",\"description\":\"\",\"publisher\":{\"@id\":\"https:\/\/experienciadevida.com.ar\/portalurbano\/#organization\"},\"potentialAction\":[{\"@type\":\"SearchAction\",\"target\":{\"@type\":\"EntryPoint\",\"urlTemplate\":\"https:\/\/experienciadevida.com.ar\/portalurbano\/?s={search_term_string}\"},\"query-input\":\"required name=search_term_string\"}],\"inLanguage\":\"es\"},{\"@type\":\"Organization\",\"@id\":\"https:\/\/experienciadevida.com.ar\/portalurbano\/#organization\",\"name\":\"Portal Urbano\",\"url\":\"https:\/\/experienciadevida.com.ar\/portalurbano\/\",\"logo\":{\"@type\":\"ImageObject\",\"inLanguage\":\"es\",\"@id\":\"https:\/\/experienciadevida.com.ar\/portalurbano\/#\/schema\/logo\/image\/\",\"url\":\"https:\/\/experienciadevida.com.ar\/portalurbano\/wp-content\/uploads\/2019\/09\/Logo-Original.png\",\"contentUrl\":\"https:\/\/experienciadevida.com.ar\/portalurbano\/wp-content\/uploads\/2019\/09\/Logo-Original.png\",\"width\":2236,\"height\":1216,\"caption\":\"Portal Urbano\"},\"image\":{\"@id\":\"https:\/\/experienciadevida.com.ar\/portalurbano\/#\/schema\/logo\/image\/\"},\"sameAs\":[\"https:\/\/www.facebook.com\/Portal-Urbano-171542830093757\/\",\"https:\/\/twitter.com\/portalurbanook\",\"https:\/\/www.instagram.com\/_portalurbano\/\",\"https:\/\/www.youtube.com\/channel\/UCXhagIfszH8KxFiOok79zbA?view_as=subscriber\"]},{\"@type\":\"Person\",\"@id\":\"https:\/\/experienciadevida.com.ar\/portalurbano\/#\/schema\/person\/02dd326b1c4b056e9cc972486934a3a7\",\"name\":\"admpu17wp\",\"image\":{\"@type\":\"ImageObject\",\"inLanguage\":\"es\",\"@id\":\"https:\/\/experienciadevida.com.ar\/portalurbano\/#\/schema\/person\/image\/\",\"url\":\"https:\/\/secure.gravatar.com\/avatar\/830d4c57adaae6630765e449a6908047?s=96&d=mm&r=g\",\"contentUrl\":\"https:\/\/secure.gravatar.com\/avatar\/830d4c57adaae6630765e449a6908047?s=96&d=mm&r=g\",\"caption\":\"admpu17wp\"}}]}<\/script>\n<!-- \/ Yoast SEO plugin. -->","yoast_head_json":{"title":"Para Kreplak, la variante Delta podr\u00eda no ser predominate","description":"Para Kreplak, la variante Delta podr\u00eda no ser predominante por la presencia de la Manaos, la variante fue controlada mencionan de Provincia.","robots":{"index":"index","follow":"follow","max-snippet":"max-snippet:-1","max-image-preview":"max-image-preview:large","max-video-preview":"max-video-preview:-1"},"canonical":"https:\/\/experienciadevida.com.ar\/portalurbano\/para-kreplak-la-variante-delta-podria-no-ser-predominante-por-la-presencia-de-la-manaos\/","og_locale":"es_ES","og_type":"article","og_title":"Para Kreplak, la variante Delta podr\u00eda no ser predominate","og_description":"Para Kreplak, la variante Delta podr\u00eda no ser predominante por la presencia de la Manaos, la variante fue controlada mencionan de Provincia.","og_url":"https:\/\/experienciadevida.com.ar\/portalurbano\/para-kreplak-la-variante-delta-podria-no-ser-predominante-por-la-presencia-de-la-manaos\/","article_publisher":"https:\/\/www.facebook.com\/Portal-Urbano-171542830093757\/","article_published_time":"2021-08-16T19:23:15+00:00","article_modified_time":"2021-08-16T19:25:47+00:00","og_image":[{"width":696,"height":464,"url":"https:\/\/experienciadevida.com.ar\/portalurbano\/wp-content\/uploads\/2021\/08\/Para-Kreplak.jpg","type":"image\/jpeg"}],"author":"admpu17wp","twitter_card":"summary_large_image","twitter_creator":"@portalurbanook","twitter_site":"@portalurbanook","twitter_misc":{"Escrito por":"admpu17wp","Tiempo de lectura":"3 minutos"},"schema":{"@context":"https:\/\/schema.org","@graph":[{"@type":"Article","@id":"https:\/\/experienciadevida.com.ar\/portalurbano\/para-kreplak-la-variante-delta-podria-no-ser-predominante-por-la-presencia-de-la-manaos\/#article","isPartOf":{"@id":"https:\/\/experienciadevida.com.ar\/portalurbano\/para-kreplak-la-variante-delta-podria-no-ser-predominante-por-la-presencia-de-la-manaos\/"},"author":{"name":"admpu17wp","@id":"https:\/\/experienciadevida.com.ar\/portalurbano\/#\/schema\/person\/02dd326b1c4b056e9cc972486934a3a7"},"headline":"Para Kreplak, la variante Delta podr\u00eda no ser predominante por la presencia de la Manaos","datePublished":"2021-08-16T19:23:15+00:00","dateModified":"2021-08-16T19:25:47+00:00","mainEntityOfPage":{"@id":"https:\/\/experienciadevida.com.ar\/portalurbano\/para-kreplak-la-variante-delta-podria-no-ser-predominante-por-la-presencia-de-la-manaos\/"},"wordCount":609,"publisher":{"@id":"https:\/\/experienciadevida.com.ar\/portalurbano\/#organization"},"articleSection":["Destacadas 2","Provincia"],"inLanguage":"es"},{"@type":"WebPage","@id":"https:\/\/experienciadevida.com.ar\/portalurbano\/para-kreplak-la-variante-delta-podria-no-ser-predominante-por-la-presencia-de-la-manaos\/","url":"https:\/\/experienciadevida.com.ar\/portalurbano\/para-kreplak-la-variante-delta-podria-no-ser-predominante-por-la-presencia-de-la-manaos\/","name":"Para Kreplak, la variante Delta podr\u00eda no ser predominate","isPartOf":{"@id":"https:\/\/experienciadevida.com.ar\/portalurbano\/#website"},"datePublished":"2021-08-16T19:23:15+00:00","dateModified":"2021-08-16T19:25:47+00:00","description":"Para Kreplak, la variante Delta podr\u00eda no ser predominante por la presencia de la Manaos, la variante fue controlada mencionan de Provincia.","breadcrumb":{"@id":"https:\/\/experienciadevida.com.ar\/portalurbano\/para-kreplak-la-variante-delta-podria-no-ser-predominante-por-la-presencia-de-la-manaos\/#breadcrumb"},"inLanguage":"es","potentialAction":[{"@type":"ReadAction","target":["https:\/\/experienciadevida.com.ar\/portalurbano\/para-kreplak-la-variante-delta-podria-no-ser-predominante-por-la-presencia-de-la-manaos\/"]}]},{"@type":"BreadcrumbList","@id":"https:\/\/experienciadevida.com.ar\/portalurbano\/para-kreplak-la-variante-delta-podria-no-ser-predominante-por-la-presencia-de-la-manaos\/#breadcrumb","itemListElement":[{"@type":"ListItem","position":1,"name":"Portada","item":"https:\/\/experienciadevida.com.ar\/portalurbano\/"},{"@type":"ListItem","position":2,"name":"Para Kreplak, la variante Delta podr\u00eda no ser predominante por la presencia de la Manaos"}]},{"@type":"WebSite","@id":"https:\/\/experienciadevida.com.ar\/portalurbano\/#website","url":"https:\/\/experienciadevida.com.ar\/portalurbano\/","name":"","description":"","publisher":{"@id":"https:\/\/experienciadevida.com.ar\/portalurbano\/#organization"},"potentialAction":[{"@type":"SearchAction","target":{"@type":"EntryPoint","urlTemplate":"https:\/\/experienciadevida.com.ar\/portalurbano\/?s={search_term_string}"},"query-input":"required name=search_term_string"}],"inLanguage":"es"},{"@type":"Organization","@id":"https:\/\/experienciadevida.com.ar\/portalurbano\/#organization","name":"Portal Urbano","url":"https:\/\/experienciadevida.com.ar\/portalurbano\/","logo":{"@type":"ImageObject","inLanguage":"es","@id":"https:\/\/experienciadevida.com.ar\/portalurbano\/#\/schema\/logo\/image\/","url":"https:\/\/experienciadevida.com.ar\/portalurbano\/wp-content\/uploads\/2019\/09\/Logo-Original.png","contentUrl":"https:\/\/experienciadevida.com.ar\/portalurbano\/wp-content\/uploads\/2019\/09\/Logo-Original.png","width":2236,"height":1216,"caption":"Portal Urbano"},"image":{"@id":"https:\/\/experienciadevida.com.ar\/portalurbano\/#\/schema\/logo\/image\/"},"sameAs":["https:\/\/www.facebook.com\/Portal-Urbano-171542830093757\/","https:\/\/twitter.com\/portalurbanook","https:\/\/www.instagram.com\/_portalurbano\/","https:\/\/www.youtube.com\/channel\/UCXhagIfszH8KxFiOok79zbA?view_as=subscriber"]},{"@type":"Person","@id":"https:\/\/experienciadevida.com.ar\/portalurbano\/#\/schema\/person\/02dd326b1c4b056e9cc972486934a3a7","name":"admpu17wp","image":{"@type":"ImageObject","inLanguage":"es","@id":"https:\/\/experienciadevida.com.ar\/portalurbano\/#\/schema\/person\/image\/","url":"https:\/\/secure.gravatar.com\/avatar\/830d4c57adaae6630765e449a6908047?s=96&d=mm&r=g","contentUrl":"https:\/\/secure.gravatar.com\/avatar\/830d4c57adaae6630765e449a6908047?s=96&d=mm&r=g","caption":"admpu17wp"}}]}},"featured_image_urls":{"full":["https:\/\/experienciadevida.com.ar\/portalurbano\/wp-content\/uploads\/2021\/08\/Para-Kreplak.jpg",696,464,false],"thumbnail":["https:\/\/experienciadevida.com.ar\/portalurbano\/wp-content\/uploads\/2021\/08\/Para-Kreplak-150x150.jpg",150,150,true],"medium":["https:\/\/experienciadevida.com.ar\/portalurbano\/wp-content\/uploads\/2021\/08\/Para-Kreplak-300x200.jpg",300,200,true],"medium_large":["https:\/\/experienciadevida.com.ar\/portalurbano\/wp-content\/uploads\/2021\/08\/Para-Kreplak.jpg",640,427,false],"large":["https:\/\/experienciadevida.com.ar\/portalurbano\/wp-content\/uploads\/2021\/08\/Para-Kreplak.jpg",640,427,false],"ug_big":["https:\/\/experienciadevida.com.ar\/portalurbano\/wp-content\/uploads\/2021\/08\/Para-Kreplak.jpg",696,464,false],"1536x1536":["https:\/\/experienciadevida.com.ar\/portalurbano\/wp-content\/uploads\/2021\/08\/Para-Kreplak.jpg",696,464,false],"2048x2048":["https:\/\/experienciadevida.com.ar\/portalurbano\/wp-content\/uploads\/2021\/08\/Para-Kreplak.jpg",696,464,false],"newsever-slider-full":["https:\/\/experienciadevida.com.ar\/portalurbano\/wp-content\/uploads\/2021\/08\/Para-Kreplak.jpg",696,464,false],"newsever-featured":["https:\/\/experienciadevida.com.ar\/portalurbano\/wp-content\/uploads\/2021\/08\/Para-Kreplak.jpg",696,464,false],"newsever-medium":["https:\/\/experienciadevida.com.ar\/portalurbano\/wp-content\/uploads\/2021\/08\/Para-Kreplak.jpg",696,464,false],"web-stories-poster-portrait":["https:\/\/experienciadevida.com.ar\/portalurbano\/wp-content\/uploads\/2021\/08\/Para-Kreplak.jpg",640,427,false],"web-stories-publisher-logo":["https:\/\/experienciadevida.com.ar\/portalurbano\/wp-content\/uploads\/2021\/08\/Para-Kreplak.jpg",96,64,false],"web-stories-thumbnail":["https:\/\/experienciadevida.com.ar\/portalurbano\/wp-content\/uploads\/2021\/08\/Para-Kreplak.jpg",150,100,false]},"author_info":{"display_name":"admpu17wp","author_link":"https:\/\/experienciadevida.com.ar\/portalurbano\/author\/admpu17wp\/"},"category_info":"<a href=\"https:\/\/experienciadevida.com.ar\/portalurbano\/category\/destacadas-2\/\" rel=\"category tag\">Destacadas 2<\/a> <a href=\"https:\/\/experienciadevida.com.ar\/portalurbano\/category\/provincia\/\" rel=\"category tag\">Provincia<\/a>","tag_info":"Provincia","comment_count":"0","amp_enabled":true,"_links":{"self":[{"href":"https:\/\/experienciadevida.com.ar\/portalurbano\/wp-json\/wp\/v2\/posts\/150293"}],"collection":[{"href":"https:\/\/experienciadevida.com.ar\/portalurbano\/wp-json\/wp\/v2\/posts"}],"about":[{"href":"https:\/\/experienciadevida.com.ar\/portalurbano\/wp-json\/wp\/v2\/types\/post"}],"author":[{"embeddable":true,"href":"https:\/\/experienciadevida.com.ar\/portalurbano\/wp-json\/wp\/v2\/users\/1"}],"replies":[{"embeddable":true,"href":"https:\/\/experienciadevida.com.ar\/portalurbano\/wp-json\/wp\/v2\/comments?post=150293"}],"version-history":[{"count":3,"href":"https:\/\/experienciadevida.com.ar\/portalurbano\/wp-json\/wp\/v2\/posts\/150293\/revisions"}],"predecessor-version":[{"id":150340,"href":"https:\/\/experienciadevida.com.ar\/portalurbano\/wp-json\/wp\/v2\/posts\/150293\/revisions\/150340"}],"wp:featuredmedia":[{"embeddable":true,"href":"https:\/\/experienciadevida.com.ar\/portalurbano\/wp-json\/wp\/v2\/media\/150337"}],"wp:attachment":[{"href":"https:\/\/experienciadevida.com.ar\/portalurbano\/wp-json\/wp\/v2\/media?parent=150293"}],"wp:term":[{"taxonomy":"category","embeddable":true,"href":"https:\/\/experienciadevida.com.ar\/portalurbano\/wp-json\/wp\/v2\/categories?post=150293"},{"taxonomy":"post_tag","embeddable":true,"href":"https:\/\/experienciadevida.com.ar\/portalurbano\/wp-json\/wp\/v2\/tags?post=150293"}],"curies":[{"name":"wp","href":"https:\/\/api.w.org\/{rel}","templated":true}]}}