{"id":150283,"date":"2021-08-15T11:47:07","date_gmt":"2021-08-15T14:47:07","guid":{"rendered":"https:\/\/experienciadevida.com.ar\/portalurbano\/?p=150283"},"modified":"2021-08-15T11:51:33","modified_gmt":"2021-08-15T14:51:33","slug":"continuan-las-actividades-itinerantes-por-las-celebraciones-del-mes-de-la-ninez","status":"publish","type":"post","link":"https:\/\/experienciadevida.com.ar\/portalurbano\/continuan-las-actividades-itinerantes-por-las-celebraciones-del-mes-de-la-ninez\/","title":{"rendered":"Contin\u00faan las actividades itinerantes por las celebraciones del mes de la ni\u00f1ez"},"content":{"rendered":"<p>Contin\u00faan las actividades itinerantes por las celebraciones del mes de la ni\u00f1ez, en el d\u00eda de ayer continuaron en diferentes barrios de Olavarr\u00eda las celebraciones por el mes de la ni\u00f1ez que organiza la Secretar\u00eda de Desarrollo Humano y Calidad de Vida del Gobierno <a href=\"https:\/\/www.facebook.com\/municipiodeolavarria\">Municipal<\/a>, junto al Movimiento por la Alegr\u00eda del Ni\u00f1o Olavarriense (MANO) y Radio Sapiens.<\/p>\n<p>En esta oportunidad, se realiz\u00f3 entrega de juguetes y se llevaron a cabo diversas actividades y juegos para los m\u00e1s chicos en los barrios Trabajadores, Lourdes, 4 de Octubre, Progreso y 12 de Octubre.<\/p>\n<p>De la actividad, que tambi\u00e9n incluy\u00f3 una merienda, participaron el presidente del HCD Bruno Cenizo, el Secretario de Desarrollo Humano y Calidad de Vida Diego Robbiani, funcionarios municipales y concejales.<\/p>\n<p>Contin\u00faan las actividades itinerantes por las celebraciones del mes de la ni\u00f1ez, En paralelo, en el Teatro Municipal se llev\u00f3 a cabo la presentaci\u00f3n del Ballet Folkl\u00f3rico Municipal, que interpret\u00f3 \u201cQue se vengan los chicos\u201d, una obra infantil con m\u00fasica de Topa, Charo Bogar\u00edn, Canticu\u00e9nticos, Caracachumba y Magdalena Fleitas, entre otros.<\/p>\n<p>Vale recordar que todos aquellos que quieran donar juguetes podr\u00e1n hacerlo de martes a viernes, de 08:00 a 12:00 horas, en la boleter\u00eda del Teatro Municipal o bien los fines de semana.<\/p>\n<p>Para el retiro de las entradas de los espect\u00e1culos, podr\u00e1n hacerlo tambi\u00e9n de martes a viernes, en el horario de boleter\u00eda o hasta dos antes de la funci\u00f3n.<\/p>\n<p><a href=\"https:\/\/experienciadevida.com.ar\/portalurbano\/continuan-las-actividades-itinerantes-por-las-celebraciones-del-mes-de-la-ninez\/continuan-las-actividades\/\" rel=\"attachment wp-att-150287\"><img decoding=\"async\" class=\"alignnone size-large wp-image-150287\" src=\"https:\/\/experienciadevida.com.ar\/portalurbano\/wp-content\/uploads\/2021\/08\/Continuan-las-actividades-1024x684.jpeg\" alt=\"Contin\u00faan las actividades\" width=\"900\" height=\"601\" srcset=\"https:\/\/experienciadevida.com.ar\/portalurbano\/wp-content\/uploads\/2021\/08\/Continuan-las-actividades-1024x684.jpeg 1024w, https:\/\/experienciadevida.com.ar\/portalurbano\/wp-content\/uploads\/2021\/08\/Continuan-las-actividades-300x200.jpeg 300w, https:\/\/experienciadevida.com.ar\/portalurbano\/wp-content\/uploads\/2021\/08\/Continuan-las-actividades-768x513.jpeg 768w, https:\/\/experienciadevida.com.ar\/portalurbano\/wp-content\/uploads\/2021\/08\/Continuan-las-actividades.jpeg 1280w\" sizes=\"(max-width: 900px) 100vw, 900px\" \/><\/a><\/p>\n<p><a href=\"https:\/\/experienciadevida.com.ar\/portalurbano\/continuan-las-actividades-itinerantes-por-las-celebraciones-del-mes-de-la-ninez\/actividades-5\/\" rel=\"attachment wp-att-150289\"><img decoding=\"async\" class=\"alignnone size-large wp-image-150289\" src=\"https:\/\/experienciadevida.com.ar\/portalurbano\/wp-content\/uploads\/2021\/08\/actividades-1024x684.jpg\" alt=\"actividades \" width=\"900\" height=\"601\" srcset=\"https:\/\/experienciadevida.com.ar\/portalurbano\/wp-content\/uploads\/2021\/08\/actividades-1024x684.jpg 1024w, https:\/\/experienciadevida.com.ar\/portalurbano\/wp-content\/uploads\/2021\/08\/actividades-300x200.jpg 300w, https:\/\/experienciadevida.com.ar\/portalurbano\/wp-content\/uploads\/2021\/08\/actividades-768x513.jpg 768w, https:\/\/experienciadevida.com.ar\/portalurbano\/wp-content\/uploads\/2021\/08\/actividades.jpg 1280w\" sizes=\"(max-width: 900px) 100vw, 900px\" \/><\/a><\/p>\n","protected":false},"excerpt":{"rendered":"<p>Contin\u00faan las actividades itinerantes por las celebraciones del mes de la ni\u00f1ez, en el d\u00eda&#8230;<\/p>\n","protected":false},"author":1,"featured_media":150284,"comment_status":"closed","ping_status":"closed","sticky":false,"template":"","format":"standard","meta":{"content-type":""},"categories":[27,64],"tags":[],"nelio_content":{"isAutoShareEnabled":false,"autoShareEndMode":"default","automationSources":{"useContentSentences":true,"useSocialTemplates":true,"useCustomSentences":false,"customSentences":[]},"followers":[1],"suggestedReferences":[],"includedReferences":[],"efiUrl":"","efiAlt":"","highlights":[]},"yoast_head":"<!-- This site is optimized with the Yoast SEO plugin v20.7 - https:\/\/yoast.com\/wordpress\/plugins\/seo\/ -->\n<title>Contin\u00faan las actividades itinerantes por las celebraciones de la ni\u00f1ez<\/title>\n<meta name=\"description\" content=\"Contin\u00faan las actividades itinerantes por las celebraciones del mes de la ni\u00f1ez, que organiza desarrollo humano, MANO y Sapiens\" \/>\n<meta name=\"robots\" content=\"index, follow, max-snippet:-1, max-image-preview:large, max-video-preview:-1\" \/>\n<link rel=\"canonical\" href=\"https:\/\/experienciadevida.com.ar\/portalurbano\/continuan-las-actividades-itinerantes-por-las-celebraciones-del-mes-de-la-ninez\/\" \/>\n<meta property=\"og:locale\" content=\"es_ES\" \/>\n<meta property=\"og:type\" content=\"article\" \/>\n<meta property=\"og:title\" content=\"Contin\u00faan las actividades itinerantes por las celebraciones de la ni\u00f1ez\" \/>\n<meta property=\"og:description\" content=\"Contin\u00faan las actividades itinerantes por las celebraciones del mes de la ni\u00f1ez, que organiza desarrollo humano, MANO y Sapiens\" \/>\n<meta property=\"og:url\" content=\"https:\/\/experienciadevida.com.ar\/portalurbano\/continuan-las-actividades-itinerantes-por-las-celebraciones-del-mes-de-la-ninez\/\" \/>\n<meta property=\"article:publisher\" content=\"https:\/\/www.facebook.com\/Portal-Urbano-171542830093757\/\" \/>\n<meta property=\"article:published_time\" content=\"2021-08-15T14:47:07+00:00\" \/>\n<meta property=\"article:modified_time\" content=\"2021-08-15T14:51:33+00:00\" \/>\n<meta property=\"og:image\" content=\"https:\/\/experienciadevida.com.ar\/portalurbano\/wp-content\/uploads\/2021\/08\/Continuan-las-actividades-itinerantes-por.jpg\" \/>\n\t<meta property=\"og:image:width\" content=\"1280\" \/>\n\t<meta property=\"og:image:height\" content=\"855\" \/>\n\t<meta property=\"og:image:type\" content=\"image\/jpeg\" \/>\n<meta name=\"author\" content=\"admpu17wp\" \/>\n<meta name=\"twitter:card\" content=\"summary_large_image\" \/>\n<meta name=\"twitter:creator\" content=\"@portalurbanook\" \/>\n<meta name=\"twitter:site\" content=\"@portalurbanook\" \/>\n<meta name=\"twitter:label1\" content=\"Escrito por\" \/>\n\t<meta name=\"twitter:data1\" content=\"admpu17wp\" \/>\n\t<meta name=\"twitter:label2\" content=\"Tiempo de lectura\" \/>\n\t<meta name=\"twitter:data2\" content=\"2 minutos\" \/>\n<script type=\"application\/ld+json\" class=\"yoast-schema-graph\">{\"@context\":\"https:\/\/schema.org\",\"@graph\":[{\"@type\":\"Article\",\"@id\":\"https:\/\/experienciadevida.com.ar\/portalurbano\/continuan-las-actividades-itinerantes-por-las-celebraciones-del-mes-de-la-ninez\/#article\",\"isPartOf\":{\"@id\":\"https:\/\/experienciadevida.com.ar\/portalurbano\/continuan-las-actividades-itinerantes-por-las-celebraciones-del-mes-de-la-ninez\/\"},\"author\":{\"name\":\"admpu17wp\",\"@id\":\"https:\/\/experienciadevida.com.ar\/portalurbano\/#\/schema\/person\/02dd326b1c4b056e9cc972486934a3a7\"},\"headline\":\"Contin\u00faan las actividades itinerantes por las celebraciones del mes de la ni\u00f1ez\",\"datePublished\":\"2021-08-15T14:47:07+00:00\",\"dateModified\":\"2021-08-15T14:51:33+00:00\",\"mainEntityOfPage\":{\"@id\":\"https:\/\/experienciadevida.com.ar\/portalurbano\/continuan-las-actividades-itinerantes-por-las-celebraciones-del-mes-de-la-ninez\/\"},\"wordCount\":267,\"publisher\":{\"@id\":\"https:\/\/experienciadevida.com.ar\/portalurbano\/#organization\"},\"articleSection\":[\"Ciudad\",\"Destacadas 2\"],\"inLanguage\":\"es\"},{\"@type\":\"WebPage\",\"@id\":\"https:\/\/experienciadevida.com.ar\/portalurbano\/continuan-las-actividades-itinerantes-por-las-celebraciones-del-mes-de-la-ninez\/\",\"url\":\"https:\/\/experienciadevida.com.ar\/portalurbano\/continuan-las-actividades-itinerantes-por-las-celebraciones-del-mes-de-la-ninez\/\",\"name\":\"Contin\u00faan las actividades itinerantes por las celebraciones de la ni\u00f1ez\",\"isPartOf\":{\"@id\":\"https:\/\/experienciadevida.com.ar\/portalurbano\/#website\"},\"datePublished\":\"2021-08-15T14:47:07+00:00\",\"dateModified\":\"2021-08-15T14:51:33+00:00\",\"description\":\"Contin\u00faan las actividades itinerantes por las celebraciones del mes de la ni\u00f1ez, que organiza desarrollo humano, MANO y Sapiens\",\"breadcrumb\":{\"@id\":\"https:\/\/experienciadevida.com.ar\/portalurbano\/continuan-las-actividades-itinerantes-por-las-celebraciones-del-mes-de-la-ninez\/#breadcrumb\"},\"inLanguage\":\"es\",\"potentialAction\":[{\"@type\":\"ReadAction\",\"target\":[\"https:\/\/experienciadevida.com.ar\/portalurbano\/continuan-las-actividades-itinerantes-por-las-celebraciones-del-mes-de-la-ninez\/\"]}]},{\"@type\":\"BreadcrumbList\",\"@id\":\"https:\/\/experienciadevida.com.ar\/portalurbano\/continuan-las-actividades-itinerantes-por-las-celebraciones-del-mes-de-la-ninez\/#breadcrumb\",\"itemListElement\":[{\"@type\":\"ListItem\",\"position\":1,\"name\":\"Portada\",\"item\":\"https:\/\/experienciadevida.com.ar\/portalurbano\/\"},{\"@type\":\"ListItem\",\"position\":2,\"name\":\"Contin\u00faan las actividades itinerantes por las celebraciones del mes de la ni\u00f1ez\"}]},{\"@type\":\"WebSite\",\"@id\":\"https:\/\/experienciadevida.com.ar\/portalurbano\/#website\",\"url\":\"https:\/\/experienciadevida.com.ar\/portalurbano\/\",\"name\":\"\",\"description\":\"\",\"publisher\":{\"@id\":\"https:\/\/experienciadevida.com.ar\/portalurbano\/#organization\"},\"potentialAction\":[{\"@type\":\"SearchAction\",\"target\":{\"@type\":\"EntryPoint\",\"urlTemplate\":\"https:\/\/experienciadevida.com.ar\/portalurbano\/?s={search_term_string}\"},\"query-input\":\"required name=search_term_string\"}],\"inLanguage\":\"es\"},{\"@type\":\"Organization\",\"@id\":\"https:\/\/experienciadevida.com.ar\/portalurbano\/#organization\",\"name\":\"Portal Urbano\",\"url\":\"https:\/\/experienciadevida.com.ar\/portalurbano\/\",\"logo\":{\"@type\":\"ImageObject\",\"inLanguage\":\"es\",\"@id\":\"https:\/\/experienciadevida.com.ar\/portalurbano\/#\/schema\/logo\/image\/\",\"url\":\"https:\/\/experienciadevida.com.ar\/portalurbano\/wp-content\/uploads\/2019\/09\/Logo-Original.png\",\"contentUrl\":\"https:\/\/experienciadevida.com.ar\/portalurbano\/wp-content\/uploads\/2019\/09\/Logo-Original.png\",\"width\":2236,\"height\":1216,\"caption\":\"Portal Urbano\"},\"image\":{\"@id\":\"https:\/\/experienciadevida.com.ar\/portalurbano\/#\/schema\/logo\/image\/\"},\"sameAs\":[\"https:\/\/www.facebook.com\/Portal-Urbano-171542830093757\/\",\"https:\/\/twitter.com\/portalurbanook\",\"https:\/\/www.instagram.com\/_portalurbano\/\",\"https:\/\/www.youtube.com\/channel\/UCXhagIfszH8KxFiOok79zbA?view_as=subscriber\"]},{\"@type\":\"Person\",\"@id\":\"https:\/\/experienciadevida.com.ar\/portalurbano\/#\/schema\/person\/02dd326b1c4b056e9cc972486934a3a7\",\"name\":\"admpu17wp\",\"image\":{\"@type\":\"ImageObject\",\"inLanguage\":\"es\",\"@id\":\"https:\/\/experienciadevida.com.ar\/portalurbano\/#\/schema\/person\/image\/\",\"url\":\"https:\/\/secure.gravatar.com\/avatar\/830d4c57adaae6630765e449a6908047?s=96&d=mm&r=g\",\"contentUrl\":\"https:\/\/secure.gravatar.com\/avatar\/830d4c57adaae6630765e449a6908047?s=96&d=mm&r=g\",\"caption\":\"admpu17wp\"}}]}<\/script>\n<!-- \/ Yoast SEO plugin. -->","yoast_head_json":{"title":"Contin\u00faan las actividades itinerantes por las celebraciones de la ni\u00f1ez","description":"Contin\u00faan las actividades itinerantes por las celebraciones del mes de la ni\u00f1ez, que organiza desarrollo humano, MANO y Sapiens","robots":{"index":"index","follow":"follow","max-snippet":"max-snippet:-1","max-image-preview":"max-image-preview:large","max-video-preview":"max-video-preview:-1"},"canonical":"https:\/\/experienciadevida.com.ar\/portalurbano\/continuan-las-actividades-itinerantes-por-las-celebraciones-del-mes-de-la-ninez\/","og_locale":"es_ES","og_type":"article","og_title":"Contin\u00faan las actividades itinerantes por las celebraciones de la ni\u00f1ez","og_description":"Contin\u00faan las actividades itinerantes por las celebraciones del mes de la ni\u00f1ez, que organiza desarrollo humano, MANO y Sapiens","og_url":"https:\/\/experienciadevida.com.ar\/portalurbano\/continuan-las-actividades-itinerantes-por-las-celebraciones-del-mes-de-la-ninez\/","article_publisher":"https:\/\/www.facebook.com\/Portal-Urbano-171542830093757\/","article_published_time":"2021-08-15T14:47:07+00:00","article_modified_time":"2021-08-15T14:51:33+00:00","og_image":[{"width":1280,"height":855,"url":"https:\/\/experienciadevida.com.ar\/portalurbano\/wp-content\/uploads\/2021\/08\/Continuan-las-actividades-itinerantes-por.jpg","type":"image\/jpeg"}],"author":"admpu17wp","twitter_card":"summary_large_image","twitter_creator":"@portalurbanook","twitter_site":"@portalurbanook","twitter_misc":{"Escrito por":"admpu17wp","Tiempo de lectura":"2 minutos"},"schema":{"@context":"https:\/\/schema.org","@graph":[{"@type":"Article","@id":"https:\/\/experienciadevida.com.ar\/portalurbano\/continuan-las-actividades-itinerantes-por-las-celebraciones-del-mes-de-la-ninez\/#article","isPartOf":{"@id":"https:\/\/experienciadevida.com.ar\/portalurbano\/continuan-las-actividades-itinerantes-por-las-celebraciones-del-mes-de-la-ninez\/"},"author":{"name":"admpu17wp","@id":"https:\/\/experienciadevida.com.ar\/portalurbano\/#\/schema\/person\/02dd326b1c4b056e9cc972486934a3a7"},"headline":"Contin\u00faan las actividades itinerantes por las celebraciones del mes de la ni\u00f1ez","datePublished":"2021-08-15T14:47:07+00:00","dateModified":"2021-08-15T14:51:33+00:00","mainEntityOfPage":{"@id":"https:\/\/experienciadevida.com.ar\/portalurbano\/continuan-las-actividades-itinerantes-por-las-celebraciones-del-mes-de-la-ninez\/"},"wordCount":267,"publisher":{"@id":"https:\/\/experienciadevida.com.ar\/portalurbano\/#organization"},"articleSection":["Ciudad","Destacadas 2"],"inLanguage":"es"},{"@type":"WebPage","@id":"https:\/\/experienciadevida.com.ar\/portalurbano\/continuan-las-actividades-itinerantes-por-las-celebraciones-del-mes-de-la-ninez\/","url":"https:\/\/experienciadevida.com.ar\/portalurbano\/continuan-las-actividades-itinerantes-por-las-celebraciones-del-mes-de-la-ninez\/","name":"Contin\u00faan las actividades itinerantes por las celebraciones de la ni\u00f1ez","isPartOf":{"@id":"https:\/\/experienciadevida.com.ar\/portalurbano\/#website"},"datePublished":"2021-08-15T14:47:07+00:00","dateModified":"2021-08-15T14:51:33+00:00","description":"Contin\u00faan las actividades itinerantes por las celebraciones del mes de la ni\u00f1ez, que organiza desarrollo humano, MANO y Sapiens","breadcrumb":{"@id":"https:\/\/experienciadevida.com.ar\/portalurbano\/continuan-las-actividades-itinerantes-por-las-celebraciones-del-mes-de-la-ninez\/#breadcrumb"},"inLanguage":"es","potentialAction":[{"@type":"ReadAction","target":["https:\/\/experienciadevida.com.ar\/portalurbano\/continuan-las-actividades-itinerantes-por-las-celebraciones-del-mes-de-la-ninez\/"]}]},{"@type":"BreadcrumbList","@id":"https:\/\/experienciadevida.com.ar\/portalurbano\/continuan-las-actividades-itinerantes-por-las-celebraciones-del-mes-de-la-ninez\/#breadcrumb","itemListElement":[{"@type":"ListItem","position":1,"name":"Portada","item":"https:\/\/experienciadevida.com.ar\/portalurbano\/"},{"@type":"ListItem","position":2,"name":"Contin\u00faan las actividades itinerantes por las celebraciones del mes de la ni\u00f1ez"}]},{"@type":"WebSite","@id":"https:\/\/experienciadevida.com.ar\/portalurbano\/#website","url":"https:\/\/experienciadevida.com.ar\/portalurbano\/","name":"","description":"","publisher":{"@id":"https:\/\/experienciadevida.com.ar\/portalurbano\/#organization"},"potentialAction":[{"@type":"SearchAction","target":{"@type":"EntryPoint","urlTemplate":"https:\/\/experienciadevida.com.ar\/portalurbano\/?s={search_term_string}"},"query-input":"required name=search_term_string"}],"inLanguage":"es"},{"@type":"Organization","@id":"https:\/\/experienciadevida.com.ar\/portalurbano\/#organization","name":"Portal Urbano","url":"https:\/\/experienciadevida.com.ar\/portalurbano\/","logo":{"@type":"ImageObject","inLanguage":"es","@id":"https:\/\/experienciadevida.com.ar\/portalurbano\/#\/schema\/logo\/image\/","url":"https:\/\/experienciadevida.com.ar\/portalurbano\/wp-content\/uploads\/2019\/09\/Logo-Original.png","contentUrl":"https:\/\/experienciadevida.com.ar\/portalurbano\/wp-content\/uploads\/2019\/09\/Logo-Original.png","width":2236,"height":1216,"caption":"Portal Urbano"},"image":{"@id":"https:\/\/experienciadevida.com.ar\/portalurbano\/#\/schema\/logo\/image\/"},"sameAs":["https:\/\/www.facebook.com\/Portal-Urbano-171542830093757\/","https:\/\/twitter.com\/portalurbanook","https:\/\/www.instagram.com\/_portalurbano\/","https:\/\/www.youtube.com\/channel\/UCXhagIfszH8KxFiOok79zbA?view_as=subscriber"]},{"@type":"Person","@id":"https:\/\/experienciadevida.com.ar\/portalurbano\/#\/schema\/person\/02dd326b1c4b056e9cc972486934a3a7","name":"admpu17wp","image":{"@type":"ImageObject","inLanguage":"es","@id":"https:\/\/experienciadevida.com.ar\/portalurbano\/#\/schema\/person\/image\/","url":"https:\/\/secure.gravatar.com\/avatar\/830d4c57adaae6630765e449a6908047?s=96&d=mm&r=g","contentUrl":"https:\/\/secure.gravatar.com\/avatar\/830d4c57adaae6630765e449a6908047?s=96&d=mm&r=g","caption":"admpu17wp"}}]}},"featured_image_urls":{"full":["https:\/\/experienciadevida.com.ar\/portalurbano\/wp-content\/uploads\/2021\/08\/Continuan-las-actividades-itinerantes-por.jpg",1280,855,false],"thumbnail":["https:\/\/experienciadevida.com.ar\/portalurbano\/wp-content\/uploads\/2021\/08\/Continuan-las-actividades-itinerantes-por-150x150.jpg",150,150,true],"medium":["https:\/\/experienciadevida.com.ar\/portalurbano\/wp-content\/uploads\/2021\/08\/Continuan-las-actividades-itinerantes-por-300x200.jpg",300,200,true],"medium_large":["https:\/\/experienciadevida.com.ar\/portalurbano\/wp-content\/uploads\/2021\/08\/Continuan-las-actividades-itinerantes-por-768x513.jpg",640,428,true],"large":["https:\/\/experienciadevida.com.ar\/portalurbano\/wp-content\/uploads\/2021\/08\/Continuan-las-actividades-itinerantes-por-1024x684.jpg",640,428,true],"ug_big":["https:\/\/experienciadevida.com.ar\/portalurbano\/wp-content\/uploads\/2021\/08\/Continuan-las-actividades-itinerantes-por-768x513.jpg",768,513,true],"1536x1536":["https:\/\/experienciadevida.com.ar\/portalurbano\/wp-content\/uploads\/2021\/08\/Continuan-las-actividades-itinerantes-por.jpg",1280,855,false],"2048x2048":["https:\/\/experienciadevida.com.ar\/portalurbano\/wp-content\/uploads\/2021\/08\/Continuan-las-actividades-itinerantes-por.jpg",1280,855,false],"newsever-slider-full":["https:\/\/experienciadevida.com.ar\/portalurbano\/wp-content\/uploads\/2021\/08\/Continuan-las-actividades-itinerantes-por.jpg",1265,845,false],"newsever-featured":["https:\/\/experienciadevida.com.ar\/portalurbano\/wp-content\/uploads\/2021\/08\/Continuan-las-actividades-itinerantes-por.jpg",1024,684,false],"newsever-medium":["https:\/\/experienciadevida.com.ar\/portalurbano\/wp-content\/uploads\/2021\/08\/Continuan-las-actividades-itinerantes-por.jpg",711,475,false],"web-stories-poster-portrait":["https:\/\/experienciadevida.com.ar\/portalurbano\/wp-content\/uploads\/2021\/08\/Continuan-las-actividades-itinerantes-por.jpg",640,428,false],"web-stories-publisher-logo":["https:\/\/experienciadevida.com.ar\/portalurbano\/wp-content\/uploads\/2021\/08\/Continuan-las-actividades-itinerantes-por.jpg",96,64,false],"web-stories-thumbnail":["https:\/\/experienciadevida.com.ar\/portalurbano\/wp-content\/uploads\/2021\/08\/Continuan-las-actividades-itinerantes-por.jpg",150,100,false]},"author_info":{"display_name":"admpu17wp","author_link":"https:\/\/experienciadevida.com.ar\/portalurbano\/author\/admpu17wp\/"},"category_info":"<a href=\"https:\/\/experienciadevida.com.ar\/portalurbano\/category\/ciudad\/\" rel=\"category tag\">Ciudad<\/a> <a href=\"https:\/\/experienciadevida.com.ar\/portalurbano\/category\/destacadas-2\/\" rel=\"category tag\">Destacadas 2<\/a>","tag_info":"Destacadas 2","comment_count":"0","amp_enabled":true,"_links":{"self":[{"href":"https:\/\/experienciadevida.com.ar\/portalurbano\/wp-json\/wp\/v2\/posts\/150283"}],"collection":[{"href":"https:\/\/experienciadevida.com.ar\/portalurbano\/wp-json\/wp\/v2\/posts"}],"about":[{"href":"https:\/\/experienciadevida.com.ar\/portalurbano\/wp-json\/wp\/v2\/types\/post"}],"author":[{"embeddable":true,"href":"https:\/\/experienciadevida.com.ar\/portalurbano\/wp-json\/wp\/v2\/users\/1"}],"replies":[{"embeddable":true,"href":"https:\/\/experienciadevida.com.ar\/portalurbano\/wp-json\/wp\/v2\/comments?post=150283"}],"version-history":[{"count":4,"href":"https:\/\/experienciadevida.com.ar\/portalurbano\/wp-json\/wp\/v2\/posts\/150283\/revisions"}],"predecessor-version":[{"id":150290,"href":"https:\/\/experienciadevida.com.ar\/portalurbano\/wp-json\/wp\/v2\/posts\/150283\/revisions\/150290"}],"wp:featuredmedia":[{"embeddable":true,"href":"https:\/\/experienciadevida.com.ar\/portalurbano\/wp-json\/wp\/v2\/media\/150284"}],"wp:attachment":[{"href":"https:\/\/experienciadevida.com.ar\/portalurbano\/wp-json\/wp\/v2\/media?parent=150283"}],"wp:term":[{"taxonomy":"category","embeddable":true,"href":"https:\/\/experienciadevida.com.ar\/portalurbano\/wp-json\/wp\/v2\/categories?post=150283"},{"taxonomy":"post_tag","embeddable":true,"href":"https:\/\/experienciadevida.com.ar\/portalurbano\/wp-json\/wp\/v2\/tags?post=150283"}],"curies":[{"name":"wp","href":"https:\/\/api.w.org\/{rel}","templated":true}]}}