{"id":150201,"date":"2021-08-13T20:39:43","date_gmt":"2021-08-13T23:39:43","guid":{"rendered":"https:\/\/experienciadevida.com.ar\/portalurbano\/?p=150201"},"modified":"2021-08-13T20:42:19","modified_gmt":"2021-08-13T23:42:19","slug":"alberto-fernandez-hablo-sobre-la-fiesta-en-olivos-en-un-acto-en-nuestra-ciudad-no-soy-careta","status":"publish","type":"post","link":"https:\/\/experienciadevida.com.ar\/portalurbano\/alberto-fernandez-hablo-sobre-la-fiesta-en-olivos-en-un-acto-en-nuestra-ciudad-no-soy-careta\/","title":{"rendered":"Alberto Fern\u00e1ndez habl\u00f3 sobre la fiesta en Olivos en un acto en nuestra ciudad &#8220;no soy careta&#8221;"},"content":{"rendered":"<p>Alberto Fern\u00e1ndez habl\u00f3 sobre la fiesta en Olivos en un<a href=\"https:\/\/experienciadevida.com.ar\/portalurbano\/amplio-operativo-por-la-llegada-del-presidente-alberto-fernandez\/\"> acto en nuestra ciudad,<\/a> hizo menci\u00f3n a las fotos del encuentro que se llev\u00f3 a cabo en la quinta en plena cuarentena. &#8220;Viv\u00ed todo ese tiempo en un gran v\u00e9rtigo&#8221; confirm\u00f3.<\/p>\n<p>&#8220;Les voy a pedir un permiso, que me dejen reflexionar con ustedes algunas cosas que tengo la necesidad de decir. Los pibes m\u00e1s j\u00f3venes que me conocen dicen que no soy un careta, nunca quise esconderme detr\u00e1s de nadie para dar la cara, N\u00e9stor Kirchner dec\u00eda que somos gente com\u00fan con responsabilidades importantes, abrazamos un desaf\u00edo muy dif\u00edcil, sab\u00edamos el pa\u00eds que nos dejaban y apareci\u00f3 la pandemia y nos exigi\u00f3 muchas restricciones. Le ped\u00ed a muchos Argentinos que nos acompa\u00f1en, porque era necesario cuidarnos para preservar la salud&#8221;, dijo antes de pedir disculpas.<\/p>\n<p>Por otro lado, &#8220;viv\u00ed en un v\u00e9rtigo que no es que me hizo tener reuniones con 10 personas me hizo tener reuniones con ciento de personas y no pod\u00eda hacer otra cosa yo era el Presidente de la Argentina y ten\u00eda que escuchar para ir resolviendo problemas y\u00a0 alguna vez lleg\u00f3 un pedido para ver qui\u00e9nes ingresaban a Olivos y nosotros hicimos p\u00fablico ese pedido. No ocultamos nada, mostramos exactamente lo que pas\u00f3 porque gracias a Dios nada debo ocultar de mi vida personal&#8221;.<\/p>\n<p>&#8220;Entonces de esa manera se conoci\u00f3 el listado de gente que ingres\u00f3 a Olivos y despu\u00e9s todo lo dem\u00e1s ya lo conocen ustedes, y en ese contexto el 14 de julio d\u00eda de cumplea\u00f1os de mi querida Fabiola que convoc\u00f3 a una reuni\u00f3n con sus amigos y amigas a un brindis, que no debi\u00f3 haberse hecho&#8221;.<\/p>\n<p>Alberto <a href=\"https:\/\/twitter.com\/alferdez\">Fern\u00e1ndez<\/a> habl\u00f3 sobre la fiesta en Olivos\u00a0 y dijo &#8220;definitivamente me doy cuenta que no debi\u00f3 haberse hecho, y que lamento que haya ocurrido claramente lo lamento&#8221;.<\/p>\n","protected":false},"excerpt":{"rendered":"<p>Alberto Fern\u00e1ndez habl\u00f3 sobre la fiesta en Olivos en un acto en nuestra ciudad, hizo&#8230;<\/p>\n","protected":false},"author":1,"featured_media":150202,"comment_status":"closed","ping_status":"closed","sticky":false,"template":"","format":"standard","meta":{"content-type":""},"categories":[64,43],"tags":[],"nelio_content":{"isAutoShareEnabled":false,"autoShareEndMode":"default","automationSources":{"useContentSentences":true,"useSocialTemplates":true,"useCustomSentences":false,"customSentences":[]},"followers":[1],"suggestedReferences":[],"includedReferences":[],"efiUrl":"","efiAlt":"","highlights":[]},"yoast_head":"<!-- This site is optimized with the Yoast SEO plugin v20.7 - https:\/\/yoast.com\/wordpress\/plugins\/seo\/ -->\n<title>Alberto Fern\u00e1ndez habl\u00f3 sobre la fiesta en Olivos en un acto<\/title>\n<meta name=\"description\" content=\"Alberto Fern\u00e1ndez habl\u00f3 sobre la fiesta en Olivos en un acto en nuestra ciudad, hizo menci\u00f3n a las fotos del encuentro en la quinta\" \/>\n<meta name=\"robots\" content=\"index, follow, max-snippet:-1, max-image-preview:large, max-video-preview:-1\" \/>\n<link rel=\"canonical\" href=\"https:\/\/experienciadevida.com.ar\/portalurbano\/alberto-fernandez-hablo-sobre-la-fiesta-en-olivos-en-un-acto-en-nuestra-ciudad-no-soy-careta\/\" \/>\n<meta property=\"og:locale\" content=\"es_ES\" \/>\n<meta property=\"og:type\" content=\"article\" \/>\n<meta property=\"og:title\" content=\"Alberto Fern\u00e1ndez habl\u00f3 sobre la fiesta en Olivos en un acto\" \/>\n<meta property=\"og:description\" content=\"Alberto Fern\u00e1ndez habl\u00f3 sobre la fiesta en Olivos en un acto en nuestra ciudad, hizo menci\u00f3n a las fotos del encuentro en la quinta\" \/>\n<meta property=\"og:url\" content=\"https:\/\/experienciadevida.com.ar\/portalurbano\/alberto-fernandez-hablo-sobre-la-fiesta-en-olivos-en-un-acto-en-nuestra-ciudad-no-soy-careta\/\" \/>\n<meta property=\"article:publisher\" content=\"https:\/\/www.facebook.com\/Portal-Urbano-171542830093757\/\" \/>\n<meta property=\"article:published_time\" content=\"2021-08-13T23:39:43+00:00\" \/>\n<meta property=\"article:modified_time\" content=\"2021-08-13T23:42:19+00:00\" \/>\n<meta property=\"og:image\" content=\"https:\/\/experienciadevida.com.ar\/portalurbano\/wp-content\/uploads\/2021\/08\/PORTADA.jpg\" \/>\n\t<meta property=\"og:image:width\" content=\"765\" \/>\n\t<meta property=\"og:image:height\" content=\"510\" \/>\n\t<meta property=\"og:image:type\" content=\"image\/jpeg\" \/>\n<meta name=\"author\" content=\"admpu17wp\" \/>\n<meta name=\"twitter:card\" content=\"summary_large_image\" \/>\n<meta name=\"twitter:creator\" content=\"@portalurbanook\" \/>\n<meta name=\"twitter:site\" content=\"@portalurbanook\" \/>\n<meta name=\"twitter:label1\" content=\"Escrito por\" \/>\n\t<meta name=\"twitter:data1\" content=\"admpu17wp\" \/>\n\t<meta name=\"twitter:label2\" content=\"Tiempo de lectura\" \/>\n\t<meta name=\"twitter:data2\" content=\"2 minutos\" \/>\n<script type=\"application\/ld+json\" class=\"yoast-schema-graph\">{\"@context\":\"https:\/\/schema.org\",\"@graph\":[{\"@type\":\"Article\",\"@id\":\"https:\/\/experienciadevida.com.ar\/portalurbano\/alberto-fernandez-hablo-sobre-la-fiesta-en-olivos-en-un-acto-en-nuestra-ciudad-no-soy-careta\/#article\",\"isPartOf\":{\"@id\":\"https:\/\/experienciadevida.com.ar\/portalurbano\/alberto-fernandez-hablo-sobre-la-fiesta-en-olivos-en-un-acto-en-nuestra-ciudad-no-soy-careta\/\"},\"author\":{\"name\":\"admpu17wp\",\"@id\":\"https:\/\/experienciadevida.com.ar\/portalurbano\/#\/schema\/person\/02dd326b1c4b056e9cc972486934a3a7\"},\"headline\":\"Alberto Fern\u00e1ndez habl\u00f3 sobre la fiesta en Olivos en un acto en nuestra ciudad &#8220;no soy careta&#8221;\",\"datePublished\":\"2021-08-13T23:39:43+00:00\",\"dateModified\":\"2021-08-13T23:42:19+00:00\",\"mainEntityOfPage\":{\"@id\":\"https:\/\/experienciadevida.com.ar\/portalurbano\/alberto-fernandez-hablo-sobre-la-fiesta-en-olivos-en-un-acto-en-nuestra-ciudad-no-soy-careta\/\"},\"wordCount\":344,\"publisher\":{\"@id\":\"https:\/\/experienciadevida.com.ar\/portalurbano\/#organization\"},\"articleSection\":[\"Destacadas 2\",\"Pol\u00edtica\"],\"inLanguage\":\"es\"},{\"@type\":\"WebPage\",\"@id\":\"https:\/\/experienciadevida.com.ar\/portalurbano\/alberto-fernandez-hablo-sobre-la-fiesta-en-olivos-en-un-acto-en-nuestra-ciudad-no-soy-careta\/\",\"url\":\"https:\/\/experienciadevida.com.ar\/portalurbano\/alberto-fernandez-hablo-sobre-la-fiesta-en-olivos-en-un-acto-en-nuestra-ciudad-no-soy-careta\/\",\"name\":\"Alberto Fern\u00e1ndez habl\u00f3 sobre la fiesta en Olivos en un acto\",\"isPartOf\":{\"@id\":\"https:\/\/experienciadevida.com.ar\/portalurbano\/#website\"},\"datePublished\":\"2021-08-13T23:39:43+00:00\",\"dateModified\":\"2021-08-13T23:42:19+00:00\",\"description\":\"Alberto Fern\u00e1ndez habl\u00f3 sobre la fiesta en Olivos en un acto en nuestra ciudad, hizo menci\u00f3n a las fotos del encuentro en la quinta\",\"breadcrumb\":{\"@id\":\"https:\/\/experienciadevida.com.ar\/portalurbano\/alberto-fernandez-hablo-sobre-la-fiesta-en-olivos-en-un-acto-en-nuestra-ciudad-no-soy-careta\/#breadcrumb\"},\"inLanguage\":\"es\",\"potentialAction\":[{\"@type\":\"ReadAction\",\"target\":[\"https:\/\/experienciadevida.com.ar\/portalurbano\/alberto-fernandez-hablo-sobre-la-fiesta-en-olivos-en-un-acto-en-nuestra-ciudad-no-soy-careta\/\"]}]},{\"@type\":\"BreadcrumbList\",\"@id\":\"https:\/\/experienciadevida.com.ar\/portalurbano\/alberto-fernandez-hablo-sobre-la-fiesta-en-olivos-en-un-acto-en-nuestra-ciudad-no-soy-careta\/#breadcrumb\",\"itemListElement\":[{\"@type\":\"ListItem\",\"position\":1,\"name\":\"Portada\",\"item\":\"https:\/\/experienciadevida.com.ar\/portalurbano\/\"},{\"@type\":\"ListItem\",\"position\":2,\"name\":\"Alberto Fern\u00e1ndez habl\u00f3 sobre la fiesta en Olivos en un acto en nuestra ciudad \u00abno soy careta\u00bb\"}]},{\"@type\":\"WebSite\",\"@id\":\"https:\/\/experienciadevida.com.ar\/portalurbano\/#website\",\"url\":\"https:\/\/experienciadevida.com.ar\/portalurbano\/\",\"name\":\"\",\"description\":\"\",\"publisher\":{\"@id\":\"https:\/\/experienciadevida.com.ar\/portalurbano\/#organization\"},\"potentialAction\":[{\"@type\":\"SearchAction\",\"target\":{\"@type\":\"EntryPoint\",\"urlTemplate\":\"https:\/\/experienciadevida.com.ar\/portalurbano\/?s={search_term_string}\"},\"query-input\":\"required name=search_term_string\"}],\"inLanguage\":\"es\"},{\"@type\":\"Organization\",\"@id\":\"https:\/\/experienciadevida.com.ar\/portalurbano\/#organization\",\"name\":\"Portal Urbano\",\"url\":\"https:\/\/experienciadevida.com.ar\/portalurbano\/\",\"logo\":{\"@type\":\"ImageObject\",\"inLanguage\":\"es\",\"@id\":\"https:\/\/experienciadevida.com.ar\/portalurbano\/#\/schema\/logo\/image\/\",\"url\":\"https:\/\/experienciadevida.com.ar\/portalurbano\/wp-content\/uploads\/2019\/09\/Logo-Original.png\",\"contentUrl\":\"https:\/\/experienciadevida.com.ar\/portalurbano\/wp-content\/uploads\/2019\/09\/Logo-Original.png\",\"width\":2236,\"height\":1216,\"caption\":\"Portal Urbano\"},\"image\":{\"@id\":\"https:\/\/experienciadevida.com.ar\/portalurbano\/#\/schema\/logo\/image\/\"},\"sameAs\":[\"https:\/\/www.facebook.com\/Portal-Urbano-171542830093757\/\",\"https:\/\/twitter.com\/portalurbanook\",\"https:\/\/www.instagram.com\/_portalurbano\/\",\"https:\/\/www.youtube.com\/channel\/UCXhagIfszH8KxFiOok79zbA?view_as=subscriber\"]},{\"@type\":\"Person\",\"@id\":\"https:\/\/experienciadevida.com.ar\/portalurbano\/#\/schema\/person\/02dd326b1c4b056e9cc972486934a3a7\",\"name\":\"admpu17wp\",\"image\":{\"@type\":\"ImageObject\",\"inLanguage\":\"es\",\"@id\":\"https:\/\/experienciadevida.com.ar\/portalurbano\/#\/schema\/person\/image\/\",\"url\":\"https:\/\/secure.gravatar.com\/avatar\/830d4c57adaae6630765e449a6908047?s=96&d=mm&r=g\",\"contentUrl\":\"https:\/\/secure.gravatar.com\/avatar\/830d4c57adaae6630765e449a6908047?s=96&d=mm&r=g\",\"caption\":\"admpu17wp\"}}]}<\/script>\n<!-- \/ Yoast SEO plugin. -->","yoast_head_json":{"title":"Alberto Fern\u00e1ndez habl\u00f3 sobre la fiesta en Olivos en un acto","description":"Alberto Fern\u00e1ndez habl\u00f3 sobre la fiesta en Olivos en un acto en nuestra ciudad, hizo menci\u00f3n a las fotos del encuentro en la quinta","robots":{"index":"index","follow":"follow","max-snippet":"max-snippet:-1","max-image-preview":"max-image-preview:large","max-video-preview":"max-video-preview:-1"},"canonical":"https:\/\/experienciadevida.com.ar\/portalurbano\/alberto-fernandez-hablo-sobre-la-fiesta-en-olivos-en-un-acto-en-nuestra-ciudad-no-soy-careta\/","og_locale":"es_ES","og_type":"article","og_title":"Alberto Fern\u00e1ndez habl\u00f3 sobre la fiesta en Olivos en un acto","og_description":"Alberto Fern\u00e1ndez habl\u00f3 sobre la fiesta en Olivos en un acto en nuestra ciudad, hizo menci\u00f3n a las fotos del encuentro en la quinta","og_url":"https:\/\/experienciadevida.com.ar\/portalurbano\/alberto-fernandez-hablo-sobre-la-fiesta-en-olivos-en-un-acto-en-nuestra-ciudad-no-soy-careta\/","article_publisher":"https:\/\/www.facebook.com\/Portal-Urbano-171542830093757\/","article_published_time":"2021-08-13T23:39:43+00:00","article_modified_time":"2021-08-13T23:42:19+00:00","og_image":[{"width":765,"height":510,"url":"https:\/\/experienciadevida.com.ar\/portalurbano\/wp-content\/uploads\/2021\/08\/PORTADA.jpg","type":"image\/jpeg"}],"author":"admpu17wp","twitter_card":"summary_large_image","twitter_creator":"@portalurbanook","twitter_site":"@portalurbanook","twitter_misc":{"Escrito por":"admpu17wp","Tiempo de lectura":"2 minutos"},"schema":{"@context":"https:\/\/schema.org","@graph":[{"@type":"Article","@id":"https:\/\/experienciadevida.com.ar\/portalurbano\/alberto-fernandez-hablo-sobre-la-fiesta-en-olivos-en-un-acto-en-nuestra-ciudad-no-soy-careta\/#article","isPartOf":{"@id":"https:\/\/experienciadevida.com.ar\/portalurbano\/alberto-fernandez-hablo-sobre-la-fiesta-en-olivos-en-un-acto-en-nuestra-ciudad-no-soy-careta\/"},"author":{"name":"admpu17wp","@id":"https:\/\/experienciadevida.com.ar\/portalurbano\/#\/schema\/person\/02dd326b1c4b056e9cc972486934a3a7"},"headline":"Alberto Fern\u00e1ndez habl\u00f3 sobre la fiesta en Olivos en un acto en nuestra ciudad &#8220;no soy careta&#8221;","datePublished":"2021-08-13T23:39:43+00:00","dateModified":"2021-08-13T23:42:19+00:00","mainEntityOfPage":{"@id":"https:\/\/experienciadevida.com.ar\/portalurbano\/alberto-fernandez-hablo-sobre-la-fiesta-en-olivos-en-un-acto-en-nuestra-ciudad-no-soy-careta\/"},"wordCount":344,"publisher":{"@id":"https:\/\/experienciadevida.com.ar\/portalurbano\/#organization"},"articleSection":["Destacadas 2","Pol\u00edtica"],"inLanguage":"es"},{"@type":"WebPage","@id":"https:\/\/experienciadevida.com.ar\/portalurbano\/alberto-fernandez-hablo-sobre-la-fiesta-en-olivos-en-un-acto-en-nuestra-ciudad-no-soy-careta\/","url":"https:\/\/experienciadevida.com.ar\/portalurbano\/alberto-fernandez-hablo-sobre-la-fiesta-en-olivos-en-un-acto-en-nuestra-ciudad-no-soy-careta\/","name":"Alberto Fern\u00e1ndez habl\u00f3 sobre la fiesta en Olivos en un acto","isPartOf":{"@id":"https:\/\/experienciadevida.com.ar\/portalurbano\/#website"},"datePublished":"2021-08-13T23:39:43+00:00","dateModified":"2021-08-13T23:42:19+00:00","description":"Alberto Fern\u00e1ndez habl\u00f3 sobre la fiesta en Olivos en un acto en nuestra ciudad, hizo menci\u00f3n a las fotos del encuentro en la quinta","breadcrumb":{"@id":"https:\/\/experienciadevida.com.ar\/portalurbano\/alberto-fernandez-hablo-sobre-la-fiesta-en-olivos-en-un-acto-en-nuestra-ciudad-no-soy-careta\/#breadcrumb"},"inLanguage":"es","potentialAction":[{"@type":"ReadAction","target":["https:\/\/experienciadevida.com.ar\/portalurbano\/alberto-fernandez-hablo-sobre-la-fiesta-en-olivos-en-un-acto-en-nuestra-ciudad-no-soy-careta\/"]}]},{"@type":"BreadcrumbList","@id":"https:\/\/experienciadevida.com.ar\/portalurbano\/alberto-fernandez-hablo-sobre-la-fiesta-en-olivos-en-un-acto-en-nuestra-ciudad-no-soy-careta\/#breadcrumb","itemListElement":[{"@type":"ListItem","position":1,"name":"Portada","item":"https:\/\/experienciadevida.com.ar\/portalurbano\/"},{"@type":"ListItem","position":2,"name":"Alberto Fern\u00e1ndez habl\u00f3 sobre la fiesta en Olivos en un acto en nuestra ciudad \u00abno soy careta\u00bb"}]},{"@type":"WebSite","@id":"https:\/\/experienciadevida.com.ar\/portalurbano\/#website","url":"https:\/\/experienciadevida.com.ar\/portalurbano\/","name":"","description":"","publisher":{"@id":"https:\/\/experienciadevida.com.ar\/portalurbano\/#organization"},"potentialAction":[{"@type":"SearchAction","target":{"@type":"EntryPoint","urlTemplate":"https:\/\/experienciadevida.com.ar\/portalurbano\/?s={search_term_string}"},"query-input":"required name=search_term_string"}],"inLanguage":"es"},{"@type":"Organization","@id":"https:\/\/experienciadevida.com.ar\/portalurbano\/#organization","name":"Portal Urbano","url":"https:\/\/experienciadevida.com.ar\/portalurbano\/","logo":{"@type":"ImageObject","inLanguage":"es","@id":"https:\/\/experienciadevida.com.ar\/portalurbano\/#\/schema\/logo\/image\/","url":"https:\/\/experienciadevida.com.ar\/portalurbano\/wp-content\/uploads\/2019\/09\/Logo-Original.png","contentUrl":"https:\/\/experienciadevida.com.ar\/portalurbano\/wp-content\/uploads\/2019\/09\/Logo-Original.png","width":2236,"height":1216,"caption":"Portal Urbano"},"image":{"@id":"https:\/\/experienciadevida.com.ar\/portalurbano\/#\/schema\/logo\/image\/"},"sameAs":["https:\/\/www.facebook.com\/Portal-Urbano-171542830093757\/","https:\/\/twitter.com\/portalurbanook","https:\/\/www.instagram.com\/_portalurbano\/","https:\/\/www.youtube.com\/channel\/UCXhagIfszH8KxFiOok79zbA?view_as=subscriber"]},{"@type":"Person","@id":"https:\/\/experienciadevida.com.ar\/portalurbano\/#\/schema\/person\/02dd326b1c4b056e9cc972486934a3a7","name":"admpu17wp","image":{"@type":"ImageObject","inLanguage":"es","@id":"https:\/\/experienciadevida.com.ar\/portalurbano\/#\/schema\/person\/image\/","url":"https:\/\/secure.gravatar.com\/avatar\/830d4c57adaae6630765e449a6908047?s=96&d=mm&r=g","contentUrl":"https:\/\/secure.gravatar.com\/avatar\/830d4c57adaae6630765e449a6908047?s=96&d=mm&r=g","caption":"admpu17wp"}}]}},"featured_image_urls":{"full":["https:\/\/experienciadevida.com.ar\/portalurbano\/wp-content\/uploads\/2021\/08\/PORTADA.jpg",765,510,false],"thumbnail":["https:\/\/experienciadevida.com.ar\/portalurbano\/wp-content\/uploads\/2021\/08\/PORTADA-150x150.jpg",150,150,true],"medium":["https:\/\/experienciadevida.com.ar\/portalurbano\/wp-content\/uploads\/2021\/08\/PORTADA-300x200.jpg",300,200,true],"medium_large":["https:\/\/experienciadevida.com.ar\/portalurbano\/wp-content\/uploads\/2021\/08\/PORTADA.jpg",640,427,false],"large":["https:\/\/experienciadevida.com.ar\/portalurbano\/wp-content\/uploads\/2021\/08\/PORTADA.jpg",640,427,false],"ug_big":["https:\/\/experienciadevida.com.ar\/portalurbano\/wp-content\/uploads\/2021\/08\/PORTADA.jpg",765,510,false],"1536x1536":["https:\/\/experienciadevida.com.ar\/portalurbano\/wp-content\/uploads\/2021\/08\/PORTADA.jpg",765,510,false],"2048x2048":["https:\/\/experienciadevida.com.ar\/portalurbano\/wp-content\/uploads\/2021\/08\/PORTADA.jpg",765,510,false],"newsever-slider-full":["https:\/\/experienciadevida.com.ar\/portalurbano\/wp-content\/uploads\/2021\/08\/PORTADA.jpg",765,510,false],"newsever-featured":["https:\/\/experienciadevida.com.ar\/portalurbano\/wp-content\/uploads\/2021\/08\/PORTADA.jpg",765,510,false],"newsever-medium":["https:\/\/experienciadevida.com.ar\/portalurbano\/wp-content\/uploads\/2021\/08\/PORTADA.jpg",713,475,false],"web-stories-poster-portrait":["https:\/\/experienciadevida.com.ar\/portalurbano\/wp-content\/uploads\/2021\/08\/PORTADA.jpg",640,427,false],"web-stories-publisher-logo":["https:\/\/experienciadevida.com.ar\/portalurbano\/wp-content\/uploads\/2021\/08\/PORTADA.jpg",96,64,false],"web-stories-thumbnail":["https:\/\/experienciadevida.com.ar\/portalurbano\/wp-content\/uploads\/2021\/08\/PORTADA.jpg",150,100,false]},"author_info":{"display_name":"admpu17wp","author_link":"https:\/\/experienciadevida.com.ar\/portalurbano\/author\/admpu17wp\/"},"category_info":"<a href=\"https:\/\/experienciadevida.com.ar\/portalurbano\/category\/destacadas-2\/\" rel=\"category tag\">Destacadas 2<\/a> <a href=\"https:\/\/experienciadevida.com.ar\/portalurbano\/category\/politica\/\" rel=\"category tag\">Pol\u00edtica<\/a>","tag_info":"Pol\u00edtica","comment_count":"0","amp_enabled":true,"_links":{"self":[{"href":"https:\/\/experienciadevida.com.ar\/portalurbano\/wp-json\/wp\/v2\/posts\/150201"}],"collection":[{"href":"https:\/\/experienciadevida.com.ar\/portalurbano\/wp-json\/wp\/v2\/posts"}],"about":[{"href":"https:\/\/experienciadevida.com.ar\/portalurbano\/wp-json\/wp\/v2\/types\/post"}],"author":[{"embeddable":true,"href":"https:\/\/experienciadevida.com.ar\/portalurbano\/wp-json\/wp\/v2\/users\/1"}],"replies":[{"embeddable":true,"href":"https:\/\/experienciadevida.com.ar\/portalurbano\/wp-json\/wp\/v2\/comments?post=150201"}],"version-history":[{"count":2,"href":"https:\/\/experienciadevida.com.ar\/portalurbano\/wp-json\/wp\/v2\/posts\/150201\/revisions"}],"predecessor-version":[{"id":150204,"href":"https:\/\/experienciadevida.com.ar\/portalurbano\/wp-json\/wp\/v2\/posts\/150201\/revisions\/150204"}],"wp:featuredmedia":[{"embeddable":true,"href":"https:\/\/experienciadevida.com.ar\/portalurbano\/wp-json\/wp\/v2\/media\/150202"}],"wp:attachment":[{"href":"https:\/\/experienciadevida.com.ar\/portalurbano\/wp-json\/wp\/v2\/media?parent=150201"}],"wp:term":[{"taxonomy":"category","embeddable":true,"href":"https:\/\/experienciadevida.com.ar\/portalurbano\/wp-json\/wp\/v2\/categories?post=150201"},{"taxonomy":"post_tag","embeddable":true,"href":"https:\/\/experienciadevida.com.ar\/portalurbano\/wp-json\/wp\/v2\/tags?post=150201"}],"curies":[{"name":"wp","href":"https:\/\/api.w.org\/{rel}","templated":true}]}}