{"id":150020,"date":"2021-08-12T09:59:19","date_gmt":"2021-08-12T12:59:19","guid":{"rendered":"https:\/\/experienciadevida.com.ar\/portalurbano\/?p=150020"},"modified":"2021-08-12T10:37:37","modified_gmt":"2021-08-12T13:37:37","slug":"comenzo-una-nueva-sesion-del-hcd-de-manera-virtual","status":"publish","type":"post","link":"https:\/\/experienciadevida.com.ar\/portalurbano\/comenzo-una-nueva-sesion-del-hcd-de-manera-virtual\/","title":{"rendered":"Comenz\u00f3 una nueva sesi\u00f3n del HCD de manera virtual"},"content":{"rendered":"<p>Comenz\u00f3 una nueva sesi\u00f3n del HCD de manera <a href=\"https:\/\/www.youtube.com\/watch?v=-excndC1Wx4\">virtual<\/a>, En la ma\u00f1ana de este jueves se realiza de manera virtual una nueva sesi\u00f3n especial convocada por el concejo deliberante, estaban ausentes los ediles Celeste <a href=\"https:\/\/www.instagram.com\/arouxetceleste\/?hl=es-la\">Arouxet\u00a0<\/a> y Guillermo Santell\u00e1n.<\/p>\n<p>El bloque de Juntos por el cambio se llamar\u00e1 Juntos.<\/p>\n<p>Se trato la renuncia de Victoria Debellis, a partir de este jueves y la incorporaci\u00f3n como concejal titular Pamela Juri.<\/p>\n<p>Debellis expres\u00f3 &#8220;es un d\u00eda re dif\u00edcil no me van a escuchar hablar de pol\u00edtica hoy como me han escuchado debatir en todo este tiempo que eh estado en el HCD con ustedes, me tome un tiempo para una reflexi\u00f3n personal y agradecimientos. Las despedidas son esos dolores dulces y hoy me resulta imposible no recordar aquel comienzo por el a\u00f1o 2008 cuando me abrieron las puertas a descubrir una gran pasi\u00f3n por la gesti\u00f3n p\u00fablica, as\u00ed en la municipalidad de Olavarr\u00eda ha sido el gestor de mi motor, de trabajo en cada lugar y funci\u00f3n que me ha tocado ejercer esa pasi\u00f3n me ha permitido disfrutar cada desaf\u00edo con mis errores y aciertos, pero siempre con el compromiso, cuerpo y alma&#8221;.<\/p>\n<p>Comenz\u00f3 una nueva sesi\u00f3n del HCD de manera virtual, &#8220;Seguramente han sido mis padres ejemplo de ello, mi mam\u00e1 con su sensibilidad social y mi pap\u00e1 con su ejemplo de honestidad y pol\u00edtico incansable pero como todo en la vida las cosas tienen un final muchos saben la decisi\u00f3n de alejarme en este momento y de Olavarr\u00eda tiene que ver con una cuesti\u00f3n familiar mi compa\u00f1ero de hace muchos a\u00f1os trabaja fuera de la ciudad haci\u00e9ndose presente a la distancia pero hoy la distancia y kil\u00f3metros es muy grande y esta decisi\u00f3n si bien no ha sido f\u00e1cil ha sido tomada con el coraz\u00f3n solo tengo palabras de gratitud con todos ustedes han sido grandes compa\u00f1eros en tiempos muy dif\u00edciles que nos ha tocado a todos estar, pero siempre me han tratado con un afectuoso respeto para aportar ideas y debatir proyectos, agradezco la democracia, mi familia y amigos de la vida y pol\u00edtica&#8221;.<\/p>\n<p>Posteriormente Juan S\u00e1nchez dijo &#8220;desearles \u00e9xitos a Victoria tambi\u00e9n como va a ser la \u00faltima sesi\u00f3n quiero agradecer la paciencia que nos tuvo cuando hemos pensado distintos y reconocer que alguien que no es de nuestro espacio a\u00fan en los puntos que no est\u00e1bamos de acuerdo siempre ten\u00eda una explicaci\u00f3n, en las comisiones y sesiones ha sido importante una referencia, no solo por sus conocimientos sino por su paso en la administraci\u00f3n, vamos a extra\u00f1ar esa experiencia y medida justa siempre explicando el porque de cada una de las decisiones que tomaba&#8221;.<\/p>\n<p>Por su parte Endere &#8220;deseo que le vaya lo mejor posible, en lo pol\u00edtico hemos tenido la posibilidad de compartir dos a\u00f1os, pudimos entendernos en las diferencias y valoro tu experiencia&#8221;.<\/p>\n<p>Luego de que la mayor\u00eda de los ediles hablara, tom\u00f3 juramento Pamela Juri.<\/p>\n<p><a href=\"https:\/\/experienciadevida.com.ar\/portalurbano\/comenzo-una-nueva-sesion-del-hcd-de-manera-virtual\/comenzo-una-nueva\/\" rel=\"attachment wp-att-150035\"><img decoding=\"async\" class=\"alignnone size-full wp-image-150035\" src=\"https:\/\/experienciadevida.com.ar\/portalurbano\/wp-content\/uploads\/2021\/08\/Comenzo-una-nueva.png\" alt=\"Comenz\u00f3 una nueva\" width=\"1009\" height=\"571\" srcset=\"https:\/\/experienciadevida.com.ar\/portalurbano\/wp-content\/uploads\/2021\/08\/Comenzo-una-nueva.png 1009w, https:\/\/experienciadevida.com.ar\/portalurbano\/wp-content\/uploads\/2021\/08\/Comenzo-una-nueva-300x170.png 300w, https:\/\/experienciadevida.com.ar\/portalurbano\/wp-content\/uploads\/2021\/08\/Comenzo-una-nueva-768x435.png 768w\" sizes=\"(max-width: 1009px) 100vw, 1009px\" \/><\/a><\/p>\n","protected":false},"excerpt":{"rendered":"<p>Comenz\u00f3 una nueva sesi\u00f3n del HCD de manera virtual, En la ma\u00f1ana de este jueves&#8230;<\/p>\n","protected":false},"author":1,"featured_media":150021,"comment_status":"closed","ping_status":"closed","sticky":false,"template":"","format":"standard","meta":{"content-type":""},"categories":[64,43],"tags":[],"nelio_content":{"isAutoShareEnabled":false,"autoShareEndMode":"default","automationSources":{"useContentSentences":true,"useSocialTemplates":true,"useCustomSentences":false,"customSentences":[]},"followers":[1],"suggestedReferences":[],"includedReferences":["https:\/\/www.youtube.com\/watch?v=-excndC1Wx4","https:\/\/www.instagram.com\/arouxetceleste\/?hl=es-la"],"efiUrl":"","efiAlt":"","highlights":[]},"yoast_head":"<!-- This site is optimized with the Yoast SEO plugin v20.7 - https:\/\/yoast.com\/wordpress\/plugins\/seo\/ -->\n<title>Comenz\u00f3 una nueva sesi\u00f3n del HCD de manera virtual<\/title>\n<meta name=\"description\" content=\"Comenz\u00f3 una nueva sesi\u00f3n del HCD de manera virtual, En la ma\u00f1ana de este jueves se trat\u00f3 la renuncia de la concejal Debellis.\" \/>\n<meta name=\"robots\" content=\"index, follow, max-snippet:-1, max-image-preview:large, max-video-preview:-1\" \/>\n<link rel=\"canonical\" href=\"https:\/\/experienciadevida.com.ar\/portalurbano\/comenzo-una-nueva-sesion-del-hcd-de-manera-virtual\/\" \/>\n<meta property=\"og:locale\" content=\"es_ES\" \/>\n<meta property=\"og:type\" content=\"article\" \/>\n<meta property=\"og:title\" content=\"Comenz\u00f3 una nueva sesi\u00f3n del HCD de manera virtual\" \/>\n<meta property=\"og:description\" content=\"Comenz\u00f3 una nueva sesi\u00f3n del HCD de manera virtual, En la ma\u00f1ana de este jueves se trat\u00f3 la renuncia de la concejal Debellis.\" \/>\n<meta property=\"og:url\" content=\"https:\/\/experienciadevida.com.ar\/portalurbano\/comenzo-una-nueva-sesion-del-hcd-de-manera-virtual\/\" \/>\n<meta property=\"article:publisher\" content=\"https:\/\/www.facebook.com\/Portal-Urbano-171542830093757\/\" \/>\n<meta property=\"article:published_time\" content=\"2021-08-12T12:59:19+00:00\" \/>\n<meta property=\"article:modified_time\" content=\"2021-08-12T13:37:37+00:00\" \/>\n<meta property=\"og:image\" content=\"https:\/\/experienciadevida.com.ar\/portalurbano\/wp-content\/uploads\/2021\/08\/HCD.png\" \/>\n\t<meta property=\"og:image:width\" content=\"998\" \/>\n\t<meta property=\"og:image:height\" content=\"491\" \/>\n\t<meta property=\"og:image:type\" content=\"image\/png\" \/>\n<meta name=\"author\" content=\"admpu17wp\" \/>\n<meta name=\"twitter:card\" content=\"summary_large_image\" \/>\n<meta name=\"twitter:creator\" content=\"@portalurbanook\" \/>\n<meta name=\"twitter:site\" content=\"@portalurbanook\" \/>\n<meta name=\"twitter:label1\" content=\"Escrito por\" \/>\n\t<meta name=\"twitter:data1\" content=\"admpu17wp\" \/>\n\t<meta name=\"twitter:label2\" content=\"Tiempo de lectura\" \/>\n\t<meta name=\"twitter:data2\" content=\"3 minutos\" \/>\n<script type=\"application\/ld+json\" class=\"yoast-schema-graph\">{\"@context\":\"https:\/\/schema.org\",\"@graph\":[{\"@type\":\"Article\",\"@id\":\"https:\/\/experienciadevida.com.ar\/portalurbano\/comenzo-una-nueva-sesion-del-hcd-de-manera-virtual\/#article\",\"isPartOf\":{\"@id\":\"https:\/\/experienciadevida.com.ar\/portalurbano\/comenzo-una-nueva-sesion-del-hcd-de-manera-virtual\/\"},\"author\":{\"name\":\"admpu17wp\",\"@id\":\"https:\/\/experienciadevida.com.ar\/portalurbano\/#\/schema\/person\/02dd326b1c4b056e9cc972486934a3a7\"},\"headline\":\"Comenz\u00f3 una nueva sesi\u00f3n del HCD de manera virtual\",\"datePublished\":\"2021-08-12T12:59:19+00:00\",\"dateModified\":\"2021-08-12T13:37:37+00:00\",\"mainEntityOfPage\":{\"@id\":\"https:\/\/experienciadevida.com.ar\/portalurbano\/comenzo-una-nueva-sesion-del-hcd-de-manera-virtual\/\"},\"wordCount\":533,\"publisher\":{\"@id\":\"https:\/\/experienciadevida.com.ar\/portalurbano\/#organization\"},\"articleSection\":[\"Destacadas 2\",\"Pol\u00edtica\"],\"inLanguage\":\"es\"},{\"@type\":\"WebPage\",\"@id\":\"https:\/\/experienciadevida.com.ar\/portalurbano\/comenzo-una-nueva-sesion-del-hcd-de-manera-virtual\/\",\"url\":\"https:\/\/experienciadevida.com.ar\/portalurbano\/comenzo-una-nueva-sesion-del-hcd-de-manera-virtual\/\",\"name\":\"Comenz\u00f3 una nueva sesi\u00f3n del HCD de manera virtual\",\"isPartOf\":{\"@id\":\"https:\/\/experienciadevida.com.ar\/portalurbano\/#website\"},\"datePublished\":\"2021-08-12T12:59:19+00:00\",\"dateModified\":\"2021-08-12T13:37:37+00:00\",\"description\":\"Comenz\u00f3 una nueva sesi\u00f3n del HCD de manera virtual, En la ma\u00f1ana de este jueves se trat\u00f3 la renuncia de la concejal Debellis.\",\"breadcrumb\":{\"@id\":\"https:\/\/experienciadevida.com.ar\/portalurbano\/comenzo-una-nueva-sesion-del-hcd-de-manera-virtual\/#breadcrumb\"},\"inLanguage\":\"es\",\"potentialAction\":[{\"@type\":\"ReadAction\",\"target\":[\"https:\/\/experienciadevida.com.ar\/portalurbano\/comenzo-una-nueva-sesion-del-hcd-de-manera-virtual\/\"]}]},{\"@type\":\"BreadcrumbList\",\"@id\":\"https:\/\/experienciadevida.com.ar\/portalurbano\/comenzo-una-nueva-sesion-del-hcd-de-manera-virtual\/#breadcrumb\",\"itemListElement\":[{\"@type\":\"ListItem\",\"position\":1,\"name\":\"Portada\",\"item\":\"https:\/\/experienciadevida.com.ar\/portalurbano\/\"},{\"@type\":\"ListItem\",\"position\":2,\"name\":\"Comenz\u00f3 una nueva sesi\u00f3n del HCD de manera virtual\"}]},{\"@type\":\"WebSite\",\"@id\":\"https:\/\/experienciadevida.com.ar\/portalurbano\/#website\",\"url\":\"https:\/\/experienciadevida.com.ar\/portalurbano\/\",\"name\":\"\",\"description\":\"\",\"publisher\":{\"@id\":\"https:\/\/experienciadevida.com.ar\/portalurbano\/#organization\"},\"potentialAction\":[{\"@type\":\"SearchAction\",\"target\":{\"@type\":\"EntryPoint\",\"urlTemplate\":\"https:\/\/experienciadevida.com.ar\/portalurbano\/?s={search_term_string}\"},\"query-input\":\"required name=search_term_string\"}],\"inLanguage\":\"es\"},{\"@type\":\"Organization\",\"@id\":\"https:\/\/experienciadevida.com.ar\/portalurbano\/#organization\",\"name\":\"Portal Urbano\",\"url\":\"https:\/\/experienciadevida.com.ar\/portalurbano\/\",\"logo\":{\"@type\":\"ImageObject\",\"inLanguage\":\"es\",\"@id\":\"https:\/\/experienciadevida.com.ar\/portalurbano\/#\/schema\/logo\/image\/\",\"url\":\"https:\/\/experienciadevida.com.ar\/portalurbano\/wp-content\/uploads\/2019\/09\/Logo-Original.png\",\"contentUrl\":\"https:\/\/experienciadevida.com.ar\/portalurbano\/wp-content\/uploads\/2019\/09\/Logo-Original.png\",\"width\":2236,\"height\":1216,\"caption\":\"Portal Urbano\"},\"image\":{\"@id\":\"https:\/\/experienciadevida.com.ar\/portalurbano\/#\/schema\/logo\/image\/\"},\"sameAs\":[\"https:\/\/www.facebook.com\/Portal-Urbano-171542830093757\/\",\"https:\/\/twitter.com\/portalurbanook\",\"https:\/\/www.instagram.com\/_portalurbano\/\",\"https:\/\/www.youtube.com\/channel\/UCXhagIfszH8KxFiOok79zbA?view_as=subscriber\"]},{\"@type\":\"Person\",\"@id\":\"https:\/\/experienciadevida.com.ar\/portalurbano\/#\/schema\/person\/02dd326b1c4b056e9cc972486934a3a7\",\"name\":\"admpu17wp\",\"image\":{\"@type\":\"ImageObject\",\"inLanguage\":\"es\",\"@id\":\"https:\/\/experienciadevida.com.ar\/portalurbano\/#\/schema\/person\/image\/\",\"url\":\"https:\/\/secure.gravatar.com\/avatar\/830d4c57adaae6630765e449a6908047?s=96&d=mm&r=g\",\"contentUrl\":\"https:\/\/secure.gravatar.com\/avatar\/830d4c57adaae6630765e449a6908047?s=96&d=mm&r=g\",\"caption\":\"admpu17wp\"}}]}<\/script>\n<!-- \/ Yoast SEO plugin. -->","yoast_head_json":{"title":"Comenz\u00f3 una nueva sesi\u00f3n del HCD de manera virtual","description":"Comenz\u00f3 una nueva sesi\u00f3n del HCD de manera virtual, En la ma\u00f1ana de este jueves se trat\u00f3 la renuncia de la concejal Debellis.","robots":{"index":"index","follow":"follow","max-snippet":"max-snippet:-1","max-image-preview":"max-image-preview:large","max-video-preview":"max-video-preview:-1"},"canonical":"https:\/\/experienciadevida.com.ar\/portalurbano\/comenzo-una-nueva-sesion-del-hcd-de-manera-virtual\/","og_locale":"es_ES","og_type":"article","og_title":"Comenz\u00f3 una nueva sesi\u00f3n del HCD de manera virtual","og_description":"Comenz\u00f3 una nueva sesi\u00f3n del HCD de manera virtual, En la ma\u00f1ana de este jueves se trat\u00f3 la renuncia de la concejal Debellis.","og_url":"https:\/\/experienciadevida.com.ar\/portalurbano\/comenzo-una-nueva-sesion-del-hcd-de-manera-virtual\/","article_publisher":"https:\/\/www.facebook.com\/Portal-Urbano-171542830093757\/","article_published_time":"2021-08-12T12:59:19+00:00","article_modified_time":"2021-08-12T13:37:37+00:00","og_image":[{"width":998,"height":491,"url":"https:\/\/experienciadevida.com.ar\/portalurbano\/wp-content\/uploads\/2021\/08\/HCD.png","type":"image\/png"}],"author":"admpu17wp","twitter_card":"summary_large_image","twitter_creator":"@portalurbanook","twitter_site":"@portalurbanook","twitter_misc":{"Escrito por":"admpu17wp","Tiempo de lectura":"3 minutos"},"schema":{"@context":"https:\/\/schema.org","@graph":[{"@type":"Article","@id":"https:\/\/experienciadevida.com.ar\/portalurbano\/comenzo-una-nueva-sesion-del-hcd-de-manera-virtual\/#article","isPartOf":{"@id":"https:\/\/experienciadevida.com.ar\/portalurbano\/comenzo-una-nueva-sesion-del-hcd-de-manera-virtual\/"},"author":{"name":"admpu17wp","@id":"https:\/\/experienciadevida.com.ar\/portalurbano\/#\/schema\/person\/02dd326b1c4b056e9cc972486934a3a7"},"headline":"Comenz\u00f3 una nueva sesi\u00f3n del HCD de manera virtual","datePublished":"2021-08-12T12:59:19+00:00","dateModified":"2021-08-12T13:37:37+00:00","mainEntityOfPage":{"@id":"https:\/\/experienciadevida.com.ar\/portalurbano\/comenzo-una-nueva-sesion-del-hcd-de-manera-virtual\/"},"wordCount":533,"publisher":{"@id":"https:\/\/experienciadevida.com.ar\/portalurbano\/#organization"},"articleSection":["Destacadas 2","Pol\u00edtica"],"inLanguage":"es"},{"@type":"WebPage","@id":"https:\/\/experienciadevida.com.ar\/portalurbano\/comenzo-una-nueva-sesion-del-hcd-de-manera-virtual\/","url":"https:\/\/experienciadevida.com.ar\/portalurbano\/comenzo-una-nueva-sesion-del-hcd-de-manera-virtual\/","name":"Comenz\u00f3 una nueva sesi\u00f3n del HCD de manera virtual","isPartOf":{"@id":"https:\/\/experienciadevida.com.ar\/portalurbano\/#website"},"datePublished":"2021-08-12T12:59:19+00:00","dateModified":"2021-08-12T13:37:37+00:00","description":"Comenz\u00f3 una nueva sesi\u00f3n del HCD de manera virtual, En la ma\u00f1ana de este jueves se trat\u00f3 la renuncia de la concejal Debellis.","breadcrumb":{"@id":"https:\/\/experienciadevida.com.ar\/portalurbano\/comenzo-una-nueva-sesion-del-hcd-de-manera-virtual\/#breadcrumb"},"inLanguage":"es","potentialAction":[{"@type":"ReadAction","target":["https:\/\/experienciadevida.com.ar\/portalurbano\/comenzo-una-nueva-sesion-del-hcd-de-manera-virtual\/"]}]},{"@type":"BreadcrumbList","@id":"https:\/\/experienciadevida.com.ar\/portalurbano\/comenzo-una-nueva-sesion-del-hcd-de-manera-virtual\/#breadcrumb","itemListElement":[{"@type":"ListItem","position":1,"name":"Portada","item":"https:\/\/experienciadevida.com.ar\/portalurbano\/"},{"@type":"ListItem","position":2,"name":"Comenz\u00f3 una nueva sesi\u00f3n del HCD de manera virtual"}]},{"@type":"WebSite","@id":"https:\/\/experienciadevida.com.ar\/portalurbano\/#website","url":"https:\/\/experienciadevida.com.ar\/portalurbano\/","name":"","description":"","publisher":{"@id":"https:\/\/experienciadevida.com.ar\/portalurbano\/#organization"},"potentialAction":[{"@type":"SearchAction","target":{"@type":"EntryPoint","urlTemplate":"https:\/\/experienciadevida.com.ar\/portalurbano\/?s={search_term_string}"},"query-input":"required name=search_term_string"}],"inLanguage":"es"},{"@type":"Organization","@id":"https:\/\/experienciadevida.com.ar\/portalurbano\/#organization","name":"Portal Urbano","url":"https:\/\/experienciadevida.com.ar\/portalurbano\/","logo":{"@type":"ImageObject","inLanguage":"es","@id":"https:\/\/experienciadevida.com.ar\/portalurbano\/#\/schema\/logo\/image\/","url":"https:\/\/experienciadevida.com.ar\/portalurbano\/wp-content\/uploads\/2019\/09\/Logo-Original.png","contentUrl":"https:\/\/experienciadevida.com.ar\/portalurbano\/wp-content\/uploads\/2019\/09\/Logo-Original.png","width":2236,"height":1216,"caption":"Portal Urbano"},"image":{"@id":"https:\/\/experienciadevida.com.ar\/portalurbano\/#\/schema\/logo\/image\/"},"sameAs":["https:\/\/www.facebook.com\/Portal-Urbano-171542830093757\/","https:\/\/twitter.com\/portalurbanook","https:\/\/www.instagram.com\/_portalurbano\/","https:\/\/www.youtube.com\/channel\/UCXhagIfszH8KxFiOok79zbA?view_as=subscriber"]},{"@type":"Person","@id":"https:\/\/experienciadevida.com.ar\/portalurbano\/#\/schema\/person\/02dd326b1c4b056e9cc972486934a3a7","name":"admpu17wp","image":{"@type":"ImageObject","inLanguage":"es","@id":"https:\/\/experienciadevida.com.ar\/portalurbano\/#\/schema\/person\/image\/","url":"https:\/\/secure.gravatar.com\/avatar\/830d4c57adaae6630765e449a6908047?s=96&d=mm&r=g","contentUrl":"https:\/\/secure.gravatar.com\/avatar\/830d4c57adaae6630765e449a6908047?s=96&d=mm&r=g","caption":"admpu17wp"}}]}},"featured_image_urls":{"full":["https:\/\/experienciadevida.com.ar\/portalurbano\/wp-content\/uploads\/2021\/08\/HCD.png",998,491,false],"thumbnail":["https:\/\/experienciadevida.com.ar\/portalurbano\/wp-content\/uploads\/2021\/08\/HCD-150x150.png",150,150,true],"medium":["https:\/\/experienciadevida.com.ar\/portalurbano\/wp-content\/uploads\/2021\/08\/HCD-300x148.png",300,148,true],"medium_large":["https:\/\/experienciadevida.com.ar\/portalurbano\/wp-content\/uploads\/2021\/08\/HCD-768x378.png",640,315,true],"large":["https:\/\/experienciadevida.com.ar\/portalurbano\/wp-content\/uploads\/2021\/08\/HCD.png",640,315,false],"ug_big":["https:\/\/experienciadevida.com.ar\/portalurbano\/wp-content\/uploads\/2021\/08\/HCD-768x378.png",768,378,true],"1536x1536":["https:\/\/experienciadevida.com.ar\/portalurbano\/wp-content\/uploads\/2021\/08\/HCD.png",998,491,false],"2048x2048":["https:\/\/experienciadevida.com.ar\/portalurbano\/wp-content\/uploads\/2021\/08\/HCD.png",998,491,false],"newsever-slider-full":["https:\/\/experienciadevida.com.ar\/portalurbano\/wp-content\/uploads\/2021\/08\/HCD.png",998,491,false],"newsever-featured":["https:\/\/experienciadevida.com.ar\/portalurbano\/wp-content\/uploads\/2021\/08\/HCD.png",998,491,false],"newsever-medium":["https:\/\/experienciadevida.com.ar\/portalurbano\/wp-content\/uploads\/2021\/08\/HCD.png",720,354,false],"web-stories-poster-portrait":["https:\/\/experienciadevida.com.ar\/portalurbano\/wp-content\/uploads\/2021\/08\/HCD.png",640,315,false],"web-stories-publisher-logo":["https:\/\/experienciadevida.com.ar\/portalurbano\/wp-content\/uploads\/2021\/08\/HCD.png",96,47,false],"web-stories-thumbnail":["https:\/\/experienciadevida.com.ar\/portalurbano\/wp-content\/uploads\/2021\/08\/HCD.png",150,74,false]},"author_info":{"display_name":"admpu17wp","author_link":"https:\/\/experienciadevida.com.ar\/portalurbano\/author\/admpu17wp\/"},"category_info":"<a href=\"https:\/\/experienciadevida.com.ar\/portalurbano\/category\/destacadas-2\/\" rel=\"category tag\">Destacadas 2<\/a> <a href=\"https:\/\/experienciadevida.com.ar\/portalurbano\/category\/politica\/\" rel=\"category tag\">Pol\u00edtica<\/a>","tag_info":"Pol\u00edtica","comment_count":"0","amp_enabled":true,"_links":{"self":[{"href":"https:\/\/experienciadevida.com.ar\/portalurbano\/wp-json\/wp\/v2\/posts\/150020"}],"collection":[{"href":"https:\/\/experienciadevida.com.ar\/portalurbano\/wp-json\/wp\/v2\/posts"}],"about":[{"href":"https:\/\/experienciadevida.com.ar\/portalurbano\/wp-json\/wp\/v2\/types\/post"}],"author":[{"embeddable":true,"href":"https:\/\/experienciadevida.com.ar\/portalurbano\/wp-json\/wp\/v2\/users\/1"}],"replies":[{"embeddable":true,"href":"https:\/\/experienciadevida.com.ar\/portalurbano\/wp-json\/wp\/v2\/comments?post=150020"}],"version-history":[{"count":10,"href":"https:\/\/experienciadevida.com.ar\/portalurbano\/wp-json\/wp\/v2\/posts\/150020\/revisions"}],"predecessor-version":[{"id":150043,"href":"https:\/\/experienciadevida.com.ar\/portalurbano\/wp-json\/wp\/v2\/posts\/150020\/revisions\/150043"}],"wp:featuredmedia":[{"embeddable":true,"href":"https:\/\/experienciadevida.com.ar\/portalurbano\/wp-json\/wp\/v2\/media\/150021"}],"wp:attachment":[{"href":"https:\/\/experienciadevida.com.ar\/portalurbano\/wp-json\/wp\/v2\/media?parent=150020"}],"wp:term":[{"taxonomy":"category","embeddable":true,"href":"https:\/\/experienciadevida.com.ar\/portalurbano\/wp-json\/wp\/v2\/categories?post=150020"},{"taxonomy":"post_tag","embeddable":true,"href":"https:\/\/experienciadevida.com.ar\/portalurbano\/wp-json\/wp\/v2\/tags?post=150020"}],"curies":[{"name":"wp","href":"https:\/\/api.w.org\/{rel}","templated":true}]}}