{"id":149870,"date":"2021-08-10T11:38:20","date_gmt":"2021-08-10T14:38:20","guid":{"rendered":"https:\/\/experienciadevida.com.ar\/portalurbano\/?p=149870"},"modified":"2021-08-10T11:38:55","modified_gmt":"2021-08-10T14:38:55","slug":"el-intendente-galli-recorrio-la-obra-de-pavimentacion-de-avda-pueyrredon","status":"publish","type":"post","link":"https:\/\/experienciadevida.com.ar\/portalurbano\/el-intendente-galli-recorrio-la-obra-de-pavimentacion-de-avda-pueyrredon\/","title":{"rendered":"El intendente Galli recorri\u00f3 la obra de pavimentaci\u00f3n de Avda. Pueyrred\u00f3n"},"content":{"rendered":"<p>El intendente Galli recorri\u00f3 la obra de pavimentaci\u00f3n de Avda. Pueyrred\u00f3n, que se desarrolla entre Avda. La Rioja y Avda. Eva Per\u00f3n, con una inversi\u00f3n de $40.426.000.<\/p>\n<p>En la oportunidad, estuvo acompa\u00f1ado por el secretario de Mantenimiento y Obras P\u00fablicas Julio Ferraro, el secretario de Desarrollo Humano y Calidad de Vida Diego Robbiani y el presidente del HCD Bruno Cenizo.<\/p>\n<p>Seg\u00fan se indic\u00f3 desde la Direcci\u00f3n de Pavimentaci\u00f3n de la Municipalidad, la obra se inici\u00f3 hace tres semanas y presenta un porcentaje de ejecuci\u00f3n que ronda el 30%.<\/p>\n<p>Al respecto, Ezequiel Galli indic\u00f3 que \u201cpara nosotros se trata de una obra fundamental, teniendo en cuenta que es una zona donde en los \u00faltimos a\u00f1os se ha evidenciado un aumento del crecimiento poblacional, junto con el avance de la construcci\u00f3n de viviendas particulares de familias que decidieron radicarse all\u00ed\u201d.<\/p>\n<p>Adem\u00e1s es un punto estrat\u00e9gico, se registra un alto tr\u00e1nsito vehicular, debido a la cercan\u00eda con el Centro de Exposiciones y Centro de Convenciones de Olavarr\u00eda y su conexi\u00f3n con distintos puntos de la planta urbana de la ciudad.<\/p>\n<p>Cabe destacar que la pavimentaci\u00f3n en Avda. Pueyrred\u00f3n fue uno de los compromisos asumidos por el intendente Ezequiel Galli, que se ve concretado con el avance de la obra.<\/p>\n<p>La obra permitir\u00e1 mejorar las condiciones de transitabilidad, accesibilidad y principalmente la seguridad vial, como as\u00ed tambi\u00e9n solucionar\u00e1 la evacuaci\u00f3n de agua, especialmente en per\u00edodo de lluvias intensas.<\/p>\n<p>De acuerdo a las especificaciones t\u00e9cnicas del pliego, la avenida tendr\u00e1 dos manos de circulaci\u00f3n de 6,50 metros de ancho cada una, con un separador central de 3,00 metros de ancho y el hormig\u00f3n ser\u00e1 de 0,18 metros de espesor, asentado sobre una base de tosca compactada de acuerdo a las especificaciones t\u00e9cnicas respectivas de 0,20 metros de espesor.<\/p>\n<p>Cabe recordar que la obra se licit\u00f3 en el mes de mayo, en el Palacio San Mart\u00edn de la Municipalidad, con la presencia de funcionarios municipales y representantes de las empresas oferentes. En la oportunidad, se hab\u00edan presentado cuatro empresas de nuestra ciudad para ejecutar la obra, resultando adjudicataria la firma Atak.<\/p>\n","protected":false},"excerpt":{"rendered":"<p>El intendente Galli recorri\u00f3 la obra de pavimentaci\u00f3n de Avda. Pueyrred\u00f3n, que se desarrolla entre&#8230;<\/p>\n","protected":false},"author":1,"featured_media":149871,"comment_status":"closed","ping_status":"closed","sticky":false,"template":"","format":"standard","meta":{"content-type":""},"categories":[27,64],"tags":[],"nelio_content":{"isAutoShareEnabled":false,"autoShareEndMode":"default","automationSources":{"useContentSentences":true,"useSocialTemplates":true,"useCustomSentences":false,"customSentences":[]},"followers":[1],"suggestedReferences":[],"includedReferences":[],"efiUrl":"","efiAlt":"","highlights":[]},"yoast_head":"<!-- This site is optimized with the Yoast SEO plugin v20.7 - https:\/\/yoast.com\/wordpress\/plugins\/seo\/ -->\n<title>El intendente Galli recorri\u00f3 la obra de pavimentaci\u00f3n de Avda. Pueyrred\u00f3n -<\/title>\n<meta name=\"robots\" content=\"index, follow, max-snippet:-1, max-image-preview:large, max-video-preview:-1\" \/>\n<link rel=\"canonical\" href=\"https:\/\/experienciadevida.com.ar\/portalurbano\/el-intendente-galli-recorrio-la-obra-de-pavimentacion-de-avda-pueyrredon\/\" \/>\n<meta property=\"og:locale\" content=\"es_ES\" \/>\n<meta property=\"og:type\" content=\"article\" \/>\n<meta property=\"og:title\" content=\"El intendente Galli recorri\u00f3 la obra de pavimentaci\u00f3n de Avda. Pueyrred\u00f3n -\" \/>\n<meta property=\"og:description\" content=\"El intendente Galli recorri\u00f3 la obra de pavimentaci\u00f3n de Avda. Pueyrred\u00f3n, que se desarrolla entre...\" \/>\n<meta property=\"og:url\" content=\"https:\/\/experienciadevida.com.ar\/portalurbano\/el-intendente-galli-recorrio-la-obra-de-pavimentacion-de-avda-pueyrredon\/\" \/>\n<meta property=\"article:publisher\" content=\"https:\/\/www.facebook.com\/Portal-Urbano-171542830093757\/\" \/>\n<meta property=\"article:published_time\" content=\"2021-08-10T14:38:20+00:00\" \/>\n<meta property=\"article:modified_time\" content=\"2021-08-10T14:38:55+00:00\" \/>\n<meta property=\"og:image\" content=\"https:\/\/experienciadevida.com.ar\/portalurbano\/wp-content\/uploads\/2021\/08\/El-intendente-Galli-recorrio-la.jpg\" \/>\n\t<meta property=\"og:image:width\" content=\"2560\" \/>\n\t<meta property=\"og:image:height\" content=\"1711\" \/>\n\t<meta property=\"og:image:type\" content=\"image\/jpeg\" \/>\n<meta name=\"author\" content=\"admpu17wp\" \/>\n<meta name=\"twitter:card\" content=\"summary_large_image\" \/>\n<meta name=\"twitter:creator\" content=\"@portalurbanook\" \/>\n<meta name=\"twitter:site\" content=\"@portalurbanook\" \/>\n<meta name=\"twitter:label1\" content=\"Escrito por\" \/>\n\t<meta name=\"twitter:data1\" content=\"admpu17wp\" \/>\n\t<meta name=\"twitter:label2\" content=\"Tiempo de lectura\" \/>\n\t<meta name=\"twitter:data2\" content=\"2 minutos\" \/>\n<script type=\"application\/ld+json\" class=\"yoast-schema-graph\">{\"@context\":\"https:\/\/schema.org\",\"@graph\":[{\"@type\":\"Article\",\"@id\":\"https:\/\/experienciadevida.com.ar\/portalurbano\/el-intendente-galli-recorrio-la-obra-de-pavimentacion-de-avda-pueyrredon\/#article\",\"isPartOf\":{\"@id\":\"https:\/\/experienciadevida.com.ar\/portalurbano\/el-intendente-galli-recorrio-la-obra-de-pavimentacion-de-avda-pueyrredon\/\"},\"author\":{\"name\":\"admpu17wp\",\"@id\":\"https:\/\/experienciadevida.com.ar\/portalurbano\/#\/schema\/person\/02dd326b1c4b056e9cc972486934a3a7\"},\"headline\":\"El intendente Galli recorri\u00f3 la obra de pavimentaci\u00f3n de Avda. Pueyrred\u00f3n\",\"datePublished\":\"2021-08-10T14:38:20+00:00\",\"dateModified\":\"2021-08-10T14:38:55+00:00\",\"mainEntityOfPage\":{\"@id\":\"https:\/\/experienciadevida.com.ar\/portalurbano\/el-intendente-galli-recorrio-la-obra-de-pavimentacion-de-avda-pueyrredon\/\"},\"wordCount\":381,\"publisher\":{\"@id\":\"https:\/\/experienciadevida.com.ar\/portalurbano\/#organization\"},\"articleSection\":[\"Ciudad\",\"Destacadas 2\"],\"inLanguage\":\"es\"},{\"@type\":\"WebPage\",\"@id\":\"https:\/\/experienciadevida.com.ar\/portalurbano\/el-intendente-galli-recorrio-la-obra-de-pavimentacion-de-avda-pueyrredon\/\",\"url\":\"https:\/\/experienciadevida.com.ar\/portalurbano\/el-intendente-galli-recorrio-la-obra-de-pavimentacion-de-avda-pueyrredon\/\",\"name\":\"El intendente Galli recorri\u00f3 la obra de pavimentaci\u00f3n de Avda. Pueyrred\u00f3n -\",\"isPartOf\":{\"@id\":\"https:\/\/experienciadevida.com.ar\/portalurbano\/#website\"},\"datePublished\":\"2021-08-10T14:38:20+00:00\",\"dateModified\":\"2021-08-10T14:38:55+00:00\",\"breadcrumb\":{\"@id\":\"https:\/\/experienciadevida.com.ar\/portalurbano\/el-intendente-galli-recorrio-la-obra-de-pavimentacion-de-avda-pueyrredon\/#breadcrumb\"},\"inLanguage\":\"es\",\"potentialAction\":[{\"@type\":\"ReadAction\",\"target\":[\"https:\/\/experienciadevida.com.ar\/portalurbano\/el-intendente-galli-recorrio-la-obra-de-pavimentacion-de-avda-pueyrredon\/\"]}]},{\"@type\":\"BreadcrumbList\",\"@id\":\"https:\/\/experienciadevida.com.ar\/portalurbano\/el-intendente-galli-recorrio-la-obra-de-pavimentacion-de-avda-pueyrredon\/#breadcrumb\",\"itemListElement\":[{\"@type\":\"ListItem\",\"position\":1,\"name\":\"Portada\",\"item\":\"https:\/\/experienciadevida.com.ar\/portalurbano\/\"},{\"@type\":\"ListItem\",\"position\":2,\"name\":\"El intendente Galli recorri\u00f3 la obra de pavimentaci\u00f3n de Avda. Pueyrred\u00f3n\"}]},{\"@type\":\"WebSite\",\"@id\":\"https:\/\/experienciadevida.com.ar\/portalurbano\/#website\",\"url\":\"https:\/\/experienciadevida.com.ar\/portalurbano\/\",\"name\":\"\",\"description\":\"\",\"publisher\":{\"@id\":\"https:\/\/experienciadevida.com.ar\/portalurbano\/#organization\"},\"potentialAction\":[{\"@type\":\"SearchAction\",\"target\":{\"@type\":\"EntryPoint\",\"urlTemplate\":\"https:\/\/experienciadevida.com.ar\/portalurbano\/?s={search_term_string}\"},\"query-input\":\"required name=search_term_string\"}],\"inLanguage\":\"es\"},{\"@type\":\"Organization\",\"@id\":\"https:\/\/experienciadevida.com.ar\/portalurbano\/#organization\",\"name\":\"Portal Urbano\",\"url\":\"https:\/\/experienciadevida.com.ar\/portalurbano\/\",\"logo\":{\"@type\":\"ImageObject\",\"inLanguage\":\"es\",\"@id\":\"https:\/\/experienciadevida.com.ar\/portalurbano\/#\/schema\/logo\/image\/\",\"url\":\"https:\/\/experienciadevida.com.ar\/portalurbano\/wp-content\/uploads\/2019\/09\/Logo-Original.png\",\"contentUrl\":\"https:\/\/experienciadevida.com.ar\/portalurbano\/wp-content\/uploads\/2019\/09\/Logo-Original.png\",\"width\":2236,\"height\":1216,\"caption\":\"Portal Urbano\"},\"image\":{\"@id\":\"https:\/\/experienciadevida.com.ar\/portalurbano\/#\/schema\/logo\/image\/\"},\"sameAs\":[\"https:\/\/www.facebook.com\/Portal-Urbano-171542830093757\/\",\"https:\/\/twitter.com\/portalurbanook\",\"https:\/\/www.instagram.com\/_portalurbano\/\",\"https:\/\/www.youtube.com\/channel\/UCXhagIfszH8KxFiOok79zbA?view_as=subscriber\"]},{\"@type\":\"Person\",\"@id\":\"https:\/\/experienciadevida.com.ar\/portalurbano\/#\/schema\/person\/02dd326b1c4b056e9cc972486934a3a7\",\"name\":\"admpu17wp\",\"image\":{\"@type\":\"ImageObject\",\"inLanguage\":\"es\",\"@id\":\"https:\/\/experienciadevida.com.ar\/portalurbano\/#\/schema\/person\/image\/\",\"url\":\"https:\/\/secure.gravatar.com\/avatar\/830d4c57adaae6630765e449a6908047?s=96&d=mm&r=g\",\"contentUrl\":\"https:\/\/secure.gravatar.com\/avatar\/830d4c57adaae6630765e449a6908047?s=96&d=mm&r=g\",\"caption\":\"admpu17wp\"}}]}<\/script>\n<!-- \/ Yoast SEO plugin. -->","yoast_head_json":{"title":"El intendente Galli recorri\u00f3 la obra de pavimentaci\u00f3n de Avda. Pueyrred\u00f3n -","robots":{"index":"index","follow":"follow","max-snippet":"max-snippet:-1","max-image-preview":"max-image-preview:large","max-video-preview":"max-video-preview:-1"},"canonical":"https:\/\/experienciadevida.com.ar\/portalurbano\/el-intendente-galli-recorrio-la-obra-de-pavimentacion-de-avda-pueyrredon\/","og_locale":"es_ES","og_type":"article","og_title":"El intendente Galli recorri\u00f3 la obra de pavimentaci\u00f3n de Avda. Pueyrred\u00f3n -","og_description":"El intendente Galli recorri\u00f3 la obra de pavimentaci\u00f3n de Avda. Pueyrred\u00f3n, que se desarrolla entre...","og_url":"https:\/\/experienciadevida.com.ar\/portalurbano\/el-intendente-galli-recorrio-la-obra-de-pavimentacion-de-avda-pueyrredon\/","article_publisher":"https:\/\/www.facebook.com\/Portal-Urbano-171542830093757\/","article_published_time":"2021-08-10T14:38:20+00:00","article_modified_time":"2021-08-10T14:38:55+00:00","og_image":[{"width":2560,"height":1711,"url":"https:\/\/experienciadevida.com.ar\/portalurbano\/wp-content\/uploads\/2021\/08\/El-intendente-Galli-recorrio-la.jpg","type":"image\/jpeg"}],"author":"admpu17wp","twitter_card":"summary_large_image","twitter_creator":"@portalurbanook","twitter_site":"@portalurbanook","twitter_misc":{"Escrito por":"admpu17wp","Tiempo de lectura":"2 minutos"},"schema":{"@context":"https:\/\/schema.org","@graph":[{"@type":"Article","@id":"https:\/\/experienciadevida.com.ar\/portalurbano\/el-intendente-galli-recorrio-la-obra-de-pavimentacion-de-avda-pueyrredon\/#article","isPartOf":{"@id":"https:\/\/experienciadevida.com.ar\/portalurbano\/el-intendente-galli-recorrio-la-obra-de-pavimentacion-de-avda-pueyrredon\/"},"author":{"name":"admpu17wp","@id":"https:\/\/experienciadevida.com.ar\/portalurbano\/#\/schema\/person\/02dd326b1c4b056e9cc972486934a3a7"},"headline":"El intendente Galli recorri\u00f3 la obra de pavimentaci\u00f3n de Avda. Pueyrred\u00f3n","datePublished":"2021-08-10T14:38:20+00:00","dateModified":"2021-08-10T14:38:55+00:00","mainEntityOfPage":{"@id":"https:\/\/experienciadevida.com.ar\/portalurbano\/el-intendente-galli-recorrio-la-obra-de-pavimentacion-de-avda-pueyrredon\/"},"wordCount":381,"publisher":{"@id":"https:\/\/experienciadevida.com.ar\/portalurbano\/#organization"},"articleSection":["Ciudad","Destacadas 2"],"inLanguage":"es"},{"@type":"WebPage","@id":"https:\/\/experienciadevida.com.ar\/portalurbano\/el-intendente-galli-recorrio-la-obra-de-pavimentacion-de-avda-pueyrredon\/","url":"https:\/\/experienciadevida.com.ar\/portalurbano\/el-intendente-galli-recorrio-la-obra-de-pavimentacion-de-avda-pueyrredon\/","name":"El intendente Galli recorri\u00f3 la obra de pavimentaci\u00f3n de Avda. Pueyrred\u00f3n -","isPartOf":{"@id":"https:\/\/experienciadevida.com.ar\/portalurbano\/#website"},"datePublished":"2021-08-10T14:38:20+00:00","dateModified":"2021-08-10T14:38:55+00:00","breadcrumb":{"@id":"https:\/\/experienciadevida.com.ar\/portalurbano\/el-intendente-galli-recorrio-la-obra-de-pavimentacion-de-avda-pueyrredon\/#breadcrumb"},"inLanguage":"es","potentialAction":[{"@type":"ReadAction","target":["https:\/\/experienciadevida.com.ar\/portalurbano\/el-intendente-galli-recorrio-la-obra-de-pavimentacion-de-avda-pueyrredon\/"]}]},{"@type":"BreadcrumbList","@id":"https:\/\/experienciadevida.com.ar\/portalurbano\/el-intendente-galli-recorrio-la-obra-de-pavimentacion-de-avda-pueyrredon\/#breadcrumb","itemListElement":[{"@type":"ListItem","position":1,"name":"Portada","item":"https:\/\/experienciadevida.com.ar\/portalurbano\/"},{"@type":"ListItem","position":2,"name":"El intendente Galli recorri\u00f3 la obra de pavimentaci\u00f3n de Avda. Pueyrred\u00f3n"}]},{"@type":"WebSite","@id":"https:\/\/experienciadevida.com.ar\/portalurbano\/#website","url":"https:\/\/experienciadevida.com.ar\/portalurbano\/","name":"","description":"","publisher":{"@id":"https:\/\/experienciadevida.com.ar\/portalurbano\/#organization"},"potentialAction":[{"@type":"SearchAction","target":{"@type":"EntryPoint","urlTemplate":"https:\/\/experienciadevida.com.ar\/portalurbano\/?s={search_term_string}"},"query-input":"required name=search_term_string"}],"inLanguage":"es"},{"@type":"Organization","@id":"https:\/\/experienciadevida.com.ar\/portalurbano\/#organization","name":"Portal Urbano","url":"https:\/\/experienciadevida.com.ar\/portalurbano\/","logo":{"@type":"ImageObject","inLanguage":"es","@id":"https:\/\/experienciadevida.com.ar\/portalurbano\/#\/schema\/logo\/image\/","url":"https:\/\/experienciadevida.com.ar\/portalurbano\/wp-content\/uploads\/2019\/09\/Logo-Original.png","contentUrl":"https:\/\/experienciadevida.com.ar\/portalurbano\/wp-content\/uploads\/2019\/09\/Logo-Original.png","width":2236,"height":1216,"caption":"Portal Urbano"},"image":{"@id":"https:\/\/experienciadevida.com.ar\/portalurbano\/#\/schema\/logo\/image\/"},"sameAs":["https:\/\/www.facebook.com\/Portal-Urbano-171542830093757\/","https:\/\/twitter.com\/portalurbanook","https:\/\/www.instagram.com\/_portalurbano\/","https:\/\/www.youtube.com\/channel\/UCXhagIfszH8KxFiOok79zbA?view_as=subscriber"]},{"@type":"Person","@id":"https:\/\/experienciadevida.com.ar\/portalurbano\/#\/schema\/person\/02dd326b1c4b056e9cc972486934a3a7","name":"admpu17wp","image":{"@type":"ImageObject","inLanguage":"es","@id":"https:\/\/experienciadevida.com.ar\/portalurbano\/#\/schema\/person\/image\/","url":"https:\/\/secure.gravatar.com\/avatar\/830d4c57adaae6630765e449a6908047?s=96&d=mm&r=g","contentUrl":"https:\/\/secure.gravatar.com\/avatar\/830d4c57adaae6630765e449a6908047?s=96&d=mm&r=g","caption":"admpu17wp"}}]}},"featured_image_urls":{"full":["https:\/\/experienciadevida.com.ar\/portalurbano\/wp-content\/uploads\/2021\/08\/El-intendente-Galli-recorrio-la.jpg",2560,1711,false],"thumbnail":["https:\/\/experienciadevida.com.ar\/portalurbano\/wp-content\/uploads\/2021\/08\/El-intendente-Galli-recorrio-la-150x150.jpg",150,150,true],"medium":["https:\/\/experienciadevida.com.ar\/portalurbano\/wp-content\/uploads\/2021\/08\/El-intendente-Galli-recorrio-la-300x201.jpg",300,201,true],"medium_large":["https:\/\/experienciadevida.com.ar\/portalurbano\/wp-content\/uploads\/2021\/08\/El-intendente-Galli-recorrio-la-768x513.jpg",640,428,true],"large":["https:\/\/experienciadevida.com.ar\/portalurbano\/wp-content\/uploads\/2021\/08\/El-intendente-Galli-recorrio-la-1024x684.jpg",640,428,true],"ug_big":["https:\/\/experienciadevida.com.ar\/portalurbano\/wp-content\/uploads\/2021\/08\/El-intendente-Galli-recorrio-la-768x513.jpg",768,513,true],"1536x1536":["https:\/\/experienciadevida.com.ar\/portalurbano\/wp-content\/uploads\/2021\/08\/El-intendente-Galli-recorrio-la-1536x1027.jpg",1536,1027,true],"2048x2048":["https:\/\/experienciadevida.com.ar\/portalurbano\/wp-content\/uploads\/2021\/08\/El-intendente-Galli-recorrio-la-2048x1369.jpg",2048,1369,true],"newsever-slider-full":["https:\/\/experienciadevida.com.ar\/portalurbano\/wp-content\/uploads\/2021\/08\/El-intendente-Galli-recorrio-la.jpg",1264,845,false],"newsever-featured":["https:\/\/experienciadevida.com.ar\/portalurbano\/wp-content\/uploads\/2021\/08\/El-intendente-Galli-recorrio-la.jpg",1024,684,false],"newsever-medium":["https:\/\/experienciadevida.com.ar\/portalurbano\/wp-content\/uploads\/2021\/08\/El-intendente-Galli-recorrio-la.jpg",711,475,false],"web-stories-poster-portrait":["https:\/\/experienciadevida.com.ar\/portalurbano\/wp-content\/uploads\/2021\/08\/El-intendente-Galli-recorrio-la.jpg",640,428,false],"web-stories-publisher-logo":["https:\/\/experienciadevida.com.ar\/portalurbano\/wp-content\/uploads\/2021\/08\/El-intendente-Galli-recorrio-la.jpg",96,64,false],"web-stories-thumbnail":["https:\/\/experienciadevida.com.ar\/portalurbano\/wp-content\/uploads\/2021\/08\/El-intendente-Galli-recorrio-la.jpg",150,100,false]},"author_info":{"display_name":"admpu17wp","author_link":"https:\/\/experienciadevida.com.ar\/portalurbano\/author\/admpu17wp\/"},"category_info":"<a href=\"https:\/\/experienciadevida.com.ar\/portalurbano\/category\/ciudad\/\" rel=\"category tag\">Ciudad<\/a> <a href=\"https:\/\/experienciadevida.com.ar\/portalurbano\/category\/destacadas-2\/\" rel=\"category tag\">Destacadas 2<\/a>","tag_info":"Destacadas 2","comment_count":"0","amp_enabled":true,"_links":{"self":[{"href":"https:\/\/experienciadevida.com.ar\/portalurbano\/wp-json\/wp\/v2\/posts\/149870"}],"collection":[{"href":"https:\/\/experienciadevida.com.ar\/portalurbano\/wp-json\/wp\/v2\/posts"}],"about":[{"href":"https:\/\/experienciadevida.com.ar\/portalurbano\/wp-json\/wp\/v2\/types\/post"}],"author":[{"embeddable":true,"href":"https:\/\/experienciadevida.com.ar\/portalurbano\/wp-json\/wp\/v2\/users\/1"}],"replies":[{"embeddable":true,"href":"https:\/\/experienciadevida.com.ar\/portalurbano\/wp-json\/wp\/v2\/comments?post=149870"}],"version-history":[{"count":2,"href":"https:\/\/experienciadevida.com.ar\/portalurbano\/wp-json\/wp\/v2\/posts\/149870\/revisions"}],"predecessor-version":[{"id":149873,"href":"https:\/\/experienciadevida.com.ar\/portalurbano\/wp-json\/wp\/v2\/posts\/149870\/revisions\/149873"}],"wp:featuredmedia":[{"embeddable":true,"href":"https:\/\/experienciadevida.com.ar\/portalurbano\/wp-json\/wp\/v2\/media\/149871"}],"wp:attachment":[{"href":"https:\/\/experienciadevida.com.ar\/portalurbano\/wp-json\/wp\/v2\/media?parent=149870"}],"wp:term":[{"taxonomy":"category","embeddable":true,"href":"https:\/\/experienciadevida.com.ar\/portalurbano\/wp-json\/wp\/v2\/categories?post=149870"},{"taxonomy":"post_tag","embeddable":true,"href":"https:\/\/experienciadevida.com.ar\/portalurbano\/wp-json\/wp\/v2\/tags?post=149870"}],"curies":[{"name":"wp","href":"https:\/\/api.w.org\/{rel}","templated":true}]}}