{"id":149772,"date":"2021-08-09T16:38:06","date_gmt":"2021-08-09T19:38:06","guid":{"rendered":"https:\/\/experienciadevida.com.ar\/portalurbano\/?p=149772"},"modified":"2021-08-09T16:43:04","modified_gmt":"2021-08-09T19:43:04","slug":"el-frente-de-todos-presenta-este-martes-la-lista-de-candidatos-que-encabeza-maxi-wesner","status":"publish","type":"post","link":"https:\/\/experienciadevida.com.ar\/portalurbano\/el-frente-de-todos-presenta-este-martes-la-lista-de-candidatos-que-encabeza-maxi-wesner\/","title":{"rendered":"El Frente de Todos presenta este martes la lista de candidatos que encabeza Maxi Wesner"},"content":{"rendered":"<p>El \u201cFrente de Todos\u201d presenta este martes la lista de candidatos que encabeza Maxi <a href=\"https:\/\/www.facebook.com\/Maximiliano-Wesner-112197630546124\">Wesner<\/a>, a partir de las 18 horas desde una trasmisi\u00f3n que se podr\u00e1 seguir a trav\u00e9s de sus redes sociales. La presentaci\u00f3n ser\u00e1 encabezada por el contador p\u00fablico y titular de ANSES local, candidato a primer concejal en la lista del Frente de Todos.<\/p>\n<p>&#8220;La actual situaci\u00f3n epidemiol\u00f3gica hace imposible la realizaci\u00f3n de grandes actos, por eso desde el Frente de Todos realizaremos la presentaci\u00f3n de la lista que competir\u00e1 en nuestra ciudad v\u00eda streaming&#8221;, aseguraron desde el espacio y compartieron un evento en redes sociales para el seguimiento de la presentaci\u00f3n a trav\u00e9s de Youtube y Facebook Live del @frentedetodosolavarria.<\/p>\n<p>De esta manera, con la consigna \u201cla vida que queremos est\u00e1 en la Olavarr\u00eda que queremos\u201d se presentar\u00e1n en forma p\u00fablica los candidatos y candidatas del Frente de Todos en la ciudad, encabezada por los candidatos a concejales Maximiliano Wesner, Natalia \u00c1lvarez, Gaston <a href=\"https:\/\/www.instagram.com\/gastonsarachu\/?hl=es-la\">Sarachu<\/a> y Telma <a href=\"https:\/\/www.instagram.com\/telmacazot\/?hl=es-la\">Cazot<\/a>; mientras que Ariel Rodr\u00edguez y Mariana Mart\u00ednez encabezan la n\u00f3mina al Consejo Escolar.<\/p>\n<p>El \u201cFrente de Todos\u201d presenta este martes la lista de candidatos que encabeza Maxi Wesner, Al mismo tiempo, la lista seccional de senadores provinciales es encabezada por el ex intendente de Bol\u00edvar, Eduardo \u201cBali\u201d Bucca, la diputada Liliana Schwindt y el subsecretario de Miner\u00eda de la provincia, Federico Aguilera.<\/p>\n<p>\u201cQueremos una Olavarr\u00eda que acompa\u00f1e la reconstrucci\u00f3n de la provincia de Buenos Aires y de la Argentina\u201d, asegur\u00f3 Maximiliano Wesner como cabeza de lista del Frente de Todos.<\/p>\n","protected":false},"excerpt":{"rendered":"<p>El \u201cFrente de Todos\u201d presenta este martes la lista de candidatos que encabeza Maxi Wesner,&#8230;<\/p>\n","protected":false},"author":1,"featured_media":149773,"comment_status":"closed","ping_status":"closed","sticky":false,"template":"","format":"standard","meta":{"content-type":""},"categories":[64,43],"tags":[],"nelio_content":{"isAutoShareEnabled":false,"autoShareEndMode":"default","automationSources":{"useContentSentences":true,"useSocialTemplates":true,"useCustomSentences":false,"customSentences":[]},"followers":[1],"suggestedReferences":[],"includedReferences":["https:\/\/www.instagram.com\/gastonsarachu\/?hl=es-la"],"efiUrl":"","efiAlt":"","highlights":[]},"yoast_head":"<!-- This site is optimized with the Yoast SEO plugin v20.7 - https:\/\/yoast.com\/wordpress\/plugins\/seo\/ -->\n<title>El Frente de Todos presenta este martes la lista de candidatos<\/title>\n<meta name=\"description\" content=\"El \u201cFrente de Todos\u201d presenta este martes la lista de candidatos que encabeza Maxi Wesner, a partir de las 18 horas desde una trasmisi\u00f3n\" \/>\n<meta name=\"robots\" content=\"index, follow, max-snippet:-1, max-image-preview:large, max-video-preview:-1\" \/>\n<link rel=\"canonical\" href=\"https:\/\/experienciadevida.com.ar\/portalurbano\/el-frente-de-todos-presenta-este-martes-la-lista-de-candidatos-que-encabeza-maxi-wesner\/\" \/>\n<meta property=\"og:locale\" content=\"es_ES\" \/>\n<meta property=\"og:type\" content=\"article\" \/>\n<meta property=\"og:title\" content=\"El Frente de Todos presenta este martes la lista de candidatos\" \/>\n<meta property=\"og:description\" content=\"El \u201cFrente de Todos\u201d presenta este martes la lista de candidatos que encabeza Maxi Wesner, a partir de las 18 horas desde una trasmisi\u00f3n\" \/>\n<meta property=\"og:url\" content=\"https:\/\/experienciadevida.com.ar\/portalurbano\/el-frente-de-todos-presenta-este-martes-la-lista-de-candidatos-que-encabeza-maxi-wesner\/\" \/>\n<meta property=\"article:publisher\" content=\"https:\/\/www.facebook.com\/Portal-Urbano-171542830093757\/\" \/>\n<meta property=\"article:published_time\" content=\"2021-08-09T19:38:06+00:00\" \/>\n<meta property=\"article:modified_time\" content=\"2021-08-09T19:43:04+00:00\" \/>\n<meta property=\"og:image\" content=\"https:\/\/experienciadevida.com.ar\/portalurbano\/wp-content\/uploads\/2021\/08\/El-Frente-de-Todos-presenta.jpg\" \/>\n\t<meta property=\"og:image:width\" content=\"765\" \/>\n\t<meta property=\"og:image:height\" content=\"510\" \/>\n\t<meta property=\"og:image:type\" content=\"image\/jpeg\" \/>\n<meta name=\"author\" content=\"admpu17wp\" \/>\n<meta name=\"twitter:card\" content=\"summary_large_image\" \/>\n<meta name=\"twitter:creator\" content=\"@portalurbanook\" \/>\n<meta name=\"twitter:site\" content=\"@portalurbanook\" \/>\n<meta name=\"twitter:label1\" content=\"Escrito por\" \/>\n\t<meta name=\"twitter:data1\" content=\"admpu17wp\" \/>\n\t<meta name=\"twitter:label2\" content=\"Tiempo de lectura\" \/>\n\t<meta name=\"twitter:data2\" content=\"2 minutos\" \/>\n<script type=\"application\/ld+json\" class=\"yoast-schema-graph\">{\"@context\":\"https:\/\/schema.org\",\"@graph\":[{\"@type\":\"Article\",\"@id\":\"https:\/\/experienciadevida.com.ar\/portalurbano\/el-frente-de-todos-presenta-este-martes-la-lista-de-candidatos-que-encabeza-maxi-wesner\/#article\",\"isPartOf\":{\"@id\":\"https:\/\/experienciadevida.com.ar\/portalurbano\/el-frente-de-todos-presenta-este-martes-la-lista-de-candidatos-que-encabeza-maxi-wesner\/\"},\"author\":{\"name\":\"admpu17wp\",\"@id\":\"https:\/\/experienciadevida.com.ar\/portalurbano\/#\/schema\/person\/02dd326b1c4b056e9cc972486934a3a7\"},\"headline\":\"El Frente de Todos presenta este martes la lista de candidatos que encabeza Maxi Wesner\",\"datePublished\":\"2021-08-09T19:38:06+00:00\",\"dateModified\":\"2021-08-09T19:43:04+00:00\",\"mainEntityOfPage\":{\"@id\":\"https:\/\/experienciadevida.com.ar\/portalurbano\/el-frente-de-todos-presenta-este-martes-la-lista-de-candidatos-que-encabeza-maxi-wesner\/\"},\"wordCount\":288,\"publisher\":{\"@id\":\"https:\/\/experienciadevida.com.ar\/portalurbano\/#organization\"},\"articleSection\":[\"Destacadas 2\",\"Pol\u00edtica\"],\"inLanguage\":\"es\"},{\"@type\":\"WebPage\",\"@id\":\"https:\/\/experienciadevida.com.ar\/portalurbano\/el-frente-de-todos-presenta-este-martes-la-lista-de-candidatos-que-encabeza-maxi-wesner\/\",\"url\":\"https:\/\/experienciadevida.com.ar\/portalurbano\/el-frente-de-todos-presenta-este-martes-la-lista-de-candidatos-que-encabeza-maxi-wesner\/\",\"name\":\"El Frente de Todos presenta este martes la lista de candidatos\",\"isPartOf\":{\"@id\":\"https:\/\/experienciadevida.com.ar\/portalurbano\/#website\"},\"datePublished\":\"2021-08-09T19:38:06+00:00\",\"dateModified\":\"2021-08-09T19:43:04+00:00\",\"description\":\"El \u201cFrente de Todos\u201d presenta este martes la lista de candidatos que encabeza Maxi Wesner, a partir de las 18 horas desde una trasmisi\u00f3n\",\"breadcrumb\":{\"@id\":\"https:\/\/experienciadevida.com.ar\/portalurbano\/el-frente-de-todos-presenta-este-martes-la-lista-de-candidatos-que-encabeza-maxi-wesner\/#breadcrumb\"},\"inLanguage\":\"es\",\"potentialAction\":[{\"@type\":\"ReadAction\",\"target\":[\"https:\/\/experienciadevida.com.ar\/portalurbano\/el-frente-de-todos-presenta-este-martes-la-lista-de-candidatos-que-encabeza-maxi-wesner\/\"]}]},{\"@type\":\"BreadcrumbList\",\"@id\":\"https:\/\/experienciadevida.com.ar\/portalurbano\/el-frente-de-todos-presenta-este-martes-la-lista-de-candidatos-que-encabeza-maxi-wesner\/#breadcrumb\",\"itemListElement\":[{\"@type\":\"ListItem\",\"position\":1,\"name\":\"Portada\",\"item\":\"https:\/\/experienciadevida.com.ar\/portalurbano\/\"},{\"@type\":\"ListItem\",\"position\":2,\"name\":\"El Frente de Todos presenta este martes la lista de candidatos que encabeza Maxi Wesner\"}]},{\"@type\":\"WebSite\",\"@id\":\"https:\/\/experienciadevida.com.ar\/portalurbano\/#website\",\"url\":\"https:\/\/experienciadevida.com.ar\/portalurbano\/\",\"name\":\"\",\"description\":\"\",\"publisher\":{\"@id\":\"https:\/\/experienciadevida.com.ar\/portalurbano\/#organization\"},\"potentialAction\":[{\"@type\":\"SearchAction\",\"target\":{\"@type\":\"EntryPoint\",\"urlTemplate\":\"https:\/\/experienciadevida.com.ar\/portalurbano\/?s={search_term_string}\"},\"query-input\":\"required name=search_term_string\"}],\"inLanguage\":\"es\"},{\"@type\":\"Organization\",\"@id\":\"https:\/\/experienciadevida.com.ar\/portalurbano\/#organization\",\"name\":\"Portal Urbano\",\"url\":\"https:\/\/experienciadevida.com.ar\/portalurbano\/\",\"logo\":{\"@type\":\"ImageObject\",\"inLanguage\":\"es\",\"@id\":\"https:\/\/experienciadevida.com.ar\/portalurbano\/#\/schema\/logo\/image\/\",\"url\":\"https:\/\/experienciadevida.com.ar\/portalurbano\/wp-content\/uploads\/2019\/09\/Logo-Original.png\",\"contentUrl\":\"https:\/\/experienciadevida.com.ar\/portalurbano\/wp-content\/uploads\/2019\/09\/Logo-Original.png\",\"width\":2236,\"height\":1216,\"caption\":\"Portal Urbano\"},\"image\":{\"@id\":\"https:\/\/experienciadevida.com.ar\/portalurbano\/#\/schema\/logo\/image\/\"},\"sameAs\":[\"https:\/\/www.facebook.com\/Portal-Urbano-171542830093757\/\",\"https:\/\/twitter.com\/portalurbanook\",\"https:\/\/www.instagram.com\/_portalurbano\/\",\"https:\/\/www.youtube.com\/channel\/UCXhagIfszH8KxFiOok79zbA?view_as=subscriber\"]},{\"@type\":\"Person\",\"@id\":\"https:\/\/experienciadevida.com.ar\/portalurbano\/#\/schema\/person\/02dd326b1c4b056e9cc972486934a3a7\",\"name\":\"admpu17wp\",\"image\":{\"@type\":\"ImageObject\",\"inLanguage\":\"es\",\"@id\":\"https:\/\/experienciadevida.com.ar\/portalurbano\/#\/schema\/person\/image\/\",\"url\":\"https:\/\/secure.gravatar.com\/avatar\/830d4c57adaae6630765e449a6908047?s=96&d=mm&r=g\",\"contentUrl\":\"https:\/\/secure.gravatar.com\/avatar\/830d4c57adaae6630765e449a6908047?s=96&d=mm&r=g\",\"caption\":\"admpu17wp\"}}]}<\/script>\n<!-- \/ Yoast SEO plugin. -->","yoast_head_json":{"title":"El Frente de Todos presenta este martes la lista de candidatos","description":"El \u201cFrente de Todos\u201d presenta este martes la lista de candidatos que encabeza Maxi Wesner, a partir de las 18 horas desde una trasmisi\u00f3n","robots":{"index":"index","follow":"follow","max-snippet":"max-snippet:-1","max-image-preview":"max-image-preview:large","max-video-preview":"max-video-preview:-1"},"canonical":"https:\/\/experienciadevida.com.ar\/portalurbano\/el-frente-de-todos-presenta-este-martes-la-lista-de-candidatos-que-encabeza-maxi-wesner\/","og_locale":"es_ES","og_type":"article","og_title":"El Frente de Todos presenta este martes la lista de candidatos","og_description":"El \u201cFrente de Todos\u201d presenta este martes la lista de candidatos que encabeza Maxi Wesner, a partir de las 18 horas desde una trasmisi\u00f3n","og_url":"https:\/\/experienciadevida.com.ar\/portalurbano\/el-frente-de-todos-presenta-este-martes-la-lista-de-candidatos-que-encabeza-maxi-wesner\/","article_publisher":"https:\/\/www.facebook.com\/Portal-Urbano-171542830093757\/","article_published_time":"2021-08-09T19:38:06+00:00","article_modified_time":"2021-08-09T19:43:04+00:00","og_image":[{"width":765,"height":510,"url":"https:\/\/experienciadevida.com.ar\/portalurbano\/wp-content\/uploads\/2021\/08\/El-Frente-de-Todos-presenta.jpg","type":"image\/jpeg"}],"author":"admpu17wp","twitter_card":"summary_large_image","twitter_creator":"@portalurbanook","twitter_site":"@portalurbanook","twitter_misc":{"Escrito por":"admpu17wp","Tiempo de lectura":"2 minutos"},"schema":{"@context":"https:\/\/schema.org","@graph":[{"@type":"Article","@id":"https:\/\/experienciadevida.com.ar\/portalurbano\/el-frente-de-todos-presenta-este-martes-la-lista-de-candidatos-que-encabeza-maxi-wesner\/#article","isPartOf":{"@id":"https:\/\/experienciadevida.com.ar\/portalurbano\/el-frente-de-todos-presenta-este-martes-la-lista-de-candidatos-que-encabeza-maxi-wesner\/"},"author":{"name":"admpu17wp","@id":"https:\/\/experienciadevida.com.ar\/portalurbano\/#\/schema\/person\/02dd326b1c4b056e9cc972486934a3a7"},"headline":"El Frente de Todos presenta este martes la lista de candidatos que encabeza Maxi Wesner","datePublished":"2021-08-09T19:38:06+00:00","dateModified":"2021-08-09T19:43:04+00:00","mainEntityOfPage":{"@id":"https:\/\/experienciadevida.com.ar\/portalurbano\/el-frente-de-todos-presenta-este-martes-la-lista-de-candidatos-que-encabeza-maxi-wesner\/"},"wordCount":288,"publisher":{"@id":"https:\/\/experienciadevida.com.ar\/portalurbano\/#organization"},"articleSection":["Destacadas 2","Pol\u00edtica"],"inLanguage":"es"},{"@type":"WebPage","@id":"https:\/\/experienciadevida.com.ar\/portalurbano\/el-frente-de-todos-presenta-este-martes-la-lista-de-candidatos-que-encabeza-maxi-wesner\/","url":"https:\/\/experienciadevida.com.ar\/portalurbano\/el-frente-de-todos-presenta-este-martes-la-lista-de-candidatos-que-encabeza-maxi-wesner\/","name":"El Frente de Todos presenta este martes la lista de candidatos","isPartOf":{"@id":"https:\/\/experienciadevida.com.ar\/portalurbano\/#website"},"datePublished":"2021-08-09T19:38:06+00:00","dateModified":"2021-08-09T19:43:04+00:00","description":"El \u201cFrente de Todos\u201d presenta este martes la lista de candidatos que encabeza Maxi Wesner, a partir de las 18 horas desde una trasmisi\u00f3n","breadcrumb":{"@id":"https:\/\/experienciadevida.com.ar\/portalurbano\/el-frente-de-todos-presenta-este-martes-la-lista-de-candidatos-que-encabeza-maxi-wesner\/#breadcrumb"},"inLanguage":"es","potentialAction":[{"@type":"ReadAction","target":["https:\/\/experienciadevida.com.ar\/portalurbano\/el-frente-de-todos-presenta-este-martes-la-lista-de-candidatos-que-encabeza-maxi-wesner\/"]}]},{"@type":"BreadcrumbList","@id":"https:\/\/experienciadevida.com.ar\/portalurbano\/el-frente-de-todos-presenta-este-martes-la-lista-de-candidatos-que-encabeza-maxi-wesner\/#breadcrumb","itemListElement":[{"@type":"ListItem","position":1,"name":"Portada","item":"https:\/\/experienciadevida.com.ar\/portalurbano\/"},{"@type":"ListItem","position":2,"name":"El Frente de Todos presenta este martes la lista de candidatos que encabeza Maxi Wesner"}]},{"@type":"WebSite","@id":"https:\/\/experienciadevida.com.ar\/portalurbano\/#website","url":"https:\/\/experienciadevida.com.ar\/portalurbano\/","name":"","description":"","publisher":{"@id":"https:\/\/experienciadevida.com.ar\/portalurbano\/#organization"},"potentialAction":[{"@type":"SearchAction","target":{"@type":"EntryPoint","urlTemplate":"https:\/\/experienciadevida.com.ar\/portalurbano\/?s={search_term_string}"},"query-input":"required name=search_term_string"}],"inLanguage":"es"},{"@type":"Organization","@id":"https:\/\/experienciadevida.com.ar\/portalurbano\/#organization","name":"Portal Urbano","url":"https:\/\/experienciadevida.com.ar\/portalurbano\/","logo":{"@type":"ImageObject","inLanguage":"es","@id":"https:\/\/experienciadevida.com.ar\/portalurbano\/#\/schema\/logo\/image\/","url":"https:\/\/experienciadevida.com.ar\/portalurbano\/wp-content\/uploads\/2019\/09\/Logo-Original.png","contentUrl":"https:\/\/experienciadevida.com.ar\/portalurbano\/wp-content\/uploads\/2019\/09\/Logo-Original.png","width":2236,"height":1216,"caption":"Portal Urbano"},"image":{"@id":"https:\/\/experienciadevida.com.ar\/portalurbano\/#\/schema\/logo\/image\/"},"sameAs":["https:\/\/www.facebook.com\/Portal-Urbano-171542830093757\/","https:\/\/twitter.com\/portalurbanook","https:\/\/www.instagram.com\/_portalurbano\/","https:\/\/www.youtube.com\/channel\/UCXhagIfszH8KxFiOok79zbA?view_as=subscriber"]},{"@type":"Person","@id":"https:\/\/experienciadevida.com.ar\/portalurbano\/#\/schema\/person\/02dd326b1c4b056e9cc972486934a3a7","name":"admpu17wp","image":{"@type":"ImageObject","inLanguage":"es","@id":"https:\/\/experienciadevida.com.ar\/portalurbano\/#\/schema\/person\/image\/","url":"https:\/\/secure.gravatar.com\/avatar\/830d4c57adaae6630765e449a6908047?s=96&d=mm&r=g","contentUrl":"https:\/\/secure.gravatar.com\/avatar\/830d4c57adaae6630765e449a6908047?s=96&d=mm&r=g","caption":"admpu17wp"}}]}},"featured_image_urls":{"full":["https:\/\/experienciadevida.com.ar\/portalurbano\/wp-content\/uploads\/2021\/08\/El-Frente-de-Todos-presenta.jpg",765,510,false],"thumbnail":["https:\/\/experienciadevida.com.ar\/portalurbano\/wp-content\/uploads\/2021\/08\/El-Frente-de-Todos-presenta-150x150.jpg",150,150,true],"medium":["https:\/\/experienciadevida.com.ar\/portalurbano\/wp-content\/uploads\/2021\/08\/El-Frente-de-Todos-presenta-300x200.jpg",300,200,true],"medium_large":["https:\/\/experienciadevida.com.ar\/portalurbano\/wp-content\/uploads\/2021\/08\/El-Frente-de-Todos-presenta.jpg",640,427,false],"large":["https:\/\/experienciadevida.com.ar\/portalurbano\/wp-content\/uploads\/2021\/08\/El-Frente-de-Todos-presenta.jpg",640,427,false],"ug_big":["https:\/\/experienciadevida.com.ar\/portalurbano\/wp-content\/uploads\/2021\/08\/El-Frente-de-Todos-presenta.jpg",765,510,false],"1536x1536":["https:\/\/experienciadevida.com.ar\/portalurbano\/wp-content\/uploads\/2021\/08\/El-Frente-de-Todos-presenta.jpg",765,510,false],"2048x2048":["https:\/\/experienciadevida.com.ar\/portalurbano\/wp-content\/uploads\/2021\/08\/El-Frente-de-Todos-presenta.jpg",765,510,false],"newsever-slider-full":["https:\/\/experienciadevida.com.ar\/portalurbano\/wp-content\/uploads\/2021\/08\/El-Frente-de-Todos-presenta.jpg",765,510,false],"newsever-featured":["https:\/\/experienciadevida.com.ar\/portalurbano\/wp-content\/uploads\/2021\/08\/El-Frente-de-Todos-presenta.jpg",765,510,false],"newsever-medium":["https:\/\/experienciadevida.com.ar\/portalurbano\/wp-content\/uploads\/2021\/08\/El-Frente-de-Todos-presenta.jpg",713,475,false],"web-stories-poster-portrait":["https:\/\/experienciadevida.com.ar\/portalurbano\/wp-content\/uploads\/2021\/08\/El-Frente-de-Todos-presenta.jpg",640,427,false],"web-stories-publisher-logo":["https:\/\/experienciadevida.com.ar\/portalurbano\/wp-content\/uploads\/2021\/08\/El-Frente-de-Todos-presenta.jpg",96,64,false],"web-stories-thumbnail":["https:\/\/experienciadevida.com.ar\/portalurbano\/wp-content\/uploads\/2021\/08\/El-Frente-de-Todos-presenta.jpg",150,100,false]},"author_info":{"display_name":"admpu17wp","author_link":"https:\/\/experienciadevida.com.ar\/portalurbano\/author\/admpu17wp\/"},"category_info":"<a href=\"https:\/\/experienciadevida.com.ar\/portalurbano\/category\/destacadas-2\/\" rel=\"category tag\">Destacadas 2<\/a> <a href=\"https:\/\/experienciadevida.com.ar\/portalurbano\/category\/politica\/\" rel=\"category tag\">Pol\u00edtica<\/a>","tag_info":"Pol\u00edtica","comment_count":"0","amp_enabled":true,"_links":{"self":[{"href":"https:\/\/experienciadevida.com.ar\/portalurbano\/wp-json\/wp\/v2\/posts\/149772"}],"collection":[{"href":"https:\/\/experienciadevida.com.ar\/portalurbano\/wp-json\/wp\/v2\/posts"}],"about":[{"href":"https:\/\/experienciadevida.com.ar\/portalurbano\/wp-json\/wp\/v2\/types\/post"}],"author":[{"embeddable":true,"href":"https:\/\/experienciadevida.com.ar\/portalurbano\/wp-json\/wp\/v2\/users\/1"}],"replies":[{"embeddable":true,"href":"https:\/\/experienciadevida.com.ar\/portalurbano\/wp-json\/wp\/v2\/comments?post=149772"}],"version-history":[{"count":3,"href":"https:\/\/experienciadevida.com.ar\/portalurbano\/wp-json\/wp\/v2\/posts\/149772\/revisions"}],"predecessor-version":[{"id":149776,"href":"https:\/\/experienciadevida.com.ar\/portalurbano\/wp-json\/wp\/v2\/posts\/149772\/revisions\/149776"}],"wp:featuredmedia":[{"embeddable":true,"href":"https:\/\/experienciadevida.com.ar\/portalurbano\/wp-json\/wp\/v2\/media\/149773"}],"wp:attachment":[{"href":"https:\/\/experienciadevida.com.ar\/portalurbano\/wp-json\/wp\/v2\/media?parent=149772"}],"wp:term":[{"taxonomy":"category","embeddable":true,"href":"https:\/\/experienciadevida.com.ar\/portalurbano\/wp-json\/wp\/v2\/categories?post=149772"},{"taxonomy":"post_tag","embeddable":true,"href":"https:\/\/experienciadevida.com.ar\/portalurbano\/wp-json\/wp\/v2\/tags?post=149772"}],"curies":[{"name":"wp","href":"https:\/\/api.w.org\/{rel}","templated":true}]}}